{"id":26379,"date":"2023-07-19T10:30:58","date_gmt":"2023-07-19T10:30:58","guid":{"rendered":"https:\/\/cvinoticias.com\/v3\/?p=26379"},"modified":"2023-07-19T10:30:58","modified_gmt":"2023-07-19T10:30:58","slug":"un-bebe-de-21-dias-esta-internado-en-terapia-intensiva-en-chaco-por-ingerir-cocaina","status":"publish","type":"post","link":"https:\/\/cvinoticias.com\/v3\/un-bebe-de-21-dias-esta-internado-en-terapia-intensiva-en-chaco-por-ingerir-cocaina\/","title":{"rendered":"Un beb\u00e9 de 21 d\u00edas est\u00e1 internado en terapia intensiva en Chaco por ingerir coca\u00edna"},"content":{"rendered":"\n<p><strong><em>Creen que habr\u00eda consumido la droga a trav\u00e9s de la madre, cuando lo amamantaba. Su cuadro es cr\u00edtico.<\/em><\/strong><\/p>\n\n\n\n<p>Un beb\u00e9 de 21 d\u00edas fue internado en terapia intensiva en Resistencia, Chaco, luego que presentara dificultades para respirar. En los estudios preliminares, se supo que su cuadro era producto de la ingesta de coca\u00edna a trav\u00e9s de la leche materna.<\/p>\n\n\n\n<p>La madre del reci\u00e9n nacido llev\u00f3 el domingo a su hijo al Hospital Pedi\u00e1trico local, debido a que el peque\u00f1o se hab\u00eda descompensado en su casa y ten\u00eda problemas para respirar con normalidad. Ante esto, el beb\u00e9 fue derivado de urgencia al servicio de Neonatolog\u00eda del Hospital Perrando.<\/p>\n\n\n\n<p>De acuerdo al parte m\u00e9dico presentado el lunes, el ni\u00f1o sufre \u201cinsuficiencia respiratoria en asistencia mec\u00e1nica, s\u00edndrome de hipoxia, m\u00e1s test de coca\u00edna positivo, en estado cr\u00edtico\u201d.<\/p>\n\n\n\n<p>La directora del hospital, Nancy Trejo, indic\u00f3 a un medio local que el beb\u00e9 consumi\u00f3 coca\u00edna a trav\u00e9s de su madre, \u201cquien aparentemente consumi\u00f3 la droga y se la transmiti\u00f3 a su beb\u00e9 cuando lo amamantaba\u201d. De todos modos, a\u00fan no se comprob\u00f3 si esa fue la v\u00eda de la ingesta.<\/p>\n\n\n\n<p>Interviene en el caso la Fiscal\u00eda N\u00b03 de Resistencia, a cargo de la fiscal Rosana Beatriz Soto.<\/p>\n","protected":false},"excerpt":{"rendered":"<p>Creen que habr\u00eda consumido la droga a trav\u00e9s de la madre, cuando lo amamantaba. Su cuadro es cr\u00edtico. Un beb\u00e9 de 21 d\u00edas fue internado en terapia intensiva en Resistencia, Chaco, luego que presentara dificultades para respirar. En los estudios preliminares, se supo que su cuadro era producto de la ingesta de coca\u00edna a trav\u00e9s [&hellip;]<\/p>\n","protected":false},"author":2,"featured_media":26380,"comment_status":"open","ping_status":"open","sticky":false,"template":"","format":"standard","meta":{"footnotes":""},"categories":[39],"tags":[],"class_list":["post-26379","post","type-post","status-publish","format-standard","has-post-thumbnail","hentry","category-nacionales"],"yoast_head":"<!-- This site is optimized with the Yoast SEO plugin v27.5 - https:\/\/yoast.com\/product\/yoast-seo-wordpress\/ -->\n<title>Un beb\u00e9 de 21 d\u00edas est\u00e1 internado en terapia intensiva en Chaco por ingerir coca\u00edna | CVI NOTICIAS<\/title>\n<meta name=\"robots\" content=\"index, follow, max-snippet:-1, max-image-preview:large, max-video-preview:-1\" \/>\n<link rel=\"canonical\" href=\"https:\/\/cvinoticias.com\/v3\/un-bebe-de-21-dias-esta-internado-en-terapia-intensiva-en-chaco-por-ingerir-cocaina\/\" \/>\n<meta property=\"og:locale\" content=\"es_ES\" \/>\n<meta property=\"og:type\" content=\"article\" \/>\n<meta property=\"og:title\" content=\"Un beb\u00e9 de 21 d\u00edas est\u00e1 internado en terapia intensiva en Chaco por ingerir coca\u00edna | CVI NOTICIAS\" \/>\n<meta property=\"og:description\" content=\"Creen que habr\u00eda consumido la droga a trav\u00e9s de la madre, cuando lo amamantaba. Su cuadro es cr\u00edtico. Un beb\u00e9 de 21 d\u00edas fue internado en terapia intensiva en Resistencia, Chaco, luego que presentara dificultades para respirar. En los estudios preliminares, se supo que su cuadro era producto de la ingesta de coca\u00edna a trav\u00e9s [&hellip;]\" \/>\n<meta property=\"og:url\" content=\"https:\/\/cvinoticias.com\/v3\/un-bebe-de-21-dias-esta-internado-en-terapia-intensiva-en-chaco-por-ingerir-cocaina\/\" \/>\n<meta property=\"og:site_name\" content=\"CVI NOTICIAS\" \/>\n<meta property=\"article:publisher\" content=\"https:\/\/www.facebook.com\/cvinoticias\" \/>\n<meta property=\"article:published_time\" content=\"2023-07-19T10:30:58+00:00\" \/>\n<meta property=\"og:image\" content=\"https:\/\/cvinoticias.com\/wp-content\/uploads\/2023\/07\/c372f159263d99ca5d92cf25d4083e45_M.jpg\" \/>\n\t<meta property=\"og:image:width\" content=\"768\" \/>\n\t<meta property=\"og:image:height\" content=\"432\" \/>\n\t<meta property=\"og:image:type\" content=\"image\/jpeg\" \/>\n<meta name=\"author\" content=\"f1000024\" \/>\n<meta name=\"twitter:card\" content=\"summary_large_image\" \/>\n<meta name=\"twitter:label1\" content=\"Escrito por\" \/>\n\t<meta name=\"twitter:data1\" content=\"f1000024\" \/>\n\t<meta name=\"twitter:label2\" content=\"Tiempo de lectura\" \/>\n\t<meta name=\"twitter:data2\" content=\"1 minuto\" \/>\n<script type=\"application\/ld+json\" class=\"yoast-schema-graph\">{\"@context\":\"https:\\\/\\\/schema.org\",\"@graph\":[{\"@type\":\"Article\",\"@id\":\"https:\\\/\\\/cvinoticias.com\\\/v3\\\/un-bebe-de-21-dias-esta-internado-en-terapia-intensiva-en-chaco-por-ingerir-cocaina\\\/#article\",\"isPartOf\":{\"@id\":\"https:\\\/\\\/cvinoticias.com\\\/v3\\\/un-bebe-de-21-dias-esta-internado-en-terapia-intensiva-en-chaco-por-ingerir-cocaina\\\/\"},\"author\":{\"name\":\"f1000024\",\"@id\":\"https:\\\/\\\/cvinoticias.com\\\/v3\\\/#\\\/schema\\\/person\\\/2db77e3c6bc03c538495d7b2b8be9b66\"},\"headline\":\"Un beb\u00e9 de 21 d\u00edas est\u00e1 internado en terapia intensiva en Chaco por ingerir coca\u00edna\",\"datePublished\":\"2023-07-19T10:30:58+00:00\",\"mainEntityOfPage\":{\"@id\":\"https:\\\/\\\/cvinoticias.com\\\/v3\\\/un-bebe-de-21-dias-esta-internado-en-terapia-intensiva-en-chaco-por-ingerir-cocaina\\\/\"},\"wordCount\":241,\"commentCount\":0,\"publisher\":{\"@id\":\"https:\\\/\\\/cvinoticias.com\\\/v3\\\/#organization\"},\"image\":{\"@id\":\"https:\\\/\\\/cvinoticias.com\\\/v3\\\/un-bebe-de-21-dias-esta-internado-en-terapia-intensiva-en-chaco-por-ingerir-cocaina\\\/#primaryimage\"},\"thumbnailUrl\":\"https:\\\/\\\/cvinoticias.com\\\/wp-content\\\/uploads\\\/2023\\\/07\\\/c372f159263d99ca5d92cf25d4083e45_M.jpg\",\"articleSection\":[\"Nacionales\"],\"inLanguage\":\"es\",\"potentialAction\":[{\"@type\":\"CommentAction\",\"name\":\"Comment\",\"target\":[\"https:\\\/\\\/cvinoticias.com\\\/v3\\\/un-bebe-de-21-dias-esta-internado-en-terapia-intensiva-en-chaco-por-ingerir-cocaina\\\/#respond\"]}]},{\"@type\":\"WebPage\",\"@id\":\"https:\\\/\\\/cvinoticias.com\\\/v3\\\/un-bebe-de-21-dias-esta-internado-en-terapia-intensiva-en-chaco-por-ingerir-cocaina\\\/\",\"url\":\"https:\\\/\\\/cvinoticias.com\\\/v3\\\/un-bebe-de-21-dias-esta-internado-en-terapia-intensiva-en-chaco-por-ingerir-cocaina\\\/\",\"name\":\"Un beb\u00e9 de 21 d\u00edas est\u00e1 internado en terapia intensiva en Chaco por ingerir coca\u00edna | CVI NOTICIAS\",\"isPartOf\":{\"@id\":\"https:\\\/\\\/cvinoticias.com\\\/v3\\\/#website\"},\"primaryImageOfPage\":{\"@id\":\"https:\\\/\\\/cvinoticias.com\\\/v3\\\/un-bebe-de-21-dias-esta-internado-en-terapia-intensiva-en-chaco-por-ingerir-cocaina\\\/#primaryimage\"},\"image\":{\"@id\":\"https:\\\/\\\/cvinoticias.com\\\/v3\\\/un-bebe-de-21-dias-esta-internado-en-terapia-intensiva-en-chaco-por-ingerir-cocaina\\\/#primaryimage\"},\"thumbnailUrl\":\"https:\\\/\\\/cvinoticias.com\\\/wp-content\\\/uploads\\\/2023\\\/07\\\/c372f159263d99ca5d92cf25d4083e45_M.jpg\",\"datePublished\":\"2023-07-19T10:30:58+00:00\",\"breadcrumb\":{\"@id\":\"https:\\\/\\\/cvinoticias.com\\\/v3\\\/un-bebe-de-21-dias-esta-internado-en-terapia-intensiva-en-chaco-por-ingerir-cocaina\\\/#breadcrumb\"},\"inLanguage\":\"es\",\"potentialAction\":[{\"@type\":\"ReadAction\",\"target\":[\"https:\\\/\\\/cvinoticias.com\\\/v3\\\/un-bebe-de-21-dias-esta-internado-en-terapia-intensiva-en-chaco-por-ingerir-cocaina\\\/\"]}]},{\"@type\":\"ImageObject\",\"inLanguage\":\"es\",\"@id\":\"https:\\\/\\\/cvinoticias.com\\\/v3\\\/un-bebe-de-21-dias-esta-internado-en-terapia-intensiva-en-chaco-por-ingerir-cocaina\\\/#primaryimage\",\"url\":\"https:\\\/\\\/cvinoticias.com\\\/wp-content\\\/uploads\\\/2023\\\/07\\\/c372f159263d99ca5d92cf25d4083e45_M.jpg\",\"contentUrl\":\"https:\\\/\\\/cvinoticias.com\\\/wp-content\\\/uploads\\\/2023\\\/07\\\/c372f159263d99ca5d92cf25d4083e45_M.jpg\",\"width\":768,\"height\":432},{\"@type\":\"BreadcrumbList\",\"@id\":\"https:\\\/\\\/cvinoticias.com\\\/v3\\\/un-bebe-de-21-dias-esta-internado-en-terapia-intensiva-en-chaco-por-ingerir-cocaina\\\/#breadcrumb\",\"itemListElement\":[{\"@type\":\"ListItem\",\"position\":1,\"name\":\"Portada\",\"item\":\"https:\\\/\\\/cvinoticias.com\\\/v3\\\/\"},{\"@type\":\"ListItem\",\"position\":2,\"name\":\"Un beb\u00e9 de 21 d\u00edas est\u00e1 internado en terapia intensiva en Chaco por ingerir coca\u00edna\"}]},{\"@type\":\"WebSite\",\"@id\":\"https:\\\/\\\/cvinoticias.com\\\/v3\\\/#website\",\"url\":\"https:\\\/\\\/cvinoticias.com\\\/v3\\\/\",\"name\":\"CVI NOTICIAS\",\"description\":\"\",\"publisher\":{\"@id\":\"https:\\\/\\\/cvinoticias.com\\\/v3\\\/#organization\"},\"alternateName\":\"CVI\",\"potentialAction\":[{\"@type\":\"SearchAction\",\"target\":{\"@type\":\"EntryPoint\",\"urlTemplate\":\"https:\\\/\\\/cvinoticias.com\\\/v3\\\/?s={search_term_string}\"},\"query-input\":{\"@type\":\"PropertyValueSpecification\",\"valueRequired\":true,\"valueName\":\"search_term_string\"}}],\"inLanguage\":\"es\"},{\"@type\":\"Organization\",\"@id\":\"https:\\\/\\\/cvinoticias.com\\\/v3\\\/#organization\",\"name\":\"CVI NOTICIAS\",\"url\":\"https:\\\/\\\/cvinoticias.com\\\/v3\\\/\",\"logo\":{\"@type\":\"ImageObject\",\"inLanguage\":\"es\",\"@id\":\"https:\\\/\\\/cvinoticias.com\\\/v3\\\/#\\\/schema\\\/logo\\\/image\\\/\",\"url\":\"https:\\\/\\\/cvinoticias.com\\\/wp-content\\\/uploads\\\/2023\\\/04\\\/cropped-cropped-cropped-cropped-cropped-3-1.png\",\"contentUrl\":\"https:\\\/\\\/cvinoticias.com\\\/wp-content\\\/uploads\\\/2023\\\/04\\\/cropped-cropped-cropped-cropped-cropped-3-1.png\",\"width\":95,\"height\":122,\"caption\":\"CVI NOTICIAS\"},\"image\":{\"@id\":\"https:\\\/\\\/cvinoticias.com\\\/v3\\\/#\\\/schema\\\/logo\\\/image\\\/\"},\"sameAs\":[\"https:\\\/\\\/www.facebook.com\\\/cvinoticias\",\"https:\\\/\\\/www.instagram.com\\\/cvinoticias\\\/\",\"https:\\\/\\\/www.youtube.com\\\/@CVINOTICIAS\"]},{\"@type\":\"Person\",\"@id\":\"https:\\\/\\\/cvinoticias.com\\\/v3\\\/#\\\/schema\\\/person\\\/2db77e3c6bc03c538495d7b2b8be9b66\",\"name\":\"f1000024\",\"image\":{\"@type\":\"ImageObject\",\"inLanguage\":\"es\",\"@id\":\"https:\\\/\\\/secure.gravatar.com\\\/avatar\\\/d4fe7459cfc51ff5129ce1a732bbef5928568b8092d412ef95611616376bbeed?s=96&d=mm&r=g\",\"url\":\"https:\\\/\\\/secure.gravatar.com\\\/avatar\\\/d4fe7459cfc51ff5129ce1a732bbef5928568b8092d412ef95611616376bbeed?s=96&d=mm&r=g\",\"contentUrl\":\"https:\\\/\\\/secure.gravatar.com\\\/avatar\\\/d4fe7459cfc51ff5129ce1a732bbef5928568b8092d412ef95611616376bbeed?s=96&d=mm&r=g\",\"caption\":\"f1000024\"},\"url\":\"https:\\\/\\\/cvinoticias.com\\\/v3\\\/author\\\/f1000024\\\/\"}]}<\/script>\n<!-- \/ Yoast SEO plugin. -->","yoast_head_json":{"title":"Un beb\u00e9 de 21 d\u00edas est\u00e1 internado en terapia intensiva en Chaco por ingerir coca\u00edna | CVI NOTICIAS","robots":{"index":"index","follow":"follow","max-snippet":"max-snippet:-1","max-image-preview":"max-image-preview:large","max-video-preview":"max-video-preview:-1"},"canonical":"https:\/\/cvinoticias.com\/v3\/un-bebe-de-21-dias-esta-internado-en-terapia-intensiva-en-chaco-por-ingerir-cocaina\/","og_locale":"es_ES","og_type":"article","og_title":"Un beb\u00e9 de 21 d\u00edas est\u00e1 internado en terapia intensiva en Chaco por ingerir coca\u00edna | CVI NOTICIAS","og_description":"Creen que habr\u00eda consumido la droga a trav\u00e9s de la madre, cuando lo amamantaba. Su cuadro es cr\u00edtico. Un beb\u00e9 de 21 d\u00edas fue internado en terapia intensiva en Resistencia, Chaco, luego que presentara dificultades para respirar. En los estudios preliminares, se supo que su cuadro era producto de la ingesta de coca\u00edna a trav\u00e9s [&hellip;]","og_url":"https:\/\/cvinoticias.com\/v3\/un-bebe-de-21-dias-esta-internado-en-terapia-intensiva-en-chaco-por-ingerir-cocaina\/","og_site_name":"CVI NOTICIAS","article_publisher":"https:\/\/www.facebook.com\/cvinoticias","article_published_time":"2023-07-19T10:30:58+00:00","og_image":[{"width":768,"height":432,"url":"https:\/\/cvinoticias.com\/wp-content\/uploads\/2023\/07\/c372f159263d99ca5d92cf25d4083e45_M.jpg","type":"image\/jpeg"}],"author":"f1000024","twitter_card":"summary_large_image","twitter_misc":{"Escrito por":"f1000024","Tiempo de lectura":"1 minuto"},"schema":{"@context":"https:\/\/schema.org","@graph":[{"@type":"Article","@id":"https:\/\/cvinoticias.com\/v3\/un-bebe-de-21-dias-esta-internado-en-terapia-intensiva-en-chaco-por-ingerir-cocaina\/#article","isPartOf":{"@id":"https:\/\/cvinoticias.com\/v3\/un-bebe-de-21-dias-esta-internado-en-terapia-intensiva-en-chaco-por-ingerir-cocaina\/"},"author":{"name":"f1000024","@id":"https:\/\/cvinoticias.com\/v3\/#\/schema\/person\/2db77e3c6bc03c538495d7b2b8be9b66"},"headline":"Un beb\u00e9 de 21 d\u00edas est\u00e1 internado en terapia intensiva en Chaco por ingerir coca\u00edna","datePublished":"2023-07-19T10:30:58+00:00","mainEntityOfPage":{"@id":"https:\/\/cvinoticias.com\/v3\/un-bebe-de-21-dias-esta-internado-en-terapia-intensiva-en-chaco-por-ingerir-cocaina\/"},"wordCount":241,"commentCount":0,"publisher":{"@id":"https:\/\/cvinoticias.com\/v3\/#organization"},"image":{"@id":"https:\/\/cvinoticias.com\/v3\/un-bebe-de-21-dias-esta-internado-en-terapia-intensiva-en-chaco-por-ingerir-cocaina\/#primaryimage"},"thumbnailUrl":"https:\/\/cvinoticias.com\/wp-content\/uploads\/2023\/07\/c372f159263d99ca5d92cf25d4083e45_M.jpg","articleSection":["Nacionales"],"inLanguage":"es","potentialAction":[{"@type":"CommentAction","name":"Comment","target":["https:\/\/cvinoticias.com\/v3\/un-bebe-de-21-dias-esta-internado-en-terapia-intensiva-en-chaco-por-ingerir-cocaina\/#respond"]}]},{"@type":"WebPage","@id":"https:\/\/cvinoticias.com\/v3\/un-bebe-de-21-dias-esta-internado-en-terapia-intensiva-en-chaco-por-ingerir-cocaina\/","url":"https:\/\/cvinoticias.com\/v3\/un-bebe-de-21-dias-esta-internado-en-terapia-intensiva-en-chaco-por-ingerir-cocaina\/","name":"Un beb\u00e9 de 21 d\u00edas est\u00e1 internado en terapia intensiva en Chaco por ingerir coca\u00edna | CVI NOTICIAS","isPartOf":{"@id":"https:\/\/cvinoticias.com\/v3\/#website"},"primaryImageOfPage":{"@id":"https:\/\/cvinoticias.com\/v3\/un-bebe-de-21-dias-esta-internado-en-terapia-intensiva-en-chaco-por-ingerir-cocaina\/#primaryimage"},"image":{"@id":"https:\/\/cvinoticias.com\/v3\/un-bebe-de-21-dias-esta-internado-en-terapia-intensiva-en-chaco-por-ingerir-cocaina\/#primaryimage"},"thumbnailUrl":"https:\/\/cvinoticias.com\/wp-content\/uploads\/2023\/07\/c372f159263d99ca5d92cf25d4083e45_M.jpg","datePublished":"2023-07-19T10:30:58+00:00","breadcrumb":{"@id":"https:\/\/cvinoticias.com\/v3\/un-bebe-de-21-dias-esta-internado-en-terapia-intensiva-en-chaco-por-ingerir-cocaina\/#breadcrumb"},"inLanguage":"es","potentialAction":[{"@type":"ReadAction","target":["https:\/\/cvinoticias.com\/v3\/un-bebe-de-21-dias-esta-internado-en-terapia-intensiva-en-chaco-por-ingerir-cocaina\/"]}]},{"@type":"ImageObject","inLanguage":"es","@id":"https:\/\/cvinoticias.com\/v3\/un-bebe-de-21-dias-esta-internado-en-terapia-intensiva-en-chaco-por-ingerir-cocaina\/#primaryimage","url":"https:\/\/cvinoticias.com\/wp-content\/uploads\/2023\/07\/c372f159263d99ca5d92cf25d4083e45_M.jpg","contentUrl":"https:\/\/cvinoticias.com\/wp-content\/uploads\/2023\/07\/c372f159263d99ca5d92cf25d4083e45_M.jpg","width":768,"height":432},{"@type":"BreadcrumbList","@id":"https:\/\/cvinoticias.com\/v3\/un-bebe-de-21-dias-esta-internado-en-terapia-intensiva-en-chaco-por-ingerir-cocaina\/#breadcrumb","itemListElement":[{"@type":"ListItem","position":1,"name":"Portada","item":"https:\/\/cvinoticias.com\/v3\/"},{"@type":"ListItem","position":2,"name":"Un beb\u00e9 de 21 d\u00edas est\u00e1 internado en terapia intensiva en Chaco por ingerir coca\u00edna"}]},{"@type":"WebSite","@id":"https:\/\/cvinoticias.com\/v3\/#website","url":"https:\/\/cvinoticias.com\/v3\/","name":"CVI NOTICIAS","description":"","publisher":{"@id":"https:\/\/cvinoticias.com\/v3\/#organization"},"alternateName":"CVI","potentialAction":[{"@type":"SearchAction","target":{"@type":"EntryPoint","urlTemplate":"https:\/\/cvinoticias.com\/v3\/?s={search_term_string}"},"query-input":{"@type":"PropertyValueSpecification","valueRequired":true,"valueName":"search_term_string"}}],"inLanguage":"es"},{"@type":"Organization","@id":"https:\/\/cvinoticias.com\/v3\/#organization","name":"CVI NOTICIAS","url":"https:\/\/cvinoticias.com\/v3\/","logo":{"@type":"ImageObject","inLanguage":"es","@id":"https:\/\/cvinoticias.com\/v3\/#\/schema\/logo\/image\/","url":"https:\/\/cvinoticias.com\/wp-content\/uploads\/2023\/04\/cropped-cropped-cropped-cropped-cropped-3-1.png","contentUrl":"https:\/\/cvinoticias.com\/wp-content\/uploads\/2023\/04\/cropped-cropped-cropped-cropped-cropped-3-1.png","width":95,"height":122,"caption":"CVI NOTICIAS"},"image":{"@id":"https:\/\/cvinoticias.com\/v3\/#\/schema\/logo\/image\/"},"sameAs":["https:\/\/www.facebook.com\/cvinoticias","https:\/\/www.instagram.com\/cvinoticias\/","https:\/\/www.youtube.com\/@CVINOTICIAS"]},{"@type":"Person","@id":"https:\/\/cvinoticias.com\/v3\/#\/schema\/person\/2db77e3c6bc03c538495d7b2b8be9b66","name":"f1000024","image":{"@type":"ImageObject","inLanguage":"es","@id":"https:\/\/secure.gravatar.com\/avatar\/d4fe7459cfc51ff5129ce1a732bbef5928568b8092d412ef95611616376bbeed?s=96&d=mm&r=g","url":"https:\/\/secure.gravatar.com\/avatar\/d4fe7459cfc51ff5129ce1a732bbef5928568b8092d412ef95611616376bbeed?s=96&d=mm&r=g","contentUrl":"https:\/\/secure.gravatar.com\/avatar\/d4fe7459cfc51ff5129ce1a732bbef5928568b8092d412ef95611616376bbeed?s=96&d=mm&r=g","caption":"f1000024"},"url":"https:\/\/cvinoticias.com\/v3\/author\/f1000024\/"}]}},"_links":{"self":[{"href":"https:\/\/cvinoticias.com\/v3\/wp-json\/wp\/v2\/posts\/26379","targetHints":{"allow":["GET"]}}],"collection":[{"href":"https:\/\/cvinoticias.com\/v3\/wp-json\/wp\/v2\/posts"}],"about":[{"href":"https:\/\/cvinoticias.com\/v3\/wp-json\/wp\/v2\/types\/post"}],"author":[{"embeddable":true,"href":"https:\/\/cvinoticias.com\/v3\/wp-json\/wp\/v2\/users\/2"}],"replies":[{"embeddable":true,"href":"https:\/\/cvinoticias.com\/v3\/wp-json\/wp\/v2\/comments?post=26379"}],"version-history":[{"count":1,"href":"https:\/\/cvinoticias.com\/v3\/wp-json\/wp\/v2\/posts\/26379\/revisions"}],"predecessor-version":[{"id":26381,"href":"https:\/\/cvinoticias.com\/v3\/wp-json\/wp\/v2\/posts\/26379\/revisions\/26381"}],"wp:featuredmedia":[{"embeddable":true,"href":"https:\/\/cvinoticias.com\/v3\/wp-json\/wp\/v2\/media\/26380"}],"wp:attachment":[{"href":"https:\/\/cvinoticias.com\/v3\/wp-json\/wp\/v2\/media?parent=26379"}],"wp:term":[{"taxonomy":"category","embeddable":true,"href":"https:\/\/cvinoticias.com\/v3\/wp-json\/wp\/v2\/categories?post=26379"},{"taxonomy":"post_tag","embeddable":true,"href":"https:\/\/cvinoticias.com\/v3\/wp-json\/wp\/v2\/tags?post=26379"}],"curies":[{"name":"wp","href":"https:\/\/api.w.org\/{rel}","templated":true}]}}