{"id":26365,"date":"2023-07-18T12:06:22","date_gmt":"2023-07-18T12:06:22","guid":{"rendered":"https:\/\/cvinoticias.com\/v3\/?p=26365"},"modified":"2023-07-18T12:06:22","modified_gmt":"2023-07-18T12:06:22","slug":"a-29-anos-del-atentado-a-la-amia-renuevan-el-pedido-de-justicia-para-que-la-masacre-no-quede-impune","status":"publish","type":"post","link":"https:\/\/cvinoticias.com\/v3\/a-29-anos-del-atentado-a-la-amia-renuevan-el-pedido-de-justicia-para-que-la-masacre-no-quede-impune\/","title":{"rendered":"A 29 a\u00f1os del atentado a la AMIA, renuevan el pedido de justicia \u00abpara que la masacre no quede impune\u00bb"},"content":{"rendered":"\n<p><strong><em>Como todos los a\u00f1os se espera un acto para las 9:30 frente a la sede de la mutual que fue atacada en 1994 y que dej\u00f3 85 muertos y 300 heridos.<\/em><\/strong><\/p>\n\n\n\n<p>Al igual que todos los 18 de julio se renueva el pedido de justicia por el atentado a la AMIA que dej\u00f3 85 muertos y 300 heridos en 1994. Este martes se realizar\u00e1 un acto frente a la sede de la mutual atacada.<\/p>\n\n\n\n<p>A 29 a\u00f1os del ataque de Hezbol\u00e1 contra la Asociaci\u00f3n Mutual Israelita Argentina se realizar\u00e1 una concentraci\u00f3n sobre la calle Pasteur 633 a las 9:30 para que 9:53 suene la estremecedora sirena que recuerda el horario exacto del atentado.<\/p>\n\n\n\n<figure class=\"wp-block-image size-full\"><a href=\"https:\/\/cvinoticias.com\/wp-content\/uploads\/2023\/07\/amia-27-aniversario-1205370.jpg\"><img decoding=\"async\" width=\"900\" height=\"505\" data-src=\"https:\/\/cvinoticias.com\/wp-content\/uploads\/2023\/07\/amia-27-aniversario-1205370.jpg\" alt=\"\" class=\"wp-image-26367 lazyload\" data-srcset=\"https:\/\/cvinoticias.com\/wp-content\/uploads\/2023\/07\/amia-27-aniversario-1205370.jpg 900w, https:\/\/cvinoticias.com\/wp-content\/uploads\/2023\/07\/amia-27-aniversario-1205370-300x168.jpg 300w, https:\/\/cvinoticias.com\/wp-content\/uploads\/2023\/07\/amia-27-aniversario-1205370-768x431.jpg 768w\" data-sizes=\"(max-width: 900px) 100vw, 900px\" src=\"data:image\/svg+xml;base64,PHN2ZyB3aWR0aD0iMSIgaGVpZ2h0PSIxIiB4bWxucz0iaHR0cDovL3d3dy53My5vcmcvMjAwMC9zdmciPjwvc3ZnPg==\" style=\"--smush-placeholder-width: 900px; --smush-placeholder-aspect-ratio: 900\/505;\" \/><\/a><\/figure>\n\n\n\n<p>Bajo el lema \u00abJusticia ausente. Digamos presente\u00bb se buscar\u00e1 continuar con el reclamo y la lucha diaria de las v\u00edctimas y los sobrevivientes: \u00abCuando la justicia es lenta e ineficiente, la impunidad se acrecienta cada d\u00eda que pasa y es inadmisible convivir con ella\u00bb, expres\u00f3 Amos Linetzky, titular de la AMIA.<\/p>\n\n\n\n<p>Sobre el acto central de todos los a\u00f1os, el presidente de la mutual sostuvo: \u00abVolveremos a estar presentes frente al lugar que se intent\u00f3 destruir, para manifestar, p\u00fablicamente, que no nos han vencido, y que exigir justicia y castigo a los culpables es un imperativo \u00e9tico al que no renunciaremos\u00bb.<\/p>\n\n\n\n<p>En su convocatoria pidi\u00f3 que la gente acompa\u00f1e \u00abpara que la masacre contra la AMIA no quede impune, y para que los familiares de las personas que fueron asesinadas puedan, entonces, atenuar en parte su dolor\u00bb.<\/p>\n\n\n\n<p>A casi tres d\u00e9cadas del ataque terrorista que dej\u00f3 una huella imborrable en toda la sociedad argentina, todav\u00eda no hay detenidos por el caso ni se lograron esclarecer los motivos del mismo.<\/p>\n","protected":false},"excerpt":{"rendered":"<p>Como todos los a\u00f1os se espera un acto para las 9:30 frente a la sede de la mutual que fue atacada en 1994 y que dej\u00f3 85 muertos y 300 heridos. Al igual que todos los 18 de julio se renueva el pedido de justicia por el atentado a la AMIA que dej\u00f3 85 muertos [&hellip;]<\/p>\n","protected":false},"author":2,"featured_media":26366,"comment_status":"open","ping_status":"open","sticky":false,"template":"","format":"standard","meta":{"footnotes":""},"categories":[39],"tags":[],"class_list":["post-26365","post","type-post","status-publish","format-standard","has-post-thumbnail","hentry","category-nacionales"],"yoast_head":"<!-- This site is optimized with the Yoast SEO plugin v27.5 - https:\/\/yoast.com\/product\/yoast-seo-wordpress\/ -->\n<title>A 29 a\u00f1os del atentado a la AMIA, renuevan el pedido de justicia &quot;para que la masacre no quede impune&quot; | CVI NOTICIAS<\/title>\n<meta name=\"robots\" content=\"index, follow, max-snippet:-1, max-image-preview:large, max-video-preview:-1\" \/>\n<link rel=\"canonical\" href=\"https:\/\/cvinoticias.com\/v3\/a-29-anos-del-atentado-a-la-amia-renuevan-el-pedido-de-justicia-para-que-la-masacre-no-quede-impune\/\" \/>\n<meta property=\"og:locale\" content=\"es_ES\" \/>\n<meta property=\"og:type\" content=\"article\" \/>\n<meta property=\"og:title\" content=\"A 29 a\u00f1os del atentado a la AMIA, renuevan el pedido de justicia &quot;para que la masacre no quede impune&quot; | CVI NOTICIAS\" \/>\n<meta property=\"og:description\" content=\"Como todos los a\u00f1os se espera un acto para las 9:30 frente a la sede de la mutual que fue atacada en 1994 y que dej\u00f3 85 muertos y 300 heridos. Al igual que todos los 18 de julio se renueva el pedido de justicia por el atentado a la AMIA que dej\u00f3 85 muertos [&hellip;]\" \/>\n<meta property=\"og:url\" content=\"https:\/\/cvinoticias.com\/v3\/a-29-anos-del-atentado-a-la-amia-renuevan-el-pedido-de-justicia-para-que-la-masacre-no-quede-impune\/\" \/>\n<meta property=\"og:site_name\" content=\"CVI NOTICIAS\" \/>\n<meta property=\"article:publisher\" content=\"https:\/\/www.facebook.com\/cvinoticias\" \/>\n<meta property=\"article:published_time\" content=\"2023-07-18T12:06:22+00:00\" \/>\n<meta property=\"og:image\" content=\"https:\/\/cvinoticias.com\/wp-content\/uploads\/2023\/07\/a313173e36606a5b4086df9d5e0d0b4d_M.jpg\" \/>\n\t<meta property=\"og:image:width\" content=\"768\" \/>\n\t<meta property=\"og:image:height\" content=\"639\" \/>\n\t<meta property=\"og:image:type\" content=\"image\/jpeg\" \/>\n<meta name=\"author\" content=\"f1000024\" \/>\n<meta name=\"twitter:card\" content=\"summary_large_image\" \/>\n<meta name=\"twitter:label1\" content=\"Escrito por\" \/>\n\t<meta name=\"twitter:data1\" content=\"f1000024\" \/>\n\t<meta name=\"twitter:label2\" content=\"Tiempo de lectura\" \/>\n\t<meta name=\"twitter:data2\" content=\"1 minuto\" \/>\n<script type=\"application\/ld+json\" class=\"yoast-schema-graph\">{\"@context\":\"https:\\\/\\\/schema.org\",\"@graph\":[{\"@type\":\"Article\",\"@id\":\"https:\\\/\\\/cvinoticias.com\\\/v3\\\/a-29-anos-del-atentado-a-la-amia-renuevan-el-pedido-de-justicia-para-que-la-masacre-no-quede-impune\\\/#article\",\"isPartOf\":{\"@id\":\"https:\\\/\\\/cvinoticias.com\\\/v3\\\/a-29-anos-del-atentado-a-la-amia-renuevan-el-pedido-de-justicia-para-que-la-masacre-no-quede-impune\\\/\"},\"author\":{\"name\":\"f1000024\",\"@id\":\"https:\\\/\\\/cvinoticias.com\\\/v3\\\/#\\\/schema\\\/person\\\/2db77e3c6bc03c538495d7b2b8be9b66\"},\"headline\":\"A 29 a\u00f1os del atentado a la AMIA, renuevan el pedido de justicia \u00abpara que la masacre no quede impune\u00bb\",\"datePublished\":\"2023-07-18T12:06:22+00:00\",\"mainEntityOfPage\":{\"@id\":\"https:\\\/\\\/cvinoticias.com\\\/v3\\\/a-29-anos-del-atentado-a-la-amia-renuevan-el-pedido-de-justicia-para-que-la-masacre-no-quede-impune\\\/\"},\"wordCount\":301,\"commentCount\":0,\"publisher\":{\"@id\":\"https:\\\/\\\/cvinoticias.com\\\/v3\\\/#organization\"},\"image\":{\"@id\":\"https:\\\/\\\/cvinoticias.com\\\/v3\\\/a-29-anos-del-atentado-a-la-amia-renuevan-el-pedido-de-justicia-para-que-la-masacre-no-quede-impune\\\/#primaryimage\"},\"thumbnailUrl\":\"https:\\\/\\\/cvinoticias.com\\\/wp-content\\\/uploads\\\/2023\\\/07\\\/a313173e36606a5b4086df9d5e0d0b4d_M.jpg\",\"articleSection\":[\"Nacionales\"],\"inLanguage\":\"es\",\"potentialAction\":[{\"@type\":\"CommentAction\",\"name\":\"Comment\",\"target\":[\"https:\\\/\\\/cvinoticias.com\\\/v3\\\/a-29-anos-del-atentado-a-la-amia-renuevan-el-pedido-de-justicia-para-que-la-masacre-no-quede-impune\\\/#respond\"]}]},{\"@type\":\"WebPage\",\"@id\":\"https:\\\/\\\/cvinoticias.com\\\/v3\\\/a-29-anos-del-atentado-a-la-amia-renuevan-el-pedido-de-justicia-para-que-la-masacre-no-quede-impune\\\/\",\"url\":\"https:\\\/\\\/cvinoticias.com\\\/v3\\\/a-29-anos-del-atentado-a-la-amia-renuevan-el-pedido-de-justicia-para-que-la-masacre-no-quede-impune\\\/\",\"name\":\"A 29 a\u00f1os del atentado a la AMIA, renuevan el pedido de justicia \\\"para que la masacre no quede impune\\\" | CVI NOTICIAS\",\"isPartOf\":{\"@id\":\"https:\\\/\\\/cvinoticias.com\\\/v3\\\/#website\"},\"primaryImageOfPage\":{\"@id\":\"https:\\\/\\\/cvinoticias.com\\\/v3\\\/a-29-anos-del-atentado-a-la-amia-renuevan-el-pedido-de-justicia-para-que-la-masacre-no-quede-impune\\\/#primaryimage\"},\"image\":{\"@id\":\"https:\\\/\\\/cvinoticias.com\\\/v3\\\/a-29-anos-del-atentado-a-la-amia-renuevan-el-pedido-de-justicia-para-que-la-masacre-no-quede-impune\\\/#primaryimage\"},\"thumbnailUrl\":\"https:\\\/\\\/cvinoticias.com\\\/wp-content\\\/uploads\\\/2023\\\/07\\\/a313173e36606a5b4086df9d5e0d0b4d_M.jpg\",\"datePublished\":\"2023-07-18T12:06:22+00:00\",\"breadcrumb\":{\"@id\":\"https:\\\/\\\/cvinoticias.com\\\/v3\\\/a-29-anos-del-atentado-a-la-amia-renuevan-el-pedido-de-justicia-para-que-la-masacre-no-quede-impune\\\/#breadcrumb\"},\"inLanguage\":\"es\",\"potentialAction\":[{\"@type\":\"ReadAction\",\"target\":[\"https:\\\/\\\/cvinoticias.com\\\/v3\\\/a-29-anos-del-atentado-a-la-amia-renuevan-el-pedido-de-justicia-para-que-la-masacre-no-quede-impune\\\/\"]}]},{\"@type\":\"ImageObject\",\"inLanguage\":\"es\",\"@id\":\"https:\\\/\\\/cvinoticias.com\\\/v3\\\/a-29-anos-del-atentado-a-la-amia-renuevan-el-pedido-de-justicia-para-que-la-masacre-no-quede-impune\\\/#primaryimage\",\"url\":\"https:\\\/\\\/cvinoticias.com\\\/wp-content\\\/uploads\\\/2023\\\/07\\\/a313173e36606a5b4086df9d5e0d0b4d_M.jpg\",\"contentUrl\":\"https:\\\/\\\/cvinoticias.com\\\/wp-content\\\/uploads\\\/2023\\\/07\\\/a313173e36606a5b4086df9d5e0d0b4d_M.jpg\",\"width\":768,\"height\":639},{\"@type\":\"BreadcrumbList\",\"@id\":\"https:\\\/\\\/cvinoticias.com\\\/v3\\\/a-29-anos-del-atentado-a-la-amia-renuevan-el-pedido-de-justicia-para-que-la-masacre-no-quede-impune\\\/#breadcrumb\",\"itemListElement\":[{\"@type\":\"ListItem\",\"position\":1,\"name\":\"Portada\",\"item\":\"https:\\\/\\\/cvinoticias.com\\\/v3\\\/\"},{\"@type\":\"ListItem\",\"position\":2,\"name\":\"A 29 a\u00f1os del atentado a la AMIA, renuevan el pedido de justicia \u00abpara que la masacre no quede impune\u00bb\"}]},{\"@type\":\"WebSite\",\"@id\":\"https:\\\/\\\/cvinoticias.com\\\/v3\\\/#website\",\"url\":\"https:\\\/\\\/cvinoticias.com\\\/v3\\\/\",\"name\":\"CVI NOTICIAS\",\"description\":\"\",\"publisher\":{\"@id\":\"https:\\\/\\\/cvinoticias.com\\\/v3\\\/#organization\"},\"alternateName\":\"CVI\",\"potentialAction\":[{\"@type\":\"SearchAction\",\"target\":{\"@type\":\"EntryPoint\",\"urlTemplate\":\"https:\\\/\\\/cvinoticias.com\\\/v3\\\/?s={search_term_string}\"},\"query-input\":{\"@type\":\"PropertyValueSpecification\",\"valueRequired\":true,\"valueName\":\"search_term_string\"}}],\"inLanguage\":\"es\"},{\"@type\":\"Organization\",\"@id\":\"https:\\\/\\\/cvinoticias.com\\\/v3\\\/#organization\",\"name\":\"CVI NOTICIAS\",\"url\":\"https:\\\/\\\/cvinoticias.com\\\/v3\\\/\",\"logo\":{\"@type\":\"ImageObject\",\"inLanguage\":\"es\",\"@id\":\"https:\\\/\\\/cvinoticias.com\\\/v3\\\/#\\\/schema\\\/logo\\\/image\\\/\",\"url\":\"https:\\\/\\\/cvinoticias.com\\\/wp-content\\\/uploads\\\/2023\\\/04\\\/cropped-cropped-cropped-cropped-cropped-3-1.png\",\"contentUrl\":\"https:\\\/\\\/cvinoticias.com\\\/wp-content\\\/uploads\\\/2023\\\/04\\\/cropped-cropped-cropped-cropped-cropped-3-1.png\",\"width\":95,\"height\":122,\"caption\":\"CVI NOTICIAS\"},\"image\":{\"@id\":\"https:\\\/\\\/cvinoticias.com\\\/v3\\\/#\\\/schema\\\/logo\\\/image\\\/\"},\"sameAs\":[\"https:\\\/\\\/www.facebook.com\\\/cvinoticias\",\"https:\\\/\\\/www.instagram.com\\\/cvinoticias\\\/\",\"https:\\\/\\\/www.youtube.com\\\/@CVINOTICIAS\"]},{\"@type\":\"Person\",\"@id\":\"https:\\\/\\\/cvinoticias.com\\\/v3\\\/#\\\/schema\\\/person\\\/2db77e3c6bc03c538495d7b2b8be9b66\",\"name\":\"f1000024\",\"image\":{\"@type\":\"ImageObject\",\"inLanguage\":\"es\",\"@id\":\"https:\\\/\\\/secure.gravatar.com\\\/avatar\\\/d4fe7459cfc51ff5129ce1a732bbef5928568b8092d412ef95611616376bbeed?s=96&d=mm&r=g\",\"url\":\"https:\\\/\\\/secure.gravatar.com\\\/avatar\\\/d4fe7459cfc51ff5129ce1a732bbef5928568b8092d412ef95611616376bbeed?s=96&d=mm&r=g\",\"contentUrl\":\"https:\\\/\\\/secure.gravatar.com\\\/avatar\\\/d4fe7459cfc51ff5129ce1a732bbef5928568b8092d412ef95611616376bbeed?s=96&d=mm&r=g\",\"caption\":\"f1000024\"},\"url\":\"https:\\\/\\\/cvinoticias.com\\\/v3\\\/author\\\/f1000024\\\/\"}]}<\/script>\n<!-- \/ Yoast SEO plugin. -->","yoast_head_json":{"title":"A 29 a\u00f1os del atentado a la AMIA, renuevan el pedido de justicia \"para que la masacre no quede impune\" | CVI NOTICIAS","robots":{"index":"index","follow":"follow","max-snippet":"max-snippet:-1","max-image-preview":"max-image-preview:large","max-video-preview":"max-video-preview:-1"},"canonical":"https:\/\/cvinoticias.com\/v3\/a-29-anos-del-atentado-a-la-amia-renuevan-el-pedido-de-justicia-para-que-la-masacre-no-quede-impune\/","og_locale":"es_ES","og_type":"article","og_title":"A 29 a\u00f1os del atentado a la AMIA, renuevan el pedido de justicia \"para que la masacre no quede impune\" | CVI NOTICIAS","og_description":"Como todos los a\u00f1os se espera un acto para las 9:30 frente a la sede de la mutual que fue atacada en 1994 y que dej\u00f3 85 muertos y 300 heridos. Al igual que todos los 18 de julio se renueva el pedido de justicia por el atentado a la AMIA que dej\u00f3 85 muertos [&hellip;]","og_url":"https:\/\/cvinoticias.com\/v3\/a-29-anos-del-atentado-a-la-amia-renuevan-el-pedido-de-justicia-para-que-la-masacre-no-quede-impune\/","og_site_name":"CVI NOTICIAS","article_publisher":"https:\/\/www.facebook.com\/cvinoticias","article_published_time":"2023-07-18T12:06:22+00:00","og_image":[{"width":768,"height":639,"url":"https:\/\/cvinoticias.com\/wp-content\/uploads\/2023\/07\/a313173e36606a5b4086df9d5e0d0b4d_M.jpg","type":"image\/jpeg"}],"author":"f1000024","twitter_card":"summary_large_image","twitter_misc":{"Escrito por":"f1000024","Tiempo de lectura":"1 minuto"},"schema":{"@context":"https:\/\/schema.org","@graph":[{"@type":"Article","@id":"https:\/\/cvinoticias.com\/v3\/a-29-anos-del-atentado-a-la-amia-renuevan-el-pedido-de-justicia-para-que-la-masacre-no-quede-impune\/#article","isPartOf":{"@id":"https:\/\/cvinoticias.com\/v3\/a-29-anos-del-atentado-a-la-amia-renuevan-el-pedido-de-justicia-para-que-la-masacre-no-quede-impune\/"},"author":{"name":"f1000024","@id":"https:\/\/cvinoticias.com\/v3\/#\/schema\/person\/2db77e3c6bc03c538495d7b2b8be9b66"},"headline":"A 29 a\u00f1os del atentado a la AMIA, renuevan el pedido de justicia \u00abpara que la masacre no quede impune\u00bb","datePublished":"2023-07-18T12:06:22+00:00","mainEntityOfPage":{"@id":"https:\/\/cvinoticias.com\/v3\/a-29-anos-del-atentado-a-la-amia-renuevan-el-pedido-de-justicia-para-que-la-masacre-no-quede-impune\/"},"wordCount":301,"commentCount":0,"publisher":{"@id":"https:\/\/cvinoticias.com\/v3\/#organization"},"image":{"@id":"https:\/\/cvinoticias.com\/v3\/a-29-anos-del-atentado-a-la-amia-renuevan-el-pedido-de-justicia-para-que-la-masacre-no-quede-impune\/#primaryimage"},"thumbnailUrl":"https:\/\/cvinoticias.com\/wp-content\/uploads\/2023\/07\/a313173e36606a5b4086df9d5e0d0b4d_M.jpg","articleSection":["Nacionales"],"inLanguage":"es","potentialAction":[{"@type":"CommentAction","name":"Comment","target":["https:\/\/cvinoticias.com\/v3\/a-29-anos-del-atentado-a-la-amia-renuevan-el-pedido-de-justicia-para-que-la-masacre-no-quede-impune\/#respond"]}]},{"@type":"WebPage","@id":"https:\/\/cvinoticias.com\/v3\/a-29-anos-del-atentado-a-la-amia-renuevan-el-pedido-de-justicia-para-que-la-masacre-no-quede-impune\/","url":"https:\/\/cvinoticias.com\/v3\/a-29-anos-del-atentado-a-la-amia-renuevan-el-pedido-de-justicia-para-que-la-masacre-no-quede-impune\/","name":"A 29 a\u00f1os del atentado a la AMIA, renuevan el pedido de justicia \"para que la masacre no quede impune\" | CVI NOTICIAS","isPartOf":{"@id":"https:\/\/cvinoticias.com\/v3\/#website"},"primaryImageOfPage":{"@id":"https:\/\/cvinoticias.com\/v3\/a-29-anos-del-atentado-a-la-amia-renuevan-el-pedido-de-justicia-para-que-la-masacre-no-quede-impune\/#primaryimage"},"image":{"@id":"https:\/\/cvinoticias.com\/v3\/a-29-anos-del-atentado-a-la-amia-renuevan-el-pedido-de-justicia-para-que-la-masacre-no-quede-impune\/#primaryimage"},"thumbnailUrl":"https:\/\/cvinoticias.com\/wp-content\/uploads\/2023\/07\/a313173e36606a5b4086df9d5e0d0b4d_M.jpg","datePublished":"2023-07-18T12:06:22+00:00","breadcrumb":{"@id":"https:\/\/cvinoticias.com\/v3\/a-29-anos-del-atentado-a-la-amia-renuevan-el-pedido-de-justicia-para-que-la-masacre-no-quede-impune\/#breadcrumb"},"inLanguage":"es","potentialAction":[{"@type":"ReadAction","target":["https:\/\/cvinoticias.com\/v3\/a-29-anos-del-atentado-a-la-amia-renuevan-el-pedido-de-justicia-para-que-la-masacre-no-quede-impune\/"]}]},{"@type":"ImageObject","inLanguage":"es","@id":"https:\/\/cvinoticias.com\/v3\/a-29-anos-del-atentado-a-la-amia-renuevan-el-pedido-de-justicia-para-que-la-masacre-no-quede-impune\/#primaryimage","url":"https:\/\/cvinoticias.com\/wp-content\/uploads\/2023\/07\/a313173e36606a5b4086df9d5e0d0b4d_M.jpg","contentUrl":"https:\/\/cvinoticias.com\/wp-content\/uploads\/2023\/07\/a313173e36606a5b4086df9d5e0d0b4d_M.jpg","width":768,"height":639},{"@type":"BreadcrumbList","@id":"https:\/\/cvinoticias.com\/v3\/a-29-anos-del-atentado-a-la-amia-renuevan-el-pedido-de-justicia-para-que-la-masacre-no-quede-impune\/#breadcrumb","itemListElement":[{"@type":"ListItem","position":1,"name":"Portada","item":"https:\/\/cvinoticias.com\/v3\/"},{"@type":"ListItem","position":2,"name":"A 29 a\u00f1os del atentado a la AMIA, renuevan el pedido de justicia \u00abpara que la masacre no quede impune\u00bb"}]},{"@type":"WebSite","@id":"https:\/\/cvinoticias.com\/v3\/#website","url":"https:\/\/cvinoticias.com\/v3\/","name":"CVI NOTICIAS","description":"","publisher":{"@id":"https:\/\/cvinoticias.com\/v3\/#organization"},"alternateName":"CVI","potentialAction":[{"@type":"SearchAction","target":{"@type":"EntryPoint","urlTemplate":"https:\/\/cvinoticias.com\/v3\/?s={search_term_string}"},"query-input":{"@type":"PropertyValueSpecification","valueRequired":true,"valueName":"search_term_string"}}],"inLanguage":"es"},{"@type":"Organization","@id":"https:\/\/cvinoticias.com\/v3\/#organization","name":"CVI NOTICIAS","url":"https:\/\/cvinoticias.com\/v3\/","logo":{"@type":"ImageObject","inLanguage":"es","@id":"https:\/\/cvinoticias.com\/v3\/#\/schema\/logo\/image\/","url":"https:\/\/cvinoticias.com\/wp-content\/uploads\/2023\/04\/cropped-cropped-cropped-cropped-cropped-3-1.png","contentUrl":"https:\/\/cvinoticias.com\/wp-content\/uploads\/2023\/04\/cropped-cropped-cropped-cropped-cropped-3-1.png","width":95,"height":122,"caption":"CVI NOTICIAS"},"image":{"@id":"https:\/\/cvinoticias.com\/v3\/#\/schema\/logo\/image\/"},"sameAs":["https:\/\/www.facebook.com\/cvinoticias","https:\/\/www.instagram.com\/cvinoticias\/","https:\/\/www.youtube.com\/@CVINOTICIAS"]},{"@type":"Person","@id":"https:\/\/cvinoticias.com\/v3\/#\/schema\/person\/2db77e3c6bc03c538495d7b2b8be9b66","name":"f1000024","image":{"@type":"ImageObject","inLanguage":"es","@id":"https:\/\/secure.gravatar.com\/avatar\/d4fe7459cfc51ff5129ce1a732bbef5928568b8092d412ef95611616376bbeed?s=96&d=mm&r=g","url":"https:\/\/secure.gravatar.com\/avatar\/d4fe7459cfc51ff5129ce1a732bbef5928568b8092d412ef95611616376bbeed?s=96&d=mm&r=g","contentUrl":"https:\/\/secure.gravatar.com\/avatar\/d4fe7459cfc51ff5129ce1a732bbef5928568b8092d412ef95611616376bbeed?s=96&d=mm&r=g","caption":"f1000024"},"url":"https:\/\/cvinoticias.com\/v3\/author\/f1000024\/"}]}},"_links":{"self":[{"href":"https:\/\/cvinoticias.com\/v3\/wp-json\/wp\/v2\/posts\/26365","targetHints":{"allow":["GET"]}}],"collection":[{"href":"https:\/\/cvinoticias.com\/v3\/wp-json\/wp\/v2\/posts"}],"about":[{"href":"https:\/\/cvinoticias.com\/v3\/wp-json\/wp\/v2\/types\/post"}],"author":[{"embeddable":true,"href":"https:\/\/cvinoticias.com\/v3\/wp-json\/wp\/v2\/users\/2"}],"replies":[{"embeddable":true,"href":"https:\/\/cvinoticias.com\/v3\/wp-json\/wp\/v2\/comments?post=26365"}],"version-history":[{"count":1,"href":"https:\/\/cvinoticias.com\/v3\/wp-json\/wp\/v2\/posts\/26365\/revisions"}],"predecessor-version":[{"id":26368,"href":"https:\/\/cvinoticias.com\/v3\/wp-json\/wp\/v2\/posts\/26365\/revisions\/26368"}],"wp:featuredmedia":[{"embeddable":true,"href":"https:\/\/cvinoticias.com\/v3\/wp-json\/wp\/v2\/media\/26366"}],"wp:attachment":[{"href":"https:\/\/cvinoticias.com\/v3\/wp-json\/wp\/v2\/media?parent=26365"}],"wp:term":[{"taxonomy":"category","embeddable":true,"href":"https:\/\/cvinoticias.com\/v3\/wp-json\/wp\/v2\/categories?post=26365"},{"taxonomy":"post_tag","embeddable":true,"href":"https:\/\/cvinoticias.com\/v3\/wp-json\/wp\/v2\/tags?post=26365"}],"curies":[{"name":"wp","href":"https:\/\/api.w.org\/{rel}","templated":true}]}}