{"id":2625,"date":"2021-02-11T11:08:51","date_gmt":"2021-02-11T11:08:51","guid":{"rendered":"https:\/\/cvinoticias.com\/v3\/?p=2625"},"modified":"2021-02-11T11:08:51","modified_gmt":"2021-02-11T11:08:51","slug":"aumento-de-jubilaciones-en-marzo-la-primera-suba-con-la-nueva-formula-rondaria-el-8-y-la-minima-se-elevaria-a-casi-20-600-pesos","status":"publish","type":"post","link":"https:\/\/cvinoticias.com\/v3\/aumento-de-jubilaciones-en-marzo-la-primera-suba-con-la-nueva-formula-rondaria-el-8-y-la-minima-se-elevaria-a-casi-20-600-pesos\/","title":{"rendered":"Aumento de jubilaciones en marzo: la primera suba con la nueva f\u00f3rmula rondar\u00eda el 8% y la m\u00ednima se elevar\u00eda a casi 20.600 pesos"},"content":{"rendered":"\n<p><strong><em>El dato surge de la combinaci\u00f3n en partes iguales de la suba en el \u00faltimo trimestre de 2020 del 9,42% del \u00cdndice de Salarios de Indec y de los Recursos Totales de la Anses, estimados en 6,8 por ciento<\/em><\/strong><\/p>\n\n\n\n<p>Con el adelanto por parte del Indec de la variaci\u00f3n del \u00cdndice de Salarios en diciembre de 2020, fue 1,8%, que estaba previsto para el 26 de febrero, se complet\u00f3 otro de los nuevos ingredientes de la f\u00f3rmula de movilidad, que toma como referencia para el ajuste de marzo el \u00faltimo trimestre del a\u00f1o anterior.<\/p>\n\n\n\n<p>\u201cEl adelantamiento se efect\u00faa con el objetivo de proporcionar informaci\u00f3n oportuna y de acceso simult\u00e1neo a toda la poblaci\u00f3n que permita al organismo competente de la Administraci\u00f3n P\u00fablica Nacional calcular el \u00edndice trimestral de movilidad previsional establecido en la Ley N\u00b0 27.609, promulgada en diciembre pasado. Las fechas de los informes del \u00cdndice de salarios de mayo, agosto y noviembre de 2021 ser\u00e1n oportunamente comunicadas, mientras que las restantes se mantienen sin modificaciones\u201d, precis\u00f3 el organismo que dirige el economista Marco Lavagna.<\/p>\n\n\n\n<p>En el trimestre octubre a diciembre 2020 el Ripte aument\u00f3 8,17%; el \u00cdndice de Salario del Indec 9,42% y los Recursos Totales de la Anses, seg\u00fan se desprende de la planilla de recaudaci\u00f3n de la AFIP, 6,78%, s\u00f3lo queda precisar si esta \u00faltima variaci\u00f3n aumenta o disminuye en el promedio por beneficiario para poder completar la f\u00f3rmula, y que las autoridades hagan el anuncio formal en los pr\u00f3ximos d\u00edas.<\/p>\n\n\n\n<p>La nueva f\u00f3rmula incluy\u00f3 como uno de los componentes la variaci\u00f3n de los Recursos Totales de la Anses por beneficio (neto de eventuales aportes del Tesoro para cubrir d\u00e9ficits de la Administraci\u00f3n Nacional de la Seguridad Social), elaborado por el organismo, con una ponderaci\u00f3n del 50%, en sustituci\u00f3n del \u00edndice de inflaci\u00f3n que representaba el 70%, junto con 30% de los salarios, que ahora sube a 50%, y toma en cuenta la variaci\u00f3n mayor en el trimestre calendario previo al de la actualizaci\u00f3n \u2013para marzo, el de octubre a diciembre\u2013 entre el \u00cdndice de Salarios del Indec y la correspondiente a la Remuneraci\u00f3n Imponible Promedio de los Trabajadores Estables (Ripte).<\/p>\n\n\n\n<p>El aumento beneficiar\u00e1 a los 5,3 millones de jubilados, 3,1 millones de pensionados y tambi\u00e9n a otros 13,5 millones de personas que habitan en hogares que reciben la Asignaci\u00f3n Universal por Hijo (AUH) y las asignaciones familiares.<\/p>\n\n\n\n<p>El haber m\u00ednimo que percibe la mitad de los jubilados del r\u00e9gimen general pasar\u00eda de $19.035 a $20.577 y los AUH de $3.716,84 a $4.018. El haber m\u00e1ximo, excepto para los casos especiales de quienes ocuparon los m\u00e1ximos cargos en el Poder Ejecutivo, Poder Judicial, Fuerzas Armadas y personal de alto rango de la Canciller\u00eda, se elevar\u00eda de $133.242 a 144.034 pesos.<\/p>\n","protected":false},"excerpt":{"rendered":"<p>El dato surge de la combinaci\u00f3n en partes iguales de la suba en el \u00faltimo trimestre de 2020 del 9,42% del \u00cdndice de Salarios de Indec y de los Recursos Totales de la Anses, estimados en 6,8 por ciento Con el adelanto por parte del Indec de la variaci\u00f3n del \u00cdndice de Salarios en diciembre [&hellip;]<\/p>\n","protected":false},"author":2,"featured_media":2626,"comment_status":"open","ping_status":"open","sticky":false,"template":"","format":"standard","meta":{"footnotes":""},"categories":[32],"tags":[],"class_list":["post-2625","post","type-post","status-publish","format-standard","has-post-thumbnail","hentry","category-economia"],"yoast_head":"<!-- This site is optimized with the Yoast SEO plugin v27.5 - https:\/\/yoast.com\/product\/yoast-seo-wordpress\/ -->\n<title>Aumento de jubilaciones en marzo: la primera suba con la nueva f\u00f3rmula rondar\u00eda el 8% y la m\u00ednima se elevar\u00eda a casi 20.600 pesos | CVI NOTICIAS<\/title>\n<meta name=\"robots\" content=\"index, follow, max-snippet:-1, max-image-preview:large, max-video-preview:-1\" \/>\n<link rel=\"canonical\" href=\"https:\/\/cvinoticias.com\/v3\/aumento-de-jubilaciones-en-marzo-la-primera-suba-con-la-nueva-formula-rondaria-el-8-y-la-minima-se-elevaria-a-casi-20-600-pesos\/\" \/>\n<meta property=\"og:locale\" content=\"es_ES\" \/>\n<meta property=\"og:type\" content=\"article\" \/>\n<meta property=\"og:title\" content=\"Aumento de jubilaciones en marzo: la primera suba con la nueva f\u00f3rmula rondar\u00eda el 8% y la m\u00ednima se elevar\u00eda a casi 20.600 pesos | CVI NOTICIAS\" \/>\n<meta property=\"og:description\" content=\"El dato surge de la combinaci\u00f3n en partes iguales de la suba en el \u00faltimo trimestre de 2020 del 9,42% del \u00cdndice de Salarios de Indec y de los Recursos Totales de la Anses, estimados en 6,8 por ciento Con el adelanto por parte del Indec de la variaci\u00f3n del \u00cdndice de Salarios en diciembre [&hellip;]\" \/>\n<meta property=\"og:url\" content=\"https:\/\/cvinoticias.com\/v3\/aumento-de-jubilaciones-en-marzo-la-primera-suba-con-la-nueva-formula-rondaria-el-8-y-la-minima-se-elevaria-a-casi-20-600-pesos\/\" \/>\n<meta property=\"og:site_name\" content=\"CVI NOTICIAS\" \/>\n<meta property=\"article:publisher\" content=\"https:\/\/www.facebook.com\/cvinoticias\" \/>\n<meta property=\"article:published_time\" content=\"2021-02-11T11:08:51+00:00\" \/>\n<meta property=\"og:image\" content=\"https:\/\/cvinoticias.com\/wp-content\/uploads\/2021\/02\/anses.jpg\" \/>\n\t<meta property=\"og:image:width\" content=\"979\" \/>\n\t<meta property=\"og:image:height\" content=\"422\" \/>\n\t<meta property=\"og:image:type\" content=\"image\/jpeg\" \/>\n<meta name=\"author\" content=\"f1000024\" \/>\n<meta name=\"twitter:card\" content=\"summary_large_image\" \/>\n<meta name=\"twitter:label1\" content=\"Escrito por\" \/>\n\t<meta name=\"twitter:data1\" content=\"f1000024\" \/>\n\t<meta name=\"twitter:label2\" content=\"Tiempo de lectura\" \/>\n\t<meta name=\"twitter:data2\" content=\"2 minutos\" \/>\n<script type=\"application\/ld+json\" class=\"yoast-schema-graph\">{\"@context\":\"https:\\\/\\\/schema.org\",\"@graph\":[{\"@type\":\"Article\",\"@id\":\"https:\\\/\\\/cvinoticias.com\\\/v3\\\/aumento-de-jubilaciones-en-marzo-la-primera-suba-con-la-nueva-formula-rondaria-el-8-y-la-minima-se-elevaria-a-casi-20-600-pesos\\\/#article\",\"isPartOf\":{\"@id\":\"https:\\\/\\\/cvinoticias.com\\\/v3\\\/aumento-de-jubilaciones-en-marzo-la-primera-suba-con-la-nueva-formula-rondaria-el-8-y-la-minima-se-elevaria-a-casi-20-600-pesos\\\/\"},\"author\":{\"name\":\"f1000024\",\"@id\":\"https:\\\/\\\/cvinoticias.com\\\/v3\\\/#\\\/schema\\\/person\\\/2db77e3c6bc03c538495d7b2b8be9b66\"},\"headline\":\"Aumento de jubilaciones en marzo: la primera suba con la nueva f\u00f3rmula rondar\u00eda el 8% y la m\u00ednima se elevar\u00eda a casi 20.600 pesos\",\"datePublished\":\"2021-02-11T11:08:51+00:00\",\"mainEntityOfPage\":{\"@id\":\"https:\\\/\\\/cvinoticias.com\\\/v3\\\/aumento-de-jubilaciones-en-marzo-la-primera-suba-con-la-nueva-formula-rondaria-el-8-y-la-minima-se-elevaria-a-casi-20-600-pesos\\\/\"},\"wordCount\":492,\"commentCount\":0,\"publisher\":{\"@id\":\"https:\\\/\\\/cvinoticias.com\\\/v3\\\/#organization\"},\"image\":{\"@id\":\"https:\\\/\\\/cvinoticias.com\\\/v3\\\/aumento-de-jubilaciones-en-marzo-la-primera-suba-con-la-nueva-formula-rondaria-el-8-y-la-minima-se-elevaria-a-casi-20-600-pesos\\\/#primaryimage\"},\"thumbnailUrl\":\"https:\\\/\\\/cvinoticias.com\\\/wp-content\\\/uploads\\\/2021\\\/02\\\/anses.jpg\",\"articleSection\":[\"Econom\u00eda\"],\"inLanguage\":\"es\",\"potentialAction\":[{\"@type\":\"CommentAction\",\"name\":\"Comment\",\"target\":[\"https:\\\/\\\/cvinoticias.com\\\/v3\\\/aumento-de-jubilaciones-en-marzo-la-primera-suba-con-la-nueva-formula-rondaria-el-8-y-la-minima-se-elevaria-a-casi-20-600-pesos\\\/#respond\"]}]},{\"@type\":\"WebPage\",\"@id\":\"https:\\\/\\\/cvinoticias.com\\\/v3\\\/aumento-de-jubilaciones-en-marzo-la-primera-suba-con-la-nueva-formula-rondaria-el-8-y-la-minima-se-elevaria-a-casi-20-600-pesos\\\/\",\"url\":\"https:\\\/\\\/cvinoticias.com\\\/v3\\\/aumento-de-jubilaciones-en-marzo-la-primera-suba-con-la-nueva-formula-rondaria-el-8-y-la-minima-se-elevaria-a-casi-20-600-pesos\\\/\",\"name\":\"Aumento de jubilaciones en marzo: la primera suba con la nueva f\u00f3rmula rondar\u00eda el 8% y la m\u00ednima se elevar\u00eda a casi 20.600 pesos | CVI NOTICIAS\",\"isPartOf\":{\"@id\":\"https:\\\/\\\/cvinoticias.com\\\/v3\\\/#website\"},\"primaryImageOfPage\":{\"@id\":\"https:\\\/\\\/cvinoticias.com\\\/v3\\\/aumento-de-jubilaciones-en-marzo-la-primera-suba-con-la-nueva-formula-rondaria-el-8-y-la-minima-se-elevaria-a-casi-20-600-pesos\\\/#primaryimage\"},\"image\":{\"@id\":\"https:\\\/\\\/cvinoticias.com\\\/v3\\\/aumento-de-jubilaciones-en-marzo-la-primera-suba-con-la-nueva-formula-rondaria-el-8-y-la-minima-se-elevaria-a-casi-20-600-pesos\\\/#primaryimage\"},\"thumbnailUrl\":\"https:\\\/\\\/cvinoticias.com\\\/wp-content\\\/uploads\\\/2021\\\/02\\\/anses.jpg\",\"datePublished\":\"2021-02-11T11:08:51+00:00\",\"breadcrumb\":{\"@id\":\"https:\\\/\\\/cvinoticias.com\\\/v3\\\/aumento-de-jubilaciones-en-marzo-la-primera-suba-con-la-nueva-formula-rondaria-el-8-y-la-minima-se-elevaria-a-casi-20-600-pesos\\\/#breadcrumb\"},\"inLanguage\":\"es\",\"potentialAction\":[{\"@type\":\"ReadAction\",\"target\":[\"https:\\\/\\\/cvinoticias.com\\\/v3\\\/aumento-de-jubilaciones-en-marzo-la-primera-suba-con-la-nueva-formula-rondaria-el-8-y-la-minima-se-elevaria-a-casi-20-600-pesos\\\/\"]}]},{\"@type\":\"ImageObject\",\"inLanguage\":\"es\",\"@id\":\"https:\\\/\\\/cvinoticias.com\\\/v3\\\/aumento-de-jubilaciones-en-marzo-la-primera-suba-con-la-nueva-formula-rondaria-el-8-y-la-minima-se-elevaria-a-casi-20-600-pesos\\\/#primaryimage\",\"url\":\"https:\\\/\\\/cvinoticias.com\\\/wp-content\\\/uploads\\\/2021\\\/02\\\/anses.jpg\",\"contentUrl\":\"https:\\\/\\\/cvinoticias.com\\\/wp-content\\\/uploads\\\/2021\\\/02\\\/anses.jpg\",\"width\":979,\"height\":422},{\"@type\":\"BreadcrumbList\",\"@id\":\"https:\\\/\\\/cvinoticias.com\\\/v3\\\/aumento-de-jubilaciones-en-marzo-la-primera-suba-con-la-nueva-formula-rondaria-el-8-y-la-minima-se-elevaria-a-casi-20-600-pesos\\\/#breadcrumb\",\"itemListElement\":[{\"@type\":\"ListItem\",\"position\":1,\"name\":\"Portada\",\"item\":\"https:\\\/\\\/cvinoticias.com\\\/v3\\\/\"},{\"@type\":\"ListItem\",\"position\":2,\"name\":\"Aumento de jubilaciones en marzo: la primera suba con la nueva f\u00f3rmula rondar\u00eda el 8% y la m\u00ednima se elevar\u00eda a casi 20.600 pesos\"}]},{\"@type\":\"WebSite\",\"@id\":\"https:\\\/\\\/cvinoticias.com\\\/v3\\\/#website\",\"url\":\"https:\\\/\\\/cvinoticias.com\\\/v3\\\/\",\"name\":\"CVI NOTICIAS\",\"description\":\"\",\"publisher\":{\"@id\":\"https:\\\/\\\/cvinoticias.com\\\/v3\\\/#organization\"},\"alternateName\":\"CVI\",\"potentialAction\":[{\"@type\":\"SearchAction\",\"target\":{\"@type\":\"EntryPoint\",\"urlTemplate\":\"https:\\\/\\\/cvinoticias.com\\\/v3\\\/?s={search_term_string}\"},\"query-input\":{\"@type\":\"PropertyValueSpecification\",\"valueRequired\":true,\"valueName\":\"search_term_string\"}}],\"inLanguage\":\"es\"},{\"@type\":\"Organization\",\"@id\":\"https:\\\/\\\/cvinoticias.com\\\/v3\\\/#organization\",\"name\":\"CVI NOTICIAS\",\"url\":\"https:\\\/\\\/cvinoticias.com\\\/v3\\\/\",\"logo\":{\"@type\":\"ImageObject\",\"inLanguage\":\"es\",\"@id\":\"https:\\\/\\\/cvinoticias.com\\\/v3\\\/#\\\/schema\\\/logo\\\/image\\\/\",\"url\":\"https:\\\/\\\/cvinoticias.com\\\/wp-content\\\/uploads\\\/2023\\\/04\\\/cropped-cropped-cropped-cropped-cropped-3-1.png\",\"contentUrl\":\"https:\\\/\\\/cvinoticias.com\\\/wp-content\\\/uploads\\\/2023\\\/04\\\/cropped-cropped-cropped-cropped-cropped-3-1.png\",\"width\":95,\"height\":122,\"caption\":\"CVI NOTICIAS\"},\"image\":{\"@id\":\"https:\\\/\\\/cvinoticias.com\\\/v3\\\/#\\\/schema\\\/logo\\\/image\\\/\"},\"sameAs\":[\"https:\\\/\\\/www.facebook.com\\\/cvinoticias\",\"https:\\\/\\\/www.instagram.com\\\/cvinoticias\\\/\",\"https:\\\/\\\/www.youtube.com\\\/@CVINOTICIAS\"]},{\"@type\":\"Person\",\"@id\":\"https:\\\/\\\/cvinoticias.com\\\/v3\\\/#\\\/schema\\\/person\\\/2db77e3c6bc03c538495d7b2b8be9b66\",\"name\":\"f1000024\",\"image\":{\"@type\":\"ImageObject\",\"inLanguage\":\"es\",\"@id\":\"https:\\\/\\\/secure.gravatar.com\\\/avatar\\\/d4fe7459cfc51ff5129ce1a732bbef5928568b8092d412ef95611616376bbeed?s=96&d=mm&r=g\",\"url\":\"https:\\\/\\\/secure.gravatar.com\\\/avatar\\\/d4fe7459cfc51ff5129ce1a732bbef5928568b8092d412ef95611616376bbeed?s=96&d=mm&r=g\",\"contentUrl\":\"https:\\\/\\\/secure.gravatar.com\\\/avatar\\\/d4fe7459cfc51ff5129ce1a732bbef5928568b8092d412ef95611616376bbeed?s=96&d=mm&r=g\",\"caption\":\"f1000024\"},\"url\":\"https:\\\/\\\/cvinoticias.com\\\/v3\\\/author\\\/f1000024\\\/\"}]}<\/script>\n<!-- \/ Yoast SEO plugin. -->","yoast_head_json":{"title":"Aumento de jubilaciones en marzo: la primera suba con la nueva f\u00f3rmula rondar\u00eda el 8% y la m\u00ednima se elevar\u00eda a casi 20.600 pesos | CVI NOTICIAS","robots":{"index":"index","follow":"follow","max-snippet":"max-snippet:-1","max-image-preview":"max-image-preview:large","max-video-preview":"max-video-preview:-1"},"canonical":"https:\/\/cvinoticias.com\/v3\/aumento-de-jubilaciones-en-marzo-la-primera-suba-con-la-nueva-formula-rondaria-el-8-y-la-minima-se-elevaria-a-casi-20-600-pesos\/","og_locale":"es_ES","og_type":"article","og_title":"Aumento de jubilaciones en marzo: la primera suba con la nueva f\u00f3rmula rondar\u00eda el 8% y la m\u00ednima se elevar\u00eda a casi 20.600 pesos | CVI NOTICIAS","og_description":"El dato surge de la combinaci\u00f3n en partes iguales de la suba en el \u00faltimo trimestre de 2020 del 9,42% del \u00cdndice de Salarios de Indec y de los Recursos Totales de la Anses, estimados en 6,8 por ciento Con el adelanto por parte del Indec de la variaci\u00f3n del \u00cdndice de Salarios en diciembre [&hellip;]","og_url":"https:\/\/cvinoticias.com\/v3\/aumento-de-jubilaciones-en-marzo-la-primera-suba-con-la-nueva-formula-rondaria-el-8-y-la-minima-se-elevaria-a-casi-20-600-pesos\/","og_site_name":"CVI NOTICIAS","article_publisher":"https:\/\/www.facebook.com\/cvinoticias","article_published_time":"2021-02-11T11:08:51+00:00","og_image":[{"width":979,"height":422,"url":"https:\/\/cvinoticias.com\/wp-content\/uploads\/2021\/02\/anses.jpg","type":"image\/jpeg"}],"author":"f1000024","twitter_card":"summary_large_image","twitter_misc":{"Escrito por":"f1000024","Tiempo de lectura":"2 minutos"},"schema":{"@context":"https:\/\/schema.org","@graph":[{"@type":"Article","@id":"https:\/\/cvinoticias.com\/v3\/aumento-de-jubilaciones-en-marzo-la-primera-suba-con-la-nueva-formula-rondaria-el-8-y-la-minima-se-elevaria-a-casi-20-600-pesos\/#article","isPartOf":{"@id":"https:\/\/cvinoticias.com\/v3\/aumento-de-jubilaciones-en-marzo-la-primera-suba-con-la-nueva-formula-rondaria-el-8-y-la-minima-se-elevaria-a-casi-20-600-pesos\/"},"author":{"name":"f1000024","@id":"https:\/\/cvinoticias.com\/v3\/#\/schema\/person\/2db77e3c6bc03c538495d7b2b8be9b66"},"headline":"Aumento de jubilaciones en marzo: la primera suba con la nueva f\u00f3rmula rondar\u00eda el 8% y la m\u00ednima se elevar\u00eda a casi 20.600 pesos","datePublished":"2021-02-11T11:08:51+00:00","mainEntityOfPage":{"@id":"https:\/\/cvinoticias.com\/v3\/aumento-de-jubilaciones-en-marzo-la-primera-suba-con-la-nueva-formula-rondaria-el-8-y-la-minima-se-elevaria-a-casi-20-600-pesos\/"},"wordCount":492,"commentCount":0,"publisher":{"@id":"https:\/\/cvinoticias.com\/v3\/#organization"},"image":{"@id":"https:\/\/cvinoticias.com\/v3\/aumento-de-jubilaciones-en-marzo-la-primera-suba-con-la-nueva-formula-rondaria-el-8-y-la-minima-se-elevaria-a-casi-20-600-pesos\/#primaryimage"},"thumbnailUrl":"https:\/\/cvinoticias.com\/wp-content\/uploads\/2021\/02\/anses.jpg","articleSection":["Econom\u00eda"],"inLanguage":"es","potentialAction":[{"@type":"CommentAction","name":"Comment","target":["https:\/\/cvinoticias.com\/v3\/aumento-de-jubilaciones-en-marzo-la-primera-suba-con-la-nueva-formula-rondaria-el-8-y-la-minima-se-elevaria-a-casi-20-600-pesos\/#respond"]}]},{"@type":"WebPage","@id":"https:\/\/cvinoticias.com\/v3\/aumento-de-jubilaciones-en-marzo-la-primera-suba-con-la-nueva-formula-rondaria-el-8-y-la-minima-se-elevaria-a-casi-20-600-pesos\/","url":"https:\/\/cvinoticias.com\/v3\/aumento-de-jubilaciones-en-marzo-la-primera-suba-con-la-nueva-formula-rondaria-el-8-y-la-minima-se-elevaria-a-casi-20-600-pesos\/","name":"Aumento de jubilaciones en marzo: la primera suba con la nueva f\u00f3rmula rondar\u00eda el 8% y la m\u00ednima se elevar\u00eda a casi 20.600 pesos | CVI NOTICIAS","isPartOf":{"@id":"https:\/\/cvinoticias.com\/v3\/#website"},"primaryImageOfPage":{"@id":"https:\/\/cvinoticias.com\/v3\/aumento-de-jubilaciones-en-marzo-la-primera-suba-con-la-nueva-formula-rondaria-el-8-y-la-minima-se-elevaria-a-casi-20-600-pesos\/#primaryimage"},"image":{"@id":"https:\/\/cvinoticias.com\/v3\/aumento-de-jubilaciones-en-marzo-la-primera-suba-con-la-nueva-formula-rondaria-el-8-y-la-minima-se-elevaria-a-casi-20-600-pesos\/#primaryimage"},"thumbnailUrl":"https:\/\/cvinoticias.com\/wp-content\/uploads\/2021\/02\/anses.jpg","datePublished":"2021-02-11T11:08:51+00:00","breadcrumb":{"@id":"https:\/\/cvinoticias.com\/v3\/aumento-de-jubilaciones-en-marzo-la-primera-suba-con-la-nueva-formula-rondaria-el-8-y-la-minima-se-elevaria-a-casi-20-600-pesos\/#breadcrumb"},"inLanguage":"es","potentialAction":[{"@type":"ReadAction","target":["https:\/\/cvinoticias.com\/v3\/aumento-de-jubilaciones-en-marzo-la-primera-suba-con-la-nueva-formula-rondaria-el-8-y-la-minima-se-elevaria-a-casi-20-600-pesos\/"]}]},{"@type":"ImageObject","inLanguage":"es","@id":"https:\/\/cvinoticias.com\/v3\/aumento-de-jubilaciones-en-marzo-la-primera-suba-con-la-nueva-formula-rondaria-el-8-y-la-minima-se-elevaria-a-casi-20-600-pesos\/#primaryimage","url":"https:\/\/cvinoticias.com\/wp-content\/uploads\/2021\/02\/anses.jpg","contentUrl":"https:\/\/cvinoticias.com\/wp-content\/uploads\/2021\/02\/anses.jpg","width":979,"height":422},{"@type":"BreadcrumbList","@id":"https:\/\/cvinoticias.com\/v3\/aumento-de-jubilaciones-en-marzo-la-primera-suba-con-la-nueva-formula-rondaria-el-8-y-la-minima-se-elevaria-a-casi-20-600-pesos\/#breadcrumb","itemListElement":[{"@type":"ListItem","position":1,"name":"Portada","item":"https:\/\/cvinoticias.com\/v3\/"},{"@type":"ListItem","position":2,"name":"Aumento de jubilaciones en marzo: la primera suba con la nueva f\u00f3rmula rondar\u00eda el 8% y la m\u00ednima se elevar\u00eda a casi 20.600 pesos"}]},{"@type":"WebSite","@id":"https:\/\/cvinoticias.com\/v3\/#website","url":"https:\/\/cvinoticias.com\/v3\/","name":"CVI NOTICIAS","description":"","publisher":{"@id":"https:\/\/cvinoticias.com\/v3\/#organization"},"alternateName":"CVI","potentialAction":[{"@type":"SearchAction","target":{"@type":"EntryPoint","urlTemplate":"https:\/\/cvinoticias.com\/v3\/?s={search_term_string}"},"query-input":{"@type":"PropertyValueSpecification","valueRequired":true,"valueName":"search_term_string"}}],"inLanguage":"es"},{"@type":"Organization","@id":"https:\/\/cvinoticias.com\/v3\/#organization","name":"CVI NOTICIAS","url":"https:\/\/cvinoticias.com\/v3\/","logo":{"@type":"ImageObject","inLanguage":"es","@id":"https:\/\/cvinoticias.com\/v3\/#\/schema\/logo\/image\/","url":"https:\/\/cvinoticias.com\/wp-content\/uploads\/2023\/04\/cropped-cropped-cropped-cropped-cropped-3-1.png","contentUrl":"https:\/\/cvinoticias.com\/wp-content\/uploads\/2023\/04\/cropped-cropped-cropped-cropped-cropped-3-1.png","width":95,"height":122,"caption":"CVI NOTICIAS"},"image":{"@id":"https:\/\/cvinoticias.com\/v3\/#\/schema\/logo\/image\/"},"sameAs":["https:\/\/www.facebook.com\/cvinoticias","https:\/\/www.instagram.com\/cvinoticias\/","https:\/\/www.youtube.com\/@CVINOTICIAS"]},{"@type":"Person","@id":"https:\/\/cvinoticias.com\/v3\/#\/schema\/person\/2db77e3c6bc03c538495d7b2b8be9b66","name":"f1000024","image":{"@type":"ImageObject","inLanguage":"es","@id":"https:\/\/secure.gravatar.com\/avatar\/d4fe7459cfc51ff5129ce1a732bbef5928568b8092d412ef95611616376bbeed?s=96&d=mm&r=g","url":"https:\/\/secure.gravatar.com\/avatar\/d4fe7459cfc51ff5129ce1a732bbef5928568b8092d412ef95611616376bbeed?s=96&d=mm&r=g","contentUrl":"https:\/\/secure.gravatar.com\/avatar\/d4fe7459cfc51ff5129ce1a732bbef5928568b8092d412ef95611616376bbeed?s=96&d=mm&r=g","caption":"f1000024"},"url":"https:\/\/cvinoticias.com\/v3\/author\/f1000024\/"}]}},"_links":{"self":[{"href":"https:\/\/cvinoticias.com\/v3\/wp-json\/wp\/v2\/posts\/2625","targetHints":{"allow":["GET"]}}],"collection":[{"href":"https:\/\/cvinoticias.com\/v3\/wp-json\/wp\/v2\/posts"}],"about":[{"href":"https:\/\/cvinoticias.com\/v3\/wp-json\/wp\/v2\/types\/post"}],"author":[{"embeddable":true,"href":"https:\/\/cvinoticias.com\/v3\/wp-json\/wp\/v2\/users\/2"}],"replies":[{"embeddable":true,"href":"https:\/\/cvinoticias.com\/v3\/wp-json\/wp\/v2\/comments?post=2625"}],"version-history":[{"count":1,"href":"https:\/\/cvinoticias.com\/v3\/wp-json\/wp\/v2\/posts\/2625\/revisions"}],"predecessor-version":[{"id":2627,"href":"https:\/\/cvinoticias.com\/v3\/wp-json\/wp\/v2\/posts\/2625\/revisions\/2627"}],"wp:featuredmedia":[{"embeddable":true,"href":"https:\/\/cvinoticias.com\/v3\/wp-json\/wp\/v2\/media\/2626"}],"wp:attachment":[{"href":"https:\/\/cvinoticias.com\/v3\/wp-json\/wp\/v2\/media?parent=2625"}],"wp:term":[{"taxonomy":"category","embeddable":true,"href":"https:\/\/cvinoticias.com\/v3\/wp-json\/wp\/v2\/categories?post=2625"},{"taxonomy":"post_tag","embeddable":true,"href":"https:\/\/cvinoticias.com\/v3\/wp-json\/wp\/v2\/tags?post=2625"}],"curies":[{"name":"wp","href":"https:\/\/api.w.org\/{rel}","templated":true}]}}