{"id":2622,"date":"2021-02-11T03:38:31","date_gmt":"2021-02-11T03:38:31","guid":{"rendered":"https:\/\/cvinoticias.com\/v3\/?p=2622"},"modified":"2021-02-11T03:38:31","modified_gmt":"2021-02-11T03:38:31","slug":"norma-silvero-es-la-nueva-directora-de-asuntos-guaranies","status":"publish","type":"post","link":"https:\/\/cvinoticias.com\/v3\/norma-silvero-es-la-nueva-directora-de-asuntos-guaranies\/","title":{"rendered":"Norma Silvero es la nueva Directora de Asuntos Guaran\u00edes"},"content":{"rendered":"\n<p><strong><em>El gobernador Oscar Herrera Ahuad solicit\u00f3 este mi\u00e9rcoles 10 de febrero la remoci\u00f3n del director de Asuntos Guaran\u00edes de la provincia, Arnulfo \u201cMiki\u201d Ver\u00f3n.<\/em><\/strong><\/p>\n\n\n\n<p>En el lugar de Ver\u00f3n, fue designada Norma Silvero, oriunda de Hip\u00f3lito Yrigoyen y actualmente se desempe\u00f1aba como T\u00e9cnica Territorial en Comunidades Mbya Guaran\u00ed del ministerio de Agricultura Familiar de la provincia.<\/p>\n\n\n\n<p>Cabe recordar que, durante la \u00faltima movilizaci\u00f3n a Posadas, caciques y miembros de las comunidades mbya se entrevistaron con el gobernador Herrera Ahuad, a fin de expresar los cuestionamientos que sosten\u00edan el pedido de apartamiento.<\/p>\n","protected":false},"excerpt":{"rendered":"<p>El gobernador Oscar Herrera Ahuad solicit\u00f3 este mi\u00e9rcoles 10 de febrero la remoci\u00f3n del director de Asuntos Guaran\u00edes de la provincia, Arnulfo \u201cMiki\u201d Ver\u00f3n. En el lugar de Ver\u00f3n, fue designada Norma Silvero, oriunda de Hip\u00f3lito Yrigoyen y actualmente se desempe\u00f1aba como T\u00e9cnica Territorial en Comunidades Mbya Guaran\u00ed del ministerio de Agricultura Familiar de la [&hellip;]<\/p>\n","protected":false},"author":2,"featured_media":2623,"comment_status":"open","ping_status":"open","sticky":false,"template":"","format":"standard","meta":{"footnotes":""},"categories":[43],"tags":[],"class_list":["post-2622","post","type-post","status-publish","format-standard","has-post-thumbnail","hentry","category-provinciales"],"yoast_head":"<!-- This site is optimized with the Yoast SEO plugin v27.5 - https:\/\/yoast.com\/product\/yoast-seo-wordpress\/ -->\n<title>Norma Silvero es la nueva Directora de Asuntos Guaran\u00edes | CVI NOTICIAS<\/title>\n<meta name=\"robots\" content=\"index, follow, max-snippet:-1, max-image-preview:large, max-video-preview:-1\" \/>\n<link rel=\"canonical\" href=\"https:\/\/cvinoticias.com\/v3\/norma-silvero-es-la-nueva-directora-de-asuntos-guaranies\/\" \/>\n<meta property=\"og:locale\" content=\"es_ES\" \/>\n<meta property=\"og:type\" content=\"article\" \/>\n<meta property=\"og:title\" content=\"Norma Silvero es la nueva Directora de Asuntos Guaran\u00edes | CVI NOTICIAS\" \/>\n<meta property=\"og:description\" content=\"El gobernador Oscar Herrera Ahuad solicit\u00f3 este mi\u00e9rcoles 10 de febrero la remoci\u00f3n del director de Asuntos Guaran\u00edes de la provincia, Arnulfo \u201cMiki\u201d Ver\u00f3n. En el lugar de Ver\u00f3n, fue designada Norma Silvero, oriunda de Hip\u00f3lito Yrigoyen y actualmente se desempe\u00f1aba como T\u00e9cnica Territorial en Comunidades Mbya Guaran\u00ed del ministerio de Agricultura Familiar de la [&hellip;]\" \/>\n<meta property=\"og:url\" content=\"https:\/\/cvinoticias.com\/v3\/norma-silvero-es-la-nueva-directora-de-asuntos-guaranies\/\" \/>\n<meta property=\"og:site_name\" content=\"CVI NOTICIAS\" \/>\n<meta property=\"article:publisher\" content=\"https:\/\/www.facebook.com\/cvinoticias\" \/>\n<meta property=\"article:published_time\" content=\"2021-02-11T03:38:31+00:00\" \/>\n<meta property=\"og:image\" content=\"https:\/\/cvinoticias.com\/wp-content\/uploads\/2021\/02\/WhatsApp-Image-2021-02-10-at-19.54.09-730x730-1-500x282-1.jpeg\" \/>\n\t<meta property=\"og:image:width\" content=\"500\" \/>\n\t<meta property=\"og:image:height\" content=\"282\" \/>\n\t<meta property=\"og:image:type\" content=\"image\/jpeg\" \/>\n<meta name=\"author\" content=\"f1000024\" \/>\n<meta name=\"twitter:card\" content=\"summary_large_image\" \/>\n<meta name=\"twitter:label1\" content=\"Escrito por\" \/>\n\t<meta name=\"twitter:data1\" content=\"f1000024\" \/>\n\t<meta name=\"twitter:label2\" content=\"Tiempo de lectura\" \/>\n\t<meta name=\"twitter:data2\" content=\"1 minuto\" \/>\n<script type=\"application\/ld+json\" class=\"yoast-schema-graph\">{\"@context\":\"https:\\\/\\\/schema.org\",\"@graph\":[{\"@type\":\"Article\",\"@id\":\"https:\\\/\\\/cvinoticias.com\\\/v3\\\/norma-silvero-es-la-nueva-directora-de-asuntos-guaranies\\\/#article\",\"isPartOf\":{\"@id\":\"https:\\\/\\\/cvinoticias.com\\\/v3\\\/norma-silvero-es-la-nueva-directora-de-asuntos-guaranies\\\/\"},\"author\":{\"name\":\"f1000024\",\"@id\":\"https:\\\/\\\/cvinoticias.com\\\/v3\\\/#\\\/schema\\\/person\\\/2db77e3c6bc03c538495d7b2b8be9b66\"},\"headline\":\"Norma Silvero es la nueva Directora de Asuntos Guaran\u00edes\",\"datePublished\":\"2021-02-11T03:38:31+00:00\",\"mainEntityOfPage\":{\"@id\":\"https:\\\/\\\/cvinoticias.com\\\/v3\\\/norma-silvero-es-la-nueva-directora-de-asuntos-guaranies\\\/\"},\"wordCount\":110,\"commentCount\":0,\"publisher\":{\"@id\":\"https:\\\/\\\/cvinoticias.com\\\/v3\\\/#organization\"},\"image\":{\"@id\":\"https:\\\/\\\/cvinoticias.com\\\/v3\\\/norma-silvero-es-la-nueva-directora-de-asuntos-guaranies\\\/#primaryimage\"},\"thumbnailUrl\":\"https:\\\/\\\/cvinoticias.com\\\/wp-content\\\/uploads\\\/2021\\\/02\\\/WhatsApp-Image-2021-02-10-at-19.54.09-730x730-1-500x282-1.jpeg\",\"articleSection\":[\"Provinciales\"],\"inLanguage\":\"es\",\"potentialAction\":[{\"@type\":\"CommentAction\",\"name\":\"Comment\",\"target\":[\"https:\\\/\\\/cvinoticias.com\\\/v3\\\/norma-silvero-es-la-nueva-directora-de-asuntos-guaranies\\\/#respond\"]}]},{\"@type\":\"WebPage\",\"@id\":\"https:\\\/\\\/cvinoticias.com\\\/v3\\\/norma-silvero-es-la-nueva-directora-de-asuntos-guaranies\\\/\",\"url\":\"https:\\\/\\\/cvinoticias.com\\\/v3\\\/norma-silvero-es-la-nueva-directora-de-asuntos-guaranies\\\/\",\"name\":\"Norma Silvero es la nueva Directora de Asuntos Guaran\u00edes | CVI NOTICIAS\",\"isPartOf\":{\"@id\":\"https:\\\/\\\/cvinoticias.com\\\/v3\\\/#website\"},\"primaryImageOfPage\":{\"@id\":\"https:\\\/\\\/cvinoticias.com\\\/v3\\\/norma-silvero-es-la-nueva-directora-de-asuntos-guaranies\\\/#primaryimage\"},\"image\":{\"@id\":\"https:\\\/\\\/cvinoticias.com\\\/v3\\\/norma-silvero-es-la-nueva-directora-de-asuntos-guaranies\\\/#primaryimage\"},\"thumbnailUrl\":\"https:\\\/\\\/cvinoticias.com\\\/wp-content\\\/uploads\\\/2021\\\/02\\\/WhatsApp-Image-2021-02-10-at-19.54.09-730x730-1-500x282-1.jpeg\",\"datePublished\":\"2021-02-11T03:38:31+00:00\",\"breadcrumb\":{\"@id\":\"https:\\\/\\\/cvinoticias.com\\\/v3\\\/norma-silvero-es-la-nueva-directora-de-asuntos-guaranies\\\/#breadcrumb\"},\"inLanguage\":\"es\",\"potentialAction\":[{\"@type\":\"ReadAction\",\"target\":[\"https:\\\/\\\/cvinoticias.com\\\/v3\\\/norma-silvero-es-la-nueva-directora-de-asuntos-guaranies\\\/\"]}]},{\"@type\":\"ImageObject\",\"inLanguage\":\"es\",\"@id\":\"https:\\\/\\\/cvinoticias.com\\\/v3\\\/norma-silvero-es-la-nueva-directora-de-asuntos-guaranies\\\/#primaryimage\",\"url\":\"https:\\\/\\\/cvinoticias.com\\\/wp-content\\\/uploads\\\/2021\\\/02\\\/WhatsApp-Image-2021-02-10-at-19.54.09-730x730-1-500x282-1.jpeg\",\"contentUrl\":\"https:\\\/\\\/cvinoticias.com\\\/wp-content\\\/uploads\\\/2021\\\/02\\\/WhatsApp-Image-2021-02-10-at-19.54.09-730x730-1-500x282-1.jpeg\",\"width\":500,\"height\":282},{\"@type\":\"BreadcrumbList\",\"@id\":\"https:\\\/\\\/cvinoticias.com\\\/v3\\\/norma-silvero-es-la-nueva-directora-de-asuntos-guaranies\\\/#breadcrumb\",\"itemListElement\":[{\"@type\":\"ListItem\",\"position\":1,\"name\":\"Portada\",\"item\":\"https:\\\/\\\/cvinoticias.com\\\/v3\\\/\"},{\"@type\":\"ListItem\",\"position\":2,\"name\":\"Norma Silvero es la nueva Directora de Asuntos Guaran\u00edes\"}]},{\"@type\":\"WebSite\",\"@id\":\"https:\\\/\\\/cvinoticias.com\\\/v3\\\/#website\",\"url\":\"https:\\\/\\\/cvinoticias.com\\\/v3\\\/\",\"name\":\"CVI NOTICIAS\",\"description\":\"\",\"publisher\":{\"@id\":\"https:\\\/\\\/cvinoticias.com\\\/v3\\\/#organization\"},\"alternateName\":\"CVI\",\"potentialAction\":[{\"@type\":\"SearchAction\",\"target\":{\"@type\":\"EntryPoint\",\"urlTemplate\":\"https:\\\/\\\/cvinoticias.com\\\/v3\\\/?s={search_term_string}\"},\"query-input\":{\"@type\":\"PropertyValueSpecification\",\"valueRequired\":true,\"valueName\":\"search_term_string\"}}],\"inLanguage\":\"es\"},{\"@type\":\"Organization\",\"@id\":\"https:\\\/\\\/cvinoticias.com\\\/v3\\\/#organization\",\"name\":\"CVI NOTICIAS\",\"url\":\"https:\\\/\\\/cvinoticias.com\\\/v3\\\/\",\"logo\":{\"@type\":\"ImageObject\",\"inLanguage\":\"es\",\"@id\":\"https:\\\/\\\/cvinoticias.com\\\/v3\\\/#\\\/schema\\\/logo\\\/image\\\/\",\"url\":\"https:\\\/\\\/cvinoticias.com\\\/wp-content\\\/uploads\\\/2023\\\/04\\\/cropped-cropped-cropped-cropped-cropped-3-1.png\",\"contentUrl\":\"https:\\\/\\\/cvinoticias.com\\\/wp-content\\\/uploads\\\/2023\\\/04\\\/cropped-cropped-cropped-cropped-cropped-3-1.png\",\"width\":95,\"height\":122,\"caption\":\"CVI NOTICIAS\"},\"image\":{\"@id\":\"https:\\\/\\\/cvinoticias.com\\\/v3\\\/#\\\/schema\\\/logo\\\/image\\\/\"},\"sameAs\":[\"https:\\\/\\\/www.facebook.com\\\/cvinoticias\",\"https:\\\/\\\/www.instagram.com\\\/cvinoticias\\\/\",\"https:\\\/\\\/www.youtube.com\\\/@CVINOTICIAS\"]},{\"@type\":\"Person\",\"@id\":\"https:\\\/\\\/cvinoticias.com\\\/v3\\\/#\\\/schema\\\/person\\\/2db77e3c6bc03c538495d7b2b8be9b66\",\"name\":\"f1000024\",\"image\":{\"@type\":\"ImageObject\",\"inLanguage\":\"es\",\"@id\":\"https:\\\/\\\/secure.gravatar.com\\\/avatar\\\/d4fe7459cfc51ff5129ce1a732bbef5928568b8092d412ef95611616376bbeed?s=96&d=mm&r=g\",\"url\":\"https:\\\/\\\/secure.gravatar.com\\\/avatar\\\/d4fe7459cfc51ff5129ce1a732bbef5928568b8092d412ef95611616376bbeed?s=96&d=mm&r=g\",\"contentUrl\":\"https:\\\/\\\/secure.gravatar.com\\\/avatar\\\/d4fe7459cfc51ff5129ce1a732bbef5928568b8092d412ef95611616376bbeed?s=96&d=mm&r=g\",\"caption\":\"f1000024\"},\"url\":\"https:\\\/\\\/cvinoticias.com\\\/v3\\\/author\\\/f1000024\\\/\"}]}<\/script>\n<!-- \/ Yoast SEO plugin. -->","yoast_head_json":{"title":"Norma Silvero es la nueva Directora de Asuntos Guaran\u00edes | CVI NOTICIAS","robots":{"index":"index","follow":"follow","max-snippet":"max-snippet:-1","max-image-preview":"max-image-preview:large","max-video-preview":"max-video-preview:-1"},"canonical":"https:\/\/cvinoticias.com\/v3\/norma-silvero-es-la-nueva-directora-de-asuntos-guaranies\/","og_locale":"es_ES","og_type":"article","og_title":"Norma Silvero es la nueva Directora de Asuntos Guaran\u00edes | CVI NOTICIAS","og_description":"El gobernador Oscar Herrera Ahuad solicit\u00f3 este mi\u00e9rcoles 10 de febrero la remoci\u00f3n del director de Asuntos Guaran\u00edes de la provincia, Arnulfo \u201cMiki\u201d Ver\u00f3n. En el lugar de Ver\u00f3n, fue designada Norma Silvero, oriunda de Hip\u00f3lito Yrigoyen y actualmente se desempe\u00f1aba como T\u00e9cnica Territorial en Comunidades Mbya Guaran\u00ed del ministerio de Agricultura Familiar de la [&hellip;]","og_url":"https:\/\/cvinoticias.com\/v3\/norma-silvero-es-la-nueva-directora-de-asuntos-guaranies\/","og_site_name":"CVI NOTICIAS","article_publisher":"https:\/\/www.facebook.com\/cvinoticias","article_published_time":"2021-02-11T03:38:31+00:00","og_image":[{"width":500,"height":282,"url":"https:\/\/cvinoticias.com\/wp-content\/uploads\/2021\/02\/WhatsApp-Image-2021-02-10-at-19.54.09-730x730-1-500x282-1.jpeg","type":"image\/jpeg"}],"author":"f1000024","twitter_card":"summary_large_image","twitter_misc":{"Escrito por":"f1000024","Tiempo de lectura":"1 minuto"},"schema":{"@context":"https:\/\/schema.org","@graph":[{"@type":"Article","@id":"https:\/\/cvinoticias.com\/v3\/norma-silvero-es-la-nueva-directora-de-asuntos-guaranies\/#article","isPartOf":{"@id":"https:\/\/cvinoticias.com\/v3\/norma-silvero-es-la-nueva-directora-de-asuntos-guaranies\/"},"author":{"name":"f1000024","@id":"https:\/\/cvinoticias.com\/v3\/#\/schema\/person\/2db77e3c6bc03c538495d7b2b8be9b66"},"headline":"Norma Silvero es la nueva Directora de Asuntos Guaran\u00edes","datePublished":"2021-02-11T03:38:31+00:00","mainEntityOfPage":{"@id":"https:\/\/cvinoticias.com\/v3\/norma-silvero-es-la-nueva-directora-de-asuntos-guaranies\/"},"wordCount":110,"commentCount":0,"publisher":{"@id":"https:\/\/cvinoticias.com\/v3\/#organization"},"image":{"@id":"https:\/\/cvinoticias.com\/v3\/norma-silvero-es-la-nueva-directora-de-asuntos-guaranies\/#primaryimage"},"thumbnailUrl":"https:\/\/cvinoticias.com\/wp-content\/uploads\/2021\/02\/WhatsApp-Image-2021-02-10-at-19.54.09-730x730-1-500x282-1.jpeg","articleSection":["Provinciales"],"inLanguage":"es","potentialAction":[{"@type":"CommentAction","name":"Comment","target":["https:\/\/cvinoticias.com\/v3\/norma-silvero-es-la-nueva-directora-de-asuntos-guaranies\/#respond"]}]},{"@type":"WebPage","@id":"https:\/\/cvinoticias.com\/v3\/norma-silvero-es-la-nueva-directora-de-asuntos-guaranies\/","url":"https:\/\/cvinoticias.com\/v3\/norma-silvero-es-la-nueva-directora-de-asuntos-guaranies\/","name":"Norma Silvero es la nueva Directora de Asuntos Guaran\u00edes | CVI NOTICIAS","isPartOf":{"@id":"https:\/\/cvinoticias.com\/v3\/#website"},"primaryImageOfPage":{"@id":"https:\/\/cvinoticias.com\/v3\/norma-silvero-es-la-nueva-directora-de-asuntos-guaranies\/#primaryimage"},"image":{"@id":"https:\/\/cvinoticias.com\/v3\/norma-silvero-es-la-nueva-directora-de-asuntos-guaranies\/#primaryimage"},"thumbnailUrl":"https:\/\/cvinoticias.com\/wp-content\/uploads\/2021\/02\/WhatsApp-Image-2021-02-10-at-19.54.09-730x730-1-500x282-1.jpeg","datePublished":"2021-02-11T03:38:31+00:00","breadcrumb":{"@id":"https:\/\/cvinoticias.com\/v3\/norma-silvero-es-la-nueva-directora-de-asuntos-guaranies\/#breadcrumb"},"inLanguage":"es","potentialAction":[{"@type":"ReadAction","target":["https:\/\/cvinoticias.com\/v3\/norma-silvero-es-la-nueva-directora-de-asuntos-guaranies\/"]}]},{"@type":"ImageObject","inLanguage":"es","@id":"https:\/\/cvinoticias.com\/v3\/norma-silvero-es-la-nueva-directora-de-asuntos-guaranies\/#primaryimage","url":"https:\/\/cvinoticias.com\/wp-content\/uploads\/2021\/02\/WhatsApp-Image-2021-02-10-at-19.54.09-730x730-1-500x282-1.jpeg","contentUrl":"https:\/\/cvinoticias.com\/wp-content\/uploads\/2021\/02\/WhatsApp-Image-2021-02-10-at-19.54.09-730x730-1-500x282-1.jpeg","width":500,"height":282},{"@type":"BreadcrumbList","@id":"https:\/\/cvinoticias.com\/v3\/norma-silvero-es-la-nueva-directora-de-asuntos-guaranies\/#breadcrumb","itemListElement":[{"@type":"ListItem","position":1,"name":"Portada","item":"https:\/\/cvinoticias.com\/v3\/"},{"@type":"ListItem","position":2,"name":"Norma Silvero es la nueva Directora de Asuntos Guaran\u00edes"}]},{"@type":"WebSite","@id":"https:\/\/cvinoticias.com\/v3\/#website","url":"https:\/\/cvinoticias.com\/v3\/","name":"CVI NOTICIAS","description":"","publisher":{"@id":"https:\/\/cvinoticias.com\/v3\/#organization"},"alternateName":"CVI","potentialAction":[{"@type":"SearchAction","target":{"@type":"EntryPoint","urlTemplate":"https:\/\/cvinoticias.com\/v3\/?s={search_term_string}"},"query-input":{"@type":"PropertyValueSpecification","valueRequired":true,"valueName":"search_term_string"}}],"inLanguage":"es"},{"@type":"Organization","@id":"https:\/\/cvinoticias.com\/v3\/#organization","name":"CVI NOTICIAS","url":"https:\/\/cvinoticias.com\/v3\/","logo":{"@type":"ImageObject","inLanguage":"es","@id":"https:\/\/cvinoticias.com\/v3\/#\/schema\/logo\/image\/","url":"https:\/\/cvinoticias.com\/wp-content\/uploads\/2023\/04\/cropped-cropped-cropped-cropped-cropped-3-1.png","contentUrl":"https:\/\/cvinoticias.com\/wp-content\/uploads\/2023\/04\/cropped-cropped-cropped-cropped-cropped-3-1.png","width":95,"height":122,"caption":"CVI NOTICIAS"},"image":{"@id":"https:\/\/cvinoticias.com\/v3\/#\/schema\/logo\/image\/"},"sameAs":["https:\/\/www.facebook.com\/cvinoticias","https:\/\/www.instagram.com\/cvinoticias\/","https:\/\/www.youtube.com\/@CVINOTICIAS"]},{"@type":"Person","@id":"https:\/\/cvinoticias.com\/v3\/#\/schema\/person\/2db77e3c6bc03c538495d7b2b8be9b66","name":"f1000024","image":{"@type":"ImageObject","inLanguage":"es","@id":"https:\/\/secure.gravatar.com\/avatar\/d4fe7459cfc51ff5129ce1a732bbef5928568b8092d412ef95611616376bbeed?s=96&d=mm&r=g","url":"https:\/\/secure.gravatar.com\/avatar\/d4fe7459cfc51ff5129ce1a732bbef5928568b8092d412ef95611616376bbeed?s=96&d=mm&r=g","contentUrl":"https:\/\/secure.gravatar.com\/avatar\/d4fe7459cfc51ff5129ce1a732bbef5928568b8092d412ef95611616376bbeed?s=96&d=mm&r=g","caption":"f1000024"},"url":"https:\/\/cvinoticias.com\/v3\/author\/f1000024\/"}]}},"_links":{"self":[{"href":"https:\/\/cvinoticias.com\/v3\/wp-json\/wp\/v2\/posts\/2622","targetHints":{"allow":["GET"]}}],"collection":[{"href":"https:\/\/cvinoticias.com\/v3\/wp-json\/wp\/v2\/posts"}],"about":[{"href":"https:\/\/cvinoticias.com\/v3\/wp-json\/wp\/v2\/types\/post"}],"author":[{"embeddable":true,"href":"https:\/\/cvinoticias.com\/v3\/wp-json\/wp\/v2\/users\/2"}],"replies":[{"embeddable":true,"href":"https:\/\/cvinoticias.com\/v3\/wp-json\/wp\/v2\/comments?post=2622"}],"version-history":[{"count":1,"href":"https:\/\/cvinoticias.com\/v3\/wp-json\/wp\/v2\/posts\/2622\/revisions"}],"predecessor-version":[{"id":2624,"href":"https:\/\/cvinoticias.com\/v3\/wp-json\/wp\/v2\/posts\/2622\/revisions\/2624"}],"wp:featuredmedia":[{"embeddable":true,"href":"https:\/\/cvinoticias.com\/v3\/wp-json\/wp\/v2\/media\/2623"}],"wp:attachment":[{"href":"https:\/\/cvinoticias.com\/v3\/wp-json\/wp\/v2\/media?parent=2622"}],"wp:term":[{"taxonomy":"category","embeddable":true,"href":"https:\/\/cvinoticias.com\/v3\/wp-json\/wp\/v2\/categories?post=2622"},{"taxonomy":"post_tag","embeddable":true,"href":"https:\/\/cvinoticias.com\/v3\/wp-json\/wp\/v2\/tags?post=2622"}],"curies":[{"name":"wp","href":"https:\/\/api.w.org\/{rel}","templated":true}]}}