{"id":26193,"date":"2023-07-11T11:33:44","date_gmt":"2023-07-11T11:33:44","guid":{"rendered":"https:\/\/cvinoticias.com\/v3\/?p=26193"},"modified":"2023-07-11T11:33:44","modified_gmt":"2023-07-11T11:33:44","slug":"murio-una-turista-varada-en-un-corte-de-ruta-en-jujuy","status":"publish","type":"post","link":"https:\/\/cvinoticias.com\/v3\/murio-una-turista-varada-en-un-corte-de-ruta-en-jujuy\/","title":{"rendered":"Muri\u00f3 una turista varada en un corte de ruta en Jujuy"},"content":{"rendered":"\n<p class=\"wp-block-paragraph\"><strong><em>A casi un mes de los primeros cortes de ruta en Jujuy por parte de pueblos originarios que rechazan la reforma constitucional del gobernador Gerardo Morales, contin\u00faan los piquetes en distintos puntos de la provincia. <\/em><\/strong><\/p>\n\n\n\n<p class=\"wp-block-paragraph\">Ayer los bloqueos derivaron en una tragedia: una mujer de 66 a\u00f1os muri\u00f3. La v\u00edctima, una turista de nacionalidad boliviana, sufri\u00f3 una descompensaci\u00f3n a bordo del micro que la transportaba mientras estaba varado por un corte de ruta antes del ingreso a la localidad juje\u00f1a de Abra Pampa.<\/p>\n\n\n\n<p class=\"wp-block-paragraph\">El hecho ocurri\u00f3 el domingo sobre la ruta nacional 9, cuando el bus de larga distancia esperaba que los manifestantes habilitaran el paso. Virginia Florez G\u00f3mez se desmay\u00f3. Tras dar aviso al servicio de emergencias, fue trasladada al hospital. Pero, al llegar al centro de salud, no pudieron reanimarla. El parte m\u00e9dico indica que falleci\u00f3 de un paro cardiorrespiratorio.<\/p>\n","protected":false},"excerpt":{"rendered":"<p>A casi un mes de los primeros cortes de ruta en Jujuy por parte de pueblos originarios que rechazan la reforma constitucional del gobernador Gerardo Morales, contin\u00faan los piquetes en distintos puntos de la provincia. Ayer los bloqueos derivaron en una tragedia: una mujer de 66 a\u00f1os muri\u00f3. La v\u00edctima, una turista de nacionalidad boliviana, [&hellip;]<\/p>\n","protected":false},"author":2,"featured_media":26194,"comment_status":"open","ping_status":"open","sticky":false,"template":"","format":"standard","meta":{"footnotes":""},"categories":[39],"tags":[],"class_list":["post-26193","post","type-post","status-publish","format-standard","has-post-thumbnail","hentry","category-nacionales"],"yoast_head":"<!-- This site is optimized with the Yoast SEO plugin v28.4 - https:\/\/yoast.com\/product\/yoast-seo-wordpress\/ -->\n<title>Muri\u00f3 una turista varada en un corte de ruta en Jujuy | CVI NOTICIAS<\/title>\n<meta name=\"robots\" content=\"index, follow, max-snippet:-1, max-image-preview:large, max-video-preview:-1\" \/>\n<link rel=\"canonical\" href=\"https:\/\/cvinoticias.com\/v3\/murio-una-turista-varada-en-un-corte-de-ruta-en-jujuy\/\" \/>\n<meta property=\"og:locale\" content=\"es_ES\" \/>\n<meta property=\"og:type\" content=\"article\" \/>\n<meta property=\"og:title\" content=\"Muri\u00f3 una turista varada en un corte de ruta en Jujuy | CVI NOTICIAS\" \/>\n<meta property=\"og:description\" content=\"A casi un mes de los primeros cortes de ruta en Jujuy por parte de pueblos originarios que rechazan la reforma constitucional del gobernador Gerardo Morales, contin\u00faan los piquetes en distintos puntos de la provincia. Ayer los bloqueos derivaron en una tragedia: una mujer de 66 a\u00f1os muri\u00f3. La v\u00edctima, una turista de nacionalidad boliviana, [&hellip;]\" \/>\n<meta property=\"og:url\" content=\"https:\/\/cvinoticias.com\/v3\/murio-una-turista-varada-en-un-corte-de-ruta-en-jujuy\/\" \/>\n<meta property=\"og:site_name\" content=\"CVI NOTICIAS\" \/>\n<meta property=\"article:publisher\" content=\"https:\/\/www.facebook.com\/cvinoticias\" \/>\n<meta property=\"article:published_time\" content=\"2023-07-11T11:33:44+00:00\" \/>\n<meta property=\"og:image\" content=\"https:\/\/cvinoticias.com\/wp-content\/uploads\/2023\/07\/Screenshot_20230711_083312_Facebook.jpg\" \/>\n\t<meta property=\"og:image:width\" content=\"1079\" \/>\n\t<meta property=\"og:image:height\" content=\"596\" \/>\n\t<meta property=\"og:image:type\" content=\"image\/jpeg\" \/>\n<meta name=\"author\" content=\"f1000024\" \/>\n<meta name=\"twitter:card\" content=\"summary_large_image\" \/>\n<meta name=\"twitter:label1\" content=\"Escrito por\" \/>\n\t<meta name=\"twitter:data1\" content=\"f1000024\" \/>\n\t<meta name=\"twitter:label2\" content=\"Tiempo de lectura\" \/>\n\t<meta name=\"twitter:data2\" content=\"1 minuto\" \/>\n<script type=\"application\/ld+json\" class=\"yoast-schema-graph\">{\"@context\":\"https:\\\/\\\/schema.org\",\"@graph\":[{\"@type\":\"Article\",\"@id\":\"https:\\\/\\\/cvinoticias.com\\\/v3\\\/murio-una-turista-varada-en-un-corte-de-ruta-en-jujuy\\\/#article\",\"isPartOf\":{\"@id\":\"https:\\\/\\\/cvinoticias.com\\\/v3\\\/murio-una-turista-varada-en-un-corte-de-ruta-en-jujuy\\\/\"},\"author\":{\"name\":\"f1000024\",\"@id\":\"https:\\\/\\\/cvinoticias.com\\\/v3\\\/#\\\/schema\\\/person\\\/2db77e3c6bc03c538495d7b2b8be9b66\"},\"headline\":\"Muri\u00f3 una turista varada en un corte de ruta en Jujuy\",\"datePublished\":\"2023-07-11T11:33:44+00:00\",\"mainEntityOfPage\":{\"@id\":\"https:\\\/\\\/cvinoticias.com\\\/v3\\\/murio-una-turista-varada-en-un-corte-de-ruta-en-jujuy\\\/\"},\"wordCount\":158,\"commentCount\":0,\"publisher\":{\"@id\":\"https:\\\/\\\/cvinoticias.com\\\/v3\\\/#organization\"},\"image\":{\"@id\":\"https:\\\/\\\/cvinoticias.com\\\/v3\\\/murio-una-turista-varada-en-un-corte-de-ruta-en-jujuy\\\/#primaryimage\"},\"thumbnailUrl\":\"https:\\\/\\\/cvinoticias.com\\\/wp-content\\\/uploads\\\/2023\\\/07\\\/Screenshot_20230711_083312_Facebook.jpg\",\"articleSection\":[\"Nacionales\"],\"inLanguage\":\"es\",\"potentialAction\":[{\"@type\":\"CommentAction\",\"name\":\"Comment\",\"target\":[\"https:\\\/\\\/cvinoticias.com\\\/v3\\\/murio-una-turista-varada-en-un-corte-de-ruta-en-jujuy\\\/#respond\"]}]},{\"@type\":\"WebPage\",\"@id\":\"https:\\\/\\\/cvinoticias.com\\\/v3\\\/murio-una-turista-varada-en-un-corte-de-ruta-en-jujuy\\\/\",\"url\":\"https:\\\/\\\/cvinoticias.com\\\/v3\\\/murio-una-turista-varada-en-un-corte-de-ruta-en-jujuy\\\/\",\"name\":\"Muri\u00f3 una turista varada en un corte de ruta en Jujuy | CVI NOTICIAS\",\"isPartOf\":{\"@id\":\"https:\\\/\\\/cvinoticias.com\\\/v3\\\/#website\"},\"primaryImageOfPage\":{\"@id\":\"https:\\\/\\\/cvinoticias.com\\\/v3\\\/murio-una-turista-varada-en-un-corte-de-ruta-en-jujuy\\\/#primaryimage\"},\"image\":{\"@id\":\"https:\\\/\\\/cvinoticias.com\\\/v3\\\/murio-una-turista-varada-en-un-corte-de-ruta-en-jujuy\\\/#primaryimage\"},\"thumbnailUrl\":\"https:\\\/\\\/cvinoticias.com\\\/wp-content\\\/uploads\\\/2023\\\/07\\\/Screenshot_20230711_083312_Facebook.jpg\",\"datePublished\":\"2023-07-11T11:33:44+00:00\",\"breadcrumb\":{\"@id\":\"https:\\\/\\\/cvinoticias.com\\\/v3\\\/murio-una-turista-varada-en-un-corte-de-ruta-en-jujuy\\\/#breadcrumb\"},\"inLanguage\":\"es\",\"potentialAction\":[{\"@type\":\"ReadAction\",\"target\":[\"https:\\\/\\\/cvinoticias.com\\\/v3\\\/murio-una-turista-varada-en-un-corte-de-ruta-en-jujuy\\\/\"]}]},{\"@type\":\"ImageObject\",\"inLanguage\":\"es\",\"@id\":\"https:\\\/\\\/cvinoticias.com\\\/v3\\\/murio-una-turista-varada-en-un-corte-de-ruta-en-jujuy\\\/#primaryimage\",\"url\":\"https:\\\/\\\/cvinoticias.com\\\/wp-content\\\/uploads\\\/2023\\\/07\\\/Screenshot_20230711_083312_Facebook.jpg\",\"contentUrl\":\"https:\\\/\\\/cvinoticias.com\\\/wp-content\\\/uploads\\\/2023\\\/07\\\/Screenshot_20230711_083312_Facebook.jpg\",\"width\":1079,\"height\":596},{\"@type\":\"BreadcrumbList\",\"@id\":\"https:\\\/\\\/cvinoticias.com\\\/v3\\\/murio-una-turista-varada-en-un-corte-de-ruta-en-jujuy\\\/#breadcrumb\",\"itemListElement\":[{\"@type\":\"ListItem\",\"position\":1,\"name\":\"Portada\",\"item\":\"https:\\\/\\\/cvinoticias.com\\\/v3\\\/\"},{\"@type\":\"ListItem\",\"position\":2,\"name\":\"Muri\u00f3 una turista varada en un corte de ruta en Jujuy\"}]},{\"@type\":\"WebSite\",\"@id\":\"https:\\\/\\\/cvinoticias.com\\\/v3\\\/#website\",\"url\":\"https:\\\/\\\/cvinoticias.com\\\/v3\\\/\",\"name\":\"CVI NOTICIAS\",\"description\":\"\",\"publisher\":{\"@id\":\"https:\\\/\\\/cvinoticias.com\\\/v3\\\/#organization\"},\"alternateName\":\"CVI\",\"potentialAction\":[{\"@type\":\"SearchAction\",\"target\":{\"@type\":\"EntryPoint\",\"urlTemplate\":\"https:\\\/\\\/cvinoticias.com\\\/v3\\\/?s={search_term_string}\"},\"query-input\":{\"@type\":\"PropertyValueSpecification\",\"valueRequired\":true,\"valueName\":\"search_term_string\"}}],\"inLanguage\":\"es\"},{\"@type\":\"Organization\",\"@id\":\"https:\\\/\\\/cvinoticias.com\\\/v3\\\/#organization\",\"name\":\"CVI NOTICIAS\",\"url\":\"https:\\\/\\\/cvinoticias.com\\\/v3\\\/\",\"logo\":{\"@type\":\"ImageObject\",\"inLanguage\":\"es\",\"@id\":\"https:\\\/\\\/cvinoticias.com\\\/v3\\\/#\\\/schema\\\/logo\\\/image\\\/\",\"url\":\"https:\\\/\\\/cvinoticias.com\\\/wp-content\\\/uploads\\\/2023\\\/04\\\/cropped-cropped-cropped-cropped-cropped-3-1.png\",\"contentUrl\":\"https:\\\/\\\/cvinoticias.com\\\/wp-content\\\/uploads\\\/2023\\\/04\\\/cropped-cropped-cropped-cropped-cropped-3-1.png\",\"width\":95,\"height\":122,\"caption\":\"CVI NOTICIAS\"},\"image\":{\"@id\":\"https:\\\/\\\/cvinoticias.com\\\/v3\\\/#\\\/schema\\\/logo\\\/image\\\/\"},\"sameAs\":[\"https:\\\/\\\/www.facebook.com\\\/cvinoticias\",\"https:\\\/\\\/www.instagram.com\\\/cvinoticias\\\/\",\"https:\\\/\\\/www.youtube.com\\\/@CVINOTICIAS\"]},{\"@type\":\"Person\",\"@id\":\"https:\\\/\\\/cvinoticias.com\\\/v3\\\/#\\\/schema\\\/person\\\/2db77e3c6bc03c538495d7b2b8be9b66\",\"name\":\"f1000024\",\"image\":{\"@type\":\"ImageObject\",\"inLanguage\":\"es\",\"@id\":\"https:\\\/\\\/secure.gravatar.com\\\/avatar\\\/d4fe7459cfc51ff5129ce1a732bbef5928568b8092d412ef95611616376bbeed?s=96&d=mm&r=g\",\"url\":\"https:\\\/\\\/secure.gravatar.com\\\/avatar\\\/d4fe7459cfc51ff5129ce1a732bbef5928568b8092d412ef95611616376bbeed?s=96&d=mm&r=g\",\"contentUrl\":\"https:\\\/\\\/secure.gravatar.com\\\/avatar\\\/d4fe7459cfc51ff5129ce1a732bbef5928568b8092d412ef95611616376bbeed?s=96&d=mm&r=g\",\"caption\":\"f1000024\"},\"url\":\"https:\\\/\\\/cvinoticias.com\\\/v3\\\/author\\\/f1000024\\\/\"}]}<\/script>\n<!-- \/ Yoast SEO plugin. -->","yoast_head_json":{"title":"Muri\u00f3 una turista varada en un corte de ruta en Jujuy | CVI NOTICIAS","robots":{"index":"index","follow":"follow","max-snippet":"max-snippet:-1","max-image-preview":"max-image-preview:large","max-video-preview":"max-video-preview:-1"},"canonical":"https:\/\/cvinoticias.com\/v3\/murio-una-turista-varada-en-un-corte-de-ruta-en-jujuy\/","og_locale":"es_ES","og_type":"article","og_title":"Muri\u00f3 una turista varada en un corte de ruta en Jujuy | CVI NOTICIAS","og_description":"A casi un mes de los primeros cortes de ruta en Jujuy por parte de pueblos originarios que rechazan la reforma constitucional del gobernador Gerardo Morales, contin\u00faan los piquetes en distintos puntos de la provincia. Ayer los bloqueos derivaron en una tragedia: una mujer de 66 a\u00f1os muri\u00f3. La v\u00edctima, una turista de nacionalidad boliviana, [&hellip;]","og_url":"https:\/\/cvinoticias.com\/v3\/murio-una-turista-varada-en-un-corte-de-ruta-en-jujuy\/","og_site_name":"CVI NOTICIAS","article_publisher":"https:\/\/www.facebook.com\/cvinoticias","article_published_time":"2023-07-11T11:33:44+00:00","og_image":[{"width":1079,"height":596,"url":"https:\/\/cvinoticias.com\/wp-content\/uploads\/2023\/07\/Screenshot_20230711_083312_Facebook.jpg","type":"image\/jpeg"}],"author":"f1000024","twitter_card":"summary_large_image","twitter_misc":{"Escrito por":"f1000024","Tiempo de lectura":"1 minuto"},"schema":{"@context":"https:\/\/schema.org","@graph":[{"@type":"Article","@id":"https:\/\/cvinoticias.com\/v3\/murio-una-turista-varada-en-un-corte-de-ruta-en-jujuy\/#article","isPartOf":{"@id":"https:\/\/cvinoticias.com\/v3\/murio-una-turista-varada-en-un-corte-de-ruta-en-jujuy\/"},"author":{"name":"f1000024","@id":"https:\/\/cvinoticias.com\/v3\/#\/schema\/person\/2db77e3c6bc03c538495d7b2b8be9b66"},"headline":"Muri\u00f3 una turista varada en un corte de ruta en Jujuy","datePublished":"2023-07-11T11:33:44+00:00","mainEntityOfPage":{"@id":"https:\/\/cvinoticias.com\/v3\/murio-una-turista-varada-en-un-corte-de-ruta-en-jujuy\/"},"wordCount":158,"commentCount":0,"publisher":{"@id":"https:\/\/cvinoticias.com\/v3\/#organization"},"image":{"@id":"https:\/\/cvinoticias.com\/v3\/murio-una-turista-varada-en-un-corte-de-ruta-en-jujuy\/#primaryimage"},"thumbnailUrl":"https:\/\/cvinoticias.com\/wp-content\/uploads\/2023\/07\/Screenshot_20230711_083312_Facebook.jpg","articleSection":["Nacionales"],"inLanguage":"es","potentialAction":[{"@type":"CommentAction","name":"Comment","target":["https:\/\/cvinoticias.com\/v3\/murio-una-turista-varada-en-un-corte-de-ruta-en-jujuy\/#respond"]}]},{"@type":"WebPage","@id":"https:\/\/cvinoticias.com\/v3\/murio-una-turista-varada-en-un-corte-de-ruta-en-jujuy\/","url":"https:\/\/cvinoticias.com\/v3\/murio-una-turista-varada-en-un-corte-de-ruta-en-jujuy\/","name":"Muri\u00f3 una turista varada en un corte de ruta en Jujuy | CVI NOTICIAS","isPartOf":{"@id":"https:\/\/cvinoticias.com\/v3\/#website"},"primaryImageOfPage":{"@id":"https:\/\/cvinoticias.com\/v3\/murio-una-turista-varada-en-un-corte-de-ruta-en-jujuy\/#primaryimage"},"image":{"@id":"https:\/\/cvinoticias.com\/v3\/murio-una-turista-varada-en-un-corte-de-ruta-en-jujuy\/#primaryimage"},"thumbnailUrl":"https:\/\/cvinoticias.com\/wp-content\/uploads\/2023\/07\/Screenshot_20230711_083312_Facebook.jpg","datePublished":"2023-07-11T11:33:44+00:00","breadcrumb":{"@id":"https:\/\/cvinoticias.com\/v3\/murio-una-turista-varada-en-un-corte-de-ruta-en-jujuy\/#breadcrumb"},"inLanguage":"es","potentialAction":[{"@type":"ReadAction","target":["https:\/\/cvinoticias.com\/v3\/murio-una-turista-varada-en-un-corte-de-ruta-en-jujuy\/"]}]},{"@type":"ImageObject","inLanguage":"es","@id":"https:\/\/cvinoticias.com\/v3\/murio-una-turista-varada-en-un-corte-de-ruta-en-jujuy\/#primaryimage","url":"https:\/\/cvinoticias.com\/wp-content\/uploads\/2023\/07\/Screenshot_20230711_083312_Facebook.jpg","contentUrl":"https:\/\/cvinoticias.com\/wp-content\/uploads\/2023\/07\/Screenshot_20230711_083312_Facebook.jpg","width":1079,"height":596},{"@type":"BreadcrumbList","@id":"https:\/\/cvinoticias.com\/v3\/murio-una-turista-varada-en-un-corte-de-ruta-en-jujuy\/#breadcrumb","itemListElement":[{"@type":"ListItem","position":1,"name":"Portada","item":"https:\/\/cvinoticias.com\/v3\/"},{"@type":"ListItem","position":2,"name":"Muri\u00f3 una turista varada en un corte de ruta en Jujuy"}]},{"@type":"WebSite","@id":"https:\/\/cvinoticias.com\/v3\/#website","url":"https:\/\/cvinoticias.com\/v3\/","name":"CVI NOTICIAS","description":"","publisher":{"@id":"https:\/\/cvinoticias.com\/v3\/#organization"},"alternateName":"CVI","potentialAction":[{"@type":"SearchAction","target":{"@type":"EntryPoint","urlTemplate":"https:\/\/cvinoticias.com\/v3\/?s={search_term_string}"},"query-input":{"@type":"PropertyValueSpecification","valueRequired":true,"valueName":"search_term_string"}}],"inLanguage":"es"},{"@type":"Organization","@id":"https:\/\/cvinoticias.com\/v3\/#organization","name":"CVI NOTICIAS","url":"https:\/\/cvinoticias.com\/v3\/","logo":{"@type":"ImageObject","inLanguage":"es","@id":"https:\/\/cvinoticias.com\/v3\/#\/schema\/logo\/image\/","url":"https:\/\/cvinoticias.com\/wp-content\/uploads\/2023\/04\/cropped-cropped-cropped-cropped-cropped-3-1.png","contentUrl":"https:\/\/cvinoticias.com\/wp-content\/uploads\/2023\/04\/cropped-cropped-cropped-cropped-cropped-3-1.png","width":95,"height":122,"caption":"CVI NOTICIAS"},"image":{"@id":"https:\/\/cvinoticias.com\/v3\/#\/schema\/logo\/image\/"},"sameAs":["https:\/\/www.facebook.com\/cvinoticias","https:\/\/www.instagram.com\/cvinoticias\/","https:\/\/www.youtube.com\/@CVINOTICIAS"]},{"@type":"Person","@id":"https:\/\/cvinoticias.com\/v3\/#\/schema\/person\/2db77e3c6bc03c538495d7b2b8be9b66","name":"f1000024","image":{"@type":"ImageObject","inLanguage":"es","@id":"https:\/\/secure.gravatar.com\/avatar\/d4fe7459cfc51ff5129ce1a732bbef5928568b8092d412ef95611616376bbeed?s=96&d=mm&r=g","url":"https:\/\/secure.gravatar.com\/avatar\/d4fe7459cfc51ff5129ce1a732bbef5928568b8092d412ef95611616376bbeed?s=96&d=mm&r=g","contentUrl":"https:\/\/secure.gravatar.com\/avatar\/d4fe7459cfc51ff5129ce1a732bbef5928568b8092d412ef95611616376bbeed?s=96&d=mm&r=g","caption":"f1000024"},"url":"https:\/\/cvinoticias.com\/v3\/author\/f1000024\/"}]}},"_links":{"self":[{"href":"https:\/\/cvinoticias.com\/v3\/wp-json\/wp\/v2\/posts\/26193","targetHints":{"allow":["GET"]}}],"collection":[{"href":"https:\/\/cvinoticias.com\/v3\/wp-json\/wp\/v2\/posts"}],"about":[{"href":"https:\/\/cvinoticias.com\/v3\/wp-json\/wp\/v2\/types\/post"}],"author":[{"embeddable":true,"href":"https:\/\/cvinoticias.com\/v3\/wp-json\/wp\/v2\/users\/2"}],"replies":[{"embeddable":true,"href":"https:\/\/cvinoticias.com\/v3\/wp-json\/wp\/v2\/comments?post=26193"}],"version-history":[{"count":1,"href":"https:\/\/cvinoticias.com\/v3\/wp-json\/wp\/v2\/posts\/26193\/revisions"}],"predecessor-version":[{"id":26195,"href":"https:\/\/cvinoticias.com\/v3\/wp-json\/wp\/v2\/posts\/26193\/revisions\/26195"}],"wp:featuredmedia":[{"embeddable":true,"href":"https:\/\/cvinoticias.com\/v3\/wp-json\/wp\/v2\/media\/26194"}],"wp:attachment":[{"href":"https:\/\/cvinoticias.com\/v3\/wp-json\/wp\/v2\/media?parent=26193"}],"wp:term":[{"taxonomy":"category","embeddable":true,"href":"https:\/\/cvinoticias.com\/v3\/wp-json\/wp\/v2\/categories?post=26193"},{"taxonomy":"post_tag","embeddable":true,"href":"https:\/\/cvinoticias.com\/v3\/wp-json\/wp\/v2\/tags?post=26193"}],"curies":[{"name":"wp","href":"https:\/\/api.w.org\/{rel}","templated":true}]}}