{"id":26146,"date":"2023-07-08T18:23:07","date_gmt":"2023-07-08T18:23:07","guid":{"rendered":"https:\/\/cvinoticias.com\/v3\/?p=26146"},"modified":"2023-07-08T18:23:07","modified_gmt":"2023-07-08T18:23:07","slug":"el-gobierno-inaugurara-este-domingo-el-gasoducto-nestor-kirchner-con-asistencia-perfecta-de-sus-principales-dirigentes","status":"publish","type":"post","link":"https:\/\/cvinoticias.com\/v3\/el-gobierno-inaugurara-este-domingo-el-gasoducto-nestor-kirchner-con-asistencia-perfecta-de-sus-principales-dirigentes\/","title":{"rendered":"El Gobierno inaugurar\u00e1 este domingo el gasoducto N\u00e9stor Kirchner con asistencia perfecta de sus principales dirigentes"},"content":{"rendered":"\n<p class=\"wp-block-paragraph\"><strong><em>La obra estrat\u00e9gica permitir\u00e1 ahorrar unos US$ 2.000 millones en importaciones de gas este a\u00f1o y otros US$ 3.800 millones el pr\u00f3ximo.<\/em><\/strong><\/p>\n\n\n\n<p class=\"wp-block-paragraph\">En el D\u00eda de la Independencia, la c\u00fapula del Gobierno inaugurar\u00e1 ma\u00f1ana el Gasoducto Presidente N\u00e9stor Kirchner en la ciudad bonaerense de Salliquel\u00f3, en lo que espera sea un envi\u00f3n para la campa\u00f1a electoral.<\/p>\n\n\n\n<p class=\"wp-block-paragraph\">La obra estrat\u00e9gica permitir\u00e1 ahorrar unos US$ 2.000 millones en importaciones de gas este a\u00f1o y otros US$ 3.800 millones el pr\u00f3ximo, seg\u00fan c\u00e1lculos oficiales.<\/p>\n\n\n\n<p class=\"wp-block-paragraph\">El presidente Alberto Fern\u00e1ndez, la vicepresidenta Cristina Fern\u00e1ndez y el ministro de Econom\u00eda y precandidato presidencial, Sergio Massa, encabezar\u00e1n el acto.<\/p>\n\n\n\n<p class=\"wp-block-paragraph\">Ser\u00e1 la oportunidad de exhibir la primera foto de unidad de la coalici\u00f3n oficialista para las PASO del 13 de agosto.<\/p>\n\n\n\n<p class=\"wp-block-paragraph\">Proyectado desde hace m\u00e1s de una d\u00e9cada y retrasado por diferencias pol\u00edticas y trabas financieras, el nuevo gasoducto troncal viene a resolver parcialmente el cuello de botella que arrastra la capacidad de transporte del sistema gas\u00edfero para poder llevar la creciente producci\u00f3n no convencional del yacimiento Vaca Muerta hacia los centros de mayor consumo del AMBA y las provincias de Buenos Aires y Santa Fe.<\/p>\n\n\n\n<p class=\"wp-block-paragraph\">La inauguraci\u00f3n de la primera etapa del GPNK pone a las actuales autoridades y a las que asumir\u00e1n en diciembre ante el doble desaf\u00edo de continuar las obras complementarias y poner en marcha los nuevos proyectos de ampliaci\u00f3n de la red de gasoductos que permitir\u00e1n explotar al m\u00e1ximo al potencial de Vaca Muerta.<\/p>\n\n\n\n<p class=\"wp-block-paragraph\">La obra \u2013que se inaugura parcialmente\u2013 tuvo un costo total que se estima en los US$ 1.850 millones y fue financiada \u00edntegramente por el Estado Nacional.<\/p>\n\n\n\n<p class=\"wp-block-paragraph\">Para alcanzar su terminaci\u00f3n definitiva deber\u00e1n completarse la instalaci\u00f3n de dos plantas compresoras que est\u00e1n en ejecuci\u00f3n, cuyo costo asciende a unos US$ 250 millones aproximadamente y otras obras complementarias a lo largo de la traza de los gasoductos existentes hasta su ingreso en el Gran Buenos Aires \u2013entre ellas la vinculaci\u00f3n entre Mercedes y Cardales\u2013 que completan esta primera etapa.<\/p>\n\n\n\n<p class=\"wp-block-paragraph\">El nuevo gasoducto transportar\u00e1 a partir de su inauguraci\u00f3n unos 11 millones de metros c\u00fabicos por d\u00eda (aproximadamente un 7,3% del total transportado en esta \u00e9poca del a\u00f1o); y cuando est\u00e9n en funcionamiento sus plantas compresoras hacia el \u00faltimo trimestre del a\u00f1o, se incrementar\u00e1 a unos 21 millones de m3\/d equivalente al 14% de la demanda.<\/p>\n\n\n\n<p class=\"wp-block-paragraph\">La nueva obra substituir\u00e1 importaciones de gas natural licuado (GNL), que actualmente son realizadas por el puerto de Bah\u00eda Blanca, y otros combustibles, permitiendo a nuestro pa\u00eds ahorrar divisas.<\/p>\n\n\n\n<p class=\"wp-block-paragraph\">Permitir\u00e1 evacuar una mayor cantidad de gas natural producido en la cuenca neuquina \u2013particularmente en los yacimientos de Vaca Muerta\u2013 sobre todo en la \u00e9poca invernal, donde la red de gasoductos se satura por el alto consumo de gas dom\u00e9stico impulsado por las bajas temperaturas.<\/p>\n\n\n\n<p class=\"wp-block-paragraph\">Se trata de la primera gran obra de transporte de gas ejecutada el siglo XXI y contribuir\u00e1 a mejorar las condiciones del abastecimiento de gas natural a un pa\u00eds \u2013la Argentina\u2013 que lleg\u00f3 a ser una potencia gas\u00edfera de primer orden en Am\u00e9rica Latina.<\/p>\n\n\n\n<p class=\"wp-block-paragraph\">La Argentina fue a partir de 1989 un pa\u00eds autoabastecido exportador de energ\u00eda, pero perdi\u00f3 esa condici\u00f3n en 2011.<\/p>\n\n\n\n<p class=\"wp-block-paragraph\">Est\u00e1 proyectada la realizaci\u00f3n de un conjunto de obras complementarias que incluyen una segunda etapa del gasoducto N\u00e9stor Kirchner que vincular\u00e1 Salliquel\u00f3 con San Jer\u00f3nimo en la provincia de Santa Fe, con una extensi\u00f3n de 521 km y con un costo total de unos US$ 2 mil millones, todav\u00eda sin fecha de inicio programada.<\/p>\n\n\n\n<p class=\"wp-block-paragraph\">El plan prev\u00e9 adem\u00e1s una importante refuncionalizaci\u00f3n del Gasoducto del Norte, que actualmente vincula los yacimientos de Bolivia y de la cuenca Noroeste argentina con la regi\u00f3n Gran Buenos Aires-Litoral.<\/p>\n\n\n\n<p class=\"wp-block-paragraph\">Incluye un conjunto de obras y adaptaciones que permitir\u00e1n cambiar el sentido del flujo de gas natural que actualmente tiene origen en Bolivia y en nuestros yacimientos de la Cuenca Noroeste.<\/p>\n\n\n\n<p class=\"wp-block-paragraph\">Esas obras incluyen una vinculaci\u00f3n entre el Gasoducto Centro Oeste y el Gasoducto del Norte mediante el gasoducto La Carlota-Tio Pujio y varios tramos paralelos del Gasoducto del Norte con un costo total estimado de US$ 600 millones.<\/p>\n\n\n\n<p class=\"wp-block-paragraph\">En esta primera etapa los beneficios estar\u00e1n directamente relacionados con la reducci\u00f3n de importaciones de gas que nuestro pa\u00eds realiza como tambi\u00e9n de otros combustibles como el gasoil utilizados para la generaci\u00f3n el\u00e9ctrica.<\/p>\n\n\n\n<p class=\"wp-block-paragraph\">Los ahorros en divisas depender\u00e1n de los precios de importaci\u00f3n futuros del gas, que se han reducido en forma notable respecto a los vigentes en 2022 tanto en Europa como en la cuenca atl\u00e1ntica.<\/p>\n\n\n\n<p class=\"wp-block-paragraph\">En una segunda etapa el gasoducto reemplazar\u00eda \u00edntegramente los aportes actuales de Bolivia y permitir\u00eda exportaciones a pa\u00edses vecinos.<\/p>\n","protected":false},"excerpt":{"rendered":"<p>La obra estrat\u00e9gica permitir\u00e1 ahorrar unos US$ 2.000 millones en importaciones de gas este a\u00f1o y otros US$ 3.800 millones el pr\u00f3ximo. En el D\u00eda de la Independencia, la c\u00fapula del Gobierno inaugurar\u00e1 ma\u00f1ana el Gasoducto Presidente N\u00e9stor Kirchner en la ciudad bonaerense de Salliquel\u00f3, en lo que espera sea un envi\u00f3n para la campa\u00f1a [&hellip;]<\/p>\n","protected":false},"author":2,"featured_media":26147,"comment_status":"open","ping_status":"open","sticky":false,"template":"","format":"standard","meta":{"footnotes":""},"categories":[39],"tags":[],"class_list":["post-26146","post","type-post","status-publish","format-standard","has-post-thumbnail","hentry","category-nacionales"],"yoast_head":"<!-- This site is optimized with the Yoast SEO plugin v28.4 - https:\/\/yoast.com\/product\/yoast-seo-wordpress\/ -->\n<title>El Gobierno inaugurar\u00e1 este domingo el gasoducto N\u00e9stor Kirchner con asistencia perfecta de sus principales dirigentes | CVI NOTICIAS<\/title>\n<meta name=\"robots\" content=\"index, follow, max-snippet:-1, max-image-preview:large, max-video-preview:-1\" \/>\n<link rel=\"canonical\" href=\"https:\/\/cvinoticias.com\/v3\/el-gobierno-inaugurara-este-domingo-el-gasoducto-nestor-kirchner-con-asistencia-perfecta-de-sus-principales-dirigentes\/\" \/>\n<meta property=\"og:locale\" content=\"es_ES\" \/>\n<meta property=\"og:type\" content=\"article\" \/>\n<meta property=\"og:title\" content=\"El Gobierno inaugurar\u00e1 este domingo el gasoducto N\u00e9stor Kirchner con asistencia perfecta de sus principales dirigentes | CVI NOTICIAS\" \/>\n<meta property=\"og:description\" content=\"La obra estrat\u00e9gica permitir\u00e1 ahorrar unos US$ 2.000 millones en importaciones de gas este a\u00f1o y otros US$ 3.800 millones el pr\u00f3ximo. En el D\u00eda de la Independencia, la c\u00fapula del Gobierno inaugurar\u00e1 ma\u00f1ana el Gasoducto Presidente N\u00e9stor Kirchner en la ciudad bonaerense de Salliquel\u00f3, en lo que espera sea un envi\u00f3n para la campa\u00f1a [&hellip;]\" \/>\n<meta property=\"og:url\" content=\"https:\/\/cvinoticias.com\/v3\/el-gobierno-inaugurara-este-domingo-el-gasoducto-nestor-kirchner-con-asistencia-perfecta-de-sus-principales-dirigentes\/\" \/>\n<meta property=\"og:site_name\" content=\"CVI NOTICIAS\" \/>\n<meta property=\"article:publisher\" content=\"https:\/\/www.facebook.com\/cvinoticias\" \/>\n<meta property=\"article:published_time\" content=\"2023-07-08T18:23:07+00:00\" \/>\n<meta property=\"og:image\" content=\"https:\/\/cvinoticias.com\/wp-content\/uploads\/2023\/07\/00c7bc1517c7e840825afaaa767db7cf_M.jpg\" \/>\n\t<meta property=\"og:image:width\" content=\"768\" \/>\n\t<meta property=\"og:image:height\" content=\"508\" \/>\n\t<meta property=\"og:image:type\" content=\"image\/jpeg\" \/>\n<meta name=\"author\" content=\"f1000024\" \/>\n<meta name=\"twitter:card\" content=\"summary_large_image\" \/>\n<meta name=\"twitter:label1\" content=\"Escrito por\" \/>\n\t<meta name=\"twitter:data1\" content=\"f1000024\" \/>\n\t<meta name=\"twitter:label2\" content=\"Tiempo de lectura\" \/>\n\t<meta name=\"twitter:data2\" content=\"4 minutos\" \/>\n<script type=\"application\/ld+json\" class=\"yoast-schema-graph\">{\"@context\":\"https:\\\/\\\/schema.org\",\"@graph\":[{\"@type\":\"Article\",\"@id\":\"https:\\\/\\\/cvinoticias.com\\\/v3\\\/el-gobierno-inaugurara-este-domingo-el-gasoducto-nestor-kirchner-con-asistencia-perfecta-de-sus-principales-dirigentes\\\/#article\",\"isPartOf\":{\"@id\":\"https:\\\/\\\/cvinoticias.com\\\/v3\\\/el-gobierno-inaugurara-este-domingo-el-gasoducto-nestor-kirchner-con-asistencia-perfecta-de-sus-principales-dirigentes\\\/\"},\"author\":{\"name\":\"f1000024\",\"@id\":\"https:\\\/\\\/cvinoticias.com\\\/v3\\\/#\\\/schema\\\/person\\\/2db77e3c6bc03c538495d7b2b8be9b66\"},\"headline\":\"El Gobierno inaugurar\u00e1 este domingo el gasoducto N\u00e9stor Kirchner con asistencia perfecta de sus principales dirigentes\",\"datePublished\":\"2023-07-08T18:23:07+00:00\",\"mainEntityOfPage\":{\"@id\":\"https:\\\/\\\/cvinoticias.com\\\/v3\\\/el-gobierno-inaugurara-este-domingo-el-gasoducto-nestor-kirchner-con-asistencia-perfecta-de-sus-principales-dirigentes\\\/\"},\"wordCount\":834,\"commentCount\":0,\"publisher\":{\"@id\":\"https:\\\/\\\/cvinoticias.com\\\/v3\\\/#organization\"},\"image\":{\"@id\":\"https:\\\/\\\/cvinoticias.com\\\/v3\\\/el-gobierno-inaugurara-este-domingo-el-gasoducto-nestor-kirchner-con-asistencia-perfecta-de-sus-principales-dirigentes\\\/#primaryimage\"},\"thumbnailUrl\":\"https:\\\/\\\/cvinoticias.com\\\/wp-content\\\/uploads\\\/2023\\\/07\\\/00c7bc1517c7e840825afaaa767db7cf_M.jpg\",\"articleSection\":[\"Nacionales\"],\"inLanguage\":\"es\",\"potentialAction\":[{\"@type\":\"CommentAction\",\"name\":\"Comment\",\"target\":[\"https:\\\/\\\/cvinoticias.com\\\/v3\\\/el-gobierno-inaugurara-este-domingo-el-gasoducto-nestor-kirchner-con-asistencia-perfecta-de-sus-principales-dirigentes\\\/#respond\"]}]},{\"@type\":\"WebPage\",\"@id\":\"https:\\\/\\\/cvinoticias.com\\\/v3\\\/el-gobierno-inaugurara-este-domingo-el-gasoducto-nestor-kirchner-con-asistencia-perfecta-de-sus-principales-dirigentes\\\/\",\"url\":\"https:\\\/\\\/cvinoticias.com\\\/v3\\\/el-gobierno-inaugurara-este-domingo-el-gasoducto-nestor-kirchner-con-asistencia-perfecta-de-sus-principales-dirigentes\\\/\",\"name\":\"El Gobierno inaugurar\u00e1 este domingo el gasoducto N\u00e9stor Kirchner con asistencia perfecta de sus principales dirigentes | CVI NOTICIAS\",\"isPartOf\":{\"@id\":\"https:\\\/\\\/cvinoticias.com\\\/v3\\\/#website\"},\"primaryImageOfPage\":{\"@id\":\"https:\\\/\\\/cvinoticias.com\\\/v3\\\/el-gobierno-inaugurara-este-domingo-el-gasoducto-nestor-kirchner-con-asistencia-perfecta-de-sus-principales-dirigentes\\\/#primaryimage\"},\"image\":{\"@id\":\"https:\\\/\\\/cvinoticias.com\\\/v3\\\/el-gobierno-inaugurara-este-domingo-el-gasoducto-nestor-kirchner-con-asistencia-perfecta-de-sus-principales-dirigentes\\\/#primaryimage\"},\"thumbnailUrl\":\"https:\\\/\\\/cvinoticias.com\\\/wp-content\\\/uploads\\\/2023\\\/07\\\/00c7bc1517c7e840825afaaa767db7cf_M.jpg\",\"datePublished\":\"2023-07-08T18:23:07+00:00\",\"breadcrumb\":{\"@id\":\"https:\\\/\\\/cvinoticias.com\\\/v3\\\/el-gobierno-inaugurara-este-domingo-el-gasoducto-nestor-kirchner-con-asistencia-perfecta-de-sus-principales-dirigentes\\\/#breadcrumb\"},\"inLanguage\":\"es\",\"potentialAction\":[{\"@type\":\"ReadAction\",\"target\":[\"https:\\\/\\\/cvinoticias.com\\\/v3\\\/el-gobierno-inaugurara-este-domingo-el-gasoducto-nestor-kirchner-con-asistencia-perfecta-de-sus-principales-dirigentes\\\/\"]}]},{\"@type\":\"ImageObject\",\"inLanguage\":\"es\",\"@id\":\"https:\\\/\\\/cvinoticias.com\\\/v3\\\/el-gobierno-inaugurara-este-domingo-el-gasoducto-nestor-kirchner-con-asistencia-perfecta-de-sus-principales-dirigentes\\\/#primaryimage\",\"url\":\"https:\\\/\\\/cvinoticias.com\\\/wp-content\\\/uploads\\\/2023\\\/07\\\/00c7bc1517c7e840825afaaa767db7cf_M.jpg\",\"contentUrl\":\"https:\\\/\\\/cvinoticias.com\\\/wp-content\\\/uploads\\\/2023\\\/07\\\/00c7bc1517c7e840825afaaa767db7cf_M.jpg\",\"width\":768,\"height\":508},{\"@type\":\"BreadcrumbList\",\"@id\":\"https:\\\/\\\/cvinoticias.com\\\/v3\\\/el-gobierno-inaugurara-este-domingo-el-gasoducto-nestor-kirchner-con-asistencia-perfecta-de-sus-principales-dirigentes\\\/#breadcrumb\",\"itemListElement\":[{\"@type\":\"ListItem\",\"position\":1,\"name\":\"Portada\",\"item\":\"https:\\\/\\\/cvinoticias.com\\\/v3\\\/\"},{\"@type\":\"ListItem\",\"position\":2,\"name\":\"El Gobierno inaugurar\u00e1 este domingo el gasoducto N\u00e9stor Kirchner con asistencia perfecta de sus principales dirigentes\"}]},{\"@type\":\"WebSite\",\"@id\":\"https:\\\/\\\/cvinoticias.com\\\/v3\\\/#website\",\"url\":\"https:\\\/\\\/cvinoticias.com\\\/v3\\\/\",\"name\":\"CVI NOTICIAS\",\"description\":\"\",\"publisher\":{\"@id\":\"https:\\\/\\\/cvinoticias.com\\\/v3\\\/#organization\"},\"alternateName\":\"CVI\",\"potentialAction\":[{\"@type\":\"SearchAction\",\"target\":{\"@type\":\"EntryPoint\",\"urlTemplate\":\"https:\\\/\\\/cvinoticias.com\\\/v3\\\/?s={search_term_string}\"},\"query-input\":{\"@type\":\"PropertyValueSpecification\",\"valueRequired\":true,\"valueName\":\"search_term_string\"}}],\"inLanguage\":\"es\"},{\"@type\":\"Organization\",\"@id\":\"https:\\\/\\\/cvinoticias.com\\\/v3\\\/#organization\",\"name\":\"CVI NOTICIAS\",\"url\":\"https:\\\/\\\/cvinoticias.com\\\/v3\\\/\",\"logo\":{\"@type\":\"ImageObject\",\"inLanguage\":\"es\",\"@id\":\"https:\\\/\\\/cvinoticias.com\\\/v3\\\/#\\\/schema\\\/logo\\\/image\\\/\",\"url\":\"https:\\\/\\\/cvinoticias.com\\\/wp-content\\\/uploads\\\/2023\\\/04\\\/cropped-cropped-cropped-cropped-cropped-3-1.png\",\"contentUrl\":\"https:\\\/\\\/cvinoticias.com\\\/wp-content\\\/uploads\\\/2023\\\/04\\\/cropped-cropped-cropped-cropped-cropped-3-1.png\",\"width\":95,\"height\":122,\"caption\":\"CVI NOTICIAS\"},\"image\":{\"@id\":\"https:\\\/\\\/cvinoticias.com\\\/v3\\\/#\\\/schema\\\/logo\\\/image\\\/\"},\"sameAs\":[\"https:\\\/\\\/www.facebook.com\\\/cvinoticias\",\"https:\\\/\\\/www.instagram.com\\\/cvinoticias\\\/\",\"https:\\\/\\\/www.youtube.com\\\/@CVINOTICIAS\"]},{\"@type\":\"Person\",\"@id\":\"https:\\\/\\\/cvinoticias.com\\\/v3\\\/#\\\/schema\\\/person\\\/2db77e3c6bc03c538495d7b2b8be9b66\",\"name\":\"f1000024\",\"image\":{\"@type\":\"ImageObject\",\"inLanguage\":\"es\",\"@id\":\"https:\\\/\\\/secure.gravatar.com\\\/avatar\\\/d4fe7459cfc51ff5129ce1a732bbef5928568b8092d412ef95611616376bbeed?s=96&d=mm&r=g\",\"url\":\"https:\\\/\\\/secure.gravatar.com\\\/avatar\\\/d4fe7459cfc51ff5129ce1a732bbef5928568b8092d412ef95611616376bbeed?s=96&d=mm&r=g\",\"contentUrl\":\"https:\\\/\\\/secure.gravatar.com\\\/avatar\\\/d4fe7459cfc51ff5129ce1a732bbef5928568b8092d412ef95611616376bbeed?s=96&d=mm&r=g\",\"caption\":\"f1000024\"},\"url\":\"https:\\\/\\\/cvinoticias.com\\\/v3\\\/author\\\/f1000024\\\/\"}]}<\/script>\n<!-- \/ Yoast SEO plugin. -->","yoast_head_json":{"title":"El Gobierno inaugurar\u00e1 este domingo el gasoducto N\u00e9stor Kirchner con asistencia perfecta de sus principales dirigentes | CVI NOTICIAS","robots":{"index":"index","follow":"follow","max-snippet":"max-snippet:-1","max-image-preview":"max-image-preview:large","max-video-preview":"max-video-preview:-1"},"canonical":"https:\/\/cvinoticias.com\/v3\/el-gobierno-inaugurara-este-domingo-el-gasoducto-nestor-kirchner-con-asistencia-perfecta-de-sus-principales-dirigentes\/","og_locale":"es_ES","og_type":"article","og_title":"El Gobierno inaugurar\u00e1 este domingo el gasoducto N\u00e9stor Kirchner con asistencia perfecta de sus principales dirigentes | CVI NOTICIAS","og_description":"La obra estrat\u00e9gica permitir\u00e1 ahorrar unos US$ 2.000 millones en importaciones de gas este a\u00f1o y otros US$ 3.800 millones el pr\u00f3ximo. En el D\u00eda de la Independencia, la c\u00fapula del Gobierno inaugurar\u00e1 ma\u00f1ana el Gasoducto Presidente N\u00e9stor Kirchner en la ciudad bonaerense de Salliquel\u00f3, en lo que espera sea un envi\u00f3n para la campa\u00f1a [&hellip;]","og_url":"https:\/\/cvinoticias.com\/v3\/el-gobierno-inaugurara-este-domingo-el-gasoducto-nestor-kirchner-con-asistencia-perfecta-de-sus-principales-dirigentes\/","og_site_name":"CVI NOTICIAS","article_publisher":"https:\/\/www.facebook.com\/cvinoticias","article_published_time":"2023-07-08T18:23:07+00:00","og_image":[{"width":768,"height":508,"url":"https:\/\/cvinoticias.com\/wp-content\/uploads\/2023\/07\/00c7bc1517c7e840825afaaa767db7cf_M.jpg","type":"image\/jpeg"}],"author":"f1000024","twitter_card":"summary_large_image","twitter_misc":{"Escrito por":"f1000024","Tiempo de lectura":"4 minutos"},"schema":{"@context":"https:\/\/schema.org","@graph":[{"@type":"Article","@id":"https:\/\/cvinoticias.com\/v3\/el-gobierno-inaugurara-este-domingo-el-gasoducto-nestor-kirchner-con-asistencia-perfecta-de-sus-principales-dirigentes\/#article","isPartOf":{"@id":"https:\/\/cvinoticias.com\/v3\/el-gobierno-inaugurara-este-domingo-el-gasoducto-nestor-kirchner-con-asistencia-perfecta-de-sus-principales-dirigentes\/"},"author":{"name":"f1000024","@id":"https:\/\/cvinoticias.com\/v3\/#\/schema\/person\/2db77e3c6bc03c538495d7b2b8be9b66"},"headline":"El Gobierno inaugurar\u00e1 este domingo el gasoducto N\u00e9stor Kirchner con asistencia perfecta de sus principales dirigentes","datePublished":"2023-07-08T18:23:07+00:00","mainEntityOfPage":{"@id":"https:\/\/cvinoticias.com\/v3\/el-gobierno-inaugurara-este-domingo-el-gasoducto-nestor-kirchner-con-asistencia-perfecta-de-sus-principales-dirigentes\/"},"wordCount":834,"commentCount":0,"publisher":{"@id":"https:\/\/cvinoticias.com\/v3\/#organization"},"image":{"@id":"https:\/\/cvinoticias.com\/v3\/el-gobierno-inaugurara-este-domingo-el-gasoducto-nestor-kirchner-con-asistencia-perfecta-de-sus-principales-dirigentes\/#primaryimage"},"thumbnailUrl":"https:\/\/cvinoticias.com\/wp-content\/uploads\/2023\/07\/00c7bc1517c7e840825afaaa767db7cf_M.jpg","articleSection":["Nacionales"],"inLanguage":"es","potentialAction":[{"@type":"CommentAction","name":"Comment","target":["https:\/\/cvinoticias.com\/v3\/el-gobierno-inaugurara-este-domingo-el-gasoducto-nestor-kirchner-con-asistencia-perfecta-de-sus-principales-dirigentes\/#respond"]}]},{"@type":"WebPage","@id":"https:\/\/cvinoticias.com\/v3\/el-gobierno-inaugurara-este-domingo-el-gasoducto-nestor-kirchner-con-asistencia-perfecta-de-sus-principales-dirigentes\/","url":"https:\/\/cvinoticias.com\/v3\/el-gobierno-inaugurara-este-domingo-el-gasoducto-nestor-kirchner-con-asistencia-perfecta-de-sus-principales-dirigentes\/","name":"El Gobierno inaugurar\u00e1 este domingo el gasoducto N\u00e9stor Kirchner con asistencia perfecta de sus principales dirigentes | CVI NOTICIAS","isPartOf":{"@id":"https:\/\/cvinoticias.com\/v3\/#website"},"primaryImageOfPage":{"@id":"https:\/\/cvinoticias.com\/v3\/el-gobierno-inaugurara-este-domingo-el-gasoducto-nestor-kirchner-con-asistencia-perfecta-de-sus-principales-dirigentes\/#primaryimage"},"image":{"@id":"https:\/\/cvinoticias.com\/v3\/el-gobierno-inaugurara-este-domingo-el-gasoducto-nestor-kirchner-con-asistencia-perfecta-de-sus-principales-dirigentes\/#primaryimage"},"thumbnailUrl":"https:\/\/cvinoticias.com\/wp-content\/uploads\/2023\/07\/00c7bc1517c7e840825afaaa767db7cf_M.jpg","datePublished":"2023-07-08T18:23:07+00:00","breadcrumb":{"@id":"https:\/\/cvinoticias.com\/v3\/el-gobierno-inaugurara-este-domingo-el-gasoducto-nestor-kirchner-con-asistencia-perfecta-de-sus-principales-dirigentes\/#breadcrumb"},"inLanguage":"es","potentialAction":[{"@type":"ReadAction","target":["https:\/\/cvinoticias.com\/v3\/el-gobierno-inaugurara-este-domingo-el-gasoducto-nestor-kirchner-con-asistencia-perfecta-de-sus-principales-dirigentes\/"]}]},{"@type":"ImageObject","inLanguage":"es","@id":"https:\/\/cvinoticias.com\/v3\/el-gobierno-inaugurara-este-domingo-el-gasoducto-nestor-kirchner-con-asistencia-perfecta-de-sus-principales-dirigentes\/#primaryimage","url":"https:\/\/cvinoticias.com\/wp-content\/uploads\/2023\/07\/00c7bc1517c7e840825afaaa767db7cf_M.jpg","contentUrl":"https:\/\/cvinoticias.com\/wp-content\/uploads\/2023\/07\/00c7bc1517c7e840825afaaa767db7cf_M.jpg","width":768,"height":508},{"@type":"BreadcrumbList","@id":"https:\/\/cvinoticias.com\/v3\/el-gobierno-inaugurara-este-domingo-el-gasoducto-nestor-kirchner-con-asistencia-perfecta-de-sus-principales-dirigentes\/#breadcrumb","itemListElement":[{"@type":"ListItem","position":1,"name":"Portada","item":"https:\/\/cvinoticias.com\/v3\/"},{"@type":"ListItem","position":2,"name":"El Gobierno inaugurar\u00e1 este domingo el gasoducto N\u00e9stor Kirchner con asistencia perfecta de sus principales dirigentes"}]},{"@type":"WebSite","@id":"https:\/\/cvinoticias.com\/v3\/#website","url":"https:\/\/cvinoticias.com\/v3\/","name":"CVI NOTICIAS","description":"","publisher":{"@id":"https:\/\/cvinoticias.com\/v3\/#organization"},"alternateName":"CVI","potentialAction":[{"@type":"SearchAction","target":{"@type":"EntryPoint","urlTemplate":"https:\/\/cvinoticias.com\/v3\/?s={search_term_string}"},"query-input":{"@type":"PropertyValueSpecification","valueRequired":true,"valueName":"search_term_string"}}],"inLanguage":"es"},{"@type":"Organization","@id":"https:\/\/cvinoticias.com\/v3\/#organization","name":"CVI NOTICIAS","url":"https:\/\/cvinoticias.com\/v3\/","logo":{"@type":"ImageObject","inLanguage":"es","@id":"https:\/\/cvinoticias.com\/v3\/#\/schema\/logo\/image\/","url":"https:\/\/cvinoticias.com\/wp-content\/uploads\/2023\/04\/cropped-cropped-cropped-cropped-cropped-3-1.png","contentUrl":"https:\/\/cvinoticias.com\/wp-content\/uploads\/2023\/04\/cropped-cropped-cropped-cropped-cropped-3-1.png","width":95,"height":122,"caption":"CVI NOTICIAS"},"image":{"@id":"https:\/\/cvinoticias.com\/v3\/#\/schema\/logo\/image\/"},"sameAs":["https:\/\/www.facebook.com\/cvinoticias","https:\/\/www.instagram.com\/cvinoticias\/","https:\/\/www.youtube.com\/@CVINOTICIAS"]},{"@type":"Person","@id":"https:\/\/cvinoticias.com\/v3\/#\/schema\/person\/2db77e3c6bc03c538495d7b2b8be9b66","name":"f1000024","image":{"@type":"ImageObject","inLanguage":"es","@id":"https:\/\/secure.gravatar.com\/avatar\/d4fe7459cfc51ff5129ce1a732bbef5928568b8092d412ef95611616376bbeed?s=96&d=mm&r=g","url":"https:\/\/secure.gravatar.com\/avatar\/d4fe7459cfc51ff5129ce1a732bbef5928568b8092d412ef95611616376bbeed?s=96&d=mm&r=g","contentUrl":"https:\/\/secure.gravatar.com\/avatar\/d4fe7459cfc51ff5129ce1a732bbef5928568b8092d412ef95611616376bbeed?s=96&d=mm&r=g","caption":"f1000024"},"url":"https:\/\/cvinoticias.com\/v3\/author\/f1000024\/"}]}},"_links":{"self":[{"href":"https:\/\/cvinoticias.com\/v3\/wp-json\/wp\/v2\/posts\/26146","targetHints":{"allow":["GET"]}}],"collection":[{"href":"https:\/\/cvinoticias.com\/v3\/wp-json\/wp\/v2\/posts"}],"about":[{"href":"https:\/\/cvinoticias.com\/v3\/wp-json\/wp\/v2\/types\/post"}],"author":[{"embeddable":true,"href":"https:\/\/cvinoticias.com\/v3\/wp-json\/wp\/v2\/users\/2"}],"replies":[{"embeddable":true,"href":"https:\/\/cvinoticias.com\/v3\/wp-json\/wp\/v2\/comments?post=26146"}],"version-history":[{"count":1,"href":"https:\/\/cvinoticias.com\/v3\/wp-json\/wp\/v2\/posts\/26146\/revisions"}],"predecessor-version":[{"id":26148,"href":"https:\/\/cvinoticias.com\/v3\/wp-json\/wp\/v2\/posts\/26146\/revisions\/26148"}],"wp:featuredmedia":[{"embeddable":true,"href":"https:\/\/cvinoticias.com\/v3\/wp-json\/wp\/v2\/media\/26147"}],"wp:attachment":[{"href":"https:\/\/cvinoticias.com\/v3\/wp-json\/wp\/v2\/media?parent=26146"}],"wp:term":[{"taxonomy":"category","embeddable":true,"href":"https:\/\/cvinoticias.com\/v3\/wp-json\/wp\/v2\/categories?post=26146"},{"taxonomy":"post_tag","embeddable":true,"href":"https:\/\/cvinoticias.com\/v3\/wp-json\/wp\/v2\/tags?post=26146"}],"curies":[{"name":"wp","href":"https:\/\/api.w.org\/{rel}","templated":true}]}}