{"id":2610,"date":"2021-02-10T15:40:24","date_gmt":"2021-02-10T15:40:24","guid":{"rendered":"https:\/\/cvinoticias.com\/v3\/?p=2610"},"modified":"2021-02-10T15:40:24","modified_gmt":"2021-02-10T15:40:24","slug":"iguazupolicias-se-reunieron-con-el-foro-de-seguridad-de-las-2000-hectareas","status":"publish","type":"post","link":"https:\/\/cvinoticias.com\/v3\/iguazupolicias-se-reunieron-con-el-foro-de-seguridad-de-las-2000-hectareas\/","title":{"rendered":"Iguaz\u00fa<br>Polic\u00edas se reunieron con el foro de seguridad de las 2000 Hect\u00e1reas"},"content":{"rendered":"\n<p><strong><em>En la ma\u00f1ana de hoy, integrantes de la Unidad Regional V se reunieron con el foro de seguridad de la zona rural de las 2000 Hect\u00e1reas con asiento en Puerto Iguaz\u00fa.<\/em><\/strong><\/p>\n\n\n\n<p>En esta oportunidad en las instalaciones del comedor comunitario del barrio Unidos, efectivos de la Divisi\u00f3n Polic\u00eda Comunitaria URV, vecinos y el concejal Ernesto Ben\u00edtez en representaci\u00f3n del municipio, concretaron el encuentro donde se abordaron temas relacionados a la seguridad y mejoramiento barrial.<\/p>\n\n\n\n<p>Participaron de la reuni\u00f3n el segundo jefe de la Unidad Regional V, el Jefe de la Divisi\u00f3n Comando Radioel\u00e9ctrico URV y el titular de la comisar\u00eda seccional Tercera URV.<\/p>\n","protected":false},"excerpt":{"rendered":"<p>En la ma\u00f1ana de hoy, integrantes de la Unidad Regional V se reunieron con el foro de seguridad de la zona rural de las 2000 Hect\u00e1reas con asiento en Puerto Iguaz\u00fa. En esta oportunidad en las instalaciones del comedor comunitario del barrio Unidos, efectivos de la Divisi\u00f3n Polic\u00eda Comunitaria URV, vecinos y el concejal Ernesto [&hellip;]<\/p>\n","protected":false},"author":2,"featured_media":2611,"comment_status":"open","ping_status":"open","sticky":false,"template":"","format":"standard","meta":{"footnotes":""},"categories":[29],"tags":[],"class_list":["post-2610","post","type-post","status-publish","format-standard","has-post-thumbnail","hentry","category-locales"],"yoast_head":"<!-- This site is optimized with the Yoast SEO plugin v27.5 - https:\/\/yoast.com\/product\/yoast-seo-wordpress\/ -->\n<title>Iguaz\u00faPolic\u00edas se reunieron con el foro de seguridad de las 2000 Hect\u00e1reas | CVI NOTICIAS<\/title>\n<meta name=\"robots\" content=\"index, follow, max-snippet:-1, max-image-preview:large, max-video-preview:-1\" \/>\n<link rel=\"canonical\" href=\"https:\/\/cvinoticias.com\/v3\/iguazupolicias-se-reunieron-con-el-foro-de-seguridad-de-las-2000-hectareas\/\" \/>\n<meta property=\"og:locale\" content=\"es_ES\" \/>\n<meta property=\"og:type\" content=\"article\" \/>\n<meta property=\"og:title\" content=\"Iguaz\u00faPolic\u00edas se reunieron con el foro de seguridad de las 2000 Hect\u00e1reas | CVI NOTICIAS\" \/>\n<meta property=\"og:description\" content=\"En la ma\u00f1ana de hoy, integrantes de la Unidad Regional V se reunieron con el foro de seguridad de la zona rural de las 2000 Hect\u00e1reas con asiento en Puerto Iguaz\u00fa. En esta oportunidad en las instalaciones del comedor comunitario del barrio Unidos, efectivos de la Divisi\u00f3n Polic\u00eda Comunitaria URV, vecinos y el concejal Ernesto [&hellip;]\" \/>\n<meta property=\"og:url\" content=\"https:\/\/cvinoticias.com\/v3\/iguazupolicias-se-reunieron-con-el-foro-de-seguridad-de-las-2000-hectareas\/\" \/>\n<meta property=\"og:site_name\" content=\"CVI NOTICIAS\" \/>\n<meta property=\"article:publisher\" content=\"https:\/\/www.facebook.com\/cvinoticias\" \/>\n<meta property=\"article:published_time\" content=\"2021-02-10T15:40:24+00:00\" \/>\n<meta property=\"og:image\" content=\"https:\/\/cvinoticias.com\/wp-content\/uploads\/2021\/02\/FB_IMG_1612971141283.jpg\" \/>\n\t<meta property=\"og:image:width\" content=\"1032\" \/>\n\t<meta property=\"og:image:height\" content=\"592\" \/>\n\t<meta property=\"og:image:type\" content=\"image\/jpeg\" \/>\n<meta name=\"author\" content=\"f1000024\" \/>\n<meta name=\"twitter:card\" content=\"summary_large_image\" \/>\n<meta name=\"twitter:label1\" content=\"Escrito por\" \/>\n\t<meta name=\"twitter:data1\" content=\"f1000024\" \/>\n\t<meta name=\"twitter:label2\" content=\"Tiempo de lectura\" \/>\n\t<meta name=\"twitter:data2\" content=\"1 minuto\" \/>\n<script type=\"application\/ld+json\" class=\"yoast-schema-graph\">{\"@context\":\"https:\\\/\\\/schema.org\",\"@graph\":[{\"@type\":\"Article\",\"@id\":\"https:\\\/\\\/cvinoticias.com\\\/v3\\\/iguazupolicias-se-reunieron-con-el-foro-de-seguridad-de-las-2000-hectareas\\\/#article\",\"isPartOf\":{\"@id\":\"https:\\\/\\\/cvinoticias.com\\\/v3\\\/iguazupolicias-se-reunieron-con-el-foro-de-seguridad-de-las-2000-hectareas\\\/\"},\"author\":{\"name\":\"f1000024\",\"@id\":\"https:\\\/\\\/cvinoticias.com\\\/v3\\\/#\\\/schema\\\/person\\\/2db77e3c6bc03c538495d7b2b8be9b66\"},\"headline\":\"Iguaz\u00fa Polic\u00edas se reunieron con el foro de seguridad de las 2000 Hect\u00e1reas\",\"datePublished\":\"2021-02-10T15:40:24+00:00\",\"mainEntityOfPage\":{\"@id\":\"https:\\\/\\\/cvinoticias.com\\\/v3\\\/iguazupolicias-se-reunieron-con-el-foro-de-seguridad-de-las-2000-hectareas\\\/\"},\"wordCount\":126,\"commentCount\":0,\"publisher\":{\"@id\":\"https:\\\/\\\/cvinoticias.com\\\/v3\\\/#organization\"},\"image\":{\"@id\":\"https:\\\/\\\/cvinoticias.com\\\/v3\\\/iguazupolicias-se-reunieron-con-el-foro-de-seguridad-de-las-2000-hectareas\\\/#primaryimage\"},\"thumbnailUrl\":\"https:\\\/\\\/cvinoticias.com\\\/wp-content\\\/uploads\\\/2021\\\/02\\\/FB_IMG_1612971141283.jpg\",\"articleSection\":[\"Locales\"],\"inLanguage\":\"es\",\"potentialAction\":[{\"@type\":\"CommentAction\",\"name\":\"Comment\",\"target\":[\"https:\\\/\\\/cvinoticias.com\\\/v3\\\/iguazupolicias-se-reunieron-con-el-foro-de-seguridad-de-las-2000-hectareas\\\/#respond\"]}]},{\"@type\":\"WebPage\",\"@id\":\"https:\\\/\\\/cvinoticias.com\\\/v3\\\/iguazupolicias-se-reunieron-con-el-foro-de-seguridad-de-las-2000-hectareas\\\/\",\"url\":\"https:\\\/\\\/cvinoticias.com\\\/v3\\\/iguazupolicias-se-reunieron-con-el-foro-de-seguridad-de-las-2000-hectareas\\\/\",\"name\":\"Iguaz\u00fa Polic\u00edas se reunieron con el foro de seguridad de las 2000 Hect\u00e1reas | CVI NOTICIAS\",\"isPartOf\":{\"@id\":\"https:\\\/\\\/cvinoticias.com\\\/v3\\\/#website\"},\"primaryImageOfPage\":{\"@id\":\"https:\\\/\\\/cvinoticias.com\\\/v3\\\/iguazupolicias-se-reunieron-con-el-foro-de-seguridad-de-las-2000-hectareas\\\/#primaryimage\"},\"image\":{\"@id\":\"https:\\\/\\\/cvinoticias.com\\\/v3\\\/iguazupolicias-se-reunieron-con-el-foro-de-seguridad-de-las-2000-hectareas\\\/#primaryimage\"},\"thumbnailUrl\":\"https:\\\/\\\/cvinoticias.com\\\/wp-content\\\/uploads\\\/2021\\\/02\\\/FB_IMG_1612971141283.jpg\",\"datePublished\":\"2021-02-10T15:40:24+00:00\",\"breadcrumb\":{\"@id\":\"https:\\\/\\\/cvinoticias.com\\\/v3\\\/iguazupolicias-se-reunieron-con-el-foro-de-seguridad-de-las-2000-hectareas\\\/#breadcrumb\"},\"inLanguage\":\"es\",\"potentialAction\":[{\"@type\":\"ReadAction\",\"target\":[\"https:\\\/\\\/cvinoticias.com\\\/v3\\\/iguazupolicias-se-reunieron-con-el-foro-de-seguridad-de-las-2000-hectareas\\\/\"]}]},{\"@type\":\"ImageObject\",\"inLanguage\":\"es\",\"@id\":\"https:\\\/\\\/cvinoticias.com\\\/v3\\\/iguazupolicias-se-reunieron-con-el-foro-de-seguridad-de-las-2000-hectareas\\\/#primaryimage\",\"url\":\"https:\\\/\\\/cvinoticias.com\\\/wp-content\\\/uploads\\\/2021\\\/02\\\/FB_IMG_1612971141283.jpg\",\"contentUrl\":\"https:\\\/\\\/cvinoticias.com\\\/wp-content\\\/uploads\\\/2021\\\/02\\\/FB_IMG_1612971141283.jpg\",\"width\":1032,\"height\":592},{\"@type\":\"BreadcrumbList\",\"@id\":\"https:\\\/\\\/cvinoticias.com\\\/v3\\\/iguazupolicias-se-reunieron-con-el-foro-de-seguridad-de-las-2000-hectareas\\\/#breadcrumb\",\"itemListElement\":[{\"@type\":\"ListItem\",\"position\":1,\"name\":\"Portada\",\"item\":\"https:\\\/\\\/cvinoticias.com\\\/v3\\\/\"},{\"@type\":\"ListItem\",\"position\":2,\"name\":\"Iguaz\u00faPolic\u00edas se reunieron con el foro de seguridad de las 2000 Hect\u00e1reas\"}]},{\"@type\":\"WebSite\",\"@id\":\"https:\\\/\\\/cvinoticias.com\\\/v3\\\/#website\",\"url\":\"https:\\\/\\\/cvinoticias.com\\\/v3\\\/\",\"name\":\"CVI NOTICIAS\",\"description\":\"\",\"publisher\":{\"@id\":\"https:\\\/\\\/cvinoticias.com\\\/v3\\\/#organization\"},\"alternateName\":\"CVI\",\"potentialAction\":[{\"@type\":\"SearchAction\",\"target\":{\"@type\":\"EntryPoint\",\"urlTemplate\":\"https:\\\/\\\/cvinoticias.com\\\/v3\\\/?s={search_term_string}\"},\"query-input\":{\"@type\":\"PropertyValueSpecification\",\"valueRequired\":true,\"valueName\":\"search_term_string\"}}],\"inLanguage\":\"es\"},{\"@type\":\"Organization\",\"@id\":\"https:\\\/\\\/cvinoticias.com\\\/v3\\\/#organization\",\"name\":\"CVI NOTICIAS\",\"url\":\"https:\\\/\\\/cvinoticias.com\\\/v3\\\/\",\"logo\":{\"@type\":\"ImageObject\",\"inLanguage\":\"es\",\"@id\":\"https:\\\/\\\/cvinoticias.com\\\/v3\\\/#\\\/schema\\\/logo\\\/image\\\/\",\"url\":\"https:\\\/\\\/cvinoticias.com\\\/wp-content\\\/uploads\\\/2023\\\/04\\\/cropped-cropped-cropped-cropped-cropped-3-1.png\",\"contentUrl\":\"https:\\\/\\\/cvinoticias.com\\\/wp-content\\\/uploads\\\/2023\\\/04\\\/cropped-cropped-cropped-cropped-cropped-3-1.png\",\"width\":95,\"height\":122,\"caption\":\"CVI NOTICIAS\"},\"image\":{\"@id\":\"https:\\\/\\\/cvinoticias.com\\\/v3\\\/#\\\/schema\\\/logo\\\/image\\\/\"},\"sameAs\":[\"https:\\\/\\\/www.facebook.com\\\/cvinoticias\",\"https:\\\/\\\/www.instagram.com\\\/cvinoticias\\\/\",\"https:\\\/\\\/www.youtube.com\\\/@CVINOTICIAS\"]},{\"@type\":\"Person\",\"@id\":\"https:\\\/\\\/cvinoticias.com\\\/v3\\\/#\\\/schema\\\/person\\\/2db77e3c6bc03c538495d7b2b8be9b66\",\"name\":\"f1000024\",\"image\":{\"@type\":\"ImageObject\",\"inLanguage\":\"es\",\"@id\":\"https:\\\/\\\/secure.gravatar.com\\\/avatar\\\/d4fe7459cfc51ff5129ce1a732bbef5928568b8092d412ef95611616376bbeed?s=96&d=mm&r=g\",\"url\":\"https:\\\/\\\/secure.gravatar.com\\\/avatar\\\/d4fe7459cfc51ff5129ce1a732bbef5928568b8092d412ef95611616376bbeed?s=96&d=mm&r=g\",\"contentUrl\":\"https:\\\/\\\/secure.gravatar.com\\\/avatar\\\/d4fe7459cfc51ff5129ce1a732bbef5928568b8092d412ef95611616376bbeed?s=96&d=mm&r=g\",\"caption\":\"f1000024\"},\"url\":\"https:\\\/\\\/cvinoticias.com\\\/v3\\\/author\\\/f1000024\\\/\"}]}<\/script>\n<!-- \/ Yoast SEO plugin. -->","yoast_head_json":{"title":"Iguaz\u00faPolic\u00edas se reunieron con el foro de seguridad de las 2000 Hect\u00e1reas | CVI NOTICIAS","robots":{"index":"index","follow":"follow","max-snippet":"max-snippet:-1","max-image-preview":"max-image-preview:large","max-video-preview":"max-video-preview:-1"},"canonical":"https:\/\/cvinoticias.com\/v3\/iguazupolicias-se-reunieron-con-el-foro-de-seguridad-de-las-2000-hectareas\/","og_locale":"es_ES","og_type":"article","og_title":"Iguaz\u00faPolic\u00edas se reunieron con el foro de seguridad de las 2000 Hect\u00e1reas | CVI NOTICIAS","og_description":"En la ma\u00f1ana de hoy, integrantes de la Unidad Regional V se reunieron con el foro de seguridad de la zona rural de las 2000 Hect\u00e1reas con asiento en Puerto Iguaz\u00fa. En esta oportunidad en las instalaciones del comedor comunitario del barrio Unidos, efectivos de la Divisi\u00f3n Polic\u00eda Comunitaria URV, vecinos y el concejal Ernesto [&hellip;]","og_url":"https:\/\/cvinoticias.com\/v3\/iguazupolicias-se-reunieron-con-el-foro-de-seguridad-de-las-2000-hectareas\/","og_site_name":"CVI NOTICIAS","article_publisher":"https:\/\/www.facebook.com\/cvinoticias","article_published_time":"2021-02-10T15:40:24+00:00","og_image":[{"width":1032,"height":592,"url":"https:\/\/cvinoticias.com\/wp-content\/uploads\/2021\/02\/FB_IMG_1612971141283.jpg","type":"image\/jpeg"}],"author":"f1000024","twitter_card":"summary_large_image","twitter_misc":{"Escrito por":"f1000024","Tiempo de lectura":"1 minuto"},"schema":{"@context":"https:\/\/schema.org","@graph":[{"@type":"Article","@id":"https:\/\/cvinoticias.com\/v3\/iguazupolicias-se-reunieron-con-el-foro-de-seguridad-de-las-2000-hectareas\/#article","isPartOf":{"@id":"https:\/\/cvinoticias.com\/v3\/iguazupolicias-se-reunieron-con-el-foro-de-seguridad-de-las-2000-hectareas\/"},"author":{"name":"f1000024","@id":"https:\/\/cvinoticias.com\/v3\/#\/schema\/person\/2db77e3c6bc03c538495d7b2b8be9b66"},"headline":"Iguaz\u00fa Polic\u00edas se reunieron con el foro de seguridad de las 2000 Hect\u00e1reas","datePublished":"2021-02-10T15:40:24+00:00","mainEntityOfPage":{"@id":"https:\/\/cvinoticias.com\/v3\/iguazupolicias-se-reunieron-con-el-foro-de-seguridad-de-las-2000-hectareas\/"},"wordCount":126,"commentCount":0,"publisher":{"@id":"https:\/\/cvinoticias.com\/v3\/#organization"},"image":{"@id":"https:\/\/cvinoticias.com\/v3\/iguazupolicias-se-reunieron-con-el-foro-de-seguridad-de-las-2000-hectareas\/#primaryimage"},"thumbnailUrl":"https:\/\/cvinoticias.com\/wp-content\/uploads\/2021\/02\/FB_IMG_1612971141283.jpg","articleSection":["Locales"],"inLanguage":"es","potentialAction":[{"@type":"CommentAction","name":"Comment","target":["https:\/\/cvinoticias.com\/v3\/iguazupolicias-se-reunieron-con-el-foro-de-seguridad-de-las-2000-hectareas\/#respond"]}]},{"@type":"WebPage","@id":"https:\/\/cvinoticias.com\/v3\/iguazupolicias-se-reunieron-con-el-foro-de-seguridad-de-las-2000-hectareas\/","url":"https:\/\/cvinoticias.com\/v3\/iguazupolicias-se-reunieron-con-el-foro-de-seguridad-de-las-2000-hectareas\/","name":"Iguaz\u00fa Polic\u00edas se reunieron con el foro de seguridad de las 2000 Hect\u00e1reas | CVI NOTICIAS","isPartOf":{"@id":"https:\/\/cvinoticias.com\/v3\/#website"},"primaryImageOfPage":{"@id":"https:\/\/cvinoticias.com\/v3\/iguazupolicias-se-reunieron-con-el-foro-de-seguridad-de-las-2000-hectareas\/#primaryimage"},"image":{"@id":"https:\/\/cvinoticias.com\/v3\/iguazupolicias-se-reunieron-con-el-foro-de-seguridad-de-las-2000-hectareas\/#primaryimage"},"thumbnailUrl":"https:\/\/cvinoticias.com\/wp-content\/uploads\/2021\/02\/FB_IMG_1612971141283.jpg","datePublished":"2021-02-10T15:40:24+00:00","breadcrumb":{"@id":"https:\/\/cvinoticias.com\/v3\/iguazupolicias-se-reunieron-con-el-foro-de-seguridad-de-las-2000-hectareas\/#breadcrumb"},"inLanguage":"es","potentialAction":[{"@type":"ReadAction","target":["https:\/\/cvinoticias.com\/v3\/iguazupolicias-se-reunieron-con-el-foro-de-seguridad-de-las-2000-hectareas\/"]}]},{"@type":"ImageObject","inLanguage":"es","@id":"https:\/\/cvinoticias.com\/v3\/iguazupolicias-se-reunieron-con-el-foro-de-seguridad-de-las-2000-hectareas\/#primaryimage","url":"https:\/\/cvinoticias.com\/wp-content\/uploads\/2021\/02\/FB_IMG_1612971141283.jpg","contentUrl":"https:\/\/cvinoticias.com\/wp-content\/uploads\/2021\/02\/FB_IMG_1612971141283.jpg","width":1032,"height":592},{"@type":"BreadcrumbList","@id":"https:\/\/cvinoticias.com\/v3\/iguazupolicias-se-reunieron-con-el-foro-de-seguridad-de-las-2000-hectareas\/#breadcrumb","itemListElement":[{"@type":"ListItem","position":1,"name":"Portada","item":"https:\/\/cvinoticias.com\/v3\/"},{"@type":"ListItem","position":2,"name":"Iguaz\u00faPolic\u00edas se reunieron con el foro de seguridad de las 2000 Hect\u00e1reas"}]},{"@type":"WebSite","@id":"https:\/\/cvinoticias.com\/v3\/#website","url":"https:\/\/cvinoticias.com\/v3\/","name":"CVI NOTICIAS","description":"","publisher":{"@id":"https:\/\/cvinoticias.com\/v3\/#organization"},"alternateName":"CVI","potentialAction":[{"@type":"SearchAction","target":{"@type":"EntryPoint","urlTemplate":"https:\/\/cvinoticias.com\/v3\/?s={search_term_string}"},"query-input":{"@type":"PropertyValueSpecification","valueRequired":true,"valueName":"search_term_string"}}],"inLanguage":"es"},{"@type":"Organization","@id":"https:\/\/cvinoticias.com\/v3\/#organization","name":"CVI NOTICIAS","url":"https:\/\/cvinoticias.com\/v3\/","logo":{"@type":"ImageObject","inLanguage":"es","@id":"https:\/\/cvinoticias.com\/v3\/#\/schema\/logo\/image\/","url":"https:\/\/cvinoticias.com\/wp-content\/uploads\/2023\/04\/cropped-cropped-cropped-cropped-cropped-3-1.png","contentUrl":"https:\/\/cvinoticias.com\/wp-content\/uploads\/2023\/04\/cropped-cropped-cropped-cropped-cropped-3-1.png","width":95,"height":122,"caption":"CVI NOTICIAS"},"image":{"@id":"https:\/\/cvinoticias.com\/v3\/#\/schema\/logo\/image\/"},"sameAs":["https:\/\/www.facebook.com\/cvinoticias","https:\/\/www.instagram.com\/cvinoticias\/","https:\/\/www.youtube.com\/@CVINOTICIAS"]},{"@type":"Person","@id":"https:\/\/cvinoticias.com\/v3\/#\/schema\/person\/2db77e3c6bc03c538495d7b2b8be9b66","name":"f1000024","image":{"@type":"ImageObject","inLanguage":"es","@id":"https:\/\/secure.gravatar.com\/avatar\/d4fe7459cfc51ff5129ce1a732bbef5928568b8092d412ef95611616376bbeed?s=96&d=mm&r=g","url":"https:\/\/secure.gravatar.com\/avatar\/d4fe7459cfc51ff5129ce1a732bbef5928568b8092d412ef95611616376bbeed?s=96&d=mm&r=g","contentUrl":"https:\/\/secure.gravatar.com\/avatar\/d4fe7459cfc51ff5129ce1a732bbef5928568b8092d412ef95611616376bbeed?s=96&d=mm&r=g","caption":"f1000024"},"url":"https:\/\/cvinoticias.com\/v3\/author\/f1000024\/"}]}},"_links":{"self":[{"href":"https:\/\/cvinoticias.com\/v3\/wp-json\/wp\/v2\/posts\/2610","targetHints":{"allow":["GET"]}}],"collection":[{"href":"https:\/\/cvinoticias.com\/v3\/wp-json\/wp\/v2\/posts"}],"about":[{"href":"https:\/\/cvinoticias.com\/v3\/wp-json\/wp\/v2\/types\/post"}],"author":[{"embeddable":true,"href":"https:\/\/cvinoticias.com\/v3\/wp-json\/wp\/v2\/users\/2"}],"replies":[{"embeddable":true,"href":"https:\/\/cvinoticias.com\/v3\/wp-json\/wp\/v2\/comments?post=2610"}],"version-history":[{"count":1,"href":"https:\/\/cvinoticias.com\/v3\/wp-json\/wp\/v2\/posts\/2610\/revisions"}],"predecessor-version":[{"id":2612,"href":"https:\/\/cvinoticias.com\/v3\/wp-json\/wp\/v2\/posts\/2610\/revisions\/2612"}],"wp:featuredmedia":[{"embeddable":true,"href":"https:\/\/cvinoticias.com\/v3\/wp-json\/wp\/v2\/media\/2611"}],"wp:attachment":[{"href":"https:\/\/cvinoticias.com\/v3\/wp-json\/wp\/v2\/media?parent=2610"}],"wp:term":[{"taxonomy":"category","embeddable":true,"href":"https:\/\/cvinoticias.com\/v3\/wp-json\/wp\/v2\/categories?post=2610"},{"taxonomy":"post_tag","embeddable":true,"href":"https:\/\/cvinoticias.com\/v3\/wp-json\/wp\/v2\/tags?post=2610"}],"curies":[{"name":"wp","href":"https:\/\/api.w.org\/{rel}","templated":true}]}}