{"id":26090,"date":"2023-07-06T13:38:44","date_gmt":"2023-07-06T13:38:44","guid":{"rendered":"https:\/\/cvinoticias.com\/v3\/?p=26090"},"modified":"2023-07-06T13:38:44","modified_gmt":"2023-07-06T13:38:44","slug":"horror-en-brasil-hallaron-decapitado-y-desmembrado-a-vinicius-skulny-una-joven-promesa-del-futbol","status":"publish","type":"post","link":"https:\/\/cvinoticias.com\/v3\/horror-en-brasil-hallaron-decapitado-y-desmembrado-a-vinicius-skulny-una-joven-promesa-del-futbol\/","title":{"rendered":"Horror en Brasil: hallaron decapitado y desmembrado a Vinicius Skulny, una joven promesa del f\u00fatbol"},"content":{"rendered":"\n<p><strong><em>El cuerpo de un joven futbolista brasilero fue encontrado flotando en un r\u00edo de Mato Grosso. Las autoridades sospechan de la expareja, quien habr\u00eda sido la \u00faltima persona en verlo con vida.<\/em><\/strong><\/p>\n\n\n\n<p>El futbolista Vinicius Skulny Pedrosa, de 19 a\u00f1os, fue encontrado muerto en el r\u00edo Igautemi, en el estado brasilero de Mato Grosso. Los investigadores se\u00f1alaron que la exnovia de la joven promesa deportisa es \u201cla pieza clave\u201d para esclarecerlo.<\/p>\n\n\n\n<p>El mundo del f\u00fatbol en Brasil est\u00e1 conmovido por el terrible crimen. El cuerpo de Skulny Pedrosa, fue hallado flotando en el agua, desmembrado y decapitado en el barrio de Sete Quedas tras varios d\u00edas de b\u00fasqueda.<\/p>\n\n\n\n<p>Las autoridades brasileras confirmaron que encontraron el torso y el muslo del joven futbolista. Todav\u00eda no han podido localizar el resto del cad\u00e1ver, a pesar de se despleg\u00f3 un importante operativo en la zona.<\/p>\n","protected":false},"excerpt":{"rendered":"<p>El cuerpo de un joven futbolista brasilero fue encontrado flotando en un r\u00edo de Mato Grosso. Las autoridades sospechan de la expareja, quien habr\u00eda sido la \u00faltima persona en verlo con vida. El futbolista Vinicius Skulny Pedrosa, de 19 a\u00f1os, fue encontrado muerto en el r\u00edo Igautemi, en el estado brasilero de Mato Grosso. Los [&hellip;]<\/p>\n","protected":false},"author":2,"featured_media":26091,"comment_status":"open","ping_status":"open","sticky":false,"template":"","format":"standard","meta":{"footnotes":""},"categories":[36],"tags":[],"class_list":["post-26090","post","type-post","status-publish","format-standard","has-post-thumbnail","hentry","category-internacionales"],"yoast_head":"<!-- This site is optimized with the Yoast SEO plugin v27.5 - https:\/\/yoast.com\/product\/yoast-seo-wordpress\/ -->\n<title>Horror en Brasil: hallaron decapitado y desmembrado a Vinicius Skulny, una joven promesa del f\u00fatbol | CVI NOTICIAS<\/title>\n<meta name=\"robots\" content=\"index, follow, max-snippet:-1, max-image-preview:large, max-video-preview:-1\" \/>\n<link rel=\"canonical\" href=\"https:\/\/cvinoticias.com\/v3\/horror-en-brasil-hallaron-decapitado-y-desmembrado-a-vinicius-skulny-una-joven-promesa-del-futbol\/\" \/>\n<meta property=\"og:locale\" content=\"es_ES\" \/>\n<meta property=\"og:type\" content=\"article\" \/>\n<meta property=\"og:title\" content=\"Horror en Brasil: hallaron decapitado y desmembrado a Vinicius Skulny, una joven promesa del f\u00fatbol | CVI NOTICIAS\" \/>\n<meta property=\"og:description\" content=\"El cuerpo de un joven futbolista brasilero fue encontrado flotando en un r\u00edo de Mato Grosso. Las autoridades sospechan de la expareja, quien habr\u00eda sido la \u00faltima persona en verlo con vida. El futbolista Vinicius Skulny Pedrosa, de 19 a\u00f1os, fue encontrado muerto en el r\u00edo Igautemi, en el estado brasilero de Mato Grosso. Los [&hellip;]\" \/>\n<meta property=\"og:url\" content=\"https:\/\/cvinoticias.com\/v3\/horror-en-brasil-hallaron-decapitado-y-desmembrado-a-vinicius-skulny-una-joven-promesa-del-futbol\/\" \/>\n<meta property=\"og:site_name\" content=\"CVI NOTICIAS\" \/>\n<meta property=\"article:publisher\" content=\"https:\/\/www.facebook.com\/cvinoticias\" \/>\n<meta property=\"article:published_time\" content=\"2023-07-06T13:38:44+00:00\" \/>\n<meta property=\"og:image\" content=\"https:\/\/cvinoticias.com\/wp-content\/uploads\/2023\/07\/Screenshot_20230706_103828_Facebook.jpg\" \/>\n\t<meta property=\"og:image:width\" content=\"1079\" \/>\n\t<meta property=\"og:image:height\" content=\"604\" \/>\n\t<meta property=\"og:image:type\" content=\"image\/jpeg\" \/>\n<meta name=\"author\" content=\"f1000024\" \/>\n<meta name=\"twitter:card\" content=\"summary_large_image\" \/>\n<meta name=\"twitter:label1\" content=\"Escrito por\" \/>\n\t<meta name=\"twitter:data1\" content=\"f1000024\" \/>\n\t<meta name=\"twitter:label2\" content=\"Tiempo de lectura\" \/>\n\t<meta name=\"twitter:data2\" content=\"1 minuto\" \/>\n<script type=\"application\/ld+json\" class=\"yoast-schema-graph\">{\"@context\":\"https:\\\/\\\/schema.org\",\"@graph\":[{\"@type\":\"Article\",\"@id\":\"https:\\\/\\\/cvinoticias.com\\\/v3\\\/horror-en-brasil-hallaron-decapitado-y-desmembrado-a-vinicius-skulny-una-joven-promesa-del-futbol\\\/#article\",\"isPartOf\":{\"@id\":\"https:\\\/\\\/cvinoticias.com\\\/v3\\\/horror-en-brasil-hallaron-decapitado-y-desmembrado-a-vinicius-skulny-una-joven-promesa-del-futbol\\\/\"},\"author\":{\"name\":\"f1000024\",\"@id\":\"https:\\\/\\\/cvinoticias.com\\\/v3\\\/#\\\/schema\\\/person\\\/2db77e3c6bc03c538495d7b2b8be9b66\"},\"headline\":\"Horror en Brasil: hallaron decapitado y desmembrado a Vinicius Skulny, una joven promesa del f\u00fatbol\",\"datePublished\":\"2023-07-06T13:38:44+00:00\",\"mainEntityOfPage\":{\"@id\":\"https:\\\/\\\/cvinoticias.com\\\/v3\\\/horror-en-brasil-hallaron-decapitado-y-desmembrado-a-vinicius-skulny-una-joven-promesa-del-futbol\\\/\"},\"wordCount\":167,\"commentCount\":0,\"publisher\":{\"@id\":\"https:\\\/\\\/cvinoticias.com\\\/v3\\\/#organization\"},\"image\":{\"@id\":\"https:\\\/\\\/cvinoticias.com\\\/v3\\\/horror-en-brasil-hallaron-decapitado-y-desmembrado-a-vinicius-skulny-una-joven-promesa-del-futbol\\\/#primaryimage\"},\"thumbnailUrl\":\"https:\\\/\\\/cvinoticias.com\\\/wp-content\\\/uploads\\\/2023\\\/07\\\/Screenshot_20230706_103828_Facebook.jpg\",\"articleSection\":[\"Internacionales\"],\"inLanguage\":\"es\",\"potentialAction\":[{\"@type\":\"CommentAction\",\"name\":\"Comment\",\"target\":[\"https:\\\/\\\/cvinoticias.com\\\/v3\\\/horror-en-brasil-hallaron-decapitado-y-desmembrado-a-vinicius-skulny-una-joven-promesa-del-futbol\\\/#respond\"]}]},{\"@type\":\"WebPage\",\"@id\":\"https:\\\/\\\/cvinoticias.com\\\/v3\\\/horror-en-brasil-hallaron-decapitado-y-desmembrado-a-vinicius-skulny-una-joven-promesa-del-futbol\\\/\",\"url\":\"https:\\\/\\\/cvinoticias.com\\\/v3\\\/horror-en-brasil-hallaron-decapitado-y-desmembrado-a-vinicius-skulny-una-joven-promesa-del-futbol\\\/\",\"name\":\"Horror en Brasil: hallaron decapitado y desmembrado a Vinicius Skulny, una joven promesa del f\u00fatbol | CVI NOTICIAS\",\"isPartOf\":{\"@id\":\"https:\\\/\\\/cvinoticias.com\\\/v3\\\/#website\"},\"primaryImageOfPage\":{\"@id\":\"https:\\\/\\\/cvinoticias.com\\\/v3\\\/horror-en-brasil-hallaron-decapitado-y-desmembrado-a-vinicius-skulny-una-joven-promesa-del-futbol\\\/#primaryimage\"},\"image\":{\"@id\":\"https:\\\/\\\/cvinoticias.com\\\/v3\\\/horror-en-brasil-hallaron-decapitado-y-desmembrado-a-vinicius-skulny-una-joven-promesa-del-futbol\\\/#primaryimage\"},\"thumbnailUrl\":\"https:\\\/\\\/cvinoticias.com\\\/wp-content\\\/uploads\\\/2023\\\/07\\\/Screenshot_20230706_103828_Facebook.jpg\",\"datePublished\":\"2023-07-06T13:38:44+00:00\",\"breadcrumb\":{\"@id\":\"https:\\\/\\\/cvinoticias.com\\\/v3\\\/horror-en-brasil-hallaron-decapitado-y-desmembrado-a-vinicius-skulny-una-joven-promesa-del-futbol\\\/#breadcrumb\"},\"inLanguage\":\"es\",\"potentialAction\":[{\"@type\":\"ReadAction\",\"target\":[\"https:\\\/\\\/cvinoticias.com\\\/v3\\\/horror-en-brasil-hallaron-decapitado-y-desmembrado-a-vinicius-skulny-una-joven-promesa-del-futbol\\\/\"]}]},{\"@type\":\"ImageObject\",\"inLanguage\":\"es\",\"@id\":\"https:\\\/\\\/cvinoticias.com\\\/v3\\\/horror-en-brasil-hallaron-decapitado-y-desmembrado-a-vinicius-skulny-una-joven-promesa-del-futbol\\\/#primaryimage\",\"url\":\"https:\\\/\\\/cvinoticias.com\\\/wp-content\\\/uploads\\\/2023\\\/07\\\/Screenshot_20230706_103828_Facebook.jpg\",\"contentUrl\":\"https:\\\/\\\/cvinoticias.com\\\/wp-content\\\/uploads\\\/2023\\\/07\\\/Screenshot_20230706_103828_Facebook.jpg\",\"width\":1079,\"height\":604},{\"@type\":\"BreadcrumbList\",\"@id\":\"https:\\\/\\\/cvinoticias.com\\\/v3\\\/horror-en-brasil-hallaron-decapitado-y-desmembrado-a-vinicius-skulny-una-joven-promesa-del-futbol\\\/#breadcrumb\",\"itemListElement\":[{\"@type\":\"ListItem\",\"position\":1,\"name\":\"Portada\",\"item\":\"https:\\\/\\\/cvinoticias.com\\\/v3\\\/\"},{\"@type\":\"ListItem\",\"position\":2,\"name\":\"Horror en Brasil: hallaron decapitado y desmembrado a Vinicius Skulny, una joven promesa del f\u00fatbol\"}]},{\"@type\":\"WebSite\",\"@id\":\"https:\\\/\\\/cvinoticias.com\\\/v3\\\/#website\",\"url\":\"https:\\\/\\\/cvinoticias.com\\\/v3\\\/\",\"name\":\"CVI NOTICIAS\",\"description\":\"\",\"publisher\":{\"@id\":\"https:\\\/\\\/cvinoticias.com\\\/v3\\\/#organization\"},\"alternateName\":\"CVI\",\"potentialAction\":[{\"@type\":\"SearchAction\",\"target\":{\"@type\":\"EntryPoint\",\"urlTemplate\":\"https:\\\/\\\/cvinoticias.com\\\/v3\\\/?s={search_term_string}\"},\"query-input\":{\"@type\":\"PropertyValueSpecification\",\"valueRequired\":true,\"valueName\":\"search_term_string\"}}],\"inLanguage\":\"es\"},{\"@type\":\"Organization\",\"@id\":\"https:\\\/\\\/cvinoticias.com\\\/v3\\\/#organization\",\"name\":\"CVI NOTICIAS\",\"url\":\"https:\\\/\\\/cvinoticias.com\\\/v3\\\/\",\"logo\":{\"@type\":\"ImageObject\",\"inLanguage\":\"es\",\"@id\":\"https:\\\/\\\/cvinoticias.com\\\/v3\\\/#\\\/schema\\\/logo\\\/image\\\/\",\"url\":\"https:\\\/\\\/cvinoticias.com\\\/wp-content\\\/uploads\\\/2023\\\/04\\\/cropped-cropped-cropped-cropped-cropped-3-1.png\",\"contentUrl\":\"https:\\\/\\\/cvinoticias.com\\\/wp-content\\\/uploads\\\/2023\\\/04\\\/cropped-cropped-cropped-cropped-cropped-3-1.png\",\"width\":95,\"height\":122,\"caption\":\"CVI NOTICIAS\"},\"image\":{\"@id\":\"https:\\\/\\\/cvinoticias.com\\\/v3\\\/#\\\/schema\\\/logo\\\/image\\\/\"},\"sameAs\":[\"https:\\\/\\\/www.facebook.com\\\/cvinoticias\",\"https:\\\/\\\/www.instagram.com\\\/cvinoticias\\\/\",\"https:\\\/\\\/www.youtube.com\\\/@CVINOTICIAS\"]},{\"@type\":\"Person\",\"@id\":\"https:\\\/\\\/cvinoticias.com\\\/v3\\\/#\\\/schema\\\/person\\\/2db77e3c6bc03c538495d7b2b8be9b66\",\"name\":\"f1000024\",\"image\":{\"@type\":\"ImageObject\",\"inLanguage\":\"es\",\"@id\":\"https:\\\/\\\/secure.gravatar.com\\\/avatar\\\/d4fe7459cfc51ff5129ce1a732bbef5928568b8092d412ef95611616376bbeed?s=96&d=mm&r=g\",\"url\":\"https:\\\/\\\/secure.gravatar.com\\\/avatar\\\/d4fe7459cfc51ff5129ce1a732bbef5928568b8092d412ef95611616376bbeed?s=96&d=mm&r=g\",\"contentUrl\":\"https:\\\/\\\/secure.gravatar.com\\\/avatar\\\/d4fe7459cfc51ff5129ce1a732bbef5928568b8092d412ef95611616376bbeed?s=96&d=mm&r=g\",\"caption\":\"f1000024\"},\"url\":\"https:\\\/\\\/cvinoticias.com\\\/v3\\\/author\\\/f1000024\\\/\"}]}<\/script>\n<!-- \/ Yoast SEO plugin. -->","yoast_head_json":{"title":"Horror en Brasil: hallaron decapitado y desmembrado a Vinicius Skulny, una joven promesa del f\u00fatbol | CVI NOTICIAS","robots":{"index":"index","follow":"follow","max-snippet":"max-snippet:-1","max-image-preview":"max-image-preview:large","max-video-preview":"max-video-preview:-1"},"canonical":"https:\/\/cvinoticias.com\/v3\/horror-en-brasil-hallaron-decapitado-y-desmembrado-a-vinicius-skulny-una-joven-promesa-del-futbol\/","og_locale":"es_ES","og_type":"article","og_title":"Horror en Brasil: hallaron decapitado y desmembrado a Vinicius Skulny, una joven promesa del f\u00fatbol | CVI NOTICIAS","og_description":"El cuerpo de un joven futbolista brasilero fue encontrado flotando en un r\u00edo de Mato Grosso. Las autoridades sospechan de la expareja, quien habr\u00eda sido la \u00faltima persona en verlo con vida. El futbolista Vinicius Skulny Pedrosa, de 19 a\u00f1os, fue encontrado muerto en el r\u00edo Igautemi, en el estado brasilero de Mato Grosso. Los [&hellip;]","og_url":"https:\/\/cvinoticias.com\/v3\/horror-en-brasil-hallaron-decapitado-y-desmembrado-a-vinicius-skulny-una-joven-promesa-del-futbol\/","og_site_name":"CVI NOTICIAS","article_publisher":"https:\/\/www.facebook.com\/cvinoticias","article_published_time":"2023-07-06T13:38:44+00:00","og_image":[{"width":1079,"height":604,"url":"https:\/\/cvinoticias.com\/wp-content\/uploads\/2023\/07\/Screenshot_20230706_103828_Facebook.jpg","type":"image\/jpeg"}],"author":"f1000024","twitter_card":"summary_large_image","twitter_misc":{"Escrito por":"f1000024","Tiempo de lectura":"1 minuto"},"schema":{"@context":"https:\/\/schema.org","@graph":[{"@type":"Article","@id":"https:\/\/cvinoticias.com\/v3\/horror-en-brasil-hallaron-decapitado-y-desmembrado-a-vinicius-skulny-una-joven-promesa-del-futbol\/#article","isPartOf":{"@id":"https:\/\/cvinoticias.com\/v3\/horror-en-brasil-hallaron-decapitado-y-desmembrado-a-vinicius-skulny-una-joven-promesa-del-futbol\/"},"author":{"name":"f1000024","@id":"https:\/\/cvinoticias.com\/v3\/#\/schema\/person\/2db77e3c6bc03c538495d7b2b8be9b66"},"headline":"Horror en Brasil: hallaron decapitado y desmembrado a Vinicius Skulny, una joven promesa del f\u00fatbol","datePublished":"2023-07-06T13:38:44+00:00","mainEntityOfPage":{"@id":"https:\/\/cvinoticias.com\/v3\/horror-en-brasil-hallaron-decapitado-y-desmembrado-a-vinicius-skulny-una-joven-promesa-del-futbol\/"},"wordCount":167,"commentCount":0,"publisher":{"@id":"https:\/\/cvinoticias.com\/v3\/#organization"},"image":{"@id":"https:\/\/cvinoticias.com\/v3\/horror-en-brasil-hallaron-decapitado-y-desmembrado-a-vinicius-skulny-una-joven-promesa-del-futbol\/#primaryimage"},"thumbnailUrl":"https:\/\/cvinoticias.com\/wp-content\/uploads\/2023\/07\/Screenshot_20230706_103828_Facebook.jpg","articleSection":["Internacionales"],"inLanguage":"es","potentialAction":[{"@type":"CommentAction","name":"Comment","target":["https:\/\/cvinoticias.com\/v3\/horror-en-brasil-hallaron-decapitado-y-desmembrado-a-vinicius-skulny-una-joven-promesa-del-futbol\/#respond"]}]},{"@type":"WebPage","@id":"https:\/\/cvinoticias.com\/v3\/horror-en-brasil-hallaron-decapitado-y-desmembrado-a-vinicius-skulny-una-joven-promesa-del-futbol\/","url":"https:\/\/cvinoticias.com\/v3\/horror-en-brasil-hallaron-decapitado-y-desmembrado-a-vinicius-skulny-una-joven-promesa-del-futbol\/","name":"Horror en Brasil: hallaron decapitado y desmembrado a Vinicius Skulny, una joven promesa del f\u00fatbol | CVI NOTICIAS","isPartOf":{"@id":"https:\/\/cvinoticias.com\/v3\/#website"},"primaryImageOfPage":{"@id":"https:\/\/cvinoticias.com\/v3\/horror-en-brasil-hallaron-decapitado-y-desmembrado-a-vinicius-skulny-una-joven-promesa-del-futbol\/#primaryimage"},"image":{"@id":"https:\/\/cvinoticias.com\/v3\/horror-en-brasil-hallaron-decapitado-y-desmembrado-a-vinicius-skulny-una-joven-promesa-del-futbol\/#primaryimage"},"thumbnailUrl":"https:\/\/cvinoticias.com\/wp-content\/uploads\/2023\/07\/Screenshot_20230706_103828_Facebook.jpg","datePublished":"2023-07-06T13:38:44+00:00","breadcrumb":{"@id":"https:\/\/cvinoticias.com\/v3\/horror-en-brasil-hallaron-decapitado-y-desmembrado-a-vinicius-skulny-una-joven-promesa-del-futbol\/#breadcrumb"},"inLanguage":"es","potentialAction":[{"@type":"ReadAction","target":["https:\/\/cvinoticias.com\/v3\/horror-en-brasil-hallaron-decapitado-y-desmembrado-a-vinicius-skulny-una-joven-promesa-del-futbol\/"]}]},{"@type":"ImageObject","inLanguage":"es","@id":"https:\/\/cvinoticias.com\/v3\/horror-en-brasil-hallaron-decapitado-y-desmembrado-a-vinicius-skulny-una-joven-promesa-del-futbol\/#primaryimage","url":"https:\/\/cvinoticias.com\/wp-content\/uploads\/2023\/07\/Screenshot_20230706_103828_Facebook.jpg","contentUrl":"https:\/\/cvinoticias.com\/wp-content\/uploads\/2023\/07\/Screenshot_20230706_103828_Facebook.jpg","width":1079,"height":604},{"@type":"BreadcrumbList","@id":"https:\/\/cvinoticias.com\/v3\/horror-en-brasil-hallaron-decapitado-y-desmembrado-a-vinicius-skulny-una-joven-promesa-del-futbol\/#breadcrumb","itemListElement":[{"@type":"ListItem","position":1,"name":"Portada","item":"https:\/\/cvinoticias.com\/v3\/"},{"@type":"ListItem","position":2,"name":"Horror en Brasil: hallaron decapitado y desmembrado a Vinicius Skulny, una joven promesa del f\u00fatbol"}]},{"@type":"WebSite","@id":"https:\/\/cvinoticias.com\/v3\/#website","url":"https:\/\/cvinoticias.com\/v3\/","name":"CVI NOTICIAS","description":"","publisher":{"@id":"https:\/\/cvinoticias.com\/v3\/#organization"},"alternateName":"CVI","potentialAction":[{"@type":"SearchAction","target":{"@type":"EntryPoint","urlTemplate":"https:\/\/cvinoticias.com\/v3\/?s={search_term_string}"},"query-input":{"@type":"PropertyValueSpecification","valueRequired":true,"valueName":"search_term_string"}}],"inLanguage":"es"},{"@type":"Organization","@id":"https:\/\/cvinoticias.com\/v3\/#organization","name":"CVI NOTICIAS","url":"https:\/\/cvinoticias.com\/v3\/","logo":{"@type":"ImageObject","inLanguage":"es","@id":"https:\/\/cvinoticias.com\/v3\/#\/schema\/logo\/image\/","url":"https:\/\/cvinoticias.com\/wp-content\/uploads\/2023\/04\/cropped-cropped-cropped-cropped-cropped-3-1.png","contentUrl":"https:\/\/cvinoticias.com\/wp-content\/uploads\/2023\/04\/cropped-cropped-cropped-cropped-cropped-3-1.png","width":95,"height":122,"caption":"CVI NOTICIAS"},"image":{"@id":"https:\/\/cvinoticias.com\/v3\/#\/schema\/logo\/image\/"},"sameAs":["https:\/\/www.facebook.com\/cvinoticias","https:\/\/www.instagram.com\/cvinoticias\/","https:\/\/www.youtube.com\/@CVINOTICIAS"]},{"@type":"Person","@id":"https:\/\/cvinoticias.com\/v3\/#\/schema\/person\/2db77e3c6bc03c538495d7b2b8be9b66","name":"f1000024","image":{"@type":"ImageObject","inLanguage":"es","@id":"https:\/\/secure.gravatar.com\/avatar\/d4fe7459cfc51ff5129ce1a732bbef5928568b8092d412ef95611616376bbeed?s=96&d=mm&r=g","url":"https:\/\/secure.gravatar.com\/avatar\/d4fe7459cfc51ff5129ce1a732bbef5928568b8092d412ef95611616376bbeed?s=96&d=mm&r=g","contentUrl":"https:\/\/secure.gravatar.com\/avatar\/d4fe7459cfc51ff5129ce1a732bbef5928568b8092d412ef95611616376bbeed?s=96&d=mm&r=g","caption":"f1000024"},"url":"https:\/\/cvinoticias.com\/v3\/author\/f1000024\/"}]}},"_links":{"self":[{"href":"https:\/\/cvinoticias.com\/v3\/wp-json\/wp\/v2\/posts\/26090","targetHints":{"allow":["GET"]}}],"collection":[{"href":"https:\/\/cvinoticias.com\/v3\/wp-json\/wp\/v2\/posts"}],"about":[{"href":"https:\/\/cvinoticias.com\/v3\/wp-json\/wp\/v2\/types\/post"}],"author":[{"embeddable":true,"href":"https:\/\/cvinoticias.com\/v3\/wp-json\/wp\/v2\/users\/2"}],"replies":[{"embeddable":true,"href":"https:\/\/cvinoticias.com\/v3\/wp-json\/wp\/v2\/comments?post=26090"}],"version-history":[{"count":1,"href":"https:\/\/cvinoticias.com\/v3\/wp-json\/wp\/v2\/posts\/26090\/revisions"}],"predecessor-version":[{"id":26092,"href":"https:\/\/cvinoticias.com\/v3\/wp-json\/wp\/v2\/posts\/26090\/revisions\/26092"}],"wp:featuredmedia":[{"embeddable":true,"href":"https:\/\/cvinoticias.com\/v3\/wp-json\/wp\/v2\/media\/26091"}],"wp:attachment":[{"href":"https:\/\/cvinoticias.com\/v3\/wp-json\/wp\/v2\/media?parent=26090"}],"wp:term":[{"taxonomy":"category","embeddable":true,"href":"https:\/\/cvinoticias.com\/v3\/wp-json\/wp\/v2\/categories?post=26090"},{"taxonomy":"post_tag","embeddable":true,"href":"https:\/\/cvinoticias.com\/v3\/wp-json\/wp\/v2\/tags?post=26090"}],"curies":[{"name":"wp","href":"https:\/\/api.w.org\/{rel}","templated":true}]}}