{"id":26074,"date":"2023-07-06T11:27:23","date_gmt":"2023-07-06T11:27:23","guid":{"rendered":"https:\/\/cvinoticias.com\/v3\/?p=26074"},"modified":"2023-07-06T11:27:23","modified_gmt":"2023-07-06T11:27:23","slug":"aprobaron-el-proyecto-de-ley-para-incorporar-la-figura-de-violencia-digital","status":"publish","type":"post","link":"https:\/\/cvinoticias.com\/v3\/aprobaron-el-proyecto-de-ley-para-incorporar-la-figura-de-violencia-digital\/","title":{"rendered":"Aprobaron el proyecto de ley para incorporar la figura de violencia digital"},"content":{"rendered":"\n<p class=\"wp-block-paragraph\">La iniciativa tuvo el aval de 191 votos del oficialismo, Juntos Por el Cambio, Provincias Unidas y la izquierda, por lo que ser\u00e1 debatida en el Senado.<\/p>\n\n\n\n<p class=\"wp-block-paragraph\">La C\u00e1mara de Diputados gir\u00f3 al Senado tras aprobar por amplia mayor\u00eda, un proyecto consensuado para modificar la Ley 26.485 sobre Protecci\u00f3n Integral a las Mujeres, con el fin de incorporar la figura de la \u00abviolencia digital\u00bb<\/p>\n\n\n\n<p class=\"wp-block-paragraph\">La conocida como \u00abLey Olimpia\u00bb, aborda los delitos que violen la intimidad sexual de las personas a trav\u00e9s de medios digitales y sanciona la difusi\u00f3n sin consentimiento de cualquier contenido \u00edntimo.<\/p>\n\n\n\n<p class=\"wp-block-paragraph\"><strong>El proyecto<\/strong><\/p>\n\n\n\n<p class=\"wp-block-paragraph\">Se trata de una iniciativa que organizaciones de la sociedad civil nucleadas en un colectivo denominado \u00abCampa\u00f1a contra la Violencia Digital\u00bb, vienen reclamando hace tiempo a trav\u00e9s de distintas acciones, que incluyeron una campa\u00f1a online de recolecci\u00f3n de firmas, con unas 35.000 adhesiones.<\/p>\n\n\n\n<p class=\"wp-block-paragraph\">La iniciativa plantea que se entiende por violencia contra las mujeres \u00abtoda conducta, acci\u00f3n u omisi\u00f3n, que, de manera directa o indirecta, tanto en el \u00e1mbito p\u00fablico como en el privado, en el plano anal\u00f3gico o virtual, basada en una relaci\u00f3n desigual de poder, afecte su vida, libertad, dignidad, integridad f\u00edsica, psicol\u00f3gica, sexual, econ\u00f3mica o patrimonial, como as\u00ed tambi\u00e9n su seguridad personal\u00bb.<\/p>\n\n\n\n<p class=\"wp-block-paragraph\">Adem\u00e1s, establece la implementaci\u00f3n de \u00abun servicio multisoporte, telef\u00f3nico y digital gratuito y accesible, en forma articulada con las provincias, a trav\u00e9s de organismos gubernamentales pertinentes, destinado a dar contenci\u00f3n, informaci\u00f3n y asesoramiento sobre recursos en materia de prevenci\u00f3n de la violencia contra las mujeres y asistencia a quienes la padecen, incluido el \u00abacoso callejero\u00bb.<\/p>\n\n\n\n<p class=\"wp-block-paragraph\"><strong>Antecedentes<\/strong><\/p>\n\n\n\n<p class=\"wp-block-paragraph\">En M\u00e9xico, la Ley Olimpia fue sancionada en 2021 y convertida en modelo en la materia para la regi\u00f3n al abordar los delitos que violan la intimidad sexual de las personas a trav\u00e9s de medios digitales.<\/p>\n","protected":false},"excerpt":{"rendered":"<p>La iniciativa tuvo el aval de 191 votos del oficialismo, Juntos Por el Cambio, Provincias Unidas y la izquierda, por lo que ser\u00e1 debatida en el Senado. La C\u00e1mara de Diputados gir\u00f3 al Senado tras aprobar por amplia mayor\u00eda, un proyecto consensuado para modificar la Ley 26.485 sobre Protecci\u00f3n Integral a las Mujeres, con el [&hellip;]<\/p>\n","protected":false},"author":2,"featured_media":26075,"comment_status":"open","ping_status":"open","sticky":false,"template":"","format":"standard","meta":{"footnotes":""},"categories":[39],"tags":[],"class_list":["post-26074","post","type-post","status-publish","format-standard","has-post-thumbnail","hentry","category-nacionales"],"yoast_head":"<!-- This site is optimized with the Yoast SEO plugin v28.4 - https:\/\/yoast.com\/product\/yoast-seo-wordpress\/ -->\n<title>Aprobaron el proyecto de ley para incorporar la figura de violencia digital | CVI NOTICIAS<\/title>\n<meta name=\"robots\" content=\"index, follow, max-snippet:-1, max-image-preview:large, max-video-preview:-1\" \/>\n<link rel=\"canonical\" href=\"https:\/\/cvinoticias.com\/v3\/aprobaron-el-proyecto-de-ley-para-incorporar-la-figura-de-violencia-digital\/\" \/>\n<meta property=\"og:locale\" content=\"es_ES\" \/>\n<meta property=\"og:type\" content=\"article\" \/>\n<meta property=\"og:title\" content=\"Aprobaron el proyecto de ley para incorporar la figura de violencia digital | CVI NOTICIAS\" \/>\n<meta property=\"og:description\" content=\"La iniciativa tuvo el aval de 191 votos del oficialismo, Juntos Por el Cambio, Provincias Unidas y la izquierda, por lo que ser\u00e1 debatida en el Senado. La C\u00e1mara de Diputados gir\u00f3 al Senado tras aprobar por amplia mayor\u00eda, un proyecto consensuado para modificar la Ley 26.485 sobre Protecci\u00f3n Integral a las Mujeres, con el [&hellip;]\" \/>\n<meta property=\"og:url\" content=\"https:\/\/cvinoticias.com\/v3\/aprobaron-el-proyecto-de-ley-para-incorporar-la-figura-de-violencia-digital\/\" \/>\n<meta property=\"og:site_name\" content=\"CVI NOTICIAS\" \/>\n<meta property=\"article:publisher\" content=\"https:\/\/www.facebook.com\/cvinoticias\" \/>\n<meta property=\"article:published_time\" content=\"2023-07-06T11:27:23+00:00\" \/>\n<meta property=\"og:image\" content=\"https:\/\/cvinoticias.com\/wp-content\/uploads\/2023\/07\/0000139924.jpg\" \/>\n\t<meta property=\"og:image:width\" content=\"552\" \/>\n\t<meta property=\"og:image:height\" content=\"680\" \/>\n\t<meta property=\"og:image:type\" content=\"image\/jpeg\" \/>\n<meta name=\"author\" content=\"f1000024\" \/>\n<meta name=\"twitter:card\" content=\"summary_large_image\" \/>\n<meta name=\"twitter:label1\" content=\"Escrito por\" \/>\n\t<meta name=\"twitter:data1\" content=\"f1000024\" \/>\n\t<meta name=\"twitter:label2\" content=\"Tiempo de lectura\" \/>\n\t<meta name=\"twitter:data2\" content=\"2 minutos\" \/>\n<script type=\"application\/ld+json\" class=\"yoast-schema-graph\">{\"@context\":\"https:\\\/\\\/schema.org\",\"@graph\":[{\"@type\":\"Article\",\"@id\":\"https:\\\/\\\/cvinoticias.com\\\/v3\\\/aprobaron-el-proyecto-de-ley-para-incorporar-la-figura-de-violencia-digital\\\/#article\",\"isPartOf\":{\"@id\":\"https:\\\/\\\/cvinoticias.com\\\/v3\\\/aprobaron-el-proyecto-de-ley-para-incorporar-la-figura-de-violencia-digital\\\/\"},\"author\":{\"name\":\"f1000024\",\"@id\":\"https:\\\/\\\/cvinoticias.com\\\/v3\\\/#\\\/schema\\\/person\\\/2db77e3c6bc03c538495d7b2b8be9b66\"},\"headline\":\"Aprobaron el proyecto de ley para incorporar la figura de violencia digital\",\"datePublished\":\"2023-07-06T11:27:23+00:00\",\"mainEntityOfPage\":{\"@id\":\"https:\\\/\\\/cvinoticias.com\\\/v3\\\/aprobaron-el-proyecto-de-ley-para-incorporar-la-figura-de-violencia-digital\\\/\"},\"wordCount\":330,\"commentCount\":0,\"publisher\":{\"@id\":\"https:\\\/\\\/cvinoticias.com\\\/v3\\\/#organization\"},\"image\":{\"@id\":\"https:\\\/\\\/cvinoticias.com\\\/v3\\\/aprobaron-el-proyecto-de-ley-para-incorporar-la-figura-de-violencia-digital\\\/#primaryimage\"},\"thumbnailUrl\":\"https:\\\/\\\/cvinoticias.com\\\/wp-content\\\/uploads\\\/2023\\\/07\\\/0000139924.jpg\",\"articleSection\":[\"Nacionales\"],\"inLanguage\":\"es\",\"potentialAction\":[{\"@type\":\"CommentAction\",\"name\":\"Comment\",\"target\":[\"https:\\\/\\\/cvinoticias.com\\\/v3\\\/aprobaron-el-proyecto-de-ley-para-incorporar-la-figura-de-violencia-digital\\\/#respond\"]}]},{\"@type\":\"WebPage\",\"@id\":\"https:\\\/\\\/cvinoticias.com\\\/v3\\\/aprobaron-el-proyecto-de-ley-para-incorporar-la-figura-de-violencia-digital\\\/\",\"url\":\"https:\\\/\\\/cvinoticias.com\\\/v3\\\/aprobaron-el-proyecto-de-ley-para-incorporar-la-figura-de-violencia-digital\\\/\",\"name\":\"Aprobaron el proyecto de ley para incorporar la figura de violencia digital | CVI NOTICIAS\",\"isPartOf\":{\"@id\":\"https:\\\/\\\/cvinoticias.com\\\/v3\\\/#website\"},\"primaryImageOfPage\":{\"@id\":\"https:\\\/\\\/cvinoticias.com\\\/v3\\\/aprobaron-el-proyecto-de-ley-para-incorporar-la-figura-de-violencia-digital\\\/#primaryimage\"},\"image\":{\"@id\":\"https:\\\/\\\/cvinoticias.com\\\/v3\\\/aprobaron-el-proyecto-de-ley-para-incorporar-la-figura-de-violencia-digital\\\/#primaryimage\"},\"thumbnailUrl\":\"https:\\\/\\\/cvinoticias.com\\\/wp-content\\\/uploads\\\/2023\\\/07\\\/0000139924.jpg\",\"datePublished\":\"2023-07-06T11:27:23+00:00\",\"breadcrumb\":{\"@id\":\"https:\\\/\\\/cvinoticias.com\\\/v3\\\/aprobaron-el-proyecto-de-ley-para-incorporar-la-figura-de-violencia-digital\\\/#breadcrumb\"},\"inLanguage\":\"es\",\"potentialAction\":[{\"@type\":\"ReadAction\",\"target\":[\"https:\\\/\\\/cvinoticias.com\\\/v3\\\/aprobaron-el-proyecto-de-ley-para-incorporar-la-figura-de-violencia-digital\\\/\"]}]},{\"@type\":\"ImageObject\",\"inLanguage\":\"es\",\"@id\":\"https:\\\/\\\/cvinoticias.com\\\/v3\\\/aprobaron-el-proyecto-de-ley-para-incorporar-la-figura-de-violencia-digital\\\/#primaryimage\",\"url\":\"https:\\\/\\\/cvinoticias.com\\\/wp-content\\\/uploads\\\/2023\\\/07\\\/0000139924.jpg\",\"contentUrl\":\"https:\\\/\\\/cvinoticias.com\\\/wp-content\\\/uploads\\\/2023\\\/07\\\/0000139924.jpg\",\"width\":552,\"height\":680},{\"@type\":\"BreadcrumbList\",\"@id\":\"https:\\\/\\\/cvinoticias.com\\\/v3\\\/aprobaron-el-proyecto-de-ley-para-incorporar-la-figura-de-violencia-digital\\\/#breadcrumb\",\"itemListElement\":[{\"@type\":\"ListItem\",\"position\":1,\"name\":\"Portada\",\"item\":\"https:\\\/\\\/cvinoticias.com\\\/v3\\\/\"},{\"@type\":\"ListItem\",\"position\":2,\"name\":\"Aprobaron el proyecto de ley para incorporar la figura de violencia digital\"}]},{\"@type\":\"WebSite\",\"@id\":\"https:\\\/\\\/cvinoticias.com\\\/v3\\\/#website\",\"url\":\"https:\\\/\\\/cvinoticias.com\\\/v3\\\/\",\"name\":\"CVI NOTICIAS\",\"description\":\"\",\"publisher\":{\"@id\":\"https:\\\/\\\/cvinoticias.com\\\/v3\\\/#organization\"},\"alternateName\":\"CVI\",\"potentialAction\":[{\"@type\":\"SearchAction\",\"target\":{\"@type\":\"EntryPoint\",\"urlTemplate\":\"https:\\\/\\\/cvinoticias.com\\\/v3\\\/?s={search_term_string}\"},\"query-input\":{\"@type\":\"PropertyValueSpecification\",\"valueRequired\":true,\"valueName\":\"search_term_string\"}}],\"inLanguage\":\"es\"},{\"@type\":\"Organization\",\"@id\":\"https:\\\/\\\/cvinoticias.com\\\/v3\\\/#organization\",\"name\":\"CVI NOTICIAS\",\"url\":\"https:\\\/\\\/cvinoticias.com\\\/v3\\\/\",\"logo\":{\"@type\":\"ImageObject\",\"inLanguage\":\"es\",\"@id\":\"https:\\\/\\\/cvinoticias.com\\\/v3\\\/#\\\/schema\\\/logo\\\/image\\\/\",\"url\":\"https:\\\/\\\/cvinoticias.com\\\/wp-content\\\/uploads\\\/2023\\\/04\\\/cropped-cropped-cropped-cropped-cropped-3-1.png\",\"contentUrl\":\"https:\\\/\\\/cvinoticias.com\\\/wp-content\\\/uploads\\\/2023\\\/04\\\/cropped-cropped-cropped-cropped-cropped-3-1.png\",\"width\":95,\"height\":122,\"caption\":\"CVI NOTICIAS\"},\"image\":{\"@id\":\"https:\\\/\\\/cvinoticias.com\\\/v3\\\/#\\\/schema\\\/logo\\\/image\\\/\"},\"sameAs\":[\"https:\\\/\\\/www.facebook.com\\\/cvinoticias\",\"https:\\\/\\\/www.instagram.com\\\/cvinoticias\\\/\",\"https:\\\/\\\/www.youtube.com\\\/@CVINOTICIAS\"]},{\"@type\":\"Person\",\"@id\":\"https:\\\/\\\/cvinoticias.com\\\/v3\\\/#\\\/schema\\\/person\\\/2db77e3c6bc03c538495d7b2b8be9b66\",\"name\":\"f1000024\",\"image\":{\"@type\":\"ImageObject\",\"inLanguage\":\"es\",\"@id\":\"https:\\\/\\\/secure.gravatar.com\\\/avatar\\\/d4fe7459cfc51ff5129ce1a732bbef5928568b8092d412ef95611616376bbeed?s=96&d=mm&r=g\",\"url\":\"https:\\\/\\\/secure.gravatar.com\\\/avatar\\\/d4fe7459cfc51ff5129ce1a732bbef5928568b8092d412ef95611616376bbeed?s=96&d=mm&r=g\",\"contentUrl\":\"https:\\\/\\\/secure.gravatar.com\\\/avatar\\\/d4fe7459cfc51ff5129ce1a732bbef5928568b8092d412ef95611616376bbeed?s=96&d=mm&r=g\",\"caption\":\"f1000024\"},\"url\":\"https:\\\/\\\/cvinoticias.com\\\/v3\\\/author\\\/f1000024\\\/\"}]}<\/script>\n<!-- \/ Yoast SEO plugin. -->","yoast_head_json":{"title":"Aprobaron el proyecto de ley para incorporar la figura de violencia digital | CVI NOTICIAS","robots":{"index":"index","follow":"follow","max-snippet":"max-snippet:-1","max-image-preview":"max-image-preview:large","max-video-preview":"max-video-preview:-1"},"canonical":"https:\/\/cvinoticias.com\/v3\/aprobaron-el-proyecto-de-ley-para-incorporar-la-figura-de-violencia-digital\/","og_locale":"es_ES","og_type":"article","og_title":"Aprobaron el proyecto de ley para incorporar la figura de violencia digital | CVI NOTICIAS","og_description":"La iniciativa tuvo el aval de 191 votos del oficialismo, Juntos Por el Cambio, Provincias Unidas y la izquierda, por lo que ser\u00e1 debatida en el Senado. La C\u00e1mara de Diputados gir\u00f3 al Senado tras aprobar por amplia mayor\u00eda, un proyecto consensuado para modificar la Ley 26.485 sobre Protecci\u00f3n Integral a las Mujeres, con el [&hellip;]","og_url":"https:\/\/cvinoticias.com\/v3\/aprobaron-el-proyecto-de-ley-para-incorporar-la-figura-de-violencia-digital\/","og_site_name":"CVI NOTICIAS","article_publisher":"https:\/\/www.facebook.com\/cvinoticias","article_published_time":"2023-07-06T11:27:23+00:00","og_image":[{"width":552,"height":680,"url":"https:\/\/cvinoticias.com\/wp-content\/uploads\/2023\/07\/0000139924.jpg","type":"image\/jpeg"}],"author":"f1000024","twitter_card":"summary_large_image","twitter_misc":{"Escrito por":"f1000024","Tiempo de lectura":"2 minutos"},"schema":{"@context":"https:\/\/schema.org","@graph":[{"@type":"Article","@id":"https:\/\/cvinoticias.com\/v3\/aprobaron-el-proyecto-de-ley-para-incorporar-la-figura-de-violencia-digital\/#article","isPartOf":{"@id":"https:\/\/cvinoticias.com\/v3\/aprobaron-el-proyecto-de-ley-para-incorporar-la-figura-de-violencia-digital\/"},"author":{"name":"f1000024","@id":"https:\/\/cvinoticias.com\/v3\/#\/schema\/person\/2db77e3c6bc03c538495d7b2b8be9b66"},"headline":"Aprobaron el proyecto de ley para incorporar la figura de violencia digital","datePublished":"2023-07-06T11:27:23+00:00","mainEntityOfPage":{"@id":"https:\/\/cvinoticias.com\/v3\/aprobaron-el-proyecto-de-ley-para-incorporar-la-figura-de-violencia-digital\/"},"wordCount":330,"commentCount":0,"publisher":{"@id":"https:\/\/cvinoticias.com\/v3\/#organization"},"image":{"@id":"https:\/\/cvinoticias.com\/v3\/aprobaron-el-proyecto-de-ley-para-incorporar-la-figura-de-violencia-digital\/#primaryimage"},"thumbnailUrl":"https:\/\/cvinoticias.com\/wp-content\/uploads\/2023\/07\/0000139924.jpg","articleSection":["Nacionales"],"inLanguage":"es","potentialAction":[{"@type":"CommentAction","name":"Comment","target":["https:\/\/cvinoticias.com\/v3\/aprobaron-el-proyecto-de-ley-para-incorporar-la-figura-de-violencia-digital\/#respond"]}]},{"@type":"WebPage","@id":"https:\/\/cvinoticias.com\/v3\/aprobaron-el-proyecto-de-ley-para-incorporar-la-figura-de-violencia-digital\/","url":"https:\/\/cvinoticias.com\/v3\/aprobaron-el-proyecto-de-ley-para-incorporar-la-figura-de-violencia-digital\/","name":"Aprobaron el proyecto de ley para incorporar la figura de violencia digital | CVI NOTICIAS","isPartOf":{"@id":"https:\/\/cvinoticias.com\/v3\/#website"},"primaryImageOfPage":{"@id":"https:\/\/cvinoticias.com\/v3\/aprobaron-el-proyecto-de-ley-para-incorporar-la-figura-de-violencia-digital\/#primaryimage"},"image":{"@id":"https:\/\/cvinoticias.com\/v3\/aprobaron-el-proyecto-de-ley-para-incorporar-la-figura-de-violencia-digital\/#primaryimage"},"thumbnailUrl":"https:\/\/cvinoticias.com\/wp-content\/uploads\/2023\/07\/0000139924.jpg","datePublished":"2023-07-06T11:27:23+00:00","breadcrumb":{"@id":"https:\/\/cvinoticias.com\/v3\/aprobaron-el-proyecto-de-ley-para-incorporar-la-figura-de-violencia-digital\/#breadcrumb"},"inLanguage":"es","potentialAction":[{"@type":"ReadAction","target":["https:\/\/cvinoticias.com\/v3\/aprobaron-el-proyecto-de-ley-para-incorporar-la-figura-de-violencia-digital\/"]}]},{"@type":"ImageObject","inLanguage":"es","@id":"https:\/\/cvinoticias.com\/v3\/aprobaron-el-proyecto-de-ley-para-incorporar-la-figura-de-violencia-digital\/#primaryimage","url":"https:\/\/cvinoticias.com\/wp-content\/uploads\/2023\/07\/0000139924.jpg","contentUrl":"https:\/\/cvinoticias.com\/wp-content\/uploads\/2023\/07\/0000139924.jpg","width":552,"height":680},{"@type":"BreadcrumbList","@id":"https:\/\/cvinoticias.com\/v3\/aprobaron-el-proyecto-de-ley-para-incorporar-la-figura-de-violencia-digital\/#breadcrumb","itemListElement":[{"@type":"ListItem","position":1,"name":"Portada","item":"https:\/\/cvinoticias.com\/v3\/"},{"@type":"ListItem","position":2,"name":"Aprobaron el proyecto de ley para incorporar la figura de violencia digital"}]},{"@type":"WebSite","@id":"https:\/\/cvinoticias.com\/v3\/#website","url":"https:\/\/cvinoticias.com\/v3\/","name":"CVI NOTICIAS","description":"","publisher":{"@id":"https:\/\/cvinoticias.com\/v3\/#organization"},"alternateName":"CVI","potentialAction":[{"@type":"SearchAction","target":{"@type":"EntryPoint","urlTemplate":"https:\/\/cvinoticias.com\/v3\/?s={search_term_string}"},"query-input":{"@type":"PropertyValueSpecification","valueRequired":true,"valueName":"search_term_string"}}],"inLanguage":"es"},{"@type":"Organization","@id":"https:\/\/cvinoticias.com\/v3\/#organization","name":"CVI NOTICIAS","url":"https:\/\/cvinoticias.com\/v3\/","logo":{"@type":"ImageObject","inLanguage":"es","@id":"https:\/\/cvinoticias.com\/v3\/#\/schema\/logo\/image\/","url":"https:\/\/cvinoticias.com\/wp-content\/uploads\/2023\/04\/cropped-cropped-cropped-cropped-cropped-3-1.png","contentUrl":"https:\/\/cvinoticias.com\/wp-content\/uploads\/2023\/04\/cropped-cropped-cropped-cropped-cropped-3-1.png","width":95,"height":122,"caption":"CVI NOTICIAS"},"image":{"@id":"https:\/\/cvinoticias.com\/v3\/#\/schema\/logo\/image\/"},"sameAs":["https:\/\/www.facebook.com\/cvinoticias","https:\/\/www.instagram.com\/cvinoticias\/","https:\/\/www.youtube.com\/@CVINOTICIAS"]},{"@type":"Person","@id":"https:\/\/cvinoticias.com\/v3\/#\/schema\/person\/2db77e3c6bc03c538495d7b2b8be9b66","name":"f1000024","image":{"@type":"ImageObject","inLanguage":"es","@id":"https:\/\/secure.gravatar.com\/avatar\/d4fe7459cfc51ff5129ce1a732bbef5928568b8092d412ef95611616376bbeed?s=96&d=mm&r=g","url":"https:\/\/secure.gravatar.com\/avatar\/d4fe7459cfc51ff5129ce1a732bbef5928568b8092d412ef95611616376bbeed?s=96&d=mm&r=g","contentUrl":"https:\/\/secure.gravatar.com\/avatar\/d4fe7459cfc51ff5129ce1a732bbef5928568b8092d412ef95611616376bbeed?s=96&d=mm&r=g","caption":"f1000024"},"url":"https:\/\/cvinoticias.com\/v3\/author\/f1000024\/"}]}},"_links":{"self":[{"href":"https:\/\/cvinoticias.com\/v3\/wp-json\/wp\/v2\/posts\/26074","targetHints":{"allow":["GET"]}}],"collection":[{"href":"https:\/\/cvinoticias.com\/v3\/wp-json\/wp\/v2\/posts"}],"about":[{"href":"https:\/\/cvinoticias.com\/v3\/wp-json\/wp\/v2\/types\/post"}],"author":[{"embeddable":true,"href":"https:\/\/cvinoticias.com\/v3\/wp-json\/wp\/v2\/users\/2"}],"replies":[{"embeddable":true,"href":"https:\/\/cvinoticias.com\/v3\/wp-json\/wp\/v2\/comments?post=26074"}],"version-history":[{"count":1,"href":"https:\/\/cvinoticias.com\/v3\/wp-json\/wp\/v2\/posts\/26074\/revisions"}],"predecessor-version":[{"id":26076,"href":"https:\/\/cvinoticias.com\/v3\/wp-json\/wp\/v2\/posts\/26074\/revisions\/26076"}],"wp:featuredmedia":[{"embeddable":true,"href":"https:\/\/cvinoticias.com\/v3\/wp-json\/wp\/v2\/media\/26075"}],"wp:attachment":[{"href":"https:\/\/cvinoticias.com\/v3\/wp-json\/wp\/v2\/media?parent=26074"}],"wp:term":[{"taxonomy":"category","embeddable":true,"href":"https:\/\/cvinoticias.com\/v3\/wp-json\/wp\/v2\/categories?post=26074"},{"taxonomy":"post_tag","embeddable":true,"href":"https:\/\/cvinoticias.com\/v3\/wp-json\/wp\/v2\/tags?post=26074"}],"curies":[{"name":"wp","href":"https:\/\/api.w.org\/{rel}","templated":true}]}}