{"id":2602,"date":"2021-02-10T14:21:36","date_gmt":"2021-02-10T14:21:36","guid":{"rendered":"https:\/\/cvinoticias.com\/v3\/?p=2602"},"modified":"2021-02-10T14:21:36","modified_gmt":"2021-02-10T14:21:36","slug":"fueron-condecorados-los-policias-que-auxiliaron-y-salvaron-a-una-beba-en-garupa","status":"publish","type":"post","link":"https:\/\/cvinoticias.com\/v3\/fueron-condecorados-los-policias-que-auxiliaron-y-salvaron-a-una-beba-en-garupa\/","title":{"rendered":"Fueron condecorados los polic\u00edas que auxiliaron y salvaron a una beba en Garup\u00e1"},"content":{"rendered":"\n<p><strong><em>Por el profesionalismo con el que intervinieron para salvar a una beba de 10 meses que no respiraba, esta ma\u00f1ana fueron reconocidos en la jefatura de Polic\u00eda el oficial ayudante Guillermo Gehrmann,el sargento ayudante Juan Domingo Cabrera y el Cabo 1ro Jos\u00e9 Leonardo Daher.<\/em><\/strong><\/p>\n\n\n\n<p>El destacado accionar de los efectivos se realiz\u00f3 en la guardia de la divisi\u00f3n Prevenci\u00f3n de Delitos de la Unidad Regional X, donde en horas de la ma\u00f1ana del pasado domingo, se present\u00f3 una madre con su hija de 10 meses que no respiraba. Inmediatamente los polic\u00edas realizaron maniobras de RCP y lograron reanimar a la peque\u00f1a.<\/p>\n\n\n\n<p>El Jefe de la fuerza provincial Crio. Gral. Carlos Miguel Merlo y el subjefe Crio. Gral. Victor Eduardo Maj, entregaron el reconocimiento y felicitaron a los efectivos en la sala de situaci\u00f3n de la Jefatura. Tambi\u00e9n acompa\u00f1aron este grato momento, el 2do jefe de la Unidad Regional X Crio. Inspector Carlos Krapp y el jefe de la Divisi\u00f3n Prevenci\u00f3n de Delitos del nombrado comando regional, Oficial Principal Carlos Ben\u00edtez.<\/p>\n\n\n\n<p>Prensa Polic\u00eda Provincial<\/p>\n\n\n\n<figure class=\"wp-block-image size-large\"><a href=\"https:\/\/cvinoticias.com\/wp-content\/uploads\/2021\/02\/IMG-20210210-WA0069.jpg\"><img decoding=\"async\" width=\"1024\" height=\"682\" data-src=\"https:\/\/cvinoticias.com\/wp-content\/uploads\/2021\/02\/IMG-20210210-WA0069-1024x682.jpg\" alt=\"\" class=\"wp-image-2604 lazyload\" data-srcset=\"https:\/\/cvinoticias.com\/wp-content\/uploads\/2021\/02\/IMG-20210210-WA0069-1024x682.jpg 1024w, https:\/\/cvinoticias.com\/wp-content\/uploads\/2021\/02\/IMG-20210210-WA0069-300x200.jpg 300w, https:\/\/cvinoticias.com\/wp-content\/uploads\/2021\/02\/IMG-20210210-WA0069-768x512.jpg 768w, https:\/\/cvinoticias.com\/wp-content\/uploads\/2021\/02\/IMG-20210210-WA0069.jpg 1280w\" data-sizes=\"(max-width: 1024px) 100vw, 1024px\" src=\"data:image\/svg+xml;base64,PHN2ZyB3aWR0aD0iMSIgaGVpZ2h0PSIxIiB4bWxucz0iaHR0cDovL3d3dy53My5vcmcvMjAwMC9zdmciPjwvc3ZnPg==\" style=\"--smush-placeholder-width: 1024px; --smush-placeholder-aspect-ratio: 1024\/682;\" \/><\/a><\/figure>\n\n\n\n<figure class=\"wp-block-image size-large\"><a href=\"https:\/\/cvinoticias.com\/wp-content\/uploads\/2021\/02\/IMG-20210210-WA0070.jpg\"><img decoding=\"async\" width=\"970\" height=\"853\" data-src=\"https:\/\/cvinoticias.com\/wp-content\/uploads\/2021\/02\/IMG-20210210-WA0070.jpg\" alt=\"\" class=\"wp-image-2605 lazyload\" data-srcset=\"https:\/\/cvinoticias.com\/wp-content\/uploads\/2021\/02\/IMG-20210210-WA0070.jpg 970w, https:\/\/cvinoticias.com\/wp-content\/uploads\/2021\/02\/IMG-20210210-WA0070-300x264.jpg 300w, https:\/\/cvinoticias.com\/wp-content\/uploads\/2021\/02\/IMG-20210210-WA0070-768x675.jpg 768w\" data-sizes=\"(max-width: 970px) 100vw, 970px\" src=\"data:image\/svg+xml;base64,PHN2ZyB3aWR0aD0iMSIgaGVpZ2h0PSIxIiB4bWxucz0iaHR0cDovL3d3dy53My5vcmcvMjAwMC9zdmciPjwvc3ZnPg==\" style=\"--smush-placeholder-width: 970px; --smush-placeholder-aspect-ratio: 970\/853;\" \/><\/a><\/figure>\n","protected":false},"excerpt":{"rendered":"<p>Por el profesionalismo con el que intervinieron para salvar a una beba de 10 meses que no respiraba, esta ma\u00f1ana fueron reconocidos en la jefatura de Polic\u00eda el oficial ayudante Guillermo Gehrmann,el sargento ayudante Juan Domingo Cabrera y el Cabo 1ro Jos\u00e9 Leonardo Daher. El destacado accionar de los efectivos se realiz\u00f3 en la guardia [&hellip;]<\/p>\n","protected":false},"author":2,"featured_media":0,"comment_status":"open","ping_status":"open","sticky":false,"template":"","format":"standard","meta":{"footnotes":""},"categories":[41],"tags":[],"class_list":["post-2602","post","type-post","status-publish","format-standard","hentry","category-policiales"],"yoast_head":"<!-- This site is optimized with the Yoast SEO plugin v27.5 - https:\/\/yoast.com\/product\/yoast-seo-wordpress\/ -->\n<title>Fueron condecorados los polic\u00edas que auxiliaron y salvaron a una beba en Garup\u00e1 | CVI NOTICIAS<\/title>\n<meta name=\"robots\" content=\"index, follow, max-snippet:-1, max-image-preview:large, max-video-preview:-1\" \/>\n<link rel=\"canonical\" href=\"https:\/\/cvinoticias.com\/v3\/fueron-condecorados-los-policias-que-auxiliaron-y-salvaron-a-una-beba-en-garupa\/\" \/>\n<meta property=\"og:locale\" content=\"es_ES\" \/>\n<meta property=\"og:type\" content=\"article\" \/>\n<meta property=\"og:title\" content=\"Fueron condecorados los polic\u00edas que auxiliaron y salvaron a una beba en Garup\u00e1 | CVI NOTICIAS\" \/>\n<meta property=\"og:description\" content=\"Por el profesionalismo con el que intervinieron para salvar a una beba de 10 meses que no respiraba, esta ma\u00f1ana fueron reconocidos en la jefatura de Polic\u00eda el oficial ayudante Guillermo Gehrmann,el sargento ayudante Juan Domingo Cabrera y el Cabo 1ro Jos\u00e9 Leonardo Daher. El destacado accionar de los efectivos se realiz\u00f3 en la guardia [&hellip;]\" \/>\n<meta property=\"og:url\" content=\"https:\/\/cvinoticias.com\/v3\/fueron-condecorados-los-policias-que-auxiliaron-y-salvaron-a-una-beba-en-garupa\/\" \/>\n<meta property=\"og:site_name\" content=\"CVI NOTICIAS\" \/>\n<meta property=\"article:publisher\" content=\"https:\/\/www.facebook.com\/cvinoticias\" \/>\n<meta property=\"article:published_time\" content=\"2021-02-10T14:21:36+00:00\" \/>\n<meta property=\"og:image\" content=\"https:\/\/cvinoticias.com\/wp-content\/uploads\/2021\/02\/IMG-20210210-WA0069-1024x682.jpg\" \/>\n<meta name=\"author\" content=\"f1000024\" \/>\n<meta name=\"twitter:card\" content=\"summary_large_image\" \/>\n<meta name=\"twitter:label1\" content=\"Escrito por\" \/>\n\t<meta name=\"twitter:data1\" content=\"f1000024\" \/>\n\t<meta name=\"twitter:label2\" content=\"Tiempo de lectura\" \/>\n\t<meta name=\"twitter:data2\" content=\"1 minuto\" \/>\n<script type=\"application\/ld+json\" class=\"yoast-schema-graph\">{\"@context\":\"https:\\\/\\\/schema.org\",\"@graph\":[{\"@type\":\"Article\",\"@id\":\"https:\\\/\\\/cvinoticias.com\\\/v3\\\/fueron-condecorados-los-policias-que-auxiliaron-y-salvaron-a-una-beba-en-garupa\\\/#article\",\"isPartOf\":{\"@id\":\"https:\\\/\\\/cvinoticias.com\\\/v3\\\/fueron-condecorados-los-policias-que-auxiliaron-y-salvaron-a-una-beba-en-garupa\\\/\"},\"author\":{\"name\":\"f1000024\",\"@id\":\"https:\\\/\\\/cvinoticias.com\\\/v3\\\/#\\\/schema\\\/person\\\/2db77e3c6bc03c538495d7b2b8be9b66\"},\"headline\":\"Fueron condecorados los polic\u00edas que auxiliaron y salvaron a una beba en Garup\u00e1\",\"datePublished\":\"2021-02-10T14:21:36+00:00\",\"mainEntityOfPage\":{\"@id\":\"https:\\\/\\\/cvinoticias.com\\\/v3\\\/fueron-condecorados-los-policias-que-auxiliaron-y-salvaron-a-una-beba-en-garupa\\\/\"},\"wordCount\":200,\"commentCount\":0,\"publisher\":{\"@id\":\"https:\\\/\\\/cvinoticias.com\\\/v3\\\/#organization\"},\"image\":{\"@id\":\"https:\\\/\\\/cvinoticias.com\\\/v3\\\/fueron-condecorados-los-policias-que-auxiliaron-y-salvaron-a-una-beba-en-garupa\\\/#primaryimage\"},\"thumbnailUrl\":\"https:\\\/\\\/cvinoticias.com\\\/wp-content\\\/uploads\\\/2021\\\/02\\\/IMG-20210210-WA0069-1024x682.jpg\",\"articleSection\":[\"Policiales\"],\"inLanguage\":\"es\",\"potentialAction\":[{\"@type\":\"CommentAction\",\"name\":\"Comment\",\"target\":[\"https:\\\/\\\/cvinoticias.com\\\/v3\\\/fueron-condecorados-los-policias-que-auxiliaron-y-salvaron-a-una-beba-en-garupa\\\/#respond\"]}]},{\"@type\":\"WebPage\",\"@id\":\"https:\\\/\\\/cvinoticias.com\\\/v3\\\/fueron-condecorados-los-policias-que-auxiliaron-y-salvaron-a-una-beba-en-garupa\\\/\",\"url\":\"https:\\\/\\\/cvinoticias.com\\\/v3\\\/fueron-condecorados-los-policias-que-auxiliaron-y-salvaron-a-una-beba-en-garupa\\\/\",\"name\":\"Fueron condecorados los polic\u00edas que auxiliaron y salvaron a una beba en Garup\u00e1 | CVI NOTICIAS\",\"isPartOf\":{\"@id\":\"https:\\\/\\\/cvinoticias.com\\\/v3\\\/#website\"},\"primaryImageOfPage\":{\"@id\":\"https:\\\/\\\/cvinoticias.com\\\/v3\\\/fueron-condecorados-los-policias-que-auxiliaron-y-salvaron-a-una-beba-en-garupa\\\/#primaryimage\"},\"image\":{\"@id\":\"https:\\\/\\\/cvinoticias.com\\\/v3\\\/fueron-condecorados-los-policias-que-auxiliaron-y-salvaron-a-una-beba-en-garupa\\\/#primaryimage\"},\"thumbnailUrl\":\"https:\\\/\\\/cvinoticias.com\\\/wp-content\\\/uploads\\\/2021\\\/02\\\/IMG-20210210-WA0069-1024x682.jpg\",\"datePublished\":\"2021-02-10T14:21:36+00:00\",\"breadcrumb\":{\"@id\":\"https:\\\/\\\/cvinoticias.com\\\/v3\\\/fueron-condecorados-los-policias-que-auxiliaron-y-salvaron-a-una-beba-en-garupa\\\/#breadcrumb\"},\"inLanguage\":\"es\",\"potentialAction\":[{\"@type\":\"ReadAction\",\"target\":[\"https:\\\/\\\/cvinoticias.com\\\/v3\\\/fueron-condecorados-los-policias-que-auxiliaron-y-salvaron-a-una-beba-en-garupa\\\/\"]}]},{\"@type\":\"ImageObject\",\"inLanguage\":\"es\",\"@id\":\"https:\\\/\\\/cvinoticias.com\\\/v3\\\/fueron-condecorados-los-policias-que-auxiliaron-y-salvaron-a-una-beba-en-garupa\\\/#primaryimage\",\"url\":\"https:\\\/\\\/cvinoticias.com\\\/wp-content\\\/uploads\\\/2021\\\/02\\\/IMG-20210210-WA0069-1024x682.jpg\",\"contentUrl\":\"https:\\\/\\\/cvinoticias.com\\\/wp-content\\\/uploads\\\/2021\\\/02\\\/IMG-20210210-WA0069-1024x682.jpg\"},{\"@type\":\"BreadcrumbList\",\"@id\":\"https:\\\/\\\/cvinoticias.com\\\/v3\\\/fueron-condecorados-los-policias-que-auxiliaron-y-salvaron-a-una-beba-en-garupa\\\/#breadcrumb\",\"itemListElement\":[{\"@type\":\"ListItem\",\"position\":1,\"name\":\"Portada\",\"item\":\"https:\\\/\\\/cvinoticias.com\\\/v3\\\/\"},{\"@type\":\"ListItem\",\"position\":2,\"name\":\"Fueron condecorados los polic\u00edas que auxiliaron y salvaron a una beba en Garup\u00e1\"}]},{\"@type\":\"WebSite\",\"@id\":\"https:\\\/\\\/cvinoticias.com\\\/v3\\\/#website\",\"url\":\"https:\\\/\\\/cvinoticias.com\\\/v3\\\/\",\"name\":\"CVI NOTICIAS\",\"description\":\"\",\"publisher\":{\"@id\":\"https:\\\/\\\/cvinoticias.com\\\/v3\\\/#organization\"},\"alternateName\":\"CVI\",\"potentialAction\":[{\"@type\":\"SearchAction\",\"target\":{\"@type\":\"EntryPoint\",\"urlTemplate\":\"https:\\\/\\\/cvinoticias.com\\\/v3\\\/?s={search_term_string}\"},\"query-input\":{\"@type\":\"PropertyValueSpecification\",\"valueRequired\":true,\"valueName\":\"search_term_string\"}}],\"inLanguage\":\"es\"},{\"@type\":\"Organization\",\"@id\":\"https:\\\/\\\/cvinoticias.com\\\/v3\\\/#organization\",\"name\":\"CVI NOTICIAS\",\"url\":\"https:\\\/\\\/cvinoticias.com\\\/v3\\\/\",\"logo\":{\"@type\":\"ImageObject\",\"inLanguage\":\"es\",\"@id\":\"https:\\\/\\\/cvinoticias.com\\\/v3\\\/#\\\/schema\\\/logo\\\/image\\\/\",\"url\":\"https:\\\/\\\/cvinoticias.com\\\/wp-content\\\/uploads\\\/2023\\\/04\\\/cropped-cropped-cropped-cropped-cropped-3-1.png\",\"contentUrl\":\"https:\\\/\\\/cvinoticias.com\\\/wp-content\\\/uploads\\\/2023\\\/04\\\/cropped-cropped-cropped-cropped-cropped-3-1.png\",\"width\":95,\"height\":122,\"caption\":\"CVI NOTICIAS\"},\"image\":{\"@id\":\"https:\\\/\\\/cvinoticias.com\\\/v3\\\/#\\\/schema\\\/logo\\\/image\\\/\"},\"sameAs\":[\"https:\\\/\\\/www.facebook.com\\\/cvinoticias\",\"https:\\\/\\\/www.instagram.com\\\/cvinoticias\\\/\",\"https:\\\/\\\/www.youtube.com\\\/@CVINOTICIAS\"]},{\"@type\":\"Person\",\"@id\":\"https:\\\/\\\/cvinoticias.com\\\/v3\\\/#\\\/schema\\\/person\\\/2db77e3c6bc03c538495d7b2b8be9b66\",\"name\":\"f1000024\",\"image\":{\"@type\":\"ImageObject\",\"inLanguage\":\"es\",\"@id\":\"https:\\\/\\\/secure.gravatar.com\\\/avatar\\\/d4fe7459cfc51ff5129ce1a732bbef5928568b8092d412ef95611616376bbeed?s=96&d=mm&r=g\",\"url\":\"https:\\\/\\\/secure.gravatar.com\\\/avatar\\\/d4fe7459cfc51ff5129ce1a732bbef5928568b8092d412ef95611616376bbeed?s=96&d=mm&r=g\",\"contentUrl\":\"https:\\\/\\\/secure.gravatar.com\\\/avatar\\\/d4fe7459cfc51ff5129ce1a732bbef5928568b8092d412ef95611616376bbeed?s=96&d=mm&r=g\",\"caption\":\"f1000024\"},\"url\":\"https:\\\/\\\/cvinoticias.com\\\/v3\\\/author\\\/f1000024\\\/\"}]}<\/script>\n<!-- \/ Yoast SEO plugin. -->","yoast_head_json":{"title":"Fueron condecorados los polic\u00edas que auxiliaron y salvaron a una beba en Garup\u00e1 | CVI NOTICIAS","robots":{"index":"index","follow":"follow","max-snippet":"max-snippet:-1","max-image-preview":"max-image-preview:large","max-video-preview":"max-video-preview:-1"},"canonical":"https:\/\/cvinoticias.com\/v3\/fueron-condecorados-los-policias-que-auxiliaron-y-salvaron-a-una-beba-en-garupa\/","og_locale":"es_ES","og_type":"article","og_title":"Fueron condecorados los polic\u00edas que auxiliaron y salvaron a una beba en Garup\u00e1 | CVI NOTICIAS","og_description":"Por el profesionalismo con el que intervinieron para salvar a una beba de 10 meses que no respiraba, esta ma\u00f1ana fueron reconocidos en la jefatura de Polic\u00eda el oficial ayudante Guillermo Gehrmann,el sargento ayudante Juan Domingo Cabrera y el Cabo 1ro Jos\u00e9 Leonardo Daher. El destacado accionar de los efectivos se realiz\u00f3 en la guardia [&hellip;]","og_url":"https:\/\/cvinoticias.com\/v3\/fueron-condecorados-los-policias-que-auxiliaron-y-salvaron-a-una-beba-en-garupa\/","og_site_name":"CVI NOTICIAS","article_publisher":"https:\/\/www.facebook.com\/cvinoticias","article_published_time":"2021-02-10T14:21:36+00:00","og_image":[{"url":"https:\/\/cvinoticias.com\/wp-content\/uploads\/2021\/02\/IMG-20210210-WA0069-1024x682.jpg","type":"","width":"","height":""}],"author":"f1000024","twitter_card":"summary_large_image","twitter_misc":{"Escrito por":"f1000024","Tiempo de lectura":"1 minuto"},"schema":{"@context":"https:\/\/schema.org","@graph":[{"@type":"Article","@id":"https:\/\/cvinoticias.com\/v3\/fueron-condecorados-los-policias-que-auxiliaron-y-salvaron-a-una-beba-en-garupa\/#article","isPartOf":{"@id":"https:\/\/cvinoticias.com\/v3\/fueron-condecorados-los-policias-que-auxiliaron-y-salvaron-a-una-beba-en-garupa\/"},"author":{"name":"f1000024","@id":"https:\/\/cvinoticias.com\/v3\/#\/schema\/person\/2db77e3c6bc03c538495d7b2b8be9b66"},"headline":"Fueron condecorados los polic\u00edas que auxiliaron y salvaron a una beba en Garup\u00e1","datePublished":"2021-02-10T14:21:36+00:00","mainEntityOfPage":{"@id":"https:\/\/cvinoticias.com\/v3\/fueron-condecorados-los-policias-que-auxiliaron-y-salvaron-a-una-beba-en-garupa\/"},"wordCount":200,"commentCount":0,"publisher":{"@id":"https:\/\/cvinoticias.com\/v3\/#organization"},"image":{"@id":"https:\/\/cvinoticias.com\/v3\/fueron-condecorados-los-policias-que-auxiliaron-y-salvaron-a-una-beba-en-garupa\/#primaryimage"},"thumbnailUrl":"https:\/\/cvinoticias.com\/wp-content\/uploads\/2021\/02\/IMG-20210210-WA0069-1024x682.jpg","articleSection":["Policiales"],"inLanguage":"es","potentialAction":[{"@type":"CommentAction","name":"Comment","target":["https:\/\/cvinoticias.com\/v3\/fueron-condecorados-los-policias-que-auxiliaron-y-salvaron-a-una-beba-en-garupa\/#respond"]}]},{"@type":"WebPage","@id":"https:\/\/cvinoticias.com\/v3\/fueron-condecorados-los-policias-que-auxiliaron-y-salvaron-a-una-beba-en-garupa\/","url":"https:\/\/cvinoticias.com\/v3\/fueron-condecorados-los-policias-que-auxiliaron-y-salvaron-a-una-beba-en-garupa\/","name":"Fueron condecorados los polic\u00edas que auxiliaron y salvaron a una beba en Garup\u00e1 | CVI NOTICIAS","isPartOf":{"@id":"https:\/\/cvinoticias.com\/v3\/#website"},"primaryImageOfPage":{"@id":"https:\/\/cvinoticias.com\/v3\/fueron-condecorados-los-policias-que-auxiliaron-y-salvaron-a-una-beba-en-garupa\/#primaryimage"},"image":{"@id":"https:\/\/cvinoticias.com\/v3\/fueron-condecorados-los-policias-que-auxiliaron-y-salvaron-a-una-beba-en-garupa\/#primaryimage"},"thumbnailUrl":"https:\/\/cvinoticias.com\/wp-content\/uploads\/2021\/02\/IMG-20210210-WA0069-1024x682.jpg","datePublished":"2021-02-10T14:21:36+00:00","breadcrumb":{"@id":"https:\/\/cvinoticias.com\/v3\/fueron-condecorados-los-policias-que-auxiliaron-y-salvaron-a-una-beba-en-garupa\/#breadcrumb"},"inLanguage":"es","potentialAction":[{"@type":"ReadAction","target":["https:\/\/cvinoticias.com\/v3\/fueron-condecorados-los-policias-que-auxiliaron-y-salvaron-a-una-beba-en-garupa\/"]}]},{"@type":"ImageObject","inLanguage":"es","@id":"https:\/\/cvinoticias.com\/v3\/fueron-condecorados-los-policias-que-auxiliaron-y-salvaron-a-una-beba-en-garupa\/#primaryimage","url":"https:\/\/cvinoticias.com\/wp-content\/uploads\/2021\/02\/IMG-20210210-WA0069-1024x682.jpg","contentUrl":"https:\/\/cvinoticias.com\/wp-content\/uploads\/2021\/02\/IMG-20210210-WA0069-1024x682.jpg"},{"@type":"BreadcrumbList","@id":"https:\/\/cvinoticias.com\/v3\/fueron-condecorados-los-policias-que-auxiliaron-y-salvaron-a-una-beba-en-garupa\/#breadcrumb","itemListElement":[{"@type":"ListItem","position":1,"name":"Portada","item":"https:\/\/cvinoticias.com\/v3\/"},{"@type":"ListItem","position":2,"name":"Fueron condecorados los polic\u00edas que auxiliaron y salvaron a una beba en Garup\u00e1"}]},{"@type":"WebSite","@id":"https:\/\/cvinoticias.com\/v3\/#website","url":"https:\/\/cvinoticias.com\/v3\/","name":"CVI NOTICIAS","description":"","publisher":{"@id":"https:\/\/cvinoticias.com\/v3\/#organization"},"alternateName":"CVI","potentialAction":[{"@type":"SearchAction","target":{"@type":"EntryPoint","urlTemplate":"https:\/\/cvinoticias.com\/v3\/?s={search_term_string}"},"query-input":{"@type":"PropertyValueSpecification","valueRequired":true,"valueName":"search_term_string"}}],"inLanguage":"es"},{"@type":"Organization","@id":"https:\/\/cvinoticias.com\/v3\/#organization","name":"CVI NOTICIAS","url":"https:\/\/cvinoticias.com\/v3\/","logo":{"@type":"ImageObject","inLanguage":"es","@id":"https:\/\/cvinoticias.com\/v3\/#\/schema\/logo\/image\/","url":"https:\/\/cvinoticias.com\/wp-content\/uploads\/2023\/04\/cropped-cropped-cropped-cropped-cropped-3-1.png","contentUrl":"https:\/\/cvinoticias.com\/wp-content\/uploads\/2023\/04\/cropped-cropped-cropped-cropped-cropped-3-1.png","width":95,"height":122,"caption":"CVI NOTICIAS"},"image":{"@id":"https:\/\/cvinoticias.com\/v3\/#\/schema\/logo\/image\/"},"sameAs":["https:\/\/www.facebook.com\/cvinoticias","https:\/\/www.instagram.com\/cvinoticias\/","https:\/\/www.youtube.com\/@CVINOTICIAS"]},{"@type":"Person","@id":"https:\/\/cvinoticias.com\/v3\/#\/schema\/person\/2db77e3c6bc03c538495d7b2b8be9b66","name":"f1000024","image":{"@type":"ImageObject","inLanguage":"es","@id":"https:\/\/secure.gravatar.com\/avatar\/d4fe7459cfc51ff5129ce1a732bbef5928568b8092d412ef95611616376bbeed?s=96&d=mm&r=g","url":"https:\/\/secure.gravatar.com\/avatar\/d4fe7459cfc51ff5129ce1a732bbef5928568b8092d412ef95611616376bbeed?s=96&d=mm&r=g","contentUrl":"https:\/\/secure.gravatar.com\/avatar\/d4fe7459cfc51ff5129ce1a732bbef5928568b8092d412ef95611616376bbeed?s=96&d=mm&r=g","caption":"f1000024"},"url":"https:\/\/cvinoticias.com\/v3\/author\/f1000024\/"}]}},"_links":{"self":[{"href":"https:\/\/cvinoticias.com\/v3\/wp-json\/wp\/v2\/posts\/2602","targetHints":{"allow":["GET"]}}],"collection":[{"href":"https:\/\/cvinoticias.com\/v3\/wp-json\/wp\/v2\/posts"}],"about":[{"href":"https:\/\/cvinoticias.com\/v3\/wp-json\/wp\/v2\/types\/post"}],"author":[{"embeddable":true,"href":"https:\/\/cvinoticias.com\/v3\/wp-json\/wp\/v2\/users\/2"}],"replies":[{"embeddable":true,"href":"https:\/\/cvinoticias.com\/v3\/wp-json\/wp\/v2\/comments?post=2602"}],"version-history":[{"count":1,"href":"https:\/\/cvinoticias.com\/v3\/wp-json\/wp\/v2\/posts\/2602\/revisions"}],"predecessor-version":[{"id":2606,"href":"https:\/\/cvinoticias.com\/v3\/wp-json\/wp\/v2\/posts\/2602\/revisions\/2606"}],"wp:attachment":[{"href":"https:\/\/cvinoticias.com\/v3\/wp-json\/wp\/v2\/media?parent=2602"}],"wp:term":[{"taxonomy":"category","embeddable":true,"href":"https:\/\/cvinoticias.com\/v3\/wp-json\/wp\/v2\/categories?post=2602"},{"taxonomy":"post_tag","embeddable":true,"href":"https:\/\/cvinoticias.com\/v3\/wp-json\/wp\/v2\/tags?post=2602"}],"curies":[{"name":"wp","href":"https:\/\/api.w.org\/{rel}","templated":true}]}}