{"id":26012,"date":"2023-07-04T10:59:07","date_gmt":"2023-07-04T10:59:07","guid":{"rendered":"https:\/\/cvinoticias.com\/v3\/?p=26012"},"modified":"2023-07-04T10:59:07","modified_gmt":"2023-07-04T10:59:07","slug":"iguazu-los-presidentes-del-mercosur-se-reuniran-para-analizar-el-estado-de-las-negociaciones-con-la-union-europea","status":"publish","type":"post","link":"https:\/\/cvinoticias.com\/v3\/iguazu-los-presidentes-del-mercosur-se-reuniran-para-analizar-el-estado-de-las-negociaciones-con-la-union-europea\/","title":{"rendered":"Iguaz\u00fa: Los presidentes del Mercosur se reunir\u00e1n para analizar el estado de las negociaciones con la Uni\u00f3n Europea"},"content":{"rendered":"\n<p><strong><em>El mandatario Alberto Fern\u00e1ndez ser\u00e1 el anfitri\u00f3n del encuentro que se realizar\u00e1 en la ciudad de las Cataratas <\/em><\/strong><\/p>\n\n\n\n<p>El presidente Alberto Fern\u00e1ndez encabezar\u00e1 esta ma\u00f1ana junto a su par de Brasil, Luiz In\u00e1cio \u00abLula\u00bb de Silva, la reuni\u00f3n de jefes de Estado del Mercosur que se realizar\u00e1 en la ciudad misionera de Puerto Iguaz\u00fa.<\/p>\n\n\n\n<p>Se trata del intercambio n\u00famero 62 de los mandatarios del bloque regional, que contar\u00e1 con asistencia perfecta, y est\u00e1 prevista para las 10.<\/p>\n\n\n\n<p>De la sesi\u00f3n plenaria tambi\u00e9n participar\u00e1n representantes de Bolivia, Estados Asociados e invitados especiales, y tendr\u00e1 como eje el acuerdo comercial con la Uni\u00f3n Europea (UE), alcanzado en 2019 pero no ratificado por diferencias irresueltas entre las partes.<\/p>\n\n\n\n<p>El Gobierno har\u00e1 \u00e9nfasis en remarcar los avances en las negociaciones externas del bloque, bajo la presidencia Pro Tempore a su cargo, que en agosto pasar\u00e1 a manos de Brasil, camino a concretar las negociaciones con la Uni\u00f3n Europea para \u00abequilibrar y actualizar\u00bb el acuerdo.<\/p>\n\n\n\n<p>A mediados de junio, el Presidente hab\u00eda recibido a la titular de la Comisi\u00f3n Europea, la alemana Ursula Von der Leyen, en Casa Rosada para abordar la cuesti\u00f3n.<\/p>\n\n\n\n<p>En conferencia de prensa, Alberto Fern\u00e1ndez se hab\u00eda comprometido a presentar a sus socios del Mercosur una propuesta con tres puntos para destrabar la negociaci\u00f3n.<\/p>\n\n\n\n<p>Tambi\u00e9n, har\u00e1 \u00e9nfasis respecto a la relaci\u00f3n bilateral en las negociaciones del Tratado de Libre Comercio Mercosur-Israel y las intenciones de concretarlo con pa\u00edses latinoamericanos como Rep\u00fablica Dominicana, El Salvador y Honduras.<\/p>\n\n\n\n<p>En Iguaz\u00fa, el mandatario detallar\u00e1 el trabajo realizado en los primeros seis meses del a\u00f1o donde se concret\u00f3 la d\u00e9cima edici\u00f3n del Foro Empresarial del Mercosur y destacar\u00e1 que en 2022 el comercio del bloque con el resto del mundo registr\u00f3 un total de 752.600 millones de d\u00f3lares.<\/p>\n\n\n\n<p>Adem\u00e1s, volver\u00e1 a protagonizar una foto junto a da Silva; el presidente de Uruguay, Luis Lacalle Pou; el saliente mandatario de Paraguay, Mario Abdo Ben\u00edtez; y el jefe de Estado electo en la naci\u00f3n guaran\u00ed, Santiago Pe\u00f1a.<\/p>\n","protected":false},"excerpt":{"rendered":"<p>El mandatario Alberto Fern\u00e1ndez ser\u00e1 el anfitri\u00f3n del encuentro que se realizar\u00e1 en la ciudad de las Cataratas El presidente Alberto Fern\u00e1ndez encabezar\u00e1 esta ma\u00f1ana junto a su par de Brasil, Luiz In\u00e1cio \u00abLula\u00bb de Silva, la reuni\u00f3n de jefes de Estado del Mercosur que se realizar\u00e1 en la ciudad misionera de Puerto Iguaz\u00fa. Se [&hellip;]<\/p>\n","protected":false},"author":2,"featured_media":26013,"comment_status":"open","ping_status":"open","sticky":false,"template":"","format":"standard","meta":{"footnotes":""},"categories":[29],"tags":[],"class_list":["post-26012","post","type-post","status-publish","format-standard","has-post-thumbnail","hentry","category-locales"],"yoast_head":"<!-- This site is optimized with the Yoast SEO plugin v27.5 - https:\/\/yoast.com\/product\/yoast-seo-wordpress\/ -->\n<title>Iguaz\u00fa: Los presidentes del Mercosur se reunir\u00e1n para analizar el estado de las negociaciones con la Uni\u00f3n Europea | CVI NOTICIAS<\/title>\n<meta name=\"robots\" content=\"index, follow, max-snippet:-1, max-image-preview:large, max-video-preview:-1\" \/>\n<link rel=\"canonical\" href=\"https:\/\/cvinoticias.com\/v3\/iguazu-los-presidentes-del-mercosur-se-reuniran-para-analizar-el-estado-de-las-negociaciones-con-la-union-europea\/\" \/>\n<meta property=\"og:locale\" content=\"es_ES\" \/>\n<meta property=\"og:type\" content=\"article\" \/>\n<meta property=\"og:title\" content=\"Iguaz\u00fa: Los presidentes del Mercosur se reunir\u00e1n para analizar el estado de las negociaciones con la Uni\u00f3n Europea | CVI NOTICIAS\" \/>\n<meta property=\"og:description\" content=\"El mandatario Alberto Fern\u00e1ndez ser\u00e1 el anfitri\u00f3n del encuentro que se realizar\u00e1 en la ciudad de las Cataratas El presidente Alberto Fern\u00e1ndez encabezar\u00e1 esta ma\u00f1ana junto a su par de Brasil, Luiz In\u00e1cio \u00abLula\u00bb de Silva, la reuni\u00f3n de jefes de Estado del Mercosur que se realizar\u00e1 en la ciudad misionera de Puerto Iguaz\u00fa. Se [&hellip;]\" \/>\n<meta property=\"og:url\" content=\"https:\/\/cvinoticias.com\/v3\/iguazu-los-presidentes-del-mercosur-se-reuniran-para-analizar-el-estado-de-las-negociaciones-con-la-union-europea\/\" \/>\n<meta property=\"og:site_name\" content=\"CVI NOTICIAS\" \/>\n<meta property=\"article:publisher\" content=\"https:\/\/www.facebook.com\/cvinoticias\" \/>\n<meta property=\"article:published_time\" content=\"2023-07-04T10:59:07+00:00\" \/>\n<meta property=\"og:image\" content=\"https:\/\/cvinoticias.com\/wp-content\/uploads\/2023\/07\/2164b77ab1890744b942d2c812b82618_M.jpg\" \/>\n\t<meta property=\"og:image:width\" content=\"768\" \/>\n\t<meta property=\"og:image:height\" content=\"545\" \/>\n\t<meta property=\"og:image:type\" content=\"image\/jpeg\" \/>\n<meta name=\"author\" content=\"f1000024\" \/>\n<meta name=\"twitter:card\" content=\"summary_large_image\" \/>\n<meta name=\"twitter:label1\" content=\"Escrito por\" \/>\n\t<meta name=\"twitter:data1\" content=\"f1000024\" \/>\n\t<meta name=\"twitter:label2\" content=\"Tiempo de lectura\" \/>\n\t<meta name=\"twitter:data2\" content=\"2 minutos\" \/>\n<script type=\"application\/ld+json\" class=\"yoast-schema-graph\">{\"@context\":\"https:\\\/\\\/schema.org\",\"@graph\":[{\"@type\":\"Article\",\"@id\":\"https:\\\/\\\/cvinoticias.com\\\/v3\\\/iguazu-los-presidentes-del-mercosur-se-reuniran-para-analizar-el-estado-de-las-negociaciones-con-la-union-europea\\\/#article\",\"isPartOf\":{\"@id\":\"https:\\\/\\\/cvinoticias.com\\\/v3\\\/iguazu-los-presidentes-del-mercosur-se-reuniran-para-analizar-el-estado-de-las-negociaciones-con-la-union-europea\\\/\"},\"author\":{\"name\":\"f1000024\",\"@id\":\"https:\\\/\\\/cvinoticias.com\\\/v3\\\/#\\\/schema\\\/person\\\/2db77e3c6bc03c538495d7b2b8be9b66\"},\"headline\":\"Iguaz\u00fa: Los presidentes del Mercosur se reunir\u00e1n para analizar el estado de las negociaciones con la Uni\u00f3n Europea\",\"datePublished\":\"2023-07-04T10:59:07+00:00\",\"mainEntityOfPage\":{\"@id\":\"https:\\\/\\\/cvinoticias.com\\\/v3\\\/iguazu-los-presidentes-del-mercosur-se-reuniran-para-analizar-el-estado-de-las-negociaciones-con-la-union-europea\\\/\"},\"wordCount\":375,\"commentCount\":0,\"publisher\":{\"@id\":\"https:\\\/\\\/cvinoticias.com\\\/v3\\\/#organization\"},\"image\":{\"@id\":\"https:\\\/\\\/cvinoticias.com\\\/v3\\\/iguazu-los-presidentes-del-mercosur-se-reuniran-para-analizar-el-estado-de-las-negociaciones-con-la-union-europea\\\/#primaryimage\"},\"thumbnailUrl\":\"https:\\\/\\\/cvinoticias.com\\\/wp-content\\\/uploads\\\/2023\\\/07\\\/2164b77ab1890744b942d2c812b82618_M.jpg\",\"articleSection\":[\"Locales\"],\"inLanguage\":\"es\",\"potentialAction\":[{\"@type\":\"CommentAction\",\"name\":\"Comment\",\"target\":[\"https:\\\/\\\/cvinoticias.com\\\/v3\\\/iguazu-los-presidentes-del-mercosur-se-reuniran-para-analizar-el-estado-de-las-negociaciones-con-la-union-europea\\\/#respond\"]}]},{\"@type\":\"WebPage\",\"@id\":\"https:\\\/\\\/cvinoticias.com\\\/v3\\\/iguazu-los-presidentes-del-mercosur-se-reuniran-para-analizar-el-estado-de-las-negociaciones-con-la-union-europea\\\/\",\"url\":\"https:\\\/\\\/cvinoticias.com\\\/v3\\\/iguazu-los-presidentes-del-mercosur-se-reuniran-para-analizar-el-estado-de-las-negociaciones-con-la-union-europea\\\/\",\"name\":\"Iguaz\u00fa: Los presidentes del Mercosur se reunir\u00e1n para analizar el estado de las negociaciones con la Uni\u00f3n Europea | CVI NOTICIAS\",\"isPartOf\":{\"@id\":\"https:\\\/\\\/cvinoticias.com\\\/v3\\\/#website\"},\"primaryImageOfPage\":{\"@id\":\"https:\\\/\\\/cvinoticias.com\\\/v3\\\/iguazu-los-presidentes-del-mercosur-se-reuniran-para-analizar-el-estado-de-las-negociaciones-con-la-union-europea\\\/#primaryimage\"},\"image\":{\"@id\":\"https:\\\/\\\/cvinoticias.com\\\/v3\\\/iguazu-los-presidentes-del-mercosur-se-reuniran-para-analizar-el-estado-de-las-negociaciones-con-la-union-europea\\\/#primaryimage\"},\"thumbnailUrl\":\"https:\\\/\\\/cvinoticias.com\\\/wp-content\\\/uploads\\\/2023\\\/07\\\/2164b77ab1890744b942d2c812b82618_M.jpg\",\"datePublished\":\"2023-07-04T10:59:07+00:00\",\"breadcrumb\":{\"@id\":\"https:\\\/\\\/cvinoticias.com\\\/v3\\\/iguazu-los-presidentes-del-mercosur-se-reuniran-para-analizar-el-estado-de-las-negociaciones-con-la-union-europea\\\/#breadcrumb\"},\"inLanguage\":\"es\",\"potentialAction\":[{\"@type\":\"ReadAction\",\"target\":[\"https:\\\/\\\/cvinoticias.com\\\/v3\\\/iguazu-los-presidentes-del-mercosur-se-reuniran-para-analizar-el-estado-de-las-negociaciones-con-la-union-europea\\\/\"]}]},{\"@type\":\"ImageObject\",\"inLanguage\":\"es\",\"@id\":\"https:\\\/\\\/cvinoticias.com\\\/v3\\\/iguazu-los-presidentes-del-mercosur-se-reuniran-para-analizar-el-estado-de-las-negociaciones-con-la-union-europea\\\/#primaryimage\",\"url\":\"https:\\\/\\\/cvinoticias.com\\\/wp-content\\\/uploads\\\/2023\\\/07\\\/2164b77ab1890744b942d2c812b82618_M.jpg\",\"contentUrl\":\"https:\\\/\\\/cvinoticias.com\\\/wp-content\\\/uploads\\\/2023\\\/07\\\/2164b77ab1890744b942d2c812b82618_M.jpg\",\"width\":768,\"height\":545},{\"@type\":\"BreadcrumbList\",\"@id\":\"https:\\\/\\\/cvinoticias.com\\\/v3\\\/iguazu-los-presidentes-del-mercosur-se-reuniran-para-analizar-el-estado-de-las-negociaciones-con-la-union-europea\\\/#breadcrumb\",\"itemListElement\":[{\"@type\":\"ListItem\",\"position\":1,\"name\":\"Portada\",\"item\":\"https:\\\/\\\/cvinoticias.com\\\/v3\\\/\"},{\"@type\":\"ListItem\",\"position\":2,\"name\":\"Iguaz\u00fa: Los presidentes del Mercosur se reunir\u00e1n para analizar el estado de las negociaciones con la Uni\u00f3n Europea\"}]},{\"@type\":\"WebSite\",\"@id\":\"https:\\\/\\\/cvinoticias.com\\\/v3\\\/#website\",\"url\":\"https:\\\/\\\/cvinoticias.com\\\/v3\\\/\",\"name\":\"CVI NOTICIAS\",\"description\":\"\",\"publisher\":{\"@id\":\"https:\\\/\\\/cvinoticias.com\\\/v3\\\/#organization\"},\"alternateName\":\"CVI\",\"potentialAction\":[{\"@type\":\"SearchAction\",\"target\":{\"@type\":\"EntryPoint\",\"urlTemplate\":\"https:\\\/\\\/cvinoticias.com\\\/v3\\\/?s={search_term_string}\"},\"query-input\":{\"@type\":\"PropertyValueSpecification\",\"valueRequired\":true,\"valueName\":\"search_term_string\"}}],\"inLanguage\":\"es\"},{\"@type\":\"Organization\",\"@id\":\"https:\\\/\\\/cvinoticias.com\\\/v3\\\/#organization\",\"name\":\"CVI NOTICIAS\",\"url\":\"https:\\\/\\\/cvinoticias.com\\\/v3\\\/\",\"logo\":{\"@type\":\"ImageObject\",\"inLanguage\":\"es\",\"@id\":\"https:\\\/\\\/cvinoticias.com\\\/v3\\\/#\\\/schema\\\/logo\\\/image\\\/\",\"url\":\"https:\\\/\\\/cvinoticias.com\\\/wp-content\\\/uploads\\\/2023\\\/04\\\/cropped-cropped-cropped-cropped-cropped-3-1.png\",\"contentUrl\":\"https:\\\/\\\/cvinoticias.com\\\/wp-content\\\/uploads\\\/2023\\\/04\\\/cropped-cropped-cropped-cropped-cropped-3-1.png\",\"width\":95,\"height\":122,\"caption\":\"CVI NOTICIAS\"},\"image\":{\"@id\":\"https:\\\/\\\/cvinoticias.com\\\/v3\\\/#\\\/schema\\\/logo\\\/image\\\/\"},\"sameAs\":[\"https:\\\/\\\/www.facebook.com\\\/cvinoticias\",\"https:\\\/\\\/www.instagram.com\\\/cvinoticias\\\/\",\"https:\\\/\\\/www.youtube.com\\\/@CVINOTICIAS\"]},{\"@type\":\"Person\",\"@id\":\"https:\\\/\\\/cvinoticias.com\\\/v3\\\/#\\\/schema\\\/person\\\/2db77e3c6bc03c538495d7b2b8be9b66\",\"name\":\"f1000024\",\"image\":{\"@type\":\"ImageObject\",\"inLanguage\":\"es\",\"@id\":\"https:\\\/\\\/secure.gravatar.com\\\/avatar\\\/d4fe7459cfc51ff5129ce1a732bbef5928568b8092d412ef95611616376bbeed?s=96&d=mm&r=g\",\"url\":\"https:\\\/\\\/secure.gravatar.com\\\/avatar\\\/d4fe7459cfc51ff5129ce1a732bbef5928568b8092d412ef95611616376bbeed?s=96&d=mm&r=g\",\"contentUrl\":\"https:\\\/\\\/secure.gravatar.com\\\/avatar\\\/d4fe7459cfc51ff5129ce1a732bbef5928568b8092d412ef95611616376bbeed?s=96&d=mm&r=g\",\"caption\":\"f1000024\"},\"url\":\"https:\\\/\\\/cvinoticias.com\\\/v3\\\/author\\\/f1000024\\\/\"}]}<\/script>\n<!-- \/ Yoast SEO plugin. -->","yoast_head_json":{"title":"Iguaz\u00fa: Los presidentes del Mercosur se reunir\u00e1n para analizar el estado de las negociaciones con la Uni\u00f3n Europea | CVI NOTICIAS","robots":{"index":"index","follow":"follow","max-snippet":"max-snippet:-1","max-image-preview":"max-image-preview:large","max-video-preview":"max-video-preview:-1"},"canonical":"https:\/\/cvinoticias.com\/v3\/iguazu-los-presidentes-del-mercosur-se-reuniran-para-analizar-el-estado-de-las-negociaciones-con-la-union-europea\/","og_locale":"es_ES","og_type":"article","og_title":"Iguaz\u00fa: Los presidentes del Mercosur se reunir\u00e1n para analizar el estado de las negociaciones con la Uni\u00f3n Europea | CVI NOTICIAS","og_description":"El mandatario Alberto Fern\u00e1ndez ser\u00e1 el anfitri\u00f3n del encuentro que se realizar\u00e1 en la ciudad de las Cataratas El presidente Alberto Fern\u00e1ndez encabezar\u00e1 esta ma\u00f1ana junto a su par de Brasil, Luiz In\u00e1cio \u00abLula\u00bb de Silva, la reuni\u00f3n de jefes de Estado del Mercosur que se realizar\u00e1 en la ciudad misionera de Puerto Iguaz\u00fa. Se [&hellip;]","og_url":"https:\/\/cvinoticias.com\/v3\/iguazu-los-presidentes-del-mercosur-se-reuniran-para-analizar-el-estado-de-las-negociaciones-con-la-union-europea\/","og_site_name":"CVI NOTICIAS","article_publisher":"https:\/\/www.facebook.com\/cvinoticias","article_published_time":"2023-07-04T10:59:07+00:00","og_image":[{"width":768,"height":545,"url":"https:\/\/cvinoticias.com\/wp-content\/uploads\/2023\/07\/2164b77ab1890744b942d2c812b82618_M.jpg","type":"image\/jpeg"}],"author":"f1000024","twitter_card":"summary_large_image","twitter_misc":{"Escrito por":"f1000024","Tiempo de lectura":"2 minutos"},"schema":{"@context":"https:\/\/schema.org","@graph":[{"@type":"Article","@id":"https:\/\/cvinoticias.com\/v3\/iguazu-los-presidentes-del-mercosur-se-reuniran-para-analizar-el-estado-de-las-negociaciones-con-la-union-europea\/#article","isPartOf":{"@id":"https:\/\/cvinoticias.com\/v3\/iguazu-los-presidentes-del-mercosur-se-reuniran-para-analizar-el-estado-de-las-negociaciones-con-la-union-europea\/"},"author":{"name":"f1000024","@id":"https:\/\/cvinoticias.com\/v3\/#\/schema\/person\/2db77e3c6bc03c538495d7b2b8be9b66"},"headline":"Iguaz\u00fa: Los presidentes del Mercosur se reunir\u00e1n para analizar el estado de las negociaciones con la Uni\u00f3n Europea","datePublished":"2023-07-04T10:59:07+00:00","mainEntityOfPage":{"@id":"https:\/\/cvinoticias.com\/v3\/iguazu-los-presidentes-del-mercosur-se-reuniran-para-analizar-el-estado-de-las-negociaciones-con-la-union-europea\/"},"wordCount":375,"commentCount":0,"publisher":{"@id":"https:\/\/cvinoticias.com\/v3\/#organization"},"image":{"@id":"https:\/\/cvinoticias.com\/v3\/iguazu-los-presidentes-del-mercosur-se-reuniran-para-analizar-el-estado-de-las-negociaciones-con-la-union-europea\/#primaryimage"},"thumbnailUrl":"https:\/\/cvinoticias.com\/wp-content\/uploads\/2023\/07\/2164b77ab1890744b942d2c812b82618_M.jpg","articleSection":["Locales"],"inLanguage":"es","potentialAction":[{"@type":"CommentAction","name":"Comment","target":["https:\/\/cvinoticias.com\/v3\/iguazu-los-presidentes-del-mercosur-se-reuniran-para-analizar-el-estado-de-las-negociaciones-con-la-union-europea\/#respond"]}]},{"@type":"WebPage","@id":"https:\/\/cvinoticias.com\/v3\/iguazu-los-presidentes-del-mercosur-se-reuniran-para-analizar-el-estado-de-las-negociaciones-con-la-union-europea\/","url":"https:\/\/cvinoticias.com\/v3\/iguazu-los-presidentes-del-mercosur-se-reuniran-para-analizar-el-estado-de-las-negociaciones-con-la-union-europea\/","name":"Iguaz\u00fa: Los presidentes del Mercosur se reunir\u00e1n para analizar el estado de las negociaciones con la Uni\u00f3n Europea | CVI NOTICIAS","isPartOf":{"@id":"https:\/\/cvinoticias.com\/v3\/#website"},"primaryImageOfPage":{"@id":"https:\/\/cvinoticias.com\/v3\/iguazu-los-presidentes-del-mercosur-se-reuniran-para-analizar-el-estado-de-las-negociaciones-con-la-union-europea\/#primaryimage"},"image":{"@id":"https:\/\/cvinoticias.com\/v3\/iguazu-los-presidentes-del-mercosur-se-reuniran-para-analizar-el-estado-de-las-negociaciones-con-la-union-europea\/#primaryimage"},"thumbnailUrl":"https:\/\/cvinoticias.com\/wp-content\/uploads\/2023\/07\/2164b77ab1890744b942d2c812b82618_M.jpg","datePublished":"2023-07-04T10:59:07+00:00","breadcrumb":{"@id":"https:\/\/cvinoticias.com\/v3\/iguazu-los-presidentes-del-mercosur-se-reuniran-para-analizar-el-estado-de-las-negociaciones-con-la-union-europea\/#breadcrumb"},"inLanguage":"es","potentialAction":[{"@type":"ReadAction","target":["https:\/\/cvinoticias.com\/v3\/iguazu-los-presidentes-del-mercosur-se-reuniran-para-analizar-el-estado-de-las-negociaciones-con-la-union-europea\/"]}]},{"@type":"ImageObject","inLanguage":"es","@id":"https:\/\/cvinoticias.com\/v3\/iguazu-los-presidentes-del-mercosur-se-reuniran-para-analizar-el-estado-de-las-negociaciones-con-la-union-europea\/#primaryimage","url":"https:\/\/cvinoticias.com\/wp-content\/uploads\/2023\/07\/2164b77ab1890744b942d2c812b82618_M.jpg","contentUrl":"https:\/\/cvinoticias.com\/wp-content\/uploads\/2023\/07\/2164b77ab1890744b942d2c812b82618_M.jpg","width":768,"height":545},{"@type":"BreadcrumbList","@id":"https:\/\/cvinoticias.com\/v3\/iguazu-los-presidentes-del-mercosur-se-reuniran-para-analizar-el-estado-de-las-negociaciones-con-la-union-europea\/#breadcrumb","itemListElement":[{"@type":"ListItem","position":1,"name":"Portada","item":"https:\/\/cvinoticias.com\/v3\/"},{"@type":"ListItem","position":2,"name":"Iguaz\u00fa: Los presidentes del Mercosur se reunir\u00e1n para analizar el estado de las negociaciones con la Uni\u00f3n Europea"}]},{"@type":"WebSite","@id":"https:\/\/cvinoticias.com\/v3\/#website","url":"https:\/\/cvinoticias.com\/v3\/","name":"CVI NOTICIAS","description":"","publisher":{"@id":"https:\/\/cvinoticias.com\/v3\/#organization"},"alternateName":"CVI","potentialAction":[{"@type":"SearchAction","target":{"@type":"EntryPoint","urlTemplate":"https:\/\/cvinoticias.com\/v3\/?s={search_term_string}"},"query-input":{"@type":"PropertyValueSpecification","valueRequired":true,"valueName":"search_term_string"}}],"inLanguage":"es"},{"@type":"Organization","@id":"https:\/\/cvinoticias.com\/v3\/#organization","name":"CVI NOTICIAS","url":"https:\/\/cvinoticias.com\/v3\/","logo":{"@type":"ImageObject","inLanguage":"es","@id":"https:\/\/cvinoticias.com\/v3\/#\/schema\/logo\/image\/","url":"https:\/\/cvinoticias.com\/wp-content\/uploads\/2023\/04\/cropped-cropped-cropped-cropped-cropped-3-1.png","contentUrl":"https:\/\/cvinoticias.com\/wp-content\/uploads\/2023\/04\/cropped-cropped-cropped-cropped-cropped-3-1.png","width":95,"height":122,"caption":"CVI NOTICIAS"},"image":{"@id":"https:\/\/cvinoticias.com\/v3\/#\/schema\/logo\/image\/"},"sameAs":["https:\/\/www.facebook.com\/cvinoticias","https:\/\/www.instagram.com\/cvinoticias\/","https:\/\/www.youtube.com\/@CVINOTICIAS"]},{"@type":"Person","@id":"https:\/\/cvinoticias.com\/v3\/#\/schema\/person\/2db77e3c6bc03c538495d7b2b8be9b66","name":"f1000024","image":{"@type":"ImageObject","inLanguage":"es","@id":"https:\/\/secure.gravatar.com\/avatar\/d4fe7459cfc51ff5129ce1a732bbef5928568b8092d412ef95611616376bbeed?s=96&d=mm&r=g","url":"https:\/\/secure.gravatar.com\/avatar\/d4fe7459cfc51ff5129ce1a732bbef5928568b8092d412ef95611616376bbeed?s=96&d=mm&r=g","contentUrl":"https:\/\/secure.gravatar.com\/avatar\/d4fe7459cfc51ff5129ce1a732bbef5928568b8092d412ef95611616376bbeed?s=96&d=mm&r=g","caption":"f1000024"},"url":"https:\/\/cvinoticias.com\/v3\/author\/f1000024\/"}]}},"_links":{"self":[{"href":"https:\/\/cvinoticias.com\/v3\/wp-json\/wp\/v2\/posts\/26012","targetHints":{"allow":["GET"]}}],"collection":[{"href":"https:\/\/cvinoticias.com\/v3\/wp-json\/wp\/v2\/posts"}],"about":[{"href":"https:\/\/cvinoticias.com\/v3\/wp-json\/wp\/v2\/types\/post"}],"author":[{"embeddable":true,"href":"https:\/\/cvinoticias.com\/v3\/wp-json\/wp\/v2\/users\/2"}],"replies":[{"embeddable":true,"href":"https:\/\/cvinoticias.com\/v3\/wp-json\/wp\/v2\/comments?post=26012"}],"version-history":[{"count":1,"href":"https:\/\/cvinoticias.com\/v3\/wp-json\/wp\/v2\/posts\/26012\/revisions"}],"predecessor-version":[{"id":26014,"href":"https:\/\/cvinoticias.com\/v3\/wp-json\/wp\/v2\/posts\/26012\/revisions\/26014"}],"wp:featuredmedia":[{"embeddable":true,"href":"https:\/\/cvinoticias.com\/v3\/wp-json\/wp\/v2\/media\/26013"}],"wp:attachment":[{"href":"https:\/\/cvinoticias.com\/v3\/wp-json\/wp\/v2\/media?parent=26012"}],"wp:term":[{"taxonomy":"category","embeddable":true,"href":"https:\/\/cvinoticias.com\/v3\/wp-json\/wp\/v2\/categories?post=26012"},{"taxonomy":"post_tag","embeddable":true,"href":"https:\/\/cvinoticias.com\/v3\/wp-json\/wp\/v2\/tags?post=26012"}],"curies":[{"name":"wp","href":"https:\/\/api.w.org\/{rel}","templated":true}]}}