{"id":25995,"date":"2023-07-03T19:34:35","date_gmt":"2023-07-03T19:34:35","guid":{"rendered":"https:\/\/cvinoticias.com\/v3\/?p=25995"},"modified":"2023-07-03T19:34:35","modified_gmt":"2023-07-03T19:34:35","slug":"iguazu-el-intendente-claudio-filippa-participo-del-seminario-de-ciudades-de-fronteras","status":"publish","type":"post","link":"https:\/\/cvinoticias.com\/v3\/iguazu-el-intendente-claudio-filippa-participo-del-seminario-de-ciudades-de-fronteras\/","title":{"rendered":"Iguaz\u00fa: El Intendente Claudio Filippa particip\u00f3 del Seminario de Ciudades de Fronteras"},"content":{"rendered":"\n<p><strong><em>El intendente municipal, Dr. Claudio Ra\u00fal Filippa, particip\u00f3 del Seminario de Ciudades Fronterizas que di\u00f3 inicio hoy a las 9.30 horas, en el Hotel Grand Melia.<\/em><\/strong><\/p>\n\n\n\n<p>La apertura tuvo las palabras de bienvenida por parte de Santiago Cafiero, Ministro de Relaciones Exteriores, Comercio Internacional y Culto de Argentina y Christian Asinelli, Vicepresidente Corporativo de Programaci\u00f3n Estrat\u00e9gica de CAF.<\/p>\n\n\n\n<figure class=\"wp-block-image size-large is-resized\"><a href=\"https:\/\/cvinoticias.com\/wp-content\/uploads\/2023\/07\/FB_IMG_1688411895573.jpg\"><img decoding=\"async\" data-src=\"https:\/\/cvinoticias.com\/wp-content\/uploads\/2023\/07\/FB_IMG_1688411895573-820x1024.jpg\" alt=\"\" class=\"wp-image-25996 lazyload\" width=\"716\" height=\"893\" data-srcset=\"https:\/\/cvinoticias.com\/wp-content\/uploads\/2023\/07\/FB_IMG_1688411895573-820x1024.jpg 820w, https:\/\/cvinoticias.com\/wp-content\/uploads\/2023\/07\/FB_IMG_1688411895573-240x300.jpg 240w, https:\/\/cvinoticias.com\/wp-content\/uploads\/2023\/07\/FB_IMG_1688411895573-768x959.jpg 768w, https:\/\/cvinoticias.com\/wp-content\/uploads\/2023\/07\/FB_IMG_1688411895573.jpg 1080w\" data-sizes=\"(max-width: 716px) 100vw, 716px\" src=\"data:image\/svg+xml;base64,PHN2ZyB3aWR0aD0iMSIgaGVpZ2h0PSIxIiB4bWxucz0iaHR0cDovL3d3dy53My5vcmcvMjAwMC9zdmciPjwvc3ZnPg==\" style=\"--smush-placeholder-width: 716px; --smush-placeholder-aspect-ratio: 716\/893;\" \/><\/a><\/figure>\n\n\n\n<p>En la exposici\u00f3n a cargo del Intendente, entre otros temas, expuso la hist\u00f3rica problem\u00e1tica de la lentitud en el paso de frontera \u201cNuestro deseo es tratar de dar curso al corredor tur\u00edstico, sabemos que es imposible no controlar por cuestiones de seguridad, pero en base del proyecto presentado seguimos esperando las reformas de ampliaci\u00f3n, recurso de personal, y modernizaci\u00f3n del paso de frontera. Recibimos 1.500.000 turistas que visitan las cataratas, sin desmerecer otras ciudades fronterizas se hace necesario la agilizaci\u00f3n del paso fronterizo\u201d, manifest\u00f3 el intendente municipal.<\/p>\n\n\n\n<p>El intendente Claudio Filippa tuvo el apoyo del Prefecto de Foz de Iguaz\u00fa Francisco \u201cChico\u201d Brasileiro quien en su exposici\u00f3n se sum\u00f3 al pedido de ampliaci\u00f3n y reformas del paso fronterizo.<\/p>\n\n\n\n<figure class=\"wp-block-image size-large is-resized\"><a href=\"https:\/\/cvinoticias.com\/wp-content\/uploads\/2023\/07\/FB_IMG_1688412190934.jpg\"><img decoding=\"async\" data-src=\"https:\/\/cvinoticias.com\/wp-content\/uploads\/2023\/07\/FB_IMG_1688412190934-588x1024.jpg\" alt=\"\" class=\"wp-image-25997 lazyload\" width=\"683\" height=\"1189\" data-srcset=\"https:\/\/cvinoticias.com\/wp-content\/uploads\/2023\/07\/FB_IMG_1688412190934-588x1024.jpg 588w, https:\/\/cvinoticias.com\/wp-content\/uploads\/2023\/07\/FB_IMG_1688412190934-172x300.jpg 172w, https:\/\/cvinoticias.com\/wp-content\/uploads\/2023\/07\/FB_IMG_1688412190934.jpg 735w\" data-sizes=\"(max-width: 683px) 100vw, 683px\" src=\"data:image\/svg+xml;base64,PHN2ZyB3aWR0aD0iMSIgaGVpZ2h0PSIxIiB4bWxucz0iaHR0cDovL3d3dy53My5vcmcvMjAwMC9zdmciPjwvc3ZnPg==\" style=\"--smush-placeholder-width: 683px; --smush-placeholder-aspect-ratio: 683\/1189;\" \/><\/a><\/figure>\n","protected":false},"excerpt":{"rendered":"<p>El intendente municipal, Dr. Claudio Ra\u00fal Filippa, particip\u00f3 del Seminario de Ciudades Fronterizas que di\u00f3 inicio hoy a las 9.30 horas, en el Hotel Grand Melia. La apertura tuvo las palabras de bienvenida por parte de Santiago Cafiero, Ministro de Relaciones Exteriores, Comercio Internacional y Culto de Argentina y Christian Asinelli, Vicepresidente Corporativo de Programaci\u00f3n [&hellip;]<\/p>\n","protected":false},"author":2,"featured_media":25998,"comment_status":"open","ping_status":"open","sticky":false,"template":"","format":"standard","meta":{"footnotes":""},"categories":[29],"tags":[],"class_list":["post-25995","post","type-post","status-publish","format-standard","has-post-thumbnail","hentry","category-locales"],"yoast_head":"<!-- This site is optimized with the Yoast SEO plugin v27.5 - https:\/\/yoast.com\/product\/yoast-seo-wordpress\/ -->\n<title>Iguaz\u00fa: El Intendente Claudio Filippa particip\u00f3 del Seminario de Ciudades de Fronteras | CVI NOTICIAS<\/title>\n<meta name=\"robots\" content=\"index, follow, max-snippet:-1, max-image-preview:large, max-video-preview:-1\" \/>\n<link rel=\"canonical\" href=\"https:\/\/cvinoticias.com\/v3\/iguazu-el-intendente-claudio-filippa-participo-del-seminario-de-ciudades-de-fronteras\/\" \/>\n<meta property=\"og:locale\" content=\"es_ES\" \/>\n<meta property=\"og:type\" content=\"article\" \/>\n<meta property=\"og:title\" content=\"Iguaz\u00fa: El Intendente Claudio Filippa particip\u00f3 del Seminario de Ciudades de Fronteras | CVI NOTICIAS\" \/>\n<meta property=\"og:description\" content=\"El intendente municipal, Dr. Claudio Ra\u00fal Filippa, particip\u00f3 del Seminario de Ciudades Fronterizas que di\u00f3 inicio hoy a las 9.30 horas, en el Hotel Grand Melia. La apertura tuvo las palabras de bienvenida por parte de Santiago Cafiero, Ministro de Relaciones Exteriores, Comercio Internacional y Culto de Argentina y Christian Asinelli, Vicepresidente Corporativo de Programaci\u00f3n [&hellip;]\" \/>\n<meta property=\"og:url\" content=\"https:\/\/cvinoticias.com\/v3\/iguazu-el-intendente-claudio-filippa-participo-del-seminario-de-ciudades-de-fronteras\/\" \/>\n<meta property=\"og:site_name\" content=\"CVI NOTICIAS\" \/>\n<meta property=\"article:publisher\" content=\"https:\/\/www.facebook.com\/cvinoticias\" \/>\n<meta property=\"article:published_time\" content=\"2023-07-03T19:34:35+00:00\" \/>\n<meta property=\"og:image\" content=\"https:\/\/cvinoticias.com\/wp-content\/uploads\/2023\/07\/FB_IMG_1688411956178.jpg\" \/>\n\t<meta property=\"og:image:width\" content=\"1080\" \/>\n\t<meta property=\"og:image:height\" content=\"1079\" \/>\n\t<meta property=\"og:image:type\" content=\"image\/jpeg\" \/>\n<meta name=\"author\" content=\"f1000024\" \/>\n<meta name=\"twitter:card\" content=\"summary_large_image\" \/>\n<meta name=\"twitter:label1\" content=\"Escrito por\" \/>\n\t<meta name=\"twitter:data1\" content=\"f1000024\" \/>\n\t<meta name=\"twitter:label2\" content=\"Tiempo de lectura\" \/>\n\t<meta name=\"twitter:data2\" content=\"1 minuto\" \/>\n<script type=\"application\/ld+json\" class=\"yoast-schema-graph\">{\"@context\":\"https:\\\/\\\/schema.org\",\"@graph\":[{\"@type\":\"Article\",\"@id\":\"https:\\\/\\\/cvinoticias.com\\\/v3\\\/iguazu-el-intendente-claudio-filippa-participo-del-seminario-de-ciudades-de-fronteras\\\/#article\",\"isPartOf\":{\"@id\":\"https:\\\/\\\/cvinoticias.com\\\/v3\\\/iguazu-el-intendente-claudio-filippa-participo-del-seminario-de-ciudades-de-fronteras\\\/\"},\"author\":{\"name\":\"f1000024\",\"@id\":\"https:\\\/\\\/cvinoticias.com\\\/v3\\\/#\\\/schema\\\/person\\\/2db77e3c6bc03c538495d7b2b8be9b66\"},\"headline\":\"Iguaz\u00fa: El Intendente Claudio Filippa particip\u00f3 del Seminario de Ciudades de Fronteras\",\"datePublished\":\"2023-07-03T19:34:35+00:00\",\"mainEntityOfPage\":{\"@id\":\"https:\\\/\\\/cvinoticias.com\\\/v3\\\/iguazu-el-intendente-claudio-filippa-participo-del-seminario-de-ciudades-de-fronteras\\\/\"},\"wordCount\":198,\"commentCount\":0,\"publisher\":{\"@id\":\"https:\\\/\\\/cvinoticias.com\\\/v3\\\/#organization\"},\"image\":{\"@id\":\"https:\\\/\\\/cvinoticias.com\\\/v3\\\/iguazu-el-intendente-claudio-filippa-participo-del-seminario-de-ciudades-de-fronteras\\\/#primaryimage\"},\"thumbnailUrl\":\"https:\\\/\\\/cvinoticias.com\\\/wp-content\\\/uploads\\\/2023\\\/07\\\/FB_IMG_1688411956178.jpg\",\"articleSection\":[\"Locales\"],\"inLanguage\":\"es\",\"potentialAction\":[{\"@type\":\"CommentAction\",\"name\":\"Comment\",\"target\":[\"https:\\\/\\\/cvinoticias.com\\\/v3\\\/iguazu-el-intendente-claudio-filippa-participo-del-seminario-de-ciudades-de-fronteras\\\/#respond\"]}]},{\"@type\":\"WebPage\",\"@id\":\"https:\\\/\\\/cvinoticias.com\\\/v3\\\/iguazu-el-intendente-claudio-filippa-participo-del-seminario-de-ciudades-de-fronteras\\\/\",\"url\":\"https:\\\/\\\/cvinoticias.com\\\/v3\\\/iguazu-el-intendente-claudio-filippa-participo-del-seminario-de-ciudades-de-fronteras\\\/\",\"name\":\"Iguaz\u00fa: El Intendente Claudio Filippa particip\u00f3 del Seminario de Ciudades de Fronteras | CVI NOTICIAS\",\"isPartOf\":{\"@id\":\"https:\\\/\\\/cvinoticias.com\\\/v3\\\/#website\"},\"primaryImageOfPage\":{\"@id\":\"https:\\\/\\\/cvinoticias.com\\\/v3\\\/iguazu-el-intendente-claudio-filippa-participo-del-seminario-de-ciudades-de-fronteras\\\/#primaryimage\"},\"image\":{\"@id\":\"https:\\\/\\\/cvinoticias.com\\\/v3\\\/iguazu-el-intendente-claudio-filippa-participo-del-seminario-de-ciudades-de-fronteras\\\/#primaryimage\"},\"thumbnailUrl\":\"https:\\\/\\\/cvinoticias.com\\\/wp-content\\\/uploads\\\/2023\\\/07\\\/FB_IMG_1688411956178.jpg\",\"datePublished\":\"2023-07-03T19:34:35+00:00\",\"breadcrumb\":{\"@id\":\"https:\\\/\\\/cvinoticias.com\\\/v3\\\/iguazu-el-intendente-claudio-filippa-participo-del-seminario-de-ciudades-de-fronteras\\\/#breadcrumb\"},\"inLanguage\":\"es\",\"potentialAction\":[{\"@type\":\"ReadAction\",\"target\":[\"https:\\\/\\\/cvinoticias.com\\\/v3\\\/iguazu-el-intendente-claudio-filippa-participo-del-seminario-de-ciudades-de-fronteras\\\/\"]}]},{\"@type\":\"ImageObject\",\"inLanguage\":\"es\",\"@id\":\"https:\\\/\\\/cvinoticias.com\\\/v3\\\/iguazu-el-intendente-claudio-filippa-participo-del-seminario-de-ciudades-de-fronteras\\\/#primaryimage\",\"url\":\"https:\\\/\\\/cvinoticias.com\\\/wp-content\\\/uploads\\\/2023\\\/07\\\/FB_IMG_1688411956178.jpg\",\"contentUrl\":\"https:\\\/\\\/cvinoticias.com\\\/wp-content\\\/uploads\\\/2023\\\/07\\\/FB_IMG_1688411956178.jpg\",\"width\":1080,\"height\":1079},{\"@type\":\"BreadcrumbList\",\"@id\":\"https:\\\/\\\/cvinoticias.com\\\/v3\\\/iguazu-el-intendente-claudio-filippa-participo-del-seminario-de-ciudades-de-fronteras\\\/#breadcrumb\",\"itemListElement\":[{\"@type\":\"ListItem\",\"position\":1,\"name\":\"Portada\",\"item\":\"https:\\\/\\\/cvinoticias.com\\\/v3\\\/\"},{\"@type\":\"ListItem\",\"position\":2,\"name\":\"Iguaz\u00fa: El Intendente Claudio Filippa particip\u00f3 del Seminario de Ciudades de Fronteras\"}]},{\"@type\":\"WebSite\",\"@id\":\"https:\\\/\\\/cvinoticias.com\\\/v3\\\/#website\",\"url\":\"https:\\\/\\\/cvinoticias.com\\\/v3\\\/\",\"name\":\"CVI NOTICIAS\",\"description\":\"\",\"publisher\":{\"@id\":\"https:\\\/\\\/cvinoticias.com\\\/v3\\\/#organization\"},\"alternateName\":\"CVI\",\"potentialAction\":[{\"@type\":\"SearchAction\",\"target\":{\"@type\":\"EntryPoint\",\"urlTemplate\":\"https:\\\/\\\/cvinoticias.com\\\/v3\\\/?s={search_term_string}\"},\"query-input\":{\"@type\":\"PropertyValueSpecification\",\"valueRequired\":true,\"valueName\":\"search_term_string\"}}],\"inLanguage\":\"es\"},{\"@type\":\"Organization\",\"@id\":\"https:\\\/\\\/cvinoticias.com\\\/v3\\\/#organization\",\"name\":\"CVI NOTICIAS\",\"url\":\"https:\\\/\\\/cvinoticias.com\\\/v3\\\/\",\"logo\":{\"@type\":\"ImageObject\",\"inLanguage\":\"es\",\"@id\":\"https:\\\/\\\/cvinoticias.com\\\/v3\\\/#\\\/schema\\\/logo\\\/image\\\/\",\"url\":\"https:\\\/\\\/cvinoticias.com\\\/wp-content\\\/uploads\\\/2023\\\/04\\\/cropped-cropped-cropped-cropped-cropped-3-1.png\",\"contentUrl\":\"https:\\\/\\\/cvinoticias.com\\\/wp-content\\\/uploads\\\/2023\\\/04\\\/cropped-cropped-cropped-cropped-cropped-3-1.png\",\"width\":95,\"height\":122,\"caption\":\"CVI NOTICIAS\"},\"image\":{\"@id\":\"https:\\\/\\\/cvinoticias.com\\\/v3\\\/#\\\/schema\\\/logo\\\/image\\\/\"},\"sameAs\":[\"https:\\\/\\\/www.facebook.com\\\/cvinoticias\",\"https:\\\/\\\/www.instagram.com\\\/cvinoticias\\\/\",\"https:\\\/\\\/www.youtube.com\\\/@CVINOTICIAS\"]},{\"@type\":\"Person\",\"@id\":\"https:\\\/\\\/cvinoticias.com\\\/v3\\\/#\\\/schema\\\/person\\\/2db77e3c6bc03c538495d7b2b8be9b66\",\"name\":\"f1000024\",\"image\":{\"@type\":\"ImageObject\",\"inLanguage\":\"es\",\"@id\":\"https:\\\/\\\/secure.gravatar.com\\\/avatar\\\/d4fe7459cfc51ff5129ce1a732bbef5928568b8092d412ef95611616376bbeed?s=96&d=mm&r=g\",\"url\":\"https:\\\/\\\/secure.gravatar.com\\\/avatar\\\/d4fe7459cfc51ff5129ce1a732bbef5928568b8092d412ef95611616376bbeed?s=96&d=mm&r=g\",\"contentUrl\":\"https:\\\/\\\/secure.gravatar.com\\\/avatar\\\/d4fe7459cfc51ff5129ce1a732bbef5928568b8092d412ef95611616376bbeed?s=96&d=mm&r=g\",\"caption\":\"f1000024\"},\"url\":\"https:\\\/\\\/cvinoticias.com\\\/v3\\\/author\\\/f1000024\\\/\"}]}<\/script>\n<!-- \/ Yoast SEO plugin. -->","yoast_head_json":{"title":"Iguaz\u00fa: El Intendente Claudio Filippa particip\u00f3 del Seminario de Ciudades de Fronteras | CVI NOTICIAS","robots":{"index":"index","follow":"follow","max-snippet":"max-snippet:-1","max-image-preview":"max-image-preview:large","max-video-preview":"max-video-preview:-1"},"canonical":"https:\/\/cvinoticias.com\/v3\/iguazu-el-intendente-claudio-filippa-participo-del-seminario-de-ciudades-de-fronteras\/","og_locale":"es_ES","og_type":"article","og_title":"Iguaz\u00fa: El Intendente Claudio Filippa particip\u00f3 del Seminario de Ciudades de Fronteras | CVI NOTICIAS","og_description":"El intendente municipal, Dr. Claudio Ra\u00fal Filippa, particip\u00f3 del Seminario de Ciudades Fronterizas que di\u00f3 inicio hoy a las 9.30 horas, en el Hotel Grand Melia. La apertura tuvo las palabras de bienvenida por parte de Santiago Cafiero, Ministro de Relaciones Exteriores, Comercio Internacional y Culto de Argentina y Christian Asinelli, Vicepresidente Corporativo de Programaci\u00f3n [&hellip;]","og_url":"https:\/\/cvinoticias.com\/v3\/iguazu-el-intendente-claudio-filippa-participo-del-seminario-de-ciudades-de-fronteras\/","og_site_name":"CVI NOTICIAS","article_publisher":"https:\/\/www.facebook.com\/cvinoticias","article_published_time":"2023-07-03T19:34:35+00:00","og_image":[{"width":1080,"height":1079,"url":"https:\/\/cvinoticias.com\/wp-content\/uploads\/2023\/07\/FB_IMG_1688411956178.jpg","type":"image\/jpeg"}],"author":"f1000024","twitter_card":"summary_large_image","twitter_misc":{"Escrito por":"f1000024","Tiempo de lectura":"1 minuto"},"schema":{"@context":"https:\/\/schema.org","@graph":[{"@type":"Article","@id":"https:\/\/cvinoticias.com\/v3\/iguazu-el-intendente-claudio-filippa-participo-del-seminario-de-ciudades-de-fronteras\/#article","isPartOf":{"@id":"https:\/\/cvinoticias.com\/v3\/iguazu-el-intendente-claudio-filippa-participo-del-seminario-de-ciudades-de-fronteras\/"},"author":{"name":"f1000024","@id":"https:\/\/cvinoticias.com\/v3\/#\/schema\/person\/2db77e3c6bc03c538495d7b2b8be9b66"},"headline":"Iguaz\u00fa: El Intendente Claudio Filippa particip\u00f3 del Seminario de Ciudades de Fronteras","datePublished":"2023-07-03T19:34:35+00:00","mainEntityOfPage":{"@id":"https:\/\/cvinoticias.com\/v3\/iguazu-el-intendente-claudio-filippa-participo-del-seminario-de-ciudades-de-fronteras\/"},"wordCount":198,"commentCount":0,"publisher":{"@id":"https:\/\/cvinoticias.com\/v3\/#organization"},"image":{"@id":"https:\/\/cvinoticias.com\/v3\/iguazu-el-intendente-claudio-filippa-participo-del-seminario-de-ciudades-de-fronteras\/#primaryimage"},"thumbnailUrl":"https:\/\/cvinoticias.com\/wp-content\/uploads\/2023\/07\/FB_IMG_1688411956178.jpg","articleSection":["Locales"],"inLanguage":"es","potentialAction":[{"@type":"CommentAction","name":"Comment","target":["https:\/\/cvinoticias.com\/v3\/iguazu-el-intendente-claudio-filippa-participo-del-seminario-de-ciudades-de-fronteras\/#respond"]}]},{"@type":"WebPage","@id":"https:\/\/cvinoticias.com\/v3\/iguazu-el-intendente-claudio-filippa-participo-del-seminario-de-ciudades-de-fronteras\/","url":"https:\/\/cvinoticias.com\/v3\/iguazu-el-intendente-claudio-filippa-participo-del-seminario-de-ciudades-de-fronteras\/","name":"Iguaz\u00fa: El Intendente Claudio Filippa particip\u00f3 del Seminario de Ciudades de Fronteras | CVI NOTICIAS","isPartOf":{"@id":"https:\/\/cvinoticias.com\/v3\/#website"},"primaryImageOfPage":{"@id":"https:\/\/cvinoticias.com\/v3\/iguazu-el-intendente-claudio-filippa-participo-del-seminario-de-ciudades-de-fronteras\/#primaryimage"},"image":{"@id":"https:\/\/cvinoticias.com\/v3\/iguazu-el-intendente-claudio-filippa-participo-del-seminario-de-ciudades-de-fronteras\/#primaryimage"},"thumbnailUrl":"https:\/\/cvinoticias.com\/wp-content\/uploads\/2023\/07\/FB_IMG_1688411956178.jpg","datePublished":"2023-07-03T19:34:35+00:00","breadcrumb":{"@id":"https:\/\/cvinoticias.com\/v3\/iguazu-el-intendente-claudio-filippa-participo-del-seminario-de-ciudades-de-fronteras\/#breadcrumb"},"inLanguage":"es","potentialAction":[{"@type":"ReadAction","target":["https:\/\/cvinoticias.com\/v3\/iguazu-el-intendente-claudio-filippa-participo-del-seminario-de-ciudades-de-fronteras\/"]}]},{"@type":"ImageObject","inLanguage":"es","@id":"https:\/\/cvinoticias.com\/v3\/iguazu-el-intendente-claudio-filippa-participo-del-seminario-de-ciudades-de-fronteras\/#primaryimage","url":"https:\/\/cvinoticias.com\/wp-content\/uploads\/2023\/07\/FB_IMG_1688411956178.jpg","contentUrl":"https:\/\/cvinoticias.com\/wp-content\/uploads\/2023\/07\/FB_IMG_1688411956178.jpg","width":1080,"height":1079},{"@type":"BreadcrumbList","@id":"https:\/\/cvinoticias.com\/v3\/iguazu-el-intendente-claudio-filippa-participo-del-seminario-de-ciudades-de-fronteras\/#breadcrumb","itemListElement":[{"@type":"ListItem","position":1,"name":"Portada","item":"https:\/\/cvinoticias.com\/v3\/"},{"@type":"ListItem","position":2,"name":"Iguaz\u00fa: El Intendente Claudio Filippa particip\u00f3 del Seminario de Ciudades de Fronteras"}]},{"@type":"WebSite","@id":"https:\/\/cvinoticias.com\/v3\/#website","url":"https:\/\/cvinoticias.com\/v3\/","name":"CVI NOTICIAS","description":"","publisher":{"@id":"https:\/\/cvinoticias.com\/v3\/#organization"},"alternateName":"CVI","potentialAction":[{"@type":"SearchAction","target":{"@type":"EntryPoint","urlTemplate":"https:\/\/cvinoticias.com\/v3\/?s={search_term_string}"},"query-input":{"@type":"PropertyValueSpecification","valueRequired":true,"valueName":"search_term_string"}}],"inLanguage":"es"},{"@type":"Organization","@id":"https:\/\/cvinoticias.com\/v3\/#organization","name":"CVI NOTICIAS","url":"https:\/\/cvinoticias.com\/v3\/","logo":{"@type":"ImageObject","inLanguage":"es","@id":"https:\/\/cvinoticias.com\/v3\/#\/schema\/logo\/image\/","url":"https:\/\/cvinoticias.com\/wp-content\/uploads\/2023\/04\/cropped-cropped-cropped-cropped-cropped-3-1.png","contentUrl":"https:\/\/cvinoticias.com\/wp-content\/uploads\/2023\/04\/cropped-cropped-cropped-cropped-cropped-3-1.png","width":95,"height":122,"caption":"CVI NOTICIAS"},"image":{"@id":"https:\/\/cvinoticias.com\/v3\/#\/schema\/logo\/image\/"},"sameAs":["https:\/\/www.facebook.com\/cvinoticias","https:\/\/www.instagram.com\/cvinoticias\/","https:\/\/www.youtube.com\/@CVINOTICIAS"]},{"@type":"Person","@id":"https:\/\/cvinoticias.com\/v3\/#\/schema\/person\/2db77e3c6bc03c538495d7b2b8be9b66","name":"f1000024","image":{"@type":"ImageObject","inLanguage":"es","@id":"https:\/\/secure.gravatar.com\/avatar\/d4fe7459cfc51ff5129ce1a732bbef5928568b8092d412ef95611616376bbeed?s=96&d=mm&r=g","url":"https:\/\/secure.gravatar.com\/avatar\/d4fe7459cfc51ff5129ce1a732bbef5928568b8092d412ef95611616376bbeed?s=96&d=mm&r=g","contentUrl":"https:\/\/secure.gravatar.com\/avatar\/d4fe7459cfc51ff5129ce1a732bbef5928568b8092d412ef95611616376bbeed?s=96&d=mm&r=g","caption":"f1000024"},"url":"https:\/\/cvinoticias.com\/v3\/author\/f1000024\/"}]}},"_links":{"self":[{"href":"https:\/\/cvinoticias.com\/v3\/wp-json\/wp\/v2\/posts\/25995","targetHints":{"allow":["GET"]}}],"collection":[{"href":"https:\/\/cvinoticias.com\/v3\/wp-json\/wp\/v2\/posts"}],"about":[{"href":"https:\/\/cvinoticias.com\/v3\/wp-json\/wp\/v2\/types\/post"}],"author":[{"embeddable":true,"href":"https:\/\/cvinoticias.com\/v3\/wp-json\/wp\/v2\/users\/2"}],"replies":[{"embeddable":true,"href":"https:\/\/cvinoticias.com\/v3\/wp-json\/wp\/v2\/comments?post=25995"}],"version-history":[{"count":1,"href":"https:\/\/cvinoticias.com\/v3\/wp-json\/wp\/v2\/posts\/25995\/revisions"}],"predecessor-version":[{"id":25999,"href":"https:\/\/cvinoticias.com\/v3\/wp-json\/wp\/v2\/posts\/25995\/revisions\/25999"}],"wp:featuredmedia":[{"embeddable":true,"href":"https:\/\/cvinoticias.com\/v3\/wp-json\/wp\/v2\/media\/25998"}],"wp:attachment":[{"href":"https:\/\/cvinoticias.com\/v3\/wp-json\/wp\/v2\/media?parent=25995"}],"wp:term":[{"taxonomy":"category","embeddable":true,"href":"https:\/\/cvinoticias.com\/v3\/wp-json\/wp\/v2\/categories?post=25995"},{"taxonomy":"post_tag","embeddable":true,"href":"https:\/\/cvinoticias.com\/v3\/wp-json\/wp\/v2\/tags?post=25995"}],"curies":[{"name":"wp","href":"https:\/\/api.w.org\/{rel}","templated":true}]}}