{"id":25978,"date":"2023-07-03T12:39:12","date_gmt":"2023-07-03T12:39:12","guid":{"rendered":"https:\/\/cvinoticias.com\/v3\/?p=25978"},"modified":"2023-07-03T12:42:39","modified_gmt":"2023-07-03T12:42:39","slug":"puerto-iguazu-el-municipio-oficializo-por-resolucion-el-asueto-administrativo-para-el-viernes-07","status":"publish","type":"post","link":"https:\/\/cvinoticias.com\/v3\/puerto-iguazu-el-municipio-oficializo-por-resolucion-el-asueto-administrativo-para-el-viernes-07\/","title":{"rendered":"Puerto Iguaz\u00fa: El Municipio oficializ\u00f3 por resoluci\u00f3n el asueto administrativo para el viernes 07"},"content":{"rendered":"\n<p><strong><em>Este viernes 07 de julio a fines de celebrar un aniversario m\u00e1s del D\u00eda de la Independencia de nuestro pa\u00eds, el 09 de julio de 1816, la Secretar\u00eda de Gobierno decret\u00f3 \u201cAsueto Administrativo\u201d para todo el personal municipal bajo la resoluci\u00f3n N\u00b0 329\/2023 serie \u00abB\u00bb<\/em><\/strong><\/p>\n\n\n\n<p>En este sentido, desde el Departamento Ejecutivo Municipal se invita a las dem\u00e1s instituciones p\u00fablicas y privadas a adherirse al asueto declarado como as\u00ed tambi\u00e9n a toda la comunidad a participar del tradicional desfile c\u00edvico-militar-escolar organizada por la comuna e instituciones civiles y militares para celebrar este importante acontecimiento.<\/p>\n\n\n\n<figure class=\"wp-block-image size-large\"><a href=\"https:\/\/cvinoticias.com\/wp-content\/uploads\/2023\/07\/Screenshot_20230703_090259_Word-1.jpg\"><img decoding=\"async\" width=\"788\" height=\"1024\" data-src=\"https:\/\/cvinoticias.com\/wp-content\/uploads\/2023\/07\/Screenshot_20230703_090259_Word-1-788x1024.jpg\" alt=\"\" class=\"wp-image-25981 lazyload\" data-srcset=\"https:\/\/cvinoticias.com\/wp-content\/uploads\/2023\/07\/Screenshot_20230703_090259_Word-1-788x1024.jpg 788w, https:\/\/cvinoticias.com\/wp-content\/uploads\/2023\/07\/Screenshot_20230703_090259_Word-1-231x300.jpg 231w, https:\/\/cvinoticias.com\/wp-content\/uploads\/2023\/07\/Screenshot_20230703_090259_Word-1-768x998.jpg 768w, https:\/\/cvinoticias.com\/wp-content\/uploads\/2023\/07\/Screenshot_20230703_090259_Word-1.jpg 1080w\" data-sizes=\"(max-width: 788px) 100vw, 788px\" src=\"data:image\/svg+xml;base64,PHN2ZyB3aWR0aD0iMSIgaGVpZ2h0PSIxIiB4bWxucz0iaHR0cDovL3d3dy53My5vcmcvMjAwMC9zdmciPjwvc3ZnPg==\" style=\"--smush-placeholder-width: 788px; --smush-placeholder-aspect-ratio: 788\/1024;\" \/><\/a><\/figure>\n","protected":false},"excerpt":{"rendered":"<p>Este viernes 07 de julio a fines de celebrar un aniversario m\u00e1s del D\u00eda de la Independencia de nuestro pa\u00eds, el 09 de julio de 1816, la Secretar\u00eda de Gobierno decret\u00f3 \u201cAsueto Administrativo\u201d para todo el personal municipal bajo la resoluci\u00f3n N\u00b0 329\/2023 serie \u00abB\u00bb En este sentido, desde el Departamento Ejecutivo Municipal se invita [&hellip;]<\/p>\n","protected":false},"author":2,"featured_media":25982,"comment_status":"open","ping_status":"open","sticky":false,"template":"","format":"standard","meta":{"footnotes":""},"categories":[29],"tags":[],"class_list":["post-25978","post","type-post","status-publish","format-standard","has-post-thumbnail","hentry","category-locales"],"yoast_head":"<!-- This site is optimized with the Yoast SEO plugin v27.5 - https:\/\/yoast.com\/product\/yoast-seo-wordpress\/ -->\n<title>Puerto Iguaz\u00fa: El Municipio oficializ\u00f3 por resoluci\u00f3n el asueto administrativo para el viernes 07 | CVI NOTICIAS<\/title>\n<meta name=\"robots\" content=\"index, follow, max-snippet:-1, max-image-preview:large, max-video-preview:-1\" \/>\n<link rel=\"canonical\" href=\"https:\/\/cvinoticias.com\/v3\/puerto-iguazu-el-municipio-oficializo-por-resolucion-el-asueto-administrativo-para-el-viernes-07\/\" \/>\n<meta property=\"og:locale\" content=\"es_ES\" \/>\n<meta property=\"og:type\" content=\"article\" \/>\n<meta property=\"og:title\" content=\"Puerto Iguaz\u00fa: El Municipio oficializ\u00f3 por resoluci\u00f3n el asueto administrativo para el viernes 07 | CVI NOTICIAS\" \/>\n<meta property=\"og:description\" content=\"Este viernes 07 de julio a fines de celebrar un aniversario m\u00e1s del D\u00eda de la Independencia de nuestro pa\u00eds, el 09 de julio de 1816, la Secretar\u00eda de Gobierno decret\u00f3 \u201cAsueto Administrativo\u201d para todo el personal municipal bajo la resoluci\u00f3n N\u00b0 329\/2023 serie \u00abB\u00bb En este sentido, desde el Departamento Ejecutivo Municipal se invita [&hellip;]\" \/>\n<meta property=\"og:url\" content=\"https:\/\/cvinoticias.com\/v3\/puerto-iguazu-el-municipio-oficializo-por-resolucion-el-asueto-administrativo-para-el-viernes-07\/\" \/>\n<meta property=\"og:site_name\" content=\"CVI NOTICIAS\" \/>\n<meta property=\"article:publisher\" content=\"https:\/\/www.facebook.com\/cvinoticias\" \/>\n<meta property=\"article:published_time\" content=\"2023-07-03T12:39:12+00:00\" \/>\n<meta property=\"article:modified_time\" content=\"2023-07-03T12:42:39+00:00\" \/>\n<meta property=\"og:image\" content=\"https:\/\/cvinoticias.com\/wp-content\/uploads\/2023\/07\/IMG-20230703-WA0011.jpg\" \/>\n\t<meta property=\"og:image:width\" content=\"1074\" \/>\n\t<meta property=\"og:image:height\" content=\"1080\" \/>\n\t<meta property=\"og:image:type\" content=\"image\/jpeg\" \/>\n<meta name=\"author\" content=\"f1000024\" \/>\n<meta name=\"twitter:card\" content=\"summary_large_image\" \/>\n<meta name=\"twitter:label1\" content=\"Escrito por\" \/>\n\t<meta name=\"twitter:data1\" content=\"f1000024\" \/>\n<script type=\"application\/ld+json\" class=\"yoast-schema-graph\">{\"@context\":\"https:\\\/\\\/schema.org\",\"@graph\":[{\"@type\":\"Article\",\"@id\":\"https:\\\/\\\/cvinoticias.com\\\/v3\\\/puerto-iguazu-el-municipio-oficializo-por-resolucion-el-asueto-administrativo-para-el-viernes-07\\\/#article\",\"isPartOf\":{\"@id\":\"https:\\\/\\\/cvinoticias.com\\\/v3\\\/puerto-iguazu-el-municipio-oficializo-por-resolucion-el-asueto-administrativo-para-el-viernes-07\\\/\"},\"author\":{\"name\":\"f1000024\",\"@id\":\"https:\\\/\\\/cvinoticias.com\\\/v3\\\/#\\\/schema\\\/person\\\/2db77e3c6bc03c538495d7b2b8be9b66\"},\"headline\":\"Puerto Iguaz\u00fa: El Municipio oficializ\u00f3 por resoluci\u00f3n el asueto administrativo para el viernes 07\",\"datePublished\":\"2023-07-03T12:39:12+00:00\",\"dateModified\":\"2023-07-03T12:42:39+00:00\",\"mainEntityOfPage\":{\"@id\":\"https:\\\/\\\/cvinoticias.com\\\/v3\\\/puerto-iguazu-el-municipio-oficializo-por-resolucion-el-asueto-administrativo-para-el-viernes-07\\\/\"},\"wordCount\":113,\"commentCount\":0,\"publisher\":{\"@id\":\"https:\\\/\\\/cvinoticias.com\\\/v3\\\/#organization\"},\"image\":{\"@id\":\"https:\\\/\\\/cvinoticias.com\\\/v3\\\/puerto-iguazu-el-municipio-oficializo-por-resolucion-el-asueto-administrativo-para-el-viernes-07\\\/#primaryimage\"},\"thumbnailUrl\":\"https:\\\/\\\/cvinoticias.com\\\/wp-content\\\/uploads\\\/2023\\\/07\\\/IMG-20230703-WA0011.jpg\",\"articleSection\":[\"Locales\"],\"inLanguage\":\"es\",\"potentialAction\":[{\"@type\":\"CommentAction\",\"name\":\"Comment\",\"target\":[\"https:\\\/\\\/cvinoticias.com\\\/v3\\\/puerto-iguazu-el-municipio-oficializo-por-resolucion-el-asueto-administrativo-para-el-viernes-07\\\/#respond\"]}]},{\"@type\":\"WebPage\",\"@id\":\"https:\\\/\\\/cvinoticias.com\\\/v3\\\/puerto-iguazu-el-municipio-oficializo-por-resolucion-el-asueto-administrativo-para-el-viernes-07\\\/\",\"url\":\"https:\\\/\\\/cvinoticias.com\\\/v3\\\/puerto-iguazu-el-municipio-oficializo-por-resolucion-el-asueto-administrativo-para-el-viernes-07\\\/\",\"name\":\"Puerto Iguaz\u00fa: El Municipio oficializ\u00f3 por resoluci\u00f3n el asueto administrativo para el viernes 07 | CVI NOTICIAS\",\"isPartOf\":{\"@id\":\"https:\\\/\\\/cvinoticias.com\\\/v3\\\/#website\"},\"primaryImageOfPage\":{\"@id\":\"https:\\\/\\\/cvinoticias.com\\\/v3\\\/puerto-iguazu-el-municipio-oficializo-por-resolucion-el-asueto-administrativo-para-el-viernes-07\\\/#primaryimage\"},\"image\":{\"@id\":\"https:\\\/\\\/cvinoticias.com\\\/v3\\\/puerto-iguazu-el-municipio-oficializo-por-resolucion-el-asueto-administrativo-para-el-viernes-07\\\/#primaryimage\"},\"thumbnailUrl\":\"https:\\\/\\\/cvinoticias.com\\\/wp-content\\\/uploads\\\/2023\\\/07\\\/IMG-20230703-WA0011.jpg\",\"datePublished\":\"2023-07-03T12:39:12+00:00\",\"dateModified\":\"2023-07-03T12:42:39+00:00\",\"breadcrumb\":{\"@id\":\"https:\\\/\\\/cvinoticias.com\\\/v3\\\/puerto-iguazu-el-municipio-oficializo-por-resolucion-el-asueto-administrativo-para-el-viernes-07\\\/#breadcrumb\"},\"inLanguage\":\"es\",\"potentialAction\":[{\"@type\":\"ReadAction\",\"target\":[\"https:\\\/\\\/cvinoticias.com\\\/v3\\\/puerto-iguazu-el-municipio-oficializo-por-resolucion-el-asueto-administrativo-para-el-viernes-07\\\/\"]}]},{\"@type\":\"ImageObject\",\"inLanguage\":\"es\",\"@id\":\"https:\\\/\\\/cvinoticias.com\\\/v3\\\/puerto-iguazu-el-municipio-oficializo-por-resolucion-el-asueto-administrativo-para-el-viernes-07\\\/#primaryimage\",\"url\":\"https:\\\/\\\/cvinoticias.com\\\/wp-content\\\/uploads\\\/2023\\\/07\\\/IMG-20230703-WA0011.jpg\",\"contentUrl\":\"https:\\\/\\\/cvinoticias.com\\\/wp-content\\\/uploads\\\/2023\\\/07\\\/IMG-20230703-WA0011.jpg\",\"width\":1074,\"height\":1080},{\"@type\":\"BreadcrumbList\",\"@id\":\"https:\\\/\\\/cvinoticias.com\\\/v3\\\/puerto-iguazu-el-municipio-oficializo-por-resolucion-el-asueto-administrativo-para-el-viernes-07\\\/#breadcrumb\",\"itemListElement\":[{\"@type\":\"ListItem\",\"position\":1,\"name\":\"Portada\",\"item\":\"https:\\\/\\\/cvinoticias.com\\\/v3\\\/\"},{\"@type\":\"ListItem\",\"position\":2,\"name\":\"Puerto Iguaz\u00fa: El Municipio oficializ\u00f3 por resoluci\u00f3n el asueto administrativo para el viernes 07\"}]},{\"@type\":\"WebSite\",\"@id\":\"https:\\\/\\\/cvinoticias.com\\\/v3\\\/#website\",\"url\":\"https:\\\/\\\/cvinoticias.com\\\/v3\\\/\",\"name\":\"CVI NOTICIAS\",\"description\":\"\",\"publisher\":{\"@id\":\"https:\\\/\\\/cvinoticias.com\\\/v3\\\/#organization\"},\"alternateName\":\"CVI\",\"potentialAction\":[{\"@type\":\"SearchAction\",\"target\":{\"@type\":\"EntryPoint\",\"urlTemplate\":\"https:\\\/\\\/cvinoticias.com\\\/v3\\\/?s={search_term_string}\"},\"query-input\":{\"@type\":\"PropertyValueSpecification\",\"valueRequired\":true,\"valueName\":\"search_term_string\"}}],\"inLanguage\":\"es\"},{\"@type\":\"Organization\",\"@id\":\"https:\\\/\\\/cvinoticias.com\\\/v3\\\/#organization\",\"name\":\"CVI NOTICIAS\",\"url\":\"https:\\\/\\\/cvinoticias.com\\\/v3\\\/\",\"logo\":{\"@type\":\"ImageObject\",\"inLanguage\":\"es\",\"@id\":\"https:\\\/\\\/cvinoticias.com\\\/v3\\\/#\\\/schema\\\/logo\\\/image\\\/\",\"url\":\"https:\\\/\\\/cvinoticias.com\\\/wp-content\\\/uploads\\\/2023\\\/04\\\/cropped-cropped-cropped-cropped-cropped-3-1.png\",\"contentUrl\":\"https:\\\/\\\/cvinoticias.com\\\/wp-content\\\/uploads\\\/2023\\\/04\\\/cropped-cropped-cropped-cropped-cropped-3-1.png\",\"width\":95,\"height\":122,\"caption\":\"CVI NOTICIAS\"},\"image\":{\"@id\":\"https:\\\/\\\/cvinoticias.com\\\/v3\\\/#\\\/schema\\\/logo\\\/image\\\/\"},\"sameAs\":[\"https:\\\/\\\/www.facebook.com\\\/cvinoticias\",\"https:\\\/\\\/www.instagram.com\\\/cvinoticias\\\/\",\"https:\\\/\\\/www.youtube.com\\\/@CVINOTICIAS\"]},{\"@type\":\"Person\",\"@id\":\"https:\\\/\\\/cvinoticias.com\\\/v3\\\/#\\\/schema\\\/person\\\/2db77e3c6bc03c538495d7b2b8be9b66\",\"name\":\"f1000024\",\"image\":{\"@type\":\"ImageObject\",\"inLanguage\":\"es\",\"@id\":\"https:\\\/\\\/secure.gravatar.com\\\/avatar\\\/d4fe7459cfc51ff5129ce1a732bbef5928568b8092d412ef95611616376bbeed?s=96&d=mm&r=g\",\"url\":\"https:\\\/\\\/secure.gravatar.com\\\/avatar\\\/d4fe7459cfc51ff5129ce1a732bbef5928568b8092d412ef95611616376bbeed?s=96&d=mm&r=g\",\"contentUrl\":\"https:\\\/\\\/secure.gravatar.com\\\/avatar\\\/d4fe7459cfc51ff5129ce1a732bbef5928568b8092d412ef95611616376bbeed?s=96&d=mm&r=g\",\"caption\":\"f1000024\"},\"url\":\"https:\\\/\\\/cvinoticias.com\\\/v3\\\/author\\\/f1000024\\\/\"}]}<\/script>\n<!-- \/ Yoast SEO plugin. -->","yoast_head_json":{"title":"Puerto Iguaz\u00fa: El Municipio oficializ\u00f3 por resoluci\u00f3n el asueto administrativo para el viernes 07 | CVI NOTICIAS","robots":{"index":"index","follow":"follow","max-snippet":"max-snippet:-1","max-image-preview":"max-image-preview:large","max-video-preview":"max-video-preview:-1"},"canonical":"https:\/\/cvinoticias.com\/v3\/puerto-iguazu-el-municipio-oficializo-por-resolucion-el-asueto-administrativo-para-el-viernes-07\/","og_locale":"es_ES","og_type":"article","og_title":"Puerto Iguaz\u00fa: El Municipio oficializ\u00f3 por resoluci\u00f3n el asueto administrativo para el viernes 07 | CVI NOTICIAS","og_description":"Este viernes 07 de julio a fines de celebrar un aniversario m\u00e1s del D\u00eda de la Independencia de nuestro pa\u00eds, el 09 de julio de 1816, la Secretar\u00eda de Gobierno decret\u00f3 \u201cAsueto Administrativo\u201d para todo el personal municipal bajo la resoluci\u00f3n N\u00b0 329\/2023 serie \u00abB\u00bb En este sentido, desde el Departamento Ejecutivo Municipal se invita [&hellip;]","og_url":"https:\/\/cvinoticias.com\/v3\/puerto-iguazu-el-municipio-oficializo-por-resolucion-el-asueto-administrativo-para-el-viernes-07\/","og_site_name":"CVI NOTICIAS","article_publisher":"https:\/\/www.facebook.com\/cvinoticias","article_published_time":"2023-07-03T12:39:12+00:00","article_modified_time":"2023-07-03T12:42:39+00:00","og_image":[{"width":1074,"height":1080,"url":"https:\/\/cvinoticias.com\/wp-content\/uploads\/2023\/07\/IMG-20230703-WA0011.jpg","type":"image\/jpeg"}],"author":"f1000024","twitter_card":"summary_large_image","twitter_misc":{"Escrito por":"f1000024"},"schema":{"@context":"https:\/\/schema.org","@graph":[{"@type":"Article","@id":"https:\/\/cvinoticias.com\/v3\/puerto-iguazu-el-municipio-oficializo-por-resolucion-el-asueto-administrativo-para-el-viernes-07\/#article","isPartOf":{"@id":"https:\/\/cvinoticias.com\/v3\/puerto-iguazu-el-municipio-oficializo-por-resolucion-el-asueto-administrativo-para-el-viernes-07\/"},"author":{"name":"f1000024","@id":"https:\/\/cvinoticias.com\/v3\/#\/schema\/person\/2db77e3c6bc03c538495d7b2b8be9b66"},"headline":"Puerto Iguaz\u00fa: El Municipio oficializ\u00f3 por resoluci\u00f3n el asueto administrativo para el viernes 07","datePublished":"2023-07-03T12:39:12+00:00","dateModified":"2023-07-03T12:42:39+00:00","mainEntityOfPage":{"@id":"https:\/\/cvinoticias.com\/v3\/puerto-iguazu-el-municipio-oficializo-por-resolucion-el-asueto-administrativo-para-el-viernes-07\/"},"wordCount":113,"commentCount":0,"publisher":{"@id":"https:\/\/cvinoticias.com\/v3\/#organization"},"image":{"@id":"https:\/\/cvinoticias.com\/v3\/puerto-iguazu-el-municipio-oficializo-por-resolucion-el-asueto-administrativo-para-el-viernes-07\/#primaryimage"},"thumbnailUrl":"https:\/\/cvinoticias.com\/wp-content\/uploads\/2023\/07\/IMG-20230703-WA0011.jpg","articleSection":["Locales"],"inLanguage":"es","potentialAction":[{"@type":"CommentAction","name":"Comment","target":["https:\/\/cvinoticias.com\/v3\/puerto-iguazu-el-municipio-oficializo-por-resolucion-el-asueto-administrativo-para-el-viernes-07\/#respond"]}]},{"@type":"WebPage","@id":"https:\/\/cvinoticias.com\/v3\/puerto-iguazu-el-municipio-oficializo-por-resolucion-el-asueto-administrativo-para-el-viernes-07\/","url":"https:\/\/cvinoticias.com\/v3\/puerto-iguazu-el-municipio-oficializo-por-resolucion-el-asueto-administrativo-para-el-viernes-07\/","name":"Puerto Iguaz\u00fa: El Municipio oficializ\u00f3 por resoluci\u00f3n el asueto administrativo para el viernes 07 | CVI NOTICIAS","isPartOf":{"@id":"https:\/\/cvinoticias.com\/v3\/#website"},"primaryImageOfPage":{"@id":"https:\/\/cvinoticias.com\/v3\/puerto-iguazu-el-municipio-oficializo-por-resolucion-el-asueto-administrativo-para-el-viernes-07\/#primaryimage"},"image":{"@id":"https:\/\/cvinoticias.com\/v3\/puerto-iguazu-el-municipio-oficializo-por-resolucion-el-asueto-administrativo-para-el-viernes-07\/#primaryimage"},"thumbnailUrl":"https:\/\/cvinoticias.com\/wp-content\/uploads\/2023\/07\/IMG-20230703-WA0011.jpg","datePublished":"2023-07-03T12:39:12+00:00","dateModified":"2023-07-03T12:42:39+00:00","breadcrumb":{"@id":"https:\/\/cvinoticias.com\/v3\/puerto-iguazu-el-municipio-oficializo-por-resolucion-el-asueto-administrativo-para-el-viernes-07\/#breadcrumb"},"inLanguage":"es","potentialAction":[{"@type":"ReadAction","target":["https:\/\/cvinoticias.com\/v3\/puerto-iguazu-el-municipio-oficializo-por-resolucion-el-asueto-administrativo-para-el-viernes-07\/"]}]},{"@type":"ImageObject","inLanguage":"es","@id":"https:\/\/cvinoticias.com\/v3\/puerto-iguazu-el-municipio-oficializo-por-resolucion-el-asueto-administrativo-para-el-viernes-07\/#primaryimage","url":"https:\/\/cvinoticias.com\/wp-content\/uploads\/2023\/07\/IMG-20230703-WA0011.jpg","contentUrl":"https:\/\/cvinoticias.com\/wp-content\/uploads\/2023\/07\/IMG-20230703-WA0011.jpg","width":1074,"height":1080},{"@type":"BreadcrumbList","@id":"https:\/\/cvinoticias.com\/v3\/puerto-iguazu-el-municipio-oficializo-por-resolucion-el-asueto-administrativo-para-el-viernes-07\/#breadcrumb","itemListElement":[{"@type":"ListItem","position":1,"name":"Portada","item":"https:\/\/cvinoticias.com\/v3\/"},{"@type":"ListItem","position":2,"name":"Puerto Iguaz\u00fa: El Municipio oficializ\u00f3 por resoluci\u00f3n el asueto administrativo para el viernes 07"}]},{"@type":"WebSite","@id":"https:\/\/cvinoticias.com\/v3\/#website","url":"https:\/\/cvinoticias.com\/v3\/","name":"CVI NOTICIAS","description":"","publisher":{"@id":"https:\/\/cvinoticias.com\/v3\/#organization"},"alternateName":"CVI","potentialAction":[{"@type":"SearchAction","target":{"@type":"EntryPoint","urlTemplate":"https:\/\/cvinoticias.com\/v3\/?s={search_term_string}"},"query-input":{"@type":"PropertyValueSpecification","valueRequired":true,"valueName":"search_term_string"}}],"inLanguage":"es"},{"@type":"Organization","@id":"https:\/\/cvinoticias.com\/v3\/#organization","name":"CVI NOTICIAS","url":"https:\/\/cvinoticias.com\/v3\/","logo":{"@type":"ImageObject","inLanguage":"es","@id":"https:\/\/cvinoticias.com\/v3\/#\/schema\/logo\/image\/","url":"https:\/\/cvinoticias.com\/wp-content\/uploads\/2023\/04\/cropped-cropped-cropped-cropped-cropped-3-1.png","contentUrl":"https:\/\/cvinoticias.com\/wp-content\/uploads\/2023\/04\/cropped-cropped-cropped-cropped-cropped-3-1.png","width":95,"height":122,"caption":"CVI NOTICIAS"},"image":{"@id":"https:\/\/cvinoticias.com\/v3\/#\/schema\/logo\/image\/"},"sameAs":["https:\/\/www.facebook.com\/cvinoticias","https:\/\/www.instagram.com\/cvinoticias\/","https:\/\/www.youtube.com\/@CVINOTICIAS"]},{"@type":"Person","@id":"https:\/\/cvinoticias.com\/v3\/#\/schema\/person\/2db77e3c6bc03c538495d7b2b8be9b66","name":"f1000024","image":{"@type":"ImageObject","inLanguage":"es","@id":"https:\/\/secure.gravatar.com\/avatar\/d4fe7459cfc51ff5129ce1a732bbef5928568b8092d412ef95611616376bbeed?s=96&d=mm&r=g","url":"https:\/\/secure.gravatar.com\/avatar\/d4fe7459cfc51ff5129ce1a732bbef5928568b8092d412ef95611616376bbeed?s=96&d=mm&r=g","contentUrl":"https:\/\/secure.gravatar.com\/avatar\/d4fe7459cfc51ff5129ce1a732bbef5928568b8092d412ef95611616376bbeed?s=96&d=mm&r=g","caption":"f1000024"},"url":"https:\/\/cvinoticias.com\/v3\/author\/f1000024\/"}]}},"_links":{"self":[{"href":"https:\/\/cvinoticias.com\/v3\/wp-json\/wp\/v2\/posts\/25978","targetHints":{"allow":["GET"]}}],"collection":[{"href":"https:\/\/cvinoticias.com\/v3\/wp-json\/wp\/v2\/posts"}],"about":[{"href":"https:\/\/cvinoticias.com\/v3\/wp-json\/wp\/v2\/types\/post"}],"author":[{"embeddable":true,"href":"https:\/\/cvinoticias.com\/v3\/wp-json\/wp\/v2\/users\/2"}],"replies":[{"embeddable":true,"href":"https:\/\/cvinoticias.com\/v3\/wp-json\/wp\/v2\/comments?post=25978"}],"version-history":[{"count":2,"href":"https:\/\/cvinoticias.com\/v3\/wp-json\/wp\/v2\/posts\/25978\/revisions"}],"predecessor-version":[{"id":25983,"href":"https:\/\/cvinoticias.com\/v3\/wp-json\/wp\/v2\/posts\/25978\/revisions\/25983"}],"wp:featuredmedia":[{"embeddable":true,"href":"https:\/\/cvinoticias.com\/v3\/wp-json\/wp\/v2\/media\/25982"}],"wp:attachment":[{"href":"https:\/\/cvinoticias.com\/v3\/wp-json\/wp\/v2\/media?parent=25978"}],"wp:term":[{"taxonomy":"category","embeddable":true,"href":"https:\/\/cvinoticias.com\/v3\/wp-json\/wp\/v2\/categories?post=25978"},{"taxonomy":"post_tag","embeddable":true,"href":"https:\/\/cvinoticias.com\/v3\/wp-json\/wp\/v2\/tags?post=25978"}],"curies":[{"name":"wp","href":"https:\/\/api.w.org\/{rel}","templated":true}]}}