{"id":25962,"date":"2023-07-03T02:26:44","date_gmt":"2023-07-03T02:26:44","guid":{"rendered":"https:\/\/cvinoticias.com\/v3\/?p=25962"},"modified":"2023-07-03T02:26:44","modified_gmt":"2023-07-03T02:26:44","slug":"elecciones-en-san-juan-con-el-triunfo-de-orrego-juntos-por-el-cambio-le-arrebato-la-gobernacion-al-pj","status":"publish","type":"post","link":"https:\/\/cvinoticias.com\/v3\/elecciones-en-san-juan-con-el-triunfo-de-orrego-juntos-por-el-cambio-le-arrebato-la-gobernacion-al-pj\/","title":{"rendered":"Elecciones en San Juan: con el triunfo de Orrego, Juntos por el Cambio le arrebat\u00f3 la Gobernaci\u00f3n al PJ"},"content":{"rendered":"\n<p><strong><em>El candidato opositor Marcelo Orrego obtuvo un importante triunfo y tuvo el acompa\u00f1amiento de referentes como Horacio Rodr\u00edguez Larreta, Gerardo Morales, Mart\u00edn Lousteau y Miguel \u00c1ngel Pichetto, que llegaron a la provincia.<\/em><\/strong><\/p>\n\n\n\n<p>Juntos por el Cambio gan\u00f3 las elecciones en San Juan de la mano de su candidato a gobernador Marcelo Orrego y se qued\u00f3 con una provincia que el peronismo gobernaba desde hac\u00eda 20 a\u00f1os.<\/p>\n\n\n\n<p>Con el 98,89% de las mesas escrutadas, Unidos por San Juan (marca provincial de la alianza opositora) obten\u00eda el 49,35% de los votos y, dentro de esa interna, se impone con claridad el diputado nacional Marcelo Orrego, quien de esta manera se coron\u00f3 como futuro mandatario de la provincia cuyana.<\/p>\n\n\n\n<p>El ganador super\u00f3 holgadamente en su propia interna a Sergio Vallejos (hab\u00eda sido quien solicit\u00f3 ante la Corte la suspensi\u00f3n de las elecciones del 14 de mayo y la impugnaci\u00f3n de Sergio U\u00f1ac a la reelecci\u00f3n), Marcelo Arancibia (Juntos) y Eduardo C\u00e1ceres (San Juan al Futuro).<\/p>\n\n\n\n<p>San Juan por Todos (sello con el que compite el oficialismo peronista) sufri\u00f3 una dura derrota y el peronismo no logr\u00f3 estirar su dominio territorial: cosech\u00f3 el 44,26%. Puertas adentro, el candidato Jos\u00e9 Luis Gioja superaba a su contrincante Rub\u00e9n U\u00f1ac, quien ocup\u00f3 el lugar de su hermano y gobernador saliente, Sergio U\u00f1ac, luego de que la Corte Suprema cancelara sus aspiraciones.<\/p>\n\n\n\n<p>El Frente Desarrollo y Libertad, que tiene como referente nacional a Javier Milei, aparece muy rezagado y fuera de la pelea de acuerdo al conteo provisorio, con tan s\u00f3lo el 3,78% de los votos sumando a los tres candidatos con los que compet\u00eda (Agust\u00edn Ram\u00edrez, Paola Miers y Yolanda Ag\u00fcero).<\/p>\n\n\n\n<p>Por \u00faltimo, el Frente de Izquierda y de los Trabajadores Unidad obten\u00eda apenas el 0,79% con la candidatura a gobernador del docente Cristian Jurado.<\/p>\n\n\n\n<p>Poco antes de las 21, el gobernador saliente reconoci\u00f3 la derrota de su espacio desde la Casa de Gobierno: \u00abVengo a reconocer el triunfo de Juntos por el Cambio en la Provincia de San Juan. He tenido una comunicaci\u00f3n con Marcelo Orrego, lo felicit\u00e9 y qued\u00e9 a disposici\u00f3n de la transici\u00f3n, que deber\u00e1 arrancar cuando ellos consideren oportuno\u00bb.<\/p>\n\n\n\n<p>En conferencia de prensa, U\u00f1ac destac\u00f3 que los candidatos de su sector \u00abdieron todo, pero el pueblo se expresa y hay que reconocer esto\u00bb.<\/p>\n\n\n\n<p>El referente peronista afirm\u00f3 que dejar\u00e1 \u00abuna provincia en orden, con cuentas claras, en equilibrio\u00bb, al tiempo que tambi\u00e9n pidi\u00f3 que \u00ablas cosas que se han hecho bien se puedan consolidar con el nuevo Gobierno\u00bb.<\/p>\n\n\n\n<p>En ese sentido, se puso a disposici\u00f3n \u00abde que se pueda seguir construyendo por encima de las diferencias partidarias, porque por encima de todo est\u00e1 San Juan\u00bb. Y profundiz\u00f3: \u00abLo m\u00e1s importante es que los sanjuaninos vean que la clase dirigente puede pelear en una contienda electoral, pero una vez que est\u00e1n los resultados lo prioritario es la provincia de San Juan\u00bb.<\/p>\n\n\n\n<p>\u00abHay un proceso en la provincia de 20 a\u00f1os de peronismo que deberemos reconsiderarlo, restructurarlo y ver cu\u00e1les son los pr\u00f3ximos caminos que deberemos tomar\u00bb, remarc\u00f3.<\/p>\n\n\n\n<p>Entusiasmados con el resultado, referentes opositores como Horacio Rodr\u00edguez Larreta, Gerardo Morales, Mart\u00edn Lousteau, Jos\u00e9 Luis Espert, Maximiliano Ferraro y Miguel \u00c1ngel Pichetto se hicieron presentes en San Juan para acompa\u00f1ar a Orrego.<\/p>\n\n\n\n<p>Luego de que U\u00f1ac reconociera p\u00fablicamente la derrota, el gobernador electo celebr\u00f3 en su bunker y destac\u00f3: \u00abEste gobernador va a trabajar con todos, sin ninguna distinci\u00f3n de ideolog\u00eda pol\u00edtica\u00bb.<\/p>\n\n\n\n<p>\u00abVine a la pol\u00edtica a construir, trabajar, cumplir, hacer. La pelea entre pol\u00edticos no resuelve ni un solo problema de la gente\u00bb, agreg\u00f3 Orrego.<\/p>\n\n\n\n<p>Uno de los que aprovech\u00f3 el triunfo opositor fue el precandidato presidencial de Juntos por el Cambio Horacio Rodr\u00edguez Larreta, quien viaj\u00f3 a San Juan y se mostr\u00f3 exultante en el b\u00fanker del gobernador electo.<\/p>\n\n\n\n<p>\u00abEsta es una muestra m\u00e1s de la importancia de sumar. Trabajando juntos y sumando es como le vamos a ganar al kirchnerismo en la Argentina\u00bb, remarc\u00f3 el jefe de Gobierno porte\u00f1o.<\/p>\n\n\n\n<p>La participaci\u00f3n electoral fue de aproximadamente el 70% del padr\u00f3n de 579 mil ciudadanos habilitados para votar mediante el Sistema de Participaci\u00f3n Democr\u00e1tica (Sipad), similar a la Ley de Lemas, que surgi\u00f3 de la reforma electoral que elimin\u00f3 las Primarias, Abiertas, Simult\u00e1neas y Obligatorias (PASO).<\/p>\n\n\n\n<p>Luego del fallo de la Corte Suprema de Justicia que inhabilit\u00f3 de competir al actual mandatario provincial, Sergio U\u00f1ac, en las elecciones pautadas para el 14 de mayo pasado, se reprogramaron los comicios y el oficialismo eligi\u00f3 a Rub\u00e9n U\u00f1ac, hermano del gobernador y actual senador nacional.<\/p>\n","protected":false},"excerpt":{"rendered":"<p>El candidato opositor Marcelo Orrego obtuvo un importante triunfo y tuvo el acompa\u00f1amiento de referentes como Horacio Rodr\u00edguez Larreta, Gerardo Morales, Mart\u00edn Lousteau y Miguel \u00c1ngel Pichetto, que llegaron a la provincia. Juntos por el Cambio gan\u00f3 las elecciones en San Juan de la mano de su candidato a gobernador Marcelo Orrego y se qued\u00f3 [&hellip;]<\/p>\n","protected":false},"author":2,"featured_media":25963,"comment_status":"open","ping_status":"open","sticky":false,"template":"","format":"standard","meta":{"footnotes":""},"categories":[39],"tags":[],"class_list":["post-25962","post","type-post","status-publish","format-standard","has-post-thumbnail","hentry","category-nacionales"],"yoast_head":"<!-- This site is optimized with the Yoast SEO plugin v27.5 - https:\/\/yoast.com\/product\/yoast-seo-wordpress\/ -->\n<title>Elecciones en San Juan: con el triunfo de Orrego, Juntos por el Cambio le arrebat\u00f3 la Gobernaci\u00f3n al PJ | CVI NOTICIAS<\/title>\n<meta name=\"robots\" content=\"index, follow, max-snippet:-1, max-image-preview:large, max-video-preview:-1\" \/>\n<link rel=\"canonical\" href=\"https:\/\/cvinoticias.com\/v3\/elecciones-en-san-juan-con-el-triunfo-de-orrego-juntos-por-el-cambio-le-arrebato-la-gobernacion-al-pj\/\" \/>\n<meta property=\"og:locale\" content=\"es_ES\" \/>\n<meta property=\"og:type\" content=\"article\" \/>\n<meta property=\"og:title\" content=\"Elecciones en San Juan: con el triunfo de Orrego, Juntos por el Cambio le arrebat\u00f3 la Gobernaci\u00f3n al PJ | CVI NOTICIAS\" \/>\n<meta property=\"og:description\" content=\"El candidato opositor Marcelo Orrego obtuvo un importante triunfo y tuvo el acompa\u00f1amiento de referentes como Horacio Rodr\u00edguez Larreta, Gerardo Morales, Mart\u00edn Lousteau y Miguel \u00c1ngel Pichetto, que llegaron a la provincia. Juntos por el Cambio gan\u00f3 las elecciones en San Juan de la mano de su candidato a gobernador Marcelo Orrego y se qued\u00f3 [&hellip;]\" \/>\n<meta property=\"og:url\" content=\"https:\/\/cvinoticias.com\/v3\/elecciones-en-san-juan-con-el-triunfo-de-orrego-juntos-por-el-cambio-le-arrebato-la-gobernacion-al-pj\/\" \/>\n<meta property=\"og:site_name\" content=\"CVI NOTICIAS\" \/>\n<meta property=\"article:publisher\" content=\"https:\/\/www.facebook.com\/cvinoticias\" \/>\n<meta property=\"article:published_time\" content=\"2023-07-03T02:26:44+00:00\" \/>\n<meta property=\"og:image\" content=\"https:\/\/cvinoticias.com\/wp-content\/uploads\/2023\/07\/cb8c4006adbbc9bfceaba8a8a5e15418_M.jpg\" \/>\n\t<meta property=\"og:image:width\" content=\"768\" \/>\n\t<meta property=\"og:image:height\" content=\"512\" \/>\n\t<meta property=\"og:image:type\" content=\"image\/jpeg\" \/>\n<meta name=\"author\" content=\"f1000024\" \/>\n<meta name=\"twitter:card\" content=\"summary_large_image\" \/>\n<meta name=\"twitter:label1\" content=\"Escrito por\" \/>\n\t<meta name=\"twitter:data1\" content=\"f1000024\" \/>\n\t<meta name=\"twitter:label2\" content=\"Tiempo de lectura\" \/>\n\t<meta name=\"twitter:data2\" content=\"4 minutos\" \/>\n<script type=\"application\/ld+json\" class=\"yoast-schema-graph\">{\"@context\":\"https:\\\/\\\/schema.org\",\"@graph\":[{\"@type\":\"Article\",\"@id\":\"https:\\\/\\\/cvinoticias.com\\\/v3\\\/elecciones-en-san-juan-con-el-triunfo-de-orrego-juntos-por-el-cambio-le-arrebato-la-gobernacion-al-pj\\\/#article\",\"isPartOf\":{\"@id\":\"https:\\\/\\\/cvinoticias.com\\\/v3\\\/elecciones-en-san-juan-con-el-triunfo-de-orrego-juntos-por-el-cambio-le-arrebato-la-gobernacion-al-pj\\\/\"},\"author\":{\"name\":\"f1000024\",\"@id\":\"https:\\\/\\\/cvinoticias.com\\\/v3\\\/#\\\/schema\\\/person\\\/2db77e3c6bc03c538495d7b2b8be9b66\"},\"headline\":\"Elecciones en San Juan: con el triunfo de Orrego, Juntos por el Cambio le arrebat\u00f3 la Gobernaci\u00f3n al PJ\",\"datePublished\":\"2023-07-03T02:26:44+00:00\",\"mainEntityOfPage\":{\"@id\":\"https:\\\/\\\/cvinoticias.com\\\/v3\\\/elecciones-en-san-juan-con-el-triunfo-de-orrego-juntos-por-el-cambio-le-arrebato-la-gobernacion-al-pj\\\/\"},\"wordCount\":810,\"commentCount\":0,\"publisher\":{\"@id\":\"https:\\\/\\\/cvinoticias.com\\\/v3\\\/#organization\"},\"image\":{\"@id\":\"https:\\\/\\\/cvinoticias.com\\\/v3\\\/elecciones-en-san-juan-con-el-triunfo-de-orrego-juntos-por-el-cambio-le-arrebato-la-gobernacion-al-pj\\\/#primaryimage\"},\"thumbnailUrl\":\"https:\\\/\\\/cvinoticias.com\\\/wp-content\\\/uploads\\\/2023\\\/07\\\/cb8c4006adbbc9bfceaba8a8a5e15418_M.jpg\",\"articleSection\":[\"Nacionales\"],\"inLanguage\":\"es\",\"potentialAction\":[{\"@type\":\"CommentAction\",\"name\":\"Comment\",\"target\":[\"https:\\\/\\\/cvinoticias.com\\\/v3\\\/elecciones-en-san-juan-con-el-triunfo-de-orrego-juntos-por-el-cambio-le-arrebato-la-gobernacion-al-pj\\\/#respond\"]}]},{\"@type\":\"WebPage\",\"@id\":\"https:\\\/\\\/cvinoticias.com\\\/v3\\\/elecciones-en-san-juan-con-el-triunfo-de-orrego-juntos-por-el-cambio-le-arrebato-la-gobernacion-al-pj\\\/\",\"url\":\"https:\\\/\\\/cvinoticias.com\\\/v3\\\/elecciones-en-san-juan-con-el-triunfo-de-orrego-juntos-por-el-cambio-le-arrebato-la-gobernacion-al-pj\\\/\",\"name\":\"Elecciones en San Juan: con el triunfo de Orrego, Juntos por el Cambio le arrebat\u00f3 la Gobernaci\u00f3n al PJ | CVI NOTICIAS\",\"isPartOf\":{\"@id\":\"https:\\\/\\\/cvinoticias.com\\\/v3\\\/#website\"},\"primaryImageOfPage\":{\"@id\":\"https:\\\/\\\/cvinoticias.com\\\/v3\\\/elecciones-en-san-juan-con-el-triunfo-de-orrego-juntos-por-el-cambio-le-arrebato-la-gobernacion-al-pj\\\/#primaryimage\"},\"image\":{\"@id\":\"https:\\\/\\\/cvinoticias.com\\\/v3\\\/elecciones-en-san-juan-con-el-triunfo-de-orrego-juntos-por-el-cambio-le-arrebato-la-gobernacion-al-pj\\\/#primaryimage\"},\"thumbnailUrl\":\"https:\\\/\\\/cvinoticias.com\\\/wp-content\\\/uploads\\\/2023\\\/07\\\/cb8c4006adbbc9bfceaba8a8a5e15418_M.jpg\",\"datePublished\":\"2023-07-03T02:26:44+00:00\",\"breadcrumb\":{\"@id\":\"https:\\\/\\\/cvinoticias.com\\\/v3\\\/elecciones-en-san-juan-con-el-triunfo-de-orrego-juntos-por-el-cambio-le-arrebato-la-gobernacion-al-pj\\\/#breadcrumb\"},\"inLanguage\":\"es\",\"potentialAction\":[{\"@type\":\"ReadAction\",\"target\":[\"https:\\\/\\\/cvinoticias.com\\\/v3\\\/elecciones-en-san-juan-con-el-triunfo-de-orrego-juntos-por-el-cambio-le-arrebato-la-gobernacion-al-pj\\\/\"]}]},{\"@type\":\"ImageObject\",\"inLanguage\":\"es\",\"@id\":\"https:\\\/\\\/cvinoticias.com\\\/v3\\\/elecciones-en-san-juan-con-el-triunfo-de-orrego-juntos-por-el-cambio-le-arrebato-la-gobernacion-al-pj\\\/#primaryimage\",\"url\":\"https:\\\/\\\/cvinoticias.com\\\/wp-content\\\/uploads\\\/2023\\\/07\\\/cb8c4006adbbc9bfceaba8a8a5e15418_M.jpg\",\"contentUrl\":\"https:\\\/\\\/cvinoticias.com\\\/wp-content\\\/uploads\\\/2023\\\/07\\\/cb8c4006adbbc9bfceaba8a8a5e15418_M.jpg\",\"width\":768,\"height\":512},{\"@type\":\"BreadcrumbList\",\"@id\":\"https:\\\/\\\/cvinoticias.com\\\/v3\\\/elecciones-en-san-juan-con-el-triunfo-de-orrego-juntos-por-el-cambio-le-arrebato-la-gobernacion-al-pj\\\/#breadcrumb\",\"itemListElement\":[{\"@type\":\"ListItem\",\"position\":1,\"name\":\"Portada\",\"item\":\"https:\\\/\\\/cvinoticias.com\\\/v3\\\/\"},{\"@type\":\"ListItem\",\"position\":2,\"name\":\"Elecciones en San Juan: con el triunfo de Orrego, Juntos por el Cambio le arrebat\u00f3 la Gobernaci\u00f3n al PJ\"}]},{\"@type\":\"WebSite\",\"@id\":\"https:\\\/\\\/cvinoticias.com\\\/v3\\\/#website\",\"url\":\"https:\\\/\\\/cvinoticias.com\\\/v3\\\/\",\"name\":\"CVI NOTICIAS\",\"description\":\"\",\"publisher\":{\"@id\":\"https:\\\/\\\/cvinoticias.com\\\/v3\\\/#organization\"},\"alternateName\":\"CVI\",\"potentialAction\":[{\"@type\":\"SearchAction\",\"target\":{\"@type\":\"EntryPoint\",\"urlTemplate\":\"https:\\\/\\\/cvinoticias.com\\\/v3\\\/?s={search_term_string}\"},\"query-input\":{\"@type\":\"PropertyValueSpecification\",\"valueRequired\":true,\"valueName\":\"search_term_string\"}}],\"inLanguage\":\"es\"},{\"@type\":\"Organization\",\"@id\":\"https:\\\/\\\/cvinoticias.com\\\/v3\\\/#organization\",\"name\":\"CVI NOTICIAS\",\"url\":\"https:\\\/\\\/cvinoticias.com\\\/v3\\\/\",\"logo\":{\"@type\":\"ImageObject\",\"inLanguage\":\"es\",\"@id\":\"https:\\\/\\\/cvinoticias.com\\\/v3\\\/#\\\/schema\\\/logo\\\/image\\\/\",\"url\":\"https:\\\/\\\/cvinoticias.com\\\/wp-content\\\/uploads\\\/2023\\\/04\\\/cropped-cropped-cropped-cropped-cropped-3-1.png\",\"contentUrl\":\"https:\\\/\\\/cvinoticias.com\\\/wp-content\\\/uploads\\\/2023\\\/04\\\/cropped-cropped-cropped-cropped-cropped-3-1.png\",\"width\":95,\"height\":122,\"caption\":\"CVI NOTICIAS\"},\"image\":{\"@id\":\"https:\\\/\\\/cvinoticias.com\\\/v3\\\/#\\\/schema\\\/logo\\\/image\\\/\"},\"sameAs\":[\"https:\\\/\\\/www.facebook.com\\\/cvinoticias\",\"https:\\\/\\\/www.instagram.com\\\/cvinoticias\\\/\",\"https:\\\/\\\/www.youtube.com\\\/@CVINOTICIAS\"]},{\"@type\":\"Person\",\"@id\":\"https:\\\/\\\/cvinoticias.com\\\/v3\\\/#\\\/schema\\\/person\\\/2db77e3c6bc03c538495d7b2b8be9b66\",\"name\":\"f1000024\",\"image\":{\"@type\":\"ImageObject\",\"inLanguage\":\"es\",\"@id\":\"https:\\\/\\\/secure.gravatar.com\\\/avatar\\\/d4fe7459cfc51ff5129ce1a732bbef5928568b8092d412ef95611616376bbeed?s=96&d=mm&r=g\",\"url\":\"https:\\\/\\\/secure.gravatar.com\\\/avatar\\\/d4fe7459cfc51ff5129ce1a732bbef5928568b8092d412ef95611616376bbeed?s=96&d=mm&r=g\",\"contentUrl\":\"https:\\\/\\\/secure.gravatar.com\\\/avatar\\\/d4fe7459cfc51ff5129ce1a732bbef5928568b8092d412ef95611616376bbeed?s=96&d=mm&r=g\",\"caption\":\"f1000024\"},\"url\":\"https:\\\/\\\/cvinoticias.com\\\/v3\\\/author\\\/f1000024\\\/\"}]}<\/script>\n<!-- \/ Yoast SEO plugin. -->","yoast_head_json":{"title":"Elecciones en San Juan: con el triunfo de Orrego, Juntos por el Cambio le arrebat\u00f3 la Gobernaci\u00f3n al PJ | CVI NOTICIAS","robots":{"index":"index","follow":"follow","max-snippet":"max-snippet:-1","max-image-preview":"max-image-preview:large","max-video-preview":"max-video-preview:-1"},"canonical":"https:\/\/cvinoticias.com\/v3\/elecciones-en-san-juan-con-el-triunfo-de-orrego-juntos-por-el-cambio-le-arrebato-la-gobernacion-al-pj\/","og_locale":"es_ES","og_type":"article","og_title":"Elecciones en San Juan: con el triunfo de Orrego, Juntos por el Cambio le arrebat\u00f3 la Gobernaci\u00f3n al PJ | CVI NOTICIAS","og_description":"El candidato opositor Marcelo Orrego obtuvo un importante triunfo y tuvo el acompa\u00f1amiento de referentes como Horacio Rodr\u00edguez Larreta, Gerardo Morales, Mart\u00edn Lousteau y Miguel \u00c1ngel Pichetto, que llegaron a la provincia. Juntos por el Cambio gan\u00f3 las elecciones en San Juan de la mano de su candidato a gobernador Marcelo Orrego y se qued\u00f3 [&hellip;]","og_url":"https:\/\/cvinoticias.com\/v3\/elecciones-en-san-juan-con-el-triunfo-de-orrego-juntos-por-el-cambio-le-arrebato-la-gobernacion-al-pj\/","og_site_name":"CVI NOTICIAS","article_publisher":"https:\/\/www.facebook.com\/cvinoticias","article_published_time":"2023-07-03T02:26:44+00:00","og_image":[{"width":768,"height":512,"url":"https:\/\/cvinoticias.com\/wp-content\/uploads\/2023\/07\/cb8c4006adbbc9bfceaba8a8a5e15418_M.jpg","type":"image\/jpeg"}],"author":"f1000024","twitter_card":"summary_large_image","twitter_misc":{"Escrito por":"f1000024","Tiempo de lectura":"4 minutos"},"schema":{"@context":"https:\/\/schema.org","@graph":[{"@type":"Article","@id":"https:\/\/cvinoticias.com\/v3\/elecciones-en-san-juan-con-el-triunfo-de-orrego-juntos-por-el-cambio-le-arrebato-la-gobernacion-al-pj\/#article","isPartOf":{"@id":"https:\/\/cvinoticias.com\/v3\/elecciones-en-san-juan-con-el-triunfo-de-orrego-juntos-por-el-cambio-le-arrebato-la-gobernacion-al-pj\/"},"author":{"name":"f1000024","@id":"https:\/\/cvinoticias.com\/v3\/#\/schema\/person\/2db77e3c6bc03c538495d7b2b8be9b66"},"headline":"Elecciones en San Juan: con el triunfo de Orrego, Juntos por el Cambio le arrebat\u00f3 la Gobernaci\u00f3n al PJ","datePublished":"2023-07-03T02:26:44+00:00","mainEntityOfPage":{"@id":"https:\/\/cvinoticias.com\/v3\/elecciones-en-san-juan-con-el-triunfo-de-orrego-juntos-por-el-cambio-le-arrebato-la-gobernacion-al-pj\/"},"wordCount":810,"commentCount":0,"publisher":{"@id":"https:\/\/cvinoticias.com\/v3\/#organization"},"image":{"@id":"https:\/\/cvinoticias.com\/v3\/elecciones-en-san-juan-con-el-triunfo-de-orrego-juntos-por-el-cambio-le-arrebato-la-gobernacion-al-pj\/#primaryimage"},"thumbnailUrl":"https:\/\/cvinoticias.com\/wp-content\/uploads\/2023\/07\/cb8c4006adbbc9bfceaba8a8a5e15418_M.jpg","articleSection":["Nacionales"],"inLanguage":"es","potentialAction":[{"@type":"CommentAction","name":"Comment","target":["https:\/\/cvinoticias.com\/v3\/elecciones-en-san-juan-con-el-triunfo-de-orrego-juntos-por-el-cambio-le-arrebato-la-gobernacion-al-pj\/#respond"]}]},{"@type":"WebPage","@id":"https:\/\/cvinoticias.com\/v3\/elecciones-en-san-juan-con-el-triunfo-de-orrego-juntos-por-el-cambio-le-arrebato-la-gobernacion-al-pj\/","url":"https:\/\/cvinoticias.com\/v3\/elecciones-en-san-juan-con-el-triunfo-de-orrego-juntos-por-el-cambio-le-arrebato-la-gobernacion-al-pj\/","name":"Elecciones en San Juan: con el triunfo de Orrego, Juntos por el Cambio le arrebat\u00f3 la Gobernaci\u00f3n al PJ | CVI NOTICIAS","isPartOf":{"@id":"https:\/\/cvinoticias.com\/v3\/#website"},"primaryImageOfPage":{"@id":"https:\/\/cvinoticias.com\/v3\/elecciones-en-san-juan-con-el-triunfo-de-orrego-juntos-por-el-cambio-le-arrebato-la-gobernacion-al-pj\/#primaryimage"},"image":{"@id":"https:\/\/cvinoticias.com\/v3\/elecciones-en-san-juan-con-el-triunfo-de-orrego-juntos-por-el-cambio-le-arrebato-la-gobernacion-al-pj\/#primaryimage"},"thumbnailUrl":"https:\/\/cvinoticias.com\/wp-content\/uploads\/2023\/07\/cb8c4006adbbc9bfceaba8a8a5e15418_M.jpg","datePublished":"2023-07-03T02:26:44+00:00","breadcrumb":{"@id":"https:\/\/cvinoticias.com\/v3\/elecciones-en-san-juan-con-el-triunfo-de-orrego-juntos-por-el-cambio-le-arrebato-la-gobernacion-al-pj\/#breadcrumb"},"inLanguage":"es","potentialAction":[{"@type":"ReadAction","target":["https:\/\/cvinoticias.com\/v3\/elecciones-en-san-juan-con-el-triunfo-de-orrego-juntos-por-el-cambio-le-arrebato-la-gobernacion-al-pj\/"]}]},{"@type":"ImageObject","inLanguage":"es","@id":"https:\/\/cvinoticias.com\/v3\/elecciones-en-san-juan-con-el-triunfo-de-orrego-juntos-por-el-cambio-le-arrebato-la-gobernacion-al-pj\/#primaryimage","url":"https:\/\/cvinoticias.com\/wp-content\/uploads\/2023\/07\/cb8c4006adbbc9bfceaba8a8a5e15418_M.jpg","contentUrl":"https:\/\/cvinoticias.com\/wp-content\/uploads\/2023\/07\/cb8c4006adbbc9bfceaba8a8a5e15418_M.jpg","width":768,"height":512},{"@type":"BreadcrumbList","@id":"https:\/\/cvinoticias.com\/v3\/elecciones-en-san-juan-con-el-triunfo-de-orrego-juntos-por-el-cambio-le-arrebato-la-gobernacion-al-pj\/#breadcrumb","itemListElement":[{"@type":"ListItem","position":1,"name":"Portada","item":"https:\/\/cvinoticias.com\/v3\/"},{"@type":"ListItem","position":2,"name":"Elecciones en San Juan: con el triunfo de Orrego, Juntos por el Cambio le arrebat\u00f3 la Gobernaci\u00f3n al PJ"}]},{"@type":"WebSite","@id":"https:\/\/cvinoticias.com\/v3\/#website","url":"https:\/\/cvinoticias.com\/v3\/","name":"CVI NOTICIAS","description":"","publisher":{"@id":"https:\/\/cvinoticias.com\/v3\/#organization"},"alternateName":"CVI","potentialAction":[{"@type":"SearchAction","target":{"@type":"EntryPoint","urlTemplate":"https:\/\/cvinoticias.com\/v3\/?s={search_term_string}"},"query-input":{"@type":"PropertyValueSpecification","valueRequired":true,"valueName":"search_term_string"}}],"inLanguage":"es"},{"@type":"Organization","@id":"https:\/\/cvinoticias.com\/v3\/#organization","name":"CVI NOTICIAS","url":"https:\/\/cvinoticias.com\/v3\/","logo":{"@type":"ImageObject","inLanguage":"es","@id":"https:\/\/cvinoticias.com\/v3\/#\/schema\/logo\/image\/","url":"https:\/\/cvinoticias.com\/wp-content\/uploads\/2023\/04\/cropped-cropped-cropped-cropped-cropped-3-1.png","contentUrl":"https:\/\/cvinoticias.com\/wp-content\/uploads\/2023\/04\/cropped-cropped-cropped-cropped-cropped-3-1.png","width":95,"height":122,"caption":"CVI NOTICIAS"},"image":{"@id":"https:\/\/cvinoticias.com\/v3\/#\/schema\/logo\/image\/"},"sameAs":["https:\/\/www.facebook.com\/cvinoticias","https:\/\/www.instagram.com\/cvinoticias\/","https:\/\/www.youtube.com\/@CVINOTICIAS"]},{"@type":"Person","@id":"https:\/\/cvinoticias.com\/v3\/#\/schema\/person\/2db77e3c6bc03c538495d7b2b8be9b66","name":"f1000024","image":{"@type":"ImageObject","inLanguage":"es","@id":"https:\/\/secure.gravatar.com\/avatar\/d4fe7459cfc51ff5129ce1a732bbef5928568b8092d412ef95611616376bbeed?s=96&d=mm&r=g","url":"https:\/\/secure.gravatar.com\/avatar\/d4fe7459cfc51ff5129ce1a732bbef5928568b8092d412ef95611616376bbeed?s=96&d=mm&r=g","contentUrl":"https:\/\/secure.gravatar.com\/avatar\/d4fe7459cfc51ff5129ce1a732bbef5928568b8092d412ef95611616376bbeed?s=96&d=mm&r=g","caption":"f1000024"},"url":"https:\/\/cvinoticias.com\/v3\/author\/f1000024\/"}]}},"_links":{"self":[{"href":"https:\/\/cvinoticias.com\/v3\/wp-json\/wp\/v2\/posts\/25962","targetHints":{"allow":["GET"]}}],"collection":[{"href":"https:\/\/cvinoticias.com\/v3\/wp-json\/wp\/v2\/posts"}],"about":[{"href":"https:\/\/cvinoticias.com\/v3\/wp-json\/wp\/v2\/types\/post"}],"author":[{"embeddable":true,"href":"https:\/\/cvinoticias.com\/v3\/wp-json\/wp\/v2\/users\/2"}],"replies":[{"embeddable":true,"href":"https:\/\/cvinoticias.com\/v3\/wp-json\/wp\/v2\/comments?post=25962"}],"version-history":[{"count":1,"href":"https:\/\/cvinoticias.com\/v3\/wp-json\/wp\/v2\/posts\/25962\/revisions"}],"predecessor-version":[{"id":25964,"href":"https:\/\/cvinoticias.com\/v3\/wp-json\/wp\/v2\/posts\/25962\/revisions\/25964"}],"wp:featuredmedia":[{"embeddable":true,"href":"https:\/\/cvinoticias.com\/v3\/wp-json\/wp\/v2\/media\/25963"}],"wp:attachment":[{"href":"https:\/\/cvinoticias.com\/v3\/wp-json\/wp\/v2\/media?parent=25962"}],"wp:term":[{"taxonomy":"category","embeddable":true,"href":"https:\/\/cvinoticias.com\/v3\/wp-json\/wp\/v2\/categories?post=25962"},{"taxonomy":"post_tag","embeddable":true,"href":"https:\/\/cvinoticias.com\/v3\/wp-json\/wp\/v2\/tags?post=25962"}],"curies":[{"name":"wp","href":"https:\/\/api.w.org\/{rel}","templated":true}]}}