{"id":25949,"date":"2023-07-02T21:03:35","date_gmt":"2023-07-02T21:03:35","guid":{"rendered":"https:\/\/cvinoticias.com\/v3\/?p=25949"},"modified":"2023-07-02T21:16:19","modified_gmt":"2023-07-02T21:16:19","slug":"marcha-a-un-mes-de-la-desaparicion-de-cecilia-tineron-de-rosa-el-puente-que-une-chaco-y-corrientes","status":"publish","type":"post","link":"https:\/\/cvinoticias.com\/v3\/marcha-a-un-mes-de-la-desaparicion-de-cecilia-tineron-de-rosa-el-puente-que-une-chaco-y-corrientes\/","title":{"rendered":"Marcha a un mes de la desaparici\u00f3n de Cecilia: ti\u00f1eron de rosa el puente que une Chaco y Corrientes"},"content":{"rendered":"\n<p><strong><em>La movilizaci\u00f3n fue encabezada por su madre, Gloria Romero. Estuvieron presentes vecinos, familiares y amigos.<\/em><\/strong><\/p>\n\n\n\n<p>Familiares, amigos y vecinos de Cecilia Strzyzowski realizaron este domingo una nueva marcha para exigir justicia y recordar a la joven de 28 a\u00f1os que desapareci\u00f3 en Chaco el 2 de junio pasado.<\/p>\n\n\n\n<p>La movilizaci\u00f3n ti\u00f1\u00f3 de rosa el puente que une Chaco con Corrientes y fue encabezada por la madre de la v\u00edctima, Gloria Romero.<\/p>\n\n\n\n<figure class=\"wp-block-image size-full\"><a href=\"https:\/\/cvinoticias.com\/wp-content\/uploads\/2023\/07\/IMG_20230702_180515_238.webp\"><img decoding=\"async\" width=\"720\" height=\"480\" data-src=\"https:\/\/cvinoticias.com\/wp-content\/uploads\/2023\/07\/IMG_20230702_180515_238.webp\" alt=\"\" class=\"wp-image-25959 lazyload\" src=\"data:image\/svg+xml;base64,PHN2ZyB3aWR0aD0iMSIgaGVpZ2h0PSIxIiB4bWxucz0iaHR0cDovL3d3dy53My5vcmcvMjAwMC9zdmciPjwvc3ZnPg==\" style=\"--smush-placeholder-width: 720px; --smush-placeholder-aspect-ratio: 720\/480;\" \/><\/a><\/figure>\n\n\n\n<p>\u201cYo lloro cuando estoy sola\u201d, expres\u00f3 la mam\u00e1 cuando termin\u00f3 el acto. Luego aclar\u00f3 que no quiere \u201chacer pol\u00edtica\u201d.<\/p>\n\n\n\n<p>\u201cDicen que soy fr\u00eda porque no lloro. No lloro porque tengo bronca. Lloro en privado, no voy a mostrarle mi llanto al hijo de pu.. que mat\u00f3 a mi hija que seguramente est\u00e1 mir\u00e1ndome por televisi\u00f3n\u201d, apunt\u00f3.<\/p>\n\n\n\n<p>Una multitud de personas se autoconvocaron en el puente General Manuel Belgrano, un viaducto ubicado sobre la Ruta Nacional 16, que conecta las ciudades de Resistencia, en Chaco, y Corrientes.<\/p>\n\n\n\n<p>Con la consigna \u201cLazos por Cecilia\u201d, los presentes llevaron cintas, globos y pa\u00f1uelos de color rosa, que fueron colocados en las barandas del puente \u201cen s\u00edmbolo de la uni\u00f3n de las dos provincias en la b\u00fasqueda de verdad y la justicia\u201d.<\/p>\n\n\n\n<figure class=\"wp-block-image size-full\"><a href=\"https:\/\/cvinoticias.com\/wp-content\/uploads\/2023\/07\/SuXPNs4eK_720x0__1.jpg\"><img decoding=\"async\" width=\"720\" height=\"480\" data-src=\"https:\/\/cvinoticias.com\/wp-content\/uploads\/2023\/07\/SuXPNs4eK_720x0__1.jpg\" alt=\"\" class=\"wp-image-25950 lazyload\" data-srcset=\"https:\/\/cvinoticias.com\/wp-content\/uploads\/2023\/07\/SuXPNs4eK_720x0__1.jpg 720w, https:\/\/cvinoticias.com\/wp-content\/uploads\/2023\/07\/SuXPNs4eK_720x0__1-300x200.jpg 300w\" data-sizes=\"(max-width: 720px) 100vw, 720px\" src=\"data:image\/svg+xml;base64,PHN2ZyB3aWR0aD0iMSIgaGVpZ2h0PSIxIiB4bWxucz0iaHR0cDovL3d3dy53My5vcmcvMjAwMC9zdmciPjwvc3ZnPg==\" style=\"--smush-placeholder-width: 720px; --smush-placeholder-aspect-ratio: 720\/480;\" \/><\/a><\/figure>\n\n\n\n<p>En el lugar, Gloria dej\u00f3 en claro que no quer\u00eda que cortaran el puente \u201cporque puede haber una ambulancia que est\u00e1 queriendo pasar y se va a entorpecer el tr\u00e1nsito, porque se puede producir un accidentes, porque es el horario que circula mucha gente\u201d.<\/p>\n\n\n\n<p>\u201cYo no voy a ser piquetera\u201d, remarc\u00f3 y se\u00f1al\u00f3 \u201cvamos a ser prolijos y ordenados\u201d.<\/p>\n\n\n\n<p><strong>Presentan un recurso contra las preventivas de Emerenciano Sena y Marcela Acu\u00f1a<\/strong><\/p>\n\n\n\n<p><br>La defensa de Emerenciano Sena y Marcela Acu\u00f1a present\u00f3 en las \u00faltimas horas el recurso de oposici\u00f3n a la prisi\u00f3n preventiva para ambos.<\/p>\n\n\n\n<p>La decisi\u00f3n hab\u00eda sido tomada por el Equipo Fiscal Especial (EFE) que est\u00e1 a cargo de investigar el femicidio de Cecilia.<\/p>\n\n\n\n<p>En Chaco, la prisi\u00f3n preventiva es una medida que dispone el fiscal, sin la autorizaci\u00f3n del juez. Ante esto, los abogados defensores pueden oponerse a ello a trav\u00e9s de la C\u00e1mara de Apelaciones.<\/p>\n\n\n\n<p>Emerenciano Sena, de 59 a\u00f1os, y Marcela Acu\u00f1a, de 51, est\u00e1n imputados de \u00abhomicidio agravado por el concurso de dos o m\u00e1s personas\u00bb.<\/p>\n\n\n\n<figure class=\"wp-block-image size-full\"><a href=\"https:\/\/cvinoticias.com\/wp-content\/uploads\/2023\/07\/9a64d0e300b9c36404801141af99ad83_M.jpg\"><img decoding=\"async\" width=\"768\" height=\"431\" data-src=\"https:\/\/cvinoticias.com\/wp-content\/uploads\/2023\/07\/9a64d0e300b9c36404801141af99ad83_M.jpg\" alt=\"\" class=\"wp-image-25951 lazyload\" data-srcset=\"https:\/\/cvinoticias.com\/wp-content\/uploads\/2023\/07\/9a64d0e300b9c36404801141af99ad83_M.jpg 768w, https:\/\/cvinoticias.com\/wp-content\/uploads\/2023\/07\/9a64d0e300b9c36404801141af99ad83_M-300x168.jpg 300w\" data-sizes=\"(max-width: 768px) 100vw, 768px\" src=\"data:image\/svg+xml;base64,PHN2ZyB3aWR0aD0iMSIgaGVpZ2h0PSIxIiB4bWxucz0iaHR0cDovL3d3dy53My5vcmcvMjAwMC9zdmciPjwvc3ZnPg==\" style=\"--smush-placeholder-width: 768px; --smush-placeholder-aspect-ratio: 768\/431;\" \/><\/a><\/figure>\n","protected":false},"excerpt":{"rendered":"<p>La movilizaci\u00f3n fue encabezada por su madre, Gloria Romero. Estuvieron presentes vecinos, familiares y amigos. Familiares, amigos y vecinos de Cecilia Strzyzowski realizaron este domingo una nueva marcha para exigir justicia y recordar a la joven de 28 a\u00f1os que desapareci\u00f3 en Chaco el 2 de junio pasado. La movilizaci\u00f3n ti\u00f1\u00f3 de rosa el puente [&hellip;]<\/p>\n","protected":false},"author":2,"featured_media":25957,"comment_status":"open","ping_status":"open","sticky":false,"template":"","format":"standard","meta":{"footnotes":""},"categories":[433],"tags":[],"class_list":["post-25949","post","type-post","status-publish","format-standard","has-post-thumbnail","hentry","category-femicidio"],"yoast_head":"<!-- This site is optimized with the Yoast SEO plugin v27.5 - https:\/\/yoast.com\/product\/yoast-seo-wordpress\/ -->\n<title>Marcha a un mes de la desaparici\u00f3n de Cecilia: ti\u00f1eron de rosa el puente que une Chaco y Corrientes | CVI NOTICIAS<\/title>\n<meta name=\"robots\" content=\"index, follow, max-snippet:-1, max-image-preview:large, max-video-preview:-1\" \/>\n<link rel=\"canonical\" href=\"https:\/\/cvinoticias.com\/v3\/marcha-a-un-mes-de-la-desaparicion-de-cecilia-tineron-de-rosa-el-puente-que-une-chaco-y-corrientes\/\" \/>\n<meta property=\"og:locale\" content=\"es_ES\" \/>\n<meta property=\"og:type\" content=\"article\" \/>\n<meta property=\"og:title\" content=\"Marcha a un mes de la desaparici\u00f3n de Cecilia: ti\u00f1eron de rosa el puente que une Chaco y Corrientes | CVI NOTICIAS\" \/>\n<meta property=\"og:description\" content=\"La movilizaci\u00f3n fue encabezada por su madre, Gloria Romero. Estuvieron presentes vecinos, familiares y amigos. Familiares, amigos y vecinos de Cecilia Strzyzowski realizaron este domingo una nueva marcha para exigir justicia y recordar a la joven de 28 a\u00f1os que desapareci\u00f3 en Chaco el 2 de junio pasado. La movilizaci\u00f3n ti\u00f1\u00f3 de rosa el puente [&hellip;]\" \/>\n<meta property=\"og:url\" content=\"https:\/\/cvinoticias.com\/v3\/marcha-a-un-mes-de-la-desaparicion-de-cecilia-tineron-de-rosa-el-puente-que-une-chaco-y-corrientes\/\" \/>\n<meta property=\"og:site_name\" content=\"CVI NOTICIAS\" \/>\n<meta property=\"article:publisher\" content=\"https:\/\/www.facebook.com\/cvinoticias\" \/>\n<meta property=\"article:published_time\" content=\"2023-07-02T21:03:35+00:00\" \/>\n<meta property=\"article:modified_time\" content=\"2023-07-02T21:16:19+00:00\" \/>\n<meta property=\"og:image\" content=\"https:\/\/cvinoticias.com\/wp-content\/uploads\/2023\/07\/MarchaCristina-Puente02Jul2023.jpg\" \/>\n\t<meta property=\"og:image:width\" content=\"800\" \/>\n\t<meta property=\"og:image:height\" content=\"552\" \/>\n\t<meta property=\"og:image:type\" content=\"image\/jpeg\" \/>\n<meta name=\"author\" content=\"f1000024\" \/>\n<meta name=\"twitter:card\" content=\"summary_large_image\" \/>\n<meta name=\"twitter:label1\" content=\"Escrito por\" \/>\n\t<meta name=\"twitter:data1\" content=\"f1000024\" \/>\n\t<meta name=\"twitter:label2\" content=\"Tiempo de lectura\" \/>\n\t<meta name=\"twitter:data2\" content=\"2 minutos\" \/>\n<script type=\"application\/ld+json\" class=\"yoast-schema-graph\">{\"@context\":\"https:\\\/\\\/schema.org\",\"@graph\":[{\"@type\":\"Article\",\"@id\":\"https:\\\/\\\/cvinoticias.com\\\/v3\\\/marcha-a-un-mes-de-la-desaparicion-de-cecilia-tineron-de-rosa-el-puente-que-une-chaco-y-corrientes\\\/#article\",\"isPartOf\":{\"@id\":\"https:\\\/\\\/cvinoticias.com\\\/v3\\\/marcha-a-un-mes-de-la-desaparicion-de-cecilia-tineron-de-rosa-el-puente-que-une-chaco-y-corrientes\\\/\"},\"author\":{\"name\":\"f1000024\",\"@id\":\"https:\\\/\\\/cvinoticias.com\\\/v3\\\/#\\\/schema\\\/person\\\/2db77e3c6bc03c538495d7b2b8be9b66\"},\"headline\":\"Marcha a un mes de la desaparici\u00f3n de Cecilia: ti\u00f1eron de rosa el puente que une Chaco y Corrientes\",\"datePublished\":\"2023-07-02T21:03:35+00:00\",\"dateModified\":\"2023-07-02T21:16:19+00:00\",\"mainEntityOfPage\":{\"@id\":\"https:\\\/\\\/cvinoticias.com\\\/v3\\\/marcha-a-un-mes-de-la-desaparicion-de-cecilia-tineron-de-rosa-el-puente-que-une-chaco-y-corrientes\\\/\"},\"wordCount\":414,\"commentCount\":0,\"publisher\":{\"@id\":\"https:\\\/\\\/cvinoticias.com\\\/v3\\\/#organization\"},\"image\":{\"@id\":\"https:\\\/\\\/cvinoticias.com\\\/v3\\\/marcha-a-un-mes-de-la-desaparicion-de-cecilia-tineron-de-rosa-el-puente-que-une-chaco-y-corrientes\\\/#primaryimage\"},\"thumbnailUrl\":\"https:\\\/\\\/cvinoticias.com\\\/wp-content\\\/uploads\\\/2023\\\/07\\\/MarchaCristina-Puente02Jul2023.jpg\",\"articleSection\":[\"Femicidio\"],\"inLanguage\":\"es\",\"potentialAction\":[{\"@type\":\"CommentAction\",\"name\":\"Comment\",\"target\":[\"https:\\\/\\\/cvinoticias.com\\\/v3\\\/marcha-a-un-mes-de-la-desaparicion-de-cecilia-tineron-de-rosa-el-puente-que-une-chaco-y-corrientes\\\/#respond\"]}]},{\"@type\":\"WebPage\",\"@id\":\"https:\\\/\\\/cvinoticias.com\\\/v3\\\/marcha-a-un-mes-de-la-desaparicion-de-cecilia-tineron-de-rosa-el-puente-que-une-chaco-y-corrientes\\\/\",\"url\":\"https:\\\/\\\/cvinoticias.com\\\/v3\\\/marcha-a-un-mes-de-la-desaparicion-de-cecilia-tineron-de-rosa-el-puente-que-une-chaco-y-corrientes\\\/\",\"name\":\"Marcha a un mes de la desaparici\u00f3n de Cecilia: ti\u00f1eron de rosa el puente que une Chaco y Corrientes | CVI NOTICIAS\",\"isPartOf\":{\"@id\":\"https:\\\/\\\/cvinoticias.com\\\/v3\\\/#website\"},\"primaryImageOfPage\":{\"@id\":\"https:\\\/\\\/cvinoticias.com\\\/v3\\\/marcha-a-un-mes-de-la-desaparicion-de-cecilia-tineron-de-rosa-el-puente-que-une-chaco-y-corrientes\\\/#primaryimage\"},\"image\":{\"@id\":\"https:\\\/\\\/cvinoticias.com\\\/v3\\\/marcha-a-un-mes-de-la-desaparicion-de-cecilia-tineron-de-rosa-el-puente-que-une-chaco-y-corrientes\\\/#primaryimage\"},\"thumbnailUrl\":\"https:\\\/\\\/cvinoticias.com\\\/wp-content\\\/uploads\\\/2023\\\/07\\\/MarchaCristina-Puente02Jul2023.jpg\",\"datePublished\":\"2023-07-02T21:03:35+00:00\",\"dateModified\":\"2023-07-02T21:16:19+00:00\",\"breadcrumb\":{\"@id\":\"https:\\\/\\\/cvinoticias.com\\\/v3\\\/marcha-a-un-mes-de-la-desaparicion-de-cecilia-tineron-de-rosa-el-puente-que-une-chaco-y-corrientes\\\/#breadcrumb\"},\"inLanguage\":\"es\",\"potentialAction\":[{\"@type\":\"ReadAction\",\"target\":[\"https:\\\/\\\/cvinoticias.com\\\/v3\\\/marcha-a-un-mes-de-la-desaparicion-de-cecilia-tineron-de-rosa-el-puente-que-une-chaco-y-corrientes\\\/\"]}]},{\"@type\":\"ImageObject\",\"inLanguage\":\"es\",\"@id\":\"https:\\\/\\\/cvinoticias.com\\\/v3\\\/marcha-a-un-mes-de-la-desaparicion-de-cecilia-tineron-de-rosa-el-puente-que-une-chaco-y-corrientes\\\/#primaryimage\",\"url\":\"https:\\\/\\\/cvinoticias.com\\\/wp-content\\\/uploads\\\/2023\\\/07\\\/MarchaCristina-Puente02Jul2023.jpg\",\"contentUrl\":\"https:\\\/\\\/cvinoticias.com\\\/wp-content\\\/uploads\\\/2023\\\/07\\\/MarchaCristina-Puente02Jul2023.jpg\",\"width\":800,\"height\":552},{\"@type\":\"BreadcrumbList\",\"@id\":\"https:\\\/\\\/cvinoticias.com\\\/v3\\\/marcha-a-un-mes-de-la-desaparicion-de-cecilia-tineron-de-rosa-el-puente-que-une-chaco-y-corrientes\\\/#breadcrumb\",\"itemListElement\":[{\"@type\":\"ListItem\",\"position\":1,\"name\":\"Portada\",\"item\":\"https:\\\/\\\/cvinoticias.com\\\/v3\\\/\"},{\"@type\":\"ListItem\",\"position\":2,\"name\":\"Marcha a un mes de la desaparici\u00f3n de Cecilia: ti\u00f1eron de rosa el puente que une Chaco y Corrientes\"}]},{\"@type\":\"WebSite\",\"@id\":\"https:\\\/\\\/cvinoticias.com\\\/v3\\\/#website\",\"url\":\"https:\\\/\\\/cvinoticias.com\\\/v3\\\/\",\"name\":\"CVI NOTICIAS\",\"description\":\"\",\"publisher\":{\"@id\":\"https:\\\/\\\/cvinoticias.com\\\/v3\\\/#organization\"},\"alternateName\":\"CVI\",\"potentialAction\":[{\"@type\":\"SearchAction\",\"target\":{\"@type\":\"EntryPoint\",\"urlTemplate\":\"https:\\\/\\\/cvinoticias.com\\\/v3\\\/?s={search_term_string}\"},\"query-input\":{\"@type\":\"PropertyValueSpecification\",\"valueRequired\":true,\"valueName\":\"search_term_string\"}}],\"inLanguage\":\"es\"},{\"@type\":\"Organization\",\"@id\":\"https:\\\/\\\/cvinoticias.com\\\/v3\\\/#organization\",\"name\":\"CVI NOTICIAS\",\"url\":\"https:\\\/\\\/cvinoticias.com\\\/v3\\\/\",\"logo\":{\"@type\":\"ImageObject\",\"inLanguage\":\"es\",\"@id\":\"https:\\\/\\\/cvinoticias.com\\\/v3\\\/#\\\/schema\\\/logo\\\/image\\\/\",\"url\":\"https:\\\/\\\/cvinoticias.com\\\/wp-content\\\/uploads\\\/2023\\\/04\\\/cropped-cropped-cropped-cropped-cropped-3-1.png\",\"contentUrl\":\"https:\\\/\\\/cvinoticias.com\\\/wp-content\\\/uploads\\\/2023\\\/04\\\/cropped-cropped-cropped-cropped-cropped-3-1.png\",\"width\":95,\"height\":122,\"caption\":\"CVI NOTICIAS\"},\"image\":{\"@id\":\"https:\\\/\\\/cvinoticias.com\\\/v3\\\/#\\\/schema\\\/logo\\\/image\\\/\"},\"sameAs\":[\"https:\\\/\\\/www.facebook.com\\\/cvinoticias\",\"https:\\\/\\\/www.instagram.com\\\/cvinoticias\\\/\",\"https:\\\/\\\/www.youtube.com\\\/@CVINOTICIAS\"]},{\"@type\":\"Person\",\"@id\":\"https:\\\/\\\/cvinoticias.com\\\/v3\\\/#\\\/schema\\\/person\\\/2db77e3c6bc03c538495d7b2b8be9b66\",\"name\":\"f1000024\",\"image\":{\"@type\":\"ImageObject\",\"inLanguage\":\"es\",\"@id\":\"https:\\\/\\\/secure.gravatar.com\\\/avatar\\\/d4fe7459cfc51ff5129ce1a732bbef5928568b8092d412ef95611616376bbeed?s=96&d=mm&r=g\",\"url\":\"https:\\\/\\\/secure.gravatar.com\\\/avatar\\\/d4fe7459cfc51ff5129ce1a732bbef5928568b8092d412ef95611616376bbeed?s=96&d=mm&r=g\",\"contentUrl\":\"https:\\\/\\\/secure.gravatar.com\\\/avatar\\\/d4fe7459cfc51ff5129ce1a732bbef5928568b8092d412ef95611616376bbeed?s=96&d=mm&r=g\",\"caption\":\"f1000024\"},\"url\":\"https:\\\/\\\/cvinoticias.com\\\/v3\\\/author\\\/f1000024\\\/\"}]}<\/script>\n<!-- \/ Yoast SEO plugin. -->","yoast_head_json":{"title":"Marcha a un mes de la desaparici\u00f3n de Cecilia: ti\u00f1eron de rosa el puente que une Chaco y Corrientes | CVI NOTICIAS","robots":{"index":"index","follow":"follow","max-snippet":"max-snippet:-1","max-image-preview":"max-image-preview:large","max-video-preview":"max-video-preview:-1"},"canonical":"https:\/\/cvinoticias.com\/v3\/marcha-a-un-mes-de-la-desaparicion-de-cecilia-tineron-de-rosa-el-puente-que-une-chaco-y-corrientes\/","og_locale":"es_ES","og_type":"article","og_title":"Marcha a un mes de la desaparici\u00f3n de Cecilia: ti\u00f1eron de rosa el puente que une Chaco y Corrientes | CVI NOTICIAS","og_description":"La movilizaci\u00f3n fue encabezada por su madre, Gloria Romero. Estuvieron presentes vecinos, familiares y amigos. Familiares, amigos y vecinos de Cecilia Strzyzowski realizaron este domingo una nueva marcha para exigir justicia y recordar a la joven de 28 a\u00f1os que desapareci\u00f3 en Chaco el 2 de junio pasado. La movilizaci\u00f3n ti\u00f1\u00f3 de rosa el puente [&hellip;]","og_url":"https:\/\/cvinoticias.com\/v3\/marcha-a-un-mes-de-la-desaparicion-de-cecilia-tineron-de-rosa-el-puente-que-une-chaco-y-corrientes\/","og_site_name":"CVI NOTICIAS","article_publisher":"https:\/\/www.facebook.com\/cvinoticias","article_published_time":"2023-07-02T21:03:35+00:00","article_modified_time":"2023-07-02T21:16:19+00:00","og_image":[{"width":800,"height":552,"url":"https:\/\/cvinoticias.com\/wp-content\/uploads\/2023\/07\/MarchaCristina-Puente02Jul2023.jpg","type":"image\/jpeg"}],"author":"f1000024","twitter_card":"summary_large_image","twitter_misc":{"Escrito por":"f1000024","Tiempo de lectura":"2 minutos"},"schema":{"@context":"https:\/\/schema.org","@graph":[{"@type":"Article","@id":"https:\/\/cvinoticias.com\/v3\/marcha-a-un-mes-de-la-desaparicion-de-cecilia-tineron-de-rosa-el-puente-que-une-chaco-y-corrientes\/#article","isPartOf":{"@id":"https:\/\/cvinoticias.com\/v3\/marcha-a-un-mes-de-la-desaparicion-de-cecilia-tineron-de-rosa-el-puente-que-une-chaco-y-corrientes\/"},"author":{"name":"f1000024","@id":"https:\/\/cvinoticias.com\/v3\/#\/schema\/person\/2db77e3c6bc03c538495d7b2b8be9b66"},"headline":"Marcha a un mes de la desaparici\u00f3n de Cecilia: ti\u00f1eron de rosa el puente que une Chaco y Corrientes","datePublished":"2023-07-02T21:03:35+00:00","dateModified":"2023-07-02T21:16:19+00:00","mainEntityOfPage":{"@id":"https:\/\/cvinoticias.com\/v3\/marcha-a-un-mes-de-la-desaparicion-de-cecilia-tineron-de-rosa-el-puente-que-une-chaco-y-corrientes\/"},"wordCount":414,"commentCount":0,"publisher":{"@id":"https:\/\/cvinoticias.com\/v3\/#organization"},"image":{"@id":"https:\/\/cvinoticias.com\/v3\/marcha-a-un-mes-de-la-desaparicion-de-cecilia-tineron-de-rosa-el-puente-que-une-chaco-y-corrientes\/#primaryimage"},"thumbnailUrl":"https:\/\/cvinoticias.com\/wp-content\/uploads\/2023\/07\/MarchaCristina-Puente02Jul2023.jpg","articleSection":["Femicidio"],"inLanguage":"es","potentialAction":[{"@type":"CommentAction","name":"Comment","target":["https:\/\/cvinoticias.com\/v3\/marcha-a-un-mes-de-la-desaparicion-de-cecilia-tineron-de-rosa-el-puente-que-une-chaco-y-corrientes\/#respond"]}]},{"@type":"WebPage","@id":"https:\/\/cvinoticias.com\/v3\/marcha-a-un-mes-de-la-desaparicion-de-cecilia-tineron-de-rosa-el-puente-que-une-chaco-y-corrientes\/","url":"https:\/\/cvinoticias.com\/v3\/marcha-a-un-mes-de-la-desaparicion-de-cecilia-tineron-de-rosa-el-puente-que-une-chaco-y-corrientes\/","name":"Marcha a un mes de la desaparici\u00f3n de Cecilia: ti\u00f1eron de rosa el puente que une Chaco y Corrientes | CVI NOTICIAS","isPartOf":{"@id":"https:\/\/cvinoticias.com\/v3\/#website"},"primaryImageOfPage":{"@id":"https:\/\/cvinoticias.com\/v3\/marcha-a-un-mes-de-la-desaparicion-de-cecilia-tineron-de-rosa-el-puente-que-une-chaco-y-corrientes\/#primaryimage"},"image":{"@id":"https:\/\/cvinoticias.com\/v3\/marcha-a-un-mes-de-la-desaparicion-de-cecilia-tineron-de-rosa-el-puente-que-une-chaco-y-corrientes\/#primaryimage"},"thumbnailUrl":"https:\/\/cvinoticias.com\/wp-content\/uploads\/2023\/07\/MarchaCristina-Puente02Jul2023.jpg","datePublished":"2023-07-02T21:03:35+00:00","dateModified":"2023-07-02T21:16:19+00:00","breadcrumb":{"@id":"https:\/\/cvinoticias.com\/v3\/marcha-a-un-mes-de-la-desaparicion-de-cecilia-tineron-de-rosa-el-puente-que-une-chaco-y-corrientes\/#breadcrumb"},"inLanguage":"es","potentialAction":[{"@type":"ReadAction","target":["https:\/\/cvinoticias.com\/v3\/marcha-a-un-mes-de-la-desaparicion-de-cecilia-tineron-de-rosa-el-puente-que-une-chaco-y-corrientes\/"]}]},{"@type":"ImageObject","inLanguage":"es","@id":"https:\/\/cvinoticias.com\/v3\/marcha-a-un-mes-de-la-desaparicion-de-cecilia-tineron-de-rosa-el-puente-que-une-chaco-y-corrientes\/#primaryimage","url":"https:\/\/cvinoticias.com\/wp-content\/uploads\/2023\/07\/MarchaCristina-Puente02Jul2023.jpg","contentUrl":"https:\/\/cvinoticias.com\/wp-content\/uploads\/2023\/07\/MarchaCristina-Puente02Jul2023.jpg","width":800,"height":552},{"@type":"BreadcrumbList","@id":"https:\/\/cvinoticias.com\/v3\/marcha-a-un-mes-de-la-desaparicion-de-cecilia-tineron-de-rosa-el-puente-que-une-chaco-y-corrientes\/#breadcrumb","itemListElement":[{"@type":"ListItem","position":1,"name":"Portada","item":"https:\/\/cvinoticias.com\/v3\/"},{"@type":"ListItem","position":2,"name":"Marcha a un mes de la desaparici\u00f3n de Cecilia: ti\u00f1eron de rosa el puente que une Chaco y Corrientes"}]},{"@type":"WebSite","@id":"https:\/\/cvinoticias.com\/v3\/#website","url":"https:\/\/cvinoticias.com\/v3\/","name":"CVI NOTICIAS","description":"","publisher":{"@id":"https:\/\/cvinoticias.com\/v3\/#organization"},"alternateName":"CVI","potentialAction":[{"@type":"SearchAction","target":{"@type":"EntryPoint","urlTemplate":"https:\/\/cvinoticias.com\/v3\/?s={search_term_string}"},"query-input":{"@type":"PropertyValueSpecification","valueRequired":true,"valueName":"search_term_string"}}],"inLanguage":"es"},{"@type":"Organization","@id":"https:\/\/cvinoticias.com\/v3\/#organization","name":"CVI NOTICIAS","url":"https:\/\/cvinoticias.com\/v3\/","logo":{"@type":"ImageObject","inLanguage":"es","@id":"https:\/\/cvinoticias.com\/v3\/#\/schema\/logo\/image\/","url":"https:\/\/cvinoticias.com\/wp-content\/uploads\/2023\/04\/cropped-cropped-cropped-cropped-cropped-3-1.png","contentUrl":"https:\/\/cvinoticias.com\/wp-content\/uploads\/2023\/04\/cropped-cropped-cropped-cropped-cropped-3-1.png","width":95,"height":122,"caption":"CVI NOTICIAS"},"image":{"@id":"https:\/\/cvinoticias.com\/v3\/#\/schema\/logo\/image\/"},"sameAs":["https:\/\/www.facebook.com\/cvinoticias","https:\/\/www.instagram.com\/cvinoticias\/","https:\/\/www.youtube.com\/@CVINOTICIAS"]},{"@type":"Person","@id":"https:\/\/cvinoticias.com\/v3\/#\/schema\/person\/2db77e3c6bc03c538495d7b2b8be9b66","name":"f1000024","image":{"@type":"ImageObject","inLanguage":"es","@id":"https:\/\/secure.gravatar.com\/avatar\/d4fe7459cfc51ff5129ce1a732bbef5928568b8092d412ef95611616376bbeed?s=96&d=mm&r=g","url":"https:\/\/secure.gravatar.com\/avatar\/d4fe7459cfc51ff5129ce1a732bbef5928568b8092d412ef95611616376bbeed?s=96&d=mm&r=g","contentUrl":"https:\/\/secure.gravatar.com\/avatar\/d4fe7459cfc51ff5129ce1a732bbef5928568b8092d412ef95611616376bbeed?s=96&d=mm&r=g","caption":"f1000024"},"url":"https:\/\/cvinoticias.com\/v3\/author\/f1000024\/"}]}},"_links":{"self":[{"href":"https:\/\/cvinoticias.com\/v3\/wp-json\/wp\/v2\/posts\/25949","targetHints":{"allow":["GET"]}}],"collection":[{"href":"https:\/\/cvinoticias.com\/v3\/wp-json\/wp\/v2\/posts"}],"about":[{"href":"https:\/\/cvinoticias.com\/v3\/wp-json\/wp\/v2\/types\/post"}],"author":[{"embeddable":true,"href":"https:\/\/cvinoticias.com\/v3\/wp-json\/wp\/v2\/users\/2"}],"replies":[{"embeddable":true,"href":"https:\/\/cvinoticias.com\/v3\/wp-json\/wp\/v2\/comments?post=25949"}],"version-history":[{"count":3,"href":"https:\/\/cvinoticias.com\/v3\/wp-json\/wp\/v2\/posts\/25949\/revisions"}],"predecessor-version":[{"id":25960,"href":"https:\/\/cvinoticias.com\/v3\/wp-json\/wp\/v2\/posts\/25949\/revisions\/25960"}],"wp:featuredmedia":[{"embeddable":true,"href":"https:\/\/cvinoticias.com\/v3\/wp-json\/wp\/v2\/media\/25957"}],"wp:attachment":[{"href":"https:\/\/cvinoticias.com\/v3\/wp-json\/wp\/v2\/media?parent=25949"}],"wp:term":[{"taxonomy":"category","embeddable":true,"href":"https:\/\/cvinoticias.com\/v3\/wp-json\/wp\/v2\/categories?post=25949"},{"taxonomy":"post_tag","embeddable":true,"href":"https:\/\/cvinoticias.com\/v3\/wp-json\/wp\/v2\/tags?post=25949"}],"curies":[{"name":"wp","href":"https:\/\/api.w.org\/{rel}","templated":true}]}}