{"id":25946,"date":"2023-07-02T20:52:18","date_gmt":"2023-07-02T20:52:18","guid":{"rendered":"https:\/\/cvinoticias.com\/v3\/?p=25946"},"modified":"2023-07-02T20:52:18","modified_gmt":"2023-07-02T20:52:18","slug":"mariano-werner-se-impuso-en-posadas-en-una-nueva-competencia-del-tc","status":"publish","type":"post","link":"https:\/\/cvinoticias.com\/v3\/mariano-werner-se-impuso-en-posadas-en-una-nueva-competencia-del-tc\/","title":{"rendered":"Mariano Werner se impuso en Posadas en una nueva competencia del TC"},"content":{"rendered":"\n<p><strong><em>Mariano Werner (Ford) se llev\u00f3 la victoria en la Final que se realiz\u00f3 en el aut\u00f3dromo de Posadas, donde se disput\u00f3 la 8\u00aa fecha del 82\u00ba Campeonato Argentino de Turismo Carretera. El piloto del Fadel Racing se impuso de a punta en una carrera neutralizada en 5 ocasiones -y que hizo que terminar por tiempo, 3 vueltas antes de las 25 pactadas- y alcanz\u00f3 su 23\u00aa victoria en 228 carreras en la categor\u00eda y la 2\u00aa de la temporada 2023.<\/em><\/strong><\/p>\n\n\n\n<p>El entrerriano, que larg\u00f3 desde la \u201cpole position\u201d, aprovech\u00f3 la pelea por el 2\u00ba lugar entre Jos\u00e9 Manuel Urcera (Torino) y Gast\u00f3n Mazzacane (Chevrolet) para fabricar una ventaja de casi 2 segundos. El \u201cRayo\u201d, que super\u00f3 a \u201cManu\u201d en el 6\u00ba giro, fue entonces en busca de Werner. La reiterada intervenci\u00f3n del auto de seguridad le dio 5 oportunidades al ex F1 pero en cada una de esos 5 reinicios el bicampe\u00f3n se defendi\u00f3 con \u00e9xito.<\/p>\n\n\n\n<p>Werner consigui\u00f3 su 3\u00aa victoria en el aut\u00f3dromo \u201cRosamonte\u201d (tambi\u00e9n hab\u00eda festejado en 2015 y 2021) y se transform\u00f3 en el m\u00e1ximo ganador de la \u201cm\u00e1xima\u201d en el circuito misionero, superando a Emiliano Spataro (2). Adem\u00e1s, el bicampe\u00f3n es el primer piloto que repite victoria en la temporada 2023, que justamente comenz\u00f3 ganando en Viedma.<\/p>\n\n\n\n<p>\u201cRealmente Posadas nos cae bien pero ayer no est\u00e1bamos tan contundentes como lo fuimos hoy. Hicimos 3 \u00f3 4 cambios que hicieron que el auto estuviera realmente firme. As\u00ed como a veces nos equivocamos, hoy nos sali\u00f3 todo perfecto\u201d, sostuvo el ganador, largamente aclamado por el p\u00fablico misionero. \u201cNo tengo palabras de agradecimiento para todo el cari\u00f1o de la gente\u201d comento el piloto.<\/p>\n\n\n\n<p>Con este resultado y luego de 3 fechas, el actual \u00eddolo de Ford recuper\u00f3 la punta del campeonato. La diferencia de 23 puntos entre Werner y Juli\u00e1n Santero (Ford), quien culmin\u00f3 11\u00ba en Posadas, es la mayor diferencia entre el l\u00edder y su escolta en lo que va del a\u00f1o.<\/p>\n\n\n\n<p><strong>Todas las marcas en la pelea<\/strong><\/p>\n\n\n\n<p>Gast\u00f3n Mazzacane (Chevrolet) celebr\u00f3 su 14\u00ba podio en 198 carreras en TC y el 2\u00ba en 2023 (hab\u00eda sido 3\u00ba en Toay) con un sabor agridulce. \u201cTengo bronca porque no pude ganar, pero fue una gran carrera. No me serv\u00edan los autos de seguridad porque lo que necesitaba era que se desgastara el auto de Werner\u201d, se\u00f1al\u00f3 el piloto del Dole Racing, que logr\u00f3 su segundo \u201ctop 3\u201d en Posadas.<\/p>\n\n\n\n<p>Una sensaci\u00f3n similar fue la que experiment\u00f3 Mat\u00edas Rossi (Toyota) tras su 64\u00ba podio en 281 participaciones en la categor\u00eda y el 2\u00ba del a\u00f1o (ven\u00eda de ser 3\u00ba en Rafaela). \u201cFue una buena carrera. Me sorprendi\u00f3 c\u00f3mo se cay\u00f3 Manu (Urcera) respecto del ritmo que ten\u00eda en la serie, porque nosotros seguimos siendo lentos respecto de Werner y Mazzacane. Estamos ah\u00ed, pero siempre nos falta cinco para el peso para pelear por la victoria y yo quiero ganar\u201d, sostuvo Rossi, que obtuvo su 1\u00ba podio en Posadas, un circuito que hist\u00f3ricamente le fue esquivo.<\/p>\n\n\n\n<p>Jos\u00e9 Manuel Urcera (Torino) y Valent\u00edn Aguirre (Dodge) completaron los 5 primeros puestos, y de esta manera, por 1\u00aa vez desde la llegada de Toyota a la categor\u00eda a comienzos de 2022, las 5 marcas ocuparon los 5 primeros puestos de la Final. En el campeonato, la \u00fanica que no tiene un representante en el \u00abgrupo de los 12\u00bb es Toyota, ya que su piloto mejor ubicado (Rossi) se encuentra 19\u00ba.<\/p>\n\n\n\n<p><strong>La pr\u00f3xima fecha del Turismo Carretera (9\u00aa y ante\u00faltima de la Etapa Regular) se llevar\u00e1 a cabo el 22 y 23 de julio en el Circuito Internacional \u201cSan Juan-Villicum\u201d, donde se disputar\u00e1 el \u201cDesaf\u00edo de las Estrellas\u201d.<\/strong><\/p>\n","protected":false},"excerpt":{"rendered":"<p>Mariano Werner (Ford) se llev\u00f3 la victoria en la Final que se realiz\u00f3 en el aut\u00f3dromo de Posadas, donde se disput\u00f3 la 8\u00aa fecha del 82\u00ba Campeonato Argentino de Turismo Carretera. El piloto del Fadel Racing se impuso de a punta en una carrera neutralizada en 5 ocasiones -y que hizo que terminar por tiempo, [&hellip;]<\/p>\n","protected":false},"author":2,"featured_media":25947,"comment_status":"open","ping_status":"open","sticky":false,"template":"","format":"standard","meta":{"footnotes":""},"categories":[24],"tags":[],"class_list":["post-25946","post","type-post","status-publish","format-standard","has-post-thumbnail","hentry","category-deportes"],"yoast_head":"<!-- This site is optimized with the Yoast SEO plugin v27.5 - https:\/\/yoast.com\/product\/yoast-seo-wordpress\/ -->\n<title>Mariano Werner se impuso en Posadas en una nueva competencia del TC | CVI NOTICIAS<\/title>\n<meta name=\"robots\" content=\"index, follow, max-snippet:-1, max-image-preview:large, max-video-preview:-1\" \/>\n<link rel=\"canonical\" href=\"https:\/\/cvinoticias.com\/v3\/mariano-werner-se-impuso-en-posadas-en-una-nueva-competencia-del-tc\/\" \/>\n<meta property=\"og:locale\" content=\"es_ES\" \/>\n<meta property=\"og:type\" content=\"article\" \/>\n<meta property=\"og:title\" content=\"Mariano Werner se impuso en Posadas en una nueva competencia del TC | CVI NOTICIAS\" \/>\n<meta property=\"og:description\" content=\"Mariano Werner (Ford) se llev\u00f3 la victoria en la Final que se realiz\u00f3 en el aut\u00f3dromo de Posadas, donde se disput\u00f3 la 8\u00aa fecha del 82\u00ba Campeonato Argentino de Turismo Carretera. El piloto del Fadel Racing se impuso de a punta en una carrera neutralizada en 5 ocasiones -y que hizo que terminar por tiempo, [&hellip;]\" \/>\n<meta property=\"og:url\" content=\"https:\/\/cvinoticias.com\/v3\/mariano-werner-se-impuso-en-posadas-en-una-nueva-competencia-del-tc\/\" \/>\n<meta property=\"og:site_name\" content=\"CVI NOTICIAS\" \/>\n<meta property=\"article:publisher\" content=\"https:\/\/www.facebook.com\/cvinoticias\" \/>\n<meta property=\"article:published_time\" content=\"2023-07-02T20:52:18+00:00\" \/>\n<meta property=\"og:image\" content=\"https:\/\/cvinoticias.com\/wp-content\/uploads\/2023\/07\/Screenshot_20230702_175127_Facebook.jpg\" \/>\n\t<meta property=\"og:image:width\" content=\"994\" \/>\n\t<meta property=\"og:image:height\" content=\"658\" \/>\n\t<meta property=\"og:image:type\" content=\"image\/jpeg\" \/>\n<meta name=\"author\" content=\"f1000024\" \/>\n<meta name=\"twitter:card\" content=\"summary_large_image\" \/>\n<meta name=\"twitter:label1\" content=\"Escrito por\" \/>\n\t<meta name=\"twitter:data1\" content=\"f1000024\" \/>\n\t<meta name=\"twitter:label2\" content=\"Tiempo de lectura\" \/>\n\t<meta name=\"twitter:data2\" content=\"3 minutos\" \/>\n<script type=\"application\/ld+json\" class=\"yoast-schema-graph\">{\"@context\":\"https:\\\/\\\/schema.org\",\"@graph\":[{\"@type\":\"Article\",\"@id\":\"https:\\\/\\\/cvinoticias.com\\\/v3\\\/mariano-werner-se-impuso-en-posadas-en-una-nueva-competencia-del-tc\\\/#article\",\"isPartOf\":{\"@id\":\"https:\\\/\\\/cvinoticias.com\\\/v3\\\/mariano-werner-se-impuso-en-posadas-en-una-nueva-competencia-del-tc\\\/\"},\"author\":{\"name\":\"f1000024\",\"@id\":\"https:\\\/\\\/cvinoticias.com\\\/v3\\\/#\\\/schema\\\/person\\\/2db77e3c6bc03c538495d7b2b8be9b66\"},\"headline\":\"Mariano Werner se impuso en Posadas en una nueva competencia del TC\",\"datePublished\":\"2023-07-02T20:52:18+00:00\",\"mainEntityOfPage\":{\"@id\":\"https:\\\/\\\/cvinoticias.com\\\/v3\\\/mariano-werner-se-impuso-en-posadas-en-una-nueva-competencia-del-tc\\\/\"},\"wordCount\":604,\"commentCount\":0,\"publisher\":{\"@id\":\"https:\\\/\\\/cvinoticias.com\\\/v3\\\/#organization\"},\"image\":{\"@id\":\"https:\\\/\\\/cvinoticias.com\\\/v3\\\/mariano-werner-se-impuso-en-posadas-en-una-nueva-competencia-del-tc\\\/#primaryimage\"},\"thumbnailUrl\":\"https:\\\/\\\/cvinoticias.com\\\/wp-content\\\/uploads\\\/2023\\\/07\\\/Screenshot_20230702_175127_Facebook.jpg\",\"articleSection\":[\"Deportes\"],\"inLanguage\":\"es\",\"potentialAction\":[{\"@type\":\"CommentAction\",\"name\":\"Comment\",\"target\":[\"https:\\\/\\\/cvinoticias.com\\\/v3\\\/mariano-werner-se-impuso-en-posadas-en-una-nueva-competencia-del-tc\\\/#respond\"]}]},{\"@type\":\"WebPage\",\"@id\":\"https:\\\/\\\/cvinoticias.com\\\/v3\\\/mariano-werner-se-impuso-en-posadas-en-una-nueva-competencia-del-tc\\\/\",\"url\":\"https:\\\/\\\/cvinoticias.com\\\/v3\\\/mariano-werner-se-impuso-en-posadas-en-una-nueva-competencia-del-tc\\\/\",\"name\":\"Mariano Werner se impuso en Posadas en una nueva competencia del TC | CVI NOTICIAS\",\"isPartOf\":{\"@id\":\"https:\\\/\\\/cvinoticias.com\\\/v3\\\/#website\"},\"primaryImageOfPage\":{\"@id\":\"https:\\\/\\\/cvinoticias.com\\\/v3\\\/mariano-werner-se-impuso-en-posadas-en-una-nueva-competencia-del-tc\\\/#primaryimage\"},\"image\":{\"@id\":\"https:\\\/\\\/cvinoticias.com\\\/v3\\\/mariano-werner-se-impuso-en-posadas-en-una-nueva-competencia-del-tc\\\/#primaryimage\"},\"thumbnailUrl\":\"https:\\\/\\\/cvinoticias.com\\\/wp-content\\\/uploads\\\/2023\\\/07\\\/Screenshot_20230702_175127_Facebook.jpg\",\"datePublished\":\"2023-07-02T20:52:18+00:00\",\"breadcrumb\":{\"@id\":\"https:\\\/\\\/cvinoticias.com\\\/v3\\\/mariano-werner-se-impuso-en-posadas-en-una-nueva-competencia-del-tc\\\/#breadcrumb\"},\"inLanguage\":\"es\",\"potentialAction\":[{\"@type\":\"ReadAction\",\"target\":[\"https:\\\/\\\/cvinoticias.com\\\/v3\\\/mariano-werner-se-impuso-en-posadas-en-una-nueva-competencia-del-tc\\\/\"]}]},{\"@type\":\"ImageObject\",\"inLanguage\":\"es\",\"@id\":\"https:\\\/\\\/cvinoticias.com\\\/v3\\\/mariano-werner-se-impuso-en-posadas-en-una-nueva-competencia-del-tc\\\/#primaryimage\",\"url\":\"https:\\\/\\\/cvinoticias.com\\\/wp-content\\\/uploads\\\/2023\\\/07\\\/Screenshot_20230702_175127_Facebook.jpg\",\"contentUrl\":\"https:\\\/\\\/cvinoticias.com\\\/wp-content\\\/uploads\\\/2023\\\/07\\\/Screenshot_20230702_175127_Facebook.jpg\",\"width\":994,\"height\":658},{\"@type\":\"BreadcrumbList\",\"@id\":\"https:\\\/\\\/cvinoticias.com\\\/v3\\\/mariano-werner-se-impuso-en-posadas-en-una-nueva-competencia-del-tc\\\/#breadcrumb\",\"itemListElement\":[{\"@type\":\"ListItem\",\"position\":1,\"name\":\"Portada\",\"item\":\"https:\\\/\\\/cvinoticias.com\\\/v3\\\/\"},{\"@type\":\"ListItem\",\"position\":2,\"name\":\"Mariano Werner se impuso en Posadas en una nueva competencia del TC\"}]},{\"@type\":\"WebSite\",\"@id\":\"https:\\\/\\\/cvinoticias.com\\\/v3\\\/#website\",\"url\":\"https:\\\/\\\/cvinoticias.com\\\/v3\\\/\",\"name\":\"CVI NOTICIAS\",\"description\":\"\",\"publisher\":{\"@id\":\"https:\\\/\\\/cvinoticias.com\\\/v3\\\/#organization\"},\"alternateName\":\"CVI\",\"potentialAction\":[{\"@type\":\"SearchAction\",\"target\":{\"@type\":\"EntryPoint\",\"urlTemplate\":\"https:\\\/\\\/cvinoticias.com\\\/v3\\\/?s={search_term_string}\"},\"query-input\":{\"@type\":\"PropertyValueSpecification\",\"valueRequired\":true,\"valueName\":\"search_term_string\"}}],\"inLanguage\":\"es\"},{\"@type\":\"Organization\",\"@id\":\"https:\\\/\\\/cvinoticias.com\\\/v3\\\/#organization\",\"name\":\"CVI NOTICIAS\",\"url\":\"https:\\\/\\\/cvinoticias.com\\\/v3\\\/\",\"logo\":{\"@type\":\"ImageObject\",\"inLanguage\":\"es\",\"@id\":\"https:\\\/\\\/cvinoticias.com\\\/v3\\\/#\\\/schema\\\/logo\\\/image\\\/\",\"url\":\"https:\\\/\\\/cvinoticias.com\\\/wp-content\\\/uploads\\\/2023\\\/04\\\/cropped-cropped-cropped-cropped-cropped-3-1.png\",\"contentUrl\":\"https:\\\/\\\/cvinoticias.com\\\/wp-content\\\/uploads\\\/2023\\\/04\\\/cropped-cropped-cropped-cropped-cropped-3-1.png\",\"width\":95,\"height\":122,\"caption\":\"CVI NOTICIAS\"},\"image\":{\"@id\":\"https:\\\/\\\/cvinoticias.com\\\/v3\\\/#\\\/schema\\\/logo\\\/image\\\/\"},\"sameAs\":[\"https:\\\/\\\/www.facebook.com\\\/cvinoticias\",\"https:\\\/\\\/www.instagram.com\\\/cvinoticias\\\/\",\"https:\\\/\\\/www.youtube.com\\\/@CVINOTICIAS\"]},{\"@type\":\"Person\",\"@id\":\"https:\\\/\\\/cvinoticias.com\\\/v3\\\/#\\\/schema\\\/person\\\/2db77e3c6bc03c538495d7b2b8be9b66\",\"name\":\"f1000024\",\"image\":{\"@type\":\"ImageObject\",\"inLanguage\":\"es\",\"@id\":\"https:\\\/\\\/secure.gravatar.com\\\/avatar\\\/d4fe7459cfc51ff5129ce1a732bbef5928568b8092d412ef95611616376bbeed?s=96&d=mm&r=g\",\"url\":\"https:\\\/\\\/secure.gravatar.com\\\/avatar\\\/d4fe7459cfc51ff5129ce1a732bbef5928568b8092d412ef95611616376bbeed?s=96&d=mm&r=g\",\"contentUrl\":\"https:\\\/\\\/secure.gravatar.com\\\/avatar\\\/d4fe7459cfc51ff5129ce1a732bbef5928568b8092d412ef95611616376bbeed?s=96&d=mm&r=g\",\"caption\":\"f1000024\"},\"url\":\"https:\\\/\\\/cvinoticias.com\\\/v3\\\/author\\\/f1000024\\\/\"}]}<\/script>\n<!-- \/ Yoast SEO plugin. -->","yoast_head_json":{"title":"Mariano Werner se impuso en Posadas en una nueva competencia del TC | CVI NOTICIAS","robots":{"index":"index","follow":"follow","max-snippet":"max-snippet:-1","max-image-preview":"max-image-preview:large","max-video-preview":"max-video-preview:-1"},"canonical":"https:\/\/cvinoticias.com\/v3\/mariano-werner-se-impuso-en-posadas-en-una-nueva-competencia-del-tc\/","og_locale":"es_ES","og_type":"article","og_title":"Mariano Werner se impuso en Posadas en una nueva competencia del TC | CVI NOTICIAS","og_description":"Mariano Werner (Ford) se llev\u00f3 la victoria en la Final que se realiz\u00f3 en el aut\u00f3dromo de Posadas, donde se disput\u00f3 la 8\u00aa fecha del 82\u00ba Campeonato Argentino de Turismo Carretera. El piloto del Fadel Racing se impuso de a punta en una carrera neutralizada en 5 ocasiones -y que hizo que terminar por tiempo, [&hellip;]","og_url":"https:\/\/cvinoticias.com\/v3\/mariano-werner-se-impuso-en-posadas-en-una-nueva-competencia-del-tc\/","og_site_name":"CVI NOTICIAS","article_publisher":"https:\/\/www.facebook.com\/cvinoticias","article_published_time":"2023-07-02T20:52:18+00:00","og_image":[{"width":994,"height":658,"url":"https:\/\/cvinoticias.com\/wp-content\/uploads\/2023\/07\/Screenshot_20230702_175127_Facebook.jpg","type":"image\/jpeg"}],"author":"f1000024","twitter_card":"summary_large_image","twitter_misc":{"Escrito por":"f1000024","Tiempo de lectura":"3 minutos"},"schema":{"@context":"https:\/\/schema.org","@graph":[{"@type":"Article","@id":"https:\/\/cvinoticias.com\/v3\/mariano-werner-se-impuso-en-posadas-en-una-nueva-competencia-del-tc\/#article","isPartOf":{"@id":"https:\/\/cvinoticias.com\/v3\/mariano-werner-se-impuso-en-posadas-en-una-nueva-competencia-del-tc\/"},"author":{"name":"f1000024","@id":"https:\/\/cvinoticias.com\/v3\/#\/schema\/person\/2db77e3c6bc03c538495d7b2b8be9b66"},"headline":"Mariano Werner se impuso en Posadas en una nueva competencia del TC","datePublished":"2023-07-02T20:52:18+00:00","mainEntityOfPage":{"@id":"https:\/\/cvinoticias.com\/v3\/mariano-werner-se-impuso-en-posadas-en-una-nueva-competencia-del-tc\/"},"wordCount":604,"commentCount":0,"publisher":{"@id":"https:\/\/cvinoticias.com\/v3\/#organization"},"image":{"@id":"https:\/\/cvinoticias.com\/v3\/mariano-werner-se-impuso-en-posadas-en-una-nueva-competencia-del-tc\/#primaryimage"},"thumbnailUrl":"https:\/\/cvinoticias.com\/wp-content\/uploads\/2023\/07\/Screenshot_20230702_175127_Facebook.jpg","articleSection":["Deportes"],"inLanguage":"es","potentialAction":[{"@type":"CommentAction","name":"Comment","target":["https:\/\/cvinoticias.com\/v3\/mariano-werner-se-impuso-en-posadas-en-una-nueva-competencia-del-tc\/#respond"]}]},{"@type":"WebPage","@id":"https:\/\/cvinoticias.com\/v3\/mariano-werner-se-impuso-en-posadas-en-una-nueva-competencia-del-tc\/","url":"https:\/\/cvinoticias.com\/v3\/mariano-werner-se-impuso-en-posadas-en-una-nueva-competencia-del-tc\/","name":"Mariano Werner se impuso en Posadas en una nueva competencia del TC | CVI NOTICIAS","isPartOf":{"@id":"https:\/\/cvinoticias.com\/v3\/#website"},"primaryImageOfPage":{"@id":"https:\/\/cvinoticias.com\/v3\/mariano-werner-se-impuso-en-posadas-en-una-nueva-competencia-del-tc\/#primaryimage"},"image":{"@id":"https:\/\/cvinoticias.com\/v3\/mariano-werner-se-impuso-en-posadas-en-una-nueva-competencia-del-tc\/#primaryimage"},"thumbnailUrl":"https:\/\/cvinoticias.com\/wp-content\/uploads\/2023\/07\/Screenshot_20230702_175127_Facebook.jpg","datePublished":"2023-07-02T20:52:18+00:00","breadcrumb":{"@id":"https:\/\/cvinoticias.com\/v3\/mariano-werner-se-impuso-en-posadas-en-una-nueva-competencia-del-tc\/#breadcrumb"},"inLanguage":"es","potentialAction":[{"@type":"ReadAction","target":["https:\/\/cvinoticias.com\/v3\/mariano-werner-se-impuso-en-posadas-en-una-nueva-competencia-del-tc\/"]}]},{"@type":"ImageObject","inLanguage":"es","@id":"https:\/\/cvinoticias.com\/v3\/mariano-werner-se-impuso-en-posadas-en-una-nueva-competencia-del-tc\/#primaryimage","url":"https:\/\/cvinoticias.com\/wp-content\/uploads\/2023\/07\/Screenshot_20230702_175127_Facebook.jpg","contentUrl":"https:\/\/cvinoticias.com\/wp-content\/uploads\/2023\/07\/Screenshot_20230702_175127_Facebook.jpg","width":994,"height":658},{"@type":"BreadcrumbList","@id":"https:\/\/cvinoticias.com\/v3\/mariano-werner-se-impuso-en-posadas-en-una-nueva-competencia-del-tc\/#breadcrumb","itemListElement":[{"@type":"ListItem","position":1,"name":"Portada","item":"https:\/\/cvinoticias.com\/v3\/"},{"@type":"ListItem","position":2,"name":"Mariano Werner se impuso en Posadas en una nueva competencia del TC"}]},{"@type":"WebSite","@id":"https:\/\/cvinoticias.com\/v3\/#website","url":"https:\/\/cvinoticias.com\/v3\/","name":"CVI NOTICIAS","description":"","publisher":{"@id":"https:\/\/cvinoticias.com\/v3\/#organization"},"alternateName":"CVI","potentialAction":[{"@type":"SearchAction","target":{"@type":"EntryPoint","urlTemplate":"https:\/\/cvinoticias.com\/v3\/?s={search_term_string}"},"query-input":{"@type":"PropertyValueSpecification","valueRequired":true,"valueName":"search_term_string"}}],"inLanguage":"es"},{"@type":"Organization","@id":"https:\/\/cvinoticias.com\/v3\/#organization","name":"CVI NOTICIAS","url":"https:\/\/cvinoticias.com\/v3\/","logo":{"@type":"ImageObject","inLanguage":"es","@id":"https:\/\/cvinoticias.com\/v3\/#\/schema\/logo\/image\/","url":"https:\/\/cvinoticias.com\/wp-content\/uploads\/2023\/04\/cropped-cropped-cropped-cropped-cropped-3-1.png","contentUrl":"https:\/\/cvinoticias.com\/wp-content\/uploads\/2023\/04\/cropped-cropped-cropped-cropped-cropped-3-1.png","width":95,"height":122,"caption":"CVI NOTICIAS"},"image":{"@id":"https:\/\/cvinoticias.com\/v3\/#\/schema\/logo\/image\/"},"sameAs":["https:\/\/www.facebook.com\/cvinoticias","https:\/\/www.instagram.com\/cvinoticias\/","https:\/\/www.youtube.com\/@CVINOTICIAS"]},{"@type":"Person","@id":"https:\/\/cvinoticias.com\/v3\/#\/schema\/person\/2db77e3c6bc03c538495d7b2b8be9b66","name":"f1000024","image":{"@type":"ImageObject","inLanguage":"es","@id":"https:\/\/secure.gravatar.com\/avatar\/d4fe7459cfc51ff5129ce1a732bbef5928568b8092d412ef95611616376bbeed?s=96&d=mm&r=g","url":"https:\/\/secure.gravatar.com\/avatar\/d4fe7459cfc51ff5129ce1a732bbef5928568b8092d412ef95611616376bbeed?s=96&d=mm&r=g","contentUrl":"https:\/\/secure.gravatar.com\/avatar\/d4fe7459cfc51ff5129ce1a732bbef5928568b8092d412ef95611616376bbeed?s=96&d=mm&r=g","caption":"f1000024"},"url":"https:\/\/cvinoticias.com\/v3\/author\/f1000024\/"}]}},"_links":{"self":[{"href":"https:\/\/cvinoticias.com\/v3\/wp-json\/wp\/v2\/posts\/25946","targetHints":{"allow":["GET"]}}],"collection":[{"href":"https:\/\/cvinoticias.com\/v3\/wp-json\/wp\/v2\/posts"}],"about":[{"href":"https:\/\/cvinoticias.com\/v3\/wp-json\/wp\/v2\/types\/post"}],"author":[{"embeddable":true,"href":"https:\/\/cvinoticias.com\/v3\/wp-json\/wp\/v2\/users\/2"}],"replies":[{"embeddable":true,"href":"https:\/\/cvinoticias.com\/v3\/wp-json\/wp\/v2\/comments?post=25946"}],"version-history":[{"count":1,"href":"https:\/\/cvinoticias.com\/v3\/wp-json\/wp\/v2\/posts\/25946\/revisions"}],"predecessor-version":[{"id":25948,"href":"https:\/\/cvinoticias.com\/v3\/wp-json\/wp\/v2\/posts\/25946\/revisions\/25948"}],"wp:featuredmedia":[{"embeddable":true,"href":"https:\/\/cvinoticias.com\/v3\/wp-json\/wp\/v2\/media\/25947"}],"wp:attachment":[{"href":"https:\/\/cvinoticias.com\/v3\/wp-json\/wp\/v2\/media?parent=25946"}],"wp:term":[{"taxonomy":"category","embeddable":true,"href":"https:\/\/cvinoticias.com\/v3\/wp-json\/wp\/v2\/categories?post=25946"},{"taxonomy":"post_tag","embeddable":true,"href":"https:\/\/cvinoticias.com\/v3\/wp-json\/wp\/v2\/tags?post=25946"}],"curies":[{"name":"wp","href":"https:\/\/api.w.org\/{rel}","templated":true}]}}