{"id":25925,"date":"2023-07-02T01:02:12","date_gmt":"2023-07-02T01:02:12","guid":{"rendered":"https:\/\/cvinoticias.com\/v3\/?p=25925"},"modified":"2023-07-02T01:02:12","modified_gmt":"2023-07-02T01:02:12","slug":"femicidio-de-cecilia-emerenciano-sena-admitio-que-en-su-casa-ocurrio-un-hecho-terriblemente-aberrante","status":"publish","type":"post","link":"https:\/\/cvinoticias.com\/v3\/femicidio-de-cecilia-emerenciano-sena-admitio-que-en-su-casa-ocurrio-un-hecho-terriblemente-aberrante\/","title":{"rendered":"Femicidio de Cecilia: Emerenciano Sena admiti\u00f3 que en su casa ocurri\u00f3 un hecho \u00abterriblemente aberrante\u00bb"},"content":{"rendered":"\n<p><strong><em>El l\u00edder piquetero chaque\u00f1o Emerenciano Sena, quien se encuentra detenido por la desaparici\u00f3n de su nuera, Cecilia Strzyzowski, reconoci\u00f3 ante la Justicia que en su casa ocurri\u00f3 \u00abalgo terriblemente aberrante\u00bb, aunque afirm\u00f3 que no sabe qu\u00e9 sucedi\u00f3.<\/em><\/strong><\/p>\n\n\n\n<p>El dirigente oficialista es el padre de C\u00e9sar Sena, pareja de la joven desaparecida y principal acusado, por lo que tambi\u00e9n est\u00e1 detenido.<\/p>\n\n\n\n<p>En su declaraci\u00f3n ante la Justicia, cuyos detalles trascendieron en las \u00faltimas horas, Emerenciano Sena admiti\u00f3 que en su vivienda pas\u00f3 algo \u00abterriblemente aberrante\u00bb.<\/p>\n\n\n\n<p>Sin embargo, indic\u00f3 que no sab\u00eda nada de lo que hab\u00eda sucedido.<\/p>\n\n\n\n<p>\u00abLo que sucedi\u00f3, estoy seguro de que es un hecho terriblemente aberrante, pero yo nunca tuve idea que pod\u00eda pasar esto. Soy absolutamente inocente y lo digo con todo respeto\u00bb, se\u00f1al\u00f3 el l\u00edder piquetero en su declaraci\u00f3n, realizada el pasado 20 de junio.<\/p>\n\n\n\n<p>Las palabras del dirigente social fueron publicada por Diario Chaco, que reprodujo parte de la declaraci\u00f3n: tras esas palabras, no acept\u00f3 contestar preguntas de la Fiscal\u00eda.<\/p>\n\n\n\n<p>Antes, hab\u00eda relatado que el 2 de junio, \u00faltimo d\u00eda en que se vio a Cecilia con vida, desayun\u00f3 y almorz\u00f3, para luego volver a su casa, pasadas las 12.<\/p>\n\n\n\n<p>La joven fue vista ingresando a la casa de Santa Mar\u00eda de Oro, propiedad de la familia Sena: el equipo fiscal sospecha que tanto Emerenciano, como C\u00e9sar Sena y su madre, Marcela Acu\u00f1a, estaban dentro de la propiedad.<\/p>\n\n\n\n<p>El l\u00edder piquetero narr\u00f3 que aquel d\u00eda durmi\u00f3 una siesta junto a Acu\u00f1a y que cerca de las 16 se ba\u00f1\u00f3 y asisti\u00f3 a la inauguraci\u00f3n de un mural ubicado en Puerto Vilelas, hasta pasadas las 21: casi una hora despu\u00e9s regresaron al domicilio.<\/p>\n\n\n\n<p>\u00abBaj\u00e9 de la camioneta y me fui a dormir\u00bb, indic\u00f3 Emerenciano Sena.<\/p>\n","protected":false},"excerpt":{"rendered":"<p>El l\u00edder piquetero chaque\u00f1o Emerenciano Sena, quien se encuentra detenido por la desaparici\u00f3n de su nuera, Cecilia Strzyzowski, reconoci\u00f3 ante la Justicia que en su casa ocurri\u00f3 \u00abalgo terriblemente aberrante\u00bb, aunque afirm\u00f3 que no sabe qu\u00e9 sucedi\u00f3. El dirigente oficialista es el padre de C\u00e9sar Sena, pareja de la joven desaparecida y principal acusado, por [&hellip;]<\/p>\n","protected":false},"author":2,"featured_media":25926,"comment_status":"open","ping_status":"open","sticky":false,"template":"","format":"standard","meta":{"footnotes":""},"categories":[39],"tags":[],"class_list":["post-25925","post","type-post","status-publish","format-standard","has-post-thumbnail","hentry","category-nacionales"],"yoast_head":"<!-- This site is optimized with the Yoast SEO plugin v27.5 - https:\/\/yoast.com\/product\/yoast-seo-wordpress\/ -->\n<title>Femicidio de Cecilia: Emerenciano Sena admiti\u00f3 que en su casa ocurri\u00f3 un hecho &quot;terriblemente aberrante&quot; | CVI NOTICIAS<\/title>\n<meta name=\"robots\" content=\"index, follow, max-snippet:-1, max-image-preview:large, max-video-preview:-1\" \/>\n<link rel=\"canonical\" href=\"https:\/\/cvinoticias.com\/v3\/femicidio-de-cecilia-emerenciano-sena-admitio-que-en-su-casa-ocurrio-un-hecho-terriblemente-aberrante\/\" \/>\n<meta property=\"og:locale\" content=\"es_ES\" \/>\n<meta property=\"og:type\" content=\"article\" \/>\n<meta property=\"og:title\" content=\"Femicidio de Cecilia: Emerenciano Sena admiti\u00f3 que en su casa ocurri\u00f3 un hecho &quot;terriblemente aberrante&quot; | CVI NOTICIAS\" \/>\n<meta property=\"og:description\" content=\"El l\u00edder piquetero chaque\u00f1o Emerenciano Sena, quien se encuentra detenido por la desaparici\u00f3n de su nuera, Cecilia Strzyzowski, reconoci\u00f3 ante la Justicia que en su casa ocurri\u00f3 \u00abalgo terriblemente aberrante\u00bb, aunque afirm\u00f3 que no sabe qu\u00e9 sucedi\u00f3. El dirigente oficialista es el padre de C\u00e9sar Sena, pareja de la joven desaparecida y principal acusado, por [&hellip;]\" \/>\n<meta property=\"og:url\" content=\"https:\/\/cvinoticias.com\/v3\/femicidio-de-cecilia-emerenciano-sena-admitio-que-en-su-casa-ocurrio-un-hecho-terriblemente-aberrante\/\" \/>\n<meta property=\"og:site_name\" content=\"CVI NOTICIAS\" \/>\n<meta property=\"article:publisher\" content=\"https:\/\/www.facebook.com\/cvinoticias\" \/>\n<meta property=\"article:published_time\" content=\"2023-07-02T01:02:12+00:00\" \/>\n<meta property=\"og:image\" content=\"https:\/\/cvinoticias.com\/wp-content\/uploads\/2023\/07\/a03227bd643ae154c88c16326d53ff36_M.jpg\" \/>\n\t<meta property=\"og:image:width\" content=\"768\" \/>\n\t<meta property=\"og:image:height\" content=\"432\" \/>\n\t<meta property=\"og:image:type\" content=\"image\/jpeg\" \/>\n<meta name=\"author\" content=\"f1000024\" \/>\n<meta name=\"twitter:card\" content=\"summary_large_image\" \/>\n<meta name=\"twitter:label1\" content=\"Escrito por\" \/>\n\t<meta name=\"twitter:data1\" content=\"f1000024\" \/>\n\t<meta name=\"twitter:label2\" content=\"Tiempo de lectura\" \/>\n\t<meta name=\"twitter:data2\" content=\"2 minutos\" \/>\n<script type=\"application\/ld+json\" class=\"yoast-schema-graph\">{\"@context\":\"https:\\\/\\\/schema.org\",\"@graph\":[{\"@type\":\"Article\",\"@id\":\"https:\\\/\\\/cvinoticias.com\\\/v3\\\/femicidio-de-cecilia-emerenciano-sena-admitio-que-en-su-casa-ocurrio-un-hecho-terriblemente-aberrante\\\/#article\",\"isPartOf\":{\"@id\":\"https:\\\/\\\/cvinoticias.com\\\/v3\\\/femicidio-de-cecilia-emerenciano-sena-admitio-que-en-su-casa-ocurrio-un-hecho-terriblemente-aberrante\\\/\"},\"author\":{\"name\":\"f1000024\",\"@id\":\"https:\\\/\\\/cvinoticias.com\\\/v3\\\/#\\\/schema\\\/person\\\/2db77e3c6bc03c538495d7b2b8be9b66\"},\"headline\":\"Femicidio de Cecilia: Emerenciano Sena admiti\u00f3 que en su casa ocurri\u00f3 un hecho \u00abterriblemente aberrante\u00bb\",\"datePublished\":\"2023-07-02T01:02:12+00:00\",\"mainEntityOfPage\":{\"@id\":\"https:\\\/\\\/cvinoticias.com\\\/v3\\\/femicidio-de-cecilia-emerenciano-sena-admitio-que-en-su-casa-ocurrio-un-hecho-terriblemente-aberrante\\\/\"},\"wordCount\":323,\"commentCount\":0,\"publisher\":{\"@id\":\"https:\\\/\\\/cvinoticias.com\\\/v3\\\/#organization\"},\"image\":{\"@id\":\"https:\\\/\\\/cvinoticias.com\\\/v3\\\/femicidio-de-cecilia-emerenciano-sena-admitio-que-en-su-casa-ocurrio-un-hecho-terriblemente-aberrante\\\/#primaryimage\"},\"thumbnailUrl\":\"https:\\\/\\\/cvinoticias.com\\\/wp-content\\\/uploads\\\/2023\\\/07\\\/a03227bd643ae154c88c16326d53ff36_M.jpg\",\"articleSection\":[\"Nacionales\"],\"inLanguage\":\"es\",\"potentialAction\":[{\"@type\":\"CommentAction\",\"name\":\"Comment\",\"target\":[\"https:\\\/\\\/cvinoticias.com\\\/v3\\\/femicidio-de-cecilia-emerenciano-sena-admitio-que-en-su-casa-ocurrio-un-hecho-terriblemente-aberrante\\\/#respond\"]}]},{\"@type\":\"WebPage\",\"@id\":\"https:\\\/\\\/cvinoticias.com\\\/v3\\\/femicidio-de-cecilia-emerenciano-sena-admitio-que-en-su-casa-ocurrio-un-hecho-terriblemente-aberrante\\\/\",\"url\":\"https:\\\/\\\/cvinoticias.com\\\/v3\\\/femicidio-de-cecilia-emerenciano-sena-admitio-que-en-su-casa-ocurrio-un-hecho-terriblemente-aberrante\\\/\",\"name\":\"Femicidio de Cecilia: Emerenciano Sena admiti\u00f3 que en su casa ocurri\u00f3 un hecho \\\"terriblemente aberrante\\\" | CVI NOTICIAS\",\"isPartOf\":{\"@id\":\"https:\\\/\\\/cvinoticias.com\\\/v3\\\/#website\"},\"primaryImageOfPage\":{\"@id\":\"https:\\\/\\\/cvinoticias.com\\\/v3\\\/femicidio-de-cecilia-emerenciano-sena-admitio-que-en-su-casa-ocurrio-un-hecho-terriblemente-aberrante\\\/#primaryimage\"},\"image\":{\"@id\":\"https:\\\/\\\/cvinoticias.com\\\/v3\\\/femicidio-de-cecilia-emerenciano-sena-admitio-que-en-su-casa-ocurrio-un-hecho-terriblemente-aberrante\\\/#primaryimage\"},\"thumbnailUrl\":\"https:\\\/\\\/cvinoticias.com\\\/wp-content\\\/uploads\\\/2023\\\/07\\\/a03227bd643ae154c88c16326d53ff36_M.jpg\",\"datePublished\":\"2023-07-02T01:02:12+00:00\",\"breadcrumb\":{\"@id\":\"https:\\\/\\\/cvinoticias.com\\\/v3\\\/femicidio-de-cecilia-emerenciano-sena-admitio-que-en-su-casa-ocurrio-un-hecho-terriblemente-aberrante\\\/#breadcrumb\"},\"inLanguage\":\"es\",\"potentialAction\":[{\"@type\":\"ReadAction\",\"target\":[\"https:\\\/\\\/cvinoticias.com\\\/v3\\\/femicidio-de-cecilia-emerenciano-sena-admitio-que-en-su-casa-ocurrio-un-hecho-terriblemente-aberrante\\\/\"]}]},{\"@type\":\"ImageObject\",\"inLanguage\":\"es\",\"@id\":\"https:\\\/\\\/cvinoticias.com\\\/v3\\\/femicidio-de-cecilia-emerenciano-sena-admitio-que-en-su-casa-ocurrio-un-hecho-terriblemente-aberrante\\\/#primaryimage\",\"url\":\"https:\\\/\\\/cvinoticias.com\\\/wp-content\\\/uploads\\\/2023\\\/07\\\/a03227bd643ae154c88c16326d53ff36_M.jpg\",\"contentUrl\":\"https:\\\/\\\/cvinoticias.com\\\/wp-content\\\/uploads\\\/2023\\\/07\\\/a03227bd643ae154c88c16326d53ff36_M.jpg\",\"width\":768,\"height\":432},{\"@type\":\"BreadcrumbList\",\"@id\":\"https:\\\/\\\/cvinoticias.com\\\/v3\\\/femicidio-de-cecilia-emerenciano-sena-admitio-que-en-su-casa-ocurrio-un-hecho-terriblemente-aberrante\\\/#breadcrumb\",\"itemListElement\":[{\"@type\":\"ListItem\",\"position\":1,\"name\":\"Portada\",\"item\":\"https:\\\/\\\/cvinoticias.com\\\/v3\\\/\"},{\"@type\":\"ListItem\",\"position\":2,\"name\":\"Femicidio de Cecilia: Emerenciano Sena admiti\u00f3 que en su casa ocurri\u00f3 un hecho \u00abterriblemente aberrante\u00bb\"}]},{\"@type\":\"WebSite\",\"@id\":\"https:\\\/\\\/cvinoticias.com\\\/v3\\\/#website\",\"url\":\"https:\\\/\\\/cvinoticias.com\\\/v3\\\/\",\"name\":\"CVI NOTICIAS\",\"description\":\"\",\"publisher\":{\"@id\":\"https:\\\/\\\/cvinoticias.com\\\/v3\\\/#organization\"},\"alternateName\":\"CVI\",\"potentialAction\":[{\"@type\":\"SearchAction\",\"target\":{\"@type\":\"EntryPoint\",\"urlTemplate\":\"https:\\\/\\\/cvinoticias.com\\\/v3\\\/?s={search_term_string}\"},\"query-input\":{\"@type\":\"PropertyValueSpecification\",\"valueRequired\":true,\"valueName\":\"search_term_string\"}}],\"inLanguage\":\"es\"},{\"@type\":\"Organization\",\"@id\":\"https:\\\/\\\/cvinoticias.com\\\/v3\\\/#organization\",\"name\":\"CVI NOTICIAS\",\"url\":\"https:\\\/\\\/cvinoticias.com\\\/v3\\\/\",\"logo\":{\"@type\":\"ImageObject\",\"inLanguage\":\"es\",\"@id\":\"https:\\\/\\\/cvinoticias.com\\\/v3\\\/#\\\/schema\\\/logo\\\/image\\\/\",\"url\":\"https:\\\/\\\/cvinoticias.com\\\/wp-content\\\/uploads\\\/2023\\\/04\\\/cropped-cropped-cropped-cropped-cropped-3-1.png\",\"contentUrl\":\"https:\\\/\\\/cvinoticias.com\\\/wp-content\\\/uploads\\\/2023\\\/04\\\/cropped-cropped-cropped-cropped-cropped-3-1.png\",\"width\":95,\"height\":122,\"caption\":\"CVI NOTICIAS\"},\"image\":{\"@id\":\"https:\\\/\\\/cvinoticias.com\\\/v3\\\/#\\\/schema\\\/logo\\\/image\\\/\"},\"sameAs\":[\"https:\\\/\\\/www.facebook.com\\\/cvinoticias\",\"https:\\\/\\\/www.instagram.com\\\/cvinoticias\\\/\",\"https:\\\/\\\/www.youtube.com\\\/@CVINOTICIAS\"]},{\"@type\":\"Person\",\"@id\":\"https:\\\/\\\/cvinoticias.com\\\/v3\\\/#\\\/schema\\\/person\\\/2db77e3c6bc03c538495d7b2b8be9b66\",\"name\":\"f1000024\",\"image\":{\"@type\":\"ImageObject\",\"inLanguage\":\"es\",\"@id\":\"https:\\\/\\\/secure.gravatar.com\\\/avatar\\\/d4fe7459cfc51ff5129ce1a732bbef5928568b8092d412ef95611616376bbeed?s=96&d=mm&r=g\",\"url\":\"https:\\\/\\\/secure.gravatar.com\\\/avatar\\\/d4fe7459cfc51ff5129ce1a732bbef5928568b8092d412ef95611616376bbeed?s=96&d=mm&r=g\",\"contentUrl\":\"https:\\\/\\\/secure.gravatar.com\\\/avatar\\\/d4fe7459cfc51ff5129ce1a732bbef5928568b8092d412ef95611616376bbeed?s=96&d=mm&r=g\",\"caption\":\"f1000024\"},\"url\":\"https:\\\/\\\/cvinoticias.com\\\/v3\\\/author\\\/f1000024\\\/\"}]}<\/script>\n<!-- \/ Yoast SEO plugin. -->","yoast_head_json":{"title":"Femicidio de Cecilia: Emerenciano Sena admiti\u00f3 que en su casa ocurri\u00f3 un hecho \"terriblemente aberrante\" | CVI NOTICIAS","robots":{"index":"index","follow":"follow","max-snippet":"max-snippet:-1","max-image-preview":"max-image-preview:large","max-video-preview":"max-video-preview:-1"},"canonical":"https:\/\/cvinoticias.com\/v3\/femicidio-de-cecilia-emerenciano-sena-admitio-que-en-su-casa-ocurrio-un-hecho-terriblemente-aberrante\/","og_locale":"es_ES","og_type":"article","og_title":"Femicidio de Cecilia: Emerenciano Sena admiti\u00f3 que en su casa ocurri\u00f3 un hecho \"terriblemente aberrante\" | CVI NOTICIAS","og_description":"El l\u00edder piquetero chaque\u00f1o Emerenciano Sena, quien se encuentra detenido por la desaparici\u00f3n de su nuera, Cecilia Strzyzowski, reconoci\u00f3 ante la Justicia que en su casa ocurri\u00f3 \u00abalgo terriblemente aberrante\u00bb, aunque afirm\u00f3 que no sabe qu\u00e9 sucedi\u00f3. El dirigente oficialista es el padre de C\u00e9sar Sena, pareja de la joven desaparecida y principal acusado, por [&hellip;]","og_url":"https:\/\/cvinoticias.com\/v3\/femicidio-de-cecilia-emerenciano-sena-admitio-que-en-su-casa-ocurrio-un-hecho-terriblemente-aberrante\/","og_site_name":"CVI NOTICIAS","article_publisher":"https:\/\/www.facebook.com\/cvinoticias","article_published_time":"2023-07-02T01:02:12+00:00","og_image":[{"width":768,"height":432,"url":"https:\/\/cvinoticias.com\/wp-content\/uploads\/2023\/07\/a03227bd643ae154c88c16326d53ff36_M.jpg","type":"image\/jpeg"}],"author":"f1000024","twitter_card":"summary_large_image","twitter_misc":{"Escrito por":"f1000024","Tiempo de lectura":"2 minutos"},"schema":{"@context":"https:\/\/schema.org","@graph":[{"@type":"Article","@id":"https:\/\/cvinoticias.com\/v3\/femicidio-de-cecilia-emerenciano-sena-admitio-que-en-su-casa-ocurrio-un-hecho-terriblemente-aberrante\/#article","isPartOf":{"@id":"https:\/\/cvinoticias.com\/v3\/femicidio-de-cecilia-emerenciano-sena-admitio-que-en-su-casa-ocurrio-un-hecho-terriblemente-aberrante\/"},"author":{"name":"f1000024","@id":"https:\/\/cvinoticias.com\/v3\/#\/schema\/person\/2db77e3c6bc03c538495d7b2b8be9b66"},"headline":"Femicidio de Cecilia: Emerenciano Sena admiti\u00f3 que en su casa ocurri\u00f3 un hecho \u00abterriblemente aberrante\u00bb","datePublished":"2023-07-02T01:02:12+00:00","mainEntityOfPage":{"@id":"https:\/\/cvinoticias.com\/v3\/femicidio-de-cecilia-emerenciano-sena-admitio-que-en-su-casa-ocurrio-un-hecho-terriblemente-aberrante\/"},"wordCount":323,"commentCount":0,"publisher":{"@id":"https:\/\/cvinoticias.com\/v3\/#organization"},"image":{"@id":"https:\/\/cvinoticias.com\/v3\/femicidio-de-cecilia-emerenciano-sena-admitio-que-en-su-casa-ocurrio-un-hecho-terriblemente-aberrante\/#primaryimage"},"thumbnailUrl":"https:\/\/cvinoticias.com\/wp-content\/uploads\/2023\/07\/a03227bd643ae154c88c16326d53ff36_M.jpg","articleSection":["Nacionales"],"inLanguage":"es","potentialAction":[{"@type":"CommentAction","name":"Comment","target":["https:\/\/cvinoticias.com\/v3\/femicidio-de-cecilia-emerenciano-sena-admitio-que-en-su-casa-ocurrio-un-hecho-terriblemente-aberrante\/#respond"]}]},{"@type":"WebPage","@id":"https:\/\/cvinoticias.com\/v3\/femicidio-de-cecilia-emerenciano-sena-admitio-que-en-su-casa-ocurrio-un-hecho-terriblemente-aberrante\/","url":"https:\/\/cvinoticias.com\/v3\/femicidio-de-cecilia-emerenciano-sena-admitio-que-en-su-casa-ocurrio-un-hecho-terriblemente-aberrante\/","name":"Femicidio de Cecilia: Emerenciano Sena admiti\u00f3 que en su casa ocurri\u00f3 un hecho \"terriblemente aberrante\" | CVI NOTICIAS","isPartOf":{"@id":"https:\/\/cvinoticias.com\/v3\/#website"},"primaryImageOfPage":{"@id":"https:\/\/cvinoticias.com\/v3\/femicidio-de-cecilia-emerenciano-sena-admitio-que-en-su-casa-ocurrio-un-hecho-terriblemente-aberrante\/#primaryimage"},"image":{"@id":"https:\/\/cvinoticias.com\/v3\/femicidio-de-cecilia-emerenciano-sena-admitio-que-en-su-casa-ocurrio-un-hecho-terriblemente-aberrante\/#primaryimage"},"thumbnailUrl":"https:\/\/cvinoticias.com\/wp-content\/uploads\/2023\/07\/a03227bd643ae154c88c16326d53ff36_M.jpg","datePublished":"2023-07-02T01:02:12+00:00","breadcrumb":{"@id":"https:\/\/cvinoticias.com\/v3\/femicidio-de-cecilia-emerenciano-sena-admitio-que-en-su-casa-ocurrio-un-hecho-terriblemente-aberrante\/#breadcrumb"},"inLanguage":"es","potentialAction":[{"@type":"ReadAction","target":["https:\/\/cvinoticias.com\/v3\/femicidio-de-cecilia-emerenciano-sena-admitio-que-en-su-casa-ocurrio-un-hecho-terriblemente-aberrante\/"]}]},{"@type":"ImageObject","inLanguage":"es","@id":"https:\/\/cvinoticias.com\/v3\/femicidio-de-cecilia-emerenciano-sena-admitio-que-en-su-casa-ocurrio-un-hecho-terriblemente-aberrante\/#primaryimage","url":"https:\/\/cvinoticias.com\/wp-content\/uploads\/2023\/07\/a03227bd643ae154c88c16326d53ff36_M.jpg","contentUrl":"https:\/\/cvinoticias.com\/wp-content\/uploads\/2023\/07\/a03227bd643ae154c88c16326d53ff36_M.jpg","width":768,"height":432},{"@type":"BreadcrumbList","@id":"https:\/\/cvinoticias.com\/v3\/femicidio-de-cecilia-emerenciano-sena-admitio-que-en-su-casa-ocurrio-un-hecho-terriblemente-aberrante\/#breadcrumb","itemListElement":[{"@type":"ListItem","position":1,"name":"Portada","item":"https:\/\/cvinoticias.com\/v3\/"},{"@type":"ListItem","position":2,"name":"Femicidio de Cecilia: Emerenciano Sena admiti\u00f3 que en su casa ocurri\u00f3 un hecho \u00abterriblemente aberrante\u00bb"}]},{"@type":"WebSite","@id":"https:\/\/cvinoticias.com\/v3\/#website","url":"https:\/\/cvinoticias.com\/v3\/","name":"CVI NOTICIAS","description":"","publisher":{"@id":"https:\/\/cvinoticias.com\/v3\/#organization"},"alternateName":"CVI","potentialAction":[{"@type":"SearchAction","target":{"@type":"EntryPoint","urlTemplate":"https:\/\/cvinoticias.com\/v3\/?s={search_term_string}"},"query-input":{"@type":"PropertyValueSpecification","valueRequired":true,"valueName":"search_term_string"}}],"inLanguage":"es"},{"@type":"Organization","@id":"https:\/\/cvinoticias.com\/v3\/#organization","name":"CVI NOTICIAS","url":"https:\/\/cvinoticias.com\/v3\/","logo":{"@type":"ImageObject","inLanguage":"es","@id":"https:\/\/cvinoticias.com\/v3\/#\/schema\/logo\/image\/","url":"https:\/\/cvinoticias.com\/wp-content\/uploads\/2023\/04\/cropped-cropped-cropped-cropped-cropped-3-1.png","contentUrl":"https:\/\/cvinoticias.com\/wp-content\/uploads\/2023\/04\/cropped-cropped-cropped-cropped-cropped-3-1.png","width":95,"height":122,"caption":"CVI NOTICIAS"},"image":{"@id":"https:\/\/cvinoticias.com\/v3\/#\/schema\/logo\/image\/"},"sameAs":["https:\/\/www.facebook.com\/cvinoticias","https:\/\/www.instagram.com\/cvinoticias\/","https:\/\/www.youtube.com\/@CVINOTICIAS"]},{"@type":"Person","@id":"https:\/\/cvinoticias.com\/v3\/#\/schema\/person\/2db77e3c6bc03c538495d7b2b8be9b66","name":"f1000024","image":{"@type":"ImageObject","inLanguage":"es","@id":"https:\/\/secure.gravatar.com\/avatar\/d4fe7459cfc51ff5129ce1a732bbef5928568b8092d412ef95611616376bbeed?s=96&d=mm&r=g","url":"https:\/\/secure.gravatar.com\/avatar\/d4fe7459cfc51ff5129ce1a732bbef5928568b8092d412ef95611616376bbeed?s=96&d=mm&r=g","contentUrl":"https:\/\/secure.gravatar.com\/avatar\/d4fe7459cfc51ff5129ce1a732bbef5928568b8092d412ef95611616376bbeed?s=96&d=mm&r=g","caption":"f1000024"},"url":"https:\/\/cvinoticias.com\/v3\/author\/f1000024\/"}]}},"_links":{"self":[{"href":"https:\/\/cvinoticias.com\/v3\/wp-json\/wp\/v2\/posts\/25925","targetHints":{"allow":["GET"]}}],"collection":[{"href":"https:\/\/cvinoticias.com\/v3\/wp-json\/wp\/v2\/posts"}],"about":[{"href":"https:\/\/cvinoticias.com\/v3\/wp-json\/wp\/v2\/types\/post"}],"author":[{"embeddable":true,"href":"https:\/\/cvinoticias.com\/v3\/wp-json\/wp\/v2\/users\/2"}],"replies":[{"embeddable":true,"href":"https:\/\/cvinoticias.com\/v3\/wp-json\/wp\/v2\/comments?post=25925"}],"version-history":[{"count":1,"href":"https:\/\/cvinoticias.com\/v3\/wp-json\/wp\/v2\/posts\/25925\/revisions"}],"predecessor-version":[{"id":25927,"href":"https:\/\/cvinoticias.com\/v3\/wp-json\/wp\/v2\/posts\/25925\/revisions\/25927"}],"wp:featuredmedia":[{"embeddable":true,"href":"https:\/\/cvinoticias.com\/v3\/wp-json\/wp\/v2\/media\/25926"}],"wp:attachment":[{"href":"https:\/\/cvinoticias.com\/v3\/wp-json\/wp\/v2\/media?parent=25925"}],"wp:term":[{"taxonomy":"category","embeddable":true,"href":"https:\/\/cvinoticias.com\/v3\/wp-json\/wp\/v2\/categories?post=25925"},{"taxonomy":"post_tag","embeddable":true,"href":"https:\/\/cvinoticias.com\/v3\/wp-json\/wp\/v2\/tags?post=25925"}],"curies":[{"name":"wp","href":"https:\/\/api.w.org\/{rel}","templated":true}]}}