{"id":25857,"date":"2023-06-29T12:00:28","date_gmt":"2023-06-29T12:00:28","guid":{"rendered":"https:\/\/cvinoticias.com\/v3\/?p=25857"},"modified":"2023-06-29T12:00:28","modified_gmt":"2023-06-29T12:00:28","slug":"femicidio-de-cecilia-strzyzowski-acusaron-de-encubrimiento-agravado-a-los-asesores-del-clan-sena","status":"publish","type":"post","link":"https:\/\/cvinoticias.com\/v3\/femicidio-de-cecilia-strzyzowski-acusaron-de-encubrimiento-agravado-a-los-asesores-del-clan-sena\/","title":{"rendered":"Femicidio de Cecilia Strzyzowski: acusaron de encubrimiento agravado a los asesores del Clan Sena"},"content":{"rendered":"\n<p><strong><em>Estas cuatro personas hab\u00edan sido consideradas como coautoras del asesinato y se exponen a una posible pena que va de un a\u00f1o a seis a\u00f1os de prisi\u00f3n. C\u00f3mo sigue la investigaci\u00f3n.<\/em><\/strong><\/p>\n\n\n\n<p>Los fiscales que investigan el crimen de Cecilia Strzyzowski acusaron a los cuatro asesores del clan Sena por el delito de encubrimiento agravado, que prev\u00e9 entre uno y seis a\u00f1os de prisi\u00f3n.<\/p>\n\n\n\n<p>Se trata de Gustavo Obreg\u00f3n, Fabiana Gonz\u00e1les, Gustavo Melgarejo y Griselda Reinoso, quienes fueron citados a una audiencia de formulaci\u00f3n de cargos en su contra. Todos ellos eran considerados anteriormente como coautores del asesinato.<\/p>\n\n\n\n<p>A su vez, Emerenciano y C\u00e9sar Sena, adem\u00e1s de Marcela Acu\u00f1a, ser\u00e1 notificados en una pr\u00f3xima audiencia sobre c\u00f3mo continuar\u00e1 su proceso judicial en la causa que indaga acerca del femicidio de la joven de 28 a\u00f1os desaparecida en Chaco el pasado 2 de junio.<\/p>\n\n\n\n<p>Con el cambio de imputaci\u00f3n, las dos parejas colaboradoras del clan Sena se exponen a una posible pena que va de un a\u00f1o a seis a\u00f1os de prisi\u00f3n.<\/p>\n\n\n\n<p>Si bien los fiscales Jorge G\u00f3mez, Jorge C\u00e1ceres Olivera y Nelia Vel\u00e1zquez hab\u00edan remarcado que no le dar\u00edan la prisi\u00f3n domiciliaria a ninguno de ellos, ahora debaten si se la conceden a Gonz\u00e1lez, quien est\u00e1 amamantando.<\/p>\n\n\n\n<p>Los cuatro asesores fueron trasladados este mi\u00e9rcoles por la tarde al Poder Judicial de Chaco con casco y chaleco, mientras en la zona se desplegaba un importante operativo de seguridad.<\/p>\n\n\n\n<p>Las imputaciones del clan Sena en el caso Cecilia Strzyzowski<\/p>\n\n\n\n<p>Seg\u00fan afirmaron medios locales, el rol de los Sena en el caso no sufrir\u00e1 cambios. Por eso, se espera que C\u00e9sar Sena vea ratificada la figura de femicidio y concurso premeditado de dos o m\u00e1s personas.<\/p>\n\n\n\n<p>Por otro lado, sus padres, Emerenciano y Marcela Acu\u00f1a, acusados por el delito de homicidio agravado por el concurso de dos o m\u00e1s personas.<\/p>\n\n\n\n<p>Los tres integrantes de la familia tendr\u00e1n que asistir este jueves a la fiscal\u00eda, donde los notificar\u00e1n por la prisi\u00f3n preventiva por esos cargos.<\/p>\n","protected":false},"excerpt":{"rendered":"<p>Estas cuatro personas hab\u00edan sido consideradas como coautoras del asesinato y se exponen a una posible pena que va de un a\u00f1o a seis a\u00f1os de prisi\u00f3n. C\u00f3mo sigue la investigaci\u00f3n. Los fiscales que investigan el crimen de Cecilia Strzyzowski acusaron a los cuatro asesores del clan Sena por el delito de encubrimiento agravado, que [&hellip;]<\/p>\n","protected":false},"author":2,"featured_media":25858,"comment_status":"open","ping_status":"open","sticky":false,"template":"","format":"standard","meta":{"footnotes":""},"categories":[433],"tags":[],"class_list":["post-25857","post","type-post","status-publish","format-standard","has-post-thumbnail","hentry","category-femicidio"],"yoast_head":"<!-- This site is optimized with the Yoast SEO plugin v27.5 - https:\/\/yoast.com\/product\/yoast-seo-wordpress\/ -->\n<title>Femicidio de Cecilia Strzyzowski: acusaron de encubrimiento agravado a los asesores del Clan Sena | CVI NOTICIAS<\/title>\n<meta name=\"robots\" content=\"index, follow, max-snippet:-1, max-image-preview:large, max-video-preview:-1\" \/>\n<link rel=\"canonical\" href=\"https:\/\/cvinoticias.com\/v3\/femicidio-de-cecilia-strzyzowski-acusaron-de-encubrimiento-agravado-a-los-asesores-del-clan-sena\/\" \/>\n<meta property=\"og:locale\" content=\"es_ES\" \/>\n<meta property=\"og:type\" content=\"article\" \/>\n<meta property=\"og:title\" content=\"Femicidio de Cecilia Strzyzowski: acusaron de encubrimiento agravado a los asesores del Clan Sena | CVI NOTICIAS\" \/>\n<meta property=\"og:description\" content=\"Estas cuatro personas hab\u00edan sido consideradas como coautoras del asesinato y se exponen a una posible pena que va de un a\u00f1o a seis a\u00f1os de prisi\u00f3n. C\u00f3mo sigue la investigaci\u00f3n. Los fiscales que investigan el crimen de Cecilia Strzyzowski acusaron a los cuatro asesores del clan Sena por el delito de encubrimiento agravado, que [&hellip;]\" \/>\n<meta property=\"og:url\" content=\"https:\/\/cvinoticias.com\/v3\/femicidio-de-cecilia-strzyzowski-acusaron-de-encubrimiento-agravado-a-los-asesores-del-clan-sena\/\" \/>\n<meta property=\"og:site_name\" content=\"CVI NOTICIAS\" \/>\n<meta property=\"article:publisher\" content=\"https:\/\/www.facebook.com\/cvinoticias\" \/>\n<meta property=\"article:published_time\" content=\"2023-06-29T12:00:28+00:00\" \/>\n<meta property=\"og:image\" content=\"https:\/\/cvinoticias.com\/wp-content\/uploads\/2023\/06\/e607bd93b63429a79ea62ef13504891f_M.jpg\" \/>\n\t<meta property=\"og:image:width\" content=\"768\" \/>\n\t<meta property=\"og:image:height\" content=\"496\" \/>\n\t<meta property=\"og:image:type\" content=\"image\/jpeg\" \/>\n<meta name=\"author\" content=\"f1000024\" \/>\n<meta name=\"twitter:card\" content=\"summary_large_image\" \/>\n<meta name=\"twitter:label1\" content=\"Escrito por\" \/>\n\t<meta name=\"twitter:data1\" content=\"f1000024\" \/>\n\t<meta name=\"twitter:label2\" content=\"Tiempo de lectura\" \/>\n\t<meta name=\"twitter:data2\" content=\"2 minutos\" \/>\n<script type=\"application\/ld+json\" class=\"yoast-schema-graph\">{\"@context\":\"https:\\\/\\\/schema.org\",\"@graph\":[{\"@type\":\"Article\",\"@id\":\"https:\\\/\\\/cvinoticias.com\\\/v3\\\/femicidio-de-cecilia-strzyzowski-acusaron-de-encubrimiento-agravado-a-los-asesores-del-clan-sena\\\/#article\",\"isPartOf\":{\"@id\":\"https:\\\/\\\/cvinoticias.com\\\/v3\\\/femicidio-de-cecilia-strzyzowski-acusaron-de-encubrimiento-agravado-a-los-asesores-del-clan-sena\\\/\"},\"author\":{\"name\":\"f1000024\",\"@id\":\"https:\\\/\\\/cvinoticias.com\\\/v3\\\/#\\\/schema\\\/person\\\/2db77e3c6bc03c538495d7b2b8be9b66\"},\"headline\":\"Femicidio de Cecilia Strzyzowski: acusaron de encubrimiento agravado a los asesores del Clan Sena\",\"datePublished\":\"2023-06-29T12:00:28+00:00\",\"mainEntityOfPage\":{\"@id\":\"https:\\\/\\\/cvinoticias.com\\\/v3\\\/femicidio-de-cecilia-strzyzowski-acusaron-de-encubrimiento-agravado-a-los-asesores-del-clan-sena\\\/\"},\"wordCount\":380,\"commentCount\":0,\"publisher\":{\"@id\":\"https:\\\/\\\/cvinoticias.com\\\/v3\\\/#organization\"},\"image\":{\"@id\":\"https:\\\/\\\/cvinoticias.com\\\/v3\\\/femicidio-de-cecilia-strzyzowski-acusaron-de-encubrimiento-agravado-a-los-asesores-del-clan-sena\\\/#primaryimage\"},\"thumbnailUrl\":\"https:\\\/\\\/cvinoticias.com\\\/wp-content\\\/uploads\\\/2023\\\/06\\\/e607bd93b63429a79ea62ef13504891f_M.jpg\",\"articleSection\":[\"Femicidio\"],\"inLanguage\":\"es\",\"potentialAction\":[{\"@type\":\"CommentAction\",\"name\":\"Comment\",\"target\":[\"https:\\\/\\\/cvinoticias.com\\\/v3\\\/femicidio-de-cecilia-strzyzowski-acusaron-de-encubrimiento-agravado-a-los-asesores-del-clan-sena\\\/#respond\"]}]},{\"@type\":\"WebPage\",\"@id\":\"https:\\\/\\\/cvinoticias.com\\\/v3\\\/femicidio-de-cecilia-strzyzowski-acusaron-de-encubrimiento-agravado-a-los-asesores-del-clan-sena\\\/\",\"url\":\"https:\\\/\\\/cvinoticias.com\\\/v3\\\/femicidio-de-cecilia-strzyzowski-acusaron-de-encubrimiento-agravado-a-los-asesores-del-clan-sena\\\/\",\"name\":\"Femicidio de Cecilia Strzyzowski: acusaron de encubrimiento agravado a los asesores del Clan Sena | CVI NOTICIAS\",\"isPartOf\":{\"@id\":\"https:\\\/\\\/cvinoticias.com\\\/v3\\\/#website\"},\"primaryImageOfPage\":{\"@id\":\"https:\\\/\\\/cvinoticias.com\\\/v3\\\/femicidio-de-cecilia-strzyzowski-acusaron-de-encubrimiento-agravado-a-los-asesores-del-clan-sena\\\/#primaryimage\"},\"image\":{\"@id\":\"https:\\\/\\\/cvinoticias.com\\\/v3\\\/femicidio-de-cecilia-strzyzowski-acusaron-de-encubrimiento-agravado-a-los-asesores-del-clan-sena\\\/#primaryimage\"},\"thumbnailUrl\":\"https:\\\/\\\/cvinoticias.com\\\/wp-content\\\/uploads\\\/2023\\\/06\\\/e607bd93b63429a79ea62ef13504891f_M.jpg\",\"datePublished\":\"2023-06-29T12:00:28+00:00\",\"breadcrumb\":{\"@id\":\"https:\\\/\\\/cvinoticias.com\\\/v3\\\/femicidio-de-cecilia-strzyzowski-acusaron-de-encubrimiento-agravado-a-los-asesores-del-clan-sena\\\/#breadcrumb\"},\"inLanguage\":\"es\",\"potentialAction\":[{\"@type\":\"ReadAction\",\"target\":[\"https:\\\/\\\/cvinoticias.com\\\/v3\\\/femicidio-de-cecilia-strzyzowski-acusaron-de-encubrimiento-agravado-a-los-asesores-del-clan-sena\\\/\"]}]},{\"@type\":\"ImageObject\",\"inLanguage\":\"es\",\"@id\":\"https:\\\/\\\/cvinoticias.com\\\/v3\\\/femicidio-de-cecilia-strzyzowski-acusaron-de-encubrimiento-agravado-a-los-asesores-del-clan-sena\\\/#primaryimage\",\"url\":\"https:\\\/\\\/cvinoticias.com\\\/wp-content\\\/uploads\\\/2023\\\/06\\\/e607bd93b63429a79ea62ef13504891f_M.jpg\",\"contentUrl\":\"https:\\\/\\\/cvinoticias.com\\\/wp-content\\\/uploads\\\/2023\\\/06\\\/e607bd93b63429a79ea62ef13504891f_M.jpg\",\"width\":768,\"height\":496},{\"@type\":\"BreadcrumbList\",\"@id\":\"https:\\\/\\\/cvinoticias.com\\\/v3\\\/femicidio-de-cecilia-strzyzowski-acusaron-de-encubrimiento-agravado-a-los-asesores-del-clan-sena\\\/#breadcrumb\",\"itemListElement\":[{\"@type\":\"ListItem\",\"position\":1,\"name\":\"Portada\",\"item\":\"https:\\\/\\\/cvinoticias.com\\\/v3\\\/\"},{\"@type\":\"ListItem\",\"position\":2,\"name\":\"Femicidio de Cecilia Strzyzowski: acusaron de encubrimiento agravado a los asesores del Clan Sena\"}]},{\"@type\":\"WebSite\",\"@id\":\"https:\\\/\\\/cvinoticias.com\\\/v3\\\/#website\",\"url\":\"https:\\\/\\\/cvinoticias.com\\\/v3\\\/\",\"name\":\"CVI NOTICIAS\",\"description\":\"\",\"publisher\":{\"@id\":\"https:\\\/\\\/cvinoticias.com\\\/v3\\\/#organization\"},\"alternateName\":\"CVI\",\"potentialAction\":[{\"@type\":\"SearchAction\",\"target\":{\"@type\":\"EntryPoint\",\"urlTemplate\":\"https:\\\/\\\/cvinoticias.com\\\/v3\\\/?s={search_term_string}\"},\"query-input\":{\"@type\":\"PropertyValueSpecification\",\"valueRequired\":true,\"valueName\":\"search_term_string\"}}],\"inLanguage\":\"es\"},{\"@type\":\"Organization\",\"@id\":\"https:\\\/\\\/cvinoticias.com\\\/v3\\\/#organization\",\"name\":\"CVI NOTICIAS\",\"url\":\"https:\\\/\\\/cvinoticias.com\\\/v3\\\/\",\"logo\":{\"@type\":\"ImageObject\",\"inLanguage\":\"es\",\"@id\":\"https:\\\/\\\/cvinoticias.com\\\/v3\\\/#\\\/schema\\\/logo\\\/image\\\/\",\"url\":\"https:\\\/\\\/cvinoticias.com\\\/wp-content\\\/uploads\\\/2023\\\/04\\\/cropped-cropped-cropped-cropped-cropped-3-1.png\",\"contentUrl\":\"https:\\\/\\\/cvinoticias.com\\\/wp-content\\\/uploads\\\/2023\\\/04\\\/cropped-cropped-cropped-cropped-cropped-3-1.png\",\"width\":95,\"height\":122,\"caption\":\"CVI NOTICIAS\"},\"image\":{\"@id\":\"https:\\\/\\\/cvinoticias.com\\\/v3\\\/#\\\/schema\\\/logo\\\/image\\\/\"},\"sameAs\":[\"https:\\\/\\\/www.facebook.com\\\/cvinoticias\",\"https:\\\/\\\/www.instagram.com\\\/cvinoticias\\\/\",\"https:\\\/\\\/www.youtube.com\\\/@CVINOTICIAS\"]},{\"@type\":\"Person\",\"@id\":\"https:\\\/\\\/cvinoticias.com\\\/v3\\\/#\\\/schema\\\/person\\\/2db77e3c6bc03c538495d7b2b8be9b66\",\"name\":\"f1000024\",\"image\":{\"@type\":\"ImageObject\",\"inLanguage\":\"es\",\"@id\":\"https:\\\/\\\/secure.gravatar.com\\\/avatar\\\/d4fe7459cfc51ff5129ce1a732bbef5928568b8092d412ef95611616376bbeed?s=96&d=mm&r=g\",\"url\":\"https:\\\/\\\/secure.gravatar.com\\\/avatar\\\/d4fe7459cfc51ff5129ce1a732bbef5928568b8092d412ef95611616376bbeed?s=96&d=mm&r=g\",\"contentUrl\":\"https:\\\/\\\/secure.gravatar.com\\\/avatar\\\/d4fe7459cfc51ff5129ce1a732bbef5928568b8092d412ef95611616376bbeed?s=96&d=mm&r=g\",\"caption\":\"f1000024\"},\"url\":\"https:\\\/\\\/cvinoticias.com\\\/v3\\\/author\\\/f1000024\\\/\"}]}<\/script>\n<!-- \/ Yoast SEO plugin. -->","yoast_head_json":{"title":"Femicidio de Cecilia Strzyzowski: acusaron de encubrimiento agravado a los asesores del Clan Sena | CVI NOTICIAS","robots":{"index":"index","follow":"follow","max-snippet":"max-snippet:-1","max-image-preview":"max-image-preview:large","max-video-preview":"max-video-preview:-1"},"canonical":"https:\/\/cvinoticias.com\/v3\/femicidio-de-cecilia-strzyzowski-acusaron-de-encubrimiento-agravado-a-los-asesores-del-clan-sena\/","og_locale":"es_ES","og_type":"article","og_title":"Femicidio de Cecilia Strzyzowski: acusaron de encubrimiento agravado a los asesores del Clan Sena | CVI NOTICIAS","og_description":"Estas cuatro personas hab\u00edan sido consideradas como coautoras del asesinato y se exponen a una posible pena que va de un a\u00f1o a seis a\u00f1os de prisi\u00f3n. C\u00f3mo sigue la investigaci\u00f3n. Los fiscales que investigan el crimen de Cecilia Strzyzowski acusaron a los cuatro asesores del clan Sena por el delito de encubrimiento agravado, que [&hellip;]","og_url":"https:\/\/cvinoticias.com\/v3\/femicidio-de-cecilia-strzyzowski-acusaron-de-encubrimiento-agravado-a-los-asesores-del-clan-sena\/","og_site_name":"CVI NOTICIAS","article_publisher":"https:\/\/www.facebook.com\/cvinoticias","article_published_time":"2023-06-29T12:00:28+00:00","og_image":[{"width":768,"height":496,"url":"https:\/\/cvinoticias.com\/wp-content\/uploads\/2023\/06\/e607bd93b63429a79ea62ef13504891f_M.jpg","type":"image\/jpeg"}],"author":"f1000024","twitter_card":"summary_large_image","twitter_misc":{"Escrito por":"f1000024","Tiempo de lectura":"2 minutos"},"schema":{"@context":"https:\/\/schema.org","@graph":[{"@type":"Article","@id":"https:\/\/cvinoticias.com\/v3\/femicidio-de-cecilia-strzyzowski-acusaron-de-encubrimiento-agravado-a-los-asesores-del-clan-sena\/#article","isPartOf":{"@id":"https:\/\/cvinoticias.com\/v3\/femicidio-de-cecilia-strzyzowski-acusaron-de-encubrimiento-agravado-a-los-asesores-del-clan-sena\/"},"author":{"name":"f1000024","@id":"https:\/\/cvinoticias.com\/v3\/#\/schema\/person\/2db77e3c6bc03c538495d7b2b8be9b66"},"headline":"Femicidio de Cecilia Strzyzowski: acusaron de encubrimiento agravado a los asesores del Clan Sena","datePublished":"2023-06-29T12:00:28+00:00","mainEntityOfPage":{"@id":"https:\/\/cvinoticias.com\/v3\/femicidio-de-cecilia-strzyzowski-acusaron-de-encubrimiento-agravado-a-los-asesores-del-clan-sena\/"},"wordCount":380,"commentCount":0,"publisher":{"@id":"https:\/\/cvinoticias.com\/v3\/#organization"},"image":{"@id":"https:\/\/cvinoticias.com\/v3\/femicidio-de-cecilia-strzyzowski-acusaron-de-encubrimiento-agravado-a-los-asesores-del-clan-sena\/#primaryimage"},"thumbnailUrl":"https:\/\/cvinoticias.com\/wp-content\/uploads\/2023\/06\/e607bd93b63429a79ea62ef13504891f_M.jpg","articleSection":["Femicidio"],"inLanguage":"es","potentialAction":[{"@type":"CommentAction","name":"Comment","target":["https:\/\/cvinoticias.com\/v3\/femicidio-de-cecilia-strzyzowski-acusaron-de-encubrimiento-agravado-a-los-asesores-del-clan-sena\/#respond"]}]},{"@type":"WebPage","@id":"https:\/\/cvinoticias.com\/v3\/femicidio-de-cecilia-strzyzowski-acusaron-de-encubrimiento-agravado-a-los-asesores-del-clan-sena\/","url":"https:\/\/cvinoticias.com\/v3\/femicidio-de-cecilia-strzyzowski-acusaron-de-encubrimiento-agravado-a-los-asesores-del-clan-sena\/","name":"Femicidio de Cecilia Strzyzowski: acusaron de encubrimiento agravado a los asesores del Clan Sena | CVI NOTICIAS","isPartOf":{"@id":"https:\/\/cvinoticias.com\/v3\/#website"},"primaryImageOfPage":{"@id":"https:\/\/cvinoticias.com\/v3\/femicidio-de-cecilia-strzyzowski-acusaron-de-encubrimiento-agravado-a-los-asesores-del-clan-sena\/#primaryimage"},"image":{"@id":"https:\/\/cvinoticias.com\/v3\/femicidio-de-cecilia-strzyzowski-acusaron-de-encubrimiento-agravado-a-los-asesores-del-clan-sena\/#primaryimage"},"thumbnailUrl":"https:\/\/cvinoticias.com\/wp-content\/uploads\/2023\/06\/e607bd93b63429a79ea62ef13504891f_M.jpg","datePublished":"2023-06-29T12:00:28+00:00","breadcrumb":{"@id":"https:\/\/cvinoticias.com\/v3\/femicidio-de-cecilia-strzyzowski-acusaron-de-encubrimiento-agravado-a-los-asesores-del-clan-sena\/#breadcrumb"},"inLanguage":"es","potentialAction":[{"@type":"ReadAction","target":["https:\/\/cvinoticias.com\/v3\/femicidio-de-cecilia-strzyzowski-acusaron-de-encubrimiento-agravado-a-los-asesores-del-clan-sena\/"]}]},{"@type":"ImageObject","inLanguage":"es","@id":"https:\/\/cvinoticias.com\/v3\/femicidio-de-cecilia-strzyzowski-acusaron-de-encubrimiento-agravado-a-los-asesores-del-clan-sena\/#primaryimage","url":"https:\/\/cvinoticias.com\/wp-content\/uploads\/2023\/06\/e607bd93b63429a79ea62ef13504891f_M.jpg","contentUrl":"https:\/\/cvinoticias.com\/wp-content\/uploads\/2023\/06\/e607bd93b63429a79ea62ef13504891f_M.jpg","width":768,"height":496},{"@type":"BreadcrumbList","@id":"https:\/\/cvinoticias.com\/v3\/femicidio-de-cecilia-strzyzowski-acusaron-de-encubrimiento-agravado-a-los-asesores-del-clan-sena\/#breadcrumb","itemListElement":[{"@type":"ListItem","position":1,"name":"Portada","item":"https:\/\/cvinoticias.com\/v3\/"},{"@type":"ListItem","position":2,"name":"Femicidio de Cecilia Strzyzowski: acusaron de encubrimiento agravado a los asesores del Clan Sena"}]},{"@type":"WebSite","@id":"https:\/\/cvinoticias.com\/v3\/#website","url":"https:\/\/cvinoticias.com\/v3\/","name":"CVI NOTICIAS","description":"","publisher":{"@id":"https:\/\/cvinoticias.com\/v3\/#organization"},"alternateName":"CVI","potentialAction":[{"@type":"SearchAction","target":{"@type":"EntryPoint","urlTemplate":"https:\/\/cvinoticias.com\/v3\/?s={search_term_string}"},"query-input":{"@type":"PropertyValueSpecification","valueRequired":true,"valueName":"search_term_string"}}],"inLanguage":"es"},{"@type":"Organization","@id":"https:\/\/cvinoticias.com\/v3\/#organization","name":"CVI NOTICIAS","url":"https:\/\/cvinoticias.com\/v3\/","logo":{"@type":"ImageObject","inLanguage":"es","@id":"https:\/\/cvinoticias.com\/v3\/#\/schema\/logo\/image\/","url":"https:\/\/cvinoticias.com\/wp-content\/uploads\/2023\/04\/cropped-cropped-cropped-cropped-cropped-3-1.png","contentUrl":"https:\/\/cvinoticias.com\/wp-content\/uploads\/2023\/04\/cropped-cropped-cropped-cropped-cropped-3-1.png","width":95,"height":122,"caption":"CVI NOTICIAS"},"image":{"@id":"https:\/\/cvinoticias.com\/v3\/#\/schema\/logo\/image\/"},"sameAs":["https:\/\/www.facebook.com\/cvinoticias","https:\/\/www.instagram.com\/cvinoticias\/","https:\/\/www.youtube.com\/@CVINOTICIAS"]},{"@type":"Person","@id":"https:\/\/cvinoticias.com\/v3\/#\/schema\/person\/2db77e3c6bc03c538495d7b2b8be9b66","name":"f1000024","image":{"@type":"ImageObject","inLanguage":"es","@id":"https:\/\/secure.gravatar.com\/avatar\/d4fe7459cfc51ff5129ce1a732bbef5928568b8092d412ef95611616376bbeed?s=96&d=mm&r=g","url":"https:\/\/secure.gravatar.com\/avatar\/d4fe7459cfc51ff5129ce1a732bbef5928568b8092d412ef95611616376bbeed?s=96&d=mm&r=g","contentUrl":"https:\/\/secure.gravatar.com\/avatar\/d4fe7459cfc51ff5129ce1a732bbef5928568b8092d412ef95611616376bbeed?s=96&d=mm&r=g","caption":"f1000024"},"url":"https:\/\/cvinoticias.com\/v3\/author\/f1000024\/"}]}},"_links":{"self":[{"href":"https:\/\/cvinoticias.com\/v3\/wp-json\/wp\/v2\/posts\/25857","targetHints":{"allow":["GET"]}}],"collection":[{"href":"https:\/\/cvinoticias.com\/v3\/wp-json\/wp\/v2\/posts"}],"about":[{"href":"https:\/\/cvinoticias.com\/v3\/wp-json\/wp\/v2\/types\/post"}],"author":[{"embeddable":true,"href":"https:\/\/cvinoticias.com\/v3\/wp-json\/wp\/v2\/users\/2"}],"replies":[{"embeddable":true,"href":"https:\/\/cvinoticias.com\/v3\/wp-json\/wp\/v2\/comments?post=25857"}],"version-history":[{"count":1,"href":"https:\/\/cvinoticias.com\/v3\/wp-json\/wp\/v2\/posts\/25857\/revisions"}],"predecessor-version":[{"id":25859,"href":"https:\/\/cvinoticias.com\/v3\/wp-json\/wp\/v2\/posts\/25857\/revisions\/25859"}],"wp:featuredmedia":[{"embeddable":true,"href":"https:\/\/cvinoticias.com\/v3\/wp-json\/wp\/v2\/media\/25858"}],"wp:attachment":[{"href":"https:\/\/cvinoticias.com\/v3\/wp-json\/wp\/v2\/media?parent=25857"}],"wp:term":[{"taxonomy":"category","embeddable":true,"href":"https:\/\/cvinoticias.com\/v3\/wp-json\/wp\/v2\/categories?post=25857"},{"taxonomy":"post_tag","embeddable":true,"href":"https:\/\/cvinoticias.com\/v3\/wp-json\/wp\/v2\/tags?post=25857"}],"curies":[{"name":"wp","href":"https:\/\/api.w.org\/{rel}","templated":true}]}}