{"id":2585,"date":"2021-02-10T06:45:21","date_gmt":"2021-02-10T06:45:21","guid":{"rendered":"https:\/\/cvinoticias.com\/v3\/?p=2585"},"modified":"2021-02-10T06:45:21","modified_gmt":"2021-02-10T06:45:21","slug":"comenzaron-a-funcionar-los-centros-de-apoyo-pedagogico","status":"publish","type":"post","link":"https:\/\/cvinoticias.com\/v3\/comenzaron-a-funcionar-los-centros-de-apoyo-pedagogico\/","title":{"rendered":"Comenzaron a funcionar los Centros de Apoyo Pedag\u00f3gico"},"content":{"rendered":"\n<p><strong><em>Est\u00e1n destinados a fortalecer el contenido de las clases virtuales y al acompa\u00f1amiento de los estudiantes para alcanzar los contenidos prioritarios del ciclo lectivo 2020-2021.<\/em><\/strong><\/p>\n\n\n\n<p>Durante esta semana comienza el funcionamiento de los Centros de Apoyo Pedag\u00f3gicos y Tecnol\u00f3gicos en distintos puntos de la provincia. Estos espacios tienen como objetivo el acompa\u00f1amiento de los estudiantes, de sexto de primaria hasta el nivel superior, para alcanzar los contenidos prioritarios del ciclo lectivo 2020-2021.<\/p>\n\n\n\n<p>Entre estos, desde la Direcci\u00f3n de TIC del Ministerio de Educaci\u00f3n de Misiones compartieron que&nbsp;hubo una buena concurrencia durante la apertura del Centro en San Vicente, lugar donde se acondicion\u00f3 un espacio dentro del Jard\u00edn Bot\u00e1nico para cumplir con los protocolos y normas vigentes de bioseguridad.<\/p>\n\n\n\n<p>Su puesta en marcha busca llegar hasta aquellos estudiantes que han tenido menor v\u00ednculo pedag\u00f3gico con sus docentes, durante el tiempo de pandemia.&nbsp; Estos centros son espacios no escolares que cuentan con: equipamiento tecnol\u00f3gico y conectividad, facilitador municipal, asesores pedag\u00f3gicos, asesores tecnol\u00f3gicos, tutores pares y docentes voluntarios.<\/p>\n\n\n\n<p>Para estar al d\u00eda para el inicio de las clases, recuerdan a los padres, tutores y los propios estudiantes, que&nbsp;a\u00fan pueden sumarse a este acompa\u00f1amiento para reforzar los contenidos dictados durante el 2020 en su modalidad virtual.<\/p>\n\n\n\n<p>Tanto para inscribirse o conocer horarios y lugares distribuidos en distintos puntos de la provincia, pueden ingresar a la p\u00e1gina:<br>centrodeapoyo.roboticamisiones. com.<\/p>\n","protected":false},"excerpt":{"rendered":"<p>Est\u00e1n destinados a fortalecer el contenido de las clases virtuales y al acompa\u00f1amiento de los estudiantes para alcanzar los contenidos prioritarios del ciclo lectivo 2020-2021. Durante esta semana comienza el funcionamiento de los Centros de Apoyo Pedag\u00f3gicos y Tecnol\u00f3gicos en distintos puntos de la provincia. Estos espacios tienen como objetivo el acompa\u00f1amiento de los estudiantes, [&hellip;]<\/p>\n","protected":false},"author":2,"featured_media":2586,"comment_status":"open","ping_status":"open","sticky":false,"template":"","format":"standard","meta":{"footnotes":""},"categories":[26],"tags":[],"class_list":["post-2585","post","type-post","status-publish","format-standard","has-post-thumbnail","hentry","category-educacion"],"yoast_head":"<!-- This site is optimized with the Yoast SEO plugin v27.5 - https:\/\/yoast.com\/product\/yoast-seo-wordpress\/ -->\n<title>Comenzaron a funcionar los Centros de Apoyo Pedag\u00f3gico | CVI NOTICIAS<\/title>\n<meta name=\"robots\" content=\"index, follow, max-snippet:-1, max-image-preview:large, max-video-preview:-1\" \/>\n<link rel=\"canonical\" href=\"https:\/\/cvinoticias.com\/v3\/comenzaron-a-funcionar-los-centros-de-apoyo-pedagogico\/\" \/>\n<meta property=\"og:locale\" content=\"es_ES\" \/>\n<meta property=\"og:type\" content=\"article\" \/>\n<meta property=\"og:title\" content=\"Comenzaron a funcionar los Centros de Apoyo Pedag\u00f3gico | CVI NOTICIAS\" \/>\n<meta property=\"og:description\" content=\"Est\u00e1n destinados a fortalecer el contenido de las clases virtuales y al acompa\u00f1amiento de los estudiantes para alcanzar los contenidos prioritarios del ciclo lectivo 2020-2021. Durante esta semana comienza el funcionamiento de los Centros de Apoyo Pedag\u00f3gicos y Tecnol\u00f3gicos en distintos puntos de la provincia. Estos espacios tienen como objetivo el acompa\u00f1amiento de los estudiantes, [&hellip;]\" \/>\n<meta property=\"og:url\" content=\"https:\/\/cvinoticias.com\/v3\/comenzaron-a-funcionar-los-centros-de-apoyo-pedagogico\/\" \/>\n<meta property=\"og:site_name\" content=\"CVI NOTICIAS\" \/>\n<meta property=\"article:publisher\" content=\"https:\/\/www.facebook.com\/cvinoticias\" \/>\n<meta property=\"article:published_time\" content=\"2021-02-10T06:45:21+00:00\" \/>\n<meta property=\"og:image\" content=\"https:\/\/cvinoticias.com\/wp-content\/uploads\/2021\/02\/maxresdefault-1.jpg\" \/>\n\t<meta property=\"og:image:width\" content=\"1280\" \/>\n\t<meta property=\"og:image:height\" content=\"720\" \/>\n\t<meta property=\"og:image:type\" content=\"image\/jpeg\" \/>\n<meta name=\"author\" content=\"f1000024\" \/>\n<meta name=\"twitter:card\" content=\"summary_large_image\" \/>\n<meta name=\"twitter:label1\" content=\"Escrito por\" \/>\n\t<meta name=\"twitter:data1\" content=\"f1000024\" \/>\n\t<meta name=\"twitter:label2\" content=\"Tiempo de lectura\" \/>\n\t<meta name=\"twitter:data2\" content=\"1 minuto\" \/>\n<script type=\"application\/ld+json\" class=\"yoast-schema-graph\">{\"@context\":\"https:\\\/\\\/schema.org\",\"@graph\":[{\"@type\":\"Article\",\"@id\":\"https:\\\/\\\/cvinoticias.com\\\/v3\\\/comenzaron-a-funcionar-los-centros-de-apoyo-pedagogico\\\/#article\",\"isPartOf\":{\"@id\":\"https:\\\/\\\/cvinoticias.com\\\/v3\\\/comenzaron-a-funcionar-los-centros-de-apoyo-pedagogico\\\/\"},\"author\":{\"name\":\"f1000024\",\"@id\":\"https:\\\/\\\/cvinoticias.com\\\/v3\\\/#\\\/schema\\\/person\\\/2db77e3c6bc03c538495d7b2b8be9b66\"},\"headline\":\"Comenzaron a funcionar los Centros de Apoyo Pedag\u00f3gico\",\"datePublished\":\"2021-02-10T06:45:21+00:00\",\"mainEntityOfPage\":{\"@id\":\"https:\\\/\\\/cvinoticias.com\\\/v3\\\/comenzaron-a-funcionar-los-centros-de-apoyo-pedagogico\\\/\"},\"wordCount\":256,\"commentCount\":0,\"publisher\":{\"@id\":\"https:\\\/\\\/cvinoticias.com\\\/v3\\\/#organization\"},\"image\":{\"@id\":\"https:\\\/\\\/cvinoticias.com\\\/v3\\\/comenzaron-a-funcionar-los-centros-de-apoyo-pedagogico\\\/#primaryimage\"},\"thumbnailUrl\":\"https:\\\/\\\/cvinoticias.com\\\/wp-content\\\/uploads\\\/2021\\\/02\\\/maxresdefault-1.jpg\",\"articleSection\":[\"Educacion\"],\"inLanguage\":\"es\",\"potentialAction\":[{\"@type\":\"CommentAction\",\"name\":\"Comment\",\"target\":[\"https:\\\/\\\/cvinoticias.com\\\/v3\\\/comenzaron-a-funcionar-los-centros-de-apoyo-pedagogico\\\/#respond\"]}]},{\"@type\":\"WebPage\",\"@id\":\"https:\\\/\\\/cvinoticias.com\\\/v3\\\/comenzaron-a-funcionar-los-centros-de-apoyo-pedagogico\\\/\",\"url\":\"https:\\\/\\\/cvinoticias.com\\\/v3\\\/comenzaron-a-funcionar-los-centros-de-apoyo-pedagogico\\\/\",\"name\":\"Comenzaron a funcionar los Centros de Apoyo Pedag\u00f3gico | CVI NOTICIAS\",\"isPartOf\":{\"@id\":\"https:\\\/\\\/cvinoticias.com\\\/v3\\\/#website\"},\"primaryImageOfPage\":{\"@id\":\"https:\\\/\\\/cvinoticias.com\\\/v3\\\/comenzaron-a-funcionar-los-centros-de-apoyo-pedagogico\\\/#primaryimage\"},\"image\":{\"@id\":\"https:\\\/\\\/cvinoticias.com\\\/v3\\\/comenzaron-a-funcionar-los-centros-de-apoyo-pedagogico\\\/#primaryimage\"},\"thumbnailUrl\":\"https:\\\/\\\/cvinoticias.com\\\/wp-content\\\/uploads\\\/2021\\\/02\\\/maxresdefault-1.jpg\",\"datePublished\":\"2021-02-10T06:45:21+00:00\",\"breadcrumb\":{\"@id\":\"https:\\\/\\\/cvinoticias.com\\\/v3\\\/comenzaron-a-funcionar-los-centros-de-apoyo-pedagogico\\\/#breadcrumb\"},\"inLanguage\":\"es\",\"potentialAction\":[{\"@type\":\"ReadAction\",\"target\":[\"https:\\\/\\\/cvinoticias.com\\\/v3\\\/comenzaron-a-funcionar-los-centros-de-apoyo-pedagogico\\\/\"]}]},{\"@type\":\"ImageObject\",\"inLanguage\":\"es\",\"@id\":\"https:\\\/\\\/cvinoticias.com\\\/v3\\\/comenzaron-a-funcionar-los-centros-de-apoyo-pedagogico\\\/#primaryimage\",\"url\":\"https:\\\/\\\/cvinoticias.com\\\/wp-content\\\/uploads\\\/2021\\\/02\\\/maxresdefault-1.jpg\",\"contentUrl\":\"https:\\\/\\\/cvinoticias.com\\\/wp-content\\\/uploads\\\/2021\\\/02\\\/maxresdefault-1.jpg\",\"width\":1280,\"height\":720},{\"@type\":\"BreadcrumbList\",\"@id\":\"https:\\\/\\\/cvinoticias.com\\\/v3\\\/comenzaron-a-funcionar-los-centros-de-apoyo-pedagogico\\\/#breadcrumb\",\"itemListElement\":[{\"@type\":\"ListItem\",\"position\":1,\"name\":\"Portada\",\"item\":\"https:\\\/\\\/cvinoticias.com\\\/v3\\\/\"},{\"@type\":\"ListItem\",\"position\":2,\"name\":\"Comenzaron a funcionar los Centros de Apoyo Pedag\u00f3gico\"}]},{\"@type\":\"WebSite\",\"@id\":\"https:\\\/\\\/cvinoticias.com\\\/v3\\\/#website\",\"url\":\"https:\\\/\\\/cvinoticias.com\\\/v3\\\/\",\"name\":\"CVI NOTICIAS\",\"description\":\"\",\"publisher\":{\"@id\":\"https:\\\/\\\/cvinoticias.com\\\/v3\\\/#organization\"},\"alternateName\":\"CVI\",\"potentialAction\":[{\"@type\":\"SearchAction\",\"target\":{\"@type\":\"EntryPoint\",\"urlTemplate\":\"https:\\\/\\\/cvinoticias.com\\\/v3\\\/?s={search_term_string}\"},\"query-input\":{\"@type\":\"PropertyValueSpecification\",\"valueRequired\":true,\"valueName\":\"search_term_string\"}}],\"inLanguage\":\"es\"},{\"@type\":\"Organization\",\"@id\":\"https:\\\/\\\/cvinoticias.com\\\/v3\\\/#organization\",\"name\":\"CVI NOTICIAS\",\"url\":\"https:\\\/\\\/cvinoticias.com\\\/v3\\\/\",\"logo\":{\"@type\":\"ImageObject\",\"inLanguage\":\"es\",\"@id\":\"https:\\\/\\\/cvinoticias.com\\\/v3\\\/#\\\/schema\\\/logo\\\/image\\\/\",\"url\":\"https:\\\/\\\/cvinoticias.com\\\/wp-content\\\/uploads\\\/2023\\\/04\\\/cropped-cropped-cropped-cropped-cropped-3-1.png\",\"contentUrl\":\"https:\\\/\\\/cvinoticias.com\\\/wp-content\\\/uploads\\\/2023\\\/04\\\/cropped-cropped-cropped-cropped-cropped-3-1.png\",\"width\":95,\"height\":122,\"caption\":\"CVI NOTICIAS\"},\"image\":{\"@id\":\"https:\\\/\\\/cvinoticias.com\\\/v3\\\/#\\\/schema\\\/logo\\\/image\\\/\"},\"sameAs\":[\"https:\\\/\\\/www.facebook.com\\\/cvinoticias\",\"https:\\\/\\\/www.instagram.com\\\/cvinoticias\\\/\",\"https:\\\/\\\/www.youtube.com\\\/@CVINOTICIAS\"]},{\"@type\":\"Person\",\"@id\":\"https:\\\/\\\/cvinoticias.com\\\/v3\\\/#\\\/schema\\\/person\\\/2db77e3c6bc03c538495d7b2b8be9b66\",\"name\":\"f1000024\",\"image\":{\"@type\":\"ImageObject\",\"inLanguage\":\"es\",\"@id\":\"https:\\\/\\\/secure.gravatar.com\\\/avatar\\\/d4fe7459cfc51ff5129ce1a732bbef5928568b8092d412ef95611616376bbeed?s=96&d=mm&r=g\",\"url\":\"https:\\\/\\\/secure.gravatar.com\\\/avatar\\\/d4fe7459cfc51ff5129ce1a732bbef5928568b8092d412ef95611616376bbeed?s=96&d=mm&r=g\",\"contentUrl\":\"https:\\\/\\\/secure.gravatar.com\\\/avatar\\\/d4fe7459cfc51ff5129ce1a732bbef5928568b8092d412ef95611616376bbeed?s=96&d=mm&r=g\",\"caption\":\"f1000024\"},\"url\":\"https:\\\/\\\/cvinoticias.com\\\/v3\\\/author\\\/f1000024\\\/\"}]}<\/script>\n<!-- \/ Yoast SEO plugin. -->","yoast_head_json":{"title":"Comenzaron a funcionar los Centros de Apoyo Pedag\u00f3gico | CVI NOTICIAS","robots":{"index":"index","follow":"follow","max-snippet":"max-snippet:-1","max-image-preview":"max-image-preview:large","max-video-preview":"max-video-preview:-1"},"canonical":"https:\/\/cvinoticias.com\/v3\/comenzaron-a-funcionar-los-centros-de-apoyo-pedagogico\/","og_locale":"es_ES","og_type":"article","og_title":"Comenzaron a funcionar los Centros de Apoyo Pedag\u00f3gico | CVI NOTICIAS","og_description":"Est\u00e1n destinados a fortalecer el contenido de las clases virtuales y al acompa\u00f1amiento de los estudiantes para alcanzar los contenidos prioritarios del ciclo lectivo 2020-2021. Durante esta semana comienza el funcionamiento de los Centros de Apoyo Pedag\u00f3gicos y Tecnol\u00f3gicos en distintos puntos de la provincia. Estos espacios tienen como objetivo el acompa\u00f1amiento de los estudiantes, [&hellip;]","og_url":"https:\/\/cvinoticias.com\/v3\/comenzaron-a-funcionar-los-centros-de-apoyo-pedagogico\/","og_site_name":"CVI NOTICIAS","article_publisher":"https:\/\/www.facebook.com\/cvinoticias","article_published_time":"2021-02-10T06:45:21+00:00","og_image":[{"width":1280,"height":720,"url":"https:\/\/cvinoticias.com\/wp-content\/uploads\/2021\/02\/maxresdefault-1.jpg","type":"image\/jpeg"}],"author":"f1000024","twitter_card":"summary_large_image","twitter_misc":{"Escrito por":"f1000024","Tiempo de lectura":"1 minuto"},"schema":{"@context":"https:\/\/schema.org","@graph":[{"@type":"Article","@id":"https:\/\/cvinoticias.com\/v3\/comenzaron-a-funcionar-los-centros-de-apoyo-pedagogico\/#article","isPartOf":{"@id":"https:\/\/cvinoticias.com\/v3\/comenzaron-a-funcionar-los-centros-de-apoyo-pedagogico\/"},"author":{"name":"f1000024","@id":"https:\/\/cvinoticias.com\/v3\/#\/schema\/person\/2db77e3c6bc03c538495d7b2b8be9b66"},"headline":"Comenzaron a funcionar los Centros de Apoyo Pedag\u00f3gico","datePublished":"2021-02-10T06:45:21+00:00","mainEntityOfPage":{"@id":"https:\/\/cvinoticias.com\/v3\/comenzaron-a-funcionar-los-centros-de-apoyo-pedagogico\/"},"wordCount":256,"commentCount":0,"publisher":{"@id":"https:\/\/cvinoticias.com\/v3\/#organization"},"image":{"@id":"https:\/\/cvinoticias.com\/v3\/comenzaron-a-funcionar-los-centros-de-apoyo-pedagogico\/#primaryimage"},"thumbnailUrl":"https:\/\/cvinoticias.com\/wp-content\/uploads\/2021\/02\/maxresdefault-1.jpg","articleSection":["Educacion"],"inLanguage":"es","potentialAction":[{"@type":"CommentAction","name":"Comment","target":["https:\/\/cvinoticias.com\/v3\/comenzaron-a-funcionar-los-centros-de-apoyo-pedagogico\/#respond"]}]},{"@type":"WebPage","@id":"https:\/\/cvinoticias.com\/v3\/comenzaron-a-funcionar-los-centros-de-apoyo-pedagogico\/","url":"https:\/\/cvinoticias.com\/v3\/comenzaron-a-funcionar-los-centros-de-apoyo-pedagogico\/","name":"Comenzaron a funcionar los Centros de Apoyo Pedag\u00f3gico | CVI NOTICIAS","isPartOf":{"@id":"https:\/\/cvinoticias.com\/v3\/#website"},"primaryImageOfPage":{"@id":"https:\/\/cvinoticias.com\/v3\/comenzaron-a-funcionar-los-centros-de-apoyo-pedagogico\/#primaryimage"},"image":{"@id":"https:\/\/cvinoticias.com\/v3\/comenzaron-a-funcionar-los-centros-de-apoyo-pedagogico\/#primaryimage"},"thumbnailUrl":"https:\/\/cvinoticias.com\/wp-content\/uploads\/2021\/02\/maxresdefault-1.jpg","datePublished":"2021-02-10T06:45:21+00:00","breadcrumb":{"@id":"https:\/\/cvinoticias.com\/v3\/comenzaron-a-funcionar-los-centros-de-apoyo-pedagogico\/#breadcrumb"},"inLanguage":"es","potentialAction":[{"@type":"ReadAction","target":["https:\/\/cvinoticias.com\/v3\/comenzaron-a-funcionar-los-centros-de-apoyo-pedagogico\/"]}]},{"@type":"ImageObject","inLanguage":"es","@id":"https:\/\/cvinoticias.com\/v3\/comenzaron-a-funcionar-los-centros-de-apoyo-pedagogico\/#primaryimage","url":"https:\/\/cvinoticias.com\/wp-content\/uploads\/2021\/02\/maxresdefault-1.jpg","contentUrl":"https:\/\/cvinoticias.com\/wp-content\/uploads\/2021\/02\/maxresdefault-1.jpg","width":1280,"height":720},{"@type":"BreadcrumbList","@id":"https:\/\/cvinoticias.com\/v3\/comenzaron-a-funcionar-los-centros-de-apoyo-pedagogico\/#breadcrumb","itemListElement":[{"@type":"ListItem","position":1,"name":"Portada","item":"https:\/\/cvinoticias.com\/v3\/"},{"@type":"ListItem","position":2,"name":"Comenzaron a funcionar los Centros de Apoyo Pedag\u00f3gico"}]},{"@type":"WebSite","@id":"https:\/\/cvinoticias.com\/v3\/#website","url":"https:\/\/cvinoticias.com\/v3\/","name":"CVI NOTICIAS","description":"","publisher":{"@id":"https:\/\/cvinoticias.com\/v3\/#organization"},"alternateName":"CVI","potentialAction":[{"@type":"SearchAction","target":{"@type":"EntryPoint","urlTemplate":"https:\/\/cvinoticias.com\/v3\/?s={search_term_string}"},"query-input":{"@type":"PropertyValueSpecification","valueRequired":true,"valueName":"search_term_string"}}],"inLanguage":"es"},{"@type":"Organization","@id":"https:\/\/cvinoticias.com\/v3\/#organization","name":"CVI NOTICIAS","url":"https:\/\/cvinoticias.com\/v3\/","logo":{"@type":"ImageObject","inLanguage":"es","@id":"https:\/\/cvinoticias.com\/v3\/#\/schema\/logo\/image\/","url":"https:\/\/cvinoticias.com\/wp-content\/uploads\/2023\/04\/cropped-cropped-cropped-cropped-cropped-3-1.png","contentUrl":"https:\/\/cvinoticias.com\/wp-content\/uploads\/2023\/04\/cropped-cropped-cropped-cropped-cropped-3-1.png","width":95,"height":122,"caption":"CVI NOTICIAS"},"image":{"@id":"https:\/\/cvinoticias.com\/v3\/#\/schema\/logo\/image\/"},"sameAs":["https:\/\/www.facebook.com\/cvinoticias","https:\/\/www.instagram.com\/cvinoticias\/","https:\/\/www.youtube.com\/@CVINOTICIAS"]},{"@type":"Person","@id":"https:\/\/cvinoticias.com\/v3\/#\/schema\/person\/2db77e3c6bc03c538495d7b2b8be9b66","name":"f1000024","image":{"@type":"ImageObject","inLanguage":"es","@id":"https:\/\/secure.gravatar.com\/avatar\/d4fe7459cfc51ff5129ce1a732bbef5928568b8092d412ef95611616376bbeed?s=96&d=mm&r=g","url":"https:\/\/secure.gravatar.com\/avatar\/d4fe7459cfc51ff5129ce1a732bbef5928568b8092d412ef95611616376bbeed?s=96&d=mm&r=g","contentUrl":"https:\/\/secure.gravatar.com\/avatar\/d4fe7459cfc51ff5129ce1a732bbef5928568b8092d412ef95611616376bbeed?s=96&d=mm&r=g","caption":"f1000024"},"url":"https:\/\/cvinoticias.com\/v3\/author\/f1000024\/"}]}},"_links":{"self":[{"href":"https:\/\/cvinoticias.com\/v3\/wp-json\/wp\/v2\/posts\/2585","targetHints":{"allow":["GET"]}}],"collection":[{"href":"https:\/\/cvinoticias.com\/v3\/wp-json\/wp\/v2\/posts"}],"about":[{"href":"https:\/\/cvinoticias.com\/v3\/wp-json\/wp\/v2\/types\/post"}],"author":[{"embeddable":true,"href":"https:\/\/cvinoticias.com\/v3\/wp-json\/wp\/v2\/users\/2"}],"replies":[{"embeddable":true,"href":"https:\/\/cvinoticias.com\/v3\/wp-json\/wp\/v2\/comments?post=2585"}],"version-history":[{"count":1,"href":"https:\/\/cvinoticias.com\/v3\/wp-json\/wp\/v2\/posts\/2585\/revisions"}],"predecessor-version":[{"id":2587,"href":"https:\/\/cvinoticias.com\/v3\/wp-json\/wp\/v2\/posts\/2585\/revisions\/2587"}],"wp:featuredmedia":[{"embeddable":true,"href":"https:\/\/cvinoticias.com\/v3\/wp-json\/wp\/v2\/media\/2586"}],"wp:attachment":[{"href":"https:\/\/cvinoticias.com\/v3\/wp-json\/wp\/v2\/media?parent=2585"}],"wp:term":[{"taxonomy":"category","embeddable":true,"href":"https:\/\/cvinoticias.com\/v3\/wp-json\/wp\/v2\/categories?post=2585"},{"taxonomy":"post_tag","embeddable":true,"href":"https:\/\/cvinoticias.com\/v3\/wp-json\/wp\/v2\/tags?post=2585"}],"curies":[{"name":"wp","href":"https:\/\/api.w.org\/{rel}","templated":true}]}}