{"id":25838,"date":"2023-06-28T21:11:36","date_gmt":"2023-06-28T21:11:36","guid":{"rendered":"https:\/\/cvinoticias.com\/v3\/?p=25838"},"modified":"2023-06-28T21:11:36","modified_gmt":"2023-06-28T21:11:36","slug":"los-coreanos-del-sur-seran-mas-jovenes-desde-este-28-de-junio","status":"publish","type":"post","link":"https:\/\/cvinoticias.com\/v3\/los-coreanos-del-sur-seran-mas-jovenes-desde-este-28-de-junio\/","title":{"rendered":"Los coreanos del sur ser\u00e1n m\u00e1s j\u00f3venes desde este 28 de junio"},"content":{"rendered":"\n<p><strong><em>Un anhelo de los seres humanos es poder controlar el tiempo, que no se escurra la juventud. El \u00fanico truco posible es aparentar la edad. Desde hoy, un pa\u00eds har\u00e1 que todos sus habitantes tengan uno o dos a\u00f1os menos.<\/em><\/strong><\/p>\n\n\n\n<p>Se trata de Corea del Sur, que adopt\u00f3 una norma que, a primera vista, ser\u00eda m\u00e1s entendible en su vecino del norte. En rigor, se trata de una occidentalizaci\u00f3n. La nueva normativa har\u00e1 que desde este 28 de junio, los surcoreanos se ajusten a la fecha de nacimiento para calcular la edad.<\/p>\n\n\n\n<p>Con esto, solamente Taiw\u00e1n se queda con el sistema de conteo chino, por el cual toda persona, no importa cuando haya nacido, cumple un a\u00f1o cada 1\u00ba de enero. Seg\u00fan la tradici\u00f3n oriental, cumplir un a\u00f1o al nacer implica contar el tiempo en el \u00fatero, redondeados los nueve meses en doce.<\/p>\n\n\n\n<p>As\u00ed, si un beb\u00e9 nace un 31 de diciembre, al d\u00eda siguiente se le computan dos a\u00f1os, aunque tenga 24 horas de vida. Pasarse al sistema occidental implica que los coreanos del sur podr\u00e1n restarse un a\u00f1o e incluso dos en los casos de los nacidos en la v\u00edspera de a\u00f1o nuevo.<\/p>\n\n\n\n<p>Con este cambio se \u00abreducir\u00e1n en gran medida los costos sociales debido a los diferentes sistemas de c\u00e1lculo utilizados hasta ahora\u00bb, explic\u00f3 el ministro de Legislaci\u00f3n Gubernamental, Lee Wan-kyu.<\/p>\n\n\n\n<p>La modificaci\u00f3n fue una promesa de campa\u00f1a del presidente Yoon Suk-yeol en las elecciones de 2022, para abaratar los elevados costos sociales. La pandemia de coronavirus puso de relieve la situaci\u00f3n en la aplicaci\u00f3n de vacunas. No quedaba claro el corte en la edad para administrar dosis, ya que muchos dudaban si la edad en cuesti\u00f3n era la del sistema chino o la occidental.<\/p>\n","protected":false},"excerpt":{"rendered":"<p>Un anhelo de los seres humanos es poder controlar el tiempo, que no se escurra la juventud. El \u00fanico truco posible es aparentar la edad. Desde hoy, un pa\u00eds har\u00e1 que todos sus habitantes tengan uno o dos a\u00f1os menos. Se trata de Corea del Sur, que adopt\u00f3 una norma que, a primera vista, ser\u00eda [&hellip;]<\/p>\n","protected":false},"author":2,"featured_media":25839,"comment_status":"open","ping_status":"open","sticky":false,"template":"","format":"standard","meta":{"footnotes":""},"categories":[36],"tags":[],"class_list":["post-25838","post","type-post","status-publish","format-standard","has-post-thumbnail","hentry","category-internacionales"],"yoast_head":"<!-- This site is optimized with the Yoast SEO plugin v27.5 - https:\/\/yoast.com\/product\/yoast-seo-wordpress\/ -->\n<title>Los coreanos del sur ser\u00e1n m\u00e1s j\u00f3venes desde este 28 de junio | CVI NOTICIAS<\/title>\n<meta name=\"robots\" content=\"index, follow, max-snippet:-1, max-image-preview:large, max-video-preview:-1\" \/>\n<link rel=\"canonical\" href=\"https:\/\/cvinoticias.com\/v3\/los-coreanos-del-sur-seran-mas-jovenes-desde-este-28-de-junio\/\" \/>\n<meta property=\"og:locale\" content=\"es_ES\" \/>\n<meta property=\"og:type\" content=\"article\" \/>\n<meta property=\"og:title\" content=\"Los coreanos del sur ser\u00e1n m\u00e1s j\u00f3venes desde este 28 de junio | CVI NOTICIAS\" \/>\n<meta property=\"og:description\" content=\"Un anhelo de los seres humanos es poder controlar el tiempo, que no se escurra la juventud. El \u00fanico truco posible es aparentar la edad. Desde hoy, un pa\u00eds har\u00e1 que todos sus habitantes tengan uno o dos a\u00f1os menos. Se trata de Corea del Sur, que adopt\u00f3 una norma que, a primera vista, ser\u00eda [&hellip;]\" \/>\n<meta property=\"og:url\" content=\"https:\/\/cvinoticias.com\/v3\/los-coreanos-del-sur-seran-mas-jovenes-desde-este-28-de-junio\/\" \/>\n<meta property=\"og:site_name\" content=\"CVI NOTICIAS\" \/>\n<meta property=\"article:publisher\" content=\"https:\/\/www.facebook.com\/cvinoticias\" \/>\n<meta property=\"article:published_time\" content=\"2023-06-28T21:11:36+00:00\" \/>\n<meta property=\"og:image\" content=\"https:\/\/cvinoticias.com\/wp-content\/uploads\/2023\/06\/resize_1687955328.jpg\" \/>\n\t<meta property=\"og:image:width\" content=\"754\" \/>\n\t<meta property=\"og:image:height\" content=\"535\" \/>\n\t<meta property=\"og:image:type\" content=\"image\/jpeg\" \/>\n<meta name=\"author\" content=\"f1000024\" \/>\n<meta name=\"twitter:card\" content=\"summary_large_image\" \/>\n<meta name=\"twitter:label1\" content=\"Escrito por\" \/>\n\t<meta name=\"twitter:data1\" content=\"f1000024\" \/>\n\t<meta name=\"twitter:label2\" content=\"Tiempo de lectura\" \/>\n\t<meta name=\"twitter:data2\" content=\"2 minutos\" \/>\n<script type=\"application\/ld+json\" class=\"yoast-schema-graph\">{\"@context\":\"https:\\\/\\\/schema.org\",\"@graph\":[{\"@type\":\"Article\",\"@id\":\"https:\\\/\\\/cvinoticias.com\\\/v3\\\/los-coreanos-del-sur-seran-mas-jovenes-desde-este-28-de-junio\\\/#article\",\"isPartOf\":{\"@id\":\"https:\\\/\\\/cvinoticias.com\\\/v3\\\/los-coreanos-del-sur-seran-mas-jovenes-desde-este-28-de-junio\\\/\"},\"author\":{\"name\":\"f1000024\",\"@id\":\"https:\\\/\\\/cvinoticias.com\\\/v3\\\/#\\\/schema\\\/person\\\/2db77e3c6bc03c538495d7b2b8be9b66\"},\"headline\":\"Los coreanos del sur ser\u00e1n m\u00e1s j\u00f3venes desde este 28 de junio\",\"datePublished\":\"2023-06-28T21:11:36+00:00\",\"mainEntityOfPage\":{\"@id\":\"https:\\\/\\\/cvinoticias.com\\\/v3\\\/los-coreanos-del-sur-seran-mas-jovenes-desde-este-28-de-junio\\\/\"},\"wordCount\":321,\"commentCount\":0,\"publisher\":{\"@id\":\"https:\\\/\\\/cvinoticias.com\\\/v3\\\/#organization\"},\"image\":{\"@id\":\"https:\\\/\\\/cvinoticias.com\\\/v3\\\/los-coreanos-del-sur-seran-mas-jovenes-desde-este-28-de-junio\\\/#primaryimage\"},\"thumbnailUrl\":\"https:\\\/\\\/cvinoticias.com\\\/wp-content\\\/uploads\\\/2023\\\/06\\\/resize_1687955328.jpg\",\"articleSection\":[\"Internacionales\"],\"inLanguage\":\"es\",\"potentialAction\":[{\"@type\":\"CommentAction\",\"name\":\"Comment\",\"target\":[\"https:\\\/\\\/cvinoticias.com\\\/v3\\\/los-coreanos-del-sur-seran-mas-jovenes-desde-este-28-de-junio\\\/#respond\"]}]},{\"@type\":\"WebPage\",\"@id\":\"https:\\\/\\\/cvinoticias.com\\\/v3\\\/los-coreanos-del-sur-seran-mas-jovenes-desde-este-28-de-junio\\\/\",\"url\":\"https:\\\/\\\/cvinoticias.com\\\/v3\\\/los-coreanos-del-sur-seran-mas-jovenes-desde-este-28-de-junio\\\/\",\"name\":\"Los coreanos del sur ser\u00e1n m\u00e1s j\u00f3venes desde este 28 de junio | CVI NOTICIAS\",\"isPartOf\":{\"@id\":\"https:\\\/\\\/cvinoticias.com\\\/v3\\\/#website\"},\"primaryImageOfPage\":{\"@id\":\"https:\\\/\\\/cvinoticias.com\\\/v3\\\/los-coreanos-del-sur-seran-mas-jovenes-desde-este-28-de-junio\\\/#primaryimage\"},\"image\":{\"@id\":\"https:\\\/\\\/cvinoticias.com\\\/v3\\\/los-coreanos-del-sur-seran-mas-jovenes-desde-este-28-de-junio\\\/#primaryimage\"},\"thumbnailUrl\":\"https:\\\/\\\/cvinoticias.com\\\/wp-content\\\/uploads\\\/2023\\\/06\\\/resize_1687955328.jpg\",\"datePublished\":\"2023-06-28T21:11:36+00:00\",\"breadcrumb\":{\"@id\":\"https:\\\/\\\/cvinoticias.com\\\/v3\\\/los-coreanos-del-sur-seran-mas-jovenes-desde-este-28-de-junio\\\/#breadcrumb\"},\"inLanguage\":\"es\",\"potentialAction\":[{\"@type\":\"ReadAction\",\"target\":[\"https:\\\/\\\/cvinoticias.com\\\/v3\\\/los-coreanos-del-sur-seran-mas-jovenes-desde-este-28-de-junio\\\/\"]}]},{\"@type\":\"ImageObject\",\"inLanguage\":\"es\",\"@id\":\"https:\\\/\\\/cvinoticias.com\\\/v3\\\/los-coreanos-del-sur-seran-mas-jovenes-desde-este-28-de-junio\\\/#primaryimage\",\"url\":\"https:\\\/\\\/cvinoticias.com\\\/wp-content\\\/uploads\\\/2023\\\/06\\\/resize_1687955328.jpg\",\"contentUrl\":\"https:\\\/\\\/cvinoticias.com\\\/wp-content\\\/uploads\\\/2023\\\/06\\\/resize_1687955328.jpg\",\"width\":754,\"height\":535},{\"@type\":\"BreadcrumbList\",\"@id\":\"https:\\\/\\\/cvinoticias.com\\\/v3\\\/los-coreanos-del-sur-seran-mas-jovenes-desde-este-28-de-junio\\\/#breadcrumb\",\"itemListElement\":[{\"@type\":\"ListItem\",\"position\":1,\"name\":\"Portada\",\"item\":\"https:\\\/\\\/cvinoticias.com\\\/v3\\\/\"},{\"@type\":\"ListItem\",\"position\":2,\"name\":\"Los coreanos del sur ser\u00e1n m\u00e1s j\u00f3venes desde este 28 de junio\"}]},{\"@type\":\"WebSite\",\"@id\":\"https:\\\/\\\/cvinoticias.com\\\/v3\\\/#website\",\"url\":\"https:\\\/\\\/cvinoticias.com\\\/v3\\\/\",\"name\":\"CVI NOTICIAS\",\"description\":\"\",\"publisher\":{\"@id\":\"https:\\\/\\\/cvinoticias.com\\\/v3\\\/#organization\"},\"alternateName\":\"CVI\",\"potentialAction\":[{\"@type\":\"SearchAction\",\"target\":{\"@type\":\"EntryPoint\",\"urlTemplate\":\"https:\\\/\\\/cvinoticias.com\\\/v3\\\/?s={search_term_string}\"},\"query-input\":{\"@type\":\"PropertyValueSpecification\",\"valueRequired\":true,\"valueName\":\"search_term_string\"}}],\"inLanguage\":\"es\"},{\"@type\":\"Organization\",\"@id\":\"https:\\\/\\\/cvinoticias.com\\\/v3\\\/#organization\",\"name\":\"CVI NOTICIAS\",\"url\":\"https:\\\/\\\/cvinoticias.com\\\/v3\\\/\",\"logo\":{\"@type\":\"ImageObject\",\"inLanguage\":\"es\",\"@id\":\"https:\\\/\\\/cvinoticias.com\\\/v3\\\/#\\\/schema\\\/logo\\\/image\\\/\",\"url\":\"https:\\\/\\\/cvinoticias.com\\\/wp-content\\\/uploads\\\/2023\\\/04\\\/cropped-cropped-cropped-cropped-cropped-3-1.png\",\"contentUrl\":\"https:\\\/\\\/cvinoticias.com\\\/wp-content\\\/uploads\\\/2023\\\/04\\\/cropped-cropped-cropped-cropped-cropped-3-1.png\",\"width\":95,\"height\":122,\"caption\":\"CVI NOTICIAS\"},\"image\":{\"@id\":\"https:\\\/\\\/cvinoticias.com\\\/v3\\\/#\\\/schema\\\/logo\\\/image\\\/\"},\"sameAs\":[\"https:\\\/\\\/www.facebook.com\\\/cvinoticias\",\"https:\\\/\\\/www.instagram.com\\\/cvinoticias\\\/\",\"https:\\\/\\\/www.youtube.com\\\/@CVINOTICIAS\"]},{\"@type\":\"Person\",\"@id\":\"https:\\\/\\\/cvinoticias.com\\\/v3\\\/#\\\/schema\\\/person\\\/2db77e3c6bc03c538495d7b2b8be9b66\",\"name\":\"f1000024\",\"image\":{\"@type\":\"ImageObject\",\"inLanguage\":\"es\",\"@id\":\"https:\\\/\\\/secure.gravatar.com\\\/avatar\\\/d4fe7459cfc51ff5129ce1a732bbef5928568b8092d412ef95611616376bbeed?s=96&d=mm&r=g\",\"url\":\"https:\\\/\\\/secure.gravatar.com\\\/avatar\\\/d4fe7459cfc51ff5129ce1a732bbef5928568b8092d412ef95611616376bbeed?s=96&d=mm&r=g\",\"contentUrl\":\"https:\\\/\\\/secure.gravatar.com\\\/avatar\\\/d4fe7459cfc51ff5129ce1a732bbef5928568b8092d412ef95611616376bbeed?s=96&d=mm&r=g\",\"caption\":\"f1000024\"},\"url\":\"https:\\\/\\\/cvinoticias.com\\\/v3\\\/author\\\/f1000024\\\/\"}]}<\/script>\n<!-- \/ Yoast SEO plugin. -->","yoast_head_json":{"title":"Los coreanos del sur ser\u00e1n m\u00e1s j\u00f3venes desde este 28 de junio | CVI NOTICIAS","robots":{"index":"index","follow":"follow","max-snippet":"max-snippet:-1","max-image-preview":"max-image-preview:large","max-video-preview":"max-video-preview:-1"},"canonical":"https:\/\/cvinoticias.com\/v3\/los-coreanos-del-sur-seran-mas-jovenes-desde-este-28-de-junio\/","og_locale":"es_ES","og_type":"article","og_title":"Los coreanos del sur ser\u00e1n m\u00e1s j\u00f3venes desde este 28 de junio | CVI NOTICIAS","og_description":"Un anhelo de los seres humanos es poder controlar el tiempo, que no se escurra la juventud. El \u00fanico truco posible es aparentar la edad. Desde hoy, un pa\u00eds har\u00e1 que todos sus habitantes tengan uno o dos a\u00f1os menos. Se trata de Corea del Sur, que adopt\u00f3 una norma que, a primera vista, ser\u00eda [&hellip;]","og_url":"https:\/\/cvinoticias.com\/v3\/los-coreanos-del-sur-seran-mas-jovenes-desde-este-28-de-junio\/","og_site_name":"CVI NOTICIAS","article_publisher":"https:\/\/www.facebook.com\/cvinoticias","article_published_time":"2023-06-28T21:11:36+00:00","og_image":[{"width":754,"height":535,"url":"https:\/\/cvinoticias.com\/wp-content\/uploads\/2023\/06\/resize_1687955328.jpg","type":"image\/jpeg"}],"author":"f1000024","twitter_card":"summary_large_image","twitter_misc":{"Escrito por":"f1000024","Tiempo de lectura":"2 minutos"},"schema":{"@context":"https:\/\/schema.org","@graph":[{"@type":"Article","@id":"https:\/\/cvinoticias.com\/v3\/los-coreanos-del-sur-seran-mas-jovenes-desde-este-28-de-junio\/#article","isPartOf":{"@id":"https:\/\/cvinoticias.com\/v3\/los-coreanos-del-sur-seran-mas-jovenes-desde-este-28-de-junio\/"},"author":{"name":"f1000024","@id":"https:\/\/cvinoticias.com\/v3\/#\/schema\/person\/2db77e3c6bc03c538495d7b2b8be9b66"},"headline":"Los coreanos del sur ser\u00e1n m\u00e1s j\u00f3venes desde este 28 de junio","datePublished":"2023-06-28T21:11:36+00:00","mainEntityOfPage":{"@id":"https:\/\/cvinoticias.com\/v3\/los-coreanos-del-sur-seran-mas-jovenes-desde-este-28-de-junio\/"},"wordCount":321,"commentCount":0,"publisher":{"@id":"https:\/\/cvinoticias.com\/v3\/#organization"},"image":{"@id":"https:\/\/cvinoticias.com\/v3\/los-coreanos-del-sur-seran-mas-jovenes-desde-este-28-de-junio\/#primaryimage"},"thumbnailUrl":"https:\/\/cvinoticias.com\/wp-content\/uploads\/2023\/06\/resize_1687955328.jpg","articleSection":["Internacionales"],"inLanguage":"es","potentialAction":[{"@type":"CommentAction","name":"Comment","target":["https:\/\/cvinoticias.com\/v3\/los-coreanos-del-sur-seran-mas-jovenes-desde-este-28-de-junio\/#respond"]}]},{"@type":"WebPage","@id":"https:\/\/cvinoticias.com\/v3\/los-coreanos-del-sur-seran-mas-jovenes-desde-este-28-de-junio\/","url":"https:\/\/cvinoticias.com\/v3\/los-coreanos-del-sur-seran-mas-jovenes-desde-este-28-de-junio\/","name":"Los coreanos del sur ser\u00e1n m\u00e1s j\u00f3venes desde este 28 de junio | CVI NOTICIAS","isPartOf":{"@id":"https:\/\/cvinoticias.com\/v3\/#website"},"primaryImageOfPage":{"@id":"https:\/\/cvinoticias.com\/v3\/los-coreanos-del-sur-seran-mas-jovenes-desde-este-28-de-junio\/#primaryimage"},"image":{"@id":"https:\/\/cvinoticias.com\/v3\/los-coreanos-del-sur-seran-mas-jovenes-desde-este-28-de-junio\/#primaryimage"},"thumbnailUrl":"https:\/\/cvinoticias.com\/wp-content\/uploads\/2023\/06\/resize_1687955328.jpg","datePublished":"2023-06-28T21:11:36+00:00","breadcrumb":{"@id":"https:\/\/cvinoticias.com\/v3\/los-coreanos-del-sur-seran-mas-jovenes-desde-este-28-de-junio\/#breadcrumb"},"inLanguage":"es","potentialAction":[{"@type":"ReadAction","target":["https:\/\/cvinoticias.com\/v3\/los-coreanos-del-sur-seran-mas-jovenes-desde-este-28-de-junio\/"]}]},{"@type":"ImageObject","inLanguage":"es","@id":"https:\/\/cvinoticias.com\/v3\/los-coreanos-del-sur-seran-mas-jovenes-desde-este-28-de-junio\/#primaryimage","url":"https:\/\/cvinoticias.com\/wp-content\/uploads\/2023\/06\/resize_1687955328.jpg","contentUrl":"https:\/\/cvinoticias.com\/wp-content\/uploads\/2023\/06\/resize_1687955328.jpg","width":754,"height":535},{"@type":"BreadcrumbList","@id":"https:\/\/cvinoticias.com\/v3\/los-coreanos-del-sur-seran-mas-jovenes-desde-este-28-de-junio\/#breadcrumb","itemListElement":[{"@type":"ListItem","position":1,"name":"Portada","item":"https:\/\/cvinoticias.com\/v3\/"},{"@type":"ListItem","position":2,"name":"Los coreanos del sur ser\u00e1n m\u00e1s j\u00f3venes desde este 28 de junio"}]},{"@type":"WebSite","@id":"https:\/\/cvinoticias.com\/v3\/#website","url":"https:\/\/cvinoticias.com\/v3\/","name":"CVI NOTICIAS","description":"","publisher":{"@id":"https:\/\/cvinoticias.com\/v3\/#organization"},"alternateName":"CVI","potentialAction":[{"@type":"SearchAction","target":{"@type":"EntryPoint","urlTemplate":"https:\/\/cvinoticias.com\/v3\/?s={search_term_string}"},"query-input":{"@type":"PropertyValueSpecification","valueRequired":true,"valueName":"search_term_string"}}],"inLanguage":"es"},{"@type":"Organization","@id":"https:\/\/cvinoticias.com\/v3\/#organization","name":"CVI NOTICIAS","url":"https:\/\/cvinoticias.com\/v3\/","logo":{"@type":"ImageObject","inLanguage":"es","@id":"https:\/\/cvinoticias.com\/v3\/#\/schema\/logo\/image\/","url":"https:\/\/cvinoticias.com\/wp-content\/uploads\/2023\/04\/cropped-cropped-cropped-cropped-cropped-3-1.png","contentUrl":"https:\/\/cvinoticias.com\/wp-content\/uploads\/2023\/04\/cropped-cropped-cropped-cropped-cropped-3-1.png","width":95,"height":122,"caption":"CVI NOTICIAS"},"image":{"@id":"https:\/\/cvinoticias.com\/v3\/#\/schema\/logo\/image\/"},"sameAs":["https:\/\/www.facebook.com\/cvinoticias","https:\/\/www.instagram.com\/cvinoticias\/","https:\/\/www.youtube.com\/@CVINOTICIAS"]},{"@type":"Person","@id":"https:\/\/cvinoticias.com\/v3\/#\/schema\/person\/2db77e3c6bc03c538495d7b2b8be9b66","name":"f1000024","image":{"@type":"ImageObject","inLanguage":"es","@id":"https:\/\/secure.gravatar.com\/avatar\/d4fe7459cfc51ff5129ce1a732bbef5928568b8092d412ef95611616376bbeed?s=96&d=mm&r=g","url":"https:\/\/secure.gravatar.com\/avatar\/d4fe7459cfc51ff5129ce1a732bbef5928568b8092d412ef95611616376bbeed?s=96&d=mm&r=g","contentUrl":"https:\/\/secure.gravatar.com\/avatar\/d4fe7459cfc51ff5129ce1a732bbef5928568b8092d412ef95611616376bbeed?s=96&d=mm&r=g","caption":"f1000024"},"url":"https:\/\/cvinoticias.com\/v3\/author\/f1000024\/"}]}},"_links":{"self":[{"href":"https:\/\/cvinoticias.com\/v3\/wp-json\/wp\/v2\/posts\/25838","targetHints":{"allow":["GET"]}}],"collection":[{"href":"https:\/\/cvinoticias.com\/v3\/wp-json\/wp\/v2\/posts"}],"about":[{"href":"https:\/\/cvinoticias.com\/v3\/wp-json\/wp\/v2\/types\/post"}],"author":[{"embeddable":true,"href":"https:\/\/cvinoticias.com\/v3\/wp-json\/wp\/v2\/users\/2"}],"replies":[{"embeddable":true,"href":"https:\/\/cvinoticias.com\/v3\/wp-json\/wp\/v2\/comments?post=25838"}],"version-history":[{"count":1,"href":"https:\/\/cvinoticias.com\/v3\/wp-json\/wp\/v2\/posts\/25838\/revisions"}],"predecessor-version":[{"id":25840,"href":"https:\/\/cvinoticias.com\/v3\/wp-json\/wp\/v2\/posts\/25838\/revisions\/25840"}],"wp:featuredmedia":[{"embeddable":true,"href":"https:\/\/cvinoticias.com\/v3\/wp-json\/wp\/v2\/media\/25839"}],"wp:attachment":[{"href":"https:\/\/cvinoticias.com\/v3\/wp-json\/wp\/v2\/media?parent=25838"}],"wp:term":[{"taxonomy":"category","embeddable":true,"href":"https:\/\/cvinoticias.com\/v3\/wp-json\/wp\/v2\/categories?post=25838"},{"taxonomy":"post_tag","embeddable":true,"href":"https:\/\/cvinoticias.com\/v3\/wp-json\/wp\/v2\/tags?post=25838"}],"curies":[{"name":"wp","href":"https:\/\/api.w.org\/{rel}","templated":true}]}}