{"id":25832,"date":"2023-06-28T20:54:15","date_gmt":"2023-06-28T20:54:15","guid":{"rendered":"https:\/\/cvinoticias.com\/v3\/?p=25832"},"modified":"2023-06-28T20:54:15","modified_gmt":"2023-06-28T20:54:15","slug":"la-cumbre-del-mercosur-y-el-recambio-presidencial-en-paraguay","status":"publish","type":"post","link":"https:\/\/cvinoticias.com\/v3\/la-cumbre-del-mercosur-y-el-recambio-presidencial-en-paraguay\/","title":{"rendered":"La Cumbre del Mercosur y el recambio presidencial en Paraguay"},"content":{"rendered":"\n<p><strong><em>Argentina celebrar\u00e1 el 3 y 4 de julio en Puerto Iguaz\u00fa, la LXII Reuni\u00f3n del Consejo del Mercado Com\u00fan y Cumbre de Jefes y Jefas de estado del Mercosur y Estados Asociados.<\/em><\/strong><\/p>\n\n\n\n<p>Bajo la Presidencia Pro Tempore Argentina (PPTA), la provincia de Misiones ser\u00e1 el escenario de las reuniones que dar\u00e1n fin al semestre. En la Cumbre del Mercosur, el presidente argentino Alberto Fern\u00e1ndez ceder\u00e1 la PPT a Lula da Silva, primer mandatario de Brasil. El presidente electo paraguayo Santiago Pe\u00f1a fue invitado a participar de la reuni\u00f3n por el actual mandatario Abdo Ben\u00edtez.<\/p>\n\n\n\n<p>Previamente, el canciller Santiago Cafiero coordinar\u00e1 la Reuni\u00f3n Ordinaria del Consejo del Mercado Com\u00fan (CMC), en la que participar\u00e1n los ministros de Relaciones Exteriores de la regi\u00f3n, y en la que se pondr\u00e1 en conocimiento el informe a modo de balance de la PPTA. Tambi\u00e9n estar\u00e1n presentes Ministros de Econom\u00eda de la regi\u00f3n.<\/p>\n\n\n\n<p>El evento, que se desarrollar\u00e1 en el Hotel Gran Meli\u00e1, ubicado dentro del Parque Nacional Iguaz\u00fa, constituir\u00e1 la culminaci\u00f3n del trabajo realizado por nuestro pa\u00eds en el \u00faltimo semestre y el inicio de la nueva Presidencia Pro Tempore, que quedar\u00e1 en manos de Brasil. El principal objetivo de Lula da Silva era el de lograr cerrar el Acuerdo Mercosur-UE hacia fines de este a\u00f1o, pero nuevas disposiciones que se suman a las restricciones para las exportaciones sudamericanas presentadas en marzo relacionadas con la cuesti\u00f3n ambiental, trabar\u00e1n seriamente la firma del tratado.<\/p>\n\n\n\n<p>El futuro canciller paraguayo propone integraci\u00f3n de producci\u00f3n primaria en cadenas productivas<\/p>\n\n\n\n<p>El ministro de Relaciones Exteriores designado por el presidente electo Santiago Pe\u00f1a, Rub\u00e9n Ram\u00edrez Lezcano, dio a conocer en una entrevista radial, su apuesta por potenciar la producci\u00f3n de soja, ma\u00edz, arroz, carne vacuna y otros productos a trav\u00e9s del bloque comercial.<\/p>\n\n\n\n<p>\u201cLa visi\u00f3n general es la integraci\u00f3n de Paraguay al mundo, la inserci\u00f3n regional. Tenemos que sentarnos a discutir a reperfilar el Mercosur que nos permita un desarrollo potente de las cadenas productivas\u201d, sostuvo Ram\u00edrez Lezcano.<\/p>\n\n\n\n<p>Esto tiene que ver con producir valor agregado a trav\u00e9s de reformas estructurales que permitan producir m\u00e1s industrias y servicios apuntalando a la producci\u00f3n primaria compuesta por los principales sectores. \u201cQue el Mercosur sea una plataforma de proyecci\u00f3n de Paraguay a los mercados internacionales. Hay una intenci\u00f3n de abordar el mercado asi\u00e1tico que tiene mucho potencial para nosotros\u201d, se\u00f1al\u00f3 el futuro jefe diplom\u00e1tico en la entrevista.<\/p>\n\n\n\n<p>Se trabajar\u00e1 con un cronograma de ejecuci\u00f3n que contar\u00e1 con metas ambiciosas, pero cumplibles, adem\u00e1s de tratar temas como Yacyret\u00e1 e Itaip\u00fa, a los cuales calific\u00f3 de unos de los activos paraguayos m\u00e1s importantes, destac\u00f3 Ram\u00edrez dentro de su agenda Mercosur.<\/p>\n","protected":false},"excerpt":{"rendered":"<p>Argentina celebrar\u00e1 el 3 y 4 de julio en Puerto Iguaz\u00fa, la LXII Reuni\u00f3n del Consejo del Mercado Com\u00fan y Cumbre de Jefes y Jefas de estado del Mercosur y Estados Asociados. Bajo la Presidencia Pro Tempore Argentina (PPTA), la provincia de Misiones ser\u00e1 el escenario de las reuniones que dar\u00e1n fin al semestre. En [&hellip;]<\/p>\n","protected":false},"author":2,"featured_media":25833,"comment_status":"open","ping_status":"open","sticky":false,"template":"","format":"standard","meta":{"footnotes":""},"categories":[29],"tags":[],"class_list":["post-25832","post","type-post","status-publish","format-standard","has-post-thumbnail","hentry","category-locales"],"yoast_head":"<!-- This site is optimized with the Yoast SEO plugin v27.5 - https:\/\/yoast.com\/product\/yoast-seo-wordpress\/ -->\n<title>La Cumbre del Mercosur y el recambio presidencial en Paraguay | CVI NOTICIAS<\/title>\n<meta name=\"robots\" content=\"index, follow, max-snippet:-1, max-image-preview:large, max-video-preview:-1\" \/>\n<link rel=\"canonical\" href=\"https:\/\/cvinoticias.com\/v3\/la-cumbre-del-mercosur-y-el-recambio-presidencial-en-paraguay\/\" \/>\n<meta property=\"og:locale\" content=\"es_ES\" \/>\n<meta property=\"og:type\" content=\"article\" \/>\n<meta property=\"og:title\" content=\"La Cumbre del Mercosur y el recambio presidencial en Paraguay | CVI NOTICIAS\" \/>\n<meta property=\"og:description\" content=\"Argentina celebrar\u00e1 el 3 y 4 de julio en Puerto Iguaz\u00fa, la LXII Reuni\u00f3n del Consejo del Mercado Com\u00fan y Cumbre de Jefes y Jefas de estado del Mercosur y Estados Asociados. Bajo la Presidencia Pro Tempore Argentina (PPTA), la provincia de Misiones ser\u00e1 el escenario de las reuniones que dar\u00e1n fin al semestre. En [&hellip;]\" \/>\n<meta property=\"og:url\" content=\"https:\/\/cvinoticias.com\/v3\/la-cumbre-del-mercosur-y-el-recambio-presidencial-en-paraguay\/\" \/>\n<meta property=\"og:site_name\" content=\"CVI NOTICIAS\" \/>\n<meta property=\"article:publisher\" content=\"https:\/\/www.facebook.com\/cvinoticias\" \/>\n<meta property=\"article:published_time\" content=\"2023-06-28T20:54:15+00:00\" \/>\n<meta property=\"og:image\" content=\"https:\/\/cvinoticias.com\/wp-content\/uploads\/2023\/06\/6150-1.jpg\" \/>\n\t<meta property=\"og:image:width\" content=\"750\" \/>\n\t<meta property=\"og:image:height\" content=\"469\" \/>\n\t<meta property=\"og:image:type\" content=\"image\/jpeg\" \/>\n<meta name=\"author\" content=\"f1000024\" \/>\n<meta name=\"twitter:card\" content=\"summary_large_image\" \/>\n<meta name=\"twitter:label1\" content=\"Escrito por\" \/>\n\t<meta name=\"twitter:data1\" content=\"f1000024\" \/>\n\t<meta name=\"twitter:label2\" content=\"Tiempo de lectura\" \/>\n\t<meta name=\"twitter:data2\" content=\"2 minutos\" \/>\n<script type=\"application\/ld+json\" class=\"yoast-schema-graph\">{\"@context\":\"https:\\\/\\\/schema.org\",\"@graph\":[{\"@type\":\"Article\",\"@id\":\"https:\\\/\\\/cvinoticias.com\\\/v3\\\/la-cumbre-del-mercosur-y-el-recambio-presidencial-en-paraguay\\\/#article\",\"isPartOf\":{\"@id\":\"https:\\\/\\\/cvinoticias.com\\\/v3\\\/la-cumbre-del-mercosur-y-el-recambio-presidencial-en-paraguay\\\/\"},\"author\":{\"name\":\"f1000024\",\"@id\":\"https:\\\/\\\/cvinoticias.com\\\/v3\\\/#\\\/schema\\\/person\\\/2db77e3c6bc03c538495d7b2b8be9b66\"},\"headline\":\"La Cumbre del Mercosur y el recambio presidencial en Paraguay\",\"datePublished\":\"2023-06-28T20:54:15+00:00\",\"mainEntityOfPage\":{\"@id\":\"https:\\\/\\\/cvinoticias.com\\\/v3\\\/la-cumbre-del-mercosur-y-el-recambio-presidencial-en-paraguay\\\/\"},\"wordCount\":486,\"commentCount\":0,\"publisher\":{\"@id\":\"https:\\\/\\\/cvinoticias.com\\\/v3\\\/#organization\"},\"image\":{\"@id\":\"https:\\\/\\\/cvinoticias.com\\\/v3\\\/la-cumbre-del-mercosur-y-el-recambio-presidencial-en-paraguay\\\/#primaryimage\"},\"thumbnailUrl\":\"https:\\\/\\\/cvinoticias.com\\\/wp-content\\\/uploads\\\/2023\\\/06\\\/6150-1.jpg\",\"articleSection\":[\"Locales\"],\"inLanguage\":\"es\",\"potentialAction\":[{\"@type\":\"CommentAction\",\"name\":\"Comment\",\"target\":[\"https:\\\/\\\/cvinoticias.com\\\/v3\\\/la-cumbre-del-mercosur-y-el-recambio-presidencial-en-paraguay\\\/#respond\"]}]},{\"@type\":\"WebPage\",\"@id\":\"https:\\\/\\\/cvinoticias.com\\\/v3\\\/la-cumbre-del-mercosur-y-el-recambio-presidencial-en-paraguay\\\/\",\"url\":\"https:\\\/\\\/cvinoticias.com\\\/v3\\\/la-cumbre-del-mercosur-y-el-recambio-presidencial-en-paraguay\\\/\",\"name\":\"La Cumbre del Mercosur y el recambio presidencial en Paraguay | CVI NOTICIAS\",\"isPartOf\":{\"@id\":\"https:\\\/\\\/cvinoticias.com\\\/v3\\\/#website\"},\"primaryImageOfPage\":{\"@id\":\"https:\\\/\\\/cvinoticias.com\\\/v3\\\/la-cumbre-del-mercosur-y-el-recambio-presidencial-en-paraguay\\\/#primaryimage\"},\"image\":{\"@id\":\"https:\\\/\\\/cvinoticias.com\\\/v3\\\/la-cumbre-del-mercosur-y-el-recambio-presidencial-en-paraguay\\\/#primaryimage\"},\"thumbnailUrl\":\"https:\\\/\\\/cvinoticias.com\\\/wp-content\\\/uploads\\\/2023\\\/06\\\/6150-1.jpg\",\"datePublished\":\"2023-06-28T20:54:15+00:00\",\"breadcrumb\":{\"@id\":\"https:\\\/\\\/cvinoticias.com\\\/v3\\\/la-cumbre-del-mercosur-y-el-recambio-presidencial-en-paraguay\\\/#breadcrumb\"},\"inLanguage\":\"es\",\"potentialAction\":[{\"@type\":\"ReadAction\",\"target\":[\"https:\\\/\\\/cvinoticias.com\\\/v3\\\/la-cumbre-del-mercosur-y-el-recambio-presidencial-en-paraguay\\\/\"]}]},{\"@type\":\"ImageObject\",\"inLanguage\":\"es\",\"@id\":\"https:\\\/\\\/cvinoticias.com\\\/v3\\\/la-cumbre-del-mercosur-y-el-recambio-presidencial-en-paraguay\\\/#primaryimage\",\"url\":\"https:\\\/\\\/cvinoticias.com\\\/wp-content\\\/uploads\\\/2023\\\/06\\\/6150-1.jpg\",\"contentUrl\":\"https:\\\/\\\/cvinoticias.com\\\/wp-content\\\/uploads\\\/2023\\\/06\\\/6150-1.jpg\",\"width\":750,\"height\":469},{\"@type\":\"BreadcrumbList\",\"@id\":\"https:\\\/\\\/cvinoticias.com\\\/v3\\\/la-cumbre-del-mercosur-y-el-recambio-presidencial-en-paraguay\\\/#breadcrumb\",\"itemListElement\":[{\"@type\":\"ListItem\",\"position\":1,\"name\":\"Portada\",\"item\":\"https:\\\/\\\/cvinoticias.com\\\/v3\\\/\"},{\"@type\":\"ListItem\",\"position\":2,\"name\":\"La Cumbre del Mercosur y el recambio presidencial en Paraguay\"}]},{\"@type\":\"WebSite\",\"@id\":\"https:\\\/\\\/cvinoticias.com\\\/v3\\\/#website\",\"url\":\"https:\\\/\\\/cvinoticias.com\\\/v3\\\/\",\"name\":\"CVI NOTICIAS\",\"description\":\"\",\"publisher\":{\"@id\":\"https:\\\/\\\/cvinoticias.com\\\/v3\\\/#organization\"},\"alternateName\":\"CVI\",\"potentialAction\":[{\"@type\":\"SearchAction\",\"target\":{\"@type\":\"EntryPoint\",\"urlTemplate\":\"https:\\\/\\\/cvinoticias.com\\\/v3\\\/?s={search_term_string}\"},\"query-input\":{\"@type\":\"PropertyValueSpecification\",\"valueRequired\":true,\"valueName\":\"search_term_string\"}}],\"inLanguage\":\"es\"},{\"@type\":\"Organization\",\"@id\":\"https:\\\/\\\/cvinoticias.com\\\/v3\\\/#organization\",\"name\":\"CVI NOTICIAS\",\"url\":\"https:\\\/\\\/cvinoticias.com\\\/v3\\\/\",\"logo\":{\"@type\":\"ImageObject\",\"inLanguage\":\"es\",\"@id\":\"https:\\\/\\\/cvinoticias.com\\\/v3\\\/#\\\/schema\\\/logo\\\/image\\\/\",\"url\":\"https:\\\/\\\/cvinoticias.com\\\/wp-content\\\/uploads\\\/2023\\\/04\\\/cropped-cropped-cropped-cropped-cropped-3-1.png\",\"contentUrl\":\"https:\\\/\\\/cvinoticias.com\\\/wp-content\\\/uploads\\\/2023\\\/04\\\/cropped-cropped-cropped-cropped-cropped-3-1.png\",\"width\":95,\"height\":122,\"caption\":\"CVI NOTICIAS\"},\"image\":{\"@id\":\"https:\\\/\\\/cvinoticias.com\\\/v3\\\/#\\\/schema\\\/logo\\\/image\\\/\"},\"sameAs\":[\"https:\\\/\\\/www.facebook.com\\\/cvinoticias\",\"https:\\\/\\\/www.instagram.com\\\/cvinoticias\\\/\",\"https:\\\/\\\/www.youtube.com\\\/@CVINOTICIAS\"]},{\"@type\":\"Person\",\"@id\":\"https:\\\/\\\/cvinoticias.com\\\/v3\\\/#\\\/schema\\\/person\\\/2db77e3c6bc03c538495d7b2b8be9b66\",\"name\":\"f1000024\",\"image\":{\"@type\":\"ImageObject\",\"inLanguage\":\"es\",\"@id\":\"https:\\\/\\\/secure.gravatar.com\\\/avatar\\\/d4fe7459cfc51ff5129ce1a732bbef5928568b8092d412ef95611616376bbeed?s=96&d=mm&r=g\",\"url\":\"https:\\\/\\\/secure.gravatar.com\\\/avatar\\\/d4fe7459cfc51ff5129ce1a732bbef5928568b8092d412ef95611616376bbeed?s=96&d=mm&r=g\",\"contentUrl\":\"https:\\\/\\\/secure.gravatar.com\\\/avatar\\\/d4fe7459cfc51ff5129ce1a732bbef5928568b8092d412ef95611616376bbeed?s=96&d=mm&r=g\",\"caption\":\"f1000024\"},\"url\":\"https:\\\/\\\/cvinoticias.com\\\/v3\\\/author\\\/f1000024\\\/\"}]}<\/script>\n<!-- \/ Yoast SEO plugin. -->","yoast_head_json":{"title":"La Cumbre del Mercosur y el recambio presidencial en Paraguay | CVI NOTICIAS","robots":{"index":"index","follow":"follow","max-snippet":"max-snippet:-1","max-image-preview":"max-image-preview:large","max-video-preview":"max-video-preview:-1"},"canonical":"https:\/\/cvinoticias.com\/v3\/la-cumbre-del-mercosur-y-el-recambio-presidencial-en-paraguay\/","og_locale":"es_ES","og_type":"article","og_title":"La Cumbre del Mercosur y el recambio presidencial en Paraguay | CVI NOTICIAS","og_description":"Argentina celebrar\u00e1 el 3 y 4 de julio en Puerto Iguaz\u00fa, la LXII Reuni\u00f3n del Consejo del Mercado Com\u00fan y Cumbre de Jefes y Jefas de estado del Mercosur y Estados Asociados. Bajo la Presidencia Pro Tempore Argentina (PPTA), la provincia de Misiones ser\u00e1 el escenario de las reuniones que dar\u00e1n fin al semestre. En [&hellip;]","og_url":"https:\/\/cvinoticias.com\/v3\/la-cumbre-del-mercosur-y-el-recambio-presidencial-en-paraguay\/","og_site_name":"CVI NOTICIAS","article_publisher":"https:\/\/www.facebook.com\/cvinoticias","article_published_time":"2023-06-28T20:54:15+00:00","og_image":[{"width":750,"height":469,"url":"https:\/\/cvinoticias.com\/wp-content\/uploads\/2023\/06\/6150-1.jpg","type":"image\/jpeg"}],"author":"f1000024","twitter_card":"summary_large_image","twitter_misc":{"Escrito por":"f1000024","Tiempo de lectura":"2 minutos"},"schema":{"@context":"https:\/\/schema.org","@graph":[{"@type":"Article","@id":"https:\/\/cvinoticias.com\/v3\/la-cumbre-del-mercosur-y-el-recambio-presidencial-en-paraguay\/#article","isPartOf":{"@id":"https:\/\/cvinoticias.com\/v3\/la-cumbre-del-mercosur-y-el-recambio-presidencial-en-paraguay\/"},"author":{"name":"f1000024","@id":"https:\/\/cvinoticias.com\/v3\/#\/schema\/person\/2db77e3c6bc03c538495d7b2b8be9b66"},"headline":"La Cumbre del Mercosur y el recambio presidencial en Paraguay","datePublished":"2023-06-28T20:54:15+00:00","mainEntityOfPage":{"@id":"https:\/\/cvinoticias.com\/v3\/la-cumbre-del-mercosur-y-el-recambio-presidencial-en-paraguay\/"},"wordCount":486,"commentCount":0,"publisher":{"@id":"https:\/\/cvinoticias.com\/v3\/#organization"},"image":{"@id":"https:\/\/cvinoticias.com\/v3\/la-cumbre-del-mercosur-y-el-recambio-presidencial-en-paraguay\/#primaryimage"},"thumbnailUrl":"https:\/\/cvinoticias.com\/wp-content\/uploads\/2023\/06\/6150-1.jpg","articleSection":["Locales"],"inLanguage":"es","potentialAction":[{"@type":"CommentAction","name":"Comment","target":["https:\/\/cvinoticias.com\/v3\/la-cumbre-del-mercosur-y-el-recambio-presidencial-en-paraguay\/#respond"]}]},{"@type":"WebPage","@id":"https:\/\/cvinoticias.com\/v3\/la-cumbre-del-mercosur-y-el-recambio-presidencial-en-paraguay\/","url":"https:\/\/cvinoticias.com\/v3\/la-cumbre-del-mercosur-y-el-recambio-presidencial-en-paraguay\/","name":"La Cumbre del Mercosur y el recambio presidencial en Paraguay | CVI NOTICIAS","isPartOf":{"@id":"https:\/\/cvinoticias.com\/v3\/#website"},"primaryImageOfPage":{"@id":"https:\/\/cvinoticias.com\/v3\/la-cumbre-del-mercosur-y-el-recambio-presidencial-en-paraguay\/#primaryimage"},"image":{"@id":"https:\/\/cvinoticias.com\/v3\/la-cumbre-del-mercosur-y-el-recambio-presidencial-en-paraguay\/#primaryimage"},"thumbnailUrl":"https:\/\/cvinoticias.com\/wp-content\/uploads\/2023\/06\/6150-1.jpg","datePublished":"2023-06-28T20:54:15+00:00","breadcrumb":{"@id":"https:\/\/cvinoticias.com\/v3\/la-cumbre-del-mercosur-y-el-recambio-presidencial-en-paraguay\/#breadcrumb"},"inLanguage":"es","potentialAction":[{"@type":"ReadAction","target":["https:\/\/cvinoticias.com\/v3\/la-cumbre-del-mercosur-y-el-recambio-presidencial-en-paraguay\/"]}]},{"@type":"ImageObject","inLanguage":"es","@id":"https:\/\/cvinoticias.com\/v3\/la-cumbre-del-mercosur-y-el-recambio-presidencial-en-paraguay\/#primaryimage","url":"https:\/\/cvinoticias.com\/wp-content\/uploads\/2023\/06\/6150-1.jpg","contentUrl":"https:\/\/cvinoticias.com\/wp-content\/uploads\/2023\/06\/6150-1.jpg","width":750,"height":469},{"@type":"BreadcrumbList","@id":"https:\/\/cvinoticias.com\/v3\/la-cumbre-del-mercosur-y-el-recambio-presidencial-en-paraguay\/#breadcrumb","itemListElement":[{"@type":"ListItem","position":1,"name":"Portada","item":"https:\/\/cvinoticias.com\/v3\/"},{"@type":"ListItem","position":2,"name":"La Cumbre del Mercosur y el recambio presidencial en Paraguay"}]},{"@type":"WebSite","@id":"https:\/\/cvinoticias.com\/v3\/#website","url":"https:\/\/cvinoticias.com\/v3\/","name":"CVI NOTICIAS","description":"","publisher":{"@id":"https:\/\/cvinoticias.com\/v3\/#organization"},"alternateName":"CVI","potentialAction":[{"@type":"SearchAction","target":{"@type":"EntryPoint","urlTemplate":"https:\/\/cvinoticias.com\/v3\/?s={search_term_string}"},"query-input":{"@type":"PropertyValueSpecification","valueRequired":true,"valueName":"search_term_string"}}],"inLanguage":"es"},{"@type":"Organization","@id":"https:\/\/cvinoticias.com\/v3\/#organization","name":"CVI NOTICIAS","url":"https:\/\/cvinoticias.com\/v3\/","logo":{"@type":"ImageObject","inLanguage":"es","@id":"https:\/\/cvinoticias.com\/v3\/#\/schema\/logo\/image\/","url":"https:\/\/cvinoticias.com\/wp-content\/uploads\/2023\/04\/cropped-cropped-cropped-cropped-cropped-3-1.png","contentUrl":"https:\/\/cvinoticias.com\/wp-content\/uploads\/2023\/04\/cropped-cropped-cropped-cropped-cropped-3-1.png","width":95,"height":122,"caption":"CVI NOTICIAS"},"image":{"@id":"https:\/\/cvinoticias.com\/v3\/#\/schema\/logo\/image\/"},"sameAs":["https:\/\/www.facebook.com\/cvinoticias","https:\/\/www.instagram.com\/cvinoticias\/","https:\/\/www.youtube.com\/@CVINOTICIAS"]},{"@type":"Person","@id":"https:\/\/cvinoticias.com\/v3\/#\/schema\/person\/2db77e3c6bc03c538495d7b2b8be9b66","name":"f1000024","image":{"@type":"ImageObject","inLanguage":"es","@id":"https:\/\/secure.gravatar.com\/avatar\/d4fe7459cfc51ff5129ce1a732bbef5928568b8092d412ef95611616376bbeed?s=96&d=mm&r=g","url":"https:\/\/secure.gravatar.com\/avatar\/d4fe7459cfc51ff5129ce1a732bbef5928568b8092d412ef95611616376bbeed?s=96&d=mm&r=g","contentUrl":"https:\/\/secure.gravatar.com\/avatar\/d4fe7459cfc51ff5129ce1a732bbef5928568b8092d412ef95611616376bbeed?s=96&d=mm&r=g","caption":"f1000024"},"url":"https:\/\/cvinoticias.com\/v3\/author\/f1000024\/"}]}},"_links":{"self":[{"href":"https:\/\/cvinoticias.com\/v3\/wp-json\/wp\/v2\/posts\/25832","targetHints":{"allow":["GET"]}}],"collection":[{"href":"https:\/\/cvinoticias.com\/v3\/wp-json\/wp\/v2\/posts"}],"about":[{"href":"https:\/\/cvinoticias.com\/v3\/wp-json\/wp\/v2\/types\/post"}],"author":[{"embeddable":true,"href":"https:\/\/cvinoticias.com\/v3\/wp-json\/wp\/v2\/users\/2"}],"replies":[{"embeddable":true,"href":"https:\/\/cvinoticias.com\/v3\/wp-json\/wp\/v2\/comments?post=25832"}],"version-history":[{"count":1,"href":"https:\/\/cvinoticias.com\/v3\/wp-json\/wp\/v2\/posts\/25832\/revisions"}],"predecessor-version":[{"id":25834,"href":"https:\/\/cvinoticias.com\/v3\/wp-json\/wp\/v2\/posts\/25832\/revisions\/25834"}],"wp:featuredmedia":[{"embeddable":true,"href":"https:\/\/cvinoticias.com\/v3\/wp-json\/wp\/v2\/media\/25833"}],"wp:attachment":[{"href":"https:\/\/cvinoticias.com\/v3\/wp-json\/wp\/v2\/media?parent=25832"}],"wp:term":[{"taxonomy":"category","embeddable":true,"href":"https:\/\/cvinoticias.com\/v3\/wp-json\/wp\/v2\/categories?post=25832"},{"taxonomy":"post_tag","embeddable":true,"href":"https:\/\/cvinoticias.com\/v3\/wp-json\/wp\/v2\/tags?post=25832"}],"curies":[{"name":"wp","href":"https:\/\/api.w.org\/{rel}","templated":true}]}}