{"id":25829,"date":"2023-06-28T15:16:43","date_gmt":"2023-06-28T15:16:43","guid":{"rendered":"https:\/\/cvinoticias.com\/v3\/?p=25829"},"modified":"2023-06-28T15:16:43","modified_gmt":"2023-06-28T15:16:43","slug":"productores-destacan-el-gran-cambio-de-sus-cultivos-tras-el-uso-de-bioinsumos","status":"publish","type":"post","link":"https:\/\/cvinoticias.com\/v3\/productores-destacan-el-gran-cambio-de-sus-cultivos-tras-el-uso-de-bioinsumos\/","title":{"rendered":"Productores destacan el gran cambio de sus cultivos, tras el uso de bioinsumos"},"content":{"rendered":"\n<p><strong><em>Repercute no s\u00f3lo en el crecimiento sino tambi\u00e9n en el sabor de frutas y verduras, asegur\u00f3 Perla Machoriski, productora de Cerro Cor\u00e1. Resalt\u00f3 que cada vez m\u00e1s se implementa en las chacras insumos naturales.<\/em><\/strong><\/p>\n\n\n\n<p>La implementaci\u00f3n de bioinsumos en la agricultura de Misiones demuestra resultados positivos. Estos productos ofrecen beneficios en la calidad de los alimentos y hacen m\u00e1s sustentable el proceso productivo. As\u00ed lo aseguran productores que ya hacen uso de los productos biol\u00f3gicos en la provincia, public\u00f3 Canal 12.<\/p>\n\n\n\n<p>Cabe destacar que por iniciativa del presidente de la Legislatura, Carlos Rovira, los diputados establecieron en la \u00faltima sesi\u00f3n el marco regulatorio para el uso, desarrollo, producci\u00f3n y comercializaci\u00f3n de productos biol\u00f3gicos naturales. Se trata de una norma \u00fanica en el pa\u00eds, ubicando a Misiones como la primera provincia que estudia, produce y aplica bioinsumos en la agricultura como proactiva y con visi\u00f3n de calidad de vida y de futuro.<\/p>\n\n\n\n<p>Perla Machoriski produce todo tipo de verduras, adem\u00e1s cultiva frutillas y c\u00edtricos en su chacra emplazada en Cerro Cor\u00e1. \u201cDesde que supe que Agricultura Familiar empez\u00f3 a repartir bioinsumos, prob\u00e9 y anda lindo en la verdura\u201d, explic\u00f3 a LT17. Adem\u00e1s, coment\u00f3 que no quiere \u201cponerle qu\u00edmicos a sus plantas\u201d; as\u00ed promueve el consumo saludable y el cuidado del ambiente.<br>\u201cPara no contaminar la tierra tambi\u00e9n, porque tenemos que cuidar nuestra tierra, nuestro lugar donde vivimos\u201d, a\u00f1adi\u00f3.<\/p>\n\n\n\n<p>Una apuesta provincial al agro sustentable<\/p>\n\n\n\n<p>El Ministerio de Agricultura Familiar, a trav\u00e9s de sus t\u00e9cnicos, provee los bioinsumos. Cada vez m\u00e1s productores adoptan esta pr\u00e1ctica. En la zona de Cerro Cor\u00e1 cientos est\u00e1n implementando en sus chacras productos naturales.<\/p>\n\n\n\n<p>La agricultura sustentable gana terreno en la provincia, promueve una forma de producci\u00f3n m\u00e1s amigable con el medio ambiente y la salud de los consumidores.<\/p>\n\n\n\n<p>La productora destac\u00f3 que con el uso de bioinsumos sus plantas \u201cest\u00e1n hermosas\u201d. Que el cambio es notable incluso en el sabor de las frutas y verduras. Se\u00f1al\u00f3 que en el trasplante de cebollitas y frutillas \u201cel abono org\u00e1nico ayuda a que la planta se agarre mejor a la tierra y no sufre, le ayuda bastante\u201d.<\/p>\n\n\n\n<p>Machoriski lleva adelante su producci\u00f3n agr\u00edcola junto a su hijo. Sabe que el uso de bioinsumos le agrega valor a sus cultivos, que comercializa los s\u00e1bados en la feria de Garup\u00e1.<\/p>\n\n\n\n<p>Bioinsumos que alargan la vida del agro misionero<br>La productora de Cerro Cor\u00e1 explic\u00f3 que sus productos son seguros para el consumo. Los alimentos que cultiva no contienen residuos qu\u00edmicos, utiliza principalmente productos de base org\u00e1nica. Misiones apuesta a la producci\u00f3n de alimentos sanos y cuida el ambiente. Mediante legislaci\u00f3n que promueve la aplicaci\u00f3n de insumos naturales y proh\u00edben el uso de qu\u00edmicos en la agricultura.<\/p>\n\n\n\n<p>Los bioinsumos muestran excelentes resultados en los cultivos. Tienen la capacidad de controlar plagas y mejorar el rendimiento y son productos org\u00e1nicos amigables con el entorno. Lo que adem\u00e1s aporta tranquilidad a los productores al trabajar con estos productos sin ning\u00fan tipo de riesgo. Distintos organismos llevan adelante la entrega de los productos en la provincia entre los que se encuentran, adem\u00e1s el ministerio de Agricultura Familiar, el IFAI y el ministerio del Agro y la Producci\u00f3n.<\/p>\n","protected":false},"excerpt":{"rendered":"<p>Repercute no s\u00f3lo en el crecimiento sino tambi\u00e9n en el sabor de frutas y verduras, asegur\u00f3 Perla Machoriski, productora de Cerro Cor\u00e1. Resalt\u00f3 que cada vez m\u00e1s se implementa en las chacras insumos naturales. La implementaci\u00f3n de bioinsumos en la agricultura de Misiones demuestra resultados positivos. Estos productos ofrecen beneficios en la calidad de los [&hellip;]<\/p>\n","protected":false},"author":2,"featured_media":25830,"comment_status":"open","ping_status":"open","sticky":false,"template":"","format":"standard","meta":{"footnotes":""},"categories":[28],"tags":[],"class_list":["post-25829","post","type-post","status-publish","format-standard","has-post-thumbnail","hentry","category-agro-y-produccion"],"yoast_head":"<!-- This site is optimized with the Yoast SEO plugin v27.5 - https:\/\/yoast.com\/product\/yoast-seo-wordpress\/ -->\n<title>Productores destacan el gran cambio de sus cultivos, tras el uso de bioinsumos | CVI NOTICIAS<\/title>\n<meta name=\"robots\" content=\"index, follow, max-snippet:-1, max-image-preview:large, max-video-preview:-1\" \/>\n<link rel=\"canonical\" href=\"https:\/\/cvinoticias.com\/v3\/productores-destacan-el-gran-cambio-de-sus-cultivos-tras-el-uso-de-bioinsumos\/\" \/>\n<meta property=\"og:locale\" content=\"es_ES\" \/>\n<meta property=\"og:type\" content=\"article\" \/>\n<meta property=\"og:title\" content=\"Productores destacan el gran cambio de sus cultivos, tras el uso de bioinsumos | CVI NOTICIAS\" \/>\n<meta property=\"og:description\" content=\"Repercute no s\u00f3lo en el crecimiento sino tambi\u00e9n en el sabor de frutas y verduras, asegur\u00f3 Perla Machoriski, productora de Cerro Cor\u00e1. Resalt\u00f3 que cada vez m\u00e1s se implementa en las chacras insumos naturales. La implementaci\u00f3n de bioinsumos en la agricultura de Misiones demuestra resultados positivos. Estos productos ofrecen beneficios en la calidad de los [&hellip;]\" \/>\n<meta property=\"og:url\" content=\"https:\/\/cvinoticias.com\/v3\/productores-destacan-el-gran-cambio-de-sus-cultivos-tras-el-uso-de-bioinsumos\/\" \/>\n<meta property=\"og:site_name\" content=\"CVI NOTICIAS\" \/>\n<meta property=\"article:publisher\" content=\"https:\/\/www.facebook.com\/cvinoticias\" \/>\n<meta property=\"article:published_time\" content=\"2023-06-28T15:16:43+00:00\" \/>\n<meta property=\"og:image\" content=\"https:\/\/cvinoticias.com\/wp-content\/uploads\/2023\/06\/IMG-20230628-WA0025.jpg\" \/>\n\t<meta property=\"og:image:width\" content=\"1089\" \/>\n\t<meta property=\"og:image:height\" content=\"730\" \/>\n\t<meta property=\"og:image:type\" content=\"image\/jpeg\" \/>\n<meta name=\"author\" content=\"f1000024\" \/>\n<meta name=\"twitter:card\" content=\"summary_large_image\" \/>\n<meta name=\"twitter:label1\" content=\"Escrito por\" \/>\n\t<meta name=\"twitter:data1\" content=\"f1000024\" \/>\n\t<meta name=\"twitter:label2\" content=\"Tiempo de lectura\" \/>\n\t<meta name=\"twitter:data2\" content=\"3 minutos\" \/>\n<script type=\"application\/ld+json\" class=\"yoast-schema-graph\">{\"@context\":\"https:\\\/\\\/schema.org\",\"@graph\":[{\"@type\":\"Article\",\"@id\":\"https:\\\/\\\/cvinoticias.com\\\/v3\\\/productores-destacan-el-gran-cambio-de-sus-cultivos-tras-el-uso-de-bioinsumos\\\/#article\",\"isPartOf\":{\"@id\":\"https:\\\/\\\/cvinoticias.com\\\/v3\\\/productores-destacan-el-gran-cambio-de-sus-cultivos-tras-el-uso-de-bioinsumos\\\/\"},\"author\":{\"name\":\"f1000024\",\"@id\":\"https:\\\/\\\/cvinoticias.com\\\/v3\\\/#\\\/schema\\\/person\\\/2db77e3c6bc03c538495d7b2b8be9b66\"},\"headline\":\"Productores destacan el gran cambio de sus cultivos, tras el uso de bioinsumos\",\"datePublished\":\"2023-06-28T15:16:43+00:00\",\"mainEntityOfPage\":{\"@id\":\"https:\\\/\\\/cvinoticias.com\\\/v3\\\/productores-destacan-el-gran-cambio-de-sus-cultivos-tras-el-uso-de-bioinsumos\\\/\"},\"wordCount\":576,\"commentCount\":0,\"publisher\":{\"@id\":\"https:\\\/\\\/cvinoticias.com\\\/v3\\\/#organization\"},\"image\":{\"@id\":\"https:\\\/\\\/cvinoticias.com\\\/v3\\\/productores-destacan-el-gran-cambio-de-sus-cultivos-tras-el-uso-de-bioinsumos\\\/#primaryimage\"},\"thumbnailUrl\":\"https:\\\/\\\/cvinoticias.com\\\/wp-content\\\/uploads\\\/2023\\\/06\\\/IMG-20230628-WA0025.jpg\",\"articleSection\":[\"Agro y Producci\u00f3n\"],\"inLanguage\":\"es\",\"potentialAction\":[{\"@type\":\"CommentAction\",\"name\":\"Comment\",\"target\":[\"https:\\\/\\\/cvinoticias.com\\\/v3\\\/productores-destacan-el-gran-cambio-de-sus-cultivos-tras-el-uso-de-bioinsumos\\\/#respond\"]}]},{\"@type\":\"WebPage\",\"@id\":\"https:\\\/\\\/cvinoticias.com\\\/v3\\\/productores-destacan-el-gran-cambio-de-sus-cultivos-tras-el-uso-de-bioinsumos\\\/\",\"url\":\"https:\\\/\\\/cvinoticias.com\\\/v3\\\/productores-destacan-el-gran-cambio-de-sus-cultivos-tras-el-uso-de-bioinsumos\\\/\",\"name\":\"Productores destacan el gran cambio de sus cultivos, tras el uso de bioinsumos | CVI NOTICIAS\",\"isPartOf\":{\"@id\":\"https:\\\/\\\/cvinoticias.com\\\/v3\\\/#website\"},\"primaryImageOfPage\":{\"@id\":\"https:\\\/\\\/cvinoticias.com\\\/v3\\\/productores-destacan-el-gran-cambio-de-sus-cultivos-tras-el-uso-de-bioinsumos\\\/#primaryimage\"},\"image\":{\"@id\":\"https:\\\/\\\/cvinoticias.com\\\/v3\\\/productores-destacan-el-gran-cambio-de-sus-cultivos-tras-el-uso-de-bioinsumos\\\/#primaryimage\"},\"thumbnailUrl\":\"https:\\\/\\\/cvinoticias.com\\\/wp-content\\\/uploads\\\/2023\\\/06\\\/IMG-20230628-WA0025.jpg\",\"datePublished\":\"2023-06-28T15:16:43+00:00\",\"breadcrumb\":{\"@id\":\"https:\\\/\\\/cvinoticias.com\\\/v3\\\/productores-destacan-el-gran-cambio-de-sus-cultivos-tras-el-uso-de-bioinsumos\\\/#breadcrumb\"},\"inLanguage\":\"es\",\"potentialAction\":[{\"@type\":\"ReadAction\",\"target\":[\"https:\\\/\\\/cvinoticias.com\\\/v3\\\/productores-destacan-el-gran-cambio-de-sus-cultivos-tras-el-uso-de-bioinsumos\\\/\"]}]},{\"@type\":\"ImageObject\",\"inLanguage\":\"es\",\"@id\":\"https:\\\/\\\/cvinoticias.com\\\/v3\\\/productores-destacan-el-gran-cambio-de-sus-cultivos-tras-el-uso-de-bioinsumos\\\/#primaryimage\",\"url\":\"https:\\\/\\\/cvinoticias.com\\\/wp-content\\\/uploads\\\/2023\\\/06\\\/IMG-20230628-WA0025.jpg\",\"contentUrl\":\"https:\\\/\\\/cvinoticias.com\\\/wp-content\\\/uploads\\\/2023\\\/06\\\/IMG-20230628-WA0025.jpg\",\"width\":1089,\"height\":730},{\"@type\":\"BreadcrumbList\",\"@id\":\"https:\\\/\\\/cvinoticias.com\\\/v3\\\/productores-destacan-el-gran-cambio-de-sus-cultivos-tras-el-uso-de-bioinsumos\\\/#breadcrumb\",\"itemListElement\":[{\"@type\":\"ListItem\",\"position\":1,\"name\":\"Portada\",\"item\":\"https:\\\/\\\/cvinoticias.com\\\/v3\\\/\"},{\"@type\":\"ListItem\",\"position\":2,\"name\":\"Productores destacan el gran cambio de sus cultivos, tras el uso de bioinsumos\"}]},{\"@type\":\"WebSite\",\"@id\":\"https:\\\/\\\/cvinoticias.com\\\/v3\\\/#website\",\"url\":\"https:\\\/\\\/cvinoticias.com\\\/v3\\\/\",\"name\":\"CVI NOTICIAS\",\"description\":\"\",\"publisher\":{\"@id\":\"https:\\\/\\\/cvinoticias.com\\\/v3\\\/#organization\"},\"alternateName\":\"CVI\",\"potentialAction\":[{\"@type\":\"SearchAction\",\"target\":{\"@type\":\"EntryPoint\",\"urlTemplate\":\"https:\\\/\\\/cvinoticias.com\\\/v3\\\/?s={search_term_string}\"},\"query-input\":{\"@type\":\"PropertyValueSpecification\",\"valueRequired\":true,\"valueName\":\"search_term_string\"}}],\"inLanguage\":\"es\"},{\"@type\":\"Organization\",\"@id\":\"https:\\\/\\\/cvinoticias.com\\\/v3\\\/#organization\",\"name\":\"CVI NOTICIAS\",\"url\":\"https:\\\/\\\/cvinoticias.com\\\/v3\\\/\",\"logo\":{\"@type\":\"ImageObject\",\"inLanguage\":\"es\",\"@id\":\"https:\\\/\\\/cvinoticias.com\\\/v3\\\/#\\\/schema\\\/logo\\\/image\\\/\",\"url\":\"https:\\\/\\\/cvinoticias.com\\\/wp-content\\\/uploads\\\/2023\\\/04\\\/cropped-cropped-cropped-cropped-cropped-3-1.png\",\"contentUrl\":\"https:\\\/\\\/cvinoticias.com\\\/wp-content\\\/uploads\\\/2023\\\/04\\\/cropped-cropped-cropped-cropped-cropped-3-1.png\",\"width\":95,\"height\":122,\"caption\":\"CVI NOTICIAS\"},\"image\":{\"@id\":\"https:\\\/\\\/cvinoticias.com\\\/v3\\\/#\\\/schema\\\/logo\\\/image\\\/\"},\"sameAs\":[\"https:\\\/\\\/www.facebook.com\\\/cvinoticias\",\"https:\\\/\\\/www.instagram.com\\\/cvinoticias\\\/\",\"https:\\\/\\\/www.youtube.com\\\/@CVINOTICIAS\"]},{\"@type\":\"Person\",\"@id\":\"https:\\\/\\\/cvinoticias.com\\\/v3\\\/#\\\/schema\\\/person\\\/2db77e3c6bc03c538495d7b2b8be9b66\",\"name\":\"f1000024\",\"image\":{\"@type\":\"ImageObject\",\"inLanguage\":\"es\",\"@id\":\"https:\\\/\\\/secure.gravatar.com\\\/avatar\\\/d4fe7459cfc51ff5129ce1a732bbef5928568b8092d412ef95611616376bbeed?s=96&d=mm&r=g\",\"url\":\"https:\\\/\\\/secure.gravatar.com\\\/avatar\\\/d4fe7459cfc51ff5129ce1a732bbef5928568b8092d412ef95611616376bbeed?s=96&d=mm&r=g\",\"contentUrl\":\"https:\\\/\\\/secure.gravatar.com\\\/avatar\\\/d4fe7459cfc51ff5129ce1a732bbef5928568b8092d412ef95611616376bbeed?s=96&d=mm&r=g\",\"caption\":\"f1000024\"},\"url\":\"https:\\\/\\\/cvinoticias.com\\\/v3\\\/author\\\/f1000024\\\/\"}]}<\/script>\n<!-- \/ Yoast SEO plugin. -->","yoast_head_json":{"title":"Productores destacan el gran cambio de sus cultivos, tras el uso de bioinsumos | CVI NOTICIAS","robots":{"index":"index","follow":"follow","max-snippet":"max-snippet:-1","max-image-preview":"max-image-preview:large","max-video-preview":"max-video-preview:-1"},"canonical":"https:\/\/cvinoticias.com\/v3\/productores-destacan-el-gran-cambio-de-sus-cultivos-tras-el-uso-de-bioinsumos\/","og_locale":"es_ES","og_type":"article","og_title":"Productores destacan el gran cambio de sus cultivos, tras el uso de bioinsumos | CVI NOTICIAS","og_description":"Repercute no s\u00f3lo en el crecimiento sino tambi\u00e9n en el sabor de frutas y verduras, asegur\u00f3 Perla Machoriski, productora de Cerro Cor\u00e1. Resalt\u00f3 que cada vez m\u00e1s se implementa en las chacras insumos naturales. La implementaci\u00f3n de bioinsumos en la agricultura de Misiones demuestra resultados positivos. Estos productos ofrecen beneficios en la calidad de los [&hellip;]","og_url":"https:\/\/cvinoticias.com\/v3\/productores-destacan-el-gran-cambio-de-sus-cultivos-tras-el-uso-de-bioinsumos\/","og_site_name":"CVI NOTICIAS","article_publisher":"https:\/\/www.facebook.com\/cvinoticias","article_published_time":"2023-06-28T15:16:43+00:00","og_image":[{"width":1089,"height":730,"url":"https:\/\/cvinoticias.com\/wp-content\/uploads\/2023\/06\/IMG-20230628-WA0025.jpg","type":"image\/jpeg"}],"author":"f1000024","twitter_card":"summary_large_image","twitter_misc":{"Escrito por":"f1000024","Tiempo de lectura":"3 minutos"},"schema":{"@context":"https:\/\/schema.org","@graph":[{"@type":"Article","@id":"https:\/\/cvinoticias.com\/v3\/productores-destacan-el-gran-cambio-de-sus-cultivos-tras-el-uso-de-bioinsumos\/#article","isPartOf":{"@id":"https:\/\/cvinoticias.com\/v3\/productores-destacan-el-gran-cambio-de-sus-cultivos-tras-el-uso-de-bioinsumos\/"},"author":{"name":"f1000024","@id":"https:\/\/cvinoticias.com\/v3\/#\/schema\/person\/2db77e3c6bc03c538495d7b2b8be9b66"},"headline":"Productores destacan el gran cambio de sus cultivos, tras el uso de bioinsumos","datePublished":"2023-06-28T15:16:43+00:00","mainEntityOfPage":{"@id":"https:\/\/cvinoticias.com\/v3\/productores-destacan-el-gran-cambio-de-sus-cultivos-tras-el-uso-de-bioinsumos\/"},"wordCount":576,"commentCount":0,"publisher":{"@id":"https:\/\/cvinoticias.com\/v3\/#organization"},"image":{"@id":"https:\/\/cvinoticias.com\/v3\/productores-destacan-el-gran-cambio-de-sus-cultivos-tras-el-uso-de-bioinsumos\/#primaryimage"},"thumbnailUrl":"https:\/\/cvinoticias.com\/wp-content\/uploads\/2023\/06\/IMG-20230628-WA0025.jpg","articleSection":["Agro y Producci\u00f3n"],"inLanguage":"es","potentialAction":[{"@type":"CommentAction","name":"Comment","target":["https:\/\/cvinoticias.com\/v3\/productores-destacan-el-gran-cambio-de-sus-cultivos-tras-el-uso-de-bioinsumos\/#respond"]}]},{"@type":"WebPage","@id":"https:\/\/cvinoticias.com\/v3\/productores-destacan-el-gran-cambio-de-sus-cultivos-tras-el-uso-de-bioinsumos\/","url":"https:\/\/cvinoticias.com\/v3\/productores-destacan-el-gran-cambio-de-sus-cultivos-tras-el-uso-de-bioinsumos\/","name":"Productores destacan el gran cambio de sus cultivos, tras el uso de bioinsumos | CVI NOTICIAS","isPartOf":{"@id":"https:\/\/cvinoticias.com\/v3\/#website"},"primaryImageOfPage":{"@id":"https:\/\/cvinoticias.com\/v3\/productores-destacan-el-gran-cambio-de-sus-cultivos-tras-el-uso-de-bioinsumos\/#primaryimage"},"image":{"@id":"https:\/\/cvinoticias.com\/v3\/productores-destacan-el-gran-cambio-de-sus-cultivos-tras-el-uso-de-bioinsumos\/#primaryimage"},"thumbnailUrl":"https:\/\/cvinoticias.com\/wp-content\/uploads\/2023\/06\/IMG-20230628-WA0025.jpg","datePublished":"2023-06-28T15:16:43+00:00","breadcrumb":{"@id":"https:\/\/cvinoticias.com\/v3\/productores-destacan-el-gran-cambio-de-sus-cultivos-tras-el-uso-de-bioinsumos\/#breadcrumb"},"inLanguage":"es","potentialAction":[{"@type":"ReadAction","target":["https:\/\/cvinoticias.com\/v3\/productores-destacan-el-gran-cambio-de-sus-cultivos-tras-el-uso-de-bioinsumos\/"]}]},{"@type":"ImageObject","inLanguage":"es","@id":"https:\/\/cvinoticias.com\/v3\/productores-destacan-el-gran-cambio-de-sus-cultivos-tras-el-uso-de-bioinsumos\/#primaryimage","url":"https:\/\/cvinoticias.com\/wp-content\/uploads\/2023\/06\/IMG-20230628-WA0025.jpg","contentUrl":"https:\/\/cvinoticias.com\/wp-content\/uploads\/2023\/06\/IMG-20230628-WA0025.jpg","width":1089,"height":730},{"@type":"BreadcrumbList","@id":"https:\/\/cvinoticias.com\/v3\/productores-destacan-el-gran-cambio-de-sus-cultivos-tras-el-uso-de-bioinsumos\/#breadcrumb","itemListElement":[{"@type":"ListItem","position":1,"name":"Portada","item":"https:\/\/cvinoticias.com\/v3\/"},{"@type":"ListItem","position":2,"name":"Productores destacan el gran cambio de sus cultivos, tras el uso de bioinsumos"}]},{"@type":"WebSite","@id":"https:\/\/cvinoticias.com\/v3\/#website","url":"https:\/\/cvinoticias.com\/v3\/","name":"CVI NOTICIAS","description":"","publisher":{"@id":"https:\/\/cvinoticias.com\/v3\/#organization"},"alternateName":"CVI","potentialAction":[{"@type":"SearchAction","target":{"@type":"EntryPoint","urlTemplate":"https:\/\/cvinoticias.com\/v3\/?s={search_term_string}"},"query-input":{"@type":"PropertyValueSpecification","valueRequired":true,"valueName":"search_term_string"}}],"inLanguage":"es"},{"@type":"Organization","@id":"https:\/\/cvinoticias.com\/v3\/#organization","name":"CVI NOTICIAS","url":"https:\/\/cvinoticias.com\/v3\/","logo":{"@type":"ImageObject","inLanguage":"es","@id":"https:\/\/cvinoticias.com\/v3\/#\/schema\/logo\/image\/","url":"https:\/\/cvinoticias.com\/wp-content\/uploads\/2023\/04\/cropped-cropped-cropped-cropped-cropped-3-1.png","contentUrl":"https:\/\/cvinoticias.com\/wp-content\/uploads\/2023\/04\/cropped-cropped-cropped-cropped-cropped-3-1.png","width":95,"height":122,"caption":"CVI NOTICIAS"},"image":{"@id":"https:\/\/cvinoticias.com\/v3\/#\/schema\/logo\/image\/"},"sameAs":["https:\/\/www.facebook.com\/cvinoticias","https:\/\/www.instagram.com\/cvinoticias\/","https:\/\/www.youtube.com\/@CVINOTICIAS"]},{"@type":"Person","@id":"https:\/\/cvinoticias.com\/v3\/#\/schema\/person\/2db77e3c6bc03c538495d7b2b8be9b66","name":"f1000024","image":{"@type":"ImageObject","inLanguage":"es","@id":"https:\/\/secure.gravatar.com\/avatar\/d4fe7459cfc51ff5129ce1a732bbef5928568b8092d412ef95611616376bbeed?s=96&d=mm&r=g","url":"https:\/\/secure.gravatar.com\/avatar\/d4fe7459cfc51ff5129ce1a732bbef5928568b8092d412ef95611616376bbeed?s=96&d=mm&r=g","contentUrl":"https:\/\/secure.gravatar.com\/avatar\/d4fe7459cfc51ff5129ce1a732bbef5928568b8092d412ef95611616376bbeed?s=96&d=mm&r=g","caption":"f1000024"},"url":"https:\/\/cvinoticias.com\/v3\/author\/f1000024\/"}]}},"_links":{"self":[{"href":"https:\/\/cvinoticias.com\/v3\/wp-json\/wp\/v2\/posts\/25829","targetHints":{"allow":["GET"]}}],"collection":[{"href":"https:\/\/cvinoticias.com\/v3\/wp-json\/wp\/v2\/posts"}],"about":[{"href":"https:\/\/cvinoticias.com\/v3\/wp-json\/wp\/v2\/types\/post"}],"author":[{"embeddable":true,"href":"https:\/\/cvinoticias.com\/v3\/wp-json\/wp\/v2\/users\/2"}],"replies":[{"embeddable":true,"href":"https:\/\/cvinoticias.com\/v3\/wp-json\/wp\/v2\/comments?post=25829"}],"version-history":[{"count":1,"href":"https:\/\/cvinoticias.com\/v3\/wp-json\/wp\/v2\/posts\/25829\/revisions"}],"predecessor-version":[{"id":25831,"href":"https:\/\/cvinoticias.com\/v3\/wp-json\/wp\/v2\/posts\/25829\/revisions\/25831"}],"wp:featuredmedia":[{"embeddable":true,"href":"https:\/\/cvinoticias.com\/v3\/wp-json\/wp\/v2\/media\/25830"}],"wp:attachment":[{"href":"https:\/\/cvinoticias.com\/v3\/wp-json\/wp\/v2\/media?parent=25829"}],"wp:term":[{"taxonomy":"category","embeddable":true,"href":"https:\/\/cvinoticias.com\/v3\/wp-json\/wp\/v2\/categories?post=25829"},{"taxonomy":"post_tag","embeddable":true,"href":"https:\/\/cvinoticias.com\/v3\/wp-json\/wp\/v2\/tags?post=25829"}],"curies":[{"name":"wp","href":"https:\/\/api.w.org\/{rel}","templated":true}]}}