{"id":25817,"date":"2023-06-28T10:26:19","date_gmt":"2023-06-28T10:26:19","guid":{"rendered":"https:\/\/cvinoticias.com\/v3\/?p=25817"},"modified":"2023-06-28T10:26:19","modified_gmt":"2023-06-28T10:26:19","slug":"declaran-culpable-a-jair-bolsonaro-por-abuso-de-poder-piden-su-inhabilitacion-por-8-anos","status":"publish","type":"post","link":"https:\/\/cvinoticias.com\/v3\/declaran-culpable-a-jair-bolsonaro-por-abuso-de-poder-piden-su-inhabilitacion-por-8-anos\/","title":{"rendered":"Declaran culpable a Jair Bolsonaro por abuso de poder: piden su inhabilitaci\u00f3n por 8 a\u00f1os"},"content":{"rendered":"\n<p><strong><em>As\u00ed lo defini\u00f3 la Justicia de Brasil en relaci\u00f3n a la causa sobre una reuni\u00f3n convocada por el ex presidente para descalificar el sistema electoral ante medio centenar de embajadores.<\/em><\/strong><\/p>\n\n\n\n<p>El juez instructor del juicio contra Jair Bolsonaro declar\u00f3 culpable este martes al ex presidente de Brasil por abusos de poder en las elecciones de 2022 y pidi\u00f3 inhabilitarlo durante 8 a\u00f1os.<\/p>\n\n\n\n<p>As\u00ed lo resolvi\u00f3 el magistrado Benedito Gon\u00e7alves en la segunda audiencia celebrada en el Tribunal Superior Electoral (TSE).<\/p>\n\n\n\n<p>La causa se basa en una reuni\u00f3n en la que el ex mandatario convoc\u00f3 a medio centenar de embajadores en la residencia oficial de la Presidencia para descalificar el sistema electoral, ya que aseguraba que la Justicia actu\u00f3 a favor de Luiz In\u00e1cio Lula da Silva.<\/p>\n\n\n\n<p>De ese modo, el juez confirm\u00f3 que Bolsonaro, el 18 de julio pasado, aprovech\u00f3 su rol \u201cpara defraudar el ambiente electoral\u201d, adem\u00e1s de \u201cincitar un estado de paranoia colectiva\u201d y fabricar \u201cteor\u00edas de la conspiraci\u00f3n\u201d con \u201cinformaciones falsas\u201d y \u201cmentiras atroces\u201d.<\/p>\n\n\n\n<p>\u201cNo es posible cerrar los ojos ante los efectos antidemocr\u00e1ticos de los discursos violentos y las mentiras que ponen en jaque la credibilidad de la Justicia electoral\u201d, expres\u00f3.<\/p>\n\n\n\n<p>Gon\u00e7alves consider\u00f3 que el encuentro con embajadores fue \u201caberrante\u201d y que el ahora ex presidente estableci\u00f3 sospechas sin pruebas sobre las urnas electr\u00f3nicas, que funcionan sin denuncias de fraude desde 1996.<\/p>\n\n\n\n<p>El juicio fue suspendido tras el primer voto de inhabilitaci\u00f3n y se reanudar\u00e1 el jueves, jornada en la que otros jueces de la corte electoral analizar\u00e1n la culpabilidad de Bolsonaro.<\/p>\n\n\n\n<p>Por otro lado, Gon\u00e7alves absolvi\u00f3 al compa\u00f1ero de f\u00f3rmula de Bolsonaro, el general Walter Braga Netto, ya que no fue \u201cdemostrada su responsabilidad\u201d en el caso.<\/p>\n","protected":false},"excerpt":{"rendered":"<p>As\u00ed lo defini\u00f3 la Justicia de Brasil en relaci\u00f3n a la causa sobre una reuni\u00f3n convocada por el ex presidente para descalificar el sistema electoral ante medio centenar de embajadores. El juez instructor del juicio contra Jair Bolsonaro declar\u00f3 culpable este martes al ex presidente de Brasil por abusos de poder en las elecciones de [&hellip;]<\/p>\n","protected":false},"author":2,"featured_media":25818,"comment_status":"open","ping_status":"open","sticky":false,"template":"","format":"standard","meta":{"footnotes":""},"categories":[36],"tags":[],"class_list":["post-25817","post","type-post","status-publish","format-standard","has-post-thumbnail","hentry","category-internacionales"],"yoast_head":"<!-- This site is optimized with the Yoast SEO plugin v27.5 - https:\/\/yoast.com\/product\/yoast-seo-wordpress\/ -->\n<title>Declaran culpable a Jair Bolsonaro por abuso de poder: piden su inhabilitaci\u00f3n por 8 a\u00f1os | CVI NOTICIAS<\/title>\n<meta name=\"robots\" content=\"index, follow, max-snippet:-1, max-image-preview:large, max-video-preview:-1\" \/>\n<link rel=\"canonical\" href=\"https:\/\/cvinoticias.com\/v3\/declaran-culpable-a-jair-bolsonaro-por-abuso-de-poder-piden-su-inhabilitacion-por-8-anos\/\" \/>\n<meta property=\"og:locale\" content=\"es_ES\" \/>\n<meta property=\"og:type\" content=\"article\" \/>\n<meta property=\"og:title\" content=\"Declaran culpable a Jair Bolsonaro por abuso de poder: piden su inhabilitaci\u00f3n por 8 a\u00f1os | CVI NOTICIAS\" \/>\n<meta property=\"og:description\" content=\"As\u00ed lo defini\u00f3 la Justicia de Brasil en relaci\u00f3n a la causa sobre una reuni\u00f3n convocada por el ex presidente para descalificar el sistema electoral ante medio centenar de embajadores. El juez instructor del juicio contra Jair Bolsonaro declar\u00f3 culpable este martes al ex presidente de Brasil por abusos de poder en las elecciones de [&hellip;]\" \/>\n<meta property=\"og:url\" content=\"https:\/\/cvinoticias.com\/v3\/declaran-culpable-a-jair-bolsonaro-por-abuso-de-poder-piden-su-inhabilitacion-por-8-anos\/\" \/>\n<meta property=\"og:site_name\" content=\"CVI NOTICIAS\" \/>\n<meta property=\"article:publisher\" content=\"https:\/\/www.facebook.com\/cvinoticias\" \/>\n<meta property=\"article:published_time\" content=\"2023-06-28T10:26:19+00:00\" \/>\n<meta property=\"og:image\" content=\"https:\/\/cvinoticias.com\/wp-content\/uploads\/2023\/06\/18e79c1ea56893bb76567666fa3911bb_M.jpg\" \/>\n\t<meta property=\"og:image:width\" content=\"768\" \/>\n\t<meta property=\"og:image:height\" content=\"512\" \/>\n\t<meta property=\"og:image:type\" content=\"image\/jpeg\" \/>\n<meta name=\"author\" content=\"f1000024\" \/>\n<meta name=\"twitter:card\" content=\"summary_large_image\" \/>\n<meta name=\"twitter:label1\" content=\"Escrito por\" \/>\n\t<meta name=\"twitter:data1\" content=\"f1000024\" \/>\n\t<meta name=\"twitter:label2\" content=\"Tiempo de lectura\" \/>\n\t<meta name=\"twitter:data2\" content=\"1 minuto\" \/>\n<script type=\"application\/ld+json\" class=\"yoast-schema-graph\">{\"@context\":\"https:\\\/\\\/schema.org\",\"@graph\":[{\"@type\":\"Article\",\"@id\":\"https:\\\/\\\/cvinoticias.com\\\/v3\\\/declaran-culpable-a-jair-bolsonaro-por-abuso-de-poder-piden-su-inhabilitacion-por-8-anos\\\/#article\",\"isPartOf\":{\"@id\":\"https:\\\/\\\/cvinoticias.com\\\/v3\\\/declaran-culpable-a-jair-bolsonaro-por-abuso-de-poder-piden-su-inhabilitacion-por-8-anos\\\/\"},\"author\":{\"name\":\"f1000024\",\"@id\":\"https:\\\/\\\/cvinoticias.com\\\/v3\\\/#\\\/schema\\\/person\\\/2db77e3c6bc03c538495d7b2b8be9b66\"},\"headline\":\"Declaran culpable a Jair Bolsonaro por abuso de poder: piden su inhabilitaci\u00f3n por 8 a\u00f1os\",\"datePublished\":\"2023-06-28T10:26:19+00:00\",\"mainEntityOfPage\":{\"@id\":\"https:\\\/\\\/cvinoticias.com\\\/v3\\\/declaran-culpable-a-jair-bolsonaro-por-abuso-de-poder-piden-su-inhabilitacion-por-8-anos\\\/\"},\"wordCount\":311,\"commentCount\":0,\"publisher\":{\"@id\":\"https:\\\/\\\/cvinoticias.com\\\/v3\\\/#organization\"},\"image\":{\"@id\":\"https:\\\/\\\/cvinoticias.com\\\/v3\\\/declaran-culpable-a-jair-bolsonaro-por-abuso-de-poder-piden-su-inhabilitacion-por-8-anos\\\/#primaryimage\"},\"thumbnailUrl\":\"https:\\\/\\\/cvinoticias.com\\\/wp-content\\\/uploads\\\/2023\\\/06\\\/18e79c1ea56893bb76567666fa3911bb_M.jpg\",\"articleSection\":[\"Internacionales\"],\"inLanguage\":\"es\",\"potentialAction\":[{\"@type\":\"CommentAction\",\"name\":\"Comment\",\"target\":[\"https:\\\/\\\/cvinoticias.com\\\/v3\\\/declaran-culpable-a-jair-bolsonaro-por-abuso-de-poder-piden-su-inhabilitacion-por-8-anos\\\/#respond\"]}]},{\"@type\":\"WebPage\",\"@id\":\"https:\\\/\\\/cvinoticias.com\\\/v3\\\/declaran-culpable-a-jair-bolsonaro-por-abuso-de-poder-piden-su-inhabilitacion-por-8-anos\\\/\",\"url\":\"https:\\\/\\\/cvinoticias.com\\\/v3\\\/declaran-culpable-a-jair-bolsonaro-por-abuso-de-poder-piden-su-inhabilitacion-por-8-anos\\\/\",\"name\":\"Declaran culpable a Jair Bolsonaro por abuso de poder: piden su inhabilitaci\u00f3n por 8 a\u00f1os | CVI NOTICIAS\",\"isPartOf\":{\"@id\":\"https:\\\/\\\/cvinoticias.com\\\/v3\\\/#website\"},\"primaryImageOfPage\":{\"@id\":\"https:\\\/\\\/cvinoticias.com\\\/v3\\\/declaran-culpable-a-jair-bolsonaro-por-abuso-de-poder-piden-su-inhabilitacion-por-8-anos\\\/#primaryimage\"},\"image\":{\"@id\":\"https:\\\/\\\/cvinoticias.com\\\/v3\\\/declaran-culpable-a-jair-bolsonaro-por-abuso-de-poder-piden-su-inhabilitacion-por-8-anos\\\/#primaryimage\"},\"thumbnailUrl\":\"https:\\\/\\\/cvinoticias.com\\\/wp-content\\\/uploads\\\/2023\\\/06\\\/18e79c1ea56893bb76567666fa3911bb_M.jpg\",\"datePublished\":\"2023-06-28T10:26:19+00:00\",\"breadcrumb\":{\"@id\":\"https:\\\/\\\/cvinoticias.com\\\/v3\\\/declaran-culpable-a-jair-bolsonaro-por-abuso-de-poder-piden-su-inhabilitacion-por-8-anos\\\/#breadcrumb\"},\"inLanguage\":\"es\",\"potentialAction\":[{\"@type\":\"ReadAction\",\"target\":[\"https:\\\/\\\/cvinoticias.com\\\/v3\\\/declaran-culpable-a-jair-bolsonaro-por-abuso-de-poder-piden-su-inhabilitacion-por-8-anos\\\/\"]}]},{\"@type\":\"ImageObject\",\"inLanguage\":\"es\",\"@id\":\"https:\\\/\\\/cvinoticias.com\\\/v3\\\/declaran-culpable-a-jair-bolsonaro-por-abuso-de-poder-piden-su-inhabilitacion-por-8-anos\\\/#primaryimage\",\"url\":\"https:\\\/\\\/cvinoticias.com\\\/wp-content\\\/uploads\\\/2023\\\/06\\\/18e79c1ea56893bb76567666fa3911bb_M.jpg\",\"contentUrl\":\"https:\\\/\\\/cvinoticias.com\\\/wp-content\\\/uploads\\\/2023\\\/06\\\/18e79c1ea56893bb76567666fa3911bb_M.jpg\",\"width\":768,\"height\":512},{\"@type\":\"BreadcrumbList\",\"@id\":\"https:\\\/\\\/cvinoticias.com\\\/v3\\\/declaran-culpable-a-jair-bolsonaro-por-abuso-de-poder-piden-su-inhabilitacion-por-8-anos\\\/#breadcrumb\",\"itemListElement\":[{\"@type\":\"ListItem\",\"position\":1,\"name\":\"Portada\",\"item\":\"https:\\\/\\\/cvinoticias.com\\\/v3\\\/\"},{\"@type\":\"ListItem\",\"position\":2,\"name\":\"Declaran culpable a Jair Bolsonaro por abuso de poder: piden su inhabilitaci\u00f3n por 8 a\u00f1os\"}]},{\"@type\":\"WebSite\",\"@id\":\"https:\\\/\\\/cvinoticias.com\\\/v3\\\/#website\",\"url\":\"https:\\\/\\\/cvinoticias.com\\\/v3\\\/\",\"name\":\"CVI NOTICIAS\",\"description\":\"\",\"publisher\":{\"@id\":\"https:\\\/\\\/cvinoticias.com\\\/v3\\\/#organization\"},\"alternateName\":\"CVI\",\"potentialAction\":[{\"@type\":\"SearchAction\",\"target\":{\"@type\":\"EntryPoint\",\"urlTemplate\":\"https:\\\/\\\/cvinoticias.com\\\/v3\\\/?s={search_term_string}\"},\"query-input\":{\"@type\":\"PropertyValueSpecification\",\"valueRequired\":true,\"valueName\":\"search_term_string\"}}],\"inLanguage\":\"es\"},{\"@type\":\"Organization\",\"@id\":\"https:\\\/\\\/cvinoticias.com\\\/v3\\\/#organization\",\"name\":\"CVI NOTICIAS\",\"url\":\"https:\\\/\\\/cvinoticias.com\\\/v3\\\/\",\"logo\":{\"@type\":\"ImageObject\",\"inLanguage\":\"es\",\"@id\":\"https:\\\/\\\/cvinoticias.com\\\/v3\\\/#\\\/schema\\\/logo\\\/image\\\/\",\"url\":\"https:\\\/\\\/cvinoticias.com\\\/wp-content\\\/uploads\\\/2023\\\/04\\\/cropped-cropped-cropped-cropped-cropped-3-1.png\",\"contentUrl\":\"https:\\\/\\\/cvinoticias.com\\\/wp-content\\\/uploads\\\/2023\\\/04\\\/cropped-cropped-cropped-cropped-cropped-3-1.png\",\"width\":95,\"height\":122,\"caption\":\"CVI NOTICIAS\"},\"image\":{\"@id\":\"https:\\\/\\\/cvinoticias.com\\\/v3\\\/#\\\/schema\\\/logo\\\/image\\\/\"},\"sameAs\":[\"https:\\\/\\\/www.facebook.com\\\/cvinoticias\",\"https:\\\/\\\/www.instagram.com\\\/cvinoticias\\\/\",\"https:\\\/\\\/www.youtube.com\\\/@CVINOTICIAS\"]},{\"@type\":\"Person\",\"@id\":\"https:\\\/\\\/cvinoticias.com\\\/v3\\\/#\\\/schema\\\/person\\\/2db77e3c6bc03c538495d7b2b8be9b66\",\"name\":\"f1000024\",\"image\":{\"@type\":\"ImageObject\",\"inLanguage\":\"es\",\"@id\":\"https:\\\/\\\/secure.gravatar.com\\\/avatar\\\/d4fe7459cfc51ff5129ce1a732bbef5928568b8092d412ef95611616376bbeed?s=96&d=mm&r=g\",\"url\":\"https:\\\/\\\/secure.gravatar.com\\\/avatar\\\/d4fe7459cfc51ff5129ce1a732bbef5928568b8092d412ef95611616376bbeed?s=96&d=mm&r=g\",\"contentUrl\":\"https:\\\/\\\/secure.gravatar.com\\\/avatar\\\/d4fe7459cfc51ff5129ce1a732bbef5928568b8092d412ef95611616376bbeed?s=96&d=mm&r=g\",\"caption\":\"f1000024\"},\"url\":\"https:\\\/\\\/cvinoticias.com\\\/v3\\\/author\\\/f1000024\\\/\"}]}<\/script>\n<!-- \/ Yoast SEO plugin. -->","yoast_head_json":{"title":"Declaran culpable a Jair Bolsonaro por abuso de poder: piden su inhabilitaci\u00f3n por 8 a\u00f1os | CVI NOTICIAS","robots":{"index":"index","follow":"follow","max-snippet":"max-snippet:-1","max-image-preview":"max-image-preview:large","max-video-preview":"max-video-preview:-1"},"canonical":"https:\/\/cvinoticias.com\/v3\/declaran-culpable-a-jair-bolsonaro-por-abuso-de-poder-piden-su-inhabilitacion-por-8-anos\/","og_locale":"es_ES","og_type":"article","og_title":"Declaran culpable a Jair Bolsonaro por abuso de poder: piden su inhabilitaci\u00f3n por 8 a\u00f1os | CVI NOTICIAS","og_description":"As\u00ed lo defini\u00f3 la Justicia de Brasil en relaci\u00f3n a la causa sobre una reuni\u00f3n convocada por el ex presidente para descalificar el sistema electoral ante medio centenar de embajadores. El juez instructor del juicio contra Jair Bolsonaro declar\u00f3 culpable este martes al ex presidente de Brasil por abusos de poder en las elecciones de [&hellip;]","og_url":"https:\/\/cvinoticias.com\/v3\/declaran-culpable-a-jair-bolsonaro-por-abuso-de-poder-piden-su-inhabilitacion-por-8-anos\/","og_site_name":"CVI NOTICIAS","article_publisher":"https:\/\/www.facebook.com\/cvinoticias","article_published_time":"2023-06-28T10:26:19+00:00","og_image":[{"width":768,"height":512,"url":"https:\/\/cvinoticias.com\/wp-content\/uploads\/2023\/06\/18e79c1ea56893bb76567666fa3911bb_M.jpg","type":"image\/jpeg"}],"author":"f1000024","twitter_card":"summary_large_image","twitter_misc":{"Escrito por":"f1000024","Tiempo de lectura":"1 minuto"},"schema":{"@context":"https:\/\/schema.org","@graph":[{"@type":"Article","@id":"https:\/\/cvinoticias.com\/v3\/declaran-culpable-a-jair-bolsonaro-por-abuso-de-poder-piden-su-inhabilitacion-por-8-anos\/#article","isPartOf":{"@id":"https:\/\/cvinoticias.com\/v3\/declaran-culpable-a-jair-bolsonaro-por-abuso-de-poder-piden-su-inhabilitacion-por-8-anos\/"},"author":{"name":"f1000024","@id":"https:\/\/cvinoticias.com\/v3\/#\/schema\/person\/2db77e3c6bc03c538495d7b2b8be9b66"},"headline":"Declaran culpable a Jair Bolsonaro por abuso de poder: piden su inhabilitaci\u00f3n por 8 a\u00f1os","datePublished":"2023-06-28T10:26:19+00:00","mainEntityOfPage":{"@id":"https:\/\/cvinoticias.com\/v3\/declaran-culpable-a-jair-bolsonaro-por-abuso-de-poder-piden-su-inhabilitacion-por-8-anos\/"},"wordCount":311,"commentCount":0,"publisher":{"@id":"https:\/\/cvinoticias.com\/v3\/#organization"},"image":{"@id":"https:\/\/cvinoticias.com\/v3\/declaran-culpable-a-jair-bolsonaro-por-abuso-de-poder-piden-su-inhabilitacion-por-8-anos\/#primaryimage"},"thumbnailUrl":"https:\/\/cvinoticias.com\/wp-content\/uploads\/2023\/06\/18e79c1ea56893bb76567666fa3911bb_M.jpg","articleSection":["Internacionales"],"inLanguage":"es","potentialAction":[{"@type":"CommentAction","name":"Comment","target":["https:\/\/cvinoticias.com\/v3\/declaran-culpable-a-jair-bolsonaro-por-abuso-de-poder-piden-su-inhabilitacion-por-8-anos\/#respond"]}]},{"@type":"WebPage","@id":"https:\/\/cvinoticias.com\/v3\/declaran-culpable-a-jair-bolsonaro-por-abuso-de-poder-piden-su-inhabilitacion-por-8-anos\/","url":"https:\/\/cvinoticias.com\/v3\/declaran-culpable-a-jair-bolsonaro-por-abuso-de-poder-piden-su-inhabilitacion-por-8-anos\/","name":"Declaran culpable a Jair Bolsonaro por abuso de poder: piden su inhabilitaci\u00f3n por 8 a\u00f1os | CVI NOTICIAS","isPartOf":{"@id":"https:\/\/cvinoticias.com\/v3\/#website"},"primaryImageOfPage":{"@id":"https:\/\/cvinoticias.com\/v3\/declaran-culpable-a-jair-bolsonaro-por-abuso-de-poder-piden-su-inhabilitacion-por-8-anos\/#primaryimage"},"image":{"@id":"https:\/\/cvinoticias.com\/v3\/declaran-culpable-a-jair-bolsonaro-por-abuso-de-poder-piden-su-inhabilitacion-por-8-anos\/#primaryimage"},"thumbnailUrl":"https:\/\/cvinoticias.com\/wp-content\/uploads\/2023\/06\/18e79c1ea56893bb76567666fa3911bb_M.jpg","datePublished":"2023-06-28T10:26:19+00:00","breadcrumb":{"@id":"https:\/\/cvinoticias.com\/v3\/declaran-culpable-a-jair-bolsonaro-por-abuso-de-poder-piden-su-inhabilitacion-por-8-anos\/#breadcrumb"},"inLanguage":"es","potentialAction":[{"@type":"ReadAction","target":["https:\/\/cvinoticias.com\/v3\/declaran-culpable-a-jair-bolsonaro-por-abuso-de-poder-piden-su-inhabilitacion-por-8-anos\/"]}]},{"@type":"ImageObject","inLanguage":"es","@id":"https:\/\/cvinoticias.com\/v3\/declaran-culpable-a-jair-bolsonaro-por-abuso-de-poder-piden-su-inhabilitacion-por-8-anos\/#primaryimage","url":"https:\/\/cvinoticias.com\/wp-content\/uploads\/2023\/06\/18e79c1ea56893bb76567666fa3911bb_M.jpg","contentUrl":"https:\/\/cvinoticias.com\/wp-content\/uploads\/2023\/06\/18e79c1ea56893bb76567666fa3911bb_M.jpg","width":768,"height":512},{"@type":"BreadcrumbList","@id":"https:\/\/cvinoticias.com\/v3\/declaran-culpable-a-jair-bolsonaro-por-abuso-de-poder-piden-su-inhabilitacion-por-8-anos\/#breadcrumb","itemListElement":[{"@type":"ListItem","position":1,"name":"Portada","item":"https:\/\/cvinoticias.com\/v3\/"},{"@type":"ListItem","position":2,"name":"Declaran culpable a Jair Bolsonaro por abuso de poder: piden su inhabilitaci\u00f3n por 8 a\u00f1os"}]},{"@type":"WebSite","@id":"https:\/\/cvinoticias.com\/v3\/#website","url":"https:\/\/cvinoticias.com\/v3\/","name":"CVI NOTICIAS","description":"","publisher":{"@id":"https:\/\/cvinoticias.com\/v3\/#organization"},"alternateName":"CVI","potentialAction":[{"@type":"SearchAction","target":{"@type":"EntryPoint","urlTemplate":"https:\/\/cvinoticias.com\/v3\/?s={search_term_string}"},"query-input":{"@type":"PropertyValueSpecification","valueRequired":true,"valueName":"search_term_string"}}],"inLanguage":"es"},{"@type":"Organization","@id":"https:\/\/cvinoticias.com\/v3\/#organization","name":"CVI NOTICIAS","url":"https:\/\/cvinoticias.com\/v3\/","logo":{"@type":"ImageObject","inLanguage":"es","@id":"https:\/\/cvinoticias.com\/v3\/#\/schema\/logo\/image\/","url":"https:\/\/cvinoticias.com\/wp-content\/uploads\/2023\/04\/cropped-cropped-cropped-cropped-cropped-3-1.png","contentUrl":"https:\/\/cvinoticias.com\/wp-content\/uploads\/2023\/04\/cropped-cropped-cropped-cropped-cropped-3-1.png","width":95,"height":122,"caption":"CVI NOTICIAS"},"image":{"@id":"https:\/\/cvinoticias.com\/v3\/#\/schema\/logo\/image\/"},"sameAs":["https:\/\/www.facebook.com\/cvinoticias","https:\/\/www.instagram.com\/cvinoticias\/","https:\/\/www.youtube.com\/@CVINOTICIAS"]},{"@type":"Person","@id":"https:\/\/cvinoticias.com\/v3\/#\/schema\/person\/2db77e3c6bc03c538495d7b2b8be9b66","name":"f1000024","image":{"@type":"ImageObject","inLanguage":"es","@id":"https:\/\/secure.gravatar.com\/avatar\/d4fe7459cfc51ff5129ce1a732bbef5928568b8092d412ef95611616376bbeed?s=96&d=mm&r=g","url":"https:\/\/secure.gravatar.com\/avatar\/d4fe7459cfc51ff5129ce1a732bbef5928568b8092d412ef95611616376bbeed?s=96&d=mm&r=g","contentUrl":"https:\/\/secure.gravatar.com\/avatar\/d4fe7459cfc51ff5129ce1a732bbef5928568b8092d412ef95611616376bbeed?s=96&d=mm&r=g","caption":"f1000024"},"url":"https:\/\/cvinoticias.com\/v3\/author\/f1000024\/"}]}},"_links":{"self":[{"href":"https:\/\/cvinoticias.com\/v3\/wp-json\/wp\/v2\/posts\/25817","targetHints":{"allow":["GET"]}}],"collection":[{"href":"https:\/\/cvinoticias.com\/v3\/wp-json\/wp\/v2\/posts"}],"about":[{"href":"https:\/\/cvinoticias.com\/v3\/wp-json\/wp\/v2\/types\/post"}],"author":[{"embeddable":true,"href":"https:\/\/cvinoticias.com\/v3\/wp-json\/wp\/v2\/users\/2"}],"replies":[{"embeddable":true,"href":"https:\/\/cvinoticias.com\/v3\/wp-json\/wp\/v2\/comments?post=25817"}],"version-history":[{"count":1,"href":"https:\/\/cvinoticias.com\/v3\/wp-json\/wp\/v2\/posts\/25817\/revisions"}],"predecessor-version":[{"id":25819,"href":"https:\/\/cvinoticias.com\/v3\/wp-json\/wp\/v2\/posts\/25817\/revisions\/25819"}],"wp:featuredmedia":[{"embeddable":true,"href":"https:\/\/cvinoticias.com\/v3\/wp-json\/wp\/v2\/media\/25818"}],"wp:attachment":[{"href":"https:\/\/cvinoticias.com\/v3\/wp-json\/wp\/v2\/media?parent=25817"}],"wp:term":[{"taxonomy":"category","embeddable":true,"href":"https:\/\/cvinoticias.com\/v3\/wp-json\/wp\/v2\/categories?post=25817"},{"taxonomy":"post_tag","embeddable":true,"href":"https:\/\/cvinoticias.com\/v3\/wp-json\/wp\/v2\/tags?post=25817"}],"curies":[{"name":"wp","href":"https:\/\/api.w.org\/{rel}","templated":true}]}}