{"id":25759,"date":"2023-06-26T14:40:49","date_gmt":"2023-06-26T14:40:49","guid":{"rendered":"https:\/\/cvinoticias.com\/v3\/?p=25759"},"modified":"2023-06-27T05:32:55","modified_gmt":"2023-06-27T05:32:55","slug":"el-acto-y-desfile-civico-militar-escolar-en-la-ciudad-de-las-cataratas-se-realizara-el-viernes-07-de-julio","status":"publish","type":"post","link":"https:\/\/cvinoticias.com\/v3\/el-acto-y-desfile-civico-militar-escolar-en-la-ciudad-de-las-cataratas-se-realizara-el-viernes-07-de-julio\/","title":{"rendered":"El acto y desfile c\u00edvico-militar-escolar en la ciudad de las Cataratas se realizar\u00e1 el viernes 07 de julio"},"content":{"rendered":"\n<p><strong><em>El Gobierno Municipal invita a celebrar el 207\u00b0 aniversario de la Declaraci\u00f3n de la Independencia Nacional con un gran desfile c\u00edvico-militar-escolar que se realizar\u00e1 en la Ciudad de las Cataratas el viernes 07 de Julio a partir de las 9:30 en la Plaza San Mart\u00edn.<\/em><\/strong><\/p>\n\n\n\n<p>A partir de las 08 hs se realizar\u00e1 la concentraci\u00f3n de autoridades en el Sal\u00f3n del Iturem, donde el Intendente Municipal, Claudio Ra\u00fal Filippa, recibir\u00e1 a todas las fuerzas y autoridades invitadas.<\/p>\n\n\n\n<p>Seguidamente se dirigir\u00e1n hasta la Catedral Virgen del Carm\u00e9n para el Solemne Tedeum y al finalizar se trasladar\u00e1n a la Plaza San Mart\u00edn para realizar la ofrenda floral al busto de San Mart\u00edn.<\/p>\n\n\n\n<p>Al t\u00e9rmino de la ofrenda floral y minuto de silencio se estar\u00e1n ubicando en el palco oficial, en la Plaza San Mart\u00edn para dar inicio, a las 9:30 hs, al desfile c\u00edvico-militar-escolar por la Av. Tres Fronteras.<\/p>\n\n\n\n<p>En esta oportunidad, y como se acostumbra desde hace tiempo, entre las calles Victoria Aguirre y Bra\u00f1as, estar\u00e1n a disposici\u00f3n de los alumnos que desfilar\u00e1n la tradicional chocolatada con chipas y facturas, con la atenci\u00f3n del personal de Acci\u00f3n Social.<\/p>\n\n\n\n<p>El viernes 07 ser\u00e1 decretado asueto administrativo en la localidad de Iguaz\u00fa.<\/p>\n\n\n\n<figure class=\"wp-block-embed is-type-video is-provider-youtube wp-block-embed-youtube wp-embed-aspect-4-3 wp-has-aspect-ratio\"><div class=\"wp-block-embed__wrapper\">\n<iframe title=\"Marcela Gonz\u00e1lez (Sec. Gobierno).\" width=\"640\" height=\"480\" data-src=\"https:\/\/www.youtube.com\/embed\/KtWyNhLOTh4?feature=oembed\" frameborder=\"0\" allow=\"accelerometer; autoplay; clipboard-write; encrypted-media; gyroscope; picture-in-picture; web-share\" referrerpolicy=\"strict-origin-when-cross-origin\" allowfullscreen src=\"data:image\/svg+xml;base64,PHN2ZyB3aWR0aD0iMSIgaGVpZ2h0PSIxIiB4bWxucz0iaHR0cDovL3d3dy53My5vcmcvMjAwMC9zdmciPjwvc3ZnPg==\" class=\"lazyload\" data-load-mode=\"1\"><\/iframe>\n<\/div><\/figure>\n","protected":false},"excerpt":{"rendered":"<p>El Gobierno Municipal invita a celebrar el 207\u00b0 aniversario de la Declaraci\u00f3n de la Independencia Nacional con un gran desfile c\u00edvico-militar-escolar que se realizar\u00e1 en la Ciudad de las Cataratas el viernes 07 de Julio a partir de las 9:30 en la Plaza San Mart\u00edn. A partir de las 08 hs se realizar\u00e1 la concentraci\u00f3n [&hellip;]<\/p>\n","protected":false},"author":2,"featured_media":25760,"comment_status":"open","ping_status":"open","sticky":false,"template":"","format":"standard","meta":{"footnotes":""},"categories":[29],"tags":[],"class_list":["post-25759","post","type-post","status-publish","format-standard","has-post-thumbnail","hentry","category-locales"],"yoast_head":"<!-- This site is optimized with the Yoast SEO plugin v27.5 - https:\/\/yoast.com\/product\/yoast-seo-wordpress\/ -->\n<title>El acto y desfile c\u00edvico-militar-escolar en la ciudad de las Cataratas se realizar\u00e1 el viernes 07 de julio | CVI NOTICIAS<\/title>\n<meta name=\"robots\" content=\"index, follow, max-snippet:-1, max-image-preview:large, max-video-preview:-1\" \/>\n<link rel=\"canonical\" href=\"https:\/\/cvinoticias.com\/v3\/el-acto-y-desfile-civico-militar-escolar-en-la-ciudad-de-las-cataratas-se-realizara-el-viernes-07-de-julio\/\" \/>\n<meta property=\"og:locale\" content=\"es_ES\" \/>\n<meta property=\"og:type\" content=\"article\" \/>\n<meta property=\"og:title\" content=\"El acto y desfile c\u00edvico-militar-escolar en la ciudad de las Cataratas se realizar\u00e1 el viernes 07 de julio | CVI NOTICIAS\" \/>\n<meta property=\"og:description\" content=\"El Gobierno Municipal invita a celebrar el 207\u00b0 aniversario de la Declaraci\u00f3n de la Independencia Nacional con un gran desfile c\u00edvico-militar-escolar que se realizar\u00e1 en la Ciudad de las Cataratas el viernes 07 de Julio a partir de las 9:30 en la Plaza San Mart\u00edn. A partir de las 08 hs se realizar\u00e1 la concentraci\u00f3n [&hellip;]\" \/>\n<meta property=\"og:url\" content=\"https:\/\/cvinoticias.com\/v3\/el-acto-y-desfile-civico-militar-escolar-en-la-ciudad-de-las-cataratas-se-realizara-el-viernes-07-de-julio\/\" \/>\n<meta property=\"og:site_name\" content=\"CVI NOTICIAS\" \/>\n<meta property=\"article:publisher\" content=\"https:\/\/www.facebook.com\/cvinoticias\" \/>\n<meta property=\"article:published_time\" content=\"2023-06-26T14:40:49+00:00\" \/>\n<meta property=\"article:modified_time\" content=\"2023-06-27T05:32:55+00:00\" \/>\n<meta property=\"og:image\" content=\"https:\/\/cvinoticias.com\/wp-content\/uploads\/2023\/06\/hqdefault.jpg\" \/>\n\t<meta property=\"og:image:width\" content=\"480\" \/>\n\t<meta property=\"og:image:height\" content=\"219\" \/>\n\t<meta property=\"og:image:type\" content=\"image\/jpeg\" \/>\n<meta name=\"author\" content=\"f1000024\" \/>\n<meta name=\"twitter:card\" content=\"summary_large_image\" \/>\n<meta name=\"twitter:label1\" content=\"Escrito por\" \/>\n\t<meta name=\"twitter:data1\" content=\"f1000024\" \/>\n\t<meta name=\"twitter:label2\" content=\"Tiempo de lectura\" \/>\n\t<meta name=\"twitter:data2\" content=\"1 minuto\" \/>\n<script type=\"application\/ld+json\" class=\"yoast-schema-graph\">{\"@context\":\"https:\\\/\\\/schema.org\",\"@graph\":[{\"@type\":\"Article\",\"@id\":\"https:\\\/\\\/cvinoticias.com\\\/v3\\\/el-acto-y-desfile-civico-militar-escolar-en-la-ciudad-de-las-cataratas-se-realizara-el-viernes-07-de-julio\\\/#article\",\"isPartOf\":{\"@id\":\"https:\\\/\\\/cvinoticias.com\\\/v3\\\/el-acto-y-desfile-civico-militar-escolar-en-la-ciudad-de-las-cataratas-se-realizara-el-viernes-07-de-julio\\\/\"},\"author\":{\"name\":\"f1000024\",\"@id\":\"https:\\\/\\\/cvinoticias.com\\\/v3\\\/#\\\/schema\\\/person\\\/2db77e3c6bc03c538495d7b2b8be9b66\"},\"headline\":\"El acto y desfile c\u00edvico-militar-escolar en la ciudad de las Cataratas se realizar\u00e1 el viernes 07 de julio\",\"datePublished\":\"2023-06-26T14:40:49+00:00\",\"dateModified\":\"2023-06-27T05:32:55+00:00\",\"mainEntityOfPage\":{\"@id\":\"https:\\\/\\\/cvinoticias.com\\\/v3\\\/el-acto-y-desfile-civico-militar-escolar-en-la-ciudad-de-las-cataratas-se-realizara-el-viernes-07-de-julio\\\/\"},\"wordCount\":236,\"commentCount\":0,\"publisher\":{\"@id\":\"https:\\\/\\\/cvinoticias.com\\\/v3\\\/#organization\"},\"image\":{\"@id\":\"https:\\\/\\\/cvinoticias.com\\\/v3\\\/el-acto-y-desfile-civico-militar-escolar-en-la-ciudad-de-las-cataratas-se-realizara-el-viernes-07-de-julio\\\/#primaryimage\"},\"thumbnailUrl\":\"https:\\\/\\\/cvinoticias.com\\\/wp-content\\\/uploads\\\/2023\\\/06\\\/hqdefault.jpg\",\"articleSection\":[\"Locales\"],\"inLanguage\":\"es\",\"potentialAction\":[{\"@type\":\"CommentAction\",\"name\":\"Comment\",\"target\":[\"https:\\\/\\\/cvinoticias.com\\\/v3\\\/el-acto-y-desfile-civico-militar-escolar-en-la-ciudad-de-las-cataratas-se-realizara-el-viernes-07-de-julio\\\/#respond\"]}]},{\"@type\":\"WebPage\",\"@id\":\"https:\\\/\\\/cvinoticias.com\\\/v3\\\/el-acto-y-desfile-civico-militar-escolar-en-la-ciudad-de-las-cataratas-se-realizara-el-viernes-07-de-julio\\\/\",\"url\":\"https:\\\/\\\/cvinoticias.com\\\/v3\\\/el-acto-y-desfile-civico-militar-escolar-en-la-ciudad-de-las-cataratas-se-realizara-el-viernes-07-de-julio\\\/\",\"name\":\"El acto y desfile c\u00edvico-militar-escolar en la ciudad de las Cataratas se realizar\u00e1 el viernes 07 de julio | CVI NOTICIAS\",\"isPartOf\":{\"@id\":\"https:\\\/\\\/cvinoticias.com\\\/v3\\\/#website\"},\"primaryImageOfPage\":{\"@id\":\"https:\\\/\\\/cvinoticias.com\\\/v3\\\/el-acto-y-desfile-civico-militar-escolar-en-la-ciudad-de-las-cataratas-se-realizara-el-viernes-07-de-julio\\\/#primaryimage\"},\"image\":{\"@id\":\"https:\\\/\\\/cvinoticias.com\\\/v3\\\/el-acto-y-desfile-civico-militar-escolar-en-la-ciudad-de-las-cataratas-se-realizara-el-viernes-07-de-julio\\\/#primaryimage\"},\"thumbnailUrl\":\"https:\\\/\\\/cvinoticias.com\\\/wp-content\\\/uploads\\\/2023\\\/06\\\/hqdefault.jpg\",\"datePublished\":\"2023-06-26T14:40:49+00:00\",\"dateModified\":\"2023-06-27T05:32:55+00:00\",\"breadcrumb\":{\"@id\":\"https:\\\/\\\/cvinoticias.com\\\/v3\\\/el-acto-y-desfile-civico-militar-escolar-en-la-ciudad-de-las-cataratas-se-realizara-el-viernes-07-de-julio\\\/#breadcrumb\"},\"inLanguage\":\"es\",\"potentialAction\":[{\"@type\":\"ReadAction\",\"target\":[\"https:\\\/\\\/cvinoticias.com\\\/v3\\\/el-acto-y-desfile-civico-militar-escolar-en-la-ciudad-de-las-cataratas-se-realizara-el-viernes-07-de-julio\\\/\"]}]},{\"@type\":\"ImageObject\",\"inLanguage\":\"es\",\"@id\":\"https:\\\/\\\/cvinoticias.com\\\/v3\\\/el-acto-y-desfile-civico-militar-escolar-en-la-ciudad-de-las-cataratas-se-realizara-el-viernes-07-de-julio\\\/#primaryimage\",\"url\":\"https:\\\/\\\/cvinoticias.com\\\/wp-content\\\/uploads\\\/2023\\\/06\\\/hqdefault.jpg\",\"contentUrl\":\"https:\\\/\\\/cvinoticias.com\\\/wp-content\\\/uploads\\\/2023\\\/06\\\/hqdefault.jpg\",\"width\":480,\"height\":219},{\"@type\":\"BreadcrumbList\",\"@id\":\"https:\\\/\\\/cvinoticias.com\\\/v3\\\/el-acto-y-desfile-civico-militar-escolar-en-la-ciudad-de-las-cataratas-se-realizara-el-viernes-07-de-julio\\\/#breadcrumb\",\"itemListElement\":[{\"@type\":\"ListItem\",\"position\":1,\"name\":\"Portada\",\"item\":\"https:\\\/\\\/cvinoticias.com\\\/v3\\\/\"},{\"@type\":\"ListItem\",\"position\":2,\"name\":\"El acto y desfile c\u00edvico-militar-escolar en la ciudad de las Cataratas se realizar\u00e1 el viernes 07 de julio\"}]},{\"@type\":\"WebSite\",\"@id\":\"https:\\\/\\\/cvinoticias.com\\\/v3\\\/#website\",\"url\":\"https:\\\/\\\/cvinoticias.com\\\/v3\\\/\",\"name\":\"CVI NOTICIAS\",\"description\":\"\",\"publisher\":{\"@id\":\"https:\\\/\\\/cvinoticias.com\\\/v3\\\/#organization\"},\"alternateName\":\"CVI\",\"potentialAction\":[{\"@type\":\"SearchAction\",\"target\":{\"@type\":\"EntryPoint\",\"urlTemplate\":\"https:\\\/\\\/cvinoticias.com\\\/v3\\\/?s={search_term_string}\"},\"query-input\":{\"@type\":\"PropertyValueSpecification\",\"valueRequired\":true,\"valueName\":\"search_term_string\"}}],\"inLanguage\":\"es\"},{\"@type\":\"Organization\",\"@id\":\"https:\\\/\\\/cvinoticias.com\\\/v3\\\/#organization\",\"name\":\"CVI NOTICIAS\",\"url\":\"https:\\\/\\\/cvinoticias.com\\\/v3\\\/\",\"logo\":{\"@type\":\"ImageObject\",\"inLanguage\":\"es\",\"@id\":\"https:\\\/\\\/cvinoticias.com\\\/v3\\\/#\\\/schema\\\/logo\\\/image\\\/\",\"url\":\"https:\\\/\\\/cvinoticias.com\\\/wp-content\\\/uploads\\\/2023\\\/04\\\/cropped-cropped-cropped-cropped-cropped-3-1.png\",\"contentUrl\":\"https:\\\/\\\/cvinoticias.com\\\/wp-content\\\/uploads\\\/2023\\\/04\\\/cropped-cropped-cropped-cropped-cropped-3-1.png\",\"width\":95,\"height\":122,\"caption\":\"CVI NOTICIAS\"},\"image\":{\"@id\":\"https:\\\/\\\/cvinoticias.com\\\/v3\\\/#\\\/schema\\\/logo\\\/image\\\/\"},\"sameAs\":[\"https:\\\/\\\/www.facebook.com\\\/cvinoticias\",\"https:\\\/\\\/www.instagram.com\\\/cvinoticias\\\/\",\"https:\\\/\\\/www.youtube.com\\\/@CVINOTICIAS\"]},{\"@type\":\"Person\",\"@id\":\"https:\\\/\\\/cvinoticias.com\\\/v3\\\/#\\\/schema\\\/person\\\/2db77e3c6bc03c538495d7b2b8be9b66\",\"name\":\"f1000024\",\"image\":{\"@type\":\"ImageObject\",\"inLanguage\":\"es\",\"@id\":\"https:\\\/\\\/secure.gravatar.com\\\/avatar\\\/d4fe7459cfc51ff5129ce1a732bbef5928568b8092d412ef95611616376bbeed?s=96&d=mm&r=g\",\"url\":\"https:\\\/\\\/secure.gravatar.com\\\/avatar\\\/d4fe7459cfc51ff5129ce1a732bbef5928568b8092d412ef95611616376bbeed?s=96&d=mm&r=g\",\"contentUrl\":\"https:\\\/\\\/secure.gravatar.com\\\/avatar\\\/d4fe7459cfc51ff5129ce1a732bbef5928568b8092d412ef95611616376bbeed?s=96&d=mm&r=g\",\"caption\":\"f1000024\"},\"url\":\"https:\\\/\\\/cvinoticias.com\\\/v3\\\/author\\\/f1000024\\\/\"}]}<\/script>\n<!-- \/ Yoast SEO plugin. -->","yoast_head_json":{"title":"El acto y desfile c\u00edvico-militar-escolar en la ciudad de las Cataratas se realizar\u00e1 el viernes 07 de julio | CVI NOTICIAS","robots":{"index":"index","follow":"follow","max-snippet":"max-snippet:-1","max-image-preview":"max-image-preview:large","max-video-preview":"max-video-preview:-1"},"canonical":"https:\/\/cvinoticias.com\/v3\/el-acto-y-desfile-civico-militar-escolar-en-la-ciudad-de-las-cataratas-se-realizara-el-viernes-07-de-julio\/","og_locale":"es_ES","og_type":"article","og_title":"El acto y desfile c\u00edvico-militar-escolar en la ciudad de las Cataratas se realizar\u00e1 el viernes 07 de julio | CVI NOTICIAS","og_description":"El Gobierno Municipal invita a celebrar el 207\u00b0 aniversario de la Declaraci\u00f3n de la Independencia Nacional con un gran desfile c\u00edvico-militar-escolar que se realizar\u00e1 en la Ciudad de las Cataratas el viernes 07 de Julio a partir de las 9:30 en la Plaza San Mart\u00edn. A partir de las 08 hs se realizar\u00e1 la concentraci\u00f3n [&hellip;]","og_url":"https:\/\/cvinoticias.com\/v3\/el-acto-y-desfile-civico-militar-escolar-en-la-ciudad-de-las-cataratas-se-realizara-el-viernes-07-de-julio\/","og_site_name":"CVI NOTICIAS","article_publisher":"https:\/\/www.facebook.com\/cvinoticias","article_published_time":"2023-06-26T14:40:49+00:00","article_modified_time":"2023-06-27T05:32:55+00:00","og_image":[{"width":480,"height":219,"url":"https:\/\/cvinoticias.com\/wp-content\/uploads\/2023\/06\/hqdefault.jpg","type":"image\/jpeg"}],"author":"f1000024","twitter_card":"summary_large_image","twitter_misc":{"Escrito por":"f1000024","Tiempo de lectura":"1 minuto"},"schema":{"@context":"https:\/\/schema.org","@graph":[{"@type":"Article","@id":"https:\/\/cvinoticias.com\/v3\/el-acto-y-desfile-civico-militar-escolar-en-la-ciudad-de-las-cataratas-se-realizara-el-viernes-07-de-julio\/#article","isPartOf":{"@id":"https:\/\/cvinoticias.com\/v3\/el-acto-y-desfile-civico-militar-escolar-en-la-ciudad-de-las-cataratas-se-realizara-el-viernes-07-de-julio\/"},"author":{"name":"f1000024","@id":"https:\/\/cvinoticias.com\/v3\/#\/schema\/person\/2db77e3c6bc03c538495d7b2b8be9b66"},"headline":"El acto y desfile c\u00edvico-militar-escolar en la ciudad de las Cataratas se realizar\u00e1 el viernes 07 de julio","datePublished":"2023-06-26T14:40:49+00:00","dateModified":"2023-06-27T05:32:55+00:00","mainEntityOfPage":{"@id":"https:\/\/cvinoticias.com\/v3\/el-acto-y-desfile-civico-militar-escolar-en-la-ciudad-de-las-cataratas-se-realizara-el-viernes-07-de-julio\/"},"wordCount":236,"commentCount":0,"publisher":{"@id":"https:\/\/cvinoticias.com\/v3\/#organization"},"image":{"@id":"https:\/\/cvinoticias.com\/v3\/el-acto-y-desfile-civico-militar-escolar-en-la-ciudad-de-las-cataratas-se-realizara-el-viernes-07-de-julio\/#primaryimage"},"thumbnailUrl":"https:\/\/cvinoticias.com\/wp-content\/uploads\/2023\/06\/hqdefault.jpg","articleSection":["Locales"],"inLanguage":"es","potentialAction":[{"@type":"CommentAction","name":"Comment","target":["https:\/\/cvinoticias.com\/v3\/el-acto-y-desfile-civico-militar-escolar-en-la-ciudad-de-las-cataratas-se-realizara-el-viernes-07-de-julio\/#respond"]}]},{"@type":"WebPage","@id":"https:\/\/cvinoticias.com\/v3\/el-acto-y-desfile-civico-militar-escolar-en-la-ciudad-de-las-cataratas-se-realizara-el-viernes-07-de-julio\/","url":"https:\/\/cvinoticias.com\/v3\/el-acto-y-desfile-civico-militar-escolar-en-la-ciudad-de-las-cataratas-se-realizara-el-viernes-07-de-julio\/","name":"El acto y desfile c\u00edvico-militar-escolar en la ciudad de las Cataratas se realizar\u00e1 el viernes 07 de julio | CVI NOTICIAS","isPartOf":{"@id":"https:\/\/cvinoticias.com\/v3\/#website"},"primaryImageOfPage":{"@id":"https:\/\/cvinoticias.com\/v3\/el-acto-y-desfile-civico-militar-escolar-en-la-ciudad-de-las-cataratas-se-realizara-el-viernes-07-de-julio\/#primaryimage"},"image":{"@id":"https:\/\/cvinoticias.com\/v3\/el-acto-y-desfile-civico-militar-escolar-en-la-ciudad-de-las-cataratas-se-realizara-el-viernes-07-de-julio\/#primaryimage"},"thumbnailUrl":"https:\/\/cvinoticias.com\/wp-content\/uploads\/2023\/06\/hqdefault.jpg","datePublished":"2023-06-26T14:40:49+00:00","dateModified":"2023-06-27T05:32:55+00:00","breadcrumb":{"@id":"https:\/\/cvinoticias.com\/v3\/el-acto-y-desfile-civico-militar-escolar-en-la-ciudad-de-las-cataratas-se-realizara-el-viernes-07-de-julio\/#breadcrumb"},"inLanguage":"es","potentialAction":[{"@type":"ReadAction","target":["https:\/\/cvinoticias.com\/v3\/el-acto-y-desfile-civico-militar-escolar-en-la-ciudad-de-las-cataratas-se-realizara-el-viernes-07-de-julio\/"]}]},{"@type":"ImageObject","inLanguage":"es","@id":"https:\/\/cvinoticias.com\/v3\/el-acto-y-desfile-civico-militar-escolar-en-la-ciudad-de-las-cataratas-se-realizara-el-viernes-07-de-julio\/#primaryimage","url":"https:\/\/cvinoticias.com\/wp-content\/uploads\/2023\/06\/hqdefault.jpg","contentUrl":"https:\/\/cvinoticias.com\/wp-content\/uploads\/2023\/06\/hqdefault.jpg","width":480,"height":219},{"@type":"BreadcrumbList","@id":"https:\/\/cvinoticias.com\/v3\/el-acto-y-desfile-civico-militar-escolar-en-la-ciudad-de-las-cataratas-se-realizara-el-viernes-07-de-julio\/#breadcrumb","itemListElement":[{"@type":"ListItem","position":1,"name":"Portada","item":"https:\/\/cvinoticias.com\/v3\/"},{"@type":"ListItem","position":2,"name":"El acto y desfile c\u00edvico-militar-escolar en la ciudad de las Cataratas se realizar\u00e1 el viernes 07 de julio"}]},{"@type":"WebSite","@id":"https:\/\/cvinoticias.com\/v3\/#website","url":"https:\/\/cvinoticias.com\/v3\/","name":"CVI NOTICIAS","description":"","publisher":{"@id":"https:\/\/cvinoticias.com\/v3\/#organization"},"alternateName":"CVI","potentialAction":[{"@type":"SearchAction","target":{"@type":"EntryPoint","urlTemplate":"https:\/\/cvinoticias.com\/v3\/?s={search_term_string}"},"query-input":{"@type":"PropertyValueSpecification","valueRequired":true,"valueName":"search_term_string"}}],"inLanguage":"es"},{"@type":"Organization","@id":"https:\/\/cvinoticias.com\/v3\/#organization","name":"CVI NOTICIAS","url":"https:\/\/cvinoticias.com\/v3\/","logo":{"@type":"ImageObject","inLanguage":"es","@id":"https:\/\/cvinoticias.com\/v3\/#\/schema\/logo\/image\/","url":"https:\/\/cvinoticias.com\/wp-content\/uploads\/2023\/04\/cropped-cropped-cropped-cropped-cropped-3-1.png","contentUrl":"https:\/\/cvinoticias.com\/wp-content\/uploads\/2023\/04\/cropped-cropped-cropped-cropped-cropped-3-1.png","width":95,"height":122,"caption":"CVI NOTICIAS"},"image":{"@id":"https:\/\/cvinoticias.com\/v3\/#\/schema\/logo\/image\/"},"sameAs":["https:\/\/www.facebook.com\/cvinoticias","https:\/\/www.instagram.com\/cvinoticias\/","https:\/\/www.youtube.com\/@CVINOTICIAS"]},{"@type":"Person","@id":"https:\/\/cvinoticias.com\/v3\/#\/schema\/person\/2db77e3c6bc03c538495d7b2b8be9b66","name":"f1000024","image":{"@type":"ImageObject","inLanguage":"es","@id":"https:\/\/secure.gravatar.com\/avatar\/d4fe7459cfc51ff5129ce1a732bbef5928568b8092d412ef95611616376bbeed?s=96&d=mm&r=g","url":"https:\/\/secure.gravatar.com\/avatar\/d4fe7459cfc51ff5129ce1a732bbef5928568b8092d412ef95611616376bbeed?s=96&d=mm&r=g","contentUrl":"https:\/\/secure.gravatar.com\/avatar\/d4fe7459cfc51ff5129ce1a732bbef5928568b8092d412ef95611616376bbeed?s=96&d=mm&r=g","caption":"f1000024"},"url":"https:\/\/cvinoticias.com\/v3\/author\/f1000024\/"}]}},"_links":{"self":[{"href":"https:\/\/cvinoticias.com\/v3\/wp-json\/wp\/v2\/posts\/25759","targetHints":{"allow":["GET"]}}],"collection":[{"href":"https:\/\/cvinoticias.com\/v3\/wp-json\/wp\/v2\/posts"}],"about":[{"href":"https:\/\/cvinoticias.com\/v3\/wp-json\/wp\/v2\/types\/post"}],"author":[{"embeddable":true,"href":"https:\/\/cvinoticias.com\/v3\/wp-json\/wp\/v2\/users\/2"}],"replies":[{"embeddable":true,"href":"https:\/\/cvinoticias.com\/v3\/wp-json\/wp\/v2\/comments?post=25759"}],"version-history":[{"count":2,"href":"https:\/\/cvinoticias.com\/v3\/wp-json\/wp\/v2\/posts\/25759\/revisions"}],"predecessor-version":[{"id":25762,"href":"https:\/\/cvinoticias.com\/v3\/wp-json\/wp\/v2\/posts\/25759\/revisions\/25762"}],"wp:featuredmedia":[{"embeddable":true,"href":"https:\/\/cvinoticias.com\/v3\/wp-json\/wp\/v2\/media\/25760"}],"wp:attachment":[{"href":"https:\/\/cvinoticias.com\/v3\/wp-json\/wp\/v2\/media?parent=25759"}],"wp:term":[{"taxonomy":"category","embeddable":true,"href":"https:\/\/cvinoticias.com\/v3\/wp-json\/wp\/v2\/categories?post=25759"},{"taxonomy":"post_tag","embeddable":true,"href":"https:\/\/cvinoticias.com\/v3\/wp-json\/wp\/v2\/tags?post=25759"}],"curies":[{"name":"wp","href":"https:\/\/api.w.org\/{rel}","templated":true}]}}