{"id":2570,"date":"2021-02-10T05:46:32","date_gmt":"2021-02-10T05:46:32","guid":{"rendered":"https:\/\/cvinoticias.com\/v3\/?p=2570"},"modified":"2021-02-10T05:46:32","modified_gmt":"2021-02-10T05:46:32","slug":"historico-nacieron-dos-cachorros-de-yaguarete-en-el-parque-nacional-el-impenetrable","status":"publish","type":"post","link":"https:\/\/cvinoticias.com\/v3\/historico-nacieron-dos-cachorros-de-yaguarete-en-el-parque-nacional-el-impenetrable\/","title":{"rendered":"Hist\u00f3rico: nacieron dos cachorros de yaguaret\u00e9 en el Parque Nacional El Impenetrable"},"content":{"rendered":"\n<p><strong><em>El gran anuncio lo hizo el gobernador Jorge Capitanich, quien confirm\u00f3 el nacimiento de dos cachorros de yaguaret\u00e9, especie en peligro de extinci\u00f3n.<\/em><\/strong><\/p>\n\n\n\n<p>A esto se lleg\u00f3 luego de un arduo trabajo para juntar a Qaramta, un macho silvestre de 5 a\u00f1os, con Tania, una hembra de cautiverio de 9.<\/p>\n\n\n\n<p>\u201cEl yaguaret\u00e9 es un s\u00edmbolo de nuestra identidad de El Impenetrable\u201d, expres\u00f3 Capitanich en la conferencia de prensa donde estuvo acompa\u00f1ado por Sof\u00eda Heinonen, directora ejecutiva de la Fundaci\u00f3n Rewilding Argentina; Marta Soneira, secretaria de Desarrollo Territorial y Ambiente; y Ariel Ybarra, presidente del Instituto de Turismo.<\/p>\n\n\n\n<p>\u201cLuego del encuentro el 17 de octubre entre Tania y Qaramta, hoy podemos anunciar y celebrar el nacimiento de dos cachorros que nos permiten dar un gran paso en la preservaci\u00f3n de la especie\u201d, agreg\u00f3 Capitanich.<\/p>\n\n\n\n<p>El gobernador celebr\u00f3 el hecho y manifest\u00f3 que \u201cEsto es el s\u00edmbolo de una historia de amor que nos llena de orgullo. Amor a la naturaleza, a nuestra tierra y a nuestra identidad\u201d.<\/p>\n\n\n\n<p>\u201cEl yaguaret\u00e9 significa el relanzamiento de nuestro Parque Nacional&nbsp; y un aporte extraordinario a nivel ambiental\u201d, manifest\u00f3 tambi\u00e9n y a\u00f1adi\u00f3 que&nbsp;\u201ces un lazo con la naturaleza, una fuente de nuevas oportunidades para El Impenetrable y sus habitantes\u201d.<\/p>\n\n\n\n<p>Fuente: Diario Chaco<\/p>\n","protected":false},"excerpt":{"rendered":"<p>El gran anuncio lo hizo el gobernador Jorge Capitanich, quien confirm\u00f3 el nacimiento de dos cachorros de yaguaret\u00e9, especie en peligro de extinci\u00f3n. A esto se lleg\u00f3 luego de un arduo trabajo para juntar a Qaramta, un macho silvestre de 5 a\u00f1os, con Tania, una hembra de cautiverio de 9. \u201cEl yaguaret\u00e9 es un s\u00edmbolo [&hellip;]<\/p>\n","protected":false},"author":2,"featured_media":2571,"comment_status":"open","ping_status":"open","sticky":false,"template":"","format":"standard","meta":{"footnotes":""},"categories":[31],"tags":[],"class_list":["post-2570","post","type-post","status-publish","format-standard","has-post-thumbnail","hentry","category-ecologia"],"yoast_head":"<!-- This site is optimized with the Yoast SEO plugin v27.5 - https:\/\/yoast.com\/product\/yoast-seo-wordpress\/ -->\n<title>Hist\u00f3rico: nacieron dos cachorros de yaguaret\u00e9 en el Parque Nacional El Impenetrable | CVI NOTICIAS<\/title>\n<meta name=\"robots\" content=\"index, follow, max-snippet:-1, max-image-preview:large, max-video-preview:-1\" \/>\n<link rel=\"canonical\" href=\"https:\/\/cvinoticias.com\/v3\/historico-nacieron-dos-cachorros-de-yaguarete-en-el-parque-nacional-el-impenetrable\/\" \/>\n<meta property=\"og:locale\" content=\"es_ES\" \/>\n<meta property=\"og:type\" content=\"article\" \/>\n<meta property=\"og:title\" content=\"Hist\u00f3rico: nacieron dos cachorros de yaguaret\u00e9 en el Parque Nacional El Impenetrable | CVI NOTICIAS\" \/>\n<meta property=\"og:description\" content=\"El gran anuncio lo hizo el gobernador Jorge Capitanich, quien confirm\u00f3 el nacimiento de dos cachorros de yaguaret\u00e9, especie en peligro de extinci\u00f3n. A esto se lleg\u00f3 luego de un arduo trabajo para juntar a Qaramta, un macho silvestre de 5 a\u00f1os, con Tania, una hembra de cautiverio de 9. \u201cEl yaguaret\u00e9 es un s\u00edmbolo [&hellip;]\" \/>\n<meta property=\"og:url\" content=\"https:\/\/cvinoticias.com\/v3\/historico-nacieron-dos-cachorros-de-yaguarete-en-el-parque-nacional-el-impenetrable\/\" \/>\n<meta property=\"og:site_name\" content=\"CVI NOTICIAS\" \/>\n<meta property=\"article:publisher\" content=\"https:\/\/www.facebook.com\/cvinoticias\" \/>\n<meta property=\"article:published_time\" content=\"2021-02-10T05:46:32+00:00\" \/>\n<meta property=\"og:image\" content=\"https:\/\/cvinoticias.com\/wp-content\/uploads\/2021\/02\/IMG-20210210-WA0057.jpg\" \/>\n\t<meta property=\"og:image:width\" content=\"593\" \/>\n\t<meta property=\"og:image:height\" content=\"375\" \/>\n\t<meta property=\"og:image:type\" content=\"image\/jpeg\" \/>\n<meta name=\"author\" content=\"f1000024\" \/>\n<meta name=\"twitter:card\" content=\"summary_large_image\" \/>\n<meta name=\"twitter:label1\" content=\"Escrito por\" \/>\n\t<meta name=\"twitter:data1\" content=\"f1000024\" \/>\n\t<meta name=\"twitter:label2\" content=\"Tiempo de lectura\" \/>\n\t<meta name=\"twitter:data2\" content=\"1 minuto\" \/>\n<script type=\"application\/ld+json\" class=\"yoast-schema-graph\">{\"@context\":\"https:\\\/\\\/schema.org\",\"@graph\":[{\"@type\":\"Article\",\"@id\":\"https:\\\/\\\/cvinoticias.com\\\/v3\\\/historico-nacieron-dos-cachorros-de-yaguarete-en-el-parque-nacional-el-impenetrable\\\/#article\",\"isPartOf\":{\"@id\":\"https:\\\/\\\/cvinoticias.com\\\/v3\\\/historico-nacieron-dos-cachorros-de-yaguarete-en-el-parque-nacional-el-impenetrable\\\/\"},\"author\":{\"name\":\"f1000024\",\"@id\":\"https:\\\/\\\/cvinoticias.com\\\/v3\\\/#\\\/schema\\\/person\\\/2db77e3c6bc03c538495d7b2b8be9b66\"},\"headline\":\"Hist\u00f3rico: nacieron dos cachorros de yaguaret\u00e9 en el Parque Nacional El Impenetrable\",\"datePublished\":\"2021-02-10T05:46:32+00:00\",\"mainEntityOfPage\":{\"@id\":\"https:\\\/\\\/cvinoticias.com\\\/v3\\\/historico-nacieron-dos-cachorros-de-yaguarete-en-el-parque-nacional-el-impenetrable\\\/\"},\"wordCount\":229,\"commentCount\":0,\"publisher\":{\"@id\":\"https:\\\/\\\/cvinoticias.com\\\/v3\\\/#organization\"},\"image\":{\"@id\":\"https:\\\/\\\/cvinoticias.com\\\/v3\\\/historico-nacieron-dos-cachorros-de-yaguarete-en-el-parque-nacional-el-impenetrable\\\/#primaryimage\"},\"thumbnailUrl\":\"https:\\\/\\\/cvinoticias.com\\\/wp-content\\\/uploads\\\/2021\\\/02\\\/IMG-20210210-WA0057.jpg\",\"articleSection\":[\"Ecologia\"],\"inLanguage\":\"es\",\"potentialAction\":[{\"@type\":\"CommentAction\",\"name\":\"Comment\",\"target\":[\"https:\\\/\\\/cvinoticias.com\\\/v3\\\/historico-nacieron-dos-cachorros-de-yaguarete-en-el-parque-nacional-el-impenetrable\\\/#respond\"]}]},{\"@type\":\"WebPage\",\"@id\":\"https:\\\/\\\/cvinoticias.com\\\/v3\\\/historico-nacieron-dos-cachorros-de-yaguarete-en-el-parque-nacional-el-impenetrable\\\/\",\"url\":\"https:\\\/\\\/cvinoticias.com\\\/v3\\\/historico-nacieron-dos-cachorros-de-yaguarete-en-el-parque-nacional-el-impenetrable\\\/\",\"name\":\"Hist\u00f3rico: nacieron dos cachorros de yaguaret\u00e9 en el Parque Nacional El Impenetrable | CVI NOTICIAS\",\"isPartOf\":{\"@id\":\"https:\\\/\\\/cvinoticias.com\\\/v3\\\/#website\"},\"primaryImageOfPage\":{\"@id\":\"https:\\\/\\\/cvinoticias.com\\\/v3\\\/historico-nacieron-dos-cachorros-de-yaguarete-en-el-parque-nacional-el-impenetrable\\\/#primaryimage\"},\"image\":{\"@id\":\"https:\\\/\\\/cvinoticias.com\\\/v3\\\/historico-nacieron-dos-cachorros-de-yaguarete-en-el-parque-nacional-el-impenetrable\\\/#primaryimage\"},\"thumbnailUrl\":\"https:\\\/\\\/cvinoticias.com\\\/wp-content\\\/uploads\\\/2021\\\/02\\\/IMG-20210210-WA0057.jpg\",\"datePublished\":\"2021-02-10T05:46:32+00:00\",\"breadcrumb\":{\"@id\":\"https:\\\/\\\/cvinoticias.com\\\/v3\\\/historico-nacieron-dos-cachorros-de-yaguarete-en-el-parque-nacional-el-impenetrable\\\/#breadcrumb\"},\"inLanguage\":\"es\",\"potentialAction\":[{\"@type\":\"ReadAction\",\"target\":[\"https:\\\/\\\/cvinoticias.com\\\/v3\\\/historico-nacieron-dos-cachorros-de-yaguarete-en-el-parque-nacional-el-impenetrable\\\/\"]}]},{\"@type\":\"ImageObject\",\"inLanguage\":\"es\",\"@id\":\"https:\\\/\\\/cvinoticias.com\\\/v3\\\/historico-nacieron-dos-cachorros-de-yaguarete-en-el-parque-nacional-el-impenetrable\\\/#primaryimage\",\"url\":\"https:\\\/\\\/cvinoticias.com\\\/wp-content\\\/uploads\\\/2021\\\/02\\\/IMG-20210210-WA0057.jpg\",\"contentUrl\":\"https:\\\/\\\/cvinoticias.com\\\/wp-content\\\/uploads\\\/2021\\\/02\\\/IMG-20210210-WA0057.jpg\",\"width\":593,\"height\":375},{\"@type\":\"BreadcrumbList\",\"@id\":\"https:\\\/\\\/cvinoticias.com\\\/v3\\\/historico-nacieron-dos-cachorros-de-yaguarete-en-el-parque-nacional-el-impenetrable\\\/#breadcrumb\",\"itemListElement\":[{\"@type\":\"ListItem\",\"position\":1,\"name\":\"Portada\",\"item\":\"https:\\\/\\\/cvinoticias.com\\\/v3\\\/\"},{\"@type\":\"ListItem\",\"position\":2,\"name\":\"Hist\u00f3rico: nacieron dos cachorros de yaguaret\u00e9 en el Parque Nacional El Impenetrable\"}]},{\"@type\":\"WebSite\",\"@id\":\"https:\\\/\\\/cvinoticias.com\\\/v3\\\/#website\",\"url\":\"https:\\\/\\\/cvinoticias.com\\\/v3\\\/\",\"name\":\"CVI NOTICIAS\",\"description\":\"\",\"publisher\":{\"@id\":\"https:\\\/\\\/cvinoticias.com\\\/v3\\\/#organization\"},\"alternateName\":\"CVI\",\"potentialAction\":[{\"@type\":\"SearchAction\",\"target\":{\"@type\":\"EntryPoint\",\"urlTemplate\":\"https:\\\/\\\/cvinoticias.com\\\/v3\\\/?s={search_term_string}\"},\"query-input\":{\"@type\":\"PropertyValueSpecification\",\"valueRequired\":true,\"valueName\":\"search_term_string\"}}],\"inLanguage\":\"es\"},{\"@type\":\"Organization\",\"@id\":\"https:\\\/\\\/cvinoticias.com\\\/v3\\\/#organization\",\"name\":\"CVI NOTICIAS\",\"url\":\"https:\\\/\\\/cvinoticias.com\\\/v3\\\/\",\"logo\":{\"@type\":\"ImageObject\",\"inLanguage\":\"es\",\"@id\":\"https:\\\/\\\/cvinoticias.com\\\/v3\\\/#\\\/schema\\\/logo\\\/image\\\/\",\"url\":\"https:\\\/\\\/cvinoticias.com\\\/wp-content\\\/uploads\\\/2023\\\/04\\\/cropped-cropped-cropped-cropped-cropped-3-1.png\",\"contentUrl\":\"https:\\\/\\\/cvinoticias.com\\\/wp-content\\\/uploads\\\/2023\\\/04\\\/cropped-cropped-cropped-cropped-cropped-3-1.png\",\"width\":95,\"height\":122,\"caption\":\"CVI NOTICIAS\"},\"image\":{\"@id\":\"https:\\\/\\\/cvinoticias.com\\\/v3\\\/#\\\/schema\\\/logo\\\/image\\\/\"},\"sameAs\":[\"https:\\\/\\\/www.facebook.com\\\/cvinoticias\",\"https:\\\/\\\/www.instagram.com\\\/cvinoticias\\\/\",\"https:\\\/\\\/www.youtube.com\\\/@CVINOTICIAS\"]},{\"@type\":\"Person\",\"@id\":\"https:\\\/\\\/cvinoticias.com\\\/v3\\\/#\\\/schema\\\/person\\\/2db77e3c6bc03c538495d7b2b8be9b66\",\"name\":\"f1000024\",\"image\":{\"@type\":\"ImageObject\",\"inLanguage\":\"es\",\"@id\":\"https:\\\/\\\/secure.gravatar.com\\\/avatar\\\/d4fe7459cfc51ff5129ce1a732bbef5928568b8092d412ef95611616376bbeed?s=96&d=mm&r=g\",\"url\":\"https:\\\/\\\/secure.gravatar.com\\\/avatar\\\/d4fe7459cfc51ff5129ce1a732bbef5928568b8092d412ef95611616376bbeed?s=96&d=mm&r=g\",\"contentUrl\":\"https:\\\/\\\/secure.gravatar.com\\\/avatar\\\/d4fe7459cfc51ff5129ce1a732bbef5928568b8092d412ef95611616376bbeed?s=96&d=mm&r=g\",\"caption\":\"f1000024\"},\"url\":\"https:\\\/\\\/cvinoticias.com\\\/v3\\\/author\\\/f1000024\\\/\"}]}<\/script>\n<!-- \/ Yoast SEO plugin. -->","yoast_head_json":{"title":"Hist\u00f3rico: nacieron dos cachorros de yaguaret\u00e9 en el Parque Nacional El Impenetrable | CVI NOTICIAS","robots":{"index":"index","follow":"follow","max-snippet":"max-snippet:-1","max-image-preview":"max-image-preview:large","max-video-preview":"max-video-preview:-1"},"canonical":"https:\/\/cvinoticias.com\/v3\/historico-nacieron-dos-cachorros-de-yaguarete-en-el-parque-nacional-el-impenetrable\/","og_locale":"es_ES","og_type":"article","og_title":"Hist\u00f3rico: nacieron dos cachorros de yaguaret\u00e9 en el Parque Nacional El Impenetrable | CVI NOTICIAS","og_description":"El gran anuncio lo hizo el gobernador Jorge Capitanich, quien confirm\u00f3 el nacimiento de dos cachorros de yaguaret\u00e9, especie en peligro de extinci\u00f3n. A esto se lleg\u00f3 luego de un arduo trabajo para juntar a Qaramta, un macho silvestre de 5 a\u00f1os, con Tania, una hembra de cautiverio de 9. \u201cEl yaguaret\u00e9 es un s\u00edmbolo [&hellip;]","og_url":"https:\/\/cvinoticias.com\/v3\/historico-nacieron-dos-cachorros-de-yaguarete-en-el-parque-nacional-el-impenetrable\/","og_site_name":"CVI NOTICIAS","article_publisher":"https:\/\/www.facebook.com\/cvinoticias","article_published_time":"2021-02-10T05:46:32+00:00","og_image":[{"width":593,"height":375,"url":"https:\/\/cvinoticias.com\/wp-content\/uploads\/2021\/02\/IMG-20210210-WA0057.jpg","type":"image\/jpeg"}],"author":"f1000024","twitter_card":"summary_large_image","twitter_misc":{"Escrito por":"f1000024","Tiempo de lectura":"1 minuto"},"schema":{"@context":"https:\/\/schema.org","@graph":[{"@type":"Article","@id":"https:\/\/cvinoticias.com\/v3\/historico-nacieron-dos-cachorros-de-yaguarete-en-el-parque-nacional-el-impenetrable\/#article","isPartOf":{"@id":"https:\/\/cvinoticias.com\/v3\/historico-nacieron-dos-cachorros-de-yaguarete-en-el-parque-nacional-el-impenetrable\/"},"author":{"name":"f1000024","@id":"https:\/\/cvinoticias.com\/v3\/#\/schema\/person\/2db77e3c6bc03c538495d7b2b8be9b66"},"headline":"Hist\u00f3rico: nacieron dos cachorros de yaguaret\u00e9 en el Parque Nacional El Impenetrable","datePublished":"2021-02-10T05:46:32+00:00","mainEntityOfPage":{"@id":"https:\/\/cvinoticias.com\/v3\/historico-nacieron-dos-cachorros-de-yaguarete-en-el-parque-nacional-el-impenetrable\/"},"wordCount":229,"commentCount":0,"publisher":{"@id":"https:\/\/cvinoticias.com\/v3\/#organization"},"image":{"@id":"https:\/\/cvinoticias.com\/v3\/historico-nacieron-dos-cachorros-de-yaguarete-en-el-parque-nacional-el-impenetrable\/#primaryimage"},"thumbnailUrl":"https:\/\/cvinoticias.com\/wp-content\/uploads\/2021\/02\/IMG-20210210-WA0057.jpg","articleSection":["Ecologia"],"inLanguage":"es","potentialAction":[{"@type":"CommentAction","name":"Comment","target":["https:\/\/cvinoticias.com\/v3\/historico-nacieron-dos-cachorros-de-yaguarete-en-el-parque-nacional-el-impenetrable\/#respond"]}]},{"@type":"WebPage","@id":"https:\/\/cvinoticias.com\/v3\/historico-nacieron-dos-cachorros-de-yaguarete-en-el-parque-nacional-el-impenetrable\/","url":"https:\/\/cvinoticias.com\/v3\/historico-nacieron-dos-cachorros-de-yaguarete-en-el-parque-nacional-el-impenetrable\/","name":"Hist\u00f3rico: nacieron dos cachorros de yaguaret\u00e9 en el Parque Nacional El Impenetrable | CVI NOTICIAS","isPartOf":{"@id":"https:\/\/cvinoticias.com\/v3\/#website"},"primaryImageOfPage":{"@id":"https:\/\/cvinoticias.com\/v3\/historico-nacieron-dos-cachorros-de-yaguarete-en-el-parque-nacional-el-impenetrable\/#primaryimage"},"image":{"@id":"https:\/\/cvinoticias.com\/v3\/historico-nacieron-dos-cachorros-de-yaguarete-en-el-parque-nacional-el-impenetrable\/#primaryimage"},"thumbnailUrl":"https:\/\/cvinoticias.com\/wp-content\/uploads\/2021\/02\/IMG-20210210-WA0057.jpg","datePublished":"2021-02-10T05:46:32+00:00","breadcrumb":{"@id":"https:\/\/cvinoticias.com\/v3\/historico-nacieron-dos-cachorros-de-yaguarete-en-el-parque-nacional-el-impenetrable\/#breadcrumb"},"inLanguage":"es","potentialAction":[{"@type":"ReadAction","target":["https:\/\/cvinoticias.com\/v3\/historico-nacieron-dos-cachorros-de-yaguarete-en-el-parque-nacional-el-impenetrable\/"]}]},{"@type":"ImageObject","inLanguage":"es","@id":"https:\/\/cvinoticias.com\/v3\/historico-nacieron-dos-cachorros-de-yaguarete-en-el-parque-nacional-el-impenetrable\/#primaryimage","url":"https:\/\/cvinoticias.com\/wp-content\/uploads\/2021\/02\/IMG-20210210-WA0057.jpg","contentUrl":"https:\/\/cvinoticias.com\/wp-content\/uploads\/2021\/02\/IMG-20210210-WA0057.jpg","width":593,"height":375},{"@type":"BreadcrumbList","@id":"https:\/\/cvinoticias.com\/v3\/historico-nacieron-dos-cachorros-de-yaguarete-en-el-parque-nacional-el-impenetrable\/#breadcrumb","itemListElement":[{"@type":"ListItem","position":1,"name":"Portada","item":"https:\/\/cvinoticias.com\/v3\/"},{"@type":"ListItem","position":2,"name":"Hist\u00f3rico: nacieron dos cachorros de yaguaret\u00e9 en el Parque Nacional El Impenetrable"}]},{"@type":"WebSite","@id":"https:\/\/cvinoticias.com\/v3\/#website","url":"https:\/\/cvinoticias.com\/v3\/","name":"CVI NOTICIAS","description":"","publisher":{"@id":"https:\/\/cvinoticias.com\/v3\/#organization"},"alternateName":"CVI","potentialAction":[{"@type":"SearchAction","target":{"@type":"EntryPoint","urlTemplate":"https:\/\/cvinoticias.com\/v3\/?s={search_term_string}"},"query-input":{"@type":"PropertyValueSpecification","valueRequired":true,"valueName":"search_term_string"}}],"inLanguage":"es"},{"@type":"Organization","@id":"https:\/\/cvinoticias.com\/v3\/#organization","name":"CVI NOTICIAS","url":"https:\/\/cvinoticias.com\/v3\/","logo":{"@type":"ImageObject","inLanguage":"es","@id":"https:\/\/cvinoticias.com\/v3\/#\/schema\/logo\/image\/","url":"https:\/\/cvinoticias.com\/wp-content\/uploads\/2023\/04\/cropped-cropped-cropped-cropped-cropped-3-1.png","contentUrl":"https:\/\/cvinoticias.com\/wp-content\/uploads\/2023\/04\/cropped-cropped-cropped-cropped-cropped-3-1.png","width":95,"height":122,"caption":"CVI NOTICIAS"},"image":{"@id":"https:\/\/cvinoticias.com\/v3\/#\/schema\/logo\/image\/"},"sameAs":["https:\/\/www.facebook.com\/cvinoticias","https:\/\/www.instagram.com\/cvinoticias\/","https:\/\/www.youtube.com\/@CVINOTICIAS"]},{"@type":"Person","@id":"https:\/\/cvinoticias.com\/v3\/#\/schema\/person\/2db77e3c6bc03c538495d7b2b8be9b66","name":"f1000024","image":{"@type":"ImageObject","inLanguage":"es","@id":"https:\/\/secure.gravatar.com\/avatar\/d4fe7459cfc51ff5129ce1a732bbef5928568b8092d412ef95611616376bbeed?s=96&d=mm&r=g","url":"https:\/\/secure.gravatar.com\/avatar\/d4fe7459cfc51ff5129ce1a732bbef5928568b8092d412ef95611616376bbeed?s=96&d=mm&r=g","contentUrl":"https:\/\/secure.gravatar.com\/avatar\/d4fe7459cfc51ff5129ce1a732bbef5928568b8092d412ef95611616376bbeed?s=96&d=mm&r=g","caption":"f1000024"},"url":"https:\/\/cvinoticias.com\/v3\/author\/f1000024\/"}]}},"_links":{"self":[{"href":"https:\/\/cvinoticias.com\/v3\/wp-json\/wp\/v2\/posts\/2570","targetHints":{"allow":["GET"]}}],"collection":[{"href":"https:\/\/cvinoticias.com\/v3\/wp-json\/wp\/v2\/posts"}],"about":[{"href":"https:\/\/cvinoticias.com\/v3\/wp-json\/wp\/v2\/types\/post"}],"author":[{"embeddable":true,"href":"https:\/\/cvinoticias.com\/v3\/wp-json\/wp\/v2\/users\/2"}],"replies":[{"embeddable":true,"href":"https:\/\/cvinoticias.com\/v3\/wp-json\/wp\/v2\/comments?post=2570"}],"version-history":[{"count":1,"href":"https:\/\/cvinoticias.com\/v3\/wp-json\/wp\/v2\/posts\/2570\/revisions"}],"predecessor-version":[{"id":2572,"href":"https:\/\/cvinoticias.com\/v3\/wp-json\/wp\/v2\/posts\/2570\/revisions\/2572"}],"wp:featuredmedia":[{"embeddable":true,"href":"https:\/\/cvinoticias.com\/v3\/wp-json\/wp\/v2\/media\/2571"}],"wp:attachment":[{"href":"https:\/\/cvinoticias.com\/v3\/wp-json\/wp\/v2\/media?parent=2570"}],"wp:term":[{"taxonomy":"category","embeddable":true,"href":"https:\/\/cvinoticias.com\/v3\/wp-json\/wp\/v2\/categories?post=2570"},{"taxonomy":"post_tag","embeddable":true,"href":"https:\/\/cvinoticias.com\/v3\/wp-json\/wp\/v2\/tags?post=2570"}],"curies":[{"name":"wp","href":"https:\/\/api.w.org\/{rel}","templated":true}]}}