{"id":25598,"date":"2023-06-19T15:16:28","date_gmt":"2023-06-19T15:16:28","guid":{"rendered":"https:\/\/cvinoticias.com\/v3\/?p=25598"},"modified":"2023-06-19T15:16:28","modified_gmt":"2023-06-19T15:16:28","slug":"un-hombre-fallecio-en-un-accidente-vial-ocurrido-en-caraguatay","status":"publish","type":"post","link":"https:\/\/cvinoticias.com\/v3\/un-hombre-fallecio-en-un-accidente-vial-ocurrido-en-caraguatay\/","title":{"rendered":"Un hombre falleci\u00f3 en un accidente vial ocurrido en Caraguatay"},"content":{"rendered":"\n<p><strong><em>En la madrugada de hoy, un hombre identificado como Rub\u00e9n Villalba de 47 a\u00f1os, falleci\u00f3 producto de un accidente vial ocurrido en el kil\u00f3metro 1513 de la Ruta 12, que ocurri\u00f3 cuando circulaba con su veh\u00edculo Renault Megane en direcci\u00f3n Norte-Sur, donde iba acompa\u00f1ado por otro hombre que se encuentra internado en el nosocomio de Eldorado.<\/em><\/strong><\/p>\n\n\n\n<p>Seg\u00fan los primeros datos, el accidente sucedi\u00f3 alrededor de las 1:55 horas en la arteria en menci\u00f3n, donde por causas que se tratan de establecer, el conductor despist\u00f3 su auto hacia el carril contrario (banquina Este) y colision\u00f3 contra un \u00e1rbol de pino. Ambos ocupantes quedaron atrapados dentro del veh\u00edculo con lesiones de consideraci\u00f3n y en estado de inconsciencia.<\/p>\n\n\n\n<p>Una vez que las autoridades tomaron conocimiento del hecho, los bomberos voluntarios de Montecarlo, liberaron al acompa\u00f1ante, quien fue trasladado al Hospital Samic deEldorado, mientras que el conductor no presentaba signos vitales. En el lugar trabaj\u00f3 la comisar\u00eda local y la Polic\u00eda Cient\u00edfica que realiz\u00f3 los an\u00e1lisis correspondientes.<\/p>\n\n\n\n<figure class=\"wp-block-image size-large\"><a href=\"https:\/\/cvinoticias.com\/wp-content\/uploads\/2023\/06\/IMG-20230619-WA0013.jpg\"><img decoding=\"async\" width=\"1024\" height=\"575\" data-src=\"https:\/\/cvinoticias.com\/wp-content\/uploads\/2023\/06\/IMG-20230619-WA0013-1024x575.jpg\" alt=\"\" class=\"wp-image-25600 lazyload\" data-srcset=\"https:\/\/cvinoticias.com\/wp-content\/uploads\/2023\/06\/IMG-20230619-WA0013-1024x575.jpg 1024w, https:\/\/cvinoticias.com\/wp-content\/uploads\/2023\/06\/IMG-20230619-WA0013-300x169.jpg 300w, https:\/\/cvinoticias.com\/wp-content\/uploads\/2023\/06\/IMG-20230619-WA0013-768x432.jpg 768w, https:\/\/cvinoticias.com\/wp-content\/uploads\/2023\/06\/IMG-20230619-WA0013-1536x863.jpg 1536w, https:\/\/cvinoticias.com\/wp-content\/uploads\/2023\/06\/IMG-20230619-WA0013.jpg 1598w\" data-sizes=\"(max-width: 1024px) 100vw, 1024px\" src=\"data:image\/svg+xml;base64,PHN2ZyB3aWR0aD0iMSIgaGVpZ2h0PSIxIiB4bWxucz0iaHR0cDovL3d3dy53My5vcmcvMjAwMC9zdmciPjwvc3ZnPg==\" style=\"--smush-placeholder-width: 1024px; --smush-placeholder-aspect-ratio: 1024\/575;\" \/><\/a><\/figure>\n\n\n\n<p>Por su parte, el m\u00e9dico policial que examin\u00f3 el cuerpo, determin\u00f3 que presentaba politraumatismo y traumatismo craneal grave, siendo esta la causa de su muerte. Asimismo, el acompa\u00f1ante sufri\u00f3 traumatismo craneal, fractura de clav\u00edcula y se estima un tiempo de recuperaci\u00f3n de 60 d\u00edas.<\/p>\n\n\n\n<p>El Juzgado de Instrucci\u00f3n Nro. 1 de Puerto Rico orden\u00f3 el secuestro del rodado y que el cuerpo sea entregado a sus familiares. En tanto, se est\u00e1n llevando a cabo las diligencias de rigor para esclarecer loshechos y determinar las responsabilidades pertinentes.<\/p>\n","protected":false},"excerpt":{"rendered":"<p>En la madrugada de hoy, un hombre identificado como Rub\u00e9n Villalba de 47 a\u00f1os, falleci\u00f3 producto de un accidente vial ocurrido en el kil\u00f3metro 1513 de la Ruta 12, que ocurri\u00f3 cuando circulaba con su veh\u00edculo Renault Megane en direcci\u00f3n Norte-Sur, donde iba acompa\u00f1ado por otro hombre que se encuentra internado en el nosocomio de [&hellip;]<\/p>\n","protected":false},"author":2,"featured_media":25599,"comment_status":"open","ping_status":"open","sticky":false,"template":"","format":"standard","meta":{"footnotes":""},"categories":[41],"tags":[],"class_list":["post-25598","post","type-post","status-publish","format-standard","has-post-thumbnail","hentry","category-policiales"],"yoast_head":"<!-- This site is optimized with the Yoast SEO plugin v27.5 - https:\/\/yoast.com\/product\/yoast-seo-wordpress\/ -->\n<title>Un hombre falleci\u00f3 en un accidente vial ocurrido en Caraguatay | CVI NOTICIAS<\/title>\n<meta name=\"robots\" content=\"index, follow, max-snippet:-1, max-image-preview:large, max-video-preview:-1\" \/>\n<link rel=\"canonical\" href=\"https:\/\/cvinoticias.com\/v3\/un-hombre-fallecio-en-un-accidente-vial-ocurrido-en-caraguatay\/\" \/>\n<meta property=\"og:locale\" content=\"es_ES\" \/>\n<meta property=\"og:type\" content=\"article\" \/>\n<meta property=\"og:title\" content=\"Un hombre falleci\u00f3 en un accidente vial ocurrido en Caraguatay | CVI NOTICIAS\" \/>\n<meta property=\"og:description\" content=\"En la madrugada de hoy, un hombre identificado como Rub\u00e9n Villalba de 47 a\u00f1os, falleci\u00f3 producto de un accidente vial ocurrido en el kil\u00f3metro 1513 de la Ruta 12, que ocurri\u00f3 cuando circulaba con su veh\u00edculo Renault Megane en direcci\u00f3n Norte-Sur, donde iba acompa\u00f1ado por otro hombre que se encuentra internado en el nosocomio de [&hellip;]\" \/>\n<meta property=\"og:url\" content=\"https:\/\/cvinoticias.com\/v3\/un-hombre-fallecio-en-un-accidente-vial-ocurrido-en-caraguatay\/\" \/>\n<meta property=\"og:site_name\" content=\"CVI NOTICIAS\" \/>\n<meta property=\"article:publisher\" content=\"https:\/\/www.facebook.com\/cvinoticias\" \/>\n<meta property=\"article:published_time\" content=\"2023-06-19T15:16:28+00:00\" \/>\n<meta property=\"og:image\" content=\"https:\/\/cvinoticias.com\/wp-content\/uploads\/2023\/06\/IMG-20230619-WA0014.jpg\" \/>\n\t<meta property=\"og:image:width\" content=\"576\" \/>\n\t<meta property=\"og:image:height\" content=\"1280\" \/>\n\t<meta property=\"og:image:type\" content=\"image\/jpeg\" \/>\n<meta name=\"author\" content=\"f1000024\" \/>\n<meta name=\"twitter:card\" content=\"summary_large_image\" \/>\n<meta name=\"twitter:label1\" content=\"Escrito por\" \/>\n\t<meta name=\"twitter:data1\" content=\"f1000024\" \/>\n\t<meta name=\"twitter:label2\" content=\"Tiempo de lectura\" \/>\n\t<meta name=\"twitter:data2\" content=\"1 minuto\" \/>\n<script type=\"application\/ld+json\" class=\"yoast-schema-graph\">{\"@context\":\"https:\\\/\\\/schema.org\",\"@graph\":[{\"@type\":\"Article\",\"@id\":\"https:\\\/\\\/cvinoticias.com\\\/v3\\\/un-hombre-fallecio-en-un-accidente-vial-ocurrido-en-caraguatay\\\/#article\",\"isPartOf\":{\"@id\":\"https:\\\/\\\/cvinoticias.com\\\/v3\\\/un-hombre-fallecio-en-un-accidente-vial-ocurrido-en-caraguatay\\\/\"},\"author\":{\"name\":\"f1000024\",\"@id\":\"https:\\\/\\\/cvinoticias.com\\\/v3\\\/#\\\/schema\\\/person\\\/2db77e3c6bc03c538495d7b2b8be9b66\"},\"headline\":\"Un hombre falleci\u00f3 en un accidente vial ocurrido en Caraguatay\",\"datePublished\":\"2023-06-19T15:16:28+00:00\",\"mainEntityOfPage\":{\"@id\":\"https:\\\/\\\/cvinoticias.com\\\/v3\\\/un-hombre-fallecio-en-un-accidente-vial-ocurrido-en-caraguatay\\\/\"},\"wordCount\":275,\"commentCount\":0,\"publisher\":{\"@id\":\"https:\\\/\\\/cvinoticias.com\\\/v3\\\/#organization\"},\"image\":{\"@id\":\"https:\\\/\\\/cvinoticias.com\\\/v3\\\/un-hombre-fallecio-en-un-accidente-vial-ocurrido-en-caraguatay\\\/#primaryimage\"},\"thumbnailUrl\":\"https:\\\/\\\/cvinoticias.com\\\/wp-content\\\/uploads\\\/2023\\\/06\\\/IMG-20230619-WA0014.jpg\",\"articleSection\":[\"Policiales\"],\"inLanguage\":\"es\",\"potentialAction\":[{\"@type\":\"CommentAction\",\"name\":\"Comment\",\"target\":[\"https:\\\/\\\/cvinoticias.com\\\/v3\\\/un-hombre-fallecio-en-un-accidente-vial-ocurrido-en-caraguatay\\\/#respond\"]}]},{\"@type\":\"WebPage\",\"@id\":\"https:\\\/\\\/cvinoticias.com\\\/v3\\\/un-hombre-fallecio-en-un-accidente-vial-ocurrido-en-caraguatay\\\/\",\"url\":\"https:\\\/\\\/cvinoticias.com\\\/v3\\\/un-hombre-fallecio-en-un-accidente-vial-ocurrido-en-caraguatay\\\/\",\"name\":\"Un hombre falleci\u00f3 en un accidente vial ocurrido en Caraguatay | CVI NOTICIAS\",\"isPartOf\":{\"@id\":\"https:\\\/\\\/cvinoticias.com\\\/v3\\\/#website\"},\"primaryImageOfPage\":{\"@id\":\"https:\\\/\\\/cvinoticias.com\\\/v3\\\/un-hombre-fallecio-en-un-accidente-vial-ocurrido-en-caraguatay\\\/#primaryimage\"},\"image\":{\"@id\":\"https:\\\/\\\/cvinoticias.com\\\/v3\\\/un-hombre-fallecio-en-un-accidente-vial-ocurrido-en-caraguatay\\\/#primaryimage\"},\"thumbnailUrl\":\"https:\\\/\\\/cvinoticias.com\\\/wp-content\\\/uploads\\\/2023\\\/06\\\/IMG-20230619-WA0014.jpg\",\"datePublished\":\"2023-06-19T15:16:28+00:00\",\"breadcrumb\":{\"@id\":\"https:\\\/\\\/cvinoticias.com\\\/v3\\\/un-hombre-fallecio-en-un-accidente-vial-ocurrido-en-caraguatay\\\/#breadcrumb\"},\"inLanguage\":\"es\",\"potentialAction\":[{\"@type\":\"ReadAction\",\"target\":[\"https:\\\/\\\/cvinoticias.com\\\/v3\\\/un-hombre-fallecio-en-un-accidente-vial-ocurrido-en-caraguatay\\\/\"]}]},{\"@type\":\"ImageObject\",\"inLanguage\":\"es\",\"@id\":\"https:\\\/\\\/cvinoticias.com\\\/v3\\\/un-hombre-fallecio-en-un-accidente-vial-ocurrido-en-caraguatay\\\/#primaryimage\",\"url\":\"https:\\\/\\\/cvinoticias.com\\\/wp-content\\\/uploads\\\/2023\\\/06\\\/IMG-20230619-WA0014.jpg\",\"contentUrl\":\"https:\\\/\\\/cvinoticias.com\\\/wp-content\\\/uploads\\\/2023\\\/06\\\/IMG-20230619-WA0014.jpg\",\"width\":576,\"height\":1280},{\"@type\":\"BreadcrumbList\",\"@id\":\"https:\\\/\\\/cvinoticias.com\\\/v3\\\/un-hombre-fallecio-en-un-accidente-vial-ocurrido-en-caraguatay\\\/#breadcrumb\",\"itemListElement\":[{\"@type\":\"ListItem\",\"position\":1,\"name\":\"Portada\",\"item\":\"https:\\\/\\\/cvinoticias.com\\\/v3\\\/\"},{\"@type\":\"ListItem\",\"position\":2,\"name\":\"Un hombre falleci\u00f3 en un accidente vial ocurrido en Caraguatay\"}]},{\"@type\":\"WebSite\",\"@id\":\"https:\\\/\\\/cvinoticias.com\\\/v3\\\/#website\",\"url\":\"https:\\\/\\\/cvinoticias.com\\\/v3\\\/\",\"name\":\"CVI NOTICIAS\",\"description\":\"\",\"publisher\":{\"@id\":\"https:\\\/\\\/cvinoticias.com\\\/v3\\\/#organization\"},\"alternateName\":\"CVI\",\"potentialAction\":[{\"@type\":\"SearchAction\",\"target\":{\"@type\":\"EntryPoint\",\"urlTemplate\":\"https:\\\/\\\/cvinoticias.com\\\/v3\\\/?s={search_term_string}\"},\"query-input\":{\"@type\":\"PropertyValueSpecification\",\"valueRequired\":true,\"valueName\":\"search_term_string\"}}],\"inLanguage\":\"es\"},{\"@type\":\"Organization\",\"@id\":\"https:\\\/\\\/cvinoticias.com\\\/v3\\\/#organization\",\"name\":\"CVI NOTICIAS\",\"url\":\"https:\\\/\\\/cvinoticias.com\\\/v3\\\/\",\"logo\":{\"@type\":\"ImageObject\",\"inLanguage\":\"es\",\"@id\":\"https:\\\/\\\/cvinoticias.com\\\/v3\\\/#\\\/schema\\\/logo\\\/image\\\/\",\"url\":\"https:\\\/\\\/cvinoticias.com\\\/wp-content\\\/uploads\\\/2023\\\/04\\\/cropped-cropped-cropped-cropped-cropped-3-1.png\",\"contentUrl\":\"https:\\\/\\\/cvinoticias.com\\\/wp-content\\\/uploads\\\/2023\\\/04\\\/cropped-cropped-cropped-cropped-cropped-3-1.png\",\"width\":95,\"height\":122,\"caption\":\"CVI NOTICIAS\"},\"image\":{\"@id\":\"https:\\\/\\\/cvinoticias.com\\\/v3\\\/#\\\/schema\\\/logo\\\/image\\\/\"},\"sameAs\":[\"https:\\\/\\\/www.facebook.com\\\/cvinoticias\",\"https:\\\/\\\/www.instagram.com\\\/cvinoticias\\\/\",\"https:\\\/\\\/www.youtube.com\\\/@CVINOTICIAS\"]},{\"@type\":\"Person\",\"@id\":\"https:\\\/\\\/cvinoticias.com\\\/v3\\\/#\\\/schema\\\/person\\\/2db77e3c6bc03c538495d7b2b8be9b66\",\"name\":\"f1000024\",\"image\":{\"@type\":\"ImageObject\",\"inLanguage\":\"es\",\"@id\":\"https:\\\/\\\/secure.gravatar.com\\\/avatar\\\/d4fe7459cfc51ff5129ce1a732bbef5928568b8092d412ef95611616376bbeed?s=96&d=mm&r=g\",\"url\":\"https:\\\/\\\/secure.gravatar.com\\\/avatar\\\/d4fe7459cfc51ff5129ce1a732bbef5928568b8092d412ef95611616376bbeed?s=96&d=mm&r=g\",\"contentUrl\":\"https:\\\/\\\/secure.gravatar.com\\\/avatar\\\/d4fe7459cfc51ff5129ce1a732bbef5928568b8092d412ef95611616376bbeed?s=96&d=mm&r=g\",\"caption\":\"f1000024\"},\"url\":\"https:\\\/\\\/cvinoticias.com\\\/v3\\\/author\\\/f1000024\\\/\"}]}<\/script>\n<!-- \/ Yoast SEO plugin. -->","yoast_head_json":{"title":"Un hombre falleci\u00f3 en un accidente vial ocurrido en Caraguatay | CVI NOTICIAS","robots":{"index":"index","follow":"follow","max-snippet":"max-snippet:-1","max-image-preview":"max-image-preview:large","max-video-preview":"max-video-preview:-1"},"canonical":"https:\/\/cvinoticias.com\/v3\/un-hombre-fallecio-en-un-accidente-vial-ocurrido-en-caraguatay\/","og_locale":"es_ES","og_type":"article","og_title":"Un hombre falleci\u00f3 en un accidente vial ocurrido en Caraguatay | CVI NOTICIAS","og_description":"En la madrugada de hoy, un hombre identificado como Rub\u00e9n Villalba de 47 a\u00f1os, falleci\u00f3 producto de un accidente vial ocurrido en el kil\u00f3metro 1513 de la Ruta 12, que ocurri\u00f3 cuando circulaba con su veh\u00edculo Renault Megane en direcci\u00f3n Norte-Sur, donde iba acompa\u00f1ado por otro hombre que se encuentra internado en el nosocomio de [&hellip;]","og_url":"https:\/\/cvinoticias.com\/v3\/un-hombre-fallecio-en-un-accidente-vial-ocurrido-en-caraguatay\/","og_site_name":"CVI NOTICIAS","article_publisher":"https:\/\/www.facebook.com\/cvinoticias","article_published_time":"2023-06-19T15:16:28+00:00","og_image":[{"width":576,"height":1280,"url":"https:\/\/cvinoticias.com\/wp-content\/uploads\/2023\/06\/IMG-20230619-WA0014.jpg","type":"image\/jpeg"}],"author":"f1000024","twitter_card":"summary_large_image","twitter_misc":{"Escrito por":"f1000024","Tiempo de lectura":"1 minuto"},"schema":{"@context":"https:\/\/schema.org","@graph":[{"@type":"Article","@id":"https:\/\/cvinoticias.com\/v3\/un-hombre-fallecio-en-un-accidente-vial-ocurrido-en-caraguatay\/#article","isPartOf":{"@id":"https:\/\/cvinoticias.com\/v3\/un-hombre-fallecio-en-un-accidente-vial-ocurrido-en-caraguatay\/"},"author":{"name":"f1000024","@id":"https:\/\/cvinoticias.com\/v3\/#\/schema\/person\/2db77e3c6bc03c538495d7b2b8be9b66"},"headline":"Un hombre falleci\u00f3 en un accidente vial ocurrido en Caraguatay","datePublished":"2023-06-19T15:16:28+00:00","mainEntityOfPage":{"@id":"https:\/\/cvinoticias.com\/v3\/un-hombre-fallecio-en-un-accidente-vial-ocurrido-en-caraguatay\/"},"wordCount":275,"commentCount":0,"publisher":{"@id":"https:\/\/cvinoticias.com\/v3\/#organization"},"image":{"@id":"https:\/\/cvinoticias.com\/v3\/un-hombre-fallecio-en-un-accidente-vial-ocurrido-en-caraguatay\/#primaryimage"},"thumbnailUrl":"https:\/\/cvinoticias.com\/wp-content\/uploads\/2023\/06\/IMG-20230619-WA0014.jpg","articleSection":["Policiales"],"inLanguage":"es","potentialAction":[{"@type":"CommentAction","name":"Comment","target":["https:\/\/cvinoticias.com\/v3\/un-hombre-fallecio-en-un-accidente-vial-ocurrido-en-caraguatay\/#respond"]}]},{"@type":"WebPage","@id":"https:\/\/cvinoticias.com\/v3\/un-hombre-fallecio-en-un-accidente-vial-ocurrido-en-caraguatay\/","url":"https:\/\/cvinoticias.com\/v3\/un-hombre-fallecio-en-un-accidente-vial-ocurrido-en-caraguatay\/","name":"Un hombre falleci\u00f3 en un accidente vial ocurrido en Caraguatay | CVI NOTICIAS","isPartOf":{"@id":"https:\/\/cvinoticias.com\/v3\/#website"},"primaryImageOfPage":{"@id":"https:\/\/cvinoticias.com\/v3\/un-hombre-fallecio-en-un-accidente-vial-ocurrido-en-caraguatay\/#primaryimage"},"image":{"@id":"https:\/\/cvinoticias.com\/v3\/un-hombre-fallecio-en-un-accidente-vial-ocurrido-en-caraguatay\/#primaryimage"},"thumbnailUrl":"https:\/\/cvinoticias.com\/wp-content\/uploads\/2023\/06\/IMG-20230619-WA0014.jpg","datePublished":"2023-06-19T15:16:28+00:00","breadcrumb":{"@id":"https:\/\/cvinoticias.com\/v3\/un-hombre-fallecio-en-un-accidente-vial-ocurrido-en-caraguatay\/#breadcrumb"},"inLanguage":"es","potentialAction":[{"@type":"ReadAction","target":["https:\/\/cvinoticias.com\/v3\/un-hombre-fallecio-en-un-accidente-vial-ocurrido-en-caraguatay\/"]}]},{"@type":"ImageObject","inLanguage":"es","@id":"https:\/\/cvinoticias.com\/v3\/un-hombre-fallecio-en-un-accidente-vial-ocurrido-en-caraguatay\/#primaryimage","url":"https:\/\/cvinoticias.com\/wp-content\/uploads\/2023\/06\/IMG-20230619-WA0014.jpg","contentUrl":"https:\/\/cvinoticias.com\/wp-content\/uploads\/2023\/06\/IMG-20230619-WA0014.jpg","width":576,"height":1280},{"@type":"BreadcrumbList","@id":"https:\/\/cvinoticias.com\/v3\/un-hombre-fallecio-en-un-accidente-vial-ocurrido-en-caraguatay\/#breadcrumb","itemListElement":[{"@type":"ListItem","position":1,"name":"Portada","item":"https:\/\/cvinoticias.com\/v3\/"},{"@type":"ListItem","position":2,"name":"Un hombre falleci\u00f3 en un accidente vial ocurrido en Caraguatay"}]},{"@type":"WebSite","@id":"https:\/\/cvinoticias.com\/v3\/#website","url":"https:\/\/cvinoticias.com\/v3\/","name":"CVI NOTICIAS","description":"","publisher":{"@id":"https:\/\/cvinoticias.com\/v3\/#organization"},"alternateName":"CVI","potentialAction":[{"@type":"SearchAction","target":{"@type":"EntryPoint","urlTemplate":"https:\/\/cvinoticias.com\/v3\/?s={search_term_string}"},"query-input":{"@type":"PropertyValueSpecification","valueRequired":true,"valueName":"search_term_string"}}],"inLanguage":"es"},{"@type":"Organization","@id":"https:\/\/cvinoticias.com\/v3\/#organization","name":"CVI NOTICIAS","url":"https:\/\/cvinoticias.com\/v3\/","logo":{"@type":"ImageObject","inLanguage":"es","@id":"https:\/\/cvinoticias.com\/v3\/#\/schema\/logo\/image\/","url":"https:\/\/cvinoticias.com\/wp-content\/uploads\/2023\/04\/cropped-cropped-cropped-cropped-cropped-3-1.png","contentUrl":"https:\/\/cvinoticias.com\/wp-content\/uploads\/2023\/04\/cropped-cropped-cropped-cropped-cropped-3-1.png","width":95,"height":122,"caption":"CVI NOTICIAS"},"image":{"@id":"https:\/\/cvinoticias.com\/v3\/#\/schema\/logo\/image\/"},"sameAs":["https:\/\/www.facebook.com\/cvinoticias","https:\/\/www.instagram.com\/cvinoticias\/","https:\/\/www.youtube.com\/@CVINOTICIAS"]},{"@type":"Person","@id":"https:\/\/cvinoticias.com\/v3\/#\/schema\/person\/2db77e3c6bc03c538495d7b2b8be9b66","name":"f1000024","image":{"@type":"ImageObject","inLanguage":"es","@id":"https:\/\/secure.gravatar.com\/avatar\/d4fe7459cfc51ff5129ce1a732bbef5928568b8092d412ef95611616376bbeed?s=96&d=mm&r=g","url":"https:\/\/secure.gravatar.com\/avatar\/d4fe7459cfc51ff5129ce1a732bbef5928568b8092d412ef95611616376bbeed?s=96&d=mm&r=g","contentUrl":"https:\/\/secure.gravatar.com\/avatar\/d4fe7459cfc51ff5129ce1a732bbef5928568b8092d412ef95611616376bbeed?s=96&d=mm&r=g","caption":"f1000024"},"url":"https:\/\/cvinoticias.com\/v3\/author\/f1000024\/"}]}},"_links":{"self":[{"href":"https:\/\/cvinoticias.com\/v3\/wp-json\/wp\/v2\/posts\/25598","targetHints":{"allow":["GET"]}}],"collection":[{"href":"https:\/\/cvinoticias.com\/v3\/wp-json\/wp\/v2\/posts"}],"about":[{"href":"https:\/\/cvinoticias.com\/v3\/wp-json\/wp\/v2\/types\/post"}],"author":[{"embeddable":true,"href":"https:\/\/cvinoticias.com\/v3\/wp-json\/wp\/v2\/users\/2"}],"replies":[{"embeddable":true,"href":"https:\/\/cvinoticias.com\/v3\/wp-json\/wp\/v2\/comments?post=25598"}],"version-history":[{"count":1,"href":"https:\/\/cvinoticias.com\/v3\/wp-json\/wp\/v2\/posts\/25598\/revisions"}],"predecessor-version":[{"id":25601,"href":"https:\/\/cvinoticias.com\/v3\/wp-json\/wp\/v2\/posts\/25598\/revisions\/25601"}],"wp:featuredmedia":[{"embeddable":true,"href":"https:\/\/cvinoticias.com\/v3\/wp-json\/wp\/v2\/media\/25599"}],"wp:attachment":[{"href":"https:\/\/cvinoticias.com\/v3\/wp-json\/wp\/v2\/media?parent=25598"}],"wp:term":[{"taxonomy":"category","embeddable":true,"href":"https:\/\/cvinoticias.com\/v3\/wp-json\/wp\/v2\/categories?post=25598"},{"taxonomy":"post_tag","embeddable":true,"href":"https:\/\/cvinoticias.com\/v3\/wp-json\/wp\/v2\/tags?post=25598"}],"curies":[{"name":"wp","href":"https:\/\/api.w.org\/{rel}","templated":true}]}}