{"id":25563,"date":"2023-06-18T15:47:44","date_gmt":"2023-06-18T15:47:44","guid":{"rendered":"https:\/\/cvinoticias.com\/v3\/?p=25563"},"modified":"2023-06-18T15:47:44","modified_gmt":"2023-06-18T15:47:44","slug":"puerto-iguazu-fallecio-un-motociclista-tras-un-despiste","status":"publish","type":"post","link":"https:\/\/cvinoticias.com\/v3\/puerto-iguazu-fallecio-un-motociclista-tras-un-despiste\/","title":{"rendered":"Puerto Iguaz\u00fa:  Falleci\u00f3 un motociclista tras un despiste"},"content":{"rendered":"\n<p><strong><em>Se trata de Arturo David Pedrozo de 20 a\u00f1os, quien falleci\u00f3 esta madrugada tras protagonizar un despiste y caer sobre la cinta asf\u00e1ltica cuando viajaba como acompa\u00f1ante abordo de una motocicleta Honda Tit\u00e1n 150 conducida por otro joven, quien se encuentra internado con pron\u00f3stico reservado. El hecho sucedi\u00f3 cuando circulaban sobre la avenida Tres Fronteras<\/em><\/strong>.<\/p>\n\n\n\n<p>Seg\u00fan las primeras averiguaciones, el hecho sucedi\u00f3 alrededor de las 00:50 horas, cuando la v\u00edctima transitaba como acompa\u00f1ante por la arteria mencionada y por motivos que son materia de investigaci\u00f3n su conductor habr\u00eda perdido el control del rodado, despist\u00f3 cayendo sobre la cinta asf\u00e1ltica. A causas de las graves lesiones, Pedrozo perdi\u00f3 la vida al acto, en tanto el conductor fue trasladado al hospital local donde se encuentra hospitalizado con pron\u00f3stico reservado.<\/p>\n\n\n\n<figure class=\"wp-block-image size-large\"><a href=\"https:\/\/cvinoticias.com\/wp-content\/uploads\/2023\/06\/IMG-20230618-WA0018.jpg\"><img decoding=\"async\" width=\"1024\" height=\"768\" data-src=\"https:\/\/cvinoticias.com\/wp-content\/uploads\/2023\/06\/IMG-20230618-WA0018-1024x768.jpg\" alt=\"\" class=\"wp-image-25565 lazyload\" data-srcset=\"https:\/\/cvinoticias.com\/wp-content\/uploads\/2023\/06\/IMG-20230618-WA0018-1024x768.jpg 1024w, https:\/\/cvinoticias.com\/wp-content\/uploads\/2023\/06\/IMG-20230618-WA0018-300x225.jpg 300w, https:\/\/cvinoticias.com\/wp-content\/uploads\/2023\/06\/IMG-20230618-WA0018-768x576.jpg 768w, https:\/\/cvinoticias.com\/wp-content\/uploads\/2023\/06\/IMG-20230618-WA0018.jpg 1152w\" data-sizes=\"(max-width: 1024px) 100vw, 1024px\" src=\"data:image\/svg+xml;base64,PHN2ZyB3aWR0aD0iMSIgaGVpZ2h0PSIxIiB4bWxucz0iaHR0cDovL3d3dy53My5vcmcvMjAwMC9zdmciPjwvc3ZnPg==\" style=\"--smush-placeholder-width: 1024px; --smush-placeholder-aspect-ratio: 1024\/768;\" \/><\/a><\/figure>\n\n\n\n<p>Trabajaron en el lugar, los efectivos de la comisar\u00eda local, la Polic\u00eda Cient\u00edfica que realiz\u00f3 las pericias de rigor, el bioqu\u00edmico y el m\u00e9dico policial que examin\u00f3 a la v\u00edctima constatando que presentaba un traumatismo encef\u00e1lico craneal grave y fractura de columna vertebral. Intervino el Juzgado de Instrucci\u00f3n Nro. 3 de Iguaz\u00fa, quien dispuso que el cuerpo del fallecido sea entregado a sus familiares.<\/p>\n","protected":false},"excerpt":{"rendered":"<p>Se trata de Arturo David Pedrozo de 20 a\u00f1os, quien falleci\u00f3 esta madrugada tras protagonizar un despiste y caer sobre la cinta asf\u00e1ltica cuando viajaba como acompa\u00f1ante abordo de una motocicleta Honda Tit\u00e1n 150 conducida por otro joven, quien se encuentra internado con pron\u00f3stico reservado. El hecho sucedi\u00f3 cuando circulaban sobre la avenida Tres Fronteras. [&hellip;]<\/p>\n","protected":false},"author":2,"featured_media":25564,"comment_status":"open","ping_status":"open","sticky":false,"template":"","format":"standard","meta":{"footnotes":""},"categories":[29],"tags":[],"class_list":["post-25563","post","type-post","status-publish","format-standard","has-post-thumbnail","hentry","category-locales"],"yoast_head":"<!-- This site is optimized with the Yoast SEO plugin v27.5 - https:\/\/yoast.com\/product\/yoast-seo-wordpress\/ -->\n<title>Puerto Iguaz\u00fa: Falleci\u00f3 un motociclista tras un despiste | CVI NOTICIAS<\/title>\n<meta name=\"robots\" content=\"index, follow, max-snippet:-1, max-image-preview:large, max-video-preview:-1\" \/>\n<link rel=\"canonical\" href=\"https:\/\/cvinoticias.com\/v3\/puerto-iguazu-fallecio-un-motociclista-tras-un-despiste\/\" \/>\n<meta property=\"og:locale\" content=\"es_ES\" \/>\n<meta property=\"og:type\" content=\"article\" \/>\n<meta property=\"og:title\" content=\"Puerto Iguaz\u00fa: Falleci\u00f3 un motociclista tras un despiste | CVI NOTICIAS\" \/>\n<meta property=\"og:description\" content=\"Se trata de Arturo David Pedrozo de 20 a\u00f1os, quien falleci\u00f3 esta madrugada tras protagonizar un despiste y caer sobre la cinta asf\u00e1ltica cuando viajaba como acompa\u00f1ante abordo de una motocicleta Honda Tit\u00e1n 150 conducida por otro joven, quien se encuentra internado con pron\u00f3stico reservado. El hecho sucedi\u00f3 cuando circulaban sobre la avenida Tres Fronteras. [&hellip;]\" \/>\n<meta property=\"og:url\" content=\"https:\/\/cvinoticias.com\/v3\/puerto-iguazu-fallecio-un-motociclista-tras-un-despiste\/\" \/>\n<meta property=\"og:site_name\" content=\"CVI NOTICIAS\" \/>\n<meta property=\"article:publisher\" content=\"https:\/\/www.facebook.com\/cvinoticias\" \/>\n<meta property=\"article:published_time\" content=\"2023-06-18T15:47:44+00:00\" \/>\n<meta property=\"og:image\" content=\"https:\/\/cvinoticias.com\/wp-content\/uploads\/2023\/06\/IMG-20230618-WA0017.jpg\" \/>\n\t<meta property=\"og:image:width\" content=\"1152\" \/>\n\t<meta property=\"og:image:height\" content=\"864\" \/>\n\t<meta property=\"og:image:type\" content=\"image\/jpeg\" \/>\n<meta name=\"author\" content=\"f1000024\" \/>\n<meta name=\"twitter:card\" content=\"summary_large_image\" \/>\n<meta name=\"twitter:label1\" content=\"Escrito por\" \/>\n\t<meta name=\"twitter:data1\" content=\"f1000024\" \/>\n\t<meta name=\"twitter:label2\" content=\"Tiempo de lectura\" \/>\n\t<meta name=\"twitter:data2\" content=\"1 minuto\" \/>\n<script type=\"application\/ld+json\" class=\"yoast-schema-graph\">{\"@context\":\"https:\\\/\\\/schema.org\",\"@graph\":[{\"@type\":\"Article\",\"@id\":\"https:\\\/\\\/cvinoticias.com\\\/v3\\\/puerto-iguazu-fallecio-un-motociclista-tras-un-despiste\\\/#article\",\"isPartOf\":{\"@id\":\"https:\\\/\\\/cvinoticias.com\\\/v3\\\/puerto-iguazu-fallecio-un-motociclista-tras-un-despiste\\\/\"},\"author\":{\"name\":\"f1000024\",\"@id\":\"https:\\\/\\\/cvinoticias.com\\\/v3\\\/#\\\/schema\\\/person\\\/2db77e3c6bc03c538495d7b2b8be9b66\"},\"headline\":\"Puerto Iguaz\u00fa: Falleci\u00f3 un motociclista tras un despiste\",\"datePublished\":\"2023-06-18T15:47:44+00:00\",\"mainEntityOfPage\":{\"@id\":\"https:\\\/\\\/cvinoticias.com\\\/v3\\\/puerto-iguazu-fallecio-un-motociclista-tras-un-despiste\\\/\"},\"wordCount\":215,\"commentCount\":0,\"publisher\":{\"@id\":\"https:\\\/\\\/cvinoticias.com\\\/v3\\\/#organization\"},\"image\":{\"@id\":\"https:\\\/\\\/cvinoticias.com\\\/v3\\\/puerto-iguazu-fallecio-un-motociclista-tras-un-despiste\\\/#primaryimage\"},\"thumbnailUrl\":\"https:\\\/\\\/cvinoticias.com\\\/wp-content\\\/uploads\\\/2023\\\/06\\\/IMG-20230618-WA0017.jpg\",\"articleSection\":[\"Locales\"],\"inLanguage\":\"es\",\"potentialAction\":[{\"@type\":\"CommentAction\",\"name\":\"Comment\",\"target\":[\"https:\\\/\\\/cvinoticias.com\\\/v3\\\/puerto-iguazu-fallecio-un-motociclista-tras-un-despiste\\\/#respond\"]}]},{\"@type\":\"WebPage\",\"@id\":\"https:\\\/\\\/cvinoticias.com\\\/v3\\\/puerto-iguazu-fallecio-un-motociclista-tras-un-despiste\\\/\",\"url\":\"https:\\\/\\\/cvinoticias.com\\\/v3\\\/puerto-iguazu-fallecio-un-motociclista-tras-un-despiste\\\/\",\"name\":\"Puerto Iguaz\u00fa: Falleci\u00f3 un motociclista tras un despiste | CVI NOTICIAS\",\"isPartOf\":{\"@id\":\"https:\\\/\\\/cvinoticias.com\\\/v3\\\/#website\"},\"primaryImageOfPage\":{\"@id\":\"https:\\\/\\\/cvinoticias.com\\\/v3\\\/puerto-iguazu-fallecio-un-motociclista-tras-un-despiste\\\/#primaryimage\"},\"image\":{\"@id\":\"https:\\\/\\\/cvinoticias.com\\\/v3\\\/puerto-iguazu-fallecio-un-motociclista-tras-un-despiste\\\/#primaryimage\"},\"thumbnailUrl\":\"https:\\\/\\\/cvinoticias.com\\\/wp-content\\\/uploads\\\/2023\\\/06\\\/IMG-20230618-WA0017.jpg\",\"datePublished\":\"2023-06-18T15:47:44+00:00\",\"breadcrumb\":{\"@id\":\"https:\\\/\\\/cvinoticias.com\\\/v3\\\/puerto-iguazu-fallecio-un-motociclista-tras-un-despiste\\\/#breadcrumb\"},\"inLanguage\":\"es\",\"potentialAction\":[{\"@type\":\"ReadAction\",\"target\":[\"https:\\\/\\\/cvinoticias.com\\\/v3\\\/puerto-iguazu-fallecio-un-motociclista-tras-un-despiste\\\/\"]}]},{\"@type\":\"ImageObject\",\"inLanguage\":\"es\",\"@id\":\"https:\\\/\\\/cvinoticias.com\\\/v3\\\/puerto-iguazu-fallecio-un-motociclista-tras-un-despiste\\\/#primaryimage\",\"url\":\"https:\\\/\\\/cvinoticias.com\\\/wp-content\\\/uploads\\\/2023\\\/06\\\/IMG-20230618-WA0017.jpg\",\"contentUrl\":\"https:\\\/\\\/cvinoticias.com\\\/wp-content\\\/uploads\\\/2023\\\/06\\\/IMG-20230618-WA0017.jpg\",\"width\":1152,\"height\":864},{\"@type\":\"BreadcrumbList\",\"@id\":\"https:\\\/\\\/cvinoticias.com\\\/v3\\\/puerto-iguazu-fallecio-un-motociclista-tras-un-despiste\\\/#breadcrumb\",\"itemListElement\":[{\"@type\":\"ListItem\",\"position\":1,\"name\":\"Portada\",\"item\":\"https:\\\/\\\/cvinoticias.com\\\/v3\\\/\"},{\"@type\":\"ListItem\",\"position\":2,\"name\":\"Puerto Iguaz\u00fa: Falleci\u00f3 un motociclista tras un despiste\"}]},{\"@type\":\"WebSite\",\"@id\":\"https:\\\/\\\/cvinoticias.com\\\/v3\\\/#website\",\"url\":\"https:\\\/\\\/cvinoticias.com\\\/v3\\\/\",\"name\":\"CVI NOTICIAS\",\"description\":\"\",\"publisher\":{\"@id\":\"https:\\\/\\\/cvinoticias.com\\\/v3\\\/#organization\"},\"alternateName\":\"CVI\",\"potentialAction\":[{\"@type\":\"SearchAction\",\"target\":{\"@type\":\"EntryPoint\",\"urlTemplate\":\"https:\\\/\\\/cvinoticias.com\\\/v3\\\/?s={search_term_string}\"},\"query-input\":{\"@type\":\"PropertyValueSpecification\",\"valueRequired\":true,\"valueName\":\"search_term_string\"}}],\"inLanguage\":\"es\"},{\"@type\":\"Organization\",\"@id\":\"https:\\\/\\\/cvinoticias.com\\\/v3\\\/#organization\",\"name\":\"CVI NOTICIAS\",\"url\":\"https:\\\/\\\/cvinoticias.com\\\/v3\\\/\",\"logo\":{\"@type\":\"ImageObject\",\"inLanguage\":\"es\",\"@id\":\"https:\\\/\\\/cvinoticias.com\\\/v3\\\/#\\\/schema\\\/logo\\\/image\\\/\",\"url\":\"https:\\\/\\\/cvinoticias.com\\\/wp-content\\\/uploads\\\/2023\\\/04\\\/cropped-cropped-cropped-cropped-cropped-3-1.png\",\"contentUrl\":\"https:\\\/\\\/cvinoticias.com\\\/wp-content\\\/uploads\\\/2023\\\/04\\\/cropped-cropped-cropped-cropped-cropped-3-1.png\",\"width\":95,\"height\":122,\"caption\":\"CVI NOTICIAS\"},\"image\":{\"@id\":\"https:\\\/\\\/cvinoticias.com\\\/v3\\\/#\\\/schema\\\/logo\\\/image\\\/\"},\"sameAs\":[\"https:\\\/\\\/www.facebook.com\\\/cvinoticias\",\"https:\\\/\\\/www.instagram.com\\\/cvinoticias\\\/\",\"https:\\\/\\\/www.youtube.com\\\/@CVINOTICIAS\"]},{\"@type\":\"Person\",\"@id\":\"https:\\\/\\\/cvinoticias.com\\\/v3\\\/#\\\/schema\\\/person\\\/2db77e3c6bc03c538495d7b2b8be9b66\",\"name\":\"f1000024\",\"image\":{\"@type\":\"ImageObject\",\"inLanguage\":\"es\",\"@id\":\"https:\\\/\\\/secure.gravatar.com\\\/avatar\\\/d4fe7459cfc51ff5129ce1a732bbef5928568b8092d412ef95611616376bbeed?s=96&d=mm&r=g\",\"url\":\"https:\\\/\\\/secure.gravatar.com\\\/avatar\\\/d4fe7459cfc51ff5129ce1a732bbef5928568b8092d412ef95611616376bbeed?s=96&d=mm&r=g\",\"contentUrl\":\"https:\\\/\\\/secure.gravatar.com\\\/avatar\\\/d4fe7459cfc51ff5129ce1a732bbef5928568b8092d412ef95611616376bbeed?s=96&d=mm&r=g\",\"caption\":\"f1000024\"},\"url\":\"https:\\\/\\\/cvinoticias.com\\\/v3\\\/author\\\/f1000024\\\/\"}]}<\/script>\n<!-- \/ Yoast SEO plugin. -->","yoast_head_json":{"title":"Puerto Iguaz\u00fa: Falleci\u00f3 un motociclista tras un despiste | CVI NOTICIAS","robots":{"index":"index","follow":"follow","max-snippet":"max-snippet:-1","max-image-preview":"max-image-preview:large","max-video-preview":"max-video-preview:-1"},"canonical":"https:\/\/cvinoticias.com\/v3\/puerto-iguazu-fallecio-un-motociclista-tras-un-despiste\/","og_locale":"es_ES","og_type":"article","og_title":"Puerto Iguaz\u00fa: Falleci\u00f3 un motociclista tras un despiste | CVI NOTICIAS","og_description":"Se trata de Arturo David Pedrozo de 20 a\u00f1os, quien falleci\u00f3 esta madrugada tras protagonizar un despiste y caer sobre la cinta asf\u00e1ltica cuando viajaba como acompa\u00f1ante abordo de una motocicleta Honda Tit\u00e1n 150 conducida por otro joven, quien se encuentra internado con pron\u00f3stico reservado. El hecho sucedi\u00f3 cuando circulaban sobre la avenida Tres Fronteras. [&hellip;]","og_url":"https:\/\/cvinoticias.com\/v3\/puerto-iguazu-fallecio-un-motociclista-tras-un-despiste\/","og_site_name":"CVI NOTICIAS","article_publisher":"https:\/\/www.facebook.com\/cvinoticias","article_published_time":"2023-06-18T15:47:44+00:00","og_image":[{"width":1152,"height":864,"url":"https:\/\/cvinoticias.com\/wp-content\/uploads\/2023\/06\/IMG-20230618-WA0017.jpg","type":"image\/jpeg"}],"author":"f1000024","twitter_card":"summary_large_image","twitter_misc":{"Escrito por":"f1000024","Tiempo de lectura":"1 minuto"},"schema":{"@context":"https:\/\/schema.org","@graph":[{"@type":"Article","@id":"https:\/\/cvinoticias.com\/v3\/puerto-iguazu-fallecio-un-motociclista-tras-un-despiste\/#article","isPartOf":{"@id":"https:\/\/cvinoticias.com\/v3\/puerto-iguazu-fallecio-un-motociclista-tras-un-despiste\/"},"author":{"name":"f1000024","@id":"https:\/\/cvinoticias.com\/v3\/#\/schema\/person\/2db77e3c6bc03c538495d7b2b8be9b66"},"headline":"Puerto Iguaz\u00fa: Falleci\u00f3 un motociclista tras un despiste","datePublished":"2023-06-18T15:47:44+00:00","mainEntityOfPage":{"@id":"https:\/\/cvinoticias.com\/v3\/puerto-iguazu-fallecio-un-motociclista-tras-un-despiste\/"},"wordCount":215,"commentCount":0,"publisher":{"@id":"https:\/\/cvinoticias.com\/v3\/#organization"},"image":{"@id":"https:\/\/cvinoticias.com\/v3\/puerto-iguazu-fallecio-un-motociclista-tras-un-despiste\/#primaryimage"},"thumbnailUrl":"https:\/\/cvinoticias.com\/wp-content\/uploads\/2023\/06\/IMG-20230618-WA0017.jpg","articleSection":["Locales"],"inLanguage":"es","potentialAction":[{"@type":"CommentAction","name":"Comment","target":["https:\/\/cvinoticias.com\/v3\/puerto-iguazu-fallecio-un-motociclista-tras-un-despiste\/#respond"]}]},{"@type":"WebPage","@id":"https:\/\/cvinoticias.com\/v3\/puerto-iguazu-fallecio-un-motociclista-tras-un-despiste\/","url":"https:\/\/cvinoticias.com\/v3\/puerto-iguazu-fallecio-un-motociclista-tras-un-despiste\/","name":"Puerto Iguaz\u00fa: Falleci\u00f3 un motociclista tras un despiste | CVI NOTICIAS","isPartOf":{"@id":"https:\/\/cvinoticias.com\/v3\/#website"},"primaryImageOfPage":{"@id":"https:\/\/cvinoticias.com\/v3\/puerto-iguazu-fallecio-un-motociclista-tras-un-despiste\/#primaryimage"},"image":{"@id":"https:\/\/cvinoticias.com\/v3\/puerto-iguazu-fallecio-un-motociclista-tras-un-despiste\/#primaryimage"},"thumbnailUrl":"https:\/\/cvinoticias.com\/wp-content\/uploads\/2023\/06\/IMG-20230618-WA0017.jpg","datePublished":"2023-06-18T15:47:44+00:00","breadcrumb":{"@id":"https:\/\/cvinoticias.com\/v3\/puerto-iguazu-fallecio-un-motociclista-tras-un-despiste\/#breadcrumb"},"inLanguage":"es","potentialAction":[{"@type":"ReadAction","target":["https:\/\/cvinoticias.com\/v3\/puerto-iguazu-fallecio-un-motociclista-tras-un-despiste\/"]}]},{"@type":"ImageObject","inLanguage":"es","@id":"https:\/\/cvinoticias.com\/v3\/puerto-iguazu-fallecio-un-motociclista-tras-un-despiste\/#primaryimage","url":"https:\/\/cvinoticias.com\/wp-content\/uploads\/2023\/06\/IMG-20230618-WA0017.jpg","contentUrl":"https:\/\/cvinoticias.com\/wp-content\/uploads\/2023\/06\/IMG-20230618-WA0017.jpg","width":1152,"height":864},{"@type":"BreadcrumbList","@id":"https:\/\/cvinoticias.com\/v3\/puerto-iguazu-fallecio-un-motociclista-tras-un-despiste\/#breadcrumb","itemListElement":[{"@type":"ListItem","position":1,"name":"Portada","item":"https:\/\/cvinoticias.com\/v3\/"},{"@type":"ListItem","position":2,"name":"Puerto Iguaz\u00fa: Falleci\u00f3 un motociclista tras un despiste"}]},{"@type":"WebSite","@id":"https:\/\/cvinoticias.com\/v3\/#website","url":"https:\/\/cvinoticias.com\/v3\/","name":"CVI NOTICIAS","description":"","publisher":{"@id":"https:\/\/cvinoticias.com\/v3\/#organization"},"alternateName":"CVI","potentialAction":[{"@type":"SearchAction","target":{"@type":"EntryPoint","urlTemplate":"https:\/\/cvinoticias.com\/v3\/?s={search_term_string}"},"query-input":{"@type":"PropertyValueSpecification","valueRequired":true,"valueName":"search_term_string"}}],"inLanguage":"es"},{"@type":"Organization","@id":"https:\/\/cvinoticias.com\/v3\/#organization","name":"CVI NOTICIAS","url":"https:\/\/cvinoticias.com\/v3\/","logo":{"@type":"ImageObject","inLanguage":"es","@id":"https:\/\/cvinoticias.com\/v3\/#\/schema\/logo\/image\/","url":"https:\/\/cvinoticias.com\/wp-content\/uploads\/2023\/04\/cropped-cropped-cropped-cropped-cropped-3-1.png","contentUrl":"https:\/\/cvinoticias.com\/wp-content\/uploads\/2023\/04\/cropped-cropped-cropped-cropped-cropped-3-1.png","width":95,"height":122,"caption":"CVI NOTICIAS"},"image":{"@id":"https:\/\/cvinoticias.com\/v3\/#\/schema\/logo\/image\/"},"sameAs":["https:\/\/www.facebook.com\/cvinoticias","https:\/\/www.instagram.com\/cvinoticias\/","https:\/\/www.youtube.com\/@CVINOTICIAS"]},{"@type":"Person","@id":"https:\/\/cvinoticias.com\/v3\/#\/schema\/person\/2db77e3c6bc03c538495d7b2b8be9b66","name":"f1000024","image":{"@type":"ImageObject","inLanguage":"es","@id":"https:\/\/secure.gravatar.com\/avatar\/d4fe7459cfc51ff5129ce1a732bbef5928568b8092d412ef95611616376bbeed?s=96&d=mm&r=g","url":"https:\/\/secure.gravatar.com\/avatar\/d4fe7459cfc51ff5129ce1a732bbef5928568b8092d412ef95611616376bbeed?s=96&d=mm&r=g","contentUrl":"https:\/\/secure.gravatar.com\/avatar\/d4fe7459cfc51ff5129ce1a732bbef5928568b8092d412ef95611616376bbeed?s=96&d=mm&r=g","caption":"f1000024"},"url":"https:\/\/cvinoticias.com\/v3\/author\/f1000024\/"}]}},"_links":{"self":[{"href":"https:\/\/cvinoticias.com\/v3\/wp-json\/wp\/v2\/posts\/25563","targetHints":{"allow":["GET"]}}],"collection":[{"href":"https:\/\/cvinoticias.com\/v3\/wp-json\/wp\/v2\/posts"}],"about":[{"href":"https:\/\/cvinoticias.com\/v3\/wp-json\/wp\/v2\/types\/post"}],"author":[{"embeddable":true,"href":"https:\/\/cvinoticias.com\/v3\/wp-json\/wp\/v2\/users\/2"}],"replies":[{"embeddable":true,"href":"https:\/\/cvinoticias.com\/v3\/wp-json\/wp\/v2\/comments?post=25563"}],"version-history":[{"count":1,"href":"https:\/\/cvinoticias.com\/v3\/wp-json\/wp\/v2\/posts\/25563\/revisions"}],"predecessor-version":[{"id":25566,"href":"https:\/\/cvinoticias.com\/v3\/wp-json\/wp\/v2\/posts\/25563\/revisions\/25566"}],"wp:featuredmedia":[{"embeddable":true,"href":"https:\/\/cvinoticias.com\/v3\/wp-json\/wp\/v2\/media\/25564"}],"wp:attachment":[{"href":"https:\/\/cvinoticias.com\/v3\/wp-json\/wp\/v2\/media?parent=25563"}],"wp:term":[{"taxonomy":"category","embeddable":true,"href":"https:\/\/cvinoticias.com\/v3\/wp-json\/wp\/v2\/categories?post=25563"},{"taxonomy":"post_tag","embeddable":true,"href":"https:\/\/cvinoticias.com\/v3\/wp-json\/wp\/v2\/tags?post=25563"}],"curies":[{"name":"wp","href":"https:\/\/api.w.org\/{rel}","templated":true}]}}