{"id":25545,"date":"2023-06-16T19:17:13","date_gmt":"2023-06-16T19:17:13","guid":{"rendered":"https:\/\/cvinoticias.com\/v3\/?p=25545"},"modified":"2023-06-16T19:17:13","modified_gmt":"2023-06-16T19:17:13","slug":"hoy-se-cumplen-37-anos-de-la-creacion-de-la-diocesis-de-puerto-iguazu","status":"publish","type":"post","link":"https:\/\/cvinoticias.com\/v3\/hoy-se-cumplen-37-anos-de-la-creacion-de-la-diocesis-de-puerto-iguazu\/","title":{"rendered":"Hoy se cumplen 37 a\u00f1os de la creaci\u00f3n de la Di\u00f3cesis de Puerto Iguaz\u00fa"},"content":{"rendered":"\n<p><strong><em>La Di\u00f3cesis de Iguaz\u00fa fue creada hace exactamente 37 a\u00f1os, el 16 de junio de 1986, mediante la bula \u201cAbeunt alterna vice\u201d del entonces Papa Juan Pablo II.<\/em><\/strong><\/p>\n\n\n\n<p>El primer y longevo Obispo de Iguaz\u00fa fue -durante nada menos que dos d\u00e9cadas- Joaqu\u00edn Pi\u00f1a, quien luego se jubil\u00f3 y regres\u00f3 a Posadas tras participar en las elecciones constituyentes de 2006. El 8 de diciembre de ese a\u00f1o fue reemplazado por el cordob\u00e9s P. Ra\u00fal Marcelo Martorell, quien permaneci\u00f3 en el cargo hasta jubilarse en el a\u00f1o 2020. Desde el 5 de julio del mismo a\u00f1o, permanece al frente de la Di\u00f3cesis de Iguaz\u00fa el bonaerense Nicol\u00e1s Baisi.<\/p>\n\n\n\n<p>Fue en torno a 1980 cuando se empez\u00f3 a hablar de la necesidad de una segunda Di\u00f3cesis en Misiones, concretamente en la zona Norte, para atender mejor la zona, porque la poblaci\u00f3n hab\u00eda ido creciendo y la provincia se le hac\u00eda muy dif\u00edcil de atender al primer Obispo de Posadas, Jorge Kemerer.<\/p>\n\n\n\n<p>Sin embargo, se presentaba el obst\u00e1culo de que desde el Vaticano les plantearon que \u201cc\u00f3mo se iba a hacer una Di\u00f3cesis nueva si no hab\u00eda parroquias\u201d. Es que por entonces no hab\u00eda m\u00e1s que un sacerdote en toda Iguaz\u00fa, el verbita Domingo Gacek, y una peque\u00f1a comunidad de Siervas del Esp\u00edritu Santo que atend\u00eda en el hospital.<\/p>\n\n\n\n<p>En un principio se discuti\u00f3 mucho el emplazamiento de la sede de la Di\u00f3cesis: muchos pensaban que ten\u00eda que ser en Eldorado, que es la poblaci\u00f3n m\u00e1s importante del Norte misionero y tambi\u00e9n m\u00e1s c\u00e9ntrica, pero Kemerer impuls\u00f3 a Puerto Iguaz\u00fa porque estrat\u00e9gicamente le parec\u00eda m\u00e1s interesante y de cara al futuro ten\u00eda m\u00e1s perspectivas.<\/p>\n\n\n\n<p>En 1986, el papa Juan Pablo II crea finalmente la Di\u00f3cesis de Iguaz\u00fa y nombra como Obispo a Joaqu\u00edn Pi\u00f1a. \u201cLa culpa de todo la tiene Kemerer, que me propuso\u201d, sol\u00eda bromear el fallecido religioso. Es que fue tambi\u00e9n el entonces Obispo de Posadas el que lo convoc\u00f3 a Misiones desde Paraguay, veinte a\u00f1os antes.<\/p>\n","protected":false},"excerpt":{"rendered":"<p>La Di\u00f3cesis de Iguaz\u00fa fue creada hace exactamente 37 a\u00f1os, el 16 de junio de 1986, mediante la bula \u201cAbeunt alterna vice\u201d del entonces Papa Juan Pablo II. El primer y longevo Obispo de Iguaz\u00fa fue -durante nada menos que dos d\u00e9cadas- Joaqu\u00edn Pi\u00f1a, quien luego se jubil\u00f3 y regres\u00f3 a Posadas tras participar en [&hellip;]<\/p>\n","protected":false},"author":2,"featured_media":25546,"comment_status":"open","ping_status":"open","sticky":false,"template":"","format":"standard","meta":{"footnotes":""},"categories":[44],"tags":[],"class_list":["post-25545","post","type-post","status-publish","format-standard","has-post-thumbnail","hentry","category-religion"],"yoast_head":"<!-- This site is optimized with the Yoast SEO plugin v27.5 - https:\/\/yoast.com\/product\/yoast-seo-wordpress\/ -->\n<title>Hoy se cumplen 37 a\u00f1os de la creaci\u00f3n de la Di\u00f3cesis de Puerto Iguaz\u00fa | CVI NOTICIAS<\/title>\n<meta name=\"robots\" content=\"index, follow, max-snippet:-1, max-image-preview:large, max-video-preview:-1\" \/>\n<link rel=\"canonical\" href=\"https:\/\/cvinoticias.com\/v3\/hoy-se-cumplen-37-anos-de-la-creacion-de-la-diocesis-de-puerto-iguazu\/\" \/>\n<meta property=\"og:locale\" content=\"es_ES\" \/>\n<meta property=\"og:type\" content=\"article\" \/>\n<meta property=\"og:title\" content=\"Hoy se cumplen 37 a\u00f1os de la creaci\u00f3n de la Di\u00f3cesis de Puerto Iguaz\u00fa | CVI NOTICIAS\" \/>\n<meta property=\"og:description\" content=\"La Di\u00f3cesis de Iguaz\u00fa fue creada hace exactamente 37 a\u00f1os, el 16 de junio de 1986, mediante la bula \u201cAbeunt alterna vice\u201d del entonces Papa Juan Pablo II. El primer y longevo Obispo de Iguaz\u00fa fue -durante nada menos que dos d\u00e9cadas- Joaqu\u00edn Pi\u00f1a, quien luego se jubil\u00f3 y regres\u00f3 a Posadas tras participar en [&hellip;]\" \/>\n<meta property=\"og:url\" content=\"https:\/\/cvinoticias.com\/v3\/hoy-se-cumplen-37-anos-de-la-creacion-de-la-diocesis-de-puerto-iguazu\/\" \/>\n<meta property=\"og:site_name\" content=\"CVI NOTICIAS\" \/>\n<meta property=\"article:publisher\" content=\"https:\/\/www.facebook.com\/cvinoticias\" \/>\n<meta property=\"article:published_time\" content=\"2023-06-16T19:17:13+00:00\" \/>\n<meta property=\"og:image\" content=\"https:\/\/cvinoticias.com\/wp-content\/uploads\/2023\/06\/Screenshot_20230616_161300_WhatsApp.jpg\" \/>\n\t<meta property=\"og:image:width\" content=\"1080\" \/>\n\t<meta property=\"og:image:height\" content=\"1411\" \/>\n\t<meta property=\"og:image:type\" content=\"image\/jpeg\" \/>\n<meta name=\"author\" content=\"f1000024\" \/>\n<meta name=\"twitter:card\" content=\"summary_large_image\" \/>\n<meta name=\"twitter:label1\" content=\"Escrito por\" \/>\n\t<meta name=\"twitter:data1\" content=\"f1000024\" \/>\n\t<meta name=\"twitter:label2\" content=\"Tiempo de lectura\" \/>\n\t<meta name=\"twitter:data2\" content=\"2 minutos\" \/>\n<script type=\"application\/ld+json\" class=\"yoast-schema-graph\">{\"@context\":\"https:\\\/\\\/schema.org\",\"@graph\":[{\"@type\":\"Article\",\"@id\":\"https:\\\/\\\/cvinoticias.com\\\/v3\\\/hoy-se-cumplen-37-anos-de-la-creacion-de-la-diocesis-de-puerto-iguazu\\\/#article\",\"isPartOf\":{\"@id\":\"https:\\\/\\\/cvinoticias.com\\\/v3\\\/hoy-se-cumplen-37-anos-de-la-creacion-de-la-diocesis-de-puerto-iguazu\\\/\"},\"author\":{\"name\":\"f1000024\",\"@id\":\"https:\\\/\\\/cvinoticias.com\\\/v3\\\/#\\\/schema\\\/person\\\/2db77e3c6bc03c538495d7b2b8be9b66\"},\"headline\":\"Hoy se cumplen 37 a\u00f1os de la creaci\u00f3n de la Di\u00f3cesis de Puerto Iguaz\u00fa\",\"datePublished\":\"2023-06-16T19:17:13+00:00\",\"mainEntityOfPage\":{\"@id\":\"https:\\\/\\\/cvinoticias.com\\\/v3\\\/hoy-se-cumplen-37-anos-de-la-creacion-de-la-diocesis-de-puerto-iguazu\\\/\"},\"wordCount\":377,\"commentCount\":0,\"publisher\":{\"@id\":\"https:\\\/\\\/cvinoticias.com\\\/v3\\\/#organization\"},\"image\":{\"@id\":\"https:\\\/\\\/cvinoticias.com\\\/v3\\\/hoy-se-cumplen-37-anos-de-la-creacion-de-la-diocesis-de-puerto-iguazu\\\/#primaryimage\"},\"thumbnailUrl\":\"https:\\\/\\\/cvinoticias.com\\\/wp-content\\\/uploads\\\/2023\\\/06\\\/Screenshot_20230616_161300_WhatsApp.jpg\",\"articleSection\":[\"Religi\u00f3n\"],\"inLanguage\":\"es\",\"potentialAction\":[{\"@type\":\"CommentAction\",\"name\":\"Comment\",\"target\":[\"https:\\\/\\\/cvinoticias.com\\\/v3\\\/hoy-se-cumplen-37-anos-de-la-creacion-de-la-diocesis-de-puerto-iguazu\\\/#respond\"]}]},{\"@type\":\"WebPage\",\"@id\":\"https:\\\/\\\/cvinoticias.com\\\/v3\\\/hoy-se-cumplen-37-anos-de-la-creacion-de-la-diocesis-de-puerto-iguazu\\\/\",\"url\":\"https:\\\/\\\/cvinoticias.com\\\/v3\\\/hoy-se-cumplen-37-anos-de-la-creacion-de-la-diocesis-de-puerto-iguazu\\\/\",\"name\":\"Hoy se cumplen 37 a\u00f1os de la creaci\u00f3n de la Di\u00f3cesis de Puerto Iguaz\u00fa | CVI NOTICIAS\",\"isPartOf\":{\"@id\":\"https:\\\/\\\/cvinoticias.com\\\/v3\\\/#website\"},\"primaryImageOfPage\":{\"@id\":\"https:\\\/\\\/cvinoticias.com\\\/v3\\\/hoy-se-cumplen-37-anos-de-la-creacion-de-la-diocesis-de-puerto-iguazu\\\/#primaryimage\"},\"image\":{\"@id\":\"https:\\\/\\\/cvinoticias.com\\\/v3\\\/hoy-se-cumplen-37-anos-de-la-creacion-de-la-diocesis-de-puerto-iguazu\\\/#primaryimage\"},\"thumbnailUrl\":\"https:\\\/\\\/cvinoticias.com\\\/wp-content\\\/uploads\\\/2023\\\/06\\\/Screenshot_20230616_161300_WhatsApp.jpg\",\"datePublished\":\"2023-06-16T19:17:13+00:00\",\"breadcrumb\":{\"@id\":\"https:\\\/\\\/cvinoticias.com\\\/v3\\\/hoy-se-cumplen-37-anos-de-la-creacion-de-la-diocesis-de-puerto-iguazu\\\/#breadcrumb\"},\"inLanguage\":\"es\",\"potentialAction\":[{\"@type\":\"ReadAction\",\"target\":[\"https:\\\/\\\/cvinoticias.com\\\/v3\\\/hoy-se-cumplen-37-anos-de-la-creacion-de-la-diocesis-de-puerto-iguazu\\\/\"]}]},{\"@type\":\"ImageObject\",\"inLanguage\":\"es\",\"@id\":\"https:\\\/\\\/cvinoticias.com\\\/v3\\\/hoy-se-cumplen-37-anos-de-la-creacion-de-la-diocesis-de-puerto-iguazu\\\/#primaryimage\",\"url\":\"https:\\\/\\\/cvinoticias.com\\\/wp-content\\\/uploads\\\/2023\\\/06\\\/Screenshot_20230616_161300_WhatsApp.jpg\",\"contentUrl\":\"https:\\\/\\\/cvinoticias.com\\\/wp-content\\\/uploads\\\/2023\\\/06\\\/Screenshot_20230616_161300_WhatsApp.jpg\",\"width\":1080,\"height\":1411},{\"@type\":\"BreadcrumbList\",\"@id\":\"https:\\\/\\\/cvinoticias.com\\\/v3\\\/hoy-se-cumplen-37-anos-de-la-creacion-de-la-diocesis-de-puerto-iguazu\\\/#breadcrumb\",\"itemListElement\":[{\"@type\":\"ListItem\",\"position\":1,\"name\":\"Portada\",\"item\":\"https:\\\/\\\/cvinoticias.com\\\/v3\\\/\"},{\"@type\":\"ListItem\",\"position\":2,\"name\":\"Hoy se cumplen 37 a\u00f1os de la creaci\u00f3n de la Di\u00f3cesis de Puerto Iguaz\u00fa\"}]},{\"@type\":\"WebSite\",\"@id\":\"https:\\\/\\\/cvinoticias.com\\\/v3\\\/#website\",\"url\":\"https:\\\/\\\/cvinoticias.com\\\/v3\\\/\",\"name\":\"CVI NOTICIAS\",\"description\":\"\",\"publisher\":{\"@id\":\"https:\\\/\\\/cvinoticias.com\\\/v3\\\/#organization\"},\"alternateName\":\"CVI\",\"potentialAction\":[{\"@type\":\"SearchAction\",\"target\":{\"@type\":\"EntryPoint\",\"urlTemplate\":\"https:\\\/\\\/cvinoticias.com\\\/v3\\\/?s={search_term_string}\"},\"query-input\":{\"@type\":\"PropertyValueSpecification\",\"valueRequired\":true,\"valueName\":\"search_term_string\"}}],\"inLanguage\":\"es\"},{\"@type\":\"Organization\",\"@id\":\"https:\\\/\\\/cvinoticias.com\\\/v3\\\/#organization\",\"name\":\"CVI NOTICIAS\",\"url\":\"https:\\\/\\\/cvinoticias.com\\\/v3\\\/\",\"logo\":{\"@type\":\"ImageObject\",\"inLanguage\":\"es\",\"@id\":\"https:\\\/\\\/cvinoticias.com\\\/v3\\\/#\\\/schema\\\/logo\\\/image\\\/\",\"url\":\"https:\\\/\\\/cvinoticias.com\\\/wp-content\\\/uploads\\\/2023\\\/04\\\/cropped-cropped-cropped-cropped-cropped-3-1.png\",\"contentUrl\":\"https:\\\/\\\/cvinoticias.com\\\/wp-content\\\/uploads\\\/2023\\\/04\\\/cropped-cropped-cropped-cropped-cropped-3-1.png\",\"width\":95,\"height\":122,\"caption\":\"CVI NOTICIAS\"},\"image\":{\"@id\":\"https:\\\/\\\/cvinoticias.com\\\/v3\\\/#\\\/schema\\\/logo\\\/image\\\/\"},\"sameAs\":[\"https:\\\/\\\/www.facebook.com\\\/cvinoticias\",\"https:\\\/\\\/www.instagram.com\\\/cvinoticias\\\/\",\"https:\\\/\\\/www.youtube.com\\\/@CVINOTICIAS\"]},{\"@type\":\"Person\",\"@id\":\"https:\\\/\\\/cvinoticias.com\\\/v3\\\/#\\\/schema\\\/person\\\/2db77e3c6bc03c538495d7b2b8be9b66\",\"name\":\"f1000024\",\"image\":{\"@type\":\"ImageObject\",\"inLanguage\":\"es\",\"@id\":\"https:\\\/\\\/secure.gravatar.com\\\/avatar\\\/d4fe7459cfc51ff5129ce1a732bbef5928568b8092d412ef95611616376bbeed?s=96&d=mm&r=g\",\"url\":\"https:\\\/\\\/secure.gravatar.com\\\/avatar\\\/d4fe7459cfc51ff5129ce1a732bbef5928568b8092d412ef95611616376bbeed?s=96&d=mm&r=g\",\"contentUrl\":\"https:\\\/\\\/secure.gravatar.com\\\/avatar\\\/d4fe7459cfc51ff5129ce1a732bbef5928568b8092d412ef95611616376bbeed?s=96&d=mm&r=g\",\"caption\":\"f1000024\"},\"url\":\"https:\\\/\\\/cvinoticias.com\\\/v3\\\/author\\\/f1000024\\\/\"}]}<\/script>\n<!-- \/ Yoast SEO plugin. -->","yoast_head_json":{"title":"Hoy se cumplen 37 a\u00f1os de la creaci\u00f3n de la Di\u00f3cesis de Puerto Iguaz\u00fa | CVI NOTICIAS","robots":{"index":"index","follow":"follow","max-snippet":"max-snippet:-1","max-image-preview":"max-image-preview:large","max-video-preview":"max-video-preview:-1"},"canonical":"https:\/\/cvinoticias.com\/v3\/hoy-se-cumplen-37-anos-de-la-creacion-de-la-diocesis-de-puerto-iguazu\/","og_locale":"es_ES","og_type":"article","og_title":"Hoy se cumplen 37 a\u00f1os de la creaci\u00f3n de la Di\u00f3cesis de Puerto Iguaz\u00fa | CVI NOTICIAS","og_description":"La Di\u00f3cesis de Iguaz\u00fa fue creada hace exactamente 37 a\u00f1os, el 16 de junio de 1986, mediante la bula \u201cAbeunt alterna vice\u201d del entonces Papa Juan Pablo II. El primer y longevo Obispo de Iguaz\u00fa fue -durante nada menos que dos d\u00e9cadas- Joaqu\u00edn Pi\u00f1a, quien luego se jubil\u00f3 y regres\u00f3 a Posadas tras participar en [&hellip;]","og_url":"https:\/\/cvinoticias.com\/v3\/hoy-se-cumplen-37-anos-de-la-creacion-de-la-diocesis-de-puerto-iguazu\/","og_site_name":"CVI NOTICIAS","article_publisher":"https:\/\/www.facebook.com\/cvinoticias","article_published_time":"2023-06-16T19:17:13+00:00","og_image":[{"width":1080,"height":1411,"url":"https:\/\/cvinoticias.com\/wp-content\/uploads\/2023\/06\/Screenshot_20230616_161300_WhatsApp.jpg","type":"image\/jpeg"}],"author":"f1000024","twitter_card":"summary_large_image","twitter_misc":{"Escrito por":"f1000024","Tiempo de lectura":"2 minutos"},"schema":{"@context":"https:\/\/schema.org","@graph":[{"@type":"Article","@id":"https:\/\/cvinoticias.com\/v3\/hoy-se-cumplen-37-anos-de-la-creacion-de-la-diocesis-de-puerto-iguazu\/#article","isPartOf":{"@id":"https:\/\/cvinoticias.com\/v3\/hoy-se-cumplen-37-anos-de-la-creacion-de-la-diocesis-de-puerto-iguazu\/"},"author":{"name":"f1000024","@id":"https:\/\/cvinoticias.com\/v3\/#\/schema\/person\/2db77e3c6bc03c538495d7b2b8be9b66"},"headline":"Hoy se cumplen 37 a\u00f1os de la creaci\u00f3n de la Di\u00f3cesis de Puerto Iguaz\u00fa","datePublished":"2023-06-16T19:17:13+00:00","mainEntityOfPage":{"@id":"https:\/\/cvinoticias.com\/v3\/hoy-se-cumplen-37-anos-de-la-creacion-de-la-diocesis-de-puerto-iguazu\/"},"wordCount":377,"commentCount":0,"publisher":{"@id":"https:\/\/cvinoticias.com\/v3\/#organization"},"image":{"@id":"https:\/\/cvinoticias.com\/v3\/hoy-se-cumplen-37-anos-de-la-creacion-de-la-diocesis-de-puerto-iguazu\/#primaryimage"},"thumbnailUrl":"https:\/\/cvinoticias.com\/wp-content\/uploads\/2023\/06\/Screenshot_20230616_161300_WhatsApp.jpg","articleSection":["Religi\u00f3n"],"inLanguage":"es","potentialAction":[{"@type":"CommentAction","name":"Comment","target":["https:\/\/cvinoticias.com\/v3\/hoy-se-cumplen-37-anos-de-la-creacion-de-la-diocesis-de-puerto-iguazu\/#respond"]}]},{"@type":"WebPage","@id":"https:\/\/cvinoticias.com\/v3\/hoy-se-cumplen-37-anos-de-la-creacion-de-la-diocesis-de-puerto-iguazu\/","url":"https:\/\/cvinoticias.com\/v3\/hoy-se-cumplen-37-anos-de-la-creacion-de-la-diocesis-de-puerto-iguazu\/","name":"Hoy se cumplen 37 a\u00f1os de la creaci\u00f3n de la Di\u00f3cesis de Puerto Iguaz\u00fa | CVI NOTICIAS","isPartOf":{"@id":"https:\/\/cvinoticias.com\/v3\/#website"},"primaryImageOfPage":{"@id":"https:\/\/cvinoticias.com\/v3\/hoy-se-cumplen-37-anos-de-la-creacion-de-la-diocesis-de-puerto-iguazu\/#primaryimage"},"image":{"@id":"https:\/\/cvinoticias.com\/v3\/hoy-se-cumplen-37-anos-de-la-creacion-de-la-diocesis-de-puerto-iguazu\/#primaryimage"},"thumbnailUrl":"https:\/\/cvinoticias.com\/wp-content\/uploads\/2023\/06\/Screenshot_20230616_161300_WhatsApp.jpg","datePublished":"2023-06-16T19:17:13+00:00","breadcrumb":{"@id":"https:\/\/cvinoticias.com\/v3\/hoy-se-cumplen-37-anos-de-la-creacion-de-la-diocesis-de-puerto-iguazu\/#breadcrumb"},"inLanguage":"es","potentialAction":[{"@type":"ReadAction","target":["https:\/\/cvinoticias.com\/v3\/hoy-se-cumplen-37-anos-de-la-creacion-de-la-diocesis-de-puerto-iguazu\/"]}]},{"@type":"ImageObject","inLanguage":"es","@id":"https:\/\/cvinoticias.com\/v3\/hoy-se-cumplen-37-anos-de-la-creacion-de-la-diocesis-de-puerto-iguazu\/#primaryimage","url":"https:\/\/cvinoticias.com\/wp-content\/uploads\/2023\/06\/Screenshot_20230616_161300_WhatsApp.jpg","contentUrl":"https:\/\/cvinoticias.com\/wp-content\/uploads\/2023\/06\/Screenshot_20230616_161300_WhatsApp.jpg","width":1080,"height":1411},{"@type":"BreadcrumbList","@id":"https:\/\/cvinoticias.com\/v3\/hoy-se-cumplen-37-anos-de-la-creacion-de-la-diocesis-de-puerto-iguazu\/#breadcrumb","itemListElement":[{"@type":"ListItem","position":1,"name":"Portada","item":"https:\/\/cvinoticias.com\/v3\/"},{"@type":"ListItem","position":2,"name":"Hoy se cumplen 37 a\u00f1os de la creaci\u00f3n de la Di\u00f3cesis de Puerto Iguaz\u00fa"}]},{"@type":"WebSite","@id":"https:\/\/cvinoticias.com\/v3\/#website","url":"https:\/\/cvinoticias.com\/v3\/","name":"CVI NOTICIAS","description":"","publisher":{"@id":"https:\/\/cvinoticias.com\/v3\/#organization"},"alternateName":"CVI","potentialAction":[{"@type":"SearchAction","target":{"@type":"EntryPoint","urlTemplate":"https:\/\/cvinoticias.com\/v3\/?s={search_term_string}"},"query-input":{"@type":"PropertyValueSpecification","valueRequired":true,"valueName":"search_term_string"}}],"inLanguage":"es"},{"@type":"Organization","@id":"https:\/\/cvinoticias.com\/v3\/#organization","name":"CVI NOTICIAS","url":"https:\/\/cvinoticias.com\/v3\/","logo":{"@type":"ImageObject","inLanguage":"es","@id":"https:\/\/cvinoticias.com\/v3\/#\/schema\/logo\/image\/","url":"https:\/\/cvinoticias.com\/wp-content\/uploads\/2023\/04\/cropped-cropped-cropped-cropped-cropped-3-1.png","contentUrl":"https:\/\/cvinoticias.com\/wp-content\/uploads\/2023\/04\/cropped-cropped-cropped-cropped-cropped-3-1.png","width":95,"height":122,"caption":"CVI NOTICIAS"},"image":{"@id":"https:\/\/cvinoticias.com\/v3\/#\/schema\/logo\/image\/"},"sameAs":["https:\/\/www.facebook.com\/cvinoticias","https:\/\/www.instagram.com\/cvinoticias\/","https:\/\/www.youtube.com\/@CVINOTICIAS"]},{"@type":"Person","@id":"https:\/\/cvinoticias.com\/v3\/#\/schema\/person\/2db77e3c6bc03c538495d7b2b8be9b66","name":"f1000024","image":{"@type":"ImageObject","inLanguage":"es","@id":"https:\/\/secure.gravatar.com\/avatar\/d4fe7459cfc51ff5129ce1a732bbef5928568b8092d412ef95611616376bbeed?s=96&d=mm&r=g","url":"https:\/\/secure.gravatar.com\/avatar\/d4fe7459cfc51ff5129ce1a732bbef5928568b8092d412ef95611616376bbeed?s=96&d=mm&r=g","contentUrl":"https:\/\/secure.gravatar.com\/avatar\/d4fe7459cfc51ff5129ce1a732bbef5928568b8092d412ef95611616376bbeed?s=96&d=mm&r=g","caption":"f1000024"},"url":"https:\/\/cvinoticias.com\/v3\/author\/f1000024\/"}]}},"_links":{"self":[{"href":"https:\/\/cvinoticias.com\/v3\/wp-json\/wp\/v2\/posts\/25545","targetHints":{"allow":["GET"]}}],"collection":[{"href":"https:\/\/cvinoticias.com\/v3\/wp-json\/wp\/v2\/posts"}],"about":[{"href":"https:\/\/cvinoticias.com\/v3\/wp-json\/wp\/v2\/types\/post"}],"author":[{"embeddable":true,"href":"https:\/\/cvinoticias.com\/v3\/wp-json\/wp\/v2\/users\/2"}],"replies":[{"embeddable":true,"href":"https:\/\/cvinoticias.com\/v3\/wp-json\/wp\/v2\/comments?post=25545"}],"version-history":[{"count":1,"href":"https:\/\/cvinoticias.com\/v3\/wp-json\/wp\/v2\/posts\/25545\/revisions"}],"predecessor-version":[{"id":25547,"href":"https:\/\/cvinoticias.com\/v3\/wp-json\/wp\/v2\/posts\/25545\/revisions\/25547"}],"wp:featuredmedia":[{"embeddable":true,"href":"https:\/\/cvinoticias.com\/v3\/wp-json\/wp\/v2\/media\/25546"}],"wp:attachment":[{"href":"https:\/\/cvinoticias.com\/v3\/wp-json\/wp\/v2\/media?parent=25545"}],"wp:term":[{"taxonomy":"category","embeddable":true,"href":"https:\/\/cvinoticias.com\/v3\/wp-json\/wp\/v2\/categories?post=25545"},{"taxonomy":"post_tag","embeddable":true,"href":"https:\/\/cvinoticias.com\/v3\/wp-json\/wp\/v2\/tags?post=25545"}],"curies":[{"name":"wp","href":"https:\/\/api.w.org\/{rel}","templated":true}]}}