{"id":2546,"date":"2021-02-09T11:49:00","date_gmt":"2021-02-09T11:49:00","guid":{"rendered":"https:\/\/cvinoticias.com\/v3\/?p=2546"},"modified":"2021-02-09T11:49:00","modified_gmt":"2021-02-09T11:49:00","slug":"trabajo-conjunto-de-nacion-y-misiones-en-plan-nacional-de-calidad-y-seguridad-de-pacientes","status":"publish","type":"post","link":"https:\/\/cvinoticias.com\/v3\/trabajo-conjunto-de-nacion-y-misiones-en-plan-nacional-de-calidad-y-seguridad-de-pacientes\/","title":{"rendered":"Trabajo conjunto de Naci\u00f3n y Misiones en plan nacional de calidad y seguridad de pacientes"},"content":{"rendered":"\n<p><strong><em>El Vicegobernador Dr. Carlos Arce presidi\u00f3 la apertura de las jornadas de trabajo para la implementaci\u00f3n del Plan Nacional de Calidad y Seguridad de Pacientes acompa\u00f1ando al Ministro de Salud Provincial Dr. Oscar Alarc\u00f3n y con participaci\u00f3n de la Subsecretaria de Calidad, Regulaci\u00f3n y Fiscalizaci\u00f3n de Naci\u00f3n, Dra. Judit D\u00edaz Baz\u00e1n, el Pte.del Colegio de M\u00e9dicos de Misiones Dr. Luis Flores, el Pte. De IPS Dr. Lisandro Benmaor, Directores de los Hospitales de Nivel III de Misiones y en conexi\u00f3n los Directores de Nivel II y funcionarios de equipos de los Ministerios de Salud de Naci\u00f3n y Misiones.<\/em><\/strong><\/p>\n\n\n\n<p>Durante los 2 d\u00edas de encuentros abordar\u00e1n temas relacionados a: Directrices, Estandarizaci\u00f3n de procesos para la calidad y la seguridad de pacientes. Hospitales en Red de Calidad. Maternidades seguras con cumplimiento de las condiciones obst\u00e9tricas y neonatales (CONE) para la atenci\u00f3n de calidad. Calidad y Profesionalizaci\u00f3n de la enfermer\u00eda en el marco del Plan Nacional de Enfermer\u00eda. Plan Nacional de Cuidado de Trabajadores y Trabajadoras de la Salud. Sistema de Evaluaci\u00f3n de Servicios y Residencias. Enfermedades tropicales.<\/p>\n\n\n\n<p>En el acto de apertura de las jornadas de trabajo, la Subsecretaria de Calidad, Regulaci\u00f3n y Fiscalizaci\u00f3n de Naci\u00f3n, Dra. Judit D\u00edaz Baz\u00e1n, coment\u00f3 que \u201cen esta l\u00ednea de trabajo queremos darle un valor fundamental y estructural a lo que es calidad y talento humano en el pa\u00eds. Siempre podemos ilusionamos en que podemos cambiar en el recurso humano y pensar qu\u00e9 recurso humano tenemos y qu\u00e9 recursos humanos vamos a necesitar dentro de cinco o diez a\u00f1os. Tambi\u00e9n necesitamos en volver a ilusionarnos en una medicina m\u00e1s pr\u00f3xima al paciente y a estar m\u00e1s pr\u00f3ximo no s\u00f3lo significa darle un medicamento oportuno, si no que necesitamos ver que necesidades sociales, afectivas, econ\u00f3micas geogr\u00e1ficas, a veces necesitan los ciudadanos para llegar a buscar la atenci\u00f3n\u201d. Misiones fue elegida para iniciar la coordinaci\u00f3n porque tiene un modelo continuo de Gobierno, \u201ccon una l\u00ednea troncal que se acompa\u00f1a de acciones concretas con el apoyo del poder legislativo, que acompa\u00f1a con leyes concretas, que es lo marca un modelo en l tiempo\u201d.<\/p>\n\n\n\n<p>\u201cEl trabajo estos d\u00edas nos va a permitir elaborar un plan piloto para todo el pa\u00eds que vamos a presentar al Gobernador, al Ministro Gin\u00e9s. Seguramente la pandemia nos dej\u00f3 mucha experiencia y la importancia de contar con recurso humano calificado para salir adelante y nos llama a revisar los viejos modelos que tenemos en la salud p\u00fablica y el trabajo que vamos a tener que llevar adelante\u201d.<\/p>\n\n\n\n<p>Por su parte el Ministro de Salud P\u00fablica, Dr. Oscar Alarc\u00f3n manifest\u00f3: \u201cYo como Ministro y mi equipo de trabajo creemos que hacemos todo para darle lo mejor, pero tambi\u00e9n queremos saber si ellos creen que estamos dando lo mejor y si podemos darle m\u00e1s, la percepci\u00f3n, importante palabra, qu\u00e9 percibo. Por eso vamos a trabajar intensamente, hoy el equipo de trabajo se pone a posiciones al equipo de trabajo de naci\u00f3n para poder absorber todo, para aprender, para trabajar en conjunto, en equipo\u201d.<\/p>\n\n\n\n<p>\u201cEsto es Hist\u00f3rico en mis a\u00f1os de trabajo, de gesti\u00f3n, de acompa\u00f1amiento que tengamos tanta tutor\u00eda de Naci\u00f3n, y eso se hace con decisiones pol\u00edticas, las decisiones pol\u00edticas de acompa\u00f1ar a la provincia en lo que siempre nuestro ministro de naci\u00f3n y nuestras autoridades nos dicen, medicina, salud federal para todos\u201d.<\/p>\n\n\n\n<p>Por \u00faltimo, el Vicegobernador de Misiones, Dr. Carlos Arce remarc\u00f3 que \u00abSomos un equipo que tratamos de ser m\u00e1s que multidisciplinarios, interdisciplinarios es decir tener comunicaci\u00f3n\u00bb.<\/p>\n\n\n\n<p>El Vicegobernador se refiri\u00f3 a su experiencia como m\u00e9dico y como los n\u00fameros de mortalidad infantil fueron mejorando en este tiempo destacando el poner a la Salud en primer plano, como decisi\u00f3n pol\u00edtica del Conductor, el Ingeniero Carlos Eduardo Rovira y destac\u00f3 \u00abque a partir del gobierno Renovador, porque hay que decirlo, remarc\u00f3, hoy la salud de Misiones ha mejorado la salud p\u00fablica y privada de toda la provincia, por eso hoy podemos mostrar indicadores qu\u00e9 son muy buenos, pero que son mejorables y esas mejoras dependen much\u00edsimo de la acci\u00f3n conjunta de la federalizaci\u00f3n que ha demostrado nuestro gobierno nacional, por eso agradezco humildemente como un m\u00e9dico misionero que nuestro Ministerio de salud p\u00fablica de la naci\u00f3n se fije en nosotros, que \u00absomos una provincia muy chiquita pero tambi\u00e9n ha demostrado ser merecedora de esto y que realmente hoy tengamos control de calidad y seguridad del paciente; qu\u00e9 es algo que lo hemos mejorado y que tambi\u00e9n tenemos que tener en la cabeza y la gesti\u00f3n qu\u00e9 puede ser una d\u00e9cada pero que tenemos que tener continuidad porqu\u00e9 la salud es prioritario para nosotros en Misiones.<\/p>\n\n\n\n<p>Desde naci\u00f3n acompa\u00f1aron a la Dra. Baz\u00e1n, el Director Nacional de Talento Humano y Conocimiento de Naci\u00f3n, Dr. Pedro Silberman, el Director Nacional de Calidad de Servicios de Salud y Regulaci\u00f3n Sanitaria Naci\u00f3n Dr. Claudio Ortiz, la Directora de Enfermer\u00eda de Naci\u00f3n, Lic. Mar\u00eda G\u00f3mez Marquisio, la Coordinadora de Pol\u00edticas de Recursos Humanos de Salud de Naci\u00f3n, Lic. Florencia Montes P\u00e1ez, el Coordinaci\u00f3n de Formaci\u00f3n del Personal de Salud de Naci\u00f3n, Lic. Jos\u00e9 Luis Aguirre y el Asesor del Ministro de Salud de la Naci\u00f3n, Dr. Andr\u00e9s Leibovich.<\/p>\n\n\n\n<p>Este martes el segundo encuentro se desarrollar\u00e1 en el SUM del Hospital de Escuelas de Agudos Dr. Ram\u00f3n Madariaga.<\/p>\n\n\n\n<p>ANG<\/p>\n","protected":false},"excerpt":{"rendered":"<p>El Vicegobernador Dr. Carlos Arce presidi\u00f3 la apertura de las jornadas de trabajo para la implementaci\u00f3n del Plan Nacional de Calidad y Seguridad de Pacientes acompa\u00f1ando al Ministro de Salud Provincial Dr. Oscar Alarc\u00f3n y con participaci\u00f3n de la Subsecretaria de Calidad, Regulaci\u00f3n y Fiscalizaci\u00f3n de Naci\u00f3n, Dra. Judit D\u00edaz Baz\u00e1n, el Pte.del Colegio de [&hellip;]<\/p>\n","protected":false},"author":2,"featured_media":2547,"comment_status":"open","ping_status":"open","sticky":false,"template":"","format":"standard","meta":{"footnotes":""},"categories":[22],"tags":[],"class_list":["post-2546","post","type-post","status-publish","format-standard","has-post-thumbnail","hentry","category-salud"],"yoast_head":"<!-- This site is optimized with the Yoast SEO plugin v27.4 - https:\/\/yoast.com\/product\/yoast-seo-wordpress\/ -->\n<title>Trabajo conjunto de Naci\u00f3n y Misiones en plan nacional de calidad y seguridad de pacientes | CVI NOTICIAS<\/title>\n<meta name=\"robots\" content=\"index, follow, max-snippet:-1, max-image-preview:large, max-video-preview:-1\" \/>\n<link rel=\"canonical\" href=\"https:\/\/cvinoticias.com\/v3\/trabajo-conjunto-de-nacion-y-misiones-en-plan-nacional-de-calidad-y-seguridad-de-pacientes\/\" \/>\n<meta property=\"og:locale\" content=\"es_ES\" \/>\n<meta property=\"og:type\" content=\"article\" \/>\n<meta property=\"og:title\" content=\"Trabajo conjunto de Naci\u00f3n y Misiones en plan nacional de calidad y seguridad de pacientes | CVI NOTICIAS\" \/>\n<meta property=\"og:description\" content=\"El Vicegobernador Dr. Carlos Arce presidi\u00f3 la apertura de las jornadas de trabajo para la implementaci\u00f3n del Plan Nacional de Calidad y Seguridad de Pacientes acompa\u00f1ando al Ministro de Salud Provincial Dr. Oscar Alarc\u00f3n y con participaci\u00f3n de la Subsecretaria de Calidad, Regulaci\u00f3n y Fiscalizaci\u00f3n de Naci\u00f3n, Dra. Judit D\u00edaz Baz\u00e1n, el Pte.del Colegio de [&hellip;]\" \/>\n<meta property=\"og:url\" content=\"https:\/\/cvinoticias.com\/v3\/trabajo-conjunto-de-nacion-y-misiones-en-plan-nacional-de-calidad-y-seguridad-de-pacientes\/\" \/>\n<meta property=\"og:site_name\" content=\"CVI NOTICIAS\" \/>\n<meta property=\"article:publisher\" content=\"https:\/\/www.facebook.com\/cvinoticias\" \/>\n<meta property=\"article:published_time\" content=\"2021-02-09T11:49:00+00:00\" \/>\n<meta property=\"og:image\" content=\"https:\/\/cvinoticias.com\/wp-content\/uploads\/2021\/02\/WhatsApp-Image-2021-02-09-at-08.24.19-1.jpeg\" \/>\n\t<meta property=\"og:image:width\" content=\"1280\" \/>\n\t<meta property=\"og:image:height\" content=\"590\" \/>\n\t<meta property=\"og:image:type\" content=\"image\/jpeg\" \/>\n<meta name=\"author\" content=\"f1000024\" \/>\n<meta name=\"twitter:card\" content=\"summary_large_image\" \/>\n<meta name=\"twitter:label1\" content=\"Escrito por\" \/>\n\t<meta name=\"twitter:data1\" content=\"f1000024\" \/>\n\t<meta name=\"twitter:label2\" content=\"Tiempo de lectura\" \/>\n\t<meta name=\"twitter:data2\" content=\"5 minutos\" \/>\n<script type=\"application\/ld+json\" class=\"yoast-schema-graph\">{\"@context\":\"https:\\\/\\\/schema.org\",\"@graph\":[{\"@type\":\"Article\",\"@id\":\"https:\\\/\\\/cvinoticias.com\\\/v3\\\/trabajo-conjunto-de-nacion-y-misiones-en-plan-nacional-de-calidad-y-seguridad-de-pacientes\\\/#article\",\"isPartOf\":{\"@id\":\"https:\\\/\\\/cvinoticias.com\\\/v3\\\/trabajo-conjunto-de-nacion-y-misiones-en-plan-nacional-de-calidad-y-seguridad-de-pacientes\\\/\"},\"author\":{\"name\":\"f1000024\",\"@id\":\"https:\\\/\\\/cvinoticias.com\\\/v3\\\/#\\\/schema\\\/person\\\/2db77e3c6bc03c538495d7b2b8be9b66\"},\"headline\":\"Trabajo conjunto de Naci\u00f3n y Misiones en plan nacional de calidad y seguridad de pacientes\",\"datePublished\":\"2021-02-09T11:49:00+00:00\",\"mainEntityOfPage\":{\"@id\":\"https:\\\/\\\/cvinoticias.com\\\/v3\\\/trabajo-conjunto-de-nacion-y-misiones-en-plan-nacional-de-calidad-y-seguridad-de-pacientes\\\/\"},\"wordCount\":982,\"commentCount\":0,\"publisher\":{\"@id\":\"https:\\\/\\\/cvinoticias.com\\\/v3\\\/#organization\"},\"image\":{\"@id\":\"https:\\\/\\\/cvinoticias.com\\\/v3\\\/trabajo-conjunto-de-nacion-y-misiones-en-plan-nacional-de-calidad-y-seguridad-de-pacientes\\\/#primaryimage\"},\"thumbnailUrl\":\"https:\\\/\\\/cvinoticias.com\\\/wp-content\\\/uploads\\\/2021\\\/02\\\/WhatsApp-Image-2021-02-09-at-08.24.19-1.jpeg\",\"articleSection\":[\"Salud\"],\"inLanguage\":\"es\",\"potentialAction\":[{\"@type\":\"CommentAction\",\"name\":\"Comment\",\"target\":[\"https:\\\/\\\/cvinoticias.com\\\/v3\\\/trabajo-conjunto-de-nacion-y-misiones-en-plan-nacional-de-calidad-y-seguridad-de-pacientes\\\/#respond\"]}]},{\"@type\":\"WebPage\",\"@id\":\"https:\\\/\\\/cvinoticias.com\\\/v3\\\/trabajo-conjunto-de-nacion-y-misiones-en-plan-nacional-de-calidad-y-seguridad-de-pacientes\\\/\",\"url\":\"https:\\\/\\\/cvinoticias.com\\\/v3\\\/trabajo-conjunto-de-nacion-y-misiones-en-plan-nacional-de-calidad-y-seguridad-de-pacientes\\\/\",\"name\":\"Trabajo conjunto de Naci\u00f3n y Misiones en plan nacional de calidad y seguridad de pacientes | CVI NOTICIAS\",\"isPartOf\":{\"@id\":\"https:\\\/\\\/cvinoticias.com\\\/v3\\\/#website\"},\"primaryImageOfPage\":{\"@id\":\"https:\\\/\\\/cvinoticias.com\\\/v3\\\/trabajo-conjunto-de-nacion-y-misiones-en-plan-nacional-de-calidad-y-seguridad-de-pacientes\\\/#primaryimage\"},\"image\":{\"@id\":\"https:\\\/\\\/cvinoticias.com\\\/v3\\\/trabajo-conjunto-de-nacion-y-misiones-en-plan-nacional-de-calidad-y-seguridad-de-pacientes\\\/#primaryimage\"},\"thumbnailUrl\":\"https:\\\/\\\/cvinoticias.com\\\/wp-content\\\/uploads\\\/2021\\\/02\\\/WhatsApp-Image-2021-02-09-at-08.24.19-1.jpeg\",\"datePublished\":\"2021-02-09T11:49:00+00:00\",\"breadcrumb\":{\"@id\":\"https:\\\/\\\/cvinoticias.com\\\/v3\\\/trabajo-conjunto-de-nacion-y-misiones-en-plan-nacional-de-calidad-y-seguridad-de-pacientes\\\/#breadcrumb\"},\"inLanguage\":\"es\",\"potentialAction\":[{\"@type\":\"ReadAction\",\"target\":[\"https:\\\/\\\/cvinoticias.com\\\/v3\\\/trabajo-conjunto-de-nacion-y-misiones-en-plan-nacional-de-calidad-y-seguridad-de-pacientes\\\/\"]}]},{\"@type\":\"ImageObject\",\"inLanguage\":\"es\",\"@id\":\"https:\\\/\\\/cvinoticias.com\\\/v3\\\/trabajo-conjunto-de-nacion-y-misiones-en-plan-nacional-de-calidad-y-seguridad-de-pacientes\\\/#primaryimage\",\"url\":\"https:\\\/\\\/cvinoticias.com\\\/wp-content\\\/uploads\\\/2021\\\/02\\\/WhatsApp-Image-2021-02-09-at-08.24.19-1.jpeg\",\"contentUrl\":\"https:\\\/\\\/cvinoticias.com\\\/wp-content\\\/uploads\\\/2021\\\/02\\\/WhatsApp-Image-2021-02-09-at-08.24.19-1.jpeg\",\"width\":1280,\"height\":590},{\"@type\":\"BreadcrumbList\",\"@id\":\"https:\\\/\\\/cvinoticias.com\\\/v3\\\/trabajo-conjunto-de-nacion-y-misiones-en-plan-nacional-de-calidad-y-seguridad-de-pacientes\\\/#breadcrumb\",\"itemListElement\":[{\"@type\":\"ListItem\",\"position\":1,\"name\":\"Portada\",\"item\":\"https:\\\/\\\/cvinoticias.com\\\/v3\\\/\"},{\"@type\":\"ListItem\",\"position\":2,\"name\":\"Trabajo conjunto de Naci\u00f3n y Misiones en plan nacional de calidad y seguridad de pacientes\"}]},{\"@type\":\"WebSite\",\"@id\":\"https:\\\/\\\/cvinoticias.com\\\/v3\\\/#website\",\"url\":\"https:\\\/\\\/cvinoticias.com\\\/v3\\\/\",\"name\":\"CVI NOTICIAS\",\"description\":\"\",\"publisher\":{\"@id\":\"https:\\\/\\\/cvinoticias.com\\\/v3\\\/#organization\"},\"alternateName\":\"CVI\",\"potentialAction\":[{\"@type\":\"SearchAction\",\"target\":{\"@type\":\"EntryPoint\",\"urlTemplate\":\"https:\\\/\\\/cvinoticias.com\\\/v3\\\/?s={search_term_string}\"},\"query-input\":{\"@type\":\"PropertyValueSpecification\",\"valueRequired\":true,\"valueName\":\"search_term_string\"}}],\"inLanguage\":\"es\"},{\"@type\":\"Organization\",\"@id\":\"https:\\\/\\\/cvinoticias.com\\\/v3\\\/#organization\",\"name\":\"CVI NOTICIAS\",\"url\":\"https:\\\/\\\/cvinoticias.com\\\/v3\\\/\",\"logo\":{\"@type\":\"ImageObject\",\"inLanguage\":\"es\",\"@id\":\"https:\\\/\\\/cvinoticias.com\\\/v3\\\/#\\\/schema\\\/logo\\\/image\\\/\",\"url\":\"https:\\\/\\\/cvinoticias.com\\\/wp-content\\\/uploads\\\/2023\\\/04\\\/cropped-cropped-cropped-cropped-cropped-3-1.png\",\"contentUrl\":\"https:\\\/\\\/cvinoticias.com\\\/wp-content\\\/uploads\\\/2023\\\/04\\\/cropped-cropped-cropped-cropped-cropped-3-1.png\",\"width\":95,\"height\":122,\"caption\":\"CVI NOTICIAS\"},\"image\":{\"@id\":\"https:\\\/\\\/cvinoticias.com\\\/v3\\\/#\\\/schema\\\/logo\\\/image\\\/\"},\"sameAs\":[\"https:\\\/\\\/www.facebook.com\\\/cvinoticias\",\"https:\\\/\\\/www.instagram.com\\\/cvinoticias\\\/\",\"https:\\\/\\\/www.youtube.com\\\/@CVINOTICIAS\"]},{\"@type\":\"Person\",\"@id\":\"https:\\\/\\\/cvinoticias.com\\\/v3\\\/#\\\/schema\\\/person\\\/2db77e3c6bc03c538495d7b2b8be9b66\",\"name\":\"f1000024\",\"image\":{\"@type\":\"ImageObject\",\"inLanguage\":\"es\",\"@id\":\"https:\\\/\\\/secure.gravatar.com\\\/avatar\\\/d4fe7459cfc51ff5129ce1a732bbef5928568b8092d412ef95611616376bbeed?s=96&d=mm&r=g\",\"url\":\"https:\\\/\\\/secure.gravatar.com\\\/avatar\\\/d4fe7459cfc51ff5129ce1a732bbef5928568b8092d412ef95611616376bbeed?s=96&d=mm&r=g\",\"contentUrl\":\"https:\\\/\\\/secure.gravatar.com\\\/avatar\\\/d4fe7459cfc51ff5129ce1a732bbef5928568b8092d412ef95611616376bbeed?s=96&d=mm&r=g\",\"caption\":\"f1000024\"},\"url\":\"https:\\\/\\\/cvinoticias.com\\\/v3\\\/author\\\/f1000024\\\/\"}]}<\/script>\n<!-- \/ Yoast SEO plugin. -->","yoast_head_json":{"title":"Trabajo conjunto de Naci\u00f3n y Misiones en plan nacional de calidad y seguridad de pacientes | CVI NOTICIAS","robots":{"index":"index","follow":"follow","max-snippet":"max-snippet:-1","max-image-preview":"max-image-preview:large","max-video-preview":"max-video-preview:-1"},"canonical":"https:\/\/cvinoticias.com\/v3\/trabajo-conjunto-de-nacion-y-misiones-en-plan-nacional-de-calidad-y-seguridad-de-pacientes\/","og_locale":"es_ES","og_type":"article","og_title":"Trabajo conjunto de Naci\u00f3n y Misiones en plan nacional de calidad y seguridad de pacientes | CVI NOTICIAS","og_description":"El Vicegobernador Dr. Carlos Arce presidi\u00f3 la apertura de las jornadas de trabajo para la implementaci\u00f3n del Plan Nacional de Calidad y Seguridad de Pacientes acompa\u00f1ando al Ministro de Salud Provincial Dr. Oscar Alarc\u00f3n y con participaci\u00f3n de la Subsecretaria de Calidad, Regulaci\u00f3n y Fiscalizaci\u00f3n de Naci\u00f3n, Dra. Judit D\u00edaz Baz\u00e1n, el Pte.del Colegio de [&hellip;]","og_url":"https:\/\/cvinoticias.com\/v3\/trabajo-conjunto-de-nacion-y-misiones-en-plan-nacional-de-calidad-y-seguridad-de-pacientes\/","og_site_name":"CVI NOTICIAS","article_publisher":"https:\/\/www.facebook.com\/cvinoticias","article_published_time":"2021-02-09T11:49:00+00:00","og_image":[{"width":1280,"height":590,"url":"https:\/\/cvinoticias.com\/wp-content\/uploads\/2021\/02\/WhatsApp-Image-2021-02-09-at-08.24.19-1.jpeg","type":"image\/jpeg"}],"author":"f1000024","twitter_card":"summary_large_image","twitter_misc":{"Escrito por":"f1000024","Tiempo de lectura":"5 minutos"},"schema":{"@context":"https:\/\/schema.org","@graph":[{"@type":"Article","@id":"https:\/\/cvinoticias.com\/v3\/trabajo-conjunto-de-nacion-y-misiones-en-plan-nacional-de-calidad-y-seguridad-de-pacientes\/#article","isPartOf":{"@id":"https:\/\/cvinoticias.com\/v3\/trabajo-conjunto-de-nacion-y-misiones-en-plan-nacional-de-calidad-y-seguridad-de-pacientes\/"},"author":{"name":"f1000024","@id":"https:\/\/cvinoticias.com\/v3\/#\/schema\/person\/2db77e3c6bc03c538495d7b2b8be9b66"},"headline":"Trabajo conjunto de Naci\u00f3n y Misiones en plan nacional de calidad y seguridad de pacientes","datePublished":"2021-02-09T11:49:00+00:00","mainEntityOfPage":{"@id":"https:\/\/cvinoticias.com\/v3\/trabajo-conjunto-de-nacion-y-misiones-en-plan-nacional-de-calidad-y-seguridad-de-pacientes\/"},"wordCount":982,"commentCount":0,"publisher":{"@id":"https:\/\/cvinoticias.com\/v3\/#organization"},"image":{"@id":"https:\/\/cvinoticias.com\/v3\/trabajo-conjunto-de-nacion-y-misiones-en-plan-nacional-de-calidad-y-seguridad-de-pacientes\/#primaryimage"},"thumbnailUrl":"https:\/\/cvinoticias.com\/wp-content\/uploads\/2021\/02\/WhatsApp-Image-2021-02-09-at-08.24.19-1.jpeg","articleSection":["Salud"],"inLanguage":"es","potentialAction":[{"@type":"CommentAction","name":"Comment","target":["https:\/\/cvinoticias.com\/v3\/trabajo-conjunto-de-nacion-y-misiones-en-plan-nacional-de-calidad-y-seguridad-de-pacientes\/#respond"]}]},{"@type":"WebPage","@id":"https:\/\/cvinoticias.com\/v3\/trabajo-conjunto-de-nacion-y-misiones-en-plan-nacional-de-calidad-y-seguridad-de-pacientes\/","url":"https:\/\/cvinoticias.com\/v3\/trabajo-conjunto-de-nacion-y-misiones-en-plan-nacional-de-calidad-y-seguridad-de-pacientes\/","name":"Trabajo conjunto de Naci\u00f3n y Misiones en plan nacional de calidad y seguridad de pacientes | CVI NOTICIAS","isPartOf":{"@id":"https:\/\/cvinoticias.com\/v3\/#website"},"primaryImageOfPage":{"@id":"https:\/\/cvinoticias.com\/v3\/trabajo-conjunto-de-nacion-y-misiones-en-plan-nacional-de-calidad-y-seguridad-de-pacientes\/#primaryimage"},"image":{"@id":"https:\/\/cvinoticias.com\/v3\/trabajo-conjunto-de-nacion-y-misiones-en-plan-nacional-de-calidad-y-seguridad-de-pacientes\/#primaryimage"},"thumbnailUrl":"https:\/\/cvinoticias.com\/wp-content\/uploads\/2021\/02\/WhatsApp-Image-2021-02-09-at-08.24.19-1.jpeg","datePublished":"2021-02-09T11:49:00+00:00","breadcrumb":{"@id":"https:\/\/cvinoticias.com\/v3\/trabajo-conjunto-de-nacion-y-misiones-en-plan-nacional-de-calidad-y-seguridad-de-pacientes\/#breadcrumb"},"inLanguage":"es","potentialAction":[{"@type":"ReadAction","target":["https:\/\/cvinoticias.com\/v3\/trabajo-conjunto-de-nacion-y-misiones-en-plan-nacional-de-calidad-y-seguridad-de-pacientes\/"]}]},{"@type":"ImageObject","inLanguage":"es","@id":"https:\/\/cvinoticias.com\/v3\/trabajo-conjunto-de-nacion-y-misiones-en-plan-nacional-de-calidad-y-seguridad-de-pacientes\/#primaryimage","url":"https:\/\/cvinoticias.com\/wp-content\/uploads\/2021\/02\/WhatsApp-Image-2021-02-09-at-08.24.19-1.jpeg","contentUrl":"https:\/\/cvinoticias.com\/wp-content\/uploads\/2021\/02\/WhatsApp-Image-2021-02-09-at-08.24.19-1.jpeg","width":1280,"height":590},{"@type":"BreadcrumbList","@id":"https:\/\/cvinoticias.com\/v3\/trabajo-conjunto-de-nacion-y-misiones-en-plan-nacional-de-calidad-y-seguridad-de-pacientes\/#breadcrumb","itemListElement":[{"@type":"ListItem","position":1,"name":"Portada","item":"https:\/\/cvinoticias.com\/v3\/"},{"@type":"ListItem","position":2,"name":"Trabajo conjunto de Naci\u00f3n y Misiones en plan nacional de calidad y seguridad de pacientes"}]},{"@type":"WebSite","@id":"https:\/\/cvinoticias.com\/v3\/#website","url":"https:\/\/cvinoticias.com\/v3\/","name":"CVI NOTICIAS","description":"","publisher":{"@id":"https:\/\/cvinoticias.com\/v3\/#organization"},"alternateName":"CVI","potentialAction":[{"@type":"SearchAction","target":{"@type":"EntryPoint","urlTemplate":"https:\/\/cvinoticias.com\/v3\/?s={search_term_string}"},"query-input":{"@type":"PropertyValueSpecification","valueRequired":true,"valueName":"search_term_string"}}],"inLanguage":"es"},{"@type":"Organization","@id":"https:\/\/cvinoticias.com\/v3\/#organization","name":"CVI NOTICIAS","url":"https:\/\/cvinoticias.com\/v3\/","logo":{"@type":"ImageObject","inLanguage":"es","@id":"https:\/\/cvinoticias.com\/v3\/#\/schema\/logo\/image\/","url":"https:\/\/cvinoticias.com\/wp-content\/uploads\/2023\/04\/cropped-cropped-cropped-cropped-cropped-3-1.png","contentUrl":"https:\/\/cvinoticias.com\/wp-content\/uploads\/2023\/04\/cropped-cropped-cropped-cropped-cropped-3-1.png","width":95,"height":122,"caption":"CVI NOTICIAS"},"image":{"@id":"https:\/\/cvinoticias.com\/v3\/#\/schema\/logo\/image\/"},"sameAs":["https:\/\/www.facebook.com\/cvinoticias","https:\/\/www.instagram.com\/cvinoticias\/","https:\/\/www.youtube.com\/@CVINOTICIAS"]},{"@type":"Person","@id":"https:\/\/cvinoticias.com\/v3\/#\/schema\/person\/2db77e3c6bc03c538495d7b2b8be9b66","name":"f1000024","image":{"@type":"ImageObject","inLanguage":"es","@id":"https:\/\/secure.gravatar.com\/avatar\/d4fe7459cfc51ff5129ce1a732bbef5928568b8092d412ef95611616376bbeed?s=96&d=mm&r=g","url":"https:\/\/secure.gravatar.com\/avatar\/d4fe7459cfc51ff5129ce1a732bbef5928568b8092d412ef95611616376bbeed?s=96&d=mm&r=g","contentUrl":"https:\/\/secure.gravatar.com\/avatar\/d4fe7459cfc51ff5129ce1a732bbef5928568b8092d412ef95611616376bbeed?s=96&d=mm&r=g","caption":"f1000024"},"url":"https:\/\/cvinoticias.com\/v3\/author\/f1000024\/"}]}},"_links":{"self":[{"href":"https:\/\/cvinoticias.com\/v3\/wp-json\/wp\/v2\/posts\/2546","targetHints":{"allow":["GET"]}}],"collection":[{"href":"https:\/\/cvinoticias.com\/v3\/wp-json\/wp\/v2\/posts"}],"about":[{"href":"https:\/\/cvinoticias.com\/v3\/wp-json\/wp\/v2\/types\/post"}],"author":[{"embeddable":true,"href":"https:\/\/cvinoticias.com\/v3\/wp-json\/wp\/v2\/users\/2"}],"replies":[{"embeddable":true,"href":"https:\/\/cvinoticias.com\/v3\/wp-json\/wp\/v2\/comments?post=2546"}],"version-history":[{"count":1,"href":"https:\/\/cvinoticias.com\/v3\/wp-json\/wp\/v2\/posts\/2546\/revisions"}],"predecessor-version":[{"id":2548,"href":"https:\/\/cvinoticias.com\/v3\/wp-json\/wp\/v2\/posts\/2546\/revisions\/2548"}],"wp:featuredmedia":[{"embeddable":true,"href":"https:\/\/cvinoticias.com\/v3\/wp-json\/wp\/v2\/media\/2547"}],"wp:attachment":[{"href":"https:\/\/cvinoticias.com\/v3\/wp-json\/wp\/v2\/media?parent=2546"}],"wp:term":[{"taxonomy":"category","embeddable":true,"href":"https:\/\/cvinoticias.com\/v3\/wp-json\/wp\/v2\/categories?post=2546"},{"taxonomy":"post_tag","embeddable":true,"href":"https:\/\/cvinoticias.com\/v3\/wp-json\/wp\/v2\/tags?post=2546"}],"curies":[{"name":"wp","href":"https:\/\/api.w.org\/{rel}","templated":true}]}}