{"id":25409,"date":"2023-06-11T12:13:15","date_gmt":"2023-06-11T12:13:15","guid":{"rendered":"https:\/\/cvinoticias.com\/v3\/?p=25409"},"modified":"2023-06-11T12:13:15","modified_gmt":"2023-06-11T12:13:15","slug":"un-arsenal-de-armas-secuestradas-y-cinco-detenidos-en-operativos-rurales","status":"publish","type":"post","link":"https:\/\/cvinoticias.com\/v3\/un-arsenal-de-armas-secuestradas-y-cinco-detenidos-en-operativos-rurales\/","title":{"rendered":"Un arsenal de armas secuestradas y cinco detenidos en operativos rurales"},"content":{"rendered":"\n<p><strong><em>Anoche, en el Paraje Isla, a 47 Kil\u00f3metro del casco urbano, en una zona de monte por la Ruta Provincial 15, los agentes detuvieron a cuatro hombres de entre 20 a 22 a\u00f1os y demoraron a un menor de 15. Adem\u00e1s, le secuestraron cinco escopetas de diversos calibres, utilizados para la caza furtiva.<\/em><\/strong><\/p>\n\n\n\n<p>La intervenci\u00f3n se concret\u00f3 cerca de las 21 horas de ayer, cuando los efectivos de la Divisi\u00f3n Delitos Rurales Guaraypo llevaban a cabo operativos preventivos por para evitar cualquier tipo de delitos.<\/p>\n\n\n\n<figure class=\"wp-block-image size-large\"><a href=\"https:\/\/cvinoticias.com\/wp-content\/uploads\/2023\/06\/IMG-20230611-WA0005.jpg\"><img decoding=\"async\" width=\"1024\" height=\"578\" data-src=\"https:\/\/cvinoticias.com\/wp-content\/uploads\/2023\/06\/IMG-20230611-WA0005-1024x578.jpg\" alt=\"\" class=\"wp-image-25410 lazyload\" data-srcset=\"https:\/\/cvinoticias.com\/wp-content\/uploads\/2023\/06\/IMG-20230611-WA0005-1024x578.jpg 1024w, https:\/\/cvinoticias.com\/wp-content\/uploads\/2023\/06\/IMG-20230611-WA0005-300x169.jpg 300w, https:\/\/cvinoticias.com\/wp-content\/uploads\/2023\/06\/IMG-20230611-WA0005-768x433.jpg 768w, https:\/\/cvinoticias.com\/wp-content\/uploads\/2023\/06\/IMG-20230611-WA0005.jpg 1226w\" data-sizes=\"(max-width: 1024px) 100vw, 1024px\" src=\"data:image\/svg+xml;base64,PHN2ZyB3aWR0aD0iMSIgaGVpZ2h0PSIxIiB4bWxucz0iaHR0cDovL3d3dy53My5vcmcvMjAwMC9zdmciPjwvc3ZnPg==\" style=\"--smush-placeholder-width: 1024px; --smush-placeholder-aspect-ratio: 1024\/578;\" \/><\/a><\/figure>\n\n\n\n<p>En ese contexto, los polic\u00edas fueron alertados por un vecino que en el Paraje antes mencionado aparentemente hab\u00eda hombres cazando, por ellos se adentraron en la zona de monte por trillos, logrando as\u00ed ubicar un campamento.<\/p>\n\n\n\n<p>Seguidamente, montaron vigilancia en dicho lugar, cuando en un momento dado interceptaron a los cazadores al regresar a su campamento. Estos intentaron huir al notar la presencia policial, pero fueron reducidos y detenido.<\/p>\n\n\n\n<p>Adem\u00e1s, le secuestraron cinco escopetas, tres de calibre 16, uno de 20 y otro de 28 de fabricaci\u00f3n casera. Tambi\u00e9n incautaron, machetes y linternas que estos ten\u00edan en su poder.<\/p>\n\n\n\n<p>Finalmente, los cuatro detenidos mayores de edad fueron trasladados a la dependencia policial a disposici\u00f3n de la Justicia, en tanto el menor, luego de los tr\u00e1mites correspondientes, fue entregado a sus tutores para guarda y cuidado.<\/p>\n","protected":false},"excerpt":{"rendered":"<p>Anoche, en el Paraje Isla, a 47 Kil\u00f3metro del casco urbano, en una zona de monte por la Ruta Provincial 15, los agentes detuvieron a cuatro hombres de entre 20 a 22 a\u00f1os y demoraron a un menor de 15. Adem\u00e1s, le secuestraron cinco escopetas de diversos calibres, utilizados para la caza furtiva. La intervenci\u00f3n [&hellip;]<\/p>\n","protected":false},"author":2,"featured_media":25411,"comment_status":"open","ping_status":"open","sticky":false,"template":"","format":"standard","meta":{"footnotes":""},"categories":[41],"tags":[],"class_list":["post-25409","post","type-post","status-publish","format-standard","has-post-thumbnail","hentry","category-policiales"],"yoast_head":"<!-- This site is optimized with the Yoast SEO plugin v27.5 - https:\/\/yoast.com\/product\/yoast-seo-wordpress\/ -->\n<title>Un arsenal de armas secuestradas y cinco detenidos en operativos rurales | CVI NOTICIAS<\/title>\n<meta name=\"robots\" content=\"index, follow, max-snippet:-1, max-image-preview:large, max-video-preview:-1\" \/>\n<link rel=\"canonical\" href=\"https:\/\/cvinoticias.com\/v3\/un-arsenal-de-armas-secuestradas-y-cinco-detenidos-en-operativos-rurales\/\" \/>\n<meta property=\"og:locale\" content=\"es_ES\" \/>\n<meta property=\"og:type\" content=\"article\" \/>\n<meta property=\"og:title\" content=\"Un arsenal de armas secuestradas y cinco detenidos en operativos rurales | CVI NOTICIAS\" \/>\n<meta property=\"og:description\" content=\"Anoche, en el Paraje Isla, a 47 Kil\u00f3metro del casco urbano, en una zona de monte por la Ruta Provincial 15, los agentes detuvieron a cuatro hombres de entre 20 a 22 a\u00f1os y demoraron a un menor de 15. Adem\u00e1s, le secuestraron cinco escopetas de diversos calibres, utilizados para la caza furtiva. La intervenci\u00f3n [&hellip;]\" \/>\n<meta property=\"og:url\" content=\"https:\/\/cvinoticias.com\/v3\/un-arsenal-de-armas-secuestradas-y-cinco-detenidos-en-operativos-rurales\/\" \/>\n<meta property=\"og:site_name\" content=\"CVI NOTICIAS\" \/>\n<meta property=\"article:publisher\" content=\"https:\/\/www.facebook.com\/cvinoticias\" \/>\n<meta property=\"article:published_time\" content=\"2023-06-11T12:13:15+00:00\" \/>\n<meta property=\"og:image\" content=\"https:\/\/cvinoticias.com\/wp-content\/uploads\/2023\/06\/IMG-20230611-WA0004.jpg\" \/>\n\t<meta property=\"og:image:width\" content=\"917\" \/>\n\t<meta property=\"og:image:height\" content=\"1176\" \/>\n\t<meta property=\"og:image:type\" content=\"image\/jpeg\" \/>\n<meta name=\"author\" content=\"f1000024\" \/>\n<meta name=\"twitter:card\" content=\"summary_large_image\" \/>\n<meta name=\"twitter:label1\" content=\"Escrito por\" \/>\n\t<meta name=\"twitter:data1\" content=\"f1000024\" \/>\n\t<meta name=\"twitter:label2\" content=\"Tiempo de lectura\" \/>\n\t<meta name=\"twitter:data2\" content=\"1 minuto\" \/>\n<script type=\"application\/ld+json\" class=\"yoast-schema-graph\">{\"@context\":\"https:\\\/\\\/schema.org\",\"@graph\":[{\"@type\":\"Article\",\"@id\":\"https:\\\/\\\/cvinoticias.com\\\/v3\\\/un-arsenal-de-armas-secuestradas-y-cinco-detenidos-en-operativos-rurales\\\/#article\",\"isPartOf\":{\"@id\":\"https:\\\/\\\/cvinoticias.com\\\/v3\\\/un-arsenal-de-armas-secuestradas-y-cinco-detenidos-en-operativos-rurales\\\/\"},\"author\":{\"name\":\"f1000024\",\"@id\":\"https:\\\/\\\/cvinoticias.com\\\/v3\\\/#\\\/schema\\\/person\\\/2db77e3c6bc03c538495d7b2b8be9b66\"},\"headline\":\"Un arsenal de armas secuestradas y cinco detenidos en operativos rurales\",\"datePublished\":\"2023-06-11T12:13:15+00:00\",\"mainEntityOfPage\":{\"@id\":\"https:\\\/\\\/cvinoticias.com\\\/v3\\\/un-arsenal-de-armas-secuestradas-y-cinco-detenidos-en-operativos-rurales\\\/\"},\"wordCount\":235,\"commentCount\":0,\"publisher\":{\"@id\":\"https:\\\/\\\/cvinoticias.com\\\/v3\\\/#organization\"},\"image\":{\"@id\":\"https:\\\/\\\/cvinoticias.com\\\/v3\\\/un-arsenal-de-armas-secuestradas-y-cinco-detenidos-en-operativos-rurales\\\/#primaryimage\"},\"thumbnailUrl\":\"https:\\\/\\\/cvinoticias.com\\\/wp-content\\\/uploads\\\/2023\\\/06\\\/IMG-20230611-WA0004.jpg\",\"articleSection\":[\"Policiales\"],\"inLanguage\":\"es\",\"potentialAction\":[{\"@type\":\"CommentAction\",\"name\":\"Comment\",\"target\":[\"https:\\\/\\\/cvinoticias.com\\\/v3\\\/un-arsenal-de-armas-secuestradas-y-cinco-detenidos-en-operativos-rurales\\\/#respond\"]}]},{\"@type\":\"WebPage\",\"@id\":\"https:\\\/\\\/cvinoticias.com\\\/v3\\\/un-arsenal-de-armas-secuestradas-y-cinco-detenidos-en-operativos-rurales\\\/\",\"url\":\"https:\\\/\\\/cvinoticias.com\\\/v3\\\/un-arsenal-de-armas-secuestradas-y-cinco-detenidos-en-operativos-rurales\\\/\",\"name\":\"Un arsenal de armas secuestradas y cinco detenidos en operativos rurales | CVI NOTICIAS\",\"isPartOf\":{\"@id\":\"https:\\\/\\\/cvinoticias.com\\\/v3\\\/#website\"},\"primaryImageOfPage\":{\"@id\":\"https:\\\/\\\/cvinoticias.com\\\/v3\\\/un-arsenal-de-armas-secuestradas-y-cinco-detenidos-en-operativos-rurales\\\/#primaryimage\"},\"image\":{\"@id\":\"https:\\\/\\\/cvinoticias.com\\\/v3\\\/un-arsenal-de-armas-secuestradas-y-cinco-detenidos-en-operativos-rurales\\\/#primaryimage\"},\"thumbnailUrl\":\"https:\\\/\\\/cvinoticias.com\\\/wp-content\\\/uploads\\\/2023\\\/06\\\/IMG-20230611-WA0004.jpg\",\"datePublished\":\"2023-06-11T12:13:15+00:00\",\"breadcrumb\":{\"@id\":\"https:\\\/\\\/cvinoticias.com\\\/v3\\\/un-arsenal-de-armas-secuestradas-y-cinco-detenidos-en-operativos-rurales\\\/#breadcrumb\"},\"inLanguage\":\"es\",\"potentialAction\":[{\"@type\":\"ReadAction\",\"target\":[\"https:\\\/\\\/cvinoticias.com\\\/v3\\\/un-arsenal-de-armas-secuestradas-y-cinco-detenidos-en-operativos-rurales\\\/\"]}]},{\"@type\":\"ImageObject\",\"inLanguage\":\"es\",\"@id\":\"https:\\\/\\\/cvinoticias.com\\\/v3\\\/un-arsenal-de-armas-secuestradas-y-cinco-detenidos-en-operativos-rurales\\\/#primaryimage\",\"url\":\"https:\\\/\\\/cvinoticias.com\\\/wp-content\\\/uploads\\\/2023\\\/06\\\/IMG-20230611-WA0004.jpg\",\"contentUrl\":\"https:\\\/\\\/cvinoticias.com\\\/wp-content\\\/uploads\\\/2023\\\/06\\\/IMG-20230611-WA0004.jpg\",\"width\":917,\"height\":1176},{\"@type\":\"BreadcrumbList\",\"@id\":\"https:\\\/\\\/cvinoticias.com\\\/v3\\\/un-arsenal-de-armas-secuestradas-y-cinco-detenidos-en-operativos-rurales\\\/#breadcrumb\",\"itemListElement\":[{\"@type\":\"ListItem\",\"position\":1,\"name\":\"Portada\",\"item\":\"https:\\\/\\\/cvinoticias.com\\\/v3\\\/\"},{\"@type\":\"ListItem\",\"position\":2,\"name\":\"Un arsenal de armas secuestradas y cinco detenidos en operativos rurales\"}]},{\"@type\":\"WebSite\",\"@id\":\"https:\\\/\\\/cvinoticias.com\\\/v3\\\/#website\",\"url\":\"https:\\\/\\\/cvinoticias.com\\\/v3\\\/\",\"name\":\"CVI NOTICIAS\",\"description\":\"\",\"publisher\":{\"@id\":\"https:\\\/\\\/cvinoticias.com\\\/v3\\\/#organization\"},\"alternateName\":\"CVI\",\"potentialAction\":[{\"@type\":\"SearchAction\",\"target\":{\"@type\":\"EntryPoint\",\"urlTemplate\":\"https:\\\/\\\/cvinoticias.com\\\/v3\\\/?s={search_term_string}\"},\"query-input\":{\"@type\":\"PropertyValueSpecification\",\"valueRequired\":true,\"valueName\":\"search_term_string\"}}],\"inLanguage\":\"es\"},{\"@type\":\"Organization\",\"@id\":\"https:\\\/\\\/cvinoticias.com\\\/v3\\\/#organization\",\"name\":\"CVI NOTICIAS\",\"url\":\"https:\\\/\\\/cvinoticias.com\\\/v3\\\/\",\"logo\":{\"@type\":\"ImageObject\",\"inLanguage\":\"es\",\"@id\":\"https:\\\/\\\/cvinoticias.com\\\/v3\\\/#\\\/schema\\\/logo\\\/image\\\/\",\"url\":\"https:\\\/\\\/cvinoticias.com\\\/wp-content\\\/uploads\\\/2023\\\/04\\\/cropped-cropped-cropped-cropped-cropped-3-1.png\",\"contentUrl\":\"https:\\\/\\\/cvinoticias.com\\\/wp-content\\\/uploads\\\/2023\\\/04\\\/cropped-cropped-cropped-cropped-cropped-3-1.png\",\"width\":95,\"height\":122,\"caption\":\"CVI NOTICIAS\"},\"image\":{\"@id\":\"https:\\\/\\\/cvinoticias.com\\\/v3\\\/#\\\/schema\\\/logo\\\/image\\\/\"},\"sameAs\":[\"https:\\\/\\\/www.facebook.com\\\/cvinoticias\",\"https:\\\/\\\/www.instagram.com\\\/cvinoticias\\\/\",\"https:\\\/\\\/www.youtube.com\\\/@CVINOTICIAS\"]},{\"@type\":\"Person\",\"@id\":\"https:\\\/\\\/cvinoticias.com\\\/v3\\\/#\\\/schema\\\/person\\\/2db77e3c6bc03c538495d7b2b8be9b66\",\"name\":\"f1000024\",\"image\":{\"@type\":\"ImageObject\",\"inLanguage\":\"es\",\"@id\":\"https:\\\/\\\/secure.gravatar.com\\\/avatar\\\/d4fe7459cfc51ff5129ce1a732bbef5928568b8092d412ef95611616376bbeed?s=96&d=mm&r=g\",\"url\":\"https:\\\/\\\/secure.gravatar.com\\\/avatar\\\/d4fe7459cfc51ff5129ce1a732bbef5928568b8092d412ef95611616376bbeed?s=96&d=mm&r=g\",\"contentUrl\":\"https:\\\/\\\/secure.gravatar.com\\\/avatar\\\/d4fe7459cfc51ff5129ce1a732bbef5928568b8092d412ef95611616376bbeed?s=96&d=mm&r=g\",\"caption\":\"f1000024\"},\"url\":\"https:\\\/\\\/cvinoticias.com\\\/v3\\\/author\\\/f1000024\\\/\"}]}<\/script>\n<!-- \/ Yoast SEO plugin. -->","yoast_head_json":{"title":"Un arsenal de armas secuestradas y cinco detenidos en operativos rurales | CVI NOTICIAS","robots":{"index":"index","follow":"follow","max-snippet":"max-snippet:-1","max-image-preview":"max-image-preview:large","max-video-preview":"max-video-preview:-1"},"canonical":"https:\/\/cvinoticias.com\/v3\/un-arsenal-de-armas-secuestradas-y-cinco-detenidos-en-operativos-rurales\/","og_locale":"es_ES","og_type":"article","og_title":"Un arsenal de armas secuestradas y cinco detenidos en operativos rurales | CVI NOTICIAS","og_description":"Anoche, en el Paraje Isla, a 47 Kil\u00f3metro del casco urbano, en una zona de monte por la Ruta Provincial 15, los agentes detuvieron a cuatro hombres de entre 20 a 22 a\u00f1os y demoraron a un menor de 15. Adem\u00e1s, le secuestraron cinco escopetas de diversos calibres, utilizados para la caza furtiva. La intervenci\u00f3n [&hellip;]","og_url":"https:\/\/cvinoticias.com\/v3\/un-arsenal-de-armas-secuestradas-y-cinco-detenidos-en-operativos-rurales\/","og_site_name":"CVI NOTICIAS","article_publisher":"https:\/\/www.facebook.com\/cvinoticias","article_published_time":"2023-06-11T12:13:15+00:00","og_image":[{"width":917,"height":1176,"url":"https:\/\/cvinoticias.com\/wp-content\/uploads\/2023\/06\/IMG-20230611-WA0004.jpg","type":"image\/jpeg"}],"author":"f1000024","twitter_card":"summary_large_image","twitter_misc":{"Escrito por":"f1000024","Tiempo de lectura":"1 minuto"},"schema":{"@context":"https:\/\/schema.org","@graph":[{"@type":"Article","@id":"https:\/\/cvinoticias.com\/v3\/un-arsenal-de-armas-secuestradas-y-cinco-detenidos-en-operativos-rurales\/#article","isPartOf":{"@id":"https:\/\/cvinoticias.com\/v3\/un-arsenal-de-armas-secuestradas-y-cinco-detenidos-en-operativos-rurales\/"},"author":{"name":"f1000024","@id":"https:\/\/cvinoticias.com\/v3\/#\/schema\/person\/2db77e3c6bc03c538495d7b2b8be9b66"},"headline":"Un arsenal de armas secuestradas y cinco detenidos en operativos rurales","datePublished":"2023-06-11T12:13:15+00:00","mainEntityOfPage":{"@id":"https:\/\/cvinoticias.com\/v3\/un-arsenal-de-armas-secuestradas-y-cinco-detenidos-en-operativos-rurales\/"},"wordCount":235,"commentCount":0,"publisher":{"@id":"https:\/\/cvinoticias.com\/v3\/#organization"},"image":{"@id":"https:\/\/cvinoticias.com\/v3\/un-arsenal-de-armas-secuestradas-y-cinco-detenidos-en-operativos-rurales\/#primaryimage"},"thumbnailUrl":"https:\/\/cvinoticias.com\/wp-content\/uploads\/2023\/06\/IMG-20230611-WA0004.jpg","articleSection":["Policiales"],"inLanguage":"es","potentialAction":[{"@type":"CommentAction","name":"Comment","target":["https:\/\/cvinoticias.com\/v3\/un-arsenal-de-armas-secuestradas-y-cinco-detenidos-en-operativos-rurales\/#respond"]}]},{"@type":"WebPage","@id":"https:\/\/cvinoticias.com\/v3\/un-arsenal-de-armas-secuestradas-y-cinco-detenidos-en-operativos-rurales\/","url":"https:\/\/cvinoticias.com\/v3\/un-arsenal-de-armas-secuestradas-y-cinco-detenidos-en-operativos-rurales\/","name":"Un arsenal de armas secuestradas y cinco detenidos en operativos rurales | CVI NOTICIAS","isPartOf":{"@id":"https:\/\/cvinoticias.com\/v3\/#website"},"primaryImageOfPage":{"@id":"https:\/\/cvinoticias.com\/v3\/un-arsenal-de-armas-secuestradas-y-cinco-detenidos-en-operativos-rurales\/#primaryimage"},"image":{"@id":"https:\/\/cvinoticias.com\/v3\/un-arsenal-de-armas-secuestradas-y-cinco-detenidos-en-operativos-rurales\/#primaryimage"},"thumbnailUrl":"https:\/\/cvinoticias.com\/wp-content\/uploads\/2023\/06\/IMG-20230611-WA0004.jpg","datePublished":"2023-06-11T12:13:15+00:00","breadcrumb":{"@id":"https:\/\/cvinoticias.com\/v3\/un-arsenal-de-armas-secuestradas-y-cinco-detenidos-en-operativos-rurales\/#breadcrumb"},"inLanguage":"es","potentialAction":[{"@type":"ReadAction","target":["https:\/\/cvinoticias.com\/v3\/un-arsenal-de-armas-secuestradas-y-cinco-detenidos-en-operativos-rurales\/"]}]},{"@type":"ImageObject","inLanguage":"es","@id":"https:\/\/cvinoticias.com\/v3\/un-arsenal-de-armas-secuestradas-y-cinco-detenidos-en-operativos-rurales\/#primaryimage","url":"https:\/\/cvinoticias.com\/wp-content\/uploads\/2023\/06\/IMG-20230611-WA0004.jpg","contentUrl":"https:\/\/cvinoticias.com\/wp-content\/uploads\/2023\/06\/IMG-20230611-WA0004.jpg","width":917,"height":1176},{"@type":"BreadcrumbList","@id":"https:\/\/cvinoticias.com\/v3\/un-arsenal-de-armas-secuestradas-y-cinco-detenidos-en-operativos-rurales\/#breadcrumb","itemListElement":[{"@type":"ListItem","position":1,"name":"Portada","item":"https:\/\/cvinoticias.com\/v3\/"},{"@type":"ListItem","position":2,"name":"Un arsenal de armas secuestradas y cinco detenidos en operativos rurales"}]},{"@type":"WebSite","@id":"https:\/\/cvinoticias.com\/v3\/#website","url":"https:\/\/cvinoticias.com\/v3\/","name":"CVI NOTICIAS","description":"","publisher":{"@id":"https:\/\/cvinoticias.com\/v3\/#organization"},"alternateName":"CVI","potentialAction":[{"@type":"SearchAction","target":{"@type":"EntryPoint","urlTemplate":"https:\/\/cvinoticias.com\/v3\/?s={search_term_string}"},"query-input":{"@type":"PropertyValueSpecification","valueRequired":true,"valueName":"search_term_string"}}],"inLanguage":"es"},{"@type":"Organization","@id":"https:\/\/cvinoticias.com\/v3\/#organization","name":"CVI NOTICIAS","url":"https:\/\/cvinoticias.com\/v3\/","logo":{"@type":"ImageObject","inLanguage":"es","@id":"https:\/\/cvinoticias.com\/v3\/#\/schema\/logo\/image\/","url":"https:\/\/cvinoticias.com\/wp-content\/uploads\/2023\/04\/cropped-cropped-cropped-cropped-cropped-3-1.png","contentUrl":"https:\/\/cvinoticias.com\/wp-content\/uploads\/2023\/04\/cropped-cropped-cropped-cropped-cropped-3-1.png","width":95,"height":122,"caption":"CVI NOTICIAS"},"image":{"@id":"https:\/\/cvinoticias.com\/v3\/#\/schema\/logo\/image\/"},"sameAs":["https:\/\/www.facebook.com\/cvinoticias","https:\/\/www.instagram.com\/cvinoticias\/","https:\/\/www.youtube.com\/@CVINOTICIAS"]},{"@type":"Person","@id":"https:\/\/cvinoticias.com\/v3\/#\/schema\/person\/2db77e3c6bc03c538495d7b2b8be9b66","name":"f1000024","image":{"@type":"ImageObject","inLanguage":"es","@id":"https:\/\/secure.gravatar.com\/avatar\/d4fe7459cfc51ff5129ce1a732bbef5928568b8092d412ef95611616376bbeed?s=96&d=mm&r=g","url":"https:\/\/secure.gravatar.com\/avatar\/d4fe7459cfc51ff5129ce1a732bbef5928568b8092d412ef95611616376bbeed?s=96&d=mm&r=g","contentUrl":"https:\/\/secure.gravatar.com\/avatar\/d4fe7459cfc51ff5129ce1a732bbef5928568b8092d412ef95611616376bbeed?s=96&d=mm&r=g","caption":"f1000024"},"url":"https:\/\/cvinoticias.com\/v3\/author\/f1000024\/"}]}},"_links":{"self":[{"href":"https:\/\/cvinoticias.com\/v3\/wp-json\/wp\/v2\/posts\/25409","targetHints":{"allow":["GET"]}}],"collection":[{"href":"https:\/\/cvinoticias.com\/v3\/wp-json\/wp\/v2\/posts"}],"about":[{"href":"https:\/\/cvinoticias.com\/v3\/wp-json\/wp\/v2\/types\/post"}],"author":[{"embeddable":true,"href":"https:\/\/cvinoticias.com\/v3\/wp-json\/wp\/v2\/users\/2"}],"replies":[{"embeddable":true,"href":"https:\/\/cvinoticias.com\/v3\/wp-json\/wp\/v2\/comments?post=25409"}],"version-history":[{"count":1,"href":"https:\/\/cvinoticias.com\/v3\/wp-json\/wp\/v2\/posts\/25409\/revisions"}],"predecessor-version":[{"id":25412,"href":"https:\/\/cvinoticias.com\/v3\/wp-json\/wp\/v2\/posts\/25409\/revisions\/25412"}],"wp:featuredmedia":[{"embeddable":true,"href":"https:\/\/cvinoticias.com\/v3\/wp-json\/wp\/v2\/media\/25411"}],"wp:attachment":[{"href":"https:\/\/cvinoticias.com\/v3\/wp-json\/wp\/v2\/media?parent=25409"}],"wp:term":[{"taxonomy":"category","embeddable":true,"href":"https:\/\/cvinoticias.com\/v3\/wp-json\/wp\/v2\/categories?post=25409"},{"taxonomy":"post_tag","embeddable":true,"href":"https:\/\/cvinoticias.com\/v3\/wp-json\/wp\/v2\/tags?post=25409"}],"curies":[{"name":"wp","href":"https:\/\/api.w.org\/{rel}","templated":true}]}}