{"id":25381,"date":"2023-06-10T03:08:10","date_gmt":"2023-06-10T03:08:10","guid":{"rendered":"https:\/\/cvinoticias.com\/v3\/?p=25381"},"modified":"2023-06-10T03:08:10","modified_gmt":"2023-06-10T03:08:10","slug":"este-sabado-10-de-junio-la-iglesia-catolica-celebra-la-solemnidad-del-corpus-christi-y-la-diocesis-de-iguazu-lanza-su-ano-eucaristico","status":"publish","type":"post","link":"https:\/\/cvinoticias.com\/v3\/este-sabado-10-de-junio-la-iglesia-catolica-celebra-la-solemnidad-del-corpus-christi-y-la-diocesis-de-iguazu-lanza-su-ano-eucaristico\/","title":{"rendered":"Este s\u00e1bado 10 de junio la Iglesia Cat\u00f3lica celebra la Solemnidad del Corpus Christi y la Di\u00f3cesis de Iguaz\u00fa lanza su a\u00f1o Eucar\u00edstico"},"content":{"rendered":"\n<p><strong><em>\u00abLa Solemnidad de Corpus Christi significa Cuerpo y Sangre de Cristo\u00bb, expres\u00f3 en di\u00e1logo con Cable Noticias el P\u00e1rroco de la Catedral Virgen del Carm\u00e9n- Leandro Rism\u0151ller quien a\u00f1adi\u00f3 que este a\u00f1o tenemos la alegr\u00eda de celebrar- por primera vez- el s\u00e1bado 10 nuestro Corpus Christi Diocesano en donde todas las Parroquias de los confines de nuestra Di\u00f3cesis van a peregrinar a nuestro Iguaz\u00fa para compartir juntos la celebraci\u00f3n Eucar\u00edstica\u2026\u00bb.<\/em><\/strong><\/p>\n\n\n\n<p>La invitaci\u00f3n es para toda la comunidad &#8211; bajo el lema Eucarist\u00eda Pan de Vida &#8211; a participar de la Santa Misa que ser\u00e1 oficiada por el Obispo Nicol\u00e1s Baisi, en el Anfiteatro Ram\u00f3n Ayala a las 15 hs.<\/p>\n\n\n\n<figure class=\"wp-block-embed is-type-video is-provider-youtube wp-block-embed-youtube wp-embed-aspect-4-3 wp-has-aspect-ratio\"><div class=\"wp-block-embed__wrapper\">\n<iframe title=\"Leandro Rism\u00f6ller (Sacerdote).\" width=\"640\" height=\"480\" data-src=\"https:\/\/www.youtube.com\/embed\/6bHqjMvqbDQ?feature=oembed\" frameborder=\"0\" allow=\"accelerometer; autoplay; clipboard-write; encrypted-media; gyroscope; picture-in-picture; web-share\" referrerpolicy=\"strict-origin-when-cross-origin\" allowfullscreen src=\"data:image\/svg+xml;base64,PHN2ZyB3aWR0aD0iMSIgaGVpZ2h0PSIxIiB4bWxucz0iaHR0cDovL3d3dy53My5vcmcvMjAwMC9zdmciPjwvc3ZnPg==\" class=\"lazyload\" data-load-mode=\"1\"><\/iframe>\n<\/div><\/figure>\n\n\n\n<p>En esta celebraci\u00f3n se refuerza la fe en presencia de Jesucristo en el Sant\u00edsimo Sacramento, por medio de p\u00fablica adoraci\u00f3n. Por ello, la fiesta suele ser procesiones en las calles o lugares p\u00fablicos en donde el cuerpo de Cristo es exhibido y acompa\u00f1ado de fieles cat\u00f3licos.<\/p>\n","protected":false},"excerpt":{"rendered":"<p>\u00abLa Solemnidad de Corpus Christi significa Cuerpo y Sangre de Cristo\u00bb, expres\u00f3 en di\u00e1logo con Cable Noticias el P\u00e1rroco de la Catedral Virgen del Carm\u00e9n- Leandro Rism\u0151ller quien a\u00f1adi\u00f3 que este a\u00f1o tenemos la alegr\u00eda de celebrar- por primera vez- el s\u00e1bado 10 nuestro Corpus Christi Diocesano en donde todas las Parroquias de los confines [&hellip;]<\/p>\n","protected":false},"author":2,"featured_media":25382,"comment_status":"open","ping_status":"open","sticky":false,"template":"","format":"standard","meta":{"footnotes":""},"categories":[29,44],"tags":[],"class_list":["post-25381","post","type-post","status-publish","format-standard","has-post-thumbnail","hentry","category-locales","category-religion"],"yoast_head":"<!-- This site is optimized with the Yoast SEO plugin v27.5 - https:\/\/yoast.com\/product\/yoast-seo-wordpress\/ -->\n<title>Este s\u00e1bado 10 de junio la Iglesia Cat\u00f3lica celebra la Solemnidad del Corpus Christi y la Di\u00f3cesis de Iguaz\u00fa lanza su a\u00f1o Eucar\u00edstico | CVI NOTICIAS<\/title>\n<meta name=\"robots\" content=\"index, follow, max-snippet:-1, max-image-preview:large, max-video-preview:-1\" \/>\n<link rel=\"canonical\" href=\"https:\/\/cvinoticias.com\/v3\/este-sabado-10-de-junio-la-iglesia-catolica-celebra-la-solemnidad-del-corpus-christi-y-la-diocesis-de-iguazu-lanza-su-ano-eucaristico\/\" \/>\n<meta property=\"og:locale\" content=\"es_ES\" \/>\n<meta property=\"og:type\" content=\"article\" \/>\n<meta property=\"og:title\" content=\"Este s\u00e1bado 10 de junio la Iglesia Cat\u00f3lica celebra la Solemnidad del Corpus Christi y la Di\u00f3cesis de Iguaz\u00fa lanza su a\u00f1o Eucar\u00edstico | CVI NOTICIAS\" \/>\n<meta property=\"og:description\" content=\"\u00abLa Solemnidad de Corpus Christi significa Cuerpo y Sangre de Cristo\u00bb, expres\u00f3 en di\u00e1logo con Cable Noticias el P\u00e1rroco de la Catedral Virgen del Carm\u00e9n- Leandro Rism\u0151ller quien a\u00f1adi\u00f3 que este a\u00f1o tenemos la alegr\u00eda de celebrar- por primera vez- el s\u00e1bado 10 nuestro Corpus Christi Diocesano en donde todas las Parroquias de los confines [&hellip;]\" \/>\n<meta property=\"og:url\" content=\"https:\/\/cvinoticias.com\/v3\/este-sabado-10-de-junio-la-iglesia-catolica-celebra-la-solemnidad-del-corpus-christi-y-la-diocesis-de-iguazu-lanza-su-ano-eucaristico\/\" \/>\n<meta property=\"og:site_name\" content=\"CVI NOTICIAS\" \/>\n<meta property=\"article:publisher\" content=\"https:\/\/www.facebook.com\/cvinoticias\" \/>\n<meta property=\"article:published_time\" content=\"2023-06-10T03:08:10+00:00\" \/>\n<meta property=\"og:image\" content=\"https:\/\/cvinoticias.com\/wp-content\/uploads\/2023\/06\/IMG-20230527-WA0006.jpg\" \/>\n\t<meta property=\"og:image:width\" content=\"1200\" \/>\n\t<meta property=\"og:image:height\" content=\"1600\" \/>\n\t<meta property=\"og:image:type\" content=\"image\/jpeg\" \/>\n<meta name=\"author\" content=\"f1000024\" \/>\n<meta name=\"twitter:card\" content=\"summary_large_image\" \/>\n<meta name=\"twitter:label1\" content=\"Escrito por\" \/>\n\t<meta name=\"twitter:data1\" content=\"f1000024\" \/>\n\t<meta name=\"twitter:label2\" content=\"Tiempo de lectura\" \/>\n\t<meta name=\"twitter:data2\" content=\"1 minuto\" \/>\n<script type=\"application\/ld+json\" class=\"yoast-schema-graph\">{\"@context\":\"https:\\\/\\\/schema.org\",\"@graph\":[{\"@type\":\"Article\",\"@id\":\"https:\\\/\\\/cvinoticias.com\\\/v3\\\/este-sabado-10-de-junio-la-iglesia-catolica-celebra-la-solemnidad-del-corpus-christi-y-la-diocesis-de-iguazu-lanza-su-ano-eucaristico\\\/#article\",\"isPartOf\":{\"@id\":\"https:\\\/\\\/cvinoticias.com\\\/v3\\\/este-sabado-10-de-junio-la-iglesia-catolica-celebra-la-solemnidad-del-corpus-christi-y-la-diocesis-de-iguazu-lanza-su-ano-eucaristico\\\/\"},\"author\":{\"name\":\"f1000024\",\"@id\":\"https:\\\/\\\/cvinoticias.com\\\/v3\\\/#\\\/schema\\\/person\\\/2db77e3c6bc03c538495d7b2b8be9b66\"},\"headline\":\"Este s\u00e1bado 10 de junio la Iglesia Cat\u00f3lica celebra la Solemnidad del Corpus Christi y la Di\u00f3cesis de Iguaz\u00fa lanza su a\u00f1o Eucar\u00edstico\",\"datePublished\":\"2023-06-10T03:08:10+00:00\",\"mainEntityOfPage\":{\"@id\":\"https:\\\/\\\/cvinoticias.com\\\/v3\\\/este-sabado-10-de-junio-la-iglesia-catolica-celebra-la-solemnidad-del-corpus-christi-y-la-diocesis-de-iguazu-lanza-su-ano-eucaristico\\\/\"},\"wordCount\":206,\"commentCount\":0,\"publisher\":{\"@id\":\"https:\\\/\\\/cvinoticias.com\\\/v3\\\/#organization\"},\"image\":{\"@id\":\"https:\\\/\\\/cvinoticias.com\\\/v3\\\/este-sabado-10-de-junio-la-iglesia-catolica-celebra-la-solemnidad-del-corpus-christi-y-la-diocesis-de-iguazu-lanza-su-ano-eucaristico\\\/#primaryimage\"},\"thumbnailUrl\":\"https:\\\/\\\/cvinoticias.com\\\/wp-content\\\/uploads\\\/2023\\\/06\\\/IMG-20230527-WA0006.jpg\",\"articleSection\":[\"Locales\",\"Religi\u00f3n\"],\"inLanguage\":\"es\",\"potentialAction\":[{\"@type\":\"CommentAction\",\"name\":\"Comment\",\"target\":[\"https:\\\/\\\/cvinoticias.com\\\/v3\\\/este-sabado-10-de-junio-la-iglesia-catolica-celebra-la-solemnidad-del-corpus-christi-y-la-diocesis-de-iguazu-lanza-su-ano-eucaristico\\\/#respond\"]}]},{\"@type\":\"WebPage\",\"@id\":\"https:\\\/\\\/cvinoticias.com\\\/v3\\\/este-sabado-10-de-junio-la-iglesia-catolica-celebra-la-solemnidad-del-corpus-christi-y-la-diocesis-de-iguazu-lanza-su-ano-eucaristico\\\/\",\"url\":\"https:\\\/\\\/cvinoticias.com\\\/v3\\\/este-sabado-10-de-junio-la-iglesia-catolica-celebra-la-solemnidad-del-corpus-christi-y-la-diocesis-de-iguazu-lanza-su-ano-eucaristico\\\/\",\"name\":\"Este s\u00e1bado 10 de junio la Iglesia Cat\u00f3lica celebra la Solemnidad del Corpus Christi y la Di\u00f3cesis de Iguaz\u00fa lanza su a\u00f1o Eucar\u00edstico | CVI NOTICIAS\",\"isPartOf\":{\"@id\":\"https:\\\/\\\/cvinoticias.com\\\/v3\\\/#website\"},\"primaryImageOfPage\":{\"@id\":\"https:\\\/\\\/cvinoticias.com\\\/v3\\\/este-sabado-10-de-junio-la-iglesia-catolica-celebra-la-solemnidad-del-corpus-christi-y-la-diocesis-de-iguazu-lanza-su-ano-eucaristico\\\/#primaryimage\"},\"image\":{\"@id\":\"https:\\\/\\\/cvinoticias.com\\\/v3\\\/este-sabado-10-de-junio-la-iglesia-catolica-celebra-la-solemnidad-del-corpus-christi-y-la-diocesis-de-iguazu-lanza-su-ano-eucaristico\\\/#primaryimage\"},\"thumbnailUrl\":\"https:\\\/\\\/cvinoticias.com\\\/wp-content\\\/uploads\\\/2023\\\/06\\\/IMG-20230527-WA0006.jpg\",\"datePublished\":\"2023-06-10T03:08:10+00:00\",\"breadcrumb\":{\"@id\":\"https:\\\/\\\/cvinoticias.com\\\/v3\\\/este-sabado-10-de-junio-la-iglesia-catolica-celebra-la-solemnidad-del-corpus-christi-y-la-diocesis-de-iguazu-lanza-su-ano-eucaristico\\\/#breadcrumb\"},\"inLanguage\":\"es\",\"potentialAction\":[{\"@type\":\"ReadAction\",\"target\":[\"https:\\\/\\\/cvinoticias.com\\\/v3\\\/este-sabado-10-de-junio-la-iglesia-catolica-celebra-la-solemnidad-del-corpus-christi-y-la-diocesis-de-iguazu-lanza-su-ano-eucaristico\\\/\"]}]},{\"@type\":\"ImageObject\",\"inLanguage\":\"es\",\"@id\":\"https:\\\/\\\/cvinoticias.com\\\/v3\\\/este-sabado-10-de-junio-la-iglesia-catolica-celebra-la-solemnidad-del-corpus-christi-y-la-diocesis-de-iguazu-lanza-su-ano-eucaristico\\\/#primaryimage\",\"url\":\"https:\\\/\\\/cvinoticias.com\\\/wp-content\\\/uploads\\\/2023\\\/06\\\/IMG-20230527-WA0006.jpg\",\"contentUrl\":\"https:\\\/\\\/cvinoticias.com\\\/wp-content\\\/uploads\\\/2023\\\/06\\\/IMG-20230527-WA0006.jpg\",\"width\":1200,\"height\":1600},{\"@type\":\"BreadcrumbList\",\"@id\":\"https:\\\/\\\/cvinoticias.com\\\/v3\\\/este-sabado-10-de-junio-la-iglesia-catolica-celebra-la-solemnidad-del-corpus-christi-y-la-diocesis-de-iguazu-lanza-su-ano-eucaristico\\\/#breadcrumb\",\"itemListElement\":[{\"@type\":\"ListItem\",\"position\":1,\"name\":\"Portada\",\"item\":\"https:\\\/\\\/cvinoticias.com\\\/v3\\\/\"},{\"@type\":\"ListItem\",\"position\":2,\"name\":\"Este s\u00e1bado 10 de junio la Iglesia Cat\u00f3lica celebra la Solemnidad del Corpus Christi y la Di\u00f3cesis de Iguaz\u00fa lanza su a\u00f1o Eucar\u00edstico\"}]},{\"@type\":\"WebSite\",\"@id\":\"https:\\\/\\\/cvinoticias.com\\\/v3\\\/#website\",\"url\":\"https:\\\/\\\/cvinoticias.com\\\/v3\\\/\",\"name\":\"CVI NOTICIAS\",\"description\":\"\",\"publisher\":{\"@id\":\"https:\\\/\\\/cvinoticias.com\\\/v3\\\/#organization\"},\"alternateName\":\"CVI\",\"potentialAction\":[{\"@type\":\"SearchAction\",\"target\":{\"@type\":\"EntryPoint\",\"urlTemplate\":\"https:\\\/\\\/cvinoticias.com\\\/v3\\\/?s={search_term_string}\"},\"query-input\":{\"@type\":\"PropertyValueSpecification\",\"valueRequired\":true,\"valueName\":\"search_term_string\"}}],\"inLanguage\":\"es\"},{\"@type\":\"Organization\",\"@id\":\"https:\\\/\\\/cvinoticias.com\\\/v3\\\/#organization\",\"name\":\"CVI NOTICIAS\",\"url\":\"https:\\\/\\\/cvinoticias.com\\\/v3\\\/\",\"logo\":{\"@type\":\"ImageObject\",\"inLanguage\":\"es\",\"@id\":\"https:\\\/\\\/cvinoticias.com\\\/v3\\\/#\\\/schema\\\/logo\\\/image\\\/\",\"url\":\"https:\\\/\\\/cvinoticias.com\\\/wp-content\\\/uploads\\\/2023\\\/04\\\/cropped-cropped-cropped-cropped-cropped-3-1.png\",\"contentUrl\":\"https:\\\/\\\/cvinoticias.com\\\/wp-content\\\/uploads\\\/2023\\\/04\\\/cropped-cropped-cropped-cropped-cropped-3-1.png\",\"width\":95,\"height\":122,\"caption\":\"CVI NOTICIAS\"},\"image\":{\"@id\":\"https:\\\/\\\/cvinoticias.com\\\/v3\\\/#\\\/schema\\\/logo\\\/image\\\/\"},\"sameAs\":[\"https:\\\/\\\/www.facebook.com\\\/cvinoticias\",\"https:\\\/\\\/www.instagram.com\\\/cvinoticias\\\/\",\"https:\\\/\\\/www.youtube.com\\\/@CVINOTICIAS\"]},{\"@type\":\"Person\",\"@id\":\"https:\\\/\\\/cvinoticias.com\\\/v3\\\/#\\\/schema\\\/person\\\/2db77e3c6bc03c538495d7b2b8be9b66\",\"name\":\"f1000024\",\"image\":{\"@type\":\"ImageObject\",\"inLanguage\":\"es\",\"@id\":\"https:\\\/\\\/secure.gravatar.com\\\/avatar\\\/d4fe7459cfc51ff5129ce1a732bbef5928568b8092d412ef95611616376bbeed?s=96&d=mm&r=g\",\"url\":\"https:\\\/\\\/secure.gravatar.com\\\/avatar\\\/d4fe7459cfc51ff5129ce1a732bbef5928568b8092d412ef95611616376bbeed?s=96&d=mm&r=g\",\"contentUrl\":\"https:\\\/\\\/secure.gravatar.com\\\/avatar\\\/d4fe7459cfc51ff5129ce1a732bbef5928568b8092d412ef95611616376bbeed?s=96&d=mm&r=g\",\"caption\":\"f1000024\"},\"url\":\"https:\\\/\\\/cvinoticias.com\\\/v3\\\/author\\\/f1000024\\\/\"}]}<\/script>\n<!-- \/ Yoast SEO plugin. -->","yoast_head_json":{"title":"Este s\u00e1bado 10 de junio la Iglesia Cat\u00f3lica celebra la Solemnidad del Corpus Christi y la Di\u00f3cesis de Iguaz\u00fa lanza su a\u00f1o Eucar\u00edstico | CVI NOTICIAS","robots":{"index":"index","follow":"follow","max-snippet":"max-snippet:-1","max-image-preview":"max-image-preview:large","max-video-preview":"max-video-preview:-1"},"canonical":"https:\/\/cvinoticias.com\/v3\/este-sabado-10-de-junio-la-iglesia-catolica-celebra-la-solemnidad-del-corpus-christi-y-la-diocesis-de-iguazu-lanza-su-ano-eucaristico\/","og_locale":"es_ES","og_type":"article","og_title":"Este s\u00e1bado 10 de junio la Iglesia Cat\u00f3lica celebra la Solemnidad del Corpus Christi y la Di\u00f3cesis de Iguaz\u00fa lanza su a\u00f1o Eucar\u00edstico | CVI NOTICIAS","og_description":"\u00abLa Solemnidad de Corpus Christi significa Cuerpo y Sangre de Cristo\u00bb, expres\u00f3 en di\u00e1logo con Cable Noticias el P\u00e1rroco de la Catedral Virgen del Carm\u00e9n- Leandro Rism\u0151ller quien a\u00f1adi\u00f3 que este a\u00f1o tenemos la alegr\u00eda de celebrar- por primera vez- el s\u00e1bado 10 nuestro Corpus Christi Diocesano en donde todas las Parroquias de los confines [&hellip;]","og_url":"https:\/\/cvinoticias.com\/v3\/este-sabado-10-de-junio-la-iglesia-catolica-celebra-la-solemnidad-del-corpus-christi-y-la-diocesis-de-iguazu-lanza-su-ano-eucaristico\/","og_site_name":"CVI NOTICIAS","article_publisher":"https:\/\/www.facebook.com\/cvinoticias","article_published_time":"2023-06-10T03:08:10+00:00","og_image":[{"width":1200,"height":1600,"url":"https:\/\/cvinoticias.com\/wp-content\/uploads\/2023\/06\/IMG-20230527-WA0006.jpg","type":"image\/jpeg"}],"author":"f1000024","twitter_card":"summary_large_image","twitter_misc":{"Escrito por":"f1000024","Tiempo de lectura":"1 minuto"},"schema":{"@context":"https:\/\/schema.org","@graph":[{"@type":"Article","@id":"https:\/\/cvinoticias.com\/v3\/este-sabado-10-de-junio-la-iglesia-catolica-celebra-la-solemnidad-del-corpus-christi-y-la-diocesis-de-iguazu-lanza-su-ano-eucaristico\/#article","isPartOf":{"@id":"https:\/\/cvinoticias.com\/v3\/este-sabado-10-de-junio-la-iglesia-catolica-celebra-la-solemnidad-del-corpus-christi-y-la-diocesis-de-iguazu-lanza-su-ano-eucaristico\/"},"author":{"name":"f1000024","@id":"https:\/\/cvinoticias.com\/v3\/#\/schema\/person\/2db77e3c6bc03c538495d7b2b8be9b66"},"headline":"Este s\u00e1bado 10 de junio la Iglesia Cat\u00f3lica celebra la Solemnidad del Corpus Christi y la Di\u00f3cesis de Iguaz\u00fa lanza su a\u00f1o Eucar\u00edstico","datePublished":"2023-06-10T03:08:10+00:00","mainEntityOfPage":{"@id":"https:\/\/cvinoticias.com\/v3\/este-sabado-10-de-junio-la-iglesia-catolica-celebra-la-solemnidad-del-corpus-christi-y-la-diocesis-de-iguazu-lanza-su-ano-eucaristico\/"},"wordCount":206,"commentCount":0,"publisher":{"@id":"https:\/\/cvinoticias.com\/v3\/#organization"},"image":{"@id":"https:\/\/cvinoticias.com\/v3\/este-sabado-10-de-junio-la-iglesia-catolica-celebra-la-solemnidad-del-corpus-christi-y-la-diocesis-de-iguazu-lanza-su-ano-eucaristico\/#primaryimage"},"thumbnailUrl":"https:\/\/cvinoticias.com\/wp-content\/uploads\/2023\/06\/IMG-20230527-WA0006.jpg","articleSection":["Locales","Religi\u00f3n"],"inLanguage":"es","potentialAction":[{"@type":"CommentAction","name":"Comment","target":["https:\/\/cvinoticias.com\/v3\/este-sabado-10-de-junio-la-iglesia-catolica-celebra-la-solemnidad-del-corpus-christi-y-la-diocesis-de-iguazu-lanza-su-ano-eucaristico\/#respond"]}]},{"@type":"WebPage","@id":"https:\/\/cvinoticias.com\/v3\/este-sabado-10-de-junio-la-iglesia-catolica-celebra-la-solemnidad-del-corpus-christi-y-la-diocesis-de-iguazu-lanza-su-ano-eucaristico\/","url":"https:\/\/cvinoticias.com\/v3\/este-sabado-10-de-junio-la-iglesia-catolica-celebra-la-solemnidad-del-corpus-christi-y-la-diocesis-de-iguazu-lanza-su-ano-eucaristico\/","name":"Este s\u00e1bado 10 de junio la Iglesia Cat\u00f3lica celebra la Solemnidad del Corpus Christi y la Di\u00f3cesis de Iguaz\u00fa lanza su a\u00f1o Eucar\u00edstico | CVI NOTICIAS","isPartOf":{"@id":"https:\/\/cvinoticias.com\/v3\/#website"},"primaryImageOfPage":{"@id":"https:\/\/cvinoticias.com\/v3\/este-sabado-10-de-junio-la-iglesia-catolica-celebra-la-solemnidad-del-corpus-christi-y-la-diocesis-de-iguazu-lanza-su-ano-eucaristico\/#primaryimage"},"image":{"@id":"https:\/\/cvinoticias.com\/v3\/este-sabado-10-de-junio-la-iglesia-catolica-celebra-la-solemnidad-del-corpus-christi-y-la-diocesis-de-iguazu-lanza-su-ano-eucaristico\/#primaryimage"},"thumbnailUrl":"https:\/\/cvinoticias.com\/wp-content\/uploads\/2023\/06\/IMG-20230527-WA0006.jpg","datePublished":"2023-06-10T03:08:10+00:00","breadcrumb":{"@id":"https:\/\/cvinoticias.com\/v3\/este-sabado-10-de-junio-la-iglesia-catolica-celebra-la-solemnidad-del-corpus-christi-y-la-diocesis-de-iguazu-lanza-su-ano-eucaristico\/#breadcrumb"},"inLanguage":"es","potentialAction":[{"@type":"ReadAction","target":["https:\/\/cvinoticias.com\/v3\/este-sabado-10-de-junio-la-iglesia-catolica-celebra-la-solemnidad-del-corpus-christi-y-la-diocesis-de-iguazu-lanza-su-ano-eucaristico\/"]}]},{"@type":"ImageObject","inLanguage":"es","@id":"https:\/\/cvinoticias.com\/v3\/este-sabado-10-de-junio-la-iglesia-catolica-celebra-la-solemnidad-del-corpus-christi-y-la-diocesis-de-iguazu-lanza-su-ano-eucaristico\/#primaryimage","url":"https:\/\/cvinoticias.com\/wp-content\/uploads\/2023\/06\/IMG-20230527-WA0006.jpg","contentUrl":"https:\/\/cvinoticias.com\/wp-content\/uploads\/2023\/06\/IMG-20230527-WA0006.jpg","width":1200,"height":1600},{"@type":"BreadcrumbList","@id":"https:\/\/cvinoticias.com\/v3\/este-sabado-10-de-junio-la-iglesia-catolica-celebra-la-solemnidad-del-corpus-christi-y-la-diocesis-de-iguazu-lanza-su-ano-eucaristico\/#breadcrumb","itemListElement":[{"@type":"ListItem","position":1,"name":"Portada","item":"https:\/\/cvinoticias.com\/v3\/"},{"@type":"ListItem","position":2,"name":"Este s\u00e1bado 10 de junio la Iglesia Cat\u00f3lica celebra la Solemnidad del Corpus Christi y la Di\u00f3cesis de Iguaz\u00fa lanza su a\u00f1o Eucar\u00edstico"}]},{"@type":"WebSite","@id":"https:\/\/cvinoticias.com\/v3\/#website","url":"https:\/\/cvinoticias.com\/v3\/","name":"CVI NOTICIAS","description":"","publisher":{"@id":"https:\/\/cvinoticias.com\/v3\/#organization"},"alternateName":"CVI","potentialAction":[{"@type":"SearchAction","target":{"@type":"EntryPoint","urlTemplate":"https:\/\/cvinoticias.com\/v3\/?s={search_term_string}"},"query-input":{"@type":"PropertyValueSpecification","valueRequired":true,"valueName":"search_term_string"}}],"inLanguage":"es"},{"@type":"Organization","@id":"https:\/\/cvinoticias.com\/v3\/#organization","name":"CVI NOTICIAS","url":"https:\/\/cvinoticias.com\/v3\/","logo":{"@type":"ImageObject","inLanguage":"es","@id":"https:\/\/cvinoticias.com\/v3\/#\/schema\/logo\/image\/","url":"https:\/\/cvinoticias.com\/wp-content\/uploads\/2023\/04\/cropped-cropped-cropped-cropped-cropped-3-1.png","contentUrl":"https:\/\/cvinoticias.com\/wp-content\/uploads\/2023\/04\/cropped-cropped-cropped-cropped-cropped-3-1.png","width":95,"height":122,"caption":"CVI NOTICIAS"},"image":{"@id":"https:\/\/cvinoticias.com\/v3\/#\/schema\/logo\/image\/"},"sameAs":["https:\/\/www.facebook.com\/cvinoticias","https:\/\/www.instagram.com\/cvinoticias\/","https:\/\/www.youtube.com\/@CVINOTICIAS"]},{"@type":"Person","@id":"https:\/\/cvinoticias.com\/v3\/#\/schema\/person\/2db77e3c6bc03c538495d7b2b8be9b66","name":"f1000024","image":{"@type":"ImageObject","inLanguage":"es","@id":"https:\/\/secure.gravatar.com\/avatar\/d4fe7459cfc51ff5129ce1a732bbef5928568b8092d412ef95611616376bbeed?s=96&d=mm&r=g","url":"https:\/\/secure.gravatar.com\/avatar\/d4fe7459cfc51ff5129ce1a732bbef5928568b8092d412ef95611616376bbeed?s=96&d=mm&r=g","contentUrl":"https:\/\/secure.gravatar.com\/avatar\/d4fe7459cfc51ff5129ce1a732bbef5928568b8092d412ef95611616376bbeed?s=96&d=mm&r=g","caption":"f1000024"},"url":"https:\/\/cvinoticias.com\/v3\/author\/f1000024\/"}]}},"_links":{"self":[{"href":"https:\/\/cvinoticias.com\/v3\/wp-json\/wp\/v2\/posts\/25381","targetHints":{"allow":["GET"]}}],"collection":[{"href":"https:\/\/cvinoticias.com\/v3\/wp-json\/wp\/v2\/posts"}],"about":[{"href":"https:\/\/cvinoticias.com\/v3\/wp-json\/wp\/v2\/types\/post"}],"author":[{"embeddable":true,"href":"https:\/\/cvinoticias.com\/v3\/wp-json\/wp\/v2\/users\/2"}],"replies":[{"embeddable":true,"href":"https:\/\/cvinoticias.com\/v3\/wp-json\/wp\/v2\/comments?post=25381"}],"version-history":[{"count":1,"href":"https:\/\/cvinoticias.com\/v3\/wp-json\/wp\/v2\/posts\/25381\/revisions"}],"predecessor-version":[{"id":25383,"href":"https:\/\/cvinoticias.com\/v3\/wp-json\/wp\/v2\/posts\/25381\/revisions\/25383"}],"wp:featuredmedia":[{"embeddable":true,"href":"https:\/\/cvinoticias.com\/v3\/wp-json\/wp\/v2\/media\/25382"}],"wp:attachment":[{"href":"https:\/\/cvinoticias.com\/v3\/wp-json\/wp\/v2\/media?parent=25381"}],"wp:term":[{"taxonomy":"category","embeddable":true,"href":"https:\/\/cvinoticias.com\/v3\/wp-json\/wp\/v2\/categories?post=25381"},{"taxonomy":"post_tag","embeddable":true,"href":"https:\/\/cvinoticias.com\/v3\/wp-json\/wp\/v2\/tags?post=25381"}],"curies":[{"name":"wp","href":"https:\/\/api.w.org\/{rel}","templated":true}]}}