{"id":25378,"date":"2023-06-09T18:59:50","date_gmt":"2023-06-09T18:59:50","guid":{"rendered":"https:\/\/cvinoticias.com\/v3\/?p=25378"},"modified":"2023-06-09T18:59:50","modified_gmt":"2023-06-09T18:59:50","slug":"referente-de-la-ia-afirmo-que-los-proyectos-de-silicon-misiones-contribuyen-a-cambiar-el-mundo","status":"publish","type":"post","link":"https:\/\/cvinoticias.com\/v3\/referente-de-la-ia-afirmo-que-los-proyectos-de-silicon-misiones-contribuyen-a-cambiar-el-mundo\/","title":{"rendered":"Referente de la IA afirm\u00f3 que los proyectos de Silicon Misiones \u201ccontribuyen a cambiar el mundo\u201d"},"content":{"rendered":"\n<p><strong><em>El experto en inteligencia artificial, Fredi Vivas, visit\u00f3 Posadas para compartir su experiencia y debatir sobre el futuro de las nuevas tecnolog\u00edas. Destac\u00f3 el potencial que posee el moderno polo tecnol\u00f3gico, que est\u00e1 en un nivel \u201ccomo el de Silicon Valley\u201d. Desde el Polo TIC, resaltaron la necesidad de pensar en el futuro del trabajo con la incorporaci\u00f3n de nuevas herramientas, adem\u00e1s de la interacci\u00f3n entre humanos y m\u00e1quinas.<\/em><\/strong><\/p>\n\n\n\n<p><strong>Por J\u00f3se Gonz\u00e1lez<\/strong><\/p>\n\n\n\n<p>En una conferencia realizada en el Teatro de Prosa del Parque del Conocimiento, Fredi Vivas, experto en Inteligencia Artificial (IA) y co-fundador de RockingData, comparti\u00f3 su visi\u00f3n y conocimientos sobre este fascinante campo que revoluciona la vida humana en m\u00faltiples aspectos. El evento, organizado por Silicon Misiones, convoc\u00f3 a una amplia audiencia interesada en explorar los avances y beneficios de la IA.<\/p>\n\n\n\n<p>Durante la misma, abord\u00f3 diversas interrogantes planteadas por la audiencia, tales como los l\u00edmites y los riesgos de esta tecnolog\u00eda, la mejor manera de aprovecharla y c\u00f3mo desarrollarla de forma responsable. Tambi\u00e9n se puso en debate sobre los puestos de trabajo del futuro, la necesidad de adaptarse y entender esta herramienta en constante evoluci\u00f3n.<\/p>\n\n\n\n<p>\u201cFue un momento hermoso. Hablamos de Inteligencia Artificial y sobre lo que pasa en el mundo de IA generativa, ChatGPT y otros ejemplos que traen disrupci\u00f3n, cambiando todo\u201d, indic\u00f3 en exclusiva con canal12misiones.com. Asimismo, hubo varias preguntas sobre los desaf\u00edos \u00e9ticos, qu\u00e9 pasa con el trabajo e incluso de c\u00f3mo vivir de esto.<\/p>\n\n\n\n<p>Vivas comparti\u00f3 su experiencia en visitar la provincia en ocasiones anteriores, destacando la belleza y el potencial de Silicon Misiones, un ecosistema que logr\u00f3 establecerse como un polo tecnol\u00f3gico en la regi\u00f3n.<\/p>\n\n\n\n<p>En este sentido, compar\u00f3 la calidad de este entorno con la reconocida Silicon Valley, sede de grandes compa\u00f1\u00edas emergentes y globales de tecnolog\u00eda. \u201cEste a\u00f1o tuve la oportunidad de visitar Silicon Misiones, un lugar impresionante. Tiene un nivel como el de Silicon Valley\u201c.<\/p>\n\n\n\n<p>El experto en IA expres\u00f3 su compromiso en grandes proyectos como Silicon Misiones, ya que considera que son iniciativas que pueden cambiar el mundo. Resalt\u00f3 la importancia de brindar herramientas y oportunidades a los j\u00f3venes, permiti\u00e9ndoles acceder a un mundo de posibilidades que antes podr\u00edan haber parecido inalcanzables: \u201cSiempre busco contribuir en estos proyectos porque son los que van a cambiar el mundo\u201d.<\/p>\n\n\n\n<p><strong>La IA en el futuro de la educaci\u00f3n<\/strong><\/p>\n\n\n\n<p>En cuanto a la aplicaci\u00f3n de la Inteligencia Artificial en la educaci\u00f3n, Vivas se\u00f1al\u00f3 que no tiene una respuesta definitiva, pero advirti\u00f3 que prohibir esta tecnolog\u00eda en las aulas no es una soluci\u00f3n efectiva. Haciendo referencia a batallas pasadas como la prohibici\u00f3n de calculadoras, Wikipedia o celulares. Enfatiz\u00f3 que la mejor manera de abordar la IA es \u201cmediante la divulgaci\u00f3n y el entendimiento de la sociedad en general, eliminando as\u00ed el temor y la apat\u00eda hacia esta tecnolog\u00eda\u201d.<\/p>\n\n\n\n<p>\u201cEsta tecnolog\u00eda es un h\u00e1bito que hay que sembrar. Me met\u00ed en este mundo desde muy chico. A los 12 a\u00f1os ya estaba programando. Esto me cambi\u00f3 la vida para bien. Tuve oportunidades de viajar, hacer mi propio emprendimiento, conocer amigos y estudiar becas para estudiar afuera de Argentina.<\/p>\n\n\n\n<p>Seg\u00fan Vivas, la tecnolog\u00eda es una gran herramienta de igualdad social que genera oportunidades incre\u00edbles: \u201cTodo lo que hagamos para que m\u00e1s gente se involucre en ese mundo, hay que hacerlo\u201d.<\/p>\n\n\n\n<p>Si bien no se considera como una persona tan cercana a las \u00faltimas tendencias en tecnolog\u00eda, s\u00ed le interesa una en particular: la computaci\u00f3n cu\u00e1ntica. \u201cEsta ser\u00e1 la gran revoluci\u00f3n del ma\u00f1ana. Revoluci\u00f3n real, a nivel de la inteligencia artificial\u201d, indic\u00f3.<\/p>\n\n\n\n<p>La presentaci\u00f3n result\u00f3 inspiradora y dej\u00f3 a la audiencia con un mayor entendimiento sobre las grandes posibilidades y desaf\u00edos de la Inteligencia Artificial. Su experiencia y conocimientos en el campo lo convierten en un referente en la materia, y su compromiso con la divulgaci\u00f3n y el impulso de proyectos tecnol\u00f3gicos prometedores evidencia su visi\u00f3n de un futuro en el que la IA y la sociedad se complementen de manera armoniosa y beneficiosa para todos.<\/p>\n\n\n\n<p><strong>Silicon Misiones, el polo tecnol\u00f3gico que desarrolla la econom\u00eda del conocimiento<\/strong><\/p>\n\n\n\n<p>En una entrevista exclusiva con Alicia Penayo, coordinadora del Polo TIC Misiones, resalt\u00f3 la necesidad de pensar en el futuro del trabajo y la interacci\u00f3n entre humanos y m\u00e1quinas. Considera que es fundamental adquirir nuevas habilidades relevantes para ese escenario en constante evoluci\u00f3n.<\/p>\n\n\n\n<p>\u201cLa Inteligencia Artificial es una de las tecnolog\u00edas m\u00e1s disruptivas y que tendr\u00e1 un impacto revolucionario en todos los aspectos de nuestras vidas, desde c\u00f3mo vivimos hasta c\u00f3mo trabajamos\u201d, destac\u00f3.<\/p>\n\n\n\n<p>En este sentido, el Polo TIC Misiones, sostuvo que a trav\u00e9s de eventos como conferencias, cursos y capacitaciones, brinda a la comunidad \u201cherramientas para reflexionar sobre el futuro y mejorar las habilidades necesarias para adaptarse al cambio tecnol\u00f3gico\u201d.<\/p>\n\n\n\n<p>La referente coment\u00f3 sobre la importancia de continuar trabajando en la provincia en diversas tecnolog\u00edas, como la rob\u00f3tica y la programaci\u00f3n, adem\u00e1s de la necesidad de integrar diferentes profesiones en este proceso. Afirm\u00f3 que estas charlas y eventos no solo est\u00e1n dirigidos a t\u00e9cnicos y programadores, sino tambi\u00e9n a \u201cprofesionales de otros \u00e1mbitos como fil\u00f3sofos, ya que es inevitable que estas tecnolog\u00edas afecten de alguna manera a diversas \u00e1reas\u201d.<\/p>\n\n\n\n<p>Alicia Penayo brinda una perspectiva esclarecedora sobre la necesidad de prepararse y adaptarse al futuro tecnol\u00f3gico. Su visi\u00f3n destaca la importancia de la educaci\u00f3n continua, el desarrollo de habilidades relevantes y la responsabilidad \u00e9tica en la implementaci\u00f3n de la IA y otras tecnolog\u00edas emergentes.<\/p>\n","protected":false},"excerpt":{"rendered":"<p>El experto en inteligencia artificial, Fredi Vivas, visit\u00f3 Posadas para compartir su experiencia y debatir sobre el futuro de las nuevas tecnolog\u00edas. Destac\u00f3 el potencial que posee el moderno polo tecnol\u00f3gico, que est\u00e1 en un nivel \u201ccomo el de Silicon Valley\u201d. Desde el Polo TIC, resaltaron la necesidad de pensar en el futuro del trabajo [&hellip;]<\/p>\n","protected":false},"author":2,"featured_media":25379,"comment_status":"open","ping_status":"open","sticky":false,"template":"","format":"standard","meta":{"footnotes":""},"categories":[424],"tags":[],"class_list":["post-25378","post","type-post","status-publish","format-standard","has-post-thumbnail","hentry","category-tecnologia"],"yoast_head":"<!-- This site is optimized with the Yoast SEO plugin v27.5 - https:\/\/yoast.com\/product\/yoast-seo-wordpress\/ -->\n<title>Referente de la IA afirm\u00f3 que los proyectos de Silicon Misiones \u201ccontribuyen a cambiar el mundo\u201d | CVI NOTICIAS<\/title>\n<meta name=\"robots\" content=\"index, follow, max-snippet:-1, max-image-preview:large, max-video-preview:-1\" \/>\n<link rel=\"canonical\" href=\"https:\/\/cvinoticias.com\/v3\/referente-de-la-ia-afirmo-que-los-proyectos-de-silicon-misiones-contribuyen-a-cambiar-el-mundo\/\" \/>\n<meta property=\"og:locale\" content=\"es_ES\" \/>\n<meta property=\"og:type\" content=\"article\" \/>\n<meta property=\"og:title\" content=\"Referente de la IA afirm\u00f3 que los proyectos de Silicon Misiones \u201ccontribuyen a cambiar el mundo\u201d | CVI NOTICIAS\" \/>\n<meta property=\"og:description\" content=\"El experto en inteligencia artificial, Fredi Vivas, visit\u00f3 Posadas para compartir su experiencia y debatir sobre el futuro de las nuevas tecnolog\u00edas. Destac\u00f3 el potencial que posee el moderno polo tecnol\u00f3gico, que est\u00e1 en un nivel \u201ccomo el de Silicon Valley\u201d. Desde el Polo TIC, resaltaron la necesidad de pensar en el futuro del trabajo [&hellip;]\" \/>\n<meta property=\"og:url\" content=\"https:\/\/cvinoticias.com\/v3\/referente-de-la-ia-afirmo-que-los-proyectos-de-silicon-misiones-contribuyen-a-cambiar-el-mundo\/\" \/>\n<meta property=\"og:site_name\" content=\"CVI NOTICIAS\" \/>\n<meta property=\"article:publisher\" content=\"https:\/\/www.facebook.com\/cvinoticias\" \/>\n<meta property=\"article:published_time\" content=\"2023-06-09T18:59:50+00:00\" \/>\n<meta property=\"og:image\" content=\"https:\/\/cvinoticias.com\/wp-content\/uploads\/2023\/06\/Screenshot_20230608_193619_YouTube.jpg\" \/>\n\t<meta property=\"og:image:width\" content=\"1021\" \/>\n\t<meta property=\"og:image:height\" content=\"510\" \/>\n\t<meta property=\"og:image:type\" content=\"image\/jpeg\" \/>\n<meta name=\"author\" content=\"f1000024\" \/>\n<meta name=\"twitter:card\" content=\"summary_large_image\" \/>\n<meta name=\"twitter:label1\" content=\"Escrito por\" \/>\n\t<meta name=\"twitter:data1\" content=\"f1000024\" \/>\n\t<meta name=\"twitter:label2\" content=\"Tiempo de lectura\" \/>\n\t<meta name=\"twitter:data2\" content=\"5 minutos\" \/>\n<script type=\"application\/ld+json\" class=\"yoast-schema-graph\">{\"@context\":\"https:\\\/\\\/schema.org\",\"@graph\":[{\"@type\":\"Article\",\"@id\":\"https:\\\/\\\/cvinoticias.com\\\/v3\\\/referente-de-la-ia-afirmo-que-los-proyectos-de-silicon-misiones-contribuyen-a-cambiar-el-mundo\\\/#article\",\"isPartOf\":{\"@id\":\"https:\\\/\\\/cvinoticias.com\\\/v3\\\/referente-de-la-ia-afirmo-que-los-proyectos-de-silicon-misiones-contribuyen-a-cambiar-el-mundo\\\/\"},\"author\":{\"name\":\"f1000024\",\"@id\":\"https:\\\/\\\/cvinoticias.com\\\/v3\\\/#\\\/schema\\\/person\\\/2db77e3c6bc03c538495d7b2b8be9b66\"},\"headline\":\"Referente de la IA afirm\u00f3 que los proyectos de Silicon Misiones \u201ccontribuyen a cambiar el mundo\u201d\",\"datePublished\":\"2023-06-09T18:59:50+00:00\",\"mainEntityOfPage\":{\"@id\":\"https:\\\/\\\/cvinoticias.com\\\/v3\\\/referente-de-la-ia-afirmo-que-los-proyectos-de-silicon-misiones-contribuyen-a-cambiar-el-mundo\\\/\"},\"wordCount\":991,\"commentCount\":0,\"publisher\":{\"@id\":\"https:\\\/\\\/cvinoticias.com\\\/v3\\\/#organization\"},\"image\":{\"@id\":\"https:\\\/\\\/cvinoticias.com\\\/v3\\\/referente-de-la-ia-afirmo-que-los-proyectos-de-silicon-misiones-contribuyen-a-cambiar-el-mundo\\\/#primaryimage\"},\"thumbnailUrl\":\"https:\\\/\\\/cvinoticias.com\\\/wp-content\\\/uploads\\\/2023\\\/06\\\/Screenshot_20230608_193619_YouTube.jpg\",\"articleSection\":[\"Tecnolog\u00eda\"],\"inLanguage\":\"es\",\"potentialAction\":[{\"@type\":\"CommentAction\",\"name\":\"Comment\",\"target\":[\"https:\\\/\\\/cvinoticias.com\\\/v3\\\/referente-de-la-ia-afirmo-que-los-proyectos-de-silicon-misiones-contribuyen-a-cambiar-el-mundo\\\/#respond\"]}]},{\"@type\":\"WebPage\",\"@id\":\"https:\\\/\\\/cvinoticias.com\\\/v3\\\/referente-de-la-ia-afirmo-que-los-proyectos-de-silicon-misiones-contribuyen-a-cambiar-el-mundo\\\/\",\"url\":\"https:\\\/\\\/cvinoticias.com\\\/v3\\\/referente-de-la-ia-afirmo-que-los-proyectos-de-silicon-misiones-contribuyen-a-cambiar-el-mundo\\\/\",\"name\":\"Referente de la IA afirm\u00f3 que los proyectos de Silicon Misiones \u201ccontribuyen a cambiar el mundo\u201d | CVI NOTICIAS\",\"isPartOf\":{\"@id\":\"https:\\\/\\\/cvinoticias.com\\\/v3\\\/#website\"},\"primaryImageOfPage\":{\"@id\":\"https:\\\/\\\/cvinoticias.com\\\/v3\\\/referente-de-la-ia-afirmo-que-los-proyectos-de-silicon-misiones-contribuyen-a-cambiar-el-mundo\\\/#primaryimage\"},\"image\":{\"@id\":\"https:\\\/\\\/cvinoticias.com\\\/v3\\\/referente-de-la-ia-afirmo-que-los-proyectos-de-silicon-misiones-contribuyen-a-cambiar-el-mundo\\\/#primaryimage\"},\"thumbnailUrl\":\"https:\\\/\\\/cvinoticias.com\\\/wp-content\\\/uploads\\\/2023\\\/06\\\/Screenshot_20230608_193619_YouTube.jpg\",\"datePublished\":\"2023-06-09T18:59:50+00:00\",\"breadcrumb\":{\"@id\":\"https:\\\/\\\/cvinoticias.com\\\/v3\\\/referente-de-la-ia-afirmo-que-los-proyectos-de-silicon-misiones-contribuyen-a-cambiar-el-mundo\\\/#breadcrumb\"},\"inLanguage\":\"es\",\"potentialAction\":[{\"@type\":\"ReadAction\",\"target\":[\"https:\\\/\\\/cvinoticias.com\\\/v3\\\/referente-de-la-ia-afirmo-que-los-proyectos-de-silicon-misiones-contribuyen-a-cambiar-el-mundo\\\/\"]}]},{\"@type\":\"ImageObject\",\"inLanguage\":\"es\",\"@id\":\"https:\\\/\\\/cvinoticias.com\\\/v3\\\/referente-de-la-ia-afirmo-que-los-proyectos-de-silicon-misiones-contribuyen-a-cambiar-el-mundo\\\/#primaryimage\",\"url\":\"https:\\\/\\\/cvinoticias.com\\\/wp-content\\\/uploads\\\/2023\\\/06\\\/Screenshot_20230608_193619_YouTube.jpg\",\"contentUrl\":\"https:\\\/\\\/cvinoticias.com\\\/wp-content\\\/uploads\\\/2023\\\/06\\\/Screenshot_20230608_193619_YouTube.jpg\",\"width\":1021,\"height\":510},{\"@type\":\"BreadcrumbList\",\"@id\":\"https:\\\/\\\/cvinoticias.com\\\/v3\\\/referente-de-la-ia-afirmo-que-los-proyectos-de-silicon-misiones-contribuyen-a-cambiar-el-mundo\\\/#breadcrumb\",\"itemListElement\":[{\"@type\":\"ListItem\",\"position\":1,\"name\":\"Portada\",\"item\":\"https:\\\/\\\/cvinoticias.com\\\/v3\\\/\"},{\"@type\":\"ListItem\",\"position\":2,\"name\":\"Referente de la IA afirm\u00f3 que los proyectos de Silicon Misiones \u201ccontribuyen a cambiar el mundo\u201d\"}]},{\"@type\":\"WebSite\",\"@id\":\"https:\\\/\\\/cvinoticias.com\\\/v3\\\/#website\",\"url\":\"https:\\\/\\\/cvinoticias.com\\\/v3\\\/\",\"name\":\"CVI NOTICIAS\",\"description\":\"\",\"publisher\":{\"@id\":\"https:\\\/\\\/cvinoticias.com\\\/v3\\\/#organization\"},\"alternateName\":\"CVI\",\"potentialAction\":[{\"@type\":\"SearchAction\",\"target\":{\"@type\":\"EntryPoint\",\"urlTemplate\":\"https:\\\/\\\/cvinoticias.com\\\/v3\\\/?s={search_term_string}\"},\"query-input\":{\"@type\":\"PropertyValueSpecification\",\"valueRequired\":true,\"valueName\":\"search_term_string\"}}],\"inLanguage\":\"es\"},{\"@type\":\"Organization\",\"@id\":\"https:\\\/\\\/cvinoticias.com\\\/v3\\\/#organization\",\"name\":\"CVI NOTICIAS\",\"url\":\"https:\\\/\\\/cvinoticias.com\\\/v3\\\/\",\"logo\":{\"@type\":\"ImageObject\",\"inLanguage\":\"es\",\"@id\":\"https:\\\/\\\/cvinoticias.com\\\/v3\\\/#\\\/schema\\\/logo\\\/image\\\/\",\"url\":\"https:\\\/\\\/cvinoticias.com\\\/wp-content\\\/uploads\\\/2023\\\/04\\\/cropped-cropped-cropped-cropped-cropped-3-1.png\",\"contentUrl\":\"https:\\\/\\\/cvinoticias.com\\\/wp-content\\\/uploads\\\/2023\\\/04\\\/cropped-cropped-cropped-cropped-cropped-3-1.png\",\"width\":95,\"height\":122,\"caption\":\"CVI NOTICIAS\"},\"image\":{\"@id\":\"https:\\\/\\\/cvinoticias.com\\\/v3\\\/#\\\/schema\\\/logo\\\/image\\\/\"},\"sameAs\":[\"https:\\\/\\\/www.facebook.com\\\/cvinoticias\",\"https:\\\/\\\/www.instagram.com\\\/cvinoticias\\\/\",\"https:\\\/\\\/www.youtube.com\\\/@CVINOTICIAS\"]},{\"@type\":\"Person\",\"@id\":\"https:\\\/\\\/cvinoticias.com\\\/v3\\\/#\\\/schema\\\/person\\\/2db77e3c6bc03c538495d7b2b8be9b66\",\"name\":\"f1000024\",\"image\":{\"@type\":\"ImageObject\",\"inLanguage\":\"es\",\"@id\":\"https:\\\/\\\/secure.gravatar.com\\\/avatar\\\/d4fe7459cfc51ff5129ce1a732bbef5928568b8092d412ef95611616376bbeed?s=96&d=mm&r=g\",\"url\":\"https:\\\/\\\/secure.gravatar.com\\\/avatar\\\/d4fe7459cfc51ff5129ce1a732bbef5928568b8092d412ef95611616376bbeed?s=96&d=mm&r=g\",\"contentUrl\":\"https:\\\/\\\/secure.gravatar.com\\\/avatar\\\/d4fe7459cfc51ff5129ce1a732bbef5928568b8092d412ef95611616376bbeed?s=96&d=mm&r=g\",\"caption\":\"f1000024\"},\"url\":\"https:\\\/\\\/cvinoticias.com\\\/v3\\\/author\\\/f1000024\\\/\"}]}<\/script>\n<!-- \/ Yoast SEO plugin. -->","yoast_head_json":{"title":"Referente de la IA afirm\u00f3 que los proyectos de Silicon Misiones \u201ccontribuyen a cambiar el mundo\u201d | CVI NOTICIAS","robots":{"index":"index","follow":"follow","max-snippet":"max-snippet:-1","max-image-preview":"max-image-preview:large","max-video-preview":"max-video-preview:-1"},"canonical":"https:\/\/cvinoticias.com\/v3\/referente-de-la-ia-afirmo-que-los-proyectos-de-silicon-misiones-contribuyen-a-cambiar-el-mundo\/","og_locale":"es_ES","og_type":"article","og_title":"Referente de la IA afirm\u00f3 que los proyectos de Silicon Misiones \u201ccontribuyen a cambiar el mundo\u201d | CVI NOTICIAS","og_description":"El experto en inteligencia artificial, Fredi Vivas, visit\u00f3 Posadas para compartir su experiencia y debatir sobre el futuro de las nuevas tecnolog\u00edas. Destac\u00f3 el potencial que posee el moderno polo tecnol\u00f3gico, que est\u00e1 en un nivel \u201ccomo el de Silicon Valley\u201d. Desde el Polo TIC, resaltaron la necesidad de pensar en el futuro del trabajo [&hellip;]","og_url":"https:\/\/cvinoticias.com\/v3\/referente-de-la-ia-afirmo-que-los-proyectos-de-silicon-misiones-contribuyen-a-cambiar-el-mundo\/","og_site_name":"CVI NOTICIAS","article_publisher":"https:\/\/www.facebook.com\/cvinoticias","article_published_time":"2023-06-09T18:59:50+00:00","og_image":[{"width":1021,"height":510,"url":"https:\/\/cvinoticias.com\/wp-content\/uploads\/2023\/06\/Screenshot_20230608_193619_YouTube.jpg","type":"image\/jpeg"}],"author":"f1000024","twitter_card":"summary_large_image","twitter_misc":{"Escrito por":"f1000024","Tiempo de lectura":"5 minutos"},"schema":{"@context":"https:\/\/schema.org","@graph":[{"@type":"Article","@id":"https:\/\/cvinoticias.com\/v3\/referente-de-la-ia-afirmo-que-los-proyectos-de-silicon-misiones-contribuyen-a-cambiar-el-mundo\/#article","isPartOf":{"@id":"https:\/\/cvinoticias.com\/v3\/referente-de-la-ia-afirmo-que-los-proyectos-de-silicon-misiones-contribuyen-a-cambiar-el-mundo\/"},"author":{"name":"f1000024","@id":"https:\/\/cvinoticias.com\/v3\/#\/schema\/person\/2db77e3c6bc03c538495d7b2b8be9b66"},"headline":"Referente de la IA afirm\u00f3 que los proyectos de Silicon Misiones \u201ccontribuyen a cambiar el mundo\u201d","datePublished":"2023-06-09T18:59:50+00:00","mainEntityOfPage":{"@id":"https:\/\/cvinoticias.com\/v3\/referente-de-la-ia-afirmo-que-los-proyectos-de-silicon-misiones-contribuyen-a-cambiar-el-mundo\/"},"wordCount":991,"commentCount":0,"publisher":{"@id":"https:\/\/cvinoticias.com\/v3\/#organization"},"image":{"@id":"https:\/\/cvinoticias.com\/v3\/referente-de-la-ia-afirmo-que-los-proyectos-de-silicon-misiones-contribuyen-a-cambiar-el-mundo\/#primaryimage"},"thumbnailUrl":"https:\/\/cvinoticias.com\/wp-content\/uploads\/2023\/06\/Screenshot_20230608_193619_YouTube.jpg","articleSection":["Tecnolog\u00eda"],"inLanguage":"es","potentialAction":[{"@type":"CommentAction","name":"Comment","target":["https:\/\/cvinoticias.com\/v3\/referente-de-la-ia-afirmo-que-los-proyectos-de-silicon-misiones-contribuyen-a-cambiar-el-mundo\/#respond"]}]},{"@type":"WebPage","@id":"https:\/\/cvinoticias.com\/v3\/referente-de-la-ia-afirmo-que-los-proyectos-de-silicon-misiones-contribuyen-a-cambiar-el-mundo\/","url":"https:\/\/cvinoticias.com\/v3\/referente-de-la-ia-afirmo-que-los-proyectos-de-silicon-misiones-contribuyen-a-cambiar-el-mundo\/","name":"Referente de la IA afirm\u00f3 que los proyectos de Silicon Misiones \u201ccontribuyen a cambiar el mundo\u201d | CVI NOTICIAS","isPartOf":{"@id":"https:\/\/cvinoticias.com\/v3\/#website"},"primaryImageOfPage":{"@id":"https:\/\/cvinoticias.com\/v3\/referente-de-la-ia-afirmo-que-los-proyectos-de-silicon-misiones-contribuyen-a-cambiar-el-mundo\/#primaryimage"},"image":{"@id":"https:\/\/cvinoticias.com\/v3\/referente-de-la-ia-afirmo-que-los-proyectos-de-silicon-misiones-contribuyen-a-cambiar-el-mundo\/#primaryimage"},"thumbnailUrl":"https:\/\/cvinoticias.com\/wp-content\/uploads\/2023\/06\/Screenshot_20230608_193619_YouTube.jpg","datePublished":"2023-06-09T18:59:50+00:00","breadcrumb":{"@id":"https:\/\/cvinoticias.com\/v3\/referente-de-la-ia-afirmo-que-los-proyectos-de-silicon-misiones-contribuyen-a-cambiar-el-mundo\/#breadcrumb"},"inLanguage":"es","potentialAction":[{"@type":"ReadAction","target":["https:\/\/cvinoticias.com\/v3\/referente-de-la-ia-afirmo-que-los-proyectos-de-silicon-misiones-contribuyen-a-cambiar-el-mundo\/"]}]},{"@type":"ImageObject","inLanguage":"es","@id":"https:\/\/cvinoticias.com\/v3\/referente-de-la-ia-afirmo-que-los-proyectos-de-silicon-misiones-contribuyen-a-cambiar-el-mundo\/#primaryimage","url":"https:\/\/cvinoticias.com\/wp-content\/uploads\/2023\/06\/Screenshot_20230608_193619_YouTube.jpg","contentUrl":"https:\/\/cvinoticias.com\/wp-content\/uploads\/2023\/06\/Screenshot_20230608_193619_YouTube.jpg","width":1021,"height":510},{"@type":"BreadcrumbList","@id":"https:\/\/cvinoticias.com\/v3\/referente-de-la-ia-afirmo-que-los-proyectos-de-silicon-misiones-contribuyen-a-cambiar-el-mundo\/#breadcrumb","itemListElement":[{"@type":"ListItem","position":1,"name":"Portada","item":"https:\/\/cvinoticias.com\/v3\/"},{"@type":"ListItem","position":2,"name":"Referente de la IA afirm\u00f3 que los proyectos de Silicon Misiones \u201ccontribuyen a cambiar el mundo\u201d"}]},{"@type":"WebSite","@id":"https:\/\/cvinoticias.com\/v3\/#website","url":"https:\/\/cvinoticias.com\/v3\/","name":"CVI NOTICIAS","description":"","publisher":{"@id":"https:\/\/cvinoticias.com\/v3\/#organization"},"alternateName":"CVI","potentialAction":[{"@type":"SearchAction","target":{"@type":"EntryPoint","urlTemplate":"https:\/\/cvinoticias.com\/v3\/?s={search_term_string}"},"query-input":{"@type":"PropertyValueSpecification","valueRequired":true,"valueName":"search_term_string"}}],"inLanguage":"es"},{"@type":"Organization","@id":"https:\/\/cvinoticias.com\/v3\/#organization","name":"CVI NOTICIAS","url":"https:\/\/cvinoticias.com\/v3\/","logo":{"@type":"ImageObject","inLanguage":"es","@id":"https:\/\/cvinoticias.com\/v3\/#\/schema\/logo\/image\/","url":"https:\/\/cvinoticias.com\/wp-content\/uploads\/2023\/04\/cropped-cropped-cropped-cropped-cropped-3-1.png","contentUrl":"https:\/\/cvinoticias.com\/wp-content\/uploads\/2023\/04\/cropped-cropped-cropped-cropped-cropped-3-1.png","width":95,"height":122,"caption":"CVI NOTICIAS"},"image":{"@id":"https:\/\/cvinoticias.com\/v3\/#\/schema\/logo\/image\/"},"sameAs":["https:\/\/www.facebook.com\/cvinoticias","https:\/\/www.instagram.com\/cvinoticias\/","https:\/\/www.youtube.com\/@CVINOTICIAS"]},{"@type":"Person","@id":"https:\/\/cvinoticias.com\/v3\/#\/schema\/person\/2db77e3c6bc03c538495d7b2b8be9b66","name":"f1000024","image":{"@type":"ImageObject","inLanguage":"es","@id":"https:\/\/secure.gravatar.com\/avatar\/d4fe7459cfc51ff5129ce1a732bbef5928568b8092d412ef95611616376bbeed?s=96&d=mm&r=g","url":"https:\/\/secure.gravatar.com\/avatar\/d4fe7459cfc51ff5129ce1a732bbef5928568b8092d412ef95611616376bbeed?s=96&d=mm&r=g","contentUrl":"https:\/\/secure.gravatar.com\/avatar\/d4fe7459cfc51ff5129ce1a732bbef5928568b8092d412ef95611616376bbeed?s=96&d=mm&r=g","caption":"f1000024"},"url":"https:\/\/cvinoticias.com\/v3\/author\/f1000024\/"}]}},"_links":{"self":[{"href":"https:\/\/cvinoticias.com\/v3\/wp-json\/wp\/v2\/posts\/25378","targetHints":{"allow":["GET"]}}],"collection":[{"href":"https:\/\/cvinoticias.com\/v3\/wp-json\/wp\/v2\/posts"}],"about":[{"href":"https:\/\/cvinoticias.com\/v3\/wp-json\/wp\/v2\/types\/post"}],"author":[{"embeddable":true,"href":"https:\/\/cvinoticias.com\/v3\/wp-json\/wp\/v2\/users\/2"}],"replies":[{"embeddable":true,"href":"https:\/\/cvinoticias.com\/v3\/wp-json\/wp\/v2\/comments?post=25378"}],"version-history":[{"count":1,"href":"https:\/\/cvinoticias.com\/v3\/wp-json\/wp\/v2\/posts\/25378\/revisions"}],"predecessor-version":[{"id":25380,"href":"https:\/\/cvinoticias.com\/v3\/wp-json\/wp\/v2\/posts\/25378\/revisions\/25380"}],"wp:featuredmedia":[{"embeddable":true,"href":"https:\/\/cvinoticias.com\/v3\/wp-json\/wp\/v2\/media\/25379"}],"wp:attachment":[{"href":"https:\/\/cvinoticias.com\/v3\/wp-json\/wp\/v2\/media?parent=25378"}],"wp:term":[{"taxonomy":"category","embeddable":true,"href":"https:\/\/cvinoticias.com\/v3\/wp-json\/wp\/v2\/categories?post=25378"},{"taxonomy":"post_tag","embeddable":true,"href":"https:\/\/cvinoticias.com\/v3\/wp-json\/wp\/v2\/tags?post=25378"}],"curies":[{"name":"wp","href":"https:\/\/api.w.org\/{rel}","templated":true}]}}