{"id":25369,"date":"2023-06-09T12:04:55","date_gmt":"2023-06-09T12:04:55","guid":{"rendered":"https:\/\/cvinoticias.com\/v3\/?p=25369"},"modified":"2023-06-09T12:04:55","modified_gmt":"2023-06-09T12:04:55","slug":"investigadores-capturaron-a-un-asaltante-cuando-regreso-a-misiones-tras-estar-oculto-en-otro-pais","status":"publish","type":"post","link":"https:\/\/cvinoticias.com\/v3\/investigadores-capturaron-a-un-asaltante-cuando-regreso-a-misiones-tras-estar-oculto-en-otro-pais\/","title":{"rendered":"Investigadores capturaron a un asaltante cuando regres\u00f3 a Misiones tras estar oculto en otro pa\u00eds"},"content":{"rendered":"\n<p><em><strong>La Polic\u00eda de Misiones determin\u00f3 que uno de los delincuentes que hab\u00eda asaltado a una familia el 24 de junio del a\u00f1o 2022 en la calle Per\u00f3n de la localidad de Gobernador Roca, que luego de fugarse a Paraguay, regres\u00f3 en las \u00faltimas horas a la localidad de Garup\u00e1, donde fue capturado por los investigadores.<\/strong><\/em><\/p>\n\n\n\n<p>A ra\u00edz de un asalto donde resultaron v\u00edctimas los menores \u00c1lvaro de 16, Dariela de 10, Kevin de 17 y Rosal\u00eda de 24, agentes de la Direcci\u00f3n Investigaciones Complejas arrestaron hoy a las 10 horas a Alexander alias \u00abLipy\u00bb, en un inquilinato de Garup\u00e1.<\/p>\n\n\n\n<p>El il\u00edcito fue perpetrado por cuatro hombres con pasamonta\u00f1as y armas de fuego, quienes despu\u00e9s de reducir a las v\u00edctimas, exigieron la clave de la caja fuerte del domicilio. Una vez que ingresaron, sustrajeron la suma de 4.400 d\u00f3lares, 270.000 pesos y un tel\u00e9fono celular. Posteriormente, encerraron a las v\u00edctimas en una habitaci\u00f3n para luego huir.<\/p>\n\n\n\n<p>Consecuentemente, los investigadores recibieron una solicitud de colaboraci\u00f3n por parte de la Comisar\u00eda de Gobernador Roca, solicitando la ubicaci\u00f3n y detenci\u00f3n de \u00abLipy\u00bb. Luego de llevar a cabo diversos trabajos de inteligencia, los agentes determinaron que el sospechoso regres\u00f3 al pa\u00eds y que hab\u00eda sido visto en la localidad de Garup\u00e1.<\/p>\n\n\n\n<p>Por ello, las pesquisas llevaron al personal hasta el barrio Santa B\u00e1rbara de dicha localidad. All\u00ed, en la calle El Palmar fueron atendidos por un hombre de 65 a\u00f1os, propietario de un inquilinato, a quien se inform\u00f3 sobre la presencia policial y se le solicit\u00f3 autorizaci\u00f3n para ingresar a la propiedad, donde detuvieron al involucrado.<\/p>\n\n\n\n<p>Finalmente, tras consultas con el Juzgado de Instrucci\u00f3n N\u00b0 2 de Posadas, se le notific\u00f3 al apresado sobre el motivo de su detenci\u00f3n, quien fue trasladado y alojado en la Comisar\u00eda Seccional Quinta UR-X, a disposici\u00f3n del magistrado interviniente. Cabe destacar que las investigaciones contin\u00faan a fines de detener a los dem\u00e1s delincuentes.<\/p>\n","protected":false},"excerpt":{"rendered":"<p>La Polic\u00eda de Misiones determin\u00f3 que uno de los delincuentes que hab\u00eda asaltado a una familia el 24 de junio del a\u00f1o 2022 en la calle Per\u00f3n de la localidad de Gobernador Roca, que luego de fugarse a Paraguay, regres\u00f3 en las \u00faltimas horas a la localidad de Garup\u00e1, donde fue capturado por los investigadores. [&hellip;]<\/p>\n","protected":false},"author":2,"featured_media":25370,"comment_status":"open","ping_status":"open","sticky":false,"template":"","format":"standard","meta":{"footnotes":""},"categories":[41],"tags":[],"class_list":["post-25369","post","type-post","status-publish","format-standard","has-post-thumbnail","hentry","category-policiales"],"yoast_head":"<!-- This site is optimized with the Yoast SEO plugin v27.5 - https:\/\/yoast.com\/product\/yoast-seo-wordpress\/ -->\n<title>Investigadores capturaron a un asaltante cuando regres\u00f3 a Misiones tras estar oculto en otro pa\u00eds | CVI NOTICIAS<\/title>\n<meta name=\"robots\" content=\"index, follow, max-snippet:-1, max-image-preview:large, max-video-preview:-1\" \/>\n<link rel=\"canonical\" href=\"https:\/\/cvinoticias.com\/v3\/investigadores-capturaron-a-un-asaltante-cuando-regreso-a-misiones-tras-estar-oculto-en-otro-pais\/\" \/>\n<meta property=\"og:locale\" content=\"es_ES\" \/>\n<meta property=\"og:type\" content=\"article\" \/>\n<meta property=\"og:title\" content=\"Investigadores capturaron a un asaltante cuando regres\u00f3 a Misiones tras estar oculto en otro pa\u00eds | CVI NOTICIAS\" \/>\n<meta property=\"og:description\" content=\"La Polic\u00eda de Misiones determin\u00f3 que uno de los delincuentes que hab\u00eda asaltado a una familia el 24 de junio del a\u00f1o 2022 en la calle Per\u00f3n de la localidad de Gobernador Roca, que luego de fugarse a Paraguay, regres\u00f3 en las \u00faltimas horas a la localidad de Garup\u00e1, donde fue capturado por los investigadores. [&hellip;]\" \/>\n<meta property=\"og:url\" content=\"https:\/\/cvinoticias.com\/v3\/investigadores-capturaron-a-un-asaltante-cuando-regreso-a-misiones-tras-estar-oculto-en-otro-pais\/\" \/>\n<meta property=\"og:site_name\" content=\"CVI NOTICIAS\" \/>\n<meta property=\"article:publisher\" content=\"https:\/\/www.facebook.com\/cvinoticias\" \/>\n<meta property=\"article:published_time\" content=\"2023-06-09T12:04:55+00:00\" \/>\n<meta property=\"og:image\" content=\"https:\/\/cvinoticias.com\/wp-content\/uploads\/2023\/06\/IMG-20230608-WA0155.jpg\" \/>\n\t<meta property=\"og:image:width\" content=\"894\" \/>\n\t<meta property=\"og:image:height\" content=\"1193\" \/>\n\t<meta property=\"og:image:type\" content=\"image\/jpeg\" \/>\n<meta name=\"author\" content=\"f1000024\" \/>\n<meta name=\"twitter:card\" content=\"summary_large_image\" \/>\n<meta name=\"twitter:label1\" content=\"Escrito por\" \/>\n\t<meta name=\"twitter:data1\" content=\"f1000024\" \/>\n\t<meta name=\"twitter:label2\" content=\"Tiempo de lectura\" \/>\n\t<meta name=\"twitter:data2\" content=\"2 minutos\" \/>\n<script type=\"application\/ld+json\" class=\"yoast-schema-graph\">{\"@context\":\"https:\\\/\\\/schema.org\",\"@graph\":[{\"@type\":\"Article\",\"@id\":\"https:\\\/\\\/cvinoticias.com\\\/v3\\\/investigadores-capturaron-a-un-asaltante-cuando-regreso-a-misiones-tras-estar-oculto-en-otro-pais\\\/#article\",\"isPartOf\":{\"@id\":\"https:\\\/\\\/cvinoticias.com\\\/v3\\\/investigadores-capturaron-a-un-asaltante-cuando-regreso-a-misiones-tras-estar-oculto-en-otro-pais\\\/\"},\"author\":{\"name\":\"f1000024\",\"@id\":\"https:\\\/\\\/cvinoticias.com\\\/v3\\\/#\\\/schema\\\/person\\\/2db77e3c6bc03c538495d7b2b8be9b66\"},\"headline\":\"Investigadores capturaron a un asaltante cuando regres\u00f3 a Misiones tras estar oculto en otro pa\u00eds\",\"datePublished\":\"2023-06-09T12:04:55+00:00\",\"mainEntityOfPage\":{\"@id\":\"https:\\\/\\\/cvinoticias.com\\\/v3\\\/investigadores-capturaron-a-un-asaltante-cuando-regreso-a-misiones-tras-estar-oculto-en-otro-pais\\\/\"},\"wordCount\":350,\"commentCount\":0,\"publisher\":{\"@id\":\"https:\\\/\\\/cvinoticias.com\\\/v3\\\/#organization\"},\"image\":{\"@id\":\"https:\\\/\\\/cvinoticias.com\\\/v3\\\/investigadores-capturaron-a-un-asaltante-cuando-regreso-a-misiones-tras-estar-oculto-en-otro-pais\\\/#primaryimage\"},\"thumbnailUrl\":\"https:\\\/\\\/cvinoticias.com\\\/wp-content\\\/uploads\\\/2023\\\/06\\\/IMG-20230608-WA0155.jpg\",\"articleSection\":[\"Policiales\"],\"inLanguage\":\"es\",\"potentialAction\":[{\"@type\":\"CommentAction\",\"name\":\"Comment\",\"target\":[\"https:\\\/\\\/cvinoticias.com\\\/v3\\\/investigadores-capturaron-a-un-asaltante-cuando-regreso-a-misiones-tras-estar-oculto-en-otro-pais\\\/#respond\"]}]},{\"@type\":\"WebPage\",\"@id\":\"https:\\\/\\\/cvinoticias.com\\\/v3\\\/investigadores-capturaron-a-un-asaltante-cuando-regreso-a-misiones-tras-estar-oculto-en-otro-pais\\\/\",\"url\":\"https:\\\/\\\/cvinoticias.com\\\/v3\\\/investigadores-capturaron-a-un-asaltante-cuando-regreso-a-misiones-tras-estar-oculto-en-otro-pais\\\/\",\"name\":\"Investigadores capturaron a un asaltante cuando regres\u00f3 a Misiones tras estar oculto en otro pa\u00eds | CVI NOTICIAS\",\"isPartOf\":{\"@id\":\"https:\\\/\\\/cvinoticias.com\\\/v3\\\/#website\"},\"primaryImageOfPage\":{\"@id\":\"https:\\\/\\\/cvinoticias.com\\\/v3\\\/investigadores-capturaron-a-un-asaltante-cuando-regreso-a-misiones-tras-estar-oculto-en-otro-pais\\\/#primaryimage\"},\"image\":{\"@id\":\"https:\\\/\\\/cvinoticias.com\\\/v3\\\/investigadores-capturaron-a-un-asaltante-cuando-regreso-a-misiones-tras-estar-oculto-en-otro-pais\\\/#primaryimage\"},\"thumbnailUrl\":\"https:\\\/\\\/cvinoticias.com\\\/wp-content\\\/uploads\\\/2023\\\/06\\\/IMG-20230608-WA0155.jpg\",\"datePublished\":\"2023-06-09T12:04:55+00:00\",\"breadcrumb\":{\"@id\":\"https:\\\/\\\/cvinoticias.com\\\/v3\\\/investigadores-capturaron-a-un-asaltante-cuando-regreso-a-misiones-tras-estar-oculto-en-otro-pais\\\/#breadcrumb\"},\"inLanguage\":\"es\",\"potentialAction\":[{\"@type\":\"ReadAction\",\"target\":[\"https:\\\/\\\/cvinoticias.com\\\/v3\\\/investigadores-capturaron-a-un-asaltante-cuando-regreso-a-misiones-tras-estar-oculto-en-otro-pais\\\/\"]}]},{\"@type\":\"ImageObject\",\"inLanguage\":\"es\",\"@id\":\"https:\\\/\\\/cvinoticias.com\\\/v3\\\/investigadores-capturaron-a-un-asaltante-cuando-regreso-a-misiones-tras-estar-oculto-en-otro-pais\\\/#primaryimage\",\"url\":\"https:\\\/\\\/cvinoticias.com\\\/wp-content\\\/uploads\\\/2023\\\/06\\\/IMG-20230608-WA0155.jpg\",\"contentUrl\":\"https:\\\/\\\/cvinoticias.com\\\/wp-content\\\/uploads\\\/2023\\\/06\\\/IMG-20230608-WA0155.jpg\",\"width\":894,\"height\":1193},{\"@type\":\"BreadcrumbList\",\"@id\":\"https:\\\/\\\/cvinoticias.com\\\/v3\\\/investigadores-capturaron-a-un-asaltante-cuando-regreso-a-misiones-tras-estar-oculto-en-otro-pais\\\/#breadcrumb\",\"itemListElement\":[{\"@type\":\"ListItem\",\"position\":1,\"name\":\"Portada\",\"item\":\"https:\\\/\\\/cvinoticias.com\\\/v3\\\/\"},{\"@type\":\"ListItem\",\"position\":2,\"name\":\"Investigadores capturaron a un asaltante cuando regres\u00f3 a Misiones tras estar oculto en otro pa\u00eds\"}]},{\"@type\":\"WebSite\",\"@id\":\"https:\\\/\\\/cvinoticias.com\\\/v3\\\/#website\",\"url\":\"https:\\\/\\\/cvinoticias.com\\\/v3\\\/\",\"name\":\"CVI NOTICIAS\",\"description\":\"\",\"publisher\":{\"@id\":\"https:\\\/\\\/cvinoticias.com\\\/v3\\\/#organization\"},\"alternateName\":\"CVI\",\"potentialAction\":[{\"@type\":\"SearchAction\",\"target\":{\"@type\":\"EntryPoint\",\"urlTemplate\":\"https:\\\/\\\/cvinoticias.com\\\/v3\\\/?s={search_term_string}\"},\"query-input\":{\"@type\":\"PropertyValueSpecification\",\"valueRequired\":true,\"valueName\":\"search_term_string\"}}],\"inLanguage\":\"es\"},{\"@type\":\"Organization\",\"@id\":\"https:\\\/\\\/cvinoticias.com\\\/v3\\\/#organization\",\"name\":\"CVI NOTICIAS\",\"url\":\"https:\\\/\\\/cvinoticias.com\\\/v3\\\/\",\"logo\":{\"@type\":\"ImageObject\",\"inLanguage\":\"es\",\"@id\":\"https:\\\/\\\/cvinoticias.com\\\/v3\\\/#\\\/schema\\\/logo\\\/image\\\/\",\"url\":\"https:\\\/\\\/cvinoticias.com\\\/wp-content\\\/uploads\\\/2023\\\/04\\\/cropped-cropped-cropped-cropped-cropped-3-1.png\",\"contentUrl\":\"https:\\\/\\\/cvinoticias.com\\\/wp-content\\\/uploads\\\/2023\\\/04\\\/cropped-cropped-cropped-cropped-cropped-3-1.png\",\"width\":95,\"height\":122,\"caption\":\"CVI NOTICIAS\"},\"image\":{\"@id\":\"https:\\\/\\\/cvinoticias.com\\\/v3\\\/#\\\/schema\\\/logo\\\/image\\\/\"},\"sameAs\":[\"https:\\\/\\\/www.facebook.com\\\/cvinoticias\",\"https:\\\/\\\/www.instagram.com\\\/cvinoticias\\\/\",\"https:\\\/\\\/www.youtube.com\\\/@CVINOTICIAS\"]},{\"@type\":\"Person\",\"@id\":\"https:\\\/\\\/cvinoticias.com\\\/v3\\\/#\\\/schema\\\/person\\\/2db77e3c6bc03c538495d7b2b8be9b66\",\"name\":\"f1000024\",\"image\":{\"@type\":\"ImageObject\",\"inLanguage\":\"es\",\"@id\":\"https:\\\/\\\/secure.gravatar.com\\\/avatar\\\/d4fe7459cfc51ff5129ce1a732bbef5928568b8092d412ef95611616376bbeed?s=96&d=mm&r=g\",\"url\":\"https:\\\/\\\/secure.gravatar.com\\\/avatar\\\/d4fe7459cfc51ff5129ce1a732bbef5928568b8092d412ef95611616376bbeed?s=96&d=mm&r=g\",\"contentUrl\":\"https:\\\/\\\/secure.gravatar.com\\\/avatar\\\/d4fe7459cfc51ff5129ce1a732bbef5928568b8092d412ef95611616376bbeed?s=96&d=mm&r=g\",\"caption\":\"f1000024\"},\"url\":\"https:\\\/\\\/cvinoticias.com\\\/v3\\\/author\\\/f1000024\\\/\"}]}<\/script>\n<!-- \/ Yoast SEO plugin. -->","yoast_head_json":{"title":"Investigadores capturaron a un asaltante cuando regres\u00f3 a Misiones tras estar oculto en otro pa\u00eds | CVI NOTICIAS","robots":{"index":"index","follow":"follow","max-snippet":"max-snippet:-1","max-image-preview":"max-image-preview:large","max-video-preview":"max-video-preview:-1"},"canonical":"https:\/\/cvinoticias.com\/v3\/investigadores-capturaron-a-un-asaltante-cuando-regreso-a-misiones-tras-estar-oculto-en-otro-pais\/","og_locale":"es_ES","og_type":"article","og_title":"Investigadores capturaron a un asaltante cuando regres\u00f3 a Misiones tras estar oculto en otro pa\u00eds | CVI NOTICIAS","og_description":"La Polic\u00eda de Misiones determin\u00f3 que uno de los delincuentes que hab\u00eda asaltado a una familia el 24 de junio del a\u00f1o 2022 en la calle Per\u00f3n de la localidad de Gobernador Roca, que luego de fugarse a Paraguay, regres\u00f3 en las \u00faltimas horas a la localidad de Garup\u00e1, donde fue capturado por los investigadores. [&hellip;]","og_url":"https:\/\/cvinoticias.com\/v3\/investigadores-capturaron-a-un-asaltante-cuando-regreso-a-misiones-tras-estar-oculto-en-otro-pais\/","og_site_name":"CVI NOTICIAS","article_publisher":"https:\/\/www.facebook.com\/cvinoticias","article_published_time":"2023-06-09T12:04:55+00:00","og_image":[{"width":894,"height":1193,"url":"https:\/\/cvinoticias.com\/wp-content\/uploads\/2023\/06\/IMG-20230608-WA0155.jpg","type":"image\/jpeg"}],"author":"f1000024","twitter_card":"summary_large_image","twitter_misc":{"Escrito por":"f1000024","Tiempo de lectura":"2 minutos"},"schema":{"@context":"https:\/\/schema.org","@graph":[{"@type":"Article","@id":"https:\/\/cvinoticias.com\/v3\/investigadores-capturaron-a-un-asaltante-cuando-regreso-a-misiones-tras-estar-oculto-en-otro-pais\/#article","isPartOf":{"@id":"https:\/\/cvinoticias.com\/v3\/investigadores-capturaron-a-un-asaltante-cuando-regreso-a-misiones-tras-estar-oculto-en-otro-pais\/"},"author":{"name":"f1000024","@id":"https:\/\/cvinoticias.com\/v3\/#\/schema\/person\/2db77e3c6bc03c538495d7b2b8be9b66"},"headline":"Investigadores capturaron a un asaltante cuando regres\u00f3 a Misiones tras estar oculto en otro pa\u00eds","datePublished":"2023-06-09T12:04:55+00:00","mainEntityOfPage":{"@id":"https:\/\/cvinoticias.com\/v3\/investigadores-capturaron-a-un-asaltante-cuando-regreso-a-misiones-tras-estar-oculto-en-otro-pais\/"},"wordCount":350,"commentCount":0,"publisher":{"@id":"https:\/\/cvinoticias.com\/v3\/#organization"},"image":{"@id":"https:\/\/cvinoticias.com\/v3\/investigadores-capturaron-a-un-asaltante-cuando-regreso-a-misiones-tras-estar-oculto-en-otro-pais\/#primaryimage"},"thumbnailUrl":"https:\/\/cvinoticias.com\/wp-content\/uploads\/2023\/06\/IMG-20230608-WA0155.jpg","articleSection":["Policiales"],"inLanguage":"es","potentialAction":[{"@type":"CommentAction","name":"Comment","target":["https:\/\/cvinoticias.com\/v3\/investigadores-capturaron-a-un-asaltante-cuando-regreso-a-misiones-tras-estar-oculto-en-otro-pais\/#respond"]}]},{"@type":"WebPage","@id":"https:\/\/cvinoticias.com\/v3\/investigadores-capturaron-a-un-asaltante-cuando-regreso-a-misiones-tras-estar-oculto-en-otro-pais\/","url":"https:\/\/cvinoticias.com\/v3\/investigadores-capturaron-a-un-asaltante-cuando-regreso-a-misiones-tras-estar-oculto-en-otro-pais\/","name":"Investigadores capturaron a un asaltante cuando regres\u00f3 a Misiones tras estar oculto en otro pa\u00eds | CVI NOTICIAS","isPartOf":{"@id":"https:\/\/cvinoticias.com\/v3\/#website"},"primaryImageOfPage":{"@id":"https:\/\/cvinoticias.com\/v3\/investigadores-capturaron-a-un-asaltante-cuando-regreso-a-misiones-tras-estar-oculto-en-otro-pais\/#primaryimage"},"image":{"@id":"https:\/\/cvinoticias.com\/v3\/investigadores-capturaron-a-un-asaltante-cuando-regreso-a-misiones-tras-estar-oculto-en-otro-pais\/#primaryimage"},"thumbnailUrl":"https:\/\/cvinoticias.com\/wp-content\/uploads\/2023\/06\/IMG-20230608-WA0155.jpg","datePublished":"2023-06-09T12:04:55+00:00","breadcrumb":{"@id":"https:\/\/cvinoticias.com\/v3\/investigadores-capturaron-a-un-asaltante-cuando-regreso-a-misiones-tras-estar-oculto-en-otro-pais\/#breadcrumb"},"inLanguage":"es","potentialAction":[{"@type":"ReadAction","target":["https:\/\/cvinoticias.com\/v3\/investigadores-capturaron-a-un-asaltante-cuando-regreso-a-misiones-tras-estar-oculto-en-otro-pais\/"]}]},{"@type":"ImageObject","inLanguage":"es","@id":"https:\/\/cvinoticias.com\/v3\/investigadores-capturaron-a-un-asaltante-cuando-regreso-a-misiones-tras-estar-oculto-en-otro-pais\/#primaryimage","url":"https:\/\/cvinoticias.com\/wp-content\/uploads\/2023\/06\/IMG-20230608-WA0155.jpg","contentUrl":"https:\/\/cvinoticias.com\/wp-content\/uploads\/2023\/06\/IMG-20230608-WA0155.jpg","width":894,"height":1193},{"@type":"BreadcrumbList","@id":"https:\/\/cvinoticias.com\/v3\/investigadores-capturaron-a-un-asaltante-cuando-regreso-a-misiones-tras-estar-oculto-en-otro-pais\/#breadcrumb","itemListElement":[{"@type":"ListItem","position":1,"name":"Portada","item":"https:\/\/cvinoticias.com\/v3\/"},{"@type":"ListItem","position":2,"name":"Investigadores capturaron a un asaltante cuando regres\u00f3 a Misiones tras estar oculto en otro pa\u00eds"}]},{"@type":"WebSite","@id":"https:\/\/cvinoticias.com\/v3\/#website","url":"https:\/\/cvinoticias.com\/v3\/","name":"CVI NOTICIAS","description":"","publisher":{"@id":"https:\/\/cvinoticias.com\/v3\/#organization"},"alternateName":"CVI","potentialAction":[{"@type":"SearchAction","target":{"@type":"EntryPoint","urlTemplate":"https:\/\/cvinoticias.com\/v3\/?s={search_term_string}"},"query-input":{"@type":"PropertyValueSpecification","valueRequired":true,"valueName":"search_term_string"}}],"inLanguage":"es"},{"@type":"Organization","@id":"https:\/\/cvinoticias.com\/v3\/#organization","name":"CVI NOTICIAS","url":"https:\/\/cvinoticias.com\/v3\/","logo":{"@type":"ImageObject","inLanguage":"es","@id":"https:\/\/cvinoticias.com\/v3\/#\/schema\/logo\/image\/","url":"https:\/\/cvinoticias.com\/wp-content\/uploads\/2023\/04\/cropped-cropped-cropped-cropped-cropped-3-1.png","contentUrl":"https:\/\/cvinoticias.com\/wp-content\/uploads\/2023\/04\/cropped-cropped-cropped-cropped-cropped-3-1.png","width":95,"height":122,"caption":"CVI NOTICIAS"},"image":{"@id":"https:\/\/cvinoticias.com\/v3\/#\/schema\/logo\/image\/"},"sameAs":["https:\/\/www.facebook.com\/cvinoticias","https:\/\/www.instagram.com\/cvinoticias\/","https:\/\/www.youtube.com\/@CVINOTICIAS"]},{"@type":"Person","@id":"https:\/\/cvinoticias.com\/v3\/#\/schema\/person\/2db77e3c6bc03c538495d7b2b8be9b66","name":"f1000024","image":{"@type":"ImageObject","inLanguage":"es","@id":"https:\/\/secure.gravatar.com\/avatar\/d4fe7459cfc51ff5129ce1a732bbef5928568b8092d412ef95611616376bbeed?s=96&d=mm&r=g","url":"https:\/\/secure.gravatar.com\/avatar\/d4fe7459cfc51ff5129ce1a732bbef5928568b8092d412ef95611616376bbeed?s=96&d=mm&r=g","contentUrl":"https:\/\/secure.gravatar.com\/avatar\/d4fe7459cfc51ff5129ce1a732bbef5928568b8092d412ef95611616376bbeed?s=96&d=mm&r=g","caption":"f1000024"},"url":"https:\/\/cvinoticias.com\/v3\/author\/f1000024\/"}]}},"_links":{"self":[{"href":"https:\/\/cvinoticias.com\/v3\/wp-json\/wp\/v2\/posts\/25369","targetHints":{"allow":["GET"]}}],"collection":[{"href":"https:\/\/cvinoticias.com\/v3\/wp-json\/wp\/v2\/posts"}],"about":[{"href":"https:\/\/cvinoticias.com\/v3\/wp-json\/wp\/v2\/types\/post"}],"author":[{"embeddable":true,"href":"https:\/\/cvinoticias.com\/v3\/wp-json\/wp\/v2\/users\/2"}],"replies":[{"embeddable":true,"href":"https:\/\/cvinoticias.com\/v3\/wp-json\/wp\/v2\/comments?post=25369"}],"version-history":[{"count":1,"href":"https:\/\/cvinoticias.com\/v3\/wp-json\/wp\/v2\/posts\/25369\/revisions"}],"predecessor-version":[{"id":25371,"href":"https:\/\/cvinoticias.com\/v3\/wp-json\/wp\/v2\/posts\/25369\/revisions\/25371"}],"wp:featuredmedia":[{"embeddable":true,"href":"https:\/\/cvinoticias.com\/v3\/wp-json\/wp\/v2\/media\/25370"}],"wp:attachment":[{"href":"https:\/\/cvinoticias.com\/v3\/wp-json\/wp\/v2\/media?parent=25369"}],"wp:term":[{"taxonomy":"category","embeddable":true,"href":"https:\/\/cvinoticias.com\/v3\/wp-json\/wp\/v2\/categories?post=25369"},{"taxonomy":"post_tag","embeddable":true,"href":"https:\/\/cvinoticias.com\/v3\/wp-json\/wp\/v2\/tags?post=25369"}],"curies":[{"name":"wp","href":"https:\/\/api.w.org\/{rel}","templated":true}]}}