{"id":2533,"date":"2021-02-08T22:31:01","date_gmt":"2021-02-08T22:31:01","guid":{"rendered":"https:\/\/cvinoticias.com\/v3\/?p=2533"},"modified":"2021-02-08T22:31:01","modified_gmt":"2021-02-08T22:31:01","slug":"informacion-a-tener-en-cuenta-si-viaja-a-la-provincia-del-chaco","status":"publish","type":"post","link":"https:\/\/cvinoticias.com\/v3\/informacion-a-tener-en-cuenta-si-viaja-a-la-provincia-del-chaco\/","title":{"rendered":"Informaci\u00f3n a tener en cuenta si viaja a la Provincia del Chaco"},"content":{"rendered":"\n<p><strong><em>Desde este lunes 8 de febrero, quienes ingresen deben presentar certificado de hisopado negativo. Quienes no cuenten con este requisito, tendr\u00e1n un plazo de 72 horas para acercarse a alguno de los centros de testeo definidos por el Ministerio de Salud P\u00fablica.<\/em><\/strong><\/p>\n\n\n\n<p>Mediante una resoluci\u00f3n conjunta entre los ministerios de Seguridad y Justicia y Salud P\u00fablica, el Gobierno de la provincia del Chaco defini\u00f3 una serie de medidas que se suman a las excepciones contempladas en los nuevos requisitos para el ingreso a la provincia.<br>En todos los casos sigue siendo necesario el permiso de circulaci\u00f3n emitido en https:\/\/gobiernodigital.chaco.gob.ar\/ , tengan o no residencia en la provincia del Chaco.&nbsp;<\/p>\n\n\n\n<p>A partir de este lunes 8 de febrero, quienes ingresen por alguno de los nueve puntos de acceso a la provincia deber\u00e1n presentar un certificado negativo de PCR o testeo r\u00e1pido que deber\u00e1 ser emitido hasta 72 horas previas al ingreso.&nbsp;&nbsp;<\/p>\n\n\n\n<p>No obstante, la nueva resoluci\u00f3n aclara que ning\u00fan ciudadano,&nbsp; cualquiera sea su procedencia, ser\u00e1 impedido de ingresar a la provincia. En estos casos, quienes ingresen tendr\u00e1n un plazo de 72 horas para realizar el hisopado correspondiente en alguna de las postas espec\u00edficas para viajeros definidas por el Ministerio de Salud P\u00fablica.<\/p>\n\n\n\n<p>Las postas sanitarias funcionan, para el Gran Resistencia, en Laboratorios Chaque\u00f1os. En S\u00e1enz Pe\u00f1a, en la Universidad del Chaco Austral (UNCAUS) y en el Hotel Gualok. En otras localidades, funcionar\u00e1n en hospitales.<br>El Gobierno provincial monitorear\u00e1 la situaci\u00f3n epidemiol\u00f3gica mediante el cruzamiento de las bases de datos de las plataformas digitales del permiso de circulaci\u00f3n provincial y de la l\u00ednea 0800-444-0829.&nbsp;<\/p>\n\n\n\n<p>&#x25fe;&#xfe0f;\u00bfCu\u00e1ndo entra en vigencia?<br>El requisito de certificado de PCR o testeo r\u00e1pido en los nueve puntos de acceso a la provincia ser\u00e1 obligatorio a partir del lunes 8 de febrero. El certificado debe ser emitido hasta 72 horas previas al ingreso.&nbsp;&nbsp;<br>&#x25fe;&#xfe0f;\u00bfQui\u00e9nes lo deben presentar?<br>Ser\u00e1 exigible para todas las personas mayores de 18 a\u00f1os, tengan o no residencia en la provincia del Chaco.<br>&#x25fe;&#xfe0f;\u00bfHay excepciones?<br>S\u00ed. En virtud de las diferentes particularidades que se suscitan al momento de ingresar o salir de la provincia, el Gobierno estableci\u00f3 que las siguientes personas NO tendr\u00e1n obligaci\u00f3n de presentar dicho requisito:<\/p>\n\n\n\n<p>&#8211; Excepciones:<br>1. Personas que acrediten la necesidad de ingresar por tratamientos m\u00e9dicos con turnos programados, urgencias m\u00e9dicas o tratamientos de alta complejidad.&nbsp;<br>2. Personas afectadas a servicios de salud y fuerzas de seguridad en cumplimiento de sus funciones.<br>3. Personas en tr\u00e1nsito, incluy\u00e9ndose en ellas quienes brindan servicios de transporte, construcci\u00f3n, industria maderera, forestales, producci\u00f3n primaria y\/o log\u00edsticas, siempre y cuando presenten certificado nacional y permiso de ingreso al lugar de destino.<br>4. Personas que acrediten de forma fehaciente que deben circular por trabajo, estudios acad\u00e9micos y\/o actividades en ciudades vecinas distantes a no m\u00e1s de 100 kil\u00f3metros, que deban realizar tr\u00e1mites esenciales, o que permanezcan fuera de la provincia menos de 72 horas.<br>5. Personas de otras provincias que ingresen y salgan el mismo d\u00eda.<\/p>\n","protected":false},"excerpt":{"rendered":"<p>Desde este lunes 8 de febrero, quienes ingresen deben presentar certificado de hisopado negativo. Quienes no cuenten con este requisito, tendr\u00e1n un plazo de 72 horas para acercarse a alguno de los centros de testeo definidos por el Ministerio de Salud P\u00fablica. Mediante una resoluci\u00f3n conjunta entre los ministerios de Seguridad y Justicia y Salud [&hellip;]<\/p>\n","protected":false},"author":2,"featured_media":2534,"comment_status":"open","ping_status":"open","sticky":false,"template":"","format":"standard","meta":{"footnotes":""},"categories":[35],"tags":[],"class_list":["post-2533","post","type-post","status-publish","format-standard","has-post-thumbnail","hentry","category-informacion-general"],"yoast_head":"<!-- This site is optimized with the Yoast SEO plugin v27.5 - https:\/\/yoast.com\/product\/yoast-seo-wordpress\/ -->\n<title>Informaci\u00f3n a tener en cuenta si viaja a la Provincia del Chaco | CVI NOTICIAS<\/title>\n<meta name=\"robots\" content=\"index, follow, max-snippet:-1, max-image-preview:large, max-video-preview:-1\" \/>\n<link rel=\"canonical\" href=\"https:\/\/cvinoticias.com\/v3\/informacion-a-tener-en-cuenta-si-viaja-a-la-provincia-del-chaco\/\" \/>\n<meta property=\"og:locale\" content=\"es_ES\" \/>\n<meta property=\"og:type\" content=\"article\" \/>\n<meta property=\"og:title\" content=\"Informaci\u00f3n a tener en cuenta si viaja a la Provincia del Chaco | CVI NOTICIAS\" \/>\n<meta property=\"og:description\" content=\"Desde este lunes 8 de febrero, quienes ingresen deben presentar certificado de hisopado negativo. Quienes no cuenten con este requisito, tendr\u00e1n un plazo de 72 horas para acercarse a alguno de los centros de testeo definidos por el Ministerio de Salud P\u00fablica. Mediante una resoluci\u00f3n conjunta entre los ministerios de Seguridad y Justicia y Salud [&hellip;]\" \/>\n<meta property=\"og:url\" content=\"https:\/\/cvinoticias.com\/v3\/informacion-a-tener-en-cuenta-si-viaja-a-la-provincia-del-chaco\/\" \/>\n<meta property=\"og:site_name\" content=\"CVI NOTICIAS\" \/>\n<meta property=\"article:publisher\" content=\"https:\/\/www.facebook.com\/cvinoticias\" \/>\n<meta property=\"article:published_time\" content=\"2021-02-08T22:31:01+00:00\" \/>\n<meta property=\"og:image\" content=\"https:\/\/cvinoticias.com\/wp-content\/uploads\/2021\/02\/images-7.jpeg\" \/>\n\t<meta property=\"og:image:width\" content=\"311\" \/>\n\t<meta property=\"og:image:height\" content=\"162\" \/>\n\t<meta property=\"og:image:type\" content=\"image\/jpeg\" \/>\n<meta name=\"author\" content=\"f1000024\" \/>\n<meta name=\"twitter:card\" content=\"summary_large_image\" \/>\n<meta name=\"twitter:label1\" content=\"Escrito por\" \/>\n\t<meta name=\"twitter:data1\" content=\"f1000024\" \/>\n\t<meta name=\"twitter:label2\" content=\"Tiempo de lectura\" \/>\n\t<meta name=\"twitter:data2\" content=\"3 minutos\" \/>\n<script type=\"application\/ld+json\" class=\"yoast-schema-graph\">{\"@context\":\"https:\\\/\\\/schema.org\",\"@graph\":[{\"@type\":\"Article\",\"@id\":\"https:\\\/\\\/cvinoticias.com\\\/v3\\\/informacion-a-tener-en-cuenta-si-viaja-a-la-provincia-del-chaco\\\/#article\",\"isPartOf\":{\"@id\":\"https:\\\/\\\/cvinoticias.com\\\/v3\\\/informacion-a-tener-en-cuenta-si-viaja-a-la-provincia-del-chaco\\\/\"},\"author\":{\"name\":\"f1000024\",\"@id\":\"https:\\\/\\\/cvinoticias.com\\\/v3\\\/#\\\/schema\\\/person\\\/2db77e3c6bc03c538495d7b2b8be9b66\"},\"headline\":\"Informaci\u00f3n a tener en cuenta si viaja a la Provincia del Chaco\",\"datePublished\":\"2021-02-08T22:31:01+00:00\",\"mainEntityOfPage\":{\"@id\":\"https:\\\/\\\/cvinoticias.com\\\/v3\\\/informacion-a-tener-en-cuenta-si-viaja-a-la-provincia-del-chaco\\\/\"},\"wordCount\":551,\"commentCount\":0,\"publisher\":{\"@id\":\"https:\\\/\\\/cvinoticias.com\\\/v3\\\/#organization\"},\"image\":{\"@id\":\"https:\\\/\\\/cvinoticias.com\\\/v3\\\/informacion-a-tener-en-cuenta-si-viaja-a-la-provincia-del-chaco\\\/#primaryimage\"},\"thumbnailUrl\":\"https:\\\/\\\/cvinoticias.com\\\/wp-content\\\/uploads\\\/2021\\\/02\\\/images-7.jpeg\",\"articleSection\":[\"Informaci\u00f3n General\"],\"inLanguage\":\"es\",\"potentialAction\":[{\"@type\":\"CommentAction\",\"name\":\"Comment\",\"target\":[\"https:\\\/\\\/cvinoticias.com\\\/v3\\\/informacion-a-tener-en-cuenta-si-viaja-a-la-provincia-del-chaco\\\/#respond\"]}]},{\"@type\":\"WebPage\",\"@id\":\"https:\\\/\\\/cvinoticias.com\\\/v3\\\/informacion-a-tener-en-cuenta-si-viaja-a-la-provincia-del-chaco\\\/\",\"url\":\"https:\\\/\\\/cvinoticias.com\\\/v3\\\/informacion-a-tener-en-cuenta-si-viaja-a-la-provincia-del-chaco\\\/\",\"name\":\"Informaci\u00f3n a tener en cuenta si viaja a la Provincia del Chaco | CVI NOTICIAS\",\"isPartOf\":{\"@id\":\"https:\\\/\\\/cvinoticias.com\\\/v3\\\/#website\"},\"primaryImageOfPage\":{\"@id\":\"https:\\\/\\\/cvinoticias.com\\\/v3\\\/informacion-a-tener-en-cuenta-si-viaja-a-la-provincia-del-chaco\\\/#primaryimage\"},\"image\":{\"@id\":\"https:\\\/\\\/cvinoticias.com\\\/v3\\\/informacion-a-tener-en-cuenta-si-viaja-a-la-provincia-del-chaco\\\/#primaryimage\"},\"thumbnailUrl\":\"https:\\\/\\\/cvinoticias.com\\\/wp-content\\\/uploads\\\/2021\\\/02\\\/images-7.jpeg\",\"datePublished\":\"2021-02-08T22:31:01+00:00\",\"breadcrumb\":{\"@id\":\"https:\\\/\\\/cvinoticias.com\\\/v3\\\/informacion-a-tener-en-cuenta-si-viaja-a-la-provincia-del-chaco\\\/#breadcrumb\"},\"inLanguage\":\"es\",\"potentialAction\":[{\"@type\":\"ReadAction\",\"target\":[\"https:\\\/\\\/cvinoticias.com\\\/v3\\\/informacion-a-tener-en-cuenta-si-viaja-a-la-provincia-del-chaco\\\/\"]}]},{\"@type\":\"ImageObject\",\"inLanguage\":\"es\",\"@id\":\"https:\\\/\\\/cvinoticias.com\\\/v3\\\/informacion-a-tener-en-cuenta-si-viaja-a-la-provincia-del-chaco\\\/#primaryimage\",\"url\":\"https:\\\/\\\/cvinoticias.com\\\/wp-content\\\/uploads\\\/2021\\\/02\\\/images-7.jpeg\",\"contentUrl\":\"https:\\\/\\\/cvinoticias.com\\\/wp-content\\\/uploads\\\/2021\\\/02\\\/images-7.jpeg\",\"width\":311,\"height\":162},{\"@type\":\"BreadcrumbList\",\"@id\":\"https:\\\/\\\/cvinoticias.com\\\/v3\\\/informacion-a-tener-en-cuenta-si-viaja-a-la-provincia-del-chaco\\\/#breadcrumb\",\"itemListElement\":[{\"@type\":\"ListItem\",\"position\":1,\"name\":\"Portada\",\"item\":\"https:\\\/\\\/cvinoticias.com\\\/v3\\\/\"},{\"@type\":\"ListItem\",\"position\":2,\"name\":\"Informaci\u00f3n a tener en cuenta si viaja a la Provincia del Chaco\"}]},{\"@type\":\"WebSite\",\"@id\":\"https:\\\/\\\/cvinoticias.com\\\/v3\\\/#website\",\"url\":\"https:\\\/\\\/cvinoticias.com\\\/v3\\\/\",\"name\":\"CVI NOTICIAS\",\"description\":\"\",\"publisher\":{\"@id\":\"https:\\\/\\\/cvinoticias.com\\\/v3\\\/#organization\"},\"alternateName\":\"CVI\",\"potentialAction\":[{\"@type\":\"SearchAction\",\"target\":{\"@type\":\"EntryPoint\",\"urlTemplate\":\"https:\\\/\\\/cvinoticias.com\\\/v3\\\/?s={search_term_string}\"},\"query-input\":{\"@type\":\"PropertyValueSpecification\",\"valueRequired\":true,\"valueName\":\"search_term_string\"}}],\"inLanguage\":\"es\"},{\"@type\":\"Organization\",\"@id\":\"https:\\\/\\\/cvinoticias.com\\\/v3\\\/#organization\",\"name\":\"CVI NOTICIAS\",\"url\":\"https:\\\/\\\/cvinoticias.com\\\/v3\\\/\",\"logo\":{\"@type\":\"ImageObject\",\"inLanguage\":\"es\",\"@id\":\"https:\\\/\\\/cvinoticias.com\\\/v3\\\/#\\\/schema\\\/logo\\\/image\\\/\",\"url\":\"https:\\\/\\\/cvinoticias.com\\\/wp-content\\\/uploads\\\/2023\\\/04\\\/cropped-cropped-cropped-cropped-cropped-3-1.png\",\"contentUrl\":\"https:\\\/\\\/cvinoticias.com\\\/wp-content\\\/uploads\\\/2023\\\/04\\\/cropped-cropped-cropped-cropped-cropped-3-1.png\",\"width\":95,\"height\":122,\"caption\":\"CVI NOTICIAS\"},\"image\":{\"@id\":\"https:\\\/\\\/cvinoticias.com\\\/v3\\\/#\\\/schema\\\/logo\\\/image\\\/\"},\"sameAs\":[\"https:\\\/\\\/www.facebook.com\\\/cvinoticias\",\"https:\\\/\\\/www.instagram.com\\\/cvinoticias\\\/\",\"https:\\\/\\\/www.youtube.com\\\/@CVINOTICIAS\"]},{\"@type\":\"Person\",\"@id\":\"https:\\\/\\\/cvinoticias.com\\\/v3\\\/#\\\/schema\\\/person\\\/2db77e3c6bc03c538495d7b2b8be9b66\",\"name\":\"f1000024\",\"image\":{\"@type\":\"ImageObject\",\"inLanguage\":\"es\",\"@id\":\"https:\\\/\\\/secure.gravatar.com\\\/avatar\\\/d4fe7459cfc51ff5129ce1a732bbef5928568b8092d412ef95611616376bbeed?s=96&d=mm&r=g\",\"url\":\"https:\\\/\\\/secure.gravatar.com\\\/avatar\\\/d4fe7459cfc51ff5129ce1a732bbef5928568b8092d412ef95611616376bbeed?s=96&d=mm&r=g\",\"contentUrl\":\"https:\\\/\\\/secure.gravatar.com\\\/avatar\\\/d4fe7459cfc51ff5129ce1a732bbef5928568b8092d412ef95611616376bbeed?s=96&d=mm&r=g\",\"caption\":\"f1000024\"},\"url\":\"https:\\\/\\\/cvinoticias.com\\\/v3\\\/author\\\/f1000024\\\/\"}]}<\/script>\n<!-- \/ Yoast SEO plugin. -->","yoast_head_json":{"title":"Informaci\u00f3n a tener en cuenta si viaja a la Provincia del Chaco | CVI NOTICIAS","robots":{"index":"index","follow":"follow","max-snippet":"max-snippet:-1","max-image-preview":"max-image-preview:large","max-video-preview":"max-video-preview:-1"},"canonical":"https:\/\/cvinoticias.com\/v3\/informacion-a-tener-en-cuenta-si-viaja-a-la-provincia-del-chaco\/","og_locale":"es_ES","og_type":"article","og_title":"Informaci\u00f3n a tener en cuenta si viaja a la Provincia del Chaco | CVI NOTICIAS","og_description":"Desde este lunes 8 de febrero, quienes ingresen deben presentar certificado de hisopado negativo. Quienes no cuenten con este requisito, tendr\u00e1n un plazo de 72 horas para acercarse a alguno de los centros de testeo definidos por el Ministerio de Salud P\u00fablica. Mediante una resoluci\u00f3n conjunta entre los ministerios de Seguridad y Justicia y Salud [&hellip;]","og_url":"https:\/\/cvinoticias.com\/v3\/informacion-a-tener-en-cuenta-si-viaja-a-la-provincia-del-chaco\/","og_site_name":"CVI NOTICIAS","article_publisher":"https:\/\/www.facebook.com\/cvinoticias","article_published_time":"2021-02-08T22:31:01+00:00","og_image":[{"width":311,"height":162,"url":"https:\/\/cvinoticias.com\/wp-content\/uploads\/2021\/02\/images-7.jpeg","type":"image\/jpeg"}],"author":"f1000024","twitter_card":"summary_large_image","twitter_misc":{"Escrito por":"f1000024","Tiempo de lectura":"3 minutos"},"schema":{"@context":"https:\/\/schema.org","@graph":[{"@type":"Article","@id":"https:\/\/cvinoticias.com\/v3\/informacion-a-tener-en-cuenta-si-viaja-a-la-provincia-del-chaco\/#article","isPartOf":{"@id":"https:\/\/cvinoticias.com\/v3\/informacion-a-tener-en-cuenta-si-viaja-a-la-provincia-del-chaco\/"},"author":{"name":"f1000024","@id":"https:\/\/cvinoticias.com\/v3\/#\/schema\/person\/2db77e3c6bc03c538495d7b2b8be9b66"},"headline":"Informaci\u00f3n a tener en cuenta si viaja a la Provincia del Chaco","datePublished":"2021-02-08T22:31:01+00:00","mainEntityOfPage":{"@id":"https:\/\/cvinoticias.com\/v3\/informacion-a-tener-en-cuenta-si-viaja-a-la-provincia-del-chaco\/"},"wordCount":551,"commentCount":0,"publisher":{"@id":"https:\/\/cvinoticias.com\/v3\/#organization"},"image":{"@id":"https:\/\/cvinoticias.com\/v3\/informacion-a-tener-en-cuenta-si-viaja-a-la-provincia-del-chaco\/#primaryimage"},"thumbnailUrl":"https:\/\/cvinoticias.com\/wp-content\/uploads\/2021\/02\/images-7.jpeg","articleSection":["Informaci\u00f3n General"],"inLanguage":"es","potentialAction":[{"@type":"CommentAction","name":"Comment","target":["https:\/\/cvinoticias.com\/v3\/informacion-a-tener-en-cuenta-si-viaja-a-la-provincia-del-chaco\/#respond"]}]},{"@type":"WebPage","@id":"https:\/\/cvinoticias.com\/v3\/informacion-a-tener-en-cuenta-si-viaja-a-la-provincia-del-chaco\/","url":"https:\/\/cvinoticias.com\/v3\/informacion-a-tener-en-cuenta-si-viaja-a-la-provincia-del-chaco\/","name":"Informaci\u00f3n a tener en cuenta si viaja a la Provincia del Chaco | CVI NOTICIAS","isPartOf":{"@id":"https:\/\/cvinoticias.com\/v3\/#website"},"primaryImageOfPage":{"@id":"https:\/\/cvinoticias.com\/v3\/informacion-a-tener-en-cuenta-si-viaja-a-la-provincia-del-chaco\/#primaryimage"},"image":{"@id":"https:\/\/cvinoticias.com\/v3\/informacion-a-tener-en-cuenta-si-viaja-a-la-provincia-del-chaco\/#primaryimage"},"thumbnailUrl":"https:\/\/cvinoticias.com\/wp-content\/uploads\/2021\/02\/images-7.jpeg","datePublished":"2021-02-08T22:31:01+00:00","breadcrumb":{"@id":"https:\/\/cvinoticias.com\/v3\/informacion-a-tener-en-cuenta-si-viaja-a-la-provincia-del-chaco\/#breadcrumb"},"inLanguage":"es","potentialAction":[{"@type":"ReadAction","target":["https:\/\/cvinoticias.com\/v3\/informacion-a-tener-en-cuenta-si-viaja-a-la-provincia-del-chaco\/"]}]},{"@type":"ImageObject","inLanguage":"es","@id":"https:\/\/cvinoticias.com\/v3\/informacion-a-tener-en-cuenta-si-viaja-a-la-provincia-del-chaco\/#primaryimage","url":"https:\/\/cvinoticias.com\/wp-content\/uploads\/2021\/02\/images-7.jpeg","contentUrl":"https:\/\/cvinoticias.com\/wp-content\/uploads\/2021\/02\/images-7.jpeg","width":311,"height":162},{"@type":"BreadcrumbList","@id":"https:\/\/cvinoticias.com\/v3\/informacion-a-tener-en-cuenta-si-viaja-a-la-provincia-del-chaco\/#breadcrumb","itemListElement":[{"@type":"ListItem","position":1,"name":"Portada","item":"https:\/\/cvinoticias.com\/v3\/"},{"@type":"ListItem","position":2,"name":"Informaci\u00f3n a tener en cuenta si viaja a la Provincia del Chaco"}]},{"@type":"WebSite","@id":"https:\/\/cvinoticias.com\/v3\/#website","url":"https:\/\/cvinoticias.com\/v3\/","name":"CVI NOTICIAS","description":"","publisher":{"@id":"https:\/\/cvinoticias.com\/v3\/#organization"},"alternateName":"CVI","potentialAction":[{"@type":"SearchAction","target":{"@type":"EntryPoint","urlTemplate":"https:\/\/cvinoticias.com\/v3\/?s={search_term_string}"},"query-input":{"@type":"PropertyValueSpecification","valueRequired":true,"valueName":"search_term_string"}}],"inLanguage":"es"},{"@type":"Organization","@id":"https:\/\/cvinoticias.com\/v3\/#organization","name":"CVI NOTICIAS","url":"https:\/\/cvinoticias.com\/v3\/","logo":{"@type":"ImageObject","inLanguage":"es","@id":"https:\/\/cvinoticias.com\/v3\/#\/schema\/logo\/image\/","url":"https:\/\/cvinoticias.com\/wp-content\/uploads\/2023\/04\/cropped-cropped-cropped-cropped-cropped-3-1.png","contentUrl":"https:\/\/cvinoticias.com\/wp-content\/uploads\/2023\/04\/cropped-cropped-cropped-cropped-cropped-3-1.png","width":95,"height":122,"caption":"CVI NOTICIAS"},"image":{"@id":"https:\/\/cvinoticias.com\/v3\/#\/schema\/logo\/image\/"},"sameAs":["https:\/\/www.facebook.com\/cvinoticias","https:\/\/www.instagram.com\/cvinoticias\/","https:\/\/www.youtube.com\/@CVINOTICIAS"]},{"@type":"Person","@id":"https:\/\/cvinoticias.com\/v3\/#\/schema\/person\/2db77e3c6bc03c538495d7b2b8be9b66","name":"f1000024","image":{"@type":"ImageObject","inLanguage":"es","@id":"https:\/\/secure.gravatar.com\/avatar\/d4fe7459cfc51ff5129ce1a732bbef5928568b8092d412ef95611616376bbeed?s=96&d=mm&r=g","url":"https:\/\/secure.gravatar.com\/avatar\/d4fe7459cfc51ff5129ce1a732bbef5928568b8092d412ef95611616376bbeed?s=96&d=mm&r=g","contentUrl":"https:\/\/secure.gravatar.com\/avatar\/d4fe7459cfc51ff5129ce1a732bbef5928568b8092d412ef95611616376bbeed?s=96&d=mm&r=g","caption":"f1000024"},"url":"https:\/\/cvinoticias.com\/v3\/author\/f1000024\/"}]}},"_links":{"self":[{"href":"https:\/\/cvinoticias.com\/v3\/wp-json\/wp\/v2\/posts\/2533","targetHints":{"allow":["GET"]}}],"collection":[{"href":"https:\/\/cvinoticias.com\/v3\/wp-json\/wp\/v2\/posts"}],"about":[{"href":"https:\/\/cvinoticias.com\/v3\/wp-json\/wp\/v2\/types\/post"}],"author":[{"embeddable":true,"href":"https:\/\/cvinoticias.com\/v3\/wp-json\/wp\/v2\/users\/2"}],"replies":[{"embeddable":true,"href":"https:\/\/cvinoticias.com\/v3\/wp-json\/wp\/v2\/comments?post=2533"}],"version-history":[{"count":1,"href":"https:\/\/cvinoticias.com\/v3\/wp-json\/wp\/v2\/posts\/2533\/revisions"}],"predecessor-version":[{"id":2535,"href":"https:\/\/cvinoticias.com\/v3\/wp-json\/wp\/v2\/posts\/2533\/revisions\/2535"}],"wp:featuredmedia":[{"embeddable":true,"href":"https:\/\/cvinoticias.com\/v3\/wp-json\/wp\/v2\/media\/2534"}],"wp:attachment":[{"href":"https:\/\/cvinoticias.com\/v3\/wp-json\/wp\/v2\/media?parent=2533"}],"wp:term":[{"taxonomy":"category","embeddable":true,"href":"https:\/\/cvinoticias.com\/v3\/wp-json\/wp\/v2\/categories?post=2533"},{"taxonomy":"post_tag","embeddable":true,"href":"https:\/\/cvinoticias.com\/v3\/wp-json\/wp\/v2\/tags?post=2533"}],"curies":[{"name":"wp","href":"https:\/\/api.w.org\/{rel}","templated":true}]}}