{"id":25327,"date":"2023-06-08T12:00:06","date_gmt":"2023-06-08T12:00:06","guid":{"rendered":"https:\/\/cvinoticias.com\/v3\/?p=25327"},"modified":"2023-06-08T12:00:06","modified_gmt":"2023-06-08T12:00:06","slug":"detienen-y-separan-de-la-policia-a-un-sargento-por-sustraer-armas-del-comando-de-apostoles","status":"publish","type":"post","link":"https:\/\/cvinoticias.com\/v3\/detienen-y-separan-de-la-policia-a-un-sargento-por-sustraer-armas-del-comando-de-apostoles\/","title":{"rendered":"Detienen y separan de la Polic\u00eda a un Sargento por sustraer armas del Comando de Ap\u00f3stoles"},"content":{"rendered":"\n<p><strong><em>El procedimiento se realiz\u00f3 esta madrugada en un operativo conjunto sobre las rutas 105 y 205, donde se montaron distintos controles con el fin de interceptar y detener a un suboficial que era investigado por la sustracci\u00f3n de dos armas de guerra de la Divisi\u00f3n Comando Radioel\u00e9ctrico de la ciudad de Ap\u00f3stoles.<\/em><\/strong><\/p>\n\n\n\n<p>En las inspecciones que se realizan en las Unidades Regionales y son ordenadas por la Jefatura de Polic\u00eda, ayer se detect\u00f3 la faltante de dos armas FMK-3, que estaban depositadas en la mencionada Divisi\u00f3n, y hab\u00edan sido cedidas para operativos por parte de las dependencias jurisdiccionales de San Jos\u00e9 y Fachinal.<\/p>\n\n\n\n<p>Por lo que en forma inmediata, la Jefatura de Polic\u00eda orden\u00f3 el inicio del correspondiente sumario y de una investigaci\u00f3n, donde la Direcci\u00f3n de Asuntos Internos y el \u00e1rea de Inteligencia de la fuerza establecieron que no ser\u00eda ajeno al grave il\u00edcito un Sargento que cumpl\u00eda funciones en la dependencia de Ap\u00f3stoles, pero que resid\u00eda en Posadas, por lo que con los recaudos judiciales del caso se trat\u00f3 de establecer d\u00f3nde estaban las armas y si segu\u00edan en su poder.<\/p>\n\n\n\n<p>Es as\u00ed, que los agentes encubiertos de la fuerza se comunicaron ayer con los puestos de controles nacionales, ya que no se descartaba la posible comercializaci\u00f3n de los elementos. Ya en Fachinal, a las 4 de la madrugada, Gendarmer\u00eda intercept\u00f3 al suboficial que estaba de franco y se desplazaba en una motocicleta sin dominio en direcci\u00f3n a San Jos\u00e9, y al presentarse con nombre y cargo los uniformados que ya ten\u00edan informaci\u00f3n le solicitaron que les exhiba una campera, en cuyo interior ten\u00eda las dos FMK-3 envueltas en cintas.<\/p>\n\n\n\n<p>Tras la aprehensi\u00f3n, se secuestr\u00f3 ambas armas que pertenecen a la fuerza provincial y se realizan los tr\u00e1mites judiciales correspondientes por el delito. Adem\u00e1s, en continuidad al sumario administrativo interno, el suboficial fue separado de la Instituci\u00f3n y puesto en principio a disposici\u00f3n de la Justicia Federal, qui\u00e9n orden\u00f3 el cumplimiento de arresto efectivo en calidad de incomunicado, adem\u00e1s del secuestro del tel\u00e9fono celular, la motocicleta y armas.<\/p>\n","protected":false},"excerpt":{"rendered":"<p>El procedimiento se realiz\u00f3 esta madrugada en un operativo conjunto sobre las rutas 105 y 205, donde se montaron distintos controles con el fin de interceptar y detener a un suboficial que era investigado por la sustracci\u00f3n de dos armas de guerra de la Divisi\u00f3n Comando Radioel\u00e9ctrico de la ciudad de Ap\u00f3stoles. En las inspecciones [&hellip;]<\/p>\n","protected":false},"author":2,"featured_media":25328,"comment_status":"open","ping_status":"open","sticky":false,"template":"","format":"standard","meta":{"footnotes":""},"categories":[41,43],"tags":[],"class_list":["post-25327","post","type-post","status-publish","format-standard","has-post-thumbnail","hentry","category-policiales","category-provinciales"],"yoast_head":"<!-- This site is optimized with the Yoast SEO plugin v27.5 - https:\/\/yoast.com\/product\/yoast-seo-wordpress\/ -->\n<title>Detienen y separan de la Polic\u00eda a un Sargento por sustraer armas del Comando de Ap\u00f3stoles | CVI NOTICIAS<\/title>\n<meta name=\"robots\" content=\"index, follow, max-snippet:-1, max-image-preview:large, max-video-preview:-1\" \/>\n<link rel=\"canonical\" href=\"https:\/\/cvinoticias.com\/v3\/detienen-y-separan-de-la-policia-a-un-sargento-por-sustraer-armas-del-comando-de-apostoles\/\" \/>\n<meta property=\"og:locale\" content=\"es_ES\" \/>\n<meta property=\"og:type\" content=\"article\" \/>\n<meta property=\"og:title\" content=\"Detienen y separan de la Polic\u00eda a un Sargento por sustraer armas del Comando de Ap\u00f3stoles | CVI NOTICIAS\" \/>\n<meta property=\"og:description\" content=\"El procedimiento se realiz\u00f3 esta madrugada en un operativo conjunto sobre las rutas 105 y 205, donde se montaron distintos controles con el fin de interceptar y detener a un suboficial que era investigado por la sustracci\u00f3n de dos armas de guerra de la Divisi\u00f3n Comando Radioel\u00e9ctrico de la ciudad de Ap\u00f3stoles. En las inspecciones [&hellip;]\" \/>\n<meta property=\"og:url\" content=\"https:\/\/cvinoticias.com\/v3\/detienen-y-separan-de-la-policia-a-un-sargento-por-sustraer-armas-del-comando-de-apostoles\/\" \/>\n<meta property=\"og:site_name\" content=\"CVI NOTICIAS\" \/>\n<meta property=\"article:publisher\" content=\"https:\/\/www.facebook.com\/cvinoticias\" \/>\n<meta property=\"article:published_time\" content=\"2023-06-08T12:00:06+00:00\" \/>\n<meta property=\"og:image\" content=\"https:\/\/cvinoticias.com\/wp-content\/uploads\/2023\/06\/IMG-20230608-WA0005.jpg\" \/>\n\t<meta property=\"og:image:width\" content=\"1280\" \/>\n\t<meta property=\"og:image:height\" content=\"960\" \/>\n\t<meta property=\"og:image:type\" content=\"image\/jpeg\" \/>\n<meta name=\"author\" content=\"f1000024\" \/>\n<meta name=\"twitter:card\" content=\"summary_large_image\" \/>\n<meta name=\"twitter:label1\" content=\"Escrito por\" \/>\n\t<meta name=\"twitter:data1\" content=\"f1000024\" \/>\n\t<meta name=\"twitter:label2\" content=\"Tiempo de lectura\" \/>\n\t<meta name=\"twitter:data2\" content=\"2 minutos\" \/>\n<script type=\"application\/ld+json\" class=\"yoast-schema-graph\">{\"@context\":\"https:\\\/\\\/schema.org\",\"@graph\":[{\"@type\":\"Article\",\"@id\":\"https:\\\/\\\/cvinoticias.com\\\/v3\\\/detienen-y-separan-de-la-policia-a-un-sargento-por-sustraer-armas-del-comando-de-apostoles\\\/#article\",\"isPartOf\":{\"@id\":\"https:\\\/\\\/cvinoticias.com\\\/v3\\\/detienen-y-separan-de-la-policia-a-un-sargento-por-sustraer-armas-del-comando-de-apostoles\\\/\"},\"author\":{\"name\":\"f1000024\",\"@id\":\"https:\\\/\\\/cvinoticias.com\\\/v3\\\/#\\\/schema\\\/person\\\/2db77e3c6bc03c538495d7b2b8be9b66\"},\"headline\":\"Detienen y separan de la Polic\u00eda a un Sargento por sustraer armas del Comando de Ap\u00f3stoles\",\"datePublished\":\"2023-06-08T12:00:06+00:00\",\"mainEntityOfPage\":{\"@id\":\"https:\\\/\\\/cvinoticias.com\\\/v3\\\/detienen-y-separan-de-la-policia-a-un-sargento-por-sustraer-armas-del-comando-de-apostoles\\\/\"},\"wordCount\":386,\"commentCount\":0,\"publisher\":{\"@id\":\"https:\\\/\\\/cvinoticias.com\\\/v3\\\/#organization\"},\"image\":{\"@id\":\"https:\\\/\\\/cvinoticias.com\\\/v3\\\/detienen-y-separan-de-la-policia-a-un-sargento-por-sustraer-armas-del-comando-de-apostoles\\\/#primaryimage\"},\"thumbnailUrl\":\"https:\\\/\\\/cvinoticias.com\\\/wp-content\\\/uploads\\\/2023\\\/06\\\/IMG-20230608-WA0005.jpg\",\"articleSection\":[\"Policiales\",\"Provinciales\"],\"inLanguage\":\"es\",\"potentialAction\":[{\"@type\":\"CommentAction\",\"name\":\"Comment\",\"target\":[\"https:\\\/\\\/cvinoticias.com\\\/v3\\\/detienen-y-separan-de-la-policia-a-un-sargento-por-sustraer-armas-del-comando-de-apostoles\\\/#respond\"]}]},{\"@type\":\"WebPage\",\"@id\":\"https:\\\/\\\/cvinoticias.com\\\/v3\\\/detienen-y-separan-de-la-policia-a-un-sargento-por-sustraer-armas-del-comando-de-apostoles\\\/\",\"url\":\"https:\\\/\\\/cvinoticias.com\\\/v3\\\/detienen-y-separan-de-la-policia-a-un-sargento-por-sustraer-armas-del-comando-de-apostoles\\\/\",\"name\":\"Detienen y separan de la Polic\u00eda a un Sargento por sustraer armas del Comando de Ap\u00f3stoles | CVI NOTICIAS\",\"isPartOf\":{\"@id\":\"https:\\\/\\\/cvinoticias.com\\\/v3\\\/#website\"},\"primaryImageOfPage\":{\"@id\":\"https:\\\/\\\/cvinoticias.com\\\/v3\\\/detienen-y-separan-de-la-policia-a-un-sargento-por-sustraer-armas-del-comando-de-apostoles\\\/#primaryimage\"},\"image\":{\"@id\":\"https:\\\/\\\/cvinoticias.com\\\/v3\\\/detienen-y-separan-de-la-policia-a-un-sargento-por-sustraer-armas-del-comando-de-apostoles\\\/#primaryimage\"},\"thumbnailUrl\":\"https:\\\/\\\/cvinoticias.com\\\/wp-content\\\/uploads\\\/2023\\\/06\\\/IMG-20230608-WA0005.jpg\",\"datePublished\":\"2023-06-08T12:00:06+00:00\",\"breadcrumb\":{\"@id\":\"https:\\\/\\\/cvinoticias.com\\\/v3\\\/detienen-y-separan-de-la-policia-a-un-sargento-por-sustraer-armas-del-comando-de-apostoles\\\/#breadcrumb\"},\"inLanguage\":\"es\",\"potentialAction\":[{\"@type\":\"ReadAction\",\"target\":[\"https:\\\/\\\/cvinoticias.com\\\/v3\\\/detienen-y-separan-de-la-policia-a-un-sargento-por-sustraer-armas-del-comando-de-apostoles\\\/\"]}]},{\"@type\":\"ImageObject\",\"inLanguage\":\"es\",\"@id\":\"https:\\\/\\\/cvinoticias.com\\\/v3\\\/detienen-y-separan-de-la-policia-a-un-sargento-por-sustraer-armas-del-comando-de-apostoles\\\/#primaryimage\",\"url\":\"https:\\\/\\\/cvinoticias.com\\\/wp-content\\\/uploads\\\/2023\\\/06\\\/IMG-20230608-WA0005.jpg\",\"contentUrl\":\"https:\\\/\\\/cvinoticias.com\\\/wp-content\\\/uploads\\\/2023\\\/06\\\/IMG-20230608-WA0005.jpg\",\"width\":1280,\"height\":960},{\"@type\":\"BreadcrumbList\",\"@id\":\"https:\\\/\\\/cvinoticias.com\\\/v3\\\/detienen-y-separan-de-la-policia-a-un-sargento-por-sustraer-armas-del-comando-de-apostoles\\\/#breadcrumb\",\"itemListElement\":[{\"@type\":\"ListItem\",\"position\":1,\"name\":\"Portada\",\"item\":\"https:\\\/\\\/cvinoticias.com\\\/v3\\\/\"},{\"@type\":\"ListItem\",\"position\":2,\"name\":\"Detienen y separan de la Polic\u00eda a un Sargento por sustraer armas del Comando de Ap\u00f3stoles\"}]},{\"@type\":\"WebSite\",\"@id\":\"https:\\\/\\\/cvinoticias.com\\\/v3\\\/#website\",\"url\":\"https:\\\/\\\/cvinoticias.com\\\/v3\\\/\",\"name\":\"CVI NOTICIAS\",\"description\":\"\",\"publisher\":{\"@id\":\"https:\\\/\\\/cvinoticias.com\\\/v3\\\/#organization\"},\"alternateName\":\"CVI\",\"potentialAction\":[{\"@type\":\"SearchAction\",\"target\":{\"@type\":\"EntryPoint\",\"urlTemplate\":\"https:\\\/\\\/cvinoticias.com\\\/v3\\\/?s={search_term_string}\"},\"query-input\":{\"@type\":\"PropertyValueSpecification\",\"valueRequired\":true,\"valueName\":\"search_term_string\"}}],\"inLanguage\":\"es\"},{\"@type\":\"Organization\",\"@id\":\"https:\\\/\\\/cvinoticias.com\\\/v3\\\/#organization\",\"name\":\"CVI NOTICIAS\",\"url\":\"https:\\\/\\\/cvinoticias.com\\\/v3\\\/\",\"logo\":{\"@type\":\"ImageObject\",\"inLanguage\":\"es\",\"@id\":\"https:\\\/\\\/cvinoticias.com\\\/v3\\\/#\\\/schema\\\/logo\\\/image\\\/\",\"url\":\"https:\\\/\\\/cvinoticias.com\\\/wp-content\\\/uploads\\\/2023\\\/04\\\/cropped-cropped-cropped-cropped-cropped-3-1.png\",\"contentUrl\":\"https:\\\/\\\/cvinoticias.com\\\/wp-content\\\/uploads\\\/2023\\\/04\\\/cropped-cropped-cropped-cropped-cropped-3-1.png\",\"width\":95,\"height\":122,\"caption\":\"CVI NOTICIAS\"},\"image\":{\"@id\":\"https:\\\/\\\/cvinoticias.com\\\/v3\\\/#\\\/schema\\\/logo\\\/image\\\/\"},\"sameAs\":[\"https:\\\/\\\/www.facebook.com\\\/cvinoticias\",\"https:\\\/\\\/www.instagram.com\\\/cvinoticias\\\/\",\"https:\\\/\\\/www.youtube.com\\\/@CVINOTICIAS\"]},{\"@type\":\"Person\",\"@id\":\"https:\\\/\\\/cvinoticias.com\\\/v3\\\/#\\\/schema\\\/person\\\/2db77e3c6bc03c538495d7b2b8be9b66\",\"name\":\"f1000024\",\"image\":{\"@type\":\"ImageObject\",\"inLanguage\":\"es\",\"@id\":\"https:\\\/\\\/secure.gravatar.com\\\/avatar\\\/d4fe7459cfc51ff5129ce1a732bbef5928568b8092d412ef95611616376bbeed?s=96&d=mm&r=g\",\"url\":\"https:\\\/\\\/secure.gravatar.com\\\/avatar\\\/d4fe7459cfc51ff5129ce1a732bbef5928568b8092d412ef95611616376bbeed?s=96&d=mm&r=g\",\"contentUrl\":\"https:\\\/\\\/secure.gravatar.com\\\/avatar\\\/d4fe7459cfc51ff5129ce1a732bbef5928568b8092d412ef95611616376bbeed?s=96&d=mm&r=g\",\"caption\":\"f1000024\"},\"url\":\"https:\\\/\\\/cvinoticias.com\\\/v3\\\/author\\\/f1000024\\\/\"}]}<\/script>\n<!-- \/ Yoast SEO plugin. -->","yoast_head_json":{"title":"Detienen y separan de la Polic\u00eda a un Sargento por sustraer armas del Comando de Ap\u00f3stoles | CVI NOTICIAS","robots":{"index":"index","follow":"follow","max-snippet":"max-snippet:-1","max-image-preview":"max-image-preview:large","max-video-preview":"max-video-preview:-1"},"canonical":"https:\/\/cvinoticias.com\/v3\/detienen-y-separan-de-la-policia-a-un-sargento-por-sustraer-armas-del-comando-de-apostoles\/","og_locale":"es_ES","og_type":"article","og_title":"Detienen y separan de la Polic\u00eda a un Sargento por sustraer armas del Comando de Ap\u00f3stoles | CVI NOTICIAS","og_description":"El procedimiento se realiz\u00f3 esta madrugada en un operativo conjunto sobre las rutas 105 y 205, donde se montaron distintos controles con el fin de interceptar y detener a un suboficial que era investigado por la sustracci\u00f3n de dos armas de guerra de la Divisi\u00f3n Comando Radioel\u00e9ctrico de la ciudad de Ap\u00f3stoles. En las inspecciones [&hellip;]","og_url":"https:\/\/cvinoticias.com\/v3\/detienen-y-separan-de-la-policia-a-un-sargento-por-sustraer-armas-del-comando-de-apostoles\/","og_site_name":"CVI NOTICIAS","article_publisher":"https:\/\/www.facebook.com\/cvinoticias","article_published_time":"2023-06-08T12:00:06+00:00","og_image":[{"width":1280,"height":960,"url":"https:\/\/cvinoticias.com\/wp-content\/uploads\/2023\/06\/IMG-20230608-WA0005.jpg","type":"image\/jpeg"}],"author":"f1000024","twitter_card":"summary_large_image","twitter_misc":{"Escrito por":"f1000024","Tiempo de lectura":"2 minutos"},"schema":{"@context":"https:\/\/schema.org","@graph":[{"@type":"Article","@id":"https:\/\/cvinoticias.com\/v3\/detienen-y-separan-de-la-policia-a-un-sargento-por-sustraer-armas-del-comando-de-apostoles\/#article","isPartOf":{"@id":"https:\/\/cvinoticias.com\/v3\/detienen-y-separan-de-la-policia-a-un-sargento-por-sustraer-armas-del-comando-de-apostoles\/"},"author":{"name":"f1000024","@id":"https:\/\/cvinoticias.com\/v3\/#\/schema\/person\/2db77e3c6bc03c538495d7b2b8be9b66"},"headline":"Detienen y separan de la Polic\u00eda a un Sargento por sustraer armas del Comando de Ap\u00f3stoles","datePublished":"2023-06-08T12:00:06+00:00","mainEntityOfPage":{"@id":"https:\/\/cvinoticias.com\/v3\/detienen-y-separan-de-la-policia-a-un-sargento-por-sustraer-armas-del-comando-de-apostoles\/"},"wordCount":386,"commentCount":0,"publisher":{"@id":"https:\/\/cvinoticias.com\/v3\/#organization"},"image":{"@id":"https:\/\/cvinoticias.com\/v3\/detienen-y-separan-de-la-policia-a-un-sargento-por-sustraer-armas-del-comando-de-apostoles\/#primaryimage"},"thumbnailUrl":"https:\/\/cvinoticias.com\/wp-content\/uploads\/2023\/06\/IMG-20230608-WA0005.jpg","articleSection":["Policiales","Provinciales"],"inLanguage":"es","potentialAction":[{"@type":"CommentAction","name":"Comment","target":["https:\/\/cvinoticias.com\/v3\/detienen-y-separan-de-la-policia-a-un-sargento-por-sustraer-armas-del-comando-de-apostoles\/#respond"]}]},{"@type":"WebPage","@id":"https:\/\/cvinoticias.com\/v3\/detienen-y-separan-de-la-policia-a-un-sargento-por-sustraer-armas-del-comando-de-apostoles\/","url":"https:\/\/cvinoticias.com\/v3\/detienen-y-separan-de-la-policia-a-un-sargento-por-sustraer-armas-del-comando-de-apostoles\/","name":"Detienen y separan de la Polic\u00eda a un Sargento por sustraer armas del Comando de Ap\u00f3stoles | CVI NOTICIAS","isPartOf":{"@id":"https:\/\/cvinoticias.com\/v3\/#website"},"primaryImageOfPage":{"@id":"https:\/\/cvinoticias.com\/v3\/detienen-y-separan-de-la-policia-a-un-sargento-por-sustraer-armas-del-comando-de-apostoles\/#primaryimage"},"image":{"@id":"https:\/\/cvinoticias.com\/v3\/detienen-y-separan-de-la-policia-a-un-sargento-por-sustraer-armas-del-comando-de-apostoles\/#primaryimage"},"thumbnailUrl":"https:\/\/cvinoticias.com\/wp-content\/uploads\/2023\/06\/IMG-20230608-WA0005.jpg","datePublished":"2023-06-08T12:00:06+00:00","breadcrumb":{"@id":"https:\/\/cvinoticias.com\/v3\/detienen-y-separan-de-la-policia-a-un-sargento-por-sustraer-armas-del-comando-de-apostoles\/#breadcrumb"},"inLanguage":"es","potentialAction":[{"@type":"ReadAction","target":["https:\/\/cvinoticias.com\/v3\/detienen-y-separan-de-la-policia-a-un-sargento-por-sustraer-armas-del-comando-de-apostoles\/"]}]},{"@type":"ImageObject","inLanguage":"es","@id":"https:\/\/cvinoticias.com\/v3\/detienen-y-separan-de-la-policia-a-un-sargento-por-sustraer-armas-del-comando-de-apostoles\/#primaryimage","url":"https:\/\/cvinoticias.com\/wp-content\/uploads\/2023\/06\/IMG-20230608-WA0005.jpg","contentUrl":"https:\/\/cvinoticias.com\/wp-content\/uploads\/2023\/06\/IMG-20230608-WA0005.jpg","width":1280,"height":960},{"@type":"BreadcrumbList","@id":"https:\/\/cvinoticias.com\/v3\/detienen-y-separan-de-la-policia-a-un-sargento-por-sustraer-armas-del-comando-de-apostoles\/#breadcrumb","itemListElement":[{"@type":"ListItem","position":1,"name":"Portada","item":"https:\/\/cvinoticias.com\/v3\/"},{"@type":"ListItem","position":2,"name":"Detienen y separan de la Polic\u00eda a un Sargento por sustraer armas del Comando de Ap\u00f3stoles"}]},{"@type":"WebSite","@id":"https:\/\/cvinoticias.com\/v3\/#website","url":"https:\/\/cvinoticias.com\/v3\/","name":"CVI NOTICIAS","description":"","publisher":{"@id":"https:\/\/cvinoticias.com\/v3\/#organization"},"alternateName":"CVI","potentialAction":[{"@type":"SearchAction","target":{"@type":"EntryPoint","urlTemplate":"https:\/\/cvinoticias.com\/v3\/?s={search_term_string}"},"query-input":{"@type":"PropertyValueSpecification","valueRequired":true,"valueName":"search_term_string"}}],"inLanguage":"es"},{"@type":"Organization","@id":"https:\/\/cvinoticias.com\/v3\/#organization","name":"CVI NOTICIAS","url":"https:\/\/cvinoticias.com\/v3\/","logo":{"@type":"ImageObject","inLanguage":"es","@id":"https:\/\/cvinoticias.com\/v3\/#\/schema\/logo\/image\/","url":"https:\/\/cvinoticias.com\/wp-content\/uploads\/2023\/04\/cropped-cropped-cropped-cropped-cropped-3-1.png","contentUrl":"https:\/\/cvinoticias.com\/wp-content\/uploads\/2023\/04\/cropped-cropped-cropped-cropped-cropped-3-1.png","width":95,"height":122,"caption":"CVI NOTICIAS"},"image":{"@id":"https:\/\/cvinoticias.com\/v3\/#\/schema\/logo\/image\/"},"sameAs":["https:\/\/www.facebook.com\/cvinoticias","https:\/\/www.instagram.com\/cvinoticias\/","https:\/\/www.youtube.com\/@CVINOTICIAS"]},{"@type":"Person","@id":"https:\/\/cvinoticias.com\/v3\/#\/schema\/person\/2db77e3c6bc03c538495d7b2b8be9b66","name":"f1000024","image":{"@type":"ImageObject","inLanguage":"es","@id":"https:\/\/secure.gravatar.com\/avatar\/d4fe7459cfc51ff5129ce1a732bbef5928568b8092d412ef95611616376bbeed?s=96&d=mm&r=g","url":"https:\/\/secure.gravatar.com\/avatar\/d4fe7459cfc51ff5129ce1a732bbef5928568b8092d412ef95611616376bbeed?s=96&d=mm&r=g","contentUrl":"https:\/\/secure.gravatar.com\/avatar\/d4fe7459cfc51ff5129ce1a732bbef5928568b8092d412ef95611616376bbeed?s=96&d=mm&r=g","caption":"f1000024"},"url":"https:\/\/cvinoticias.com\/v3\/author\/f1000024\/"}]}},"_links":{"self":[{"href":"https:\/\/cvinoticias.com\/v3\/wp-json\/wp\/v2\/posts\/25327","targetHints":{"allow":["GET"]}}],"collection":[{"href":"https:\/\/cvinoticias.com\/v3\/wp-json\/wp\/v2\/posts"}],"about":[{"href":"https:\/\/cvinoticias.com\/v3\/wp-json\/wp\/v2\/types\/post"}],"author":[{"embeddable":true,"href":"https:\/\/cvinoticias.com\/v3\/wp-json\/wp\/v2\/users\/2"}],"replies":[{"embeddable":true,"href":"https:\/\/cvinoticias.com\/v3\/wp-json\/wp\/v2\/comments?post=25327"}],"version-history":[{"count":1,"href":"https:\/\/cvinoticias.com\/v3\/wp-json\/wp\/v2\/posts\/25327\/revisions"}],"predecessor-version":[{"id":25329,"href":"https:\/\/cvinoticias.com\/v3\/wp-json\/wp\/v2\/posts\/25327\/revisions\/25329"}],"wp:featuredmedia":[{"embeddable":true,"href":"https:\/\/cvinoticias.com\/v3\/wp-json\/wp\/v2\/media\/25328"}],"wp:attachment":[{"href":"https:\/\/cvinoticias.com\/v3\/wp-json\/wp\/v2\/media?parent=25327"}],"wp:term":[{"taxonomy":"category","embeddable":true,"href":"https:\/\/cvinoticias.com\/v3\/wp-json\/wp\/v2\/categories?post=25327"},{"taxonomy":"post_tag","embeddable":true,"href":"https:\/\/cvinoticias.com\/v3\/wp-json\/wp\/v2\/tags?post=25327"}],"curies":[{"name":"wp","href":"https:\/\/api.w.org\/{rel}","templated":true}]}}