{"id":25305,"date":"2023-06-07T11:38:34","date_gmt":"2023-06-07T11:38:34","guid":{"rendered":"https:\/\/cvinoticias.com\/v3\/?p=25305"},"modified":"2023-06-07T11:38:34","modified_gmt":"2023-06-07T11:38:34","slug":"el-papa-francisco-se-sometera-a-una-operacion-de-abdomen-y-quedara-internado-varios-dias","status":"publish","type":"post","link":"https:\/\/cvinoticias.com\/v3\/el-papa-francisco-se-sometera-a-una-operacion-de-abdomen-y-quedara-internado-varios-dias\/","title":{"rendered":"El papa Francisco se someter\u00e1 a una operaci\u00f3n de abdomen y quedar\u00e1 internado varios d\u00edas"},"content":{"rendered":"\n<p><strong><em>Su equipo m\u00e9dico decidi\u00f3 en los \u00faltimos d\u00edas que la cirug\u00eda era necesaria, seg\u00fan inform\u00f3 el Vaticano.<\/em><\/strong><\/p>\n\n\n\n<p>El papa Francisco, de 86 a\u00f1os, ser\u00e1 operado del abdomen este mi\u00e9rcoles por la tarde en el hospital Gemelli de Roma, inform\u00f3 el Vaticano en un comunicado.<\/p>\n\n\n\n<p>Su equipo m\u00e9dico decidi\u00f3 en los \u00faltimos d\u00edas que la cirug\u00eda era necesaria y se espera que permanezca en el hospital durante \u00abvarios d\u00edas\u00bb para recuperarse, seg\u00fan el Vaticano, que indic\u00f3 que ser\u00e1 intervenido de la pared abdominal bajo anestesia general.<\/p>\n\n\n\n<p>Francisco ten\u00eda previsto ser trasladado al hospital tras su audiencia semanal en el Vaticano el mi\u00e9rcoles por la ma\u00f1ana, en la que no hizo ninguna menci\u00f3n a la operaci\u00f3n prevista. El martes pas\u00f3 40 minutos en el hospital Gemelli para someterse a un chequeo.<\/p>\n\n\n\n<p>El Papa, que en marzo celebr\u00f3 el d\u00e9cimo aniversario de su pontificado, utiliza a menudo una silla de ruedas o un bast\u00f3n para caminar debido a un persistente dolor en la rodilla.<\/p>\n\n\n\n<p>En julio de 2021 le extirparon parte del colon en una operaci\u00f3n para tratar una dolorosa enfermedad intestinal llamada diverticulitis. A principios de este a\u00f1o dijo que la enfermedad hab\u00eda reaparecido.<\/p>\n\n\n\n<p>El a\u00f1o pasado, el Papa dijo que no quer\u00eda operarse de la rodilla porque la anestesia general de la operaci\u00f3n de colon le hab\u00eda provocado efectos secundarios desagradables.<\/p>\n","protected":false},"excerpt":{"rendered":"<p>Su equipo m\u00e9dico decidi\u00f3 en los \u00faltimos d\u00edas que la cirug\u00eda era necesaria, seg\u00fan inform\u00f3 el Vaticano. El papa Francisco, de 86 a\u00f1os, ser\u00e1 operado del abdomen este mi\u00e9rcoles por la tarde en el hospital Gemelli de Roma, inform\u00f3 el Vaticano en un comunicado. Su equipo m\u00e9dico decidi\u00f3 en los \u00faltimos d\u00edas que la cirug\u00eda [&hellip;]<\/p>\n","protected":false},"author":2,"featured_media":25306,"comment_status":"open","ping_status":"open","sticky":false,"template":"","format":"standard","meta":{"footnotes":""},"categories":[36],"tags":[],"class_list":["post-25305","post","type-post","status-publish","format-standard","has-post-thumbnail","hentry","category-internacionales"],"yoast_head":"<!-- This site is optimized with the Yoast SEO plugin v27.4 - https:\/\/yoast.com\/product\/yoast-seo-wordpress\/ -->\n<title>El papa Francisco se someter\u00e1 a una operaci\u00f3n de abdomen y quedar\u00e1 internado varios d\u00edas | CVI NOTICIAS<\/title>\n<meta name=\"robots\" content=\"index, follow, max-snippet:-1, max-image-preview:large, max-video-preview:-1\" \/>\n<link rel=\"canonical\" href=\"https:\/\/cvinoticias.com\/v3\/el-papa-francisco-se-sometera-a-una-operacion-de-abdomen-y-quedara-internado-varios-dias\/\" \/>\n<meta property=\"og:locale\" content=\"es_ES\" \/>\n<meta property=\"og:type\" content=\"article\" \/>\n<meta property=\"og:title\" content=\"El papa Francisco se someter\u00e1 a una operaci\u00f3n de abdomen y quedar\u00e1 internado varios d\u00edas | CVI NOTICIAS\" \/>\n<meta property=\"og:description\" content=\"Su equipo m\u00e9dico decidi\u00f3 en los \u00faltimos d\u00edas que la cirug\u00eda era necesaria, seg\u00fan inform\u00f3 el Vaticano. El papa Francisco, de 86 a\u00f1os, ser\u00e1 operado del abdomen este mi\u00e9rcoles por la tarde en el hospital Gemelli de Roma, inform\u00f3 el Vaticano en un comunicado. Su equipo m\u00e9dico decidi\u00f3 en los \u00faltimos d\u00edas que la cirug\u00eda [&hellip;]\" \/>\n<meta property=\"og:url\" content=\"https:\/\/cvinoticias.com\/v3\/el-papa-francisco-se-sometera-a-una-operacion-de-abdomen-y-quedara-internado-varios-dias\/\" \/>\n<meta property=\"og:site_name\" content=\"CVI NOTICIAS\" \/>\n<meta property=\"article:publisher\" content=\"https:\/\/www.facebook.com\/cvinoticias\" \/>\n<meta property=\"article:published_time\" content=\"2023-06-07T11:38:34+00:00\" \/>\n<meta property=\"og:image\" content=\"https:\/\/cvinoticias.com\/wp-content\/uploads\/2023\/06\/9ed1ccc4f7543b89276b878fdf5fb145_S.jpg\" \/>\n\t<meta property=\"og:image:width\" content=\"480\" \/>\n\t<meta property=\"og:image:height\" content=\"320\" \/>\n\t<meta property=\"og:image:type\" content=\"image\/jpeg\" \/>\n<meta name=\"author\" content=\"f1000024\" \/>\n<meta name=\"twitter:card\" content=\"summary_large_image\" \/>\n<meta name=\"twitter:label1\" content=\"Escrito por\" \/>\n\t<meta name=\"twitter:data1\" content=\"f1000024\" \/>\n\t<meta name=\"twitter:label2\" content=\"Tiempo de lectura\" \/>\n\t<meta name=\"twitter:data2\" content=\"1 minuto\" \/>\n<script type=\"application\/ld+json\" class=\"yoast-schema-graph\">{\"@context\":\"https:\\\/\\\/schema.org\",\"@graph\":[{\"@type\":\"Article\",\"@id\":\"https:\\\/\\\/cvinoticias.com\\\/v3\\\/el-papa-francisco-se-sometera-a-una-operacion-de-abdomen-y-quedara-internado-varios-dias\\\/#article\",\"isPartOf\":{\"@id\":\"https:\\\/\\\/cvinoticias.com\\\/v3\\\/el-papa-francisco-se-sometera-a-una-operacion-de-abdomen-y-quedara-internado-varios-dias\\\/\"},\"author\":{\"name\":\"f1000024\",\"@id\":\"https:\\\/\\\/cvinoticias.com\\\/v3\\\/#\\\/schema\\\/person\\\/2db77e3c6bc03c538495d7b2b8be9b66\"},\"headline\":\"El papa Francisco se someter\u00e1 a una operaci\u00f3n de abdomen y quedar\u00e1 internado varios d\u00edas\",\"datePublished\":\"2023-06-07T11:38:34+00:00\",\"mainEntityOfPage\":{\"@id\":\"https:\\\/\\\/cvinoticias.com\\\/v3\\\/el-papa-francisco-se-sometera-a-una-operacion-de-abdomen-y-quedara-internado-varios-dias\\\/\"},\"wordCount\":259,\"commentCount\":0,\"publisher\":{\"@id\":\"https:\\\/\\\/cvinoticias.com\\\/v3\\\/#organization\"},\"image\":{\"@id\":\"https:\\\/\\\/cvinoticias.com\\\/v3\\\/el-papa-francisco-se-sometera-a-una-operacion-de-abdomen-y-quedara-internado-varios-dias\\\/#primaryimage\"},\"thumbnailUrl\":\"https:\\\/\\\/cvinoticias.com\\\/wp-content\\\/uploads\\\/2023\\\/06\\\/9ed1ccc4f7543b89276b878fdf5fb145_S.jpg\",\"articleSection\":[\"Internacionales\"],\"inLanguage\":\"es\",\"potentialAction\":[{\"@type\":\"CommentAction\",\"name\":\"Comment\",\"target\":[\"https:\\\/\\\/cvinoticias.com\\\/v3\\\/el-papa-francisco-se-sometera-a-una-operacion-de-abdomen-y-quedara-internado-varios-dias\\\/#respond\"]}]},{\"@type\":\"WebPage\",\"@id\":\"https:\\\/\\\/cvinoticias.com\\\/v3\\\/el-papa-francisco-se-sometera-a-una-operacion-de-abdomen-y-quedara-internado-varios-dias\\\/\",\"url\":\"https:\\\/\\\/cvinoticias.com\\\/v3\\\/el-papa-francisco-se-sometera-a-una-operacion-de-abdomen-y-quedara-internado-varios-dias\\\/\",\"name\":\"El papa Francisco se someter\u00e1 a una operaci\u00f3n de abdomen y quedar\u00e1 internado varios d\u00edas | CVI NOTICIAS\",\"isPartOf\":{\"@id\":\"https:\\\/\\\/cvinoticias.com\\\/v3\\\/#website\"},\"primaryImageOfPage\":{\"@id\":\"https:\\\/\\\/cvinoticias.com\\\/v3\\\/el-papa-francisco-se-sometera-a-una-operacion-de-abdomen-y-quedara-internado-varios-dias\\\/#primaryimage\"},\"image\":{\"@id\":\"https:\\\/\\\/cvinoticias.com\\\/v3\\\/el-papa-francisco-se-sometera-a-una-operacion-de-abdomen-y-quedara-internado-varios-dias\\\/#primaryimage\"},\"thumbnailUrl\":\"https:\\\/\\\/cvinoticias.com\\\/wp-content\\\/uploads\\\/2023\\\/06\\\/9ed1ccc4f7543b89276b878fdf5fb145_S.jpg\",\"datePublished\":\"2023-06-07T11:38:34+00:00\",\"breadcrumb\":{\"@id\":\"https:\\\/\\\/cvinoticias.com\\\/v3\\\/el-papa-francisco-se-sometera-a-una-operacion-de-abdomen-y-quedara-internado-varios-dias\\\/#breadcrumb\"},\"inLanguage\":\"es\",\"potentialAction\":[{\"@type\":\"ReadAction\",\"target\":[\"https:\\\/\\\/cvinoticias.com\\\/v3\\\/el-papa-francisco-se-sometera-a-una-operacion-de-abdomen-y-quedara-internado-varios-dias\\\/\"]}]},{\"@type\":\"ImageObject\",\"inLanguage\":\"es\",\"@id\":\"https:\\\/\\\/cvinoticias.com\\\/v3\\\/el-papa-francisco-se-sometera-a-una-operacion-de-abdomen-y-quedara-internado-varios-dias\\\/#primaryimage\",\"url\":\"https:\\\/\\\/cvinoticias.com\\\/wp-content\\\/uploads\\\/2023\\\/06\\\/9ed1ccc4f7543b89276b878fdf5fb145_S.jpg\",\"contentUrl\":\"https:\\\/\\\/cvinoticias.com\\\/wp-content\\\/uploads\\\/2023\\\/06\\\/9ed1ccc4f7543b89276b878fdf5fb145_S.jpg\",\"width\":480,\"height\":320},{\"@type\":\"BreadcrumbList\",\"@id\":\"https:\\\/\\\/cvinoticias.com\\\/v3\\\/el-papa-francisco-se-sometera-a-una-operacion-de-abdomen-y-quedara-internado-varios-dias\\\/#breadcrumb\",\"itemListElement\":[{\"@type\":\"ListItem\",\"position\":1,\"name\":\"Portada\",\"item\":\"https:\\\/\\\/cvinoticias.com\\\/v3\\\/\"},{\"@type\":\"ListItem\",\"position\":2,\"name\":\"El papa Francisco se someter\u00e1 a una operaci\u00f3n de abdomen y quedar\u00e1 internado varios d\u00edas\"}]},{\"@type\":\"WebSite\",\"@id\":\"https:\\\/\\\/cvinoticias.com\\\/v3\\\/#website\",\"url\":\"https:\\\/\\\/cvinoticias.com\\\/v3\\\/\",\"name\":\"CVI NOTICIAS\",\"description\":\"\",\"publisher\":{\"@id\":\"https:\\\/\\\/cvinoticias.com\\\/v3\\\/#organization\"},\"alternateName\":\"CVI\",\"potentialAction\":[{\"@type\":\"SearchAction\",\"target\":{\"@type\":\"EntryPoint\",\"urlTemplate\":\"https:\\\/\\\/cvinoticias.com\\\/v3\\\/?s={search_term_string}\"},\"query-input\":{\"@type\":\"PropertyValueSpecification\",\"valueRequired\":true,\"valueName\":\"search_term_string\"}}],\"inLanguage\":\"es\"},{\"@type\":\"Organization\",\"@id\":\"https:\\\/\\\/cvinoticias.com\\\/v3\\\/#organization\",\"name\":\"CVI NOTICIAS\",\"url\":\"https:\\\/\\\/cvinoticias.com\\\/v3\\\/\",\"logo\":{\"@type\":\"ImageObject\",\"inLanguage\":\"es\",\"@id\":\"https:\\\/\\\/cvinoticias.com\\\/v3\\\/#\\\/schema\\\/logo\\\/image\\\/\",\"url\":\"https:\\\/\\\/cvinoticias.com\\\/wp-content\\\/uploads\\\/2023\\\/04\\\/cropped-cropped-cropped-cropped-cropped-3-1.png\",\"contentUrl\":\"https:\\\/\\\/cvinoticias.com\\\/wp-content\\\/uploads\\\/2023\\\/04\\\/cropped-cropped-cropped-cropped-cropped-3-1.png\",\"width\":95,\"height\":122,\"caption\":\"CVI NOTICIAS\"},\"image\":{\"@id\":\"https:\\\/\\\/cvinoticias.com\\\/v3\\\/#\\\/schema\\\/logo\\\/image\\\/\"},\"sameAs\":[\"https:\\\/\\\/www.facebook.com\\\/cvinoticias\",\"https:\\\/\\\/www.instagram.com\\\/cvinoticias\\\/\",\"https:\\\/\\\/www.youtube.com\\\/@CVINOTICIAS\"]},{\"@type\":\"Person\",\"@id\":\"https:\\\/\\\/cvinoticias.com\\\/v3\\\/#\\\/schema\\\/person\\\/2db77e3c6bc03c538495d7b2b8be9b66\",\"name\":\"f1000024\",\"image\":{\"@type\":\"ImageObject\",\"inLanguage\":\"es\",\"@id\":\"https:\\\/\\\/secure.gravatar.com\\\/avatar\\\/d4fe7459cfc51ff5129ce1a732bbef5928568b8092d412ef95611616376bbeed?s=96&d=mm&r=g\",\"url\":\"https:\\\/\\\/secure.gravatar.com\\\/avatar\\\/d4fe7459cfc51ff5129ce1a732bbef5928568b8092d412ef95611616376bbeed?s=96&d=mm&r=g\",\"contentUrl\":\"https:\\\/\\\/secure.gravatar.com\\\/avatar\\\/d4fe7459cfc51ff5129ce1a732bbef5928568b8092d412ef95611616376bbeed?s=96&d=mm&r=g\",\"caption\":\"f1000024\"},\"url\":\"https:\\\/\\\/cvinoticias.com\\\/v3\\\/author\\\/f1000024\\\/\"}]}<\/script>\n<!-- \/ Yoast SEO plugin. -->","yoast_head_json":{"title":"El papa Francisco se someter\u00e1 a una operaci\u00f3n de abdomen y quedar\u00e1 internado varios d\u00edas | CVI NOTICIAS","robots":{"index":"index","follow":"follow","max-snippet":"max-snippet:-1","max-image-preview":"max-image-preview:large","max-video-preview":"max-video-preview:-1"},"canonical":"https:\/\/cvinoticias.com\/v3\/el-papa-francisco-se-sometera-a-una-operacion-de-abdomen-y-quedara-internado-varios-dias\/","og_locale":"es_ES","og_type":"article","og_title":"El papa Francisco se someter\u00e1 a una operaci\u00f3n de abdomen y quedar\u00e1 internado varios d\u00edas | CVI NOTICIAS","og_description":"Su equipo m\u00e9dico decidi\u00f3 en los \u00faltimos d\u00edas que la cirug\u00eda era necesaria, seg\u00fan inform\u00f3 el Vaticano. El papa Francisco, de 86 a\u00f1os, ser\u00e1 operado del abdomen este mi\u00e9rcoles por la tarde en el hospital Gemelli de Roma, inform\u00f3 el Vaticano en un comunicado. Su equipo m\u00e9dico decidi\u00f3 en los \u00faltimos d\u00edas que la cirug\u00eda [&hellip;]","og_url":"https:\/\/cvinoticias.com\/v3\/el-papa-francisco-se-sometera-a-una-operacion-de-abdomen-y-quedara-internado-varios-dias\/","og_site_name":"CVI NOTICIAS","article_publisher":"https:\/\/www.facebook.com\/cvinoticias","article_published_time":"2023-06-07T11:38:34+00:00","og_image":[{"width":480,"height":320,"url":"https:\/\/cvinoticias.com\/wp-content\/uploads\/2023\/06\/9ed1ccc4f7543b89276b878fdf5fb145_S.jpg","type":"image\/jpeg"}],"author":"f1000024","twitter_card":"summary_large_image","twitter_misc":{"Escrito por":"f1000024","Tiempo de lectura":"1 minuto"},"schema":{"@context":"https:\/\/schema.org","@graph":[{"@type":"Article","@id":"https:\/\/cvinoticias.com\/v3\/el-papa-francisco-se-sometera-a-una-operacion-de-abdomen-y-quedara-internado-varios-dias\/#article","isPartOf":{"@id":"https:\/\/cvinoticias.com\/v3\/el-papa-francisco-se-sometera-a-una-operacion-de-abdomen-y-quedara-internado-varios-dias\/"},"author":{"name":"f1000024","@id":"https:\/\/cvinoticias.com\/v3\/#\/schema\/person\/2db77e3c6bc03c538495d7b2b8be9b66"},"headline":"El papa Francisco se someter\u00e1 a una operaci\u00f3n de abdomen y quedar\u00e1 internado varios d\u00edas","datePublished":"2023-06-07T11:38:34+00:00","mainEntityOfPage":{"@id":"https:\/\/cvinoticias.com\/v3\/el-papa-francisco-se-sometera-a-una-operacion-de-abdomen-y-quedara-internado-varios-dias\/"},"wordCount":259,"commentCount":0,"publisher":{"@id":"https:\/\/cvinoticias.com\/v3\/#organization"},"image":{"@id":"https:\/\/cvinoticias.com\/v3\/el-papa-francisco-se-sometera-a-una-operacion-de-abdomen-y-quedara-internado-varios-dias\/#primaryimage"},"thumbnailUrl":"https:\/\/cvinoticias.com\/wp-content\/uploads\/2023\/06\/9ed1ccc4f7543b89276b878fdf5fb145_S.jpg","articleSection":["Internacionales"],"inLanguage":"es","potentialAction":[{"@type":"CommentAction","name":"Comment","target":["https:\/\/cvinoticias.com\/v3\/el-papa-francisco-se-sometera-a-una-operacion-de-abdomen-y-quedara-internado-varios-dias\/#respond"]}]},{"@type":"WebPage","@id":"https:\/\/cvinoticias.com\/v3\/el-papa-francisco-se-sometera-a-una-operacion-de-abdomen-y-quedara-internado-varios-dias\/","url":"https:\/\/cvinoticias.com\/v3\/el-papa-francisco-se-sometera-a-una-operacion-de-abdomen-y-quedara-internado-varios-dias\/","name":"El papa Francisco se someter\u00e1 a una operaci\u00f3n de abdomen y quedar\u00e1 internado varios d\u00edas | CVI NOTICIAS","isPartOf":{"@id":"https:\/\/cvinoticias.com\/v3\/#website"},"primaryImageOfPage":{"@id":"https:\/\/cvinoticias.com\/v3\/el-papa-francisco-se-sometera-a-una-operacion-de-abdomen-y-quedara-internado-varios-dias\/#primaryimage"},"image":{"@id":"https:\/\/cvinoticias.com\/v3\/el-papa-francisco-se-sometera-a-una-operacion-de-abdomen-y-quedara-internado-varios-dias\/#primaryimage"},"thumbnailUrl":"https:\/\/cvinoticias.com\/wp-content\/uploads\/2023\/06\/9ed1ccc4f7543b89276b878fdf5fb145_S.jpg","datePublished":"2023-06-07T11:38:34+00:00","breadcrumb":{"@id":"https:\/\/cvinoticias.com\/v3\/el-papa-francisco-se-sometera-a-una-operacion-de-abdomen-y-quedara-internado-varios-dias\/#breadcrumb"},"inLanguage":"es","potentialAction":[{"@type":"ReadAction","target":["https:\/\/cvinoticias.com\/v3\/el-papa-francisco-se-sometera-a-una-operacion-de-abdomen-y-quedara-internado-varios-dias\/"]}]},{"@type":"ImageObject","inLanguage":"es","@id":"https:\/\/cvinoticias.com\/v3\/el-papa-francisco-se-sometera-a-una-operacion-de-abdomen-y-quedara-internado-varios-dias\/#primaryimage","url":"https:\/\/cvinoticias.com\/wp-content\/uploads\/2023\/06\/9ed1ccc4f7543b89276b878fdf5fb145_S.jpg","contentUrl":"https:\/\/cvinoticias.com\/wp-content\/uploads\/2023\/06\/9ed1ccc4f7543b89276b878fdf5fb145_S.jpg","width":480,"height":320},{"@type":"BreadcrumbList","@id":"https:\/\/cvinoticias.com\/v3\/el-papa-francisco-se-sometera-a-una-operacion-de-abdomen-y-quedara-internado-varios-dias\/#breadcrumb","itemListElement":[{"@type":"ListItem","position":1,"name":"Portada","item":"https:\/\/cvinoticias.com\/v3\/"},{"@type":"ListItem","position":2,"name":"El papa Francisco se someter\u00e1 a una operaci\u00f3n de abdomen y quedar\u00e1 internado varios d\u00edas"}]},{"@type":"WebSite","@id":"https:\/\/cvinoticias.com\/v3\/#website","url":"https:\/\/cvinoticias.com\/v3\/","name":"CVI NOTICIAS","description":"","publisher":{"@id":"https:\/\/cvinoticias.com\/v3\/#organization"},"alternateName":"CVI","potentialAction":[{"@type":"SearchAction","target":{"@type":"EntryPoint","urlTemplate":"https:\/\/cvinoticias.com\/v3\/?s={search_term_string}"},"query-input":{"@type":"PropertyValueSpecification","valueRequired":true,"valueName":"search_term_string"}}],"inLanguage":"es"},{"@type":"Organization","@id":"https:\/\/cvinoticias.com\/v3\/#organization","name":"CVI NOTICIAS","url":"https:\/\/cvinoticias.com\/v3\/","logo":{"@type":"ImageObject","inLanguage":"es","@id":"https:\/\/cvinoticias.com\/v3\/#\/schema\/logo\/image\/","url":"https:\/\/cvinoticias.com\/wp-content\/uploads\/2023\/04\/cropped-cropped-cropped-cropped-cropped-3-1.png","contentUrl":"https:\/\/cvinoticias.com\/wp-content\/uploads\/2023\/04\/cropped-cropped-cropped-cropped-cropped-3-1.png","width":95,"height":122,"caption":"CVI NOTICIAS"},"image":{"@id":"https:\/\/cvinoticias.com\/v3\/#\/schema\/logo\/image\/"},"sameAs":["https:\/\/www.facebook.com\/cvinoticias","https:\/\/www.instagram.com\/cvinoticias\/","https:\/\/www.youtube.com\/@CVINOTICIAS"]},{"@type":"Person","@id":"https:\/\/cvinoticias.com\/v3\/#\/schema\/person\/2db77e3c6bc03c538495d7b2b8be9b66","name":"f1000024","image":{"@type":"ImageObject","inLanguage":"es","@id":"https:\/\/secure.gravatar.com\/avatar\/d4fe7459cfc51ff5129ce1a732bbef5928568b8092d412ef95611616376bbeed?s=96&d=mm&r=g","url":"https:\/\/secure.gravatar.com\/avatar\/d4fe7459cfc51ff5129ce1a732bbef5928568b8092d412ef95611616376bbeed?s=96&d=mm&r=g","contentUrl":"https:\/\/secure.gravatar.com\/avatar\/d4fe7459cfc51ff5129ce1a732bbef5928568b8092d412ef95611616376bbeed?s=96&d=mm&r=g","caption":"f1000024"},"url":"https:\/\/cvinoticias.com\/v3\/author\/f1000024\/"}]}},"_links":{"self":[{"href":"https:\/\/cvinoticias.com\/v3\/wp-json\/wp\/v2\/posts\/25305","targetHints":{"allow":["GET"]}}],"collection":[{"href":"https:\/\/cvinoticias.com\/v3\/wp-json\/wp\/v2\/posts"}],"about":[{"href":"https:\/\/cvinoticias.com\/v3\/wp-json\/wp\/v2\/types\/post"}],"author":[{"embeddable":true,"href":"https:\/\/cvinoticias.com\/v3\/wp-json\/wp\/v2\/users\/2"}],"replies":[{"embeddable":true,"href":"https:\/\/cvinoticias.com\/v3\/wp-json\/wp\/v2\/comments?post=25305"}],"version-history":[{"count":1,"href":"https:\/\/cvinoticias.com\/v3\/wp-json\/wp\/v2\/posts\/25305\/revisions"}],"predecessor-version":[{"id":25307,"href":"https:\/\/cvinoticias.com\/v3\/wp-json\/wp\/v2\/posts\/25305\/revisions\/25307"}],"wp:featuredmedia":[{"embeddable":true,"href":"https:\/\/cvinoticias.com\/v3\/wp-json\/wp\/v2\/media\/25306"}],"wp:attachment":[{"href":"https:\/\/cvinoticias.com\/v3\/wp-json\/wp\/v2\/media?parent=25305"}],"wp:term":[{"taxonomy":"category","embeddable":true,"href":"https:\/\/cvinoticias.com\/v3\/wp-json\/wp\/v2\/categories?post=25305"},{"taxonomy":"post_tag","embeddable":true,"href":"https:\/\/cvinoticias.com\/v3\/wp-json\/wp\/v2\/tags?post=25305"}],"curies":[{"name":"wp","href":"https:\/\/api.w.org\/{rel}","templated":true}]}}