{"id":2530,"date":"2021-02-08T22:01:36","date_gmt":"2021-02-08T22:01:36","guid":{"rendered":"https:\/\/cvinoticias.com\/v3\/?p=2530"},"modified":"2021-02-08T22:01:36","modified_gmt":"2021-02-08T22:01:36","slug":"joven-misionera-buscada-fue-localizada-en-ituzaingo","status":"publish","type":"post","link":"https:\/\/cvinoticias.com\/v3\/joven-misionera-buscada-fue-localizada-en-ituzaingo\/","title":{"rendered":"Joven misionera buscada fue localizada en Ituzaing\u00f3"},"content":{"rendered":"\n<p><strong><em>Se trata de Marisol G. de 17 a\u00f1os quien fue localizada por la Gendarmer\u00eda en Ituzaing\u00f3, provincia de Corrientes.<\/em><\/strong><\/p>\n\n\n\n<p>La chica, oriunda de San Pedro, estaba en compa\u00f1\u00eda de otro joven identificado como Brian Ponce.<\/p>\n\n\n\n<p>Para el transcurso de esta jornada estaba previsto que una comisi\u00f3n de la fuerza federal traslade a ambos j\u00f3venes hasta el l\u00edmite de Corrientes y Misiones, y desde all\u00ed, las autoridades de esta provincia llevar\u00e1n a ambos hacia la localidad de San Pedro para que Marisol se reencuentre con su familia.<\/p>\n\n\n\n<p>Cabe destacar que un equipo de profesionales del Ministerio de Derechos Humanos de Misiones acompa\u00f1a las gestiones y la contenci\u00f3n de las personas.<\/p>\n\n\n\n<p>Prensa Polic\u00eda Provincial<\/p>\n","protected":false},"excerpt":{"rendered":"<p>Se trata de Marisol G. de 17 a\u00f1os quien fue localizada por la Gendarmer\u00eda en Ituzaing\u00f3, provincia de Corrientes. La chica, oriunda de San Pedro, estaba en compa\u00f1\u00eda de otro joven identificado como Brian Ponce. Para el transcurso de esta jornada estaba previsto que una comisi\u00f3n de la fuerza federal traslade a ambos j\u00f3venes hasta [&hellip;]<\/p>\n","protected":false},"author":2,"featured_media":2531,"comment_status":"open","ping_status":"open","sticky":false,"template":"","format":"standard","meta":{"footnotes":""},"categories":[41],"tags":[],"class_list":["post-2530","post","type-post","status-publish","format-standard","has-post-thumbnail","hentry","category-policiales"],"yoast_head":"<!-- This site is optimized with the Yoast SEO plugin v27.5 - https:\/\/yoast.com\/product\/yoast-seo-wordpress\/ -->\n<title>Joven misionera buscada fue localizada en Ituzaing\u00f3 | CVI NOTICIAS<\/title>\n<meta name=\"robots\" content=\"index, follow, max-snippet:-1, max-image-preview:large, max-video-preview:-1\" \/>\n<link rel=\"canonical\" href=\"https:\/\/cvinoticias.com\/v3\/joven-misionera-buscada-fue-localizada-en-ituzaingo\/\" \/>\n<meta property=\"og:locale\" content=\"es_ES\" \/>\n<meta property=\"og:type\" content=\"article\" \/>\n<meta property=\"og:title\" content=\"Joven misionera buscada fue localizada en Ituzaing\u00f3 | CVI NOTICIAS\" \/>\n<meta property=\"og:description\" content=\"Se trata de Marisol G. de 17 a\u00f1os quien fue localizada por la Gendarmer\u00eda en Ituzaing\u00f3, provincia de Corrientes. La chica, oriunda de San Pedro, estaba en compa\u00f1\u00eda de otro joven identificado como Brian Ponce. Para el transcurso de esta jornada estaba previsto que una comisi\u00f3n de la fuerza federal traslade a ambos j\u00f3venes hasta [&hellip;]\" \/>\n<meta property=\"og:url\" content=\"https:\/\/cvinoticias.com\/v3\/joven-misionera-buscada-fue-localizada-en-ituzaingo\/\" \/>\n<meta property=\"og:site_name\" content=\"CVI NOTICIAS\" \/>\n<meta property=\"article:publisher\" content=\"https:\/\/www.facebook.com\/cvinoticias\" \/>\n<meta property=\"article:published_time\" content=\"2021-02-08T22:01:36+00:00\" \/>\n<meta property=\"og:image\" content=\"https:\/\/cvinoticias.com\/wp-content\/uploads\/2021\/02\/IMG-20210208-WA0081.jpg\" \/>\n\t<meta property=\"og:image:width\" content=\"629\" \/>\n\t<meta property=\"og:image:height\" content=\"629\" \/>\n\t<meta property=\"og:image:type\" content=\"image\/jpeg\" \/>\n<meta name=\"author\" content=\"f1000024\" \/>\n<meta name=\"twitter:card\" content=\"summary_large_image\" \/>\n<meta name=\"twitter:label1\" content=\"Escrito por\" \/>\n\t<meta name=\"twitter:data1\" content=\"f1000024\" \/>\n\t<meta name=\"twitter:label2\" content=\"Tiempo de lectura\" \/>\n\t<meta name=\"twitter:data2\" content=\"1 minuto\" \/>\n<script type=\"application\/ld+json\" class=\"yoast-schema-graph\">{\"@context\":\"https:\\\/\\\/schema.org\",\"@graph\":[{\"@type\":\"Article\",\"@id\":\"https:\\\/\\\/cvinoticias.com\\\/v3\\\/joven-misionera-buscada-fue-localizada-en-ituzaingo\\\/#article\",\"isPartOf\":{\"@id\":\"https:\\\/\\\/cvinoticias.com\\\/v3\\\/joven-misionera-buscada-fue-localizada-en-ituzaingo\\\/\"},\"author\":{\"name\":\"f1000024\",\"@id\":\"https:\\\/\\\/cvinoticias.com\\\/v3\\\/#\\\/schema\\\/person\\\/2db77e3c6bc03c538495d7b2b8be9b66\"},\"headline\":\"Joven misionera buscada fue localizada en Ituzaing\u00f3\",\"datePublished\":\"2021-02-08T22:01:36+00:00\",\"mainEntityOfPage\":{\"@id\":\"https:\\\/\\\/cvinoticias.com\\\/v3\\\/joven-misionera-buscada-fue-localizada-en-ituzaingo\\\/\"},\"wordCount\":128,\"commentCount\":0,\"publisher\":{\"@id\":\"https:\\\/\\\/cvinoticias.com\\\/v3\\\/#organization\"},\"image\":{\"@id\":\"https:\\\/\\\/cvinoticias.com\\\/v3\\\/joven-misionera-buscada-fue-localizada-en-ituzaingo\\\/#primaryimage\"},\"thumbnailUrl\":\"https:\\\/\\\/cvinoticias.com\\\/wp-content\\\/uploads\\\/2021\\\/02\\\/IMG-20210208-WA0081.jpg\",\"articleSection\":[\"Policiales\"],\"inLanguage\":\"es\",\"potentialAction\":[{\"@type\":\"CommentAction\",\"name\":\"Comment\",\"target\":[\"https:\\\/\\\/cvinoticias.com\\\/v3\\\/joven-misionera-buscada-fue-localizada-en-ituzaingo\\\/#respond\"]}]},{\"@type\":\"WebPage\",\"@id\":\"https:\\\/\\\/cvinoticias.com\\\/v3\\\/joven-misionera-buscada-fue-localizada-en-ituzaingo\\\/\",\"url\":\"https:\\\/\\\/cvinoticias.com\\\/v3\\\/joven-misionera-buscada-fue-localizada-en-ituzaingo\\\/\",\"name\":\"Joven misionera buscada fue localizada en Ituzaing\u00f3 | CVI NOTICIAS\",\"isPartOf\":{\"@id\":\"https:\\\/\\\/cvinoticias.com\\\/v3\\\/#website\"},\"primaryImageOfPage\":{\"@id\":\"https:\\\/\\\/cvinoticias.com\\\/v3\\\/joven-misionera-buscada-fue-localizada-en-ituzaingo\\\/#primaryimage\"},\"image\":{\"@id\":\"https:\\\/\\\/cvinoticias.com\\\/v3\\\/joven-misionera-buscada-fue-localizada-en-ituzaingo\\\/#primaryimage\"},\"thumbnailUrl\":\"https:\\\/\\\/cvinoticias.com\\\/wp-content\\\/uploads\\\/2021\\\/02\\\/IMG-20210208-WA0081.jpg\",\"datePublished\":\"2021-02-08T22:01:36+00:00\",\"breadcrumb\":{\"@id\":\"https:\\\/\\\/cvinoticias.com\\\/v3\\\/joven-misionera-buscada-fue-localizada-en-ituzaingo\\\/#breadcrumb\"},\"inLanguage\":\"es\",\"potentialAction\":[{\"@type\":\"ReadAction\",\"target\":[\"https:\\\/\\\/cvinoticias.com\\\/v3\\\/joven-misionera-buscada-fue-localizada-en-ituzaingo\\\/\"]}]},{\"@type\":\"ImageObject\",\"inLanguage\":\"es\",\"@id\":\"https:\\\/\\\/cvinoticias.com\\\/v3\\\/joven-misionera-buscada-fue-localizada-en-ituzaingo\\\/#primaryimage\",\"url\":\"https:\\\/\\\/cvinoticias.com\\\/wp-content\\\/uploads\\\/2021\\\/02\\\/IMG-20210208-WA0081.jpg\",\"contentUrl\":\"https:\\\/\\\/cvinoticias.com\\\/wp-content\\\/uploads\\\/2021\\\/02\\\/IMG-20210208-WA0081.jpg\",\"width\":629,\"height\":629},{\"@type\":\"BreadcrumbList\",\"@id\":\"https:\\\/\\\/cvinoticias.com\\\/v3\\\/joven-misionera-buscada-fue-localizada-en-ituzaingo\\\/#breadcrumb\",\"itemListElement\":[{\"@type\":\"ListItem\",\"position\":1,\"name\":\"Portada\",\"item\":\"https:\\\/\\\/cvinoticias.com\\\/v3\\\/\"},{\"@type\":\"ListItem\",\"position\":2,\"name\":\"Joven misionera buscada fue localizada en Ituzaing\u00f3\"}]},{\"@type\":\"WebSite\",\"@id\":\"https:\\\/\\\/cvinoticias.com\\\/v3\\\/#website\",\"url\":\"https:\\\/\\\/cvinoticias.com\\\/v3\\\/\",\"name\":\"CVI NOTICIAS\",\"description\":\"\",\"publisher\":{\"@id\":\"https:\\\/\\\/cvinoticias.com\\\/v3\\\/#organization\"},\"alternateName\":\"CVI\",\"potentialAction\":[{\"@type\":\"SearchAction\",\"target\":{\"@type\":\"EntryPoint\",\"urlTemplate\":\"https:\\\/\\\/cvinoticias.com\\\/v3\\\/?s={search_term_string}\"},\"query-input\":{\"@type\":\"PropertyValueSpecification\",\"valueRequired\":true,\"valueName\":\"search_term_string\"}}],\"inLanguage\":\"es\"},{\"@type\":\"Organization\",\"@id\":\"https:\\\/\\\/cvinoticias.com\\\/v3\\\/#organization\",\"name\":\"CVI NOTICIAS\",\"url\":\"https:\\\/\\\/cvinoticias.com\\\/v3\\\/\",\"logo\":{\"@type\":\"ImageObject\",\"inLanguage\":\"es\",\"@id\":\"https:\\\/\\\/cvinoticias.com\\\/v3\\\/#\\\/schema\\\/logo\\\/image\\\/\",\"url\":\"https:\\\/\\\/cvinoticias.com\\\/wp-content\\\/uploads\\\/2023\\\/04\\\/cropped-cropped-cropped-cropped-cropped-3-1.png\",\"contentUrl\":\"https:\\\/\\\/cvinoticias.com\\\/wp-content\\\/uploads\\\/2023\\\/04\\\/cropped-cropped-cropped-cropped-cropped-3-1.png\",\"width\":95,\"height\":122,\"caption\":\"CVI NOTICIAS\"},\"image\":{\"@id\":\"https:\\\/\\\/cvinoticias.com\\\/v3\\\/#\\\/schema\\\/logo\\\/image\\\/\"},\"sameAs\":[\"https:\\\/\\\/www.facebook.com\\\/cvinoticias\",\"https:\\\/\\\/www.instagram.com\\\/cvinoticias\\\/\",\"https:\\\/\\\/www.youtube.com\\\/@CVINOTICIAS\"]},{\"@type\":\"Person\",\"@id\":\"https:\\\/\\\/cvinoticias.com\\\/v3\\\/#\\\/schema\\\/person\\\/2db77e3c6bc03c538495d7b2b8be9b66\",\"name\":\"f1000024\",\"image\":{\"@type\":\"ImageObject\",\"inLanguage\":\"es\",\"@id\":\"https:\\\/\\\/secure.gravatar.com\\\/avatar\\\/d4fe7459cfc51ff5129ce1a732bbef5928568b8092d412ef95611616376bbeed?s=96&d=mm&r=g\",\"url\":\"https:\\\/\\\/secure.gravatar.com\\\/avatar\\\/d4fe7459cfc51ff5129ce1a732bbef5928568b8092d412ef95611616376bbeed?s=96&d=mm&r=g\",\"contentUrl\":\"https:\\\/\\\/secure.gravatar.com\\\/avatar\\\/d4fe7459cfc51ff5129ce1a732bbef5928568b8092d412ef95611616376bbeed?s=96&d=mm&r=g\",\"caption\":\"f1000024\"},\"url\":\"https:\\\/\\\/cvinoticias.com\\\/v3\\\/author\\\/f1000024\\\/\"}]}<\/script>\n<!-- \/ Yoast SEO plugin. -->","yoast_head_json":{"title":"Joven misionera buscada fue localizada en Ituzaing\u00f3 | CVI NOTICIAS","robots":{"index":"index","follow":"follow","max-snippet":"max-snippet:-1","max-image-preview":"max-image-preview:large","max-video-preview":"max-video-preview:-1"},"canonical":"https:\/\/cvinoticias.com\/v3\/joven-misionera-buscada-fue-localizada-en-ituzaingo\/","og_locale":"es_ES","og_type":"article","og_title":"Joven misionera buscada fue localizada en Ituzaing\u00f3 | CVI NOTICIAS","og_description":"Se trata de Marisol G. de 17 a\u00f1os quien fue localizada por la Gendarmer\u00eda en Ituzaing\u00f3, provincia de Corrientes. La chica, oriunda de San Pedro, estaba en compa\u00f1\u00eda de otro joven identificado como Brian Ponce. Para el transcurso de esta jornada estaba previsto que una comisi\u00f3n de la fuerza federal traslade a ambos j\u00f3venes hasta [&hellip;]","og_url":"https:\/\/cvinoticias.com\/v3\/joven-misionera-buscada-fue-localizada-en-ituzaingo\/","og_site_name":"CVI NOTICIAS","article_publisher":"https:\/\/www.facebook.com\/cvinoticias","article_published_time":"2021-02-08T22:01:36+00:00","og_image":[{"width":629,"height":629,"url":"https:\/\/cvinoticias.com\/wp-content\/uploads\/2021\/02\/IMG-20210208-WA0081.jpg","type":"image\/jpeg"}],"author":"f1000024","twitter_card":"summary_large_image","twitter_misc":{"Escrito por":"f1000024","Tiempo de lectura":"1 minuto"},"schema":{"@context":"https:\/\/schema.org","@graph":[{"@type":"Article","@id":"https:\/\/cvinoticias.com\/v3\/joven-misionera-buscada-fue-localizada-en-ituzaingo\/#article","isPartOf":{"@id":"https:\/\/cvinoticias.com\/v3\/joven-misionera-buscada-fue-localizada-en-ituzaingo\/"},"author":{"name":"f1000024","@id":"https:\/\/cvinoticias.com\/v3\/#\/schema\/person\/2db77e3c6bc03c538495d7b2b8be9b66"},"headline":"Joven misionera buscada fue localizada en Ituzaing\u00f3","datePublished":"2021-02-08T22:01:36+00:00","mainEntityOfPage":{"@id":"https:\/\/cvinoticias.com\/v3\/joven-misionera-buscada-fue-localizada-en-ituzaingo\/"},"wordCount":128,"commentCount":0,"publisher":{"@id":"https:\/\/cvinoticias.com\/v3\/#organization"},"image":{"@id":"https:\/\/cvinoticias.com\/v3\/joven-misionera-buscada-fue-localizada-en-ituzaingo\/#primaryimage"},"thumbnailUrl":"https:\/\/cvinoticias.com\/wp-content\/uploads\/2021\/02\/IMG-20210208-WA0081.jpg","articleSection":["Policiales"],"inLanguage":"es","potentialAction":[{"@type":"CommentAction","name":"Comment","target":["https:\/\/cvinoticias.com\/v3\/joven-misionera-buscada-fue-localizada-en-ituzaingo\/#respond"]}]},{"@type":"WebPage","@id":"https:\/\/cvinoticias.com\/v3\/joven-misionera-buscada-fue-localizada-en-ituzaingo\/","url":"https:\/\/cvinoticias.com\/v3\/joven-misionera-buscada-fue-localizada-en-ituzaingo\/","name":"Joven misionera buscada fue localizada en Ituzaing\u00f3 | CVI NOTICIAS","isPartOf":{"@id":"https:\/\/cvinoticias.com\/v3\/#website"},"primaryImageOfPage":{"@id":"https:\/\/cvinoticias.com\/v3\/joven-misionera-buscada-fue-localizada-en-ituzaingo\/#primaryimage"},"image":{"@id":"https:\/\/cvinoticias.com\/v3\/joven-misionera-buscada-fue-localizada-en-ituzaingo\/#primaryimage"},"thumbnailUrl":"https:\/\/cvinoticias.com\/wp-content\/uploads\/2021\/02\/IMG-20210208-WA0081.jpg","datePublished":"2021-02-08T22:01:36+00:00","breadcrumb":{"@id":"https:\/\/cvinoticias.com\/v3\/joven-misionera-buscada-fue-localizada-en-ituzaingo\/#breadcrumb"},"inLanguage":"es","potentialAction":[{"@type":"ReadAction","target":["https:\/\/cvinoticias.com\/v3\/joven-misionera-buscada-fue-localizada-en-ituzaingo\/"]}]},{"@type":"ImageObject","inLanguage":"es","@id":"https:\/\/cvinoticias.com\/v3\/joven-misionera-buscada-fue-localizada-en-ituzaingo\/#primaryimage","url":"https:\/\/cvinoticias.com\/wp-content\/uploads\/2021\/02\/IMG-20210208-WA0081.jpg","contentUrl":"https:\/\/cvinoticias.com\/wp-content\/uploads\/2021\/02\/IMG-20210208-WA0081.jpg","width":629,"height":629},{"@type":"BreadcrumbList","@id":"https:\/\/cvinoticias.com\/v3\/joven-misionera-buscada-fue-localizada-en-ituzaingo\/#breadcrumb","itemListElement":[{"@type":"ListItem","position":1,"name":"Portada","item":"https:\/\/cvinoticias.com\/v3\/"},{"@type":"ListItem","position":2,"name":"Joven misionera buscada fue localizada en Ituzaing\u00f3"}]},{"@type":"WebSite","@id":"https:\/\/cvinoticias.com\/v3\/#website","url":"https:\/\/cvinoticias.com\/v3\/","name":"CVI NOTICIAS","description":"","publisher":{"@id":"https:\/\/cvinoticias.com\/v3\/#organization"},"alternateName":"CVI","potentialAction":[{"@type":"SearchAction","target":{"@type":"EntryPoint","urlTemplate":"https:\/\/cvinoticias.com\/v3\/?s={search_term_string}"},"query-input":{"@type":"PropertyValueSpecification","valueRequired":true,"valueName":"search_term_string"}}],"inLanguage":"es"},{"@type":"Organization","@id":"https:\/\/cvinoticias.com\/v3\/#organization","name":"CVI NOTICIAS","url":"https:\/\/cvinoticias.com\/v3\/","logo":{"@type":"ImageObject","inLanguage":"es","@id":"https:\/\/cvinoticias.com\/v3\/#\/schema\/logo\/image\/","url":"https:\/\/cvinoticias.com\/wp-content\/uploads\/2023\/04\/cropped-cropped-cropped-cropped-cropped-3-1.png","contentUrl":"https:\/\/cvinoticias.com\/wp-content\/uploads\/2023\/04\/cropped-cropped-cropped-cropped-cropped-3-1.png","width":95,"height":122,"caption":"CVI NOTICIAS"},"image":{"@id":"https:\/\/cvinoticias.com\/v3\/#\/schema\/logo\/image\/"},"sameAs":["https:\/\/www.facebook.com\/cvinoticias","https:\/\/www.instagram.com\/cvinoticias\/","https:\/\/www.youtube.com\/@CVINOTICIAS"]},{"@type":"Person","@id":"https:\/\/cvinoticias.com\/v3\/#\/schema\/person\/2db77e3c6bc03c538495d7b2b8be9b66","name":"f1000024","image":{"@type":"ImageObject","inLanguage":"es","@id":"https:\/\/secure.gravatar.com\/avatar\/d4fe7459cfc51ff5129ce1a732bbef5928568b8092d412ef95611616376bbeed?s=96&d=mm&r=g","url":"https:\/\/secure.gravatar.com\/avatar\/d4fe7459cfc51ff5129ce1a732bbef5928568b8092d412ef95611616376bbeed?s=96&d=mm&r=g","contentUrl":"https:\/\/secure.gravatar.com\/avatar\/d4fe7459cfc51ff5129ce1a732bbef5928568b8092d412ef95611616376bbeed?s=96&d=mm&r=g","caption":"f1000024"},"url":"https:\/\/cvinoticias.com\/v3\/author\/f1000024\/"}]}},"_links":{"self":[{"href":"https:\/\/cvinoticias.com\/v3\/wp-json\/wp\/v2\/posts\/2530","targetHints":{"allow":["GET"]}}],"collection":[{"href":"https:\/\/cvinoticias.com\/v3\/wp-json\/wp\/v2\/posts"}],"about":[{"href":"https:\/\/cvinoticias.com\/v3\/wp-json\/wp\/v2\/types\/post"}],"author":[{"embeddable":true,"href":"https:\/\/cvinoticias.com\/v3\/wp-json\/wp\/v2\/users\/2"}],"replies":[{"embeddable":true,"href":"https:\/\/cvinoticias.com\/v3\/wp-json\/wp\/v2\/comments?post=2530"}],"version-history":[{"count":1,"href":"https:\/\/cvinoticias.com\/v3\/wp-json\/wp\/v2\/posts\/2530\/revisions"}],"predecessor-version":[{"id":2532,"href":"https:\/\/cvinoticias.com\/v3\/wp-json\/wp\/v2\/posts\/2530\/revisions\/2532"}],"wp:featuredmedia":[{"embeddable":true,"href":"https:\/\/cvinoticias.com\/v3\/wp-json\/wp\/v2\/media\/2531"}],"wp:attachment":[{"href":"https:\/\/cvinoticias.com\/v3\/wp-json\/wp\/v2\/media?parent=2530"}],"wp:term":[{"taxonomy":"category","embeddable":true,"href":"https:\/\/cvinoticias.com\/v3\/wp-json\/wp\/v2\/categories?post=2530"},{"taxonomy":"post_tag","embeddable":true,"href":"https:\/\/cvinoticias.com\/v3\/wp-json\/wp\/v2\/tags?post=2530"}],"curies":[{"name":"wp","href":"https:\/\/api.w.org\/{rel}","templated":true}]}}