{"id":25265,"date":"2023-06-06T02:03:50","date_gmt":"2023-06-06T02:03:50","guid":{"rendered":"https:\/\/cvinoticias.com\/v3\/?p=25265"},"modified":"2023-06-06T02:03:50","modified_gmt":"2023-06-06T02:03:50","slug":"dia-mundial-del-ambiente-jornada-de-recoleccion-de-residuos-en-el-parque-nacional-iguazu","status":"publish","type":"post","link":"https:\/\/cvinoticias.com\/v3\/dia-mundial-del-ambiente-jornada-de-recoleccion-de-residuos-en-el-parque-nacional-iguazu\/","title":{"rendered":"D\u00eda Mundial del Ambiente: Jornada de recolecci\u00f3n de residuos en el Parque Nacional Iguaz\u00fa"},"content":{"rendered":"\n<p><strong><em>Esta ma\u00f1ana, en el marco del D\u00eda Mundial del Ambiente, se realiz\u00f3 una Jornada de recolecci\u00f3n de residuos en las rutas nacionales 12, 101 y caminos internos del Parque Nacional Iguaz\u00fa.<\/em><\/strong><\/p>\n\n\n\n<p>Participaron de la jornada personal de Parques Nacionales (APN); la C\u00e1mara de transporte terrestre de pasajeros de Iguaz\u00fa (taxis, remises, buses y minibuses); la Direcci\u00f3n de Tr\u00e1nsito Municipal; transportistas de la ciudad vecina de Foz do Igua\u00e7u; ATTI (Asociaci\u00f3n trabajadores de taxi de Puerto Iguaz\u00fa); Paradas Unidas; personal de la concesionaria de servicios tur\u00edsticos IASA; trabajadores y trabajadoras de la concesionaria de excursiones n\u00e1uticas Iguaz\u00fa Jungle; el restaurante El Fort\u00edn; el Gran Meli\u00e1 Iguaz\u00fa; y agencias de turismo locales.<\/p>\n\n\n\n<p>Las rutas nacionales 12 y 101 atraviesan el Parque Nacional, visitantes y trabajadores\/as recorren este camino diariamente para el disfrute de este Patrimonio Mundial de la Humanidad. Sin embargo, uno de los impactos de este paso por el \u00e1rea protegida son los residuos arrojados desde los veh\u00edculos.<\/p>\n\n\n\n<figure class=\"wp-block-image size-large\"><a href=\"https:\/\/cvinoticias.com\/wp-content\/uploads\/2023\/06\/IMG-20230605-WA0338.jpg\"><img decoding=\"async\" width=\"1024\" height=\"576\" data-src=\"https:\/\/cvinoticias.com\/wp-content\/uploads\/2023\/06\/IMG-20230605-WA0338-1024x576.jpg\" alt=\"\" class=\"wp-image-25266 lazyload\" data-srcset=\"https:\/\/cvinoticias.com\/wp-content\/uploads\/2023\/06\/IMG-20230605-WA0338-1024x576.jpg 1024w, https:\/\/cvinoticias.com\/wp-content\/uploads\/2023\/06\/IMG-20230605-WA0338-300x169.jpg 300w, https:\/\/cvinoticias.com\/wp-content\/uploads\/2023\/06\/IMG-20230605-WA0338-768x432.jpg 768w, https:\/\/cvinoticias.com\/wp-content\/uploads\/2023\/06\/IMG-20230605-WA0338.jpg 1280w\" data-sizes=\"(max-width: 1024px) 100vw, 1024px\" src=\"data:image\/svg+xml;base64,PHN2ZyB3aWR0aD0iMSIgaGVpZ2h0PSIxIiB4bWxucz0iaHR0cDovL3d3dy53My5vcmcvMjAwMC9zdmciPjwvc3ZnPg==\" style=\"--smush-placeholder-width: 1024px; --smush-placeholder-aspect-ratio: 1024\/576;\" \/><\/a><\/figure>\n\n\n\n<p>La actividad tuvo como prop\u00f3sito concientizar sobre este impacto ambiental y recolectar los residuos generados. Se recorri\u00f3 a pie m\u00e1s de 15 km por los bordes de las rutas, banquinas y paradas de emergencia. El resultado fue 2 o 3 camiones repletos de botellas de vidrio, latas, bolsas de pl\u00e1stico, entre otros desechos, que fueron retirados del camino que limita con el ecosistema de selva paranaense.<\/p>\n\n\n\n<p>En este D\u00eda Mundial del Ambiente, invitamos a todos\/as a ser embajadores del cuidado de nuestra casa com\u00fan, no arrojando residuos, y ense\u00f1ando a las personas que nos rodean a cuidar la naturaleza.<\/p>\n\n\n\n<p><strong>Parque Nacional Iguaz\u00fa<\/strong><\/p>\n\n\n\n<figure class=\"wp-block-image size-large\"><a href=\"https:\/\/cvinoticias.com\/wp-content\/uploads\/2023\/06\/IMG-20230605-WA0337.jpg\"><img decoding=\"async\" width=\"1024\" height=\"576\" data-src=\"https:\/\/cvinoticias.com\/wp-content\/uploads\/2023\/06\/IMG-20230605-WA0337-1024x576.jpg\" alt=\"\" class=\"wp-image-25267 lazyload\" data-srcset=\"https:\/\/cvinoticias.com\/wp-content\/uploads\/2023\/06\/IMG-20230605-WA0337-1024x576.jpg 1024w, https:\/\/cvinoticias.com\/wp-content\/uploads\/2023\/06\/IMG-20230605-WA0337-300x169.jpg 300w, https:\/\/cvinoticias.com\/wp-content\/uploads\/2023\/06\/IMG-20230605-WA0337-768x432.jpg 768w, https:\/\/cvinoticias.com\/wp-content\/uploads\/2023\/06\/IMG-20230605-WA0337.jpg 1280w\" data-sizes=\"(max-width: 1024px) 100vw, 1024px\" src=\"data:image\/svg+xml;base64,PHN2ZyB3aWR0aD0iMSIgaGVpZ2h0PSIxIiB4bWxucz0iaHR0cDovL3d3dy53My5vcmcvMjAwMC9zdmciPjwvc3ZnPg==\" style=\"--smush-placeholder-width: 1024px; --smush-placeholder-aspect-ratio: 1024\/576;\" \/><\/a><\/figure>\n","protected":false},"excerpt":{"rendered":"<p>Esta ma\u00f1ana, en el marco del D\u00eda Mundial del Ambiente, se realiz\u00f3 una Jornada de recolecci\u00f3n de residuos en las rutas nacionales 12, 101 y caminos internos del Parque Nacional Iguaz\u00fa. Participaron de la jornada personal de Parques Nacionales (APN); la C\u00e1mara de transporte terrestre de pasajeros de Iguaz\u00fa (taxis, remises, buses y minibuses); la [&hellip;]<\/p>\n","protected":false},"author":2,"featured_media":25268,"comment_status":"open","ping_status":"open","sticky":false,"template":"","format":"standard","meta":{"footnotes":""},"categories":[29],"tags":[],"class_list":["post-25265","post","type-post","status-publish","format-standard","has-post-thumbnail","hentry","category-locales"],"yoast_head":"<!-- This site is optimized with the Yoast SEO plugin v27.5 - https:\/\/yoast.com\/product\/yoast-seo-wordpress\/ -->\n<title>D\u00eda Mundial del Ambiente: Jornada de recolecci\u00f3n de residuos en el Parque Nacional Iguaz\u00fa | CVI NOTICIAS<\/title>\n<meta name=\"robots\" content=\"index, follow, max-snippet:-1, max-image-preview:large, max-video-preview:-1\" \/>\n<link rel=\"canonical\" href=\"https:\/\/cvinoticias.com\/v3\/dia-mundial-del-ambiente-jornada-de-recoleccion-de-residuos-en-el-parque-nacional-iguazu\/\" \/>\n<meta property=\"og:locale\" content=\"es_ES\" \/>\n<meta property=\"og:type\" content=\"article\" \/>\n<meta property=\"og:title\" content=\"D\u00eda Mundial del Ambiente: Jornada de recolecci\u00f3n de residuos en el Parque Nacional Iguaz\u00fa | CVI NOTICIAS\" \/>\n<meta property=\"og:description\" content=\"Esta ma\u00f1ana, en el marco del D\u00eda Mundial del Ambiente, se realiz\u00f3 una Jornada de recolecci\u00f3n de residuos en las rutas nacionales 12, 101 y caminos internos del Parque Nacional Iguaz\u00fa. Participaron de la jornada personal de Parques Nacionales (APN); la C\u00e1mara de transporte terrestre de pasajeros de Iguaz\u00fa (taxis, remises, buses y minibuses); la [&hellip;]\" \/>\n<meta property=\"og:url\" content=\"https:\/\/cvinoticias.com\/v3\/dia-mundial-del-ambiente-jornada-de-recoleccion-de-residuos-en-el-parque-nacional-iguazu\/\" \/>\n<meta property=\"og:site_name\" content=\"CVI NOTICIAS\" \/>\n<meta property=\"article:publisher\" content=\"https:\/\/www.facebook.com\/cvinoticias\" \/>\n<meta property=\"article:published_time\" content=\"2023-06-06T02:03:50+00:00\" \/>\n<meta property=\"og:image\" content=\"https:\/\/cvinoticias.com\/wp-content\/uploads\/2023\/06\/IMG-20230605-WA0334.jpg\" \/>\n\t<meta property=\"og:image:width\" content=\"1280\" \/>\n\t<meta property=\"og:image:height\" content=\"576\" \/>\n\t<meta property=\"og:image:type\" content=\"image\/jpeg\" \/>\n<meta name=\"author\" content=\"f1000024\" \/>\n<meta name=\"twitter:card\" content=\"summary_large_image\" \/>\n<meta name=\"twitter:label1\" content=\"Escrito por\" \/>\n\t<meta name=\"twitter:data1\" content=\"f1000024\" \/>\n\t<meta name=\"twitter:label2\" content=\"Tiempo de lectura\" \/>\n\t<meta name=\"twitter:data2\" content=\"1 minuto\" \/>\n<script type=\"application\/ld+json\" class=\"yoast-schema-graph\">{\"@context\":\"https:\\\/\\\/schema.org\",\"@graph\":[{\"@type\":\"Article\",\"@id\":\"https:\\\/\\\/cvinoticias.com\\\/v3\\\/dia-mundial-del-ambiente-jornada-de-recoleccion-de-residuos-en-el-parque-nacional-iguazu\\\/#article\",\"isPartOf\":{\"@id\":\"https:\\\/\\\/cvinoticias.com\\\/v3\\\/dia-mundial-del-ambiente-jornada-de-recoleccion-de-residuos-en-el-parque-nacional-iguazu\\\/\"},\"author\":{\"name\":\"f1000024\",\"@id\":\"https:\\\/\\\/cvinoticias.com\\\/v3\\\/#\\\/schema\\\/person\\\/2db77e3c6bc03c538495d7b2b8be9b66\"},\"headline\":\"D\u00eda Mundial del Ambiente: Jornada de recolecci\u00f3n de residuos en el Parque Nacional Iguaz\u00fa\",\"datePublished\":\"2023-06-06T02:03:50+00:00\",\"mainEntityOfPage\":{\"@id\":\"https:\\\/\\\/cvinoticias.com\\\/v3\\\/dia-mundial-del-ambiente-jornada-de-recoleccion-de-residuos-en-el-parque-nacional-iguazu\\\/\"},\"wordCount\":288,\"commentCount\":0,\"publisher\":{\"@id\":\"https:\\\/\\\/cvinoticias.com\\\/v3\\\/#organization\"},\"image\":{\"@id\":\"https:\\\/\\\/cvinoticias.com\\\/v3\\\/dia-mundial-del-ambiente-jornada-de-recoleccion-de-residuos-en-el-parque-nacional-iguazu\\\/#primaryimage\"},\"thumbnailUrl\":\"https:\\\/\\\/cvinoticias.com\\\/wp-content\\\/uploads\\\/2023\\\/06\\\/IMG-20230605-WA0334.jpg\",\"articleSection\":[\"Locales\"],\"inLanguage\":\"es\",\"potentialAction\":[{\"@type\":\"CommentAction\",\"name\":\"Comment\",\"target\":[\"https:\\\/\\\/cvinoticias.com\\\/v3\\\/dia-mundial-del-ambiente-jornada-de-recoleccion-de-residuos-en-el-parque-nacional-iguazu\\\/#respond\"]}]},{\"@type\":\"WebPage\",\"@id\":\"https:\\\/\\\/cvinoticias.com\\\/v3\\\/dia-mundial-del-ambiente-jornada-de-recoleccion-de-residuos-en-el-parque-nacional-iguazu\\\/\",\"url\":\"https:\\\/\\\/cvinoticias.com\\\/v3\\\/dia-mundial-del-ambiente-jornada-de-recoleccion-de-residuos-en-el-parque-nacional-iguazu\\\/\",\"name\":\"D\u00eda Mundial del Ambiente: Jornada de recolecci\u00f3n de residuos en el Parque Nacional Iguaz\u00fa | CVI NOTICIAS\",\"isPartOf\":{\"@id\":\"https:\\\/\\\/cvinoticias.com\\\/v3\\\/#website\"},\"primaryImageOfPage\":{\"@id\":\"https:\\\/\\\/cvinoticias.com\\\/v3\\\/dia-mundial-del-ambiente-jornada-de-recoleccion-de-residuos-en-el-parque-nacional-iguazu\\\/#primaryimage\"},\"image\":{\"@id\":\"https:\\\/\\\/cvinoticias.com\\\/v3\\\/dia-mundial-del-ambiente-jornada-de-recoleccion-de-residuos-en-el-parque-nacional-iguazu\\\/#primaryimage\"},\"thumbnailUrl\":\"https:\\\/\\\/cvinoticias.com\\\/wp-content\\\/uploads\\\/2023\\\/06\\\/IMG-20230605-WA0334.jpg\",\"datePublished\":\"2023-06-06T02:03:50+00:00\",\"breadcrumb\":{\"@id\":\"https:\\\/\\\/cvinoticias.com\\\/v3\\\/dia-mundial-del-ambiente-jornada-de-recoleccion-de-residuos-en-el-parque-nacional-iguazu\\\/#breadcrumb\"},\"inLanguage\":\"es\",\"potentialAction\":[{\"@type\":\"ReadAction\",\"target\":[\"https:\\\/\\\/cvinoticias.com\\\/v3\\\/dia-mundial-del-ambiente-jornada-de-recoleccion-de-residuos-en-el-parque-nacional-iguazu\\\/\"]}]},{\"@type\":\"ImageObject\",\"inLanguage\":\"es\",\"@id\":\"https:\\\/\\\/cvinoticias.com\\\/v3\\\/dia-mundial-del-ambiente-jornada-de-recoleccion-de-residuos-en-el-parque-nacional-iguazu\\\/#primaryimage\",\"url\":\"https:\\\/\\\/cvinoticias.com\\\/wp-content\\\/uploads\\\/2023\\\/06\\\/IMG-20230605-WA0334.jpg\",\"contentUrl\":\"https:\\\/\\\/cvinoticias.com\\\/wp-content\\\/uploads\\\/2023\\\/06\\\/IMG-20230605-WA0334.jpg\",\"width\":1280,\"height\":576},{\"@type\":\"BreadcrumbList\",\"@id\":\"https:\\\/\\\/cvinoticias.com\\\/v3\\\/dia-mundial-del-ambiente-jornada-de-recoleccion-de-residuos-en-el-parque-nacional-iguazu\\\/#breadcrumb\",\"itemListElement\":[{\"@type\":\"ListItem\",\"position\":1,\"name\":\"Portada\",\"item\":\"https:\\\/\\\/cvinoticias.com\\\/v3\\\/\"},{\"@type\":\"ListItem\",\"position\":2,\"name\":\"D\u00eda Mundial del Ambiente: Jornada de recolecci\u00f3n de residuos en el Parque Nacional Iguaz\u00fa\"}]},{\"@type\":\"WebSite\",\"@id\":\"https:\\\/\\\/cvinoticias.com\\\/v3\\\/#website\",\"url\":\"https:\\\/\\\/cvinoticias.com\\\/v3\\\/\",\"name\":\"CVI NOTICIAS\",\"description\":\"\",\"publisher\":{\"@id\":\"https:\\\/\\\/cvinoticias.com\\\/v3\\\/#organization\"},\"alternateName\":\"CVI\",\"potentialAction\":[{\"@type\":\"SearchAction\",\"target\":{\"@type\":\"EntryPoint\",\"urlTemplate\":\"https:\\\/\\\/cvinoticias.com\\\/v3\\\/?s={search_term_string}\"},\"query-input\":{\"@type\":\"PropertyValueSpecification\",\"valueRequired\":true,\"valueName\":\"search_term_string\"}}],\"inLanguage\":\"es\"},{\"@type\":\"Organization\",\"@id\":\"https:\\\/\\\/cvinoticias.com\\\/v3\\\/#organization\",\"name\":\"CVI NOTICIAS\",\"url\":\"https:\\\/\\\/cvinoticias.com\\\/v3\\\/\",\"logo\":{\"@type\":\"ImageObject\",\"inLanguage\":\"es\",\"@id\":\"https:\\\/\\\/cvinoticias.com\\\/v3\\\/#\\\/schema\\\/logo\\\/image\\\/\",\"url\":\"https:\\\/\\\/cvinoticias.com\\\/wp-content\\\/uploads\\\/2023\\\/04\\\/cropped-cropped-cropped-cropped-cropped-3-1.png\",\"contentUrl\":\"https:\\\/\\\/cvinoticias.com\\\/wp-content\\\/uploads\\\/2023\\\/04\\\/cropped-cropped-cropped-cropped-cropped-3-1.png\",\"width\":95,\"height\":122,\"caption\":\"CVI NOTICIAS\"},\"image\":{\"@id\":\"https:\\\/\\\/cvinoticias.com\\\/v3\\\/#\\\/schema\\\/logo\\\/image\\\/\"},\"sameAs\":[\"https:\\\/\\\/www.facebook.com\\\/cvinoticias\",\"https:\\\/\\\/www.instagram.com\\\/cvinoticias\\\/\",\"https:\\\/\\\/www.youtube.com\\\/@CVINOTICIAS\"]},{\"@type\":\"Person\",\"@id\":\"https:\\\/\\\/cvinoticias.com\\\/v3\\\/#\\\/schema\\\/person\\\/2db77e3c6bc03c538495d7b2b8be9b66\",\"name\":\"f1000024\",\"image\":{\"@type\":\"ImageObject\",\"inLanguage\":\"es\",\"@id\":\"https:\\\/\\\/secure.gravatar.com\\\/avatar\\\/d4fe7459cfc51ff5129ce1a732bbef5928568b8092d412ef95611616376bbeed?s=96&d=mm&r=g\",\"url\":\"https:\\\/\\\/secure.gravatar.com\\\/avatar\\\/d4fe7459cfc51ff5129ce1a732bbef5928568b8092d412ef95611616376bbeed?s=96&d=mm&r=g\",\"contentUrl\":\"https:\\\/\\\/secure.gravatar.com\\\/avatar\\\/d4fe7459cfc51ff5129ce1a732bbef5928568b8092d412ef95611616376bbeed?s=96&d=mm&r=g\",\"caption\":\"f1000024\"},\"url\":\"https:\\\/\\\/cvinoticias.com\\\/v3\\\/author\\\/f1000024\\\/\"}]}<\/script>\n<!-- \/ Yoast SEO plugin. -->","yoast_head_json":{"title":"D\u00eda Mundial del Ambiente: Jornada de recolecci\u00f3n de residuos en el Parque Nacional Iguaz\u00fa | CVI NOTICIAS","robots":{"index":"index","follow":"follow","max-snippet":"max-snippet:-1","max-image-preview":"max-image-preview:large","max-video-preview":"max-video-preview:-1"},"canonical":"https:\/\/cvinoticias.com\/v3\/dia-mundial-del-ambiente-jornada-de-recoleccion-de-residuos-en-el-parque-nacional-iguazu\/","og_locale":"es_ES","og_type":"article","og_title":"D\u00eda Mundial del Ambiente: Jornada de recolecci\u00f3n de residuos en el Parque Nacional Iguaz\u00fa | CVI NOTICIAS","og_description":"Esta ma\u00f1ana, en el marco del D\u00eda Mundial del Ambiente, se realiz\u00f3 una Jornada de recolecci\u00f3n de residuos en las rutas nacionales 12, 101 y caminos internos del Parque Nacional Iguaz\u00fa. Participaron de la jornada personal de Parques Nacionales (APN); la C\u00e1mara de transporte terrestre de pasajeros de Iguaz\u00fa (taxis, remises, buses y minibuses); la [&hellip;]","og_url":"https:\/\/cvinoticias.com\/v3\/dia-mundial-del-ambiente-jornada-de-recoleccion-de-residuos-en-el-parque-nacional-iguazu\/","og_site_name":"CVI NOTICIAS","article_publisher":"https:\/\/www.facebook.com\/cvinoticias","article_published_time":"2023-06-06T02:03:50+00:00","og_image":[{"width":1280,"height":576,"url":"https:\/\/cvinoticias.com\/wp-content\/uploads\/2023\/06\/IMG-20230605-WA0334.jpg","type":"image\/jpeg"}],"author":"f1000024","twitter_card":"summary_large_image","twitter_misc":{"Escrito por":"f1000024","Tiempo de lectura":"1 minuto"},"schema":{"@context":"https:\/\/schema.org","@graph":[{"@type":"Article","@id":"https:\/\/cvinoticias.com\/v3\/dia-mundial-del-ambiente-jornada-de-recoleccion-de-residuos-en-el-parque-nacional-iguazu\/#article","isPartOf":{"@id":"https:\/\/cvinoticias.com\/v3\/dia-mundial-del-ambiente-jornada-de-recoleccion-de-residuos-en-el-parque-nacional-iguazu\/"},"author":{"name":"f1000024","@id":"https:\/\/cvinoticias.com\/v3\/#\/schema\/person\/2db77e3c6bc03c538495d7b2b8be9b66"},"headline":"D\u00eda Mundial del Ambiente: Jornada de recolecci\u00f3n de residuos en el Parque Nacional Iguaz\u00fa","datePublished":"2023-06-06T02:03:50+00:00","mainEntityOfPage":{"@id":"https:\/\/cvinoticias.com\/v3\/dia-mundial-del-ambiente-jornada-de-recoleccion-de-residuos-en-el-parque-nacional-iguazu\/"},"wordCount":288,"commentCount":0,"publisher":{"@id":"https:\/\/cvinoticias.com\/v3\/#organization"},"image":{"@id":"https:\/\/cvinoticias.com\/v3\/dia-mundial-del-ambiente-jornada-de-recoleccion-de-residuos-en-el-parque-nacional-iguazu\/#primaryimage"},"thumbnailUrl":"https:\/\/cvinoticias.com\/wp-content\/uploads\/2023\/06\/IMG-20230605-WA0334.jpg","articleSection":["Locales"],"inLanguage":"es","potentialAction":[{"@type":"CommentAction","name":"Comment","target":["https:\/\/cvinoticias.com\/v3\/dia-mundial-del-ambiente-jornada-de-recoleccion-de-residuos-en-el-parque-nacional-iguazu\/#respond"]}]},{"@type":"WebPage","@id":"https:\/\/cvinoticias.com\/v3\/dia-mundial-del-ambiente-jornada-de-recoleccion-de-residuos-en-el-parque-nacional-iguazu\/","url":"https:\/\/cvinoticias.com\/v3\/dia-mundial-del-ambiente-jornada-de-recoleccion-de-residuos-en-el-parque-nacional-iguazu\/","name":"D\u00eda Mundial del Ambiente: Jornada de recolecci\u00f3n de residuos en el Parque Nacional Iguaz\u00fa | CVI NOTICIAS","isPartOf":{"@id":"https:\/\/cvinoticias.com\/v3\/#website"},"primaryImageOfPage":{"@id":"https:\/\/cvinoticias.com\/v3\/dia-mundial-del-ambiente-jornada-de-recoleccion-de-residuos-en-el-parque-nacional-iguazu\/#primaryimage"},"image":{"@id":"https:\/\/cvinoticias.com\/v3\/dia-mundial-del-ambiente-jornada-de-recoleccion-de-residuos-en-el-parque-nacional-iguazu\/#primaryimage"},"thumbnailUrl":"https:\/\/cvinoticias.com\/wp-content\/uploads\/2023\/06\/IMG-20230605-WA0334.jpg","datePublished":"2023-06-06T02:03:50+00:00","breadcrumb":{"@id":"https:\/\/cvinoticias.com\/v3\/dia-mundial-del-ambiente-jornada-de-recoleccion-de-residuos-en-el-parque-nacional-iguazu\/#breadcrumb"},"inLanguage":"es","potentialAction":[{"@type":"ReadAction","target":["https:\/\/cvinoticias.com\/v3\/dia-mundial-del-ambiente-jornada-de-recoleccion-de-residuos-en-el-parque-nacional-iguazu\/"]}]},{"@type":"ImageObject","inLanguage":"es","@id":"https:\/\/cvinoticias.com\/v3\/dia-mundial-del-ambiente-jornada-de-recoleccion-de-residuos-en-el-parque-nacional-iguazu\/#primaryimage","url":"https:\/\/cvinoticias.com\/wp-content\/uploads\/2023\/06\/IMG-20230605-WA0334.jpg","contentUrl":"https:\/\/cvinoticias.com\/wp-content\/uploads\/2023\/06\/IMG-20230605-WA0334.jpg","width":1280,"height":576},{"@type":"BreadcrumbList","@id":"https:\/\/cvinoticias.com\/v3\/dia-mundial-del-ambiente-jornada-de-recoleccion-de-residuos-en-el-parque-nacional-iguazu\/#breadcrumb","itemListElement":[{"@type":"ListItem","position":1,"name":"Portada","item":"https:\/\/cvinoticias.com\/v3\/"},{"@type":"ListItem","position":2,"name":"D\u00eda Mundial del Ambiente: Jornada de recolecci\u00f3n de residuos en el Parque Nacional Iguaz\u00fa"}]},{"@type":"WebSite","@id":"https:\/\/cvinoticias.com\/v3\/#website","url":"https:\/\/cvinoticias.com\/v3\/","name":"CVI NOTICIAS","description":"","publisher":{"@id":"https:\/\/cvinoticias.com\/v3\/#organization"},"alternateName":"CVI","potentialAction":[{"@type":"SearchAction","target":{"@type":"EntryPoint","urlTemplate":"https:\/\/cvinoticias.com\/v3\/?s={search_term_string}"},"query-input":{"@type":"PropertyValueSpecification","valueRequired":true,"valueName":"search_term_string"}}],"inLanguage":"es"},{"@type":"Organization","@id":"https:\/\/cvinoticias.com\/v3\/#organization","name":"CVI NOTICIAS","url":"https:\/\/cvinoticias.com\/v3\/","logo":{"@type":"ImageObject","inLanguage":"es","@id":"https:\/\/cvinoticias.com\/v3\/#\/schema\/logo\/image\/","url":"https:\/\/cvinoticias.com\/wp-content\/uploads\/2023\/04\/cropped-cropped-cropped-cropped-cropped-3-1.png","contentUrl":"https:\/\/cvinoticias.com\/wp-content\/uploads\/2023\/04\/cropped-cropped-cropped-cropped-cropped-3-1.png","width":95,"height":122,"caption":"CVI NOTICIAS"},"image":{"@id":"https:\/\/cvinoticias.com\/v3\/#\/schema\/logo\/image\/"},"sameAs":["https:\/\/www.facebook.com\/cvinoticias","https:\/\/www.instagram.com\/cvinoticias\/","https:\/\/www.youtube.com\/@CVINOTICIAS"]},{"@type":"Person","@id":"https:\/\/cvinoticias.com\/v3\/#\/schema\/person\/2db77e3c6bc03c538495d7b2b8be9b66","name":"f1000024","image":{"@type":"ImageObject","inLanguage":"es","@id":"https:\/\/secure.gravatar.com\/avatar\/d4fe7459cfc51ff5129ce1a732bbef5928568b8092d412ef95611616376bbeed?s=96&d=mm&r=g","url":"https:\/\/secure.gravatar.com\/avatar\/d4fe7459cfc51ff5129ce1a732bbef5928568b8092d412ef95611616376bbeed?s=96&d=mm&r=g","contentUrl":"https:\/\/secure.gravatar.com\/avatar\/d4fe7459cfc51ff5129ce1a732bbef5928568b8092d412ef95611616376bbeed?s=96&d=mm&r=g","caption":"f1000024"},"url":"https:\/\/cvinoticias.com\/v3\/author\/f1000024\/"}]}},"_links":{"self":[{"href":"https:\/\/cvinoticias.com\/v3\/wp-json\/wp\/v2\/posts\/25265","targetHints":{"allow":["GET"]}}],"collection":[{"href":"https:\/\/cvinoticias.com\/v3\/wp-json\/wp\/v2\/posts"}],"about":[{"href":"https:\/\/cvinoticias.com\/v3\/wp-json\/wp\/v2\/types\/post"}],"author":[{"embeddable":true,"href":"https:\/\/cvinoticias.com\/v3\/wp-json\/wp\/v2\/users\/2"}],"replies":[{"embeddable":true,"href":"https:\/\/cvinoticias.com\/v3\/wp-json\/wp\/v2\/comments?post=25265"}],"version-history":[{"count":1,"href":"https:\/\/cvinoticias.com\/v3\/wp-json\/wp\/v2\/posts\/25265\/revisions"}],"predecessor-version":[{"id":25269,"href":"https:\/\/cvinoticias.com\/v3\/wp-json\/wp\/v2\/posts\/25265\/revisions\/25269"}],"wp:featuredmedia":[{"embeddable":true,"href":"https:\/\/cvinoticias.com\/v3\/wp-json\/wp\/v2\/media\/25268"}],"wp:attachment":[{"href":"https:\/\/cvinoticias.com\/v3\/wp-json\/wp\/v2\/media?parent=25265"}],"wp:term":[{"taxonomy":"category","embeddable":true,"href":"https:\/\/cvinoticias.com\/v3\/wp-json\/wp\/v2\/categories?post=25265"},{"taxonomy":"post_tag","embeddable":true,"href":"https:\/\/cvinoticias.com\/v3\/wp-json\/wp\/v2\/tags?post=25265"}],"curies":[{"name":"wp","href":"https:\/\/api.w.org\/{rel}","templated":true}]}}