{"id":2523,"date":"2021-02-08T18:22:15","date_gmt":"2021-02-08T18:22:15","guid":{"rendered":"https:\/\/cvinoticias.com\/v3\/?p=2523"},"modified":"2021-02-08T18:22:15","modified_gmt":"2021-02-08T18:22:15","slug":"el-gobernador-y-el-ministro-de-desarrollo-social-de-la-nacion-firmaron-acuerdos-para-impulsar-microcreditos-asistencia-sanitaria-y-espacios-de-primera-infancia","status":"publish","type":"post","link":"https:\/\/cvinoticias.com\/v3\/el-gobernador-y-el-ministro-de-desarrollo-social-de-la-nacion-firmaron-acuerdos-para-impulsar-microcreditos-asistencia-sanitaria-y-espacios-de-primera-infancia\/","title":{"rendered":"El Gobernador y el Ministro de Desarrollo Social de la Naci\u00f3n firmaron acuerdos para impulsar microcr\u00e9ditos, asistencia sanitaria y espacios de Primera Infancia"},"content":{"rendered":"\n<p><strong><em>El gobernador Oscar Herrera Ahuad recibi\u00f3 esta ma\u00f1ana al ministro de Desarrollo Social de la Naci\u00f3n, Daniel Fernando Arroyo.<\/em><\/strong><\/p>\n\n\n\n<p>En conferencia de prensa conjunta anunciaron convenios para implementar proyectos de microcr\u00e9ditos, asistencia sanitaria a sectores vulnerables y espacios de primera infancia.<\/p>\n\n\n\n<p>En la misma jornada, el Gobernador acompa\u00f1\u00f3 al ministro en su visita al espacio de Primera Infancia \u201cRinc\u00f3n de Sonrisas\u201d y a la cocina centralizada del Mercado Central, en Posadas.<\/p>\n\n\n\n<p>Esta ma\u00f1ana, el gobernador Oscar Herrera Ahuad anunci\u00f3 en videoconferencia, junto al ministro de Desarrollo Social de la Naci\u00f3n, Daniel Fernando Arroyo, la firma de convenios para fortalecer las pol\u00edticas orientadas a potenciar proyectos de microcr\u00e9ditos, asistencia sanitaria a sectores vulnerables y espacios de primera infancia.<\/p>\n\n\n\n<p>La r\u00fabrica se concret\u00f3 en el marco de la visita del funcionario nacional a Misiones. As\u00ed, el Gobernador expres\u00f3 el reconocimiento y agradecimiento al Ministro \u00abpor escucharnos, por concretar acciones que son muy importantes en la esfera social de la provincia de Misiones, como lo hace en todo el territorio nacional\u00bb.<\/p>\n\n\n\n<p>En referencia a los acuerdos firmados, el mandatario indic\u00f3 que siguen la l\u00ednea del fortalecimiento del \u00e1rea social que \u00abcomplementa claramente el pensamiento que tiene la provincia desde el mismo momento en que se puso en marcha el Presupuesto 2021\u201d, porque \u201ccerca del 70% est\u00e1 destinado al \u00e1rea social\u201d.<\/p>\n\n\n\n<p>Una caracter\u00edstica que se ve potenciada, en palabras de Herrera Ahuad, con \u201cla ayuda y el acompa\u00f1amiento de la Naci\u00f3n a las pol\u00edticas p\u00fablicas, con una visi\u00f3n federal en conjunto, como venimos haciendo esto, y logrando que se fortalezca en tiempos muy dif\u00edciles y complejos\u201d.<\/p>\n\n\n\n<p>Adem\u00e1s, reconoci\u00f3 que \u201cel 2021 tambi\u00e9n es un a\u00f1o muy complejo, pero donde la reactivaci\u00f3n de la econom\u00eda, la visi\u00f3n puesta en superar esta etapa de la epidemiolog\u00eda, hace que tengamos concreciones y logros en corto plazo\u201d. En ese aspecto, agradeci\u00f3 nuevamente el acompa\u00f1amiento del Ministerio de Desarrollo Social de la Naci\u00f3n sobre todo por la implementaci\u00f3n de las tarjetas sociales, los programas sociales como los de fortalecimientos de cocinas centralizadas y los dirigidos a los espacios de primera infancia.<\/p>\n\n\n\n<ul class=\"wp-block-list\"><li>Los convenios firmados<\/li><\/ul>\n\n\n\n<p>En Casa de Gobierno se firmaron dos convenios y tambi\u00e9n una carta acuerdo para la ampliaci\u00f3n de 20 Centros de Desarrollo Infantil. En referencia a este \u00faltimo, el Gobernador enfatiz\u00f3 que \u00abhoy, gracias a esta puesta en marcha de estos espacios de primera infancia, se lograr\u00e1 que se achique ese tiempo en el que el ni\u00f1o no est\u00e1 monitoreado por el Estado\u00bb.<\/p>\n\n\n\n<p>De este modo, Herrera Ahuad reconoci\u00f3 que la iniciativa es \u00abuna apuesta muy fuerte a la igualdad de oportunidades, teniendo en cuenta que son obras de infraestructura para que aquellos que trabajan en ese lugar puedan hacerlo con la mayor comodidad, con las herramientas y la ayuda necesarias para brindar la mejor atenci\u00f3n a nuestros peque\u00f1os\u00bb.<\/p>\n\n\n\n<p>En tanto, el otro acuerdo firmado fue un convenio de adhesi\u00f3n al \u201cPrograma de Promoci\u00f3n del Microcr\u00e9dito para el Desarrollo de la Econom\u00eda Social\u201d, con el objeto de constituir un Fondo de Promoci\u00f3n del Microcr\u00e9dito para el Desarrollo de la Econom\u00eda Social. El mismo aportar\u00e1 25 millones de pesos para la adquisici\u00f3n de m\u00e1quinas y herramientas.<\/p>\n\n\n\n<p>En este punto, el Gobernador dio cuenta que \u201clos microcr\u00e9ditos son esenciales para la ayuda a las MicroPymes o las pymes familiares, y una posibilidad de agregar valor a su producto\u201d.<\/p>\n\n\n\n<p>Por \u00faltimo, se anunci\u00f3 que el Ministerio otorgar\u00e1 un subsidio de 10 millones de pesos para poder brindar una respuesta oportuna y adecuada que garantice, de forma inmediata, la asistencia a personas en situaci\u00f3n de alta vulnerabilidad.<\/p>\n\n\n\n<p>De esta forma, se asegura su contenci\u00f3n en el contexto de crisis y emergencia que no les permite contar con los recursos suficientes para afrontar de manera integral la problem\u00e1tica planteada. As\u00ed, los fondos transferidos son para la compra de alimentos y art\u00edculos de higiene.<\/p>\n\n\n\n<p>Asimismo, Herrra Ahuad agreg\u00f3 que los convenios firmados se suman a las medidas ya impulsadas en Misiones. Entre ellas, el Bancos de Herramientas y el Registro Nacional de Barrios Populares (RENABAP). Finalmente, agradeci\u00f3 el acompa\u00f1amiento del Ministerio de Desarrollo Social de la Naci\u00f3n por la posibilidad de llegar a todos los misioneros con pol\u00edticas p\u00fablicas.<\/p>\n\n\n\n<p>En la conferencia, tambi\u00e9n estuvieron presentes, la ministra de Desarrollo Social, de la Mujer y la Juventud, Benilda Drammer; el delegado del Ministerio de Desarrollo Social de la Naci\u00f3n en Misiones, Rolando Roa; el titular de la Comisi\u00f3n Nacional de Microcr\u00e9dito; Alberto Gandulfo y el subsecretario de Primera Infancia, Nicol\u00e1s Falcone, entre otros funcionarios provinciales.<\/p>\n\n\n\n<figure class=\"wp-block-image size-large\"><a href=\"https:\/\/cvinoticias.com\/wp-content\/uploads\/2021\/02\/FB_IMG_1612807917777.jpg\"><img decoding=\"async\" width=\"960\" height=\"640\" data-src=\"https:\/\/cvinoticias.com\/wp-content\/uploads\/2021\/02\/FB_IMG_1612807917777.jpg\" alt=\"\" class=\"wp-image-2525 lazyload\" data-srcset=\"https:\/\/cvinoticias.com\/wp-content\/uploads\/2021\/02\/FB_IMG_1612807917777.jpg 960w, https:\/\/cvinoticias.com\/wp-content\/uploads\/2021\/02\/FB_IMG_1612807917777-300x200.jpg 300w, https:\/\/cvinoticias.com\/wp-content\/uploads\/2021\/02\/FB_IMG_1612807917777-768x512.jpg 768w\" data-sizes=\"(max-width: 960px) 100vw, 960px\" src=\"data:image\/svg+xml;base64,PHN2ZyB3aWR0aD0iMSIgaGVpZ2h0PSIxIiB4bWxucz0iaHR0cDovL3d3dy53My5vcmcvMjAwMC9zdmciPjwvc3ZnPg==\" style=\"--smush-placeholder-width: 960px; --smush-placeholder-aspect-ratio: 960\/640;\" \/><\/a><\/figure>\n","protected":false},"excerpt":{"rendered":"<p>El gobernador Oscar Herrera Ahuad recibi\u00f3 esta ma\u00f1ana al ministro de Desarrollo Social de la Naci\u00f3n, Daniel Fernando Arroyo. En conferencia de prensa conjunta anunciaron convenios para implementar proyectos de microcr\u00e9ditos, asistencia sanitaria a sectores vulnerables y espacios de primera infancia. En la misma jornada, el Gobernador acompa\u00f1\u00f3 al ministro en su visita al espacio [&hellip;]<\/p>\n","protected":false},"author":2,"featured_media":2524,"comment_status":"open","ping_status":"open","sticky":false,"template":"","format":"standard","meta":{"footnotes":""},"categories":[35],"tags":[],"class_list":["post-2523","post","type-post","status-publish","format-standard","has-post-thumbnail","hentry","category-informacion-general"],"yoast_head":"<!-- This site is optimized with the Yoast SEO plugin v27.5 - https:\/\/yoast.com\/product\/yoast-seo-wordpress\/ -->\n<title>El Gobernador y el Ministro de Desarrollo Social de la Naci\u00f3n firmaron acuerdos para impulsar microcr\u00e9ditos, asistencia sanitaria y espacios de Primera Infancia | CVI NOTICIAS<\/title>\n<meta name=\"robots\" content=\"index, follow, max-snippet:-1, max-image-preview:large, max-video-preview:-1\" \/>\n<link rel=\"canonical\" href=\"https:\/\/cvinoticias.com\/v3\/el-gobernador-y-el-ministro-de-desarrollo-social-de-la-nacion-firmaron-acuerdos-para-impulsar-microcreditos-asistencia-sanitaria-y-espacios-de-primera-infancia\/\" \/>\n<meta property=\"og:locale\" content=\"es_ES\" \/>\n<meta property=\"og:type\" content=\"article\" \/>\n<meta property=\"og:title\" content=\"El Gobernador y el Ministro de Desarrollo Social de la Naci\u00f3n firmaron acuerdos para impulsar microcr\u00e9ditos, asistencia sanitaria y espacios de Primera Infancia | CVI NOTICIAS\" \/>\n<meta property=\"og:description\" content=\"El gobernador Oscar Herrera Ahuad recibi\u00f3 esta ma\u00f1ana al ministro de Desarrollo Social de la Naci\u00f3n, Daniel Fernando Arroyo. En conferencia de prensa conjunta anunciaron convenios para implementar proyectos de microcr\u00e9ditos, asistencia sanitaria a sectores vulnerables y espacios de primera infancia. En la misma jornada, el Gobernador acompa\u00f1\u00f3 al ministro en su visita al espacio [&hellip;]\" \/>\n<meta property=\"og:url\" content=\"https:\/\/cvinoticias.com\/v3\/el-gobernador-y-el-ministro-de-desarrollo-social-de-la-nacion-firmaron-acuerdos-para-impulsar-microcreditos-asistencia-sanitaria-y-espacios-de-primera-infancia\/\" \/>\n<meta property=\"og:site_name\" content=\"CVI NOTICIAS\" \/>\n<meta property=\"article:publisher\" content=\"https:\/\/www.facebook.com\/cvinoticias\" \/>\n<meta property=\"article:published_time\" content=\"2021-02-08T18:22:15+00:00\" \/>\n<meta property=\"og:image\" content=\"https:\/\/cvinoticias.com\/wp-content\/uploads\/2021\/02\/FB_IMG_1612807920809.jpg\" \/>\n\t<meta property=\"og:image:width\" content=\"960\" \/>\n\t<meta property=\"og:image:height\" content=\"640\" \/>\n\t<meta property=\"og:image:type\" content=\"image\/jpeg\" \/>\n<meta name=\"author\" content=\"f1000024\" \/>\n<meta name=\"twitter:card\" content=\"summary_large_image\" \/>\n<meta name=\"twitter:label1\" content=\"Escrito por\" \/>\n\t<meta name=\"twitter:data1\" content=\"f1000024\" \/>\n\t<meta name=\"twitter:label2\" content=\"Tiempo de lectura\" \/>\n\t<meta name=\"twitter:data2\" content=\"4 minutos\" \/>\n<script type=\"application\/ld+json\" class=\"yoast-schema-graph\">{\"@context\":\"https:\\\/\\\/schema.org\",\"@graph\":[{\"@type\":\"Article\",\"@id\":\"https:\\\/\\\/cvinoticias.com\\\/v3\\\/el-gobernador-y-el-ministro-de-desarrollo-social-de-la-nacion-firmaron-acuerdos-para-impulsar-microcreditos-asistencia-sanitaria-y-espacios-de-primera-infancia\\\/#article\",\"isPartOf\":{\"@id\":\"https:\\\/\\\/cvinoticias.com\\\/v3\\\/el-gobernador-y-el-ministro-de-desarrollo-social-de-la-nacion-firmaron-acuerdos-para-impulsar-microcreditos-asistencia-sanitaria-y-espacios-de-primera-infancia\\\/\"},\"author\":{\"name\":\"f1000024\",\"@id\":\"https:\\\/\\\/cvinoticias.com\\\/v3\\\/#\\\/schema\\\/person\\\/2db77e3c6bc03c538495d7b2b8be9b66\"},\"headline\":\"El Gobernador y el Ministro de Desarrollo Social de la Naci\u00f3n firmaron acuerdos para impulsar microcr\u00e9ditos, asistencia sanitaria y espacios de Primera Infancia\",\"datePublished\":\"2021-02-08T18:22:15+00:00\",\"mainEntityOfPage\":{\"@id\":\"https:\\\/\\\/cvinoticias.com\\\/v3\\\/el-gobernador-y-el-ministro-de-desarrollo-social-de-la-nacion-firmaron-acuerdos-para-impulsar-microcreditos-asistencia-sanitaria-y-espacios-de-primera-infancia\\\/\"},\"wordCount\":816,\"commentCount\":0,\"publisher\":{\"@id\":\"https:\\\/\\\/cvinoticias.com\\\/v3\\\/#organization\"},\"image\":{\"@id\":\"https:\\\/\\\/cvinoticias.com\\\/v3\\\/el-gobernador-y-el-ministro-de-desarrollo-social-de-la-nacion-firmaron-acuerdos-para-impulsar-microcreditos-asistencia-sanitaria-y-espacios-de-primera-infancia\\\/#primaryimage\"},\"thumbnailUrl\":\"https:\\\/\\\/cvinoticias.com\\\/wp-content\\\/uploads\\\/2021\\\/02\\\/FB_IMG_1612807920809.jpg\",\"articleSection\":[\"Informaci\u00f3n General\"],\"inLanguage\":\"es\",\"potentialAction\":[{\"@type\":\"CommentAction\",\"name\":\"Comment\",\"target\":[\"https:\\\/\\\/cvinoticias.com\\\/v3\\\/el-gobernador-y-el-ministro-de-desarrollo-social-de-la-nacion-firmaron-acuerdos-para-impulsar-microcreditos-asistencia-sanitaria-y-espacios-de-primera-infancia\\\/#respond\"]}]},{\"@type\":\"WebPage\",\"@id\":\"https:\\\/\\\/cvinoticias.com\\\/v3\\\/el-gobernador-y-el-ministro-de-desarrollo-social-de-la-nacion-firmaron-acuerdos-para-impulsar-microcreditos-asistencia-sanitaria-y-espacios-de-primera-infancia\\\/\",\"url\":\"https:\\\/\\\/cvinoticias.com\\\/v3\\\/el-gobernador-y-el-ministro-de-desarrollo-social-de-la-nacion-firmaron-acuerdos-para-impulsar-microcreditos-asistencia-sanitaria-y-espacios-de-primera-infancia\\\/\",\"name\":\"El Gobernador y el Ministro de Desarrollo Social de la Naci\u00f3n firmaron acuerdos para impulsar microcr\u00e9ditos, asistencia sanitaria y espacios de Primera Infancia | CVI NOTICIAS\",\"isPartOf\":{\"@id\":\"https:\\\/\\\/cvinoticias.com\\\/v3\\\/#website\"},\"primaryImageOfPage\":{\"@id\":\"https:\\\/\\\/cvinoticias.com\\\/v3\\\/el-gobernador-y-el-ministro-de-desarrollo-social-de-la-nacion-firmaron-acuerdos-para-impulsar-microcreditos-asistencia-sanitaria-y-espacios-de-primera-infancia\\\/#primaryimage\"},\"image\":{\"@id\":\"https:\\\/\\\/cvinoticias.com\\\/v3\\\/el-gobernador-y-el-ministro-de-desarrollo-social-de-la-nacion-firmaron-acuerdos-para-impulsar-microcreditos-asistencia-sanitaria-y-espacios-de-primera-infancia\\\/#primaryimage\"},\"thumbnailUrl\":\"https:\\\/\\\/cvinoticias.com\\\/wp-content\\\/uploads\\\/2021\\\/02\\\/FB_IMG_1612807920809.jpg\",\"datePublished\":\"2021-02-08T18:22:15+00:00\",\"breadcrumb\":{\"@id\":\"https:\\\/\\\/cvinoticias.com\\\/v3\\\/el-gobernador-y-el-ministro-de-desarrollo-social-de-la-nacion-firmaron-acuerdos-para-impulsar-microcreditos-asistencia-sanitaria-y-espacios-de-primera-infancia\\\/#breadcrumb\"},\"inLanguage\":\"es\",\"potentialAction\":[{\"@type\":\"ReadAction\",\"target\":[\"https:\\\/\\\/cvinoticias.com\\\/v3\\\/el-gobernador-y-el-ministro-de-desarrollo-social-de-la-nacion-firmaron-acuerdos-para-impulsar-microcreditos-asistencia-sanitaria-y-espacios-de-primera-infancia\\\/\"]}]},{\"@type\":\"ImageObject\",\"inLanguage\":\"es\",\"@id\":\"https:\\\/\\\/cvinoticias.com\\\/v3\\\/el-gobernador-y-el-ministro-de-desarrollo-social-de-la-nacion-firmaron-acuerdos-para-impulsar-microcreditos-asistencia-sanitaria-y-espacios-de-primera-infancia\\\/#primaryimage\",\"url\":\"https:\\\/\\\/cvinoticias.com\\\/wp-content\\\/uploads\\\/2021\\\/02\\\/FB_IMG_1612807920809.jpg\",\"contentUrl\":\"https:\\\/\\\/cvinoticias.com\\\/wp-content\\\/uploads\\\/2021\\\/02\\\/FB_IMG_1612807920809.jpg\",\"width\":960,\"height\":640},{\"@type\":\"BreadcrumbList\",\"@id\":\"https:\\\/\\\/cvinoticias.com\\\/v3\\\/el-gobernador-y-el-ministro-de-desarrollo-social-de-la-nacion-firmaron-acuerdos-para-impulsar-microcreditos-asistencia-sanitaria-y-espacios-de-primera-infancia\\\/#breadcrumb\",\"itemListElement\":[{\"@type\":\"ListItem\",\"position\":1,\"name\":\"Portada\",\"item\":\"https:\\\/\\\/cvinoticias.com\\\/v3\\\/\"},{\"@type\":\"ListItem\",\"position\":2,\"name\":\"El Gobernador y el Ministro de Desarrollo Social de la Naci\u00f3n firmaron acuerdos para impulsar microcr\u00e9ditos, asistencia sanitaria y espacios de Primera Infancia\"}]},{\"@type\":\"WebSite\",\"@id\":\"https:\\\/\\\/cvinoticias.com\\\/v3\\\/#website\",\"url\":\"https:\\\/\\\/cvinoticias.com\\\/v3\\\/\",\"name\":\"CVI NOTICIAS\",\"description\":\"\",\"publisher\":{\"@id\":\"https:\\\/\\\/cvinoticias.com\\\/v3\\\/#organization\"},\"alternateName\":\"CVI\",\"potentialAction\":[{\"@type\":\"SearchAction\",\"target\":{\"@type\":\"EntryPoint\",\"urlTemplate\":\"https:\\\/\\\/cvinoticias.com\\\/v3\\\/?s={search_term_string}\"},\"query-input\":{\"@type\":\"PropertyValueSpecification\",\"valueRequired\":true,\"valueName\":\"search_term_string\"}}],\"inLanguage\":\"es\"},{\"@type\":\"Organization\",\"@id\":\"https:\\\/\\\/cvinoticias.com\\\/v3\\\/#organization\",\"name\":\"CVI NOTICIAS\",\"url\":\"https:\\\/\\\/cvinoticias.com\\\/v3\\\/\",\"logo\":{\"@type\":\"ImageObject\",\"inLanguage\":\"es\",\"@id\":\"https:\\\/\\\/cvinoticias.com\\\/v3\\\/#\\\/schema\\\/logo\\\/image\\\/\",\"url\":\"https:\\\/\\\/cvinoticias.com\\\/wp-content\\\/uploads\\\/2023\\\/04\\\/cropped-cropped-cropped-cropped-cropped-3-1.png\",\"contentUrl\":\"https:\\\/\\\/cvinoticias.com\\\/wp-content\\\/uploads\\\/2023\\\/04\\\/cropped-cropped-cropped-cropped-cropped-3-1.png\",\"width\":95,\"height\":122,\"caption\":\"CVI NOTICIAS\"},\"image\":{\"@id\":\"https:\\\/\\\/cvinoticias.com\\\/v3\\\/#\\\/schema\\\/logo\\\/image\\\/\"},\"sameAs\":[\"https:\\\/\\\/www.facebook.com\\\/cvinoticias\",\"https:\\\/\\\/www.instagram.com\\\/cvinoticias\\\/\",\"https:\\\/\\\/www.youtube.com\\\/@CVINOTICIAS\"]},{\"@type\":\"Person\",\"@id\":\"https:\\\/\\\/cvinoticias.com\\\/v3\\\/#\\\/schema\\\/person\\\/2db77e3c6bc03c538495d7b2b8be9b66\",\"name\":\"f1000024\",\"image\":{\"@type\":\"ImageObject\",\"inLanguage\":\"es\",\"@id\":\"https:\\\/\\\/secure.gravatar.com\\\/avatar\\\/d4fe7459cfc51ff5129ce1a732bbef5928568b8092d412ef95611616376bbeed?s=96&d=mm&r=g\",\"url\":\"https:\\\/\\\/secure.gravatar.com\\\/avatar\\\/d4fe7459cfc51ff5129ce1a732bbef5928568b8092d412ef95611616376bbeed?s=96&d=mm&r=g\",\"contentUrl\":\"https:\\\/\\\/secure.gravatar.com\\\/avatar\\\/d4fe7459cfc51ff5129ce1a732bbef5928568b8092d412ef95611616376bbeed?s=96&d=mm&r=g\",\"caption\":\"f1000024\"},\"url\":\"https:\\\/\\\/cvinoticias.com\\\/v3\\\/author\\\/f1000024\\\/\"}]}<\/script>\n<!-- \/ Yoast SEO plugin. -->","yoast_head_json":{"title":"El Gobernador y el Ministro de Desarrollo Social de la Naci\u00f3n firmaron acuerdos para impulsar microcr\u00e9ditos, asistencia sanitaria y espacios de Primera Infancia | CVI NOTICIAS","robots":{"index":"index","follow":"follow","max-snippet":"max-snippet:-1","max-image-preview":"max-image-preview:large","max-video-preview":"max-video-preview:-1"},"canonical":"https:\/\/cvinoticias.com\/v3\/el-gobernador-y-el-ministro-de-desarrollo-social-de-la-nacion-firmaron-acuerdos-para-impulsar-microcreditos-asistencia-sanitaria-y-espacios-de-primera-infancia\/","og_locale":"es_ES","og_type":"article","og_title":"El Gobernador y el Ministro de Desarrollo Social de la Naci\u00f3n firmaron acuerdos para impulsar microcr\u00e9ditos, asistencia sanitaria y espacios de Primera Infancia | CVI NOTICIAS","og_description":"El gobernador Oscar Herrera Ahuad recibi\u00f3 esta ma\u00f1ana al ministro de Desarrollo Social de la Naci\u00f3n, Daniel Fernando Arroyo. En conferencia de prensa conjunta anunciaron convenios para implementar proyectos de microcr\u00e9ditos, asistencia sanitaria a sectores vulnerables y espacios de primera infancia. En la misma jornada, el Gobernador acompa\u00f1\u00f3 al ministro en su visita al espacio [&hellip;]","og_url":"https:\/\/cvinoticias.com\/v3\/el-gobernador-y-el-ministro-de-desarrollo-social-de-la-nacion-firmaron-acuerdos-para-impulsar-microcreditos-asistencia-sanitaria-y-espacios-de-primera-infancia\/","og_site_name":"CVI NOTICIAS","article_publisher":"https:\/\/www.facebook.com\/cvinoticias","article_published_time":"2021-02-08T18:22:15+00:00","og_image":[{"width":960,"height":640,"url":"https:\/\/cvinoticias.com\/wp-content\/uploads\/2021\/02\/FB_IMG_1612807920809.jpg","type":"image\/jpeg"}],"author":"f1000024","twitter_card":"summary_large_image","twitter_misc":{"Escrito por":"f1000024","Tiempo de lectura":"4 minutos"},"schema":{"@context":"https:\/\/schema.org","@graph":[{"@type":"Article","@id":"https:\/\/cvinoticias.com\/v3\/el-gobernador-y-el-ministro-de-desarrollo-social-de-la-nacion-firmaron-acuerdos-para-impulsar-microcreditos-asistencia-sanitaria-y-espacios-de-primera-infancia\/#article","isPartOf":{"@id":"https:\/\/cvinoticias.com\/v3\/el-gobernador-y-el-ministro-de-desarrollo-social-de-la-nacion-firmaron-acuerdos-para-impulsar-microcreditos-asistencia-sanitaria-y-espacios-de-primera-infancia\/"},"author":{"name":"f1000024","@id":"https:\/\/cvinoticias.com\/v3\/#\/schema\/person\/2db77e3c6bc03c538495d7b2b8be9b66"},"headline":"El Gobernador y el Ministro de Desarrollo Social de la Naci\u00f3n firmaron acuerdos para impulsar microcr\u00e9ditos, asistencia sanitaria y espacios de Primera Infancia","datePublished":"2021-02-08T18:22:15+00:00","mainEntityOfPage":{"@id":"https:\/\/cvinoticias.com\/v3\/el-gobernador-y-el-ministro-de-desarrollo-social-de-la-nacion-firmaron-acuerdos-para-impulsar-microcreditos-asistencia-sanitaria-y-espacios-de-primera-infancia\/"},"wordCount":816,"commentCount":0,"publisher":{"@id":"https:\/\/cvinoticias.com\/v3\/#organization"},"image":{"@id":"https:\/\/cvinoticias.com\/v3\/el-gobernador-y-el-ministro-de-desarrollo-social-de-la-nacion-firmaron-acuerdos-para-impulsar-microcreditos-asistencia-sanitaria-y-espacios-de-primera-infancia\/#primaryimage"},"thumbnailUrl":"https:\/\/cvinoticias.com\/wp-content\/uploads\/2021\/02\/FB_IMG_1612807920809.jpg","articleSection":["Informaci\u00f3n General"],"inLanguage":"es","potentialAction":[{"@type":"CommentAction","name":"Comment","target":["https:\/\/cvinoticias.com\/v3\/el-gobernador-y-el-ministro-de-desarrollo-social-de-la-nacion-firmaron-acuerdos-para-impulsar-microcreditos-asistencia-sanitaria-y-espacios-de-primera-infancia\/#respond"]}]},{"@type":"WebPage","@id":"https:\/\/cvinoticias.com\/v3\/el-gobernador-y-el-ministro-de-desarrollo-social-de-la-nacion-firmaron-acuerdos-para-impulsar-microcreditos-asistencia-sanitaria-y-espacios-de-primera-infancia\/","url":"https:\/\/cvinoticias.com\/v3\/el-gobernador-y-el-ministro-de-desarrollo-social-de-la-nacion-firmaron-acuerdos-para-impulsar-microcreditos-asistencia-sanitaria-y-espacios-de-primera-infancia\/","name":"El Gobernador y el Ministro de Desarrollo Social de la Naci\u00f3n firmaron acuerdos para impulsar microcr\u00e9ditos, asistencia sanitaria y espacios de Primera Infancia | CVI NOTICIAS","isPartOf":{"@id":"https:\/\/cvinoticias.com\/v3\/#website"},"primaryImageOfPage":{"@id":"https:\/\/cvinoticias.com\/v3\/el-gobernador-y-el-ministro-de-desarrollo-social-de-la-nacion-firmaron-acuerdos-para-impulsar-microcreditos-asistencia-sanitaria-y-espacios-de-primera-infancia\/#primaryimage"},"image":{"@id":"https:\/\/cvinoticias.com\/v3\/el-gobernador-y-el-ministro-de-desarrollo-social-de-la-nacion-firmaron-acuerdos-para-impulsar-microcreditos-asistencia-sanitaria-y-espacios-de-primera-infancia\/#primaryimage"},"thumbnailUrl":"https:\/\/cvinoticias.com\/wp-content\/uploads\/2021\/02\/FB_IMG_1612807920809.jpg","datePublished":"2021-02-08T18:22:15+00:00","breadcrumb":{"@id":"https:\/\/cvinoticias.com\/v3\/el-gobernador-y-el-ministro-de-desarrollo-social-de-la-nacion-firmaron-acuerdos-para-impulsar-microcreditos-asistencia-sanitaria-y-espacios-de-primera-infancia\/#breadcrumb"},"inLanguage":"es","potentialAction":[{"@type":"ReadAction","target":["https:\/\/cvinoticias.com\/v3\/el-gobernador-y-el-ministro-de-desarrollo-social-de-la-nacion-firmaron-acuerdos-para-impulsar-microcreditos-asistencia-sanitaria-y-espacios-de-primera-infancia\/"]}]},{"@type":"ImageObject","inLanguage":"es","@id":"https:\/\/cvinoticias.com\/v3\/el-gobernador-y-el-ministro-de-desarrollo-social-de-la-nacion-firmaron-acuerdos-para-impulsar-microcreditos-asistencia-sanitaria-y-espacios-de-primera-infancia\/#primaryimage","url":"https:\/\/cvinoticias.com\/wp-content\/uploads\/2021\/02\/FB_IMG_1612807920809.jpg","contentUrl":"https:\/\/cvinoticias.com\/wp-content\/uploads\/2021\/02\/FB_IMG_1612807920809.jpg","width":960,"height":640},{"@type":"BreadcrumbList","@id":"https:\/\/cvinoticias.com\/v3\/el-gobernador-y-el-ministro-de-desarrollo-social-de-la-nacion-firmaron-acuerdos-para-impulsar-microcreditos-asistencia-sanitaria-y-espacios-de-primera-infancia\/#breadcrumb","itemListElement":[{"@type":"ListItem","position":1,"name":"Portada","item":"https:\/\/cvinoticias.com\/v3\/"},{"@type":"ListItem","position":2,"name":"El Gobernador y el Ministro de Desarrollo Social de la Naci\u00f3n firmaron acuerdos para impulsar microcr\u00e9ditos, asistencia sanitaria y espacios de Primera Infancia"}]},{"@type":"WebSite","@id":"https:\/\/cvinoticias.com\/v3\/#website","url":"https:\/\/cvinoticias.com\/v3\/","name":"CVI NOTICIAS","description":"","publisher":{"@id":"https:\/\/cvinoticias.com\/v3\/#organization"},"alternateName":"CVI","potentialAction":[{"@type":"SearchAction","target":{"@type":"EntryPoint","urlTemplate":"https:\/\/cvinoticias.com\/v3\/?s={search_term_string}"},"query-input":{"@type":"PropertyValueSpecification","valueRequired":true,"valueName":"search_term_string"}}],"inLanguage":"es"},{"@type":"Organization","@id":"https:\/\/cvinoticias.com\/v3\/#organization","name":"CVI NOTICIAS","url":"https:\/\/cvinoticias.com\/v3\/","logo":{"@type":"ImageObject","inLanguage":"es","@id":"https:\/\/cvinoticias.com\/v3\/#\/schema\/logo\/image\/","url":"https:\/\/cvinoticias.com\/wp-content\/uploads\/2023\/04\/cropped-cropped-cropped-cropped-cropped-3-1.png","contentUrl":"https:\/\/cvinoticias.com\/wp-content\/uploads\/2023\/04\/cropped-cropped-cropped-cropped-cropped-3-1.png","width":95,"height":122,"caption":"CVI NOTICIAS"},"image":{"@id":"https:\/\/cvinoticias.com\/v3\/#\/schema\/logo\/image\/"},"sameAs":["https:\/\/www.facebook.com\/cvinoticias","https:\/\/www.instagram.com\/cvinoticias\/","https:\/\/www.youtube.com\/@CVINOTICIAS"]},{"@type":"Person","@id":"https:\/\/cvinoticias.com\/v3\/#\/schema\/person\/2db77e3c6bc03c538495d7b2b8be9b66","name":"f1000024","image":{"@type":"ImageObject","inLanguage":"es","@id":"https:\/\/secure.gravatar.com\/avatar\/d4fe7459cfc51ff5129ce1a732bbef5928568b8092d412ef95611616376bbeed?s=96&d=mm&r=g","url":"https:\/\/secure.gravatar.com\/avatar\/d4fe7459cfc51ff5129ce1a732bbef5928568b8092d412ef95611616376bbeed?s=96&d=mm&r=g","contentUrl":"https:\/\/secure.gravatar.com\/avatar\/d4fe7459cfc51ff5129ce1a732bbef5928568b8092d412ef95611616376bbeed?s=96&d=mm&r=g","caption":"f1000024"},"url":"https:\/\/cvinoticias.com\/v3\/author\/f1000024\/"}]}},"_links":{"self":[{"href":"https:\/\/cvinoticias.com\/v3\/wp-json\/wp\/v2\/posts\/2523","targetHints":{"allow":["GET"]}}],"collection":[{"href":"https:\/\/cvinoticias.com\/v3\/wp-json\/wp\/v2\/posts"}],"about":[{"href":"https:\/\/cvinoticias.com\/v3\/wp-json\/wp\/v2\/types\/post"}],"author":[{"embeddable":true,"href":"https:\/\/cvinoticias.com\/v3\/wp-json\/wp\/v2\/users\/2"}],"replies":[{"embeddable":true,"href":"https:\/\/cvinoticias.com\/v3\/wp-json\/wp\/v2\/comments?post=2523"}],"version-history":[{"count":1,"href":"https:\/\/cvinoticias.com\/v3\/wp-json\/wp\/v2\/posts\/2523\/revisions"}],"predecessor-version":[{"id":2526,"href":"https:\/\/cvinoticias.com\/v3\/wp-json\/wp\/v2\/posts\/2523\/revisions\/2526"}],"wp:featuredmedia":[{"embeddable":true,"href":"https:\/\/cvinoticias.com\/v3\/wp-json\/wp\/v2\/media\/2524"}],"wp:attachment":[{"href":"https:\/\/cvinoticias.com\/v3\/wp-json\/wp\/v2\/media?parent=2523"}],"wp:term":[{"taxonomy":"category","embeddable":true,"href":"https:\/\/cvinoticias.com\/v3\/wp-json\/wp\/v2\/categories?post=2523"},{"taxonomy":"post_tag","embeddable":true,"href":"https:\/\/cvinoticias.com\/v3\/wp-json\/wp\/v2\/tags?post=2523"}],"curies":[{"name":"wp","href":"https:\/\/api.w.org\/{rel}","templated":true}]}}