{"id":25205,"date":"2023-06-03T13:03:38","date_gmt":"2023-06-03T13:03:38","guid":{"rendered":"https:\/\/cvinoticias.com\/v3\/?p=25205"},"modified":"2023-06-03T13:03:38","modified_gmt":"2023-06-03T13:03:38","slug":"trata-de-personas-intentaron-sacar-del-pais-a-menor-de-forma-ilegal","status":"publish","type":"post","link":"https:\/\/cvinoticias.com\/v3\/trata-de-personas-intentaron-sacar-del-pais-a-menor-de-forma-ilegal\/","title":{"rendered":"Trata de personas: intentaron sacar del pa\u00eds a menor de forma ilegal"},"content":{"rendered":"\n<p><strong><em>Los sujetos no contaban con la documentaci\u00f3n migratoria que los habilite para sacar a la ni\u00f1a del territorio nacional. Los mismos ingresaron por el paso fronterizo de Puerto Libertad, en la provincia de Misiones y se movilizaron hasta Ap\u00f3stoles.<\/em><\/strong><\/p>\n\n\n\n<p>En medio de un operativo de Gendarmer\u00eda Nacional, realizado sobre la Ruta Provincial N\u00b0 1, kil\u00f3metro 6 de la localidad misionera de Ap\u00f3stoles, cuatro hombres oriundos fueron detenidos cuando se trasladaban en un autom\u00f3vil con una menor de 16 a\u00f1os. Los efectivos detectaron que los individuos registraron su ingreso desde el pa\u00eds vecino, no as\u00ed la menor de edad. La misma no contaba con ingreso a Argentina, ni autorizaci\u00f3n de sus padres.<\/p>\n\n\n\n<p>El Juzgado Federal de Primera Instancia en lo Criminal y Correccional y Fiscal\u00eda Federal de Posadas dispusieron que se active protocolo para \u00abtrata de personas\u00bb y la detenci\u00f3n de los cuatro involucrados, en presunta infracci\u00f3n a la Ley 26.364 y Ley 25.871 de Migraciones.<\/p>\n\n\n\n<p>En tanto que, la joven qued\u00f3 bajo el resguardo y la responsabilidad del Ministerio de Derechos Humanos de la provincia de Misiones.<\/p>\n","protected":false},"excerpt":{"rendered":"<p>Los sujetos no contaban con la documentaci\u00f3n migratoria que los habilite para sacar a la ni\u00f1a del territorio nacional. Los mismos ingresaron por el paso fronterizo de Puerto Libertad, en la provincia de Misiones y se movilizaron hasta Ap\u00f3stoles. En medio de un operativo de Gendarmer\u00eda Nacional, realizado sobre la Ruta Provincial N\u00b0 1, kil\u00f3metro [&hellip;]<\/p>\n","protected":false},"author":2,"featured_media":25206,"comment_status":"open","ping_status":"open","sticky":false,"template":"","format":"standard","meta":{"footnotes":""},"categories":[41],"tags":[],"class_list":["post-25205","post","type-post","status-publish","format-standard","has-post-thumbnail","hentry","category-policiales"],"yoast_head":"<!-- This site is optimized with the Yoast SEO plugin v27.5 - https:\/\/yoast.com\/product\/yoast-seo-wordpress\/ -->\n<title>Trata de personas: intentaron sacar del pa\u00eds a menor de forma ilegal | CVI NOTICIAS<\/title>\n<meta name=\"robots\" content=\"index, follow, max-snippet:-1, max-image-preview:large, max-video-preview:-1\" \/>\n<link rel=\"canonical\" href=\"https:\/\/cvinoticias.com\/v3\/trata-de-personas-intentaron-sacar-del-pais-a-menor-de-forma-ilegal\/\" \/>\n<meta property=\"og:locale\" content=\"es_ES\" \/>\n<meta property=\"og:type\" content=\"article\" \/>\n<meta property=\"og:title\" content=\"Trata de personas: intentaron sacar del pa\u00eds a menor de forma ilegal | CVI NOTICIAS\" \/>\n<meta property=\"og:description\" content=\"Los sujetos no contaban con la documentaci\u00f3n migratoria que los habilite para sacar a la ni\u00f1a del territorio nacional. Los mismos ingresaron por el paso fronterizo de Puerto Libertad, en la provincia de Misiones y se movilizaron hasta Ap\u00f3stoles. En medio de un operativo de Gendarmer\u00eda Nacional, realizado sobre la Ruta Provincial N\u00b0 1, kil\u00f3metro [&hellip;]\" \/>\n<meta property=\"og:url\" content=\"https:\/\/cvinoticias.com\/v3\/trata-de-personas-intentaron-sacar-del-pais-a-menor-de-forma-ilegal\/\" \/>\n<meta property=\"og:site_name\" content=\"CVI NOTICIAS\" \/>\n<meta property=\"article:publisher\" content=\"https:\/\/www.facebook.com\/cvinoticias\" \/>\n<meta property=\"article:published_time\" content=\"2023-06-03T13:03:38+00:00\" \/>\n<meta property=\"og:image\" content=\"https:\/\/cvinoticias.com\/wp-content\/uploads\/2023\/06\/347939.jpg_nota.jpg\" \/>\n\t<meta property=\"og:image:width\" content=\"700\" \/>\n\t<meta property=\"og:image:height\" content=\"525\" \/>\n\t<meta property=\"og:image:type\" content=\"image\/jpeg\" \/>\n<meta name=\"author\" content=\"f1000024\" \/>\n<meta name=\"twitter:card\" content=\"summary_large_image\" \/>\n<meta name=\"twitter:label1\" content=\"Escrito por\" \/>\n\t<meta name=\"twitter:data1\" content=\"f1000024\" \/>\n\t<meta name=\"twitter:label2\" content=\"Tiempo de lectura\" \/>\n\t<meta name=\"twitter:data2\" content=\"1 minuto\" \/>\n<script type=\"application\/ld+json\" class=\"yoast-schema-graph\">{\"@context\":\"https:\\\/\\\/schema.org\",\"@graph\":[{\"@type\":\"Article\",\"@id\":\"https:\\\/\\\/cvinoticias.com\\\/v3\\\/trata-de-personas-intentaron-sacar-del-pais-a-menor-de-forma-ilegal\\\/#article\",\"isPartOf\":{\"@id\":\"https:\\\/\\\/cvinoticias.com\\\/v3\\\/trata-de-personas-intentaron-sacar-del-pais-a-menor-de-forma-ilegal\\\/\"},\"author\":{\"name\":\"f1000024\",\"@id\":\"https:\\\/\\\/cvinoticias.com\\\/v3\\\/#\\\/schema\\\/person\\\/2db77e3c6bc03c538495d7b2b8be9b66\"},\"headline\":\"Trata de personas: intentaron sacar del pa\u00eds a menor de forma ilegal\",\"datePublished\":\"2023-06-03T13:03:38+00:00\",\"mainEntityOfPage\":{\"@id\":\"https:\\\/\\\/cvinoticias.com\\\/v3\\\/trata-de-personas-intentaron-sacar-del-pais-a-menor-de-forma-ilegal\\\/\"},\"wordCount\":198,\"commentCount\":0,\"publisher\":{\"@id\":\"https:\\\/\\\/cvinoticias.com\\\/v3\\\/#organization\"},\"image\":{\"@id\":\"https:\\\/\\\/cvinoticias.com\\\/v3\\\/trata-de-personas-intentaron-sacar-del-pais-a-menor-de-forma-ilegal\\\/#primaryimage\"},\"thumbnailUrl\":\"https:\\\/\\\/cvinoticias.com\\\/wp-content\\\/uploads\\\/2023\\\/06\\\/347939.jpg_nota.jpg\",\"articleSection\":[\"Policiales\"],\"inLanguage\":\"es\",\"potentialAction\":[{\"@type\":\"CommentAction\",\"name\":\"Comment\",\"target\":[\"https:\\\/\\\/cvinoticias.com\\\/v3\\\/trata-de-personas-intentaron-sacar-del-pais-a-menor-de-forma-ilegal\\\/#respond\"]}]},{\"@type\":\"WebPage\",\"@id\":\"https:\\\/\\\/cvinoticias.com\\\/v3\\\/trata-de-personas-intentaron-sacar-del-pais-a-menor-de-forma-ilegal\\\/\",\"url\":\"https:\\\/\\\/cvinoticias.com\\\/v3\\\/trata-de-personas-intentaron-sacar-del-pais-a-menor-de-forma-ilegal\\\/\",\"name\":\"Trata de personas: intentaron sacar del pa\u00eds a menor de forma ilegal | CVI NOTICIAS\",\"isPartOf\":{\"@id\":\"https:\\\/\\\/cvinoticias.com\\\/v3\\\/#website\"},\"primaryImageOfPage\":{\"@id\":\"https:\\\/\\\/cvinoticias.com\\\/v3\\\/trata-de-personas-intentaron-sacar-del-pais-a-menor-de-forma-ilegal\\\/#primaryimage\"},\"image\":{\"@id\":\"https:\\\/\\\/cvinoticias.com\\\/v3\\\/trata-de-personas-intentaron-sacar-del-pais-a-menor-de-forma-ilegal\\\/#primaryimage\"},\"thumbnailUrl\":\"https:\\\/\\\/cvinoticias.com\\\/wp-content\\\/uploads\\\/2023\\\/06\\\/347939.jpg_nota.jpg\",\"datePublished\":\"2023-06-03T13:03:38+00:00\",\"breadcrumb\":{\"@id\":\"https:\\\/\\\/cvinoticias.com\\\/v3\\\/trata-de-personas-intentaron-sacar-del-pais-a-menor-de-forma-ilegal\\\/#breadcrumb\"},\"inLanguage\":\"es\",\"potentialAction\":[{\"@type\":\"ReadAction\",\"target\":[\"https:\\\/\\\/cvinoticias.com\\\/v3\\\/trata-de-personas-intentaron-sacar-del-pais-a-menor-de-forma-ilegal\\\/\"]}]},{\"@type\":\"ImageObject\",\"inLanguage\":\"es\",\"@id\":\"https:\\\/\\\/cvinoticias.com\\\/v3\\\/trata-de-personas-intentaron-sacar-del-pais-a-menor-de-forma-ilegal\\\/#primaryimage\",\"url\":\"https:\\\/\\\/cvinoticias.com\\\/wp-content\\\/uploads\\\/2023\\\/06\\\/347939.jpg_nota.jpg\",\"contentUrl\":\"https:\\\/\\\/cvinoticias.com\\\/wp-content\\\/uploads\\\/2023\\\/06\\\/347939.jpg_nota.jpg\",\"width\":700,\"height\":525},{\"@type\":\"BreadcrumbList\",\"@id\":\"https:\\\/\\\/cvinoticias.com\\\/v3\\\/trata-de-personas-intentaron-sacar-del-pais-a-menor-de-forma-ilegal\\\/#breadcrumb\",\"itemListElement\":[{\"@type\":\"ListItem\",\"position\":1,\"name\":\"Portada\",\"item\":\"https:\\\/\\\/cvinoticias.com\\\/v3\\\/\"},{\"@type\":\"ListItem\",\"position\":2,\"name\":\"Trata de personas: intentaron sacar del pa\u00eds a menor de forma ilegal\"}]},{\"@type\":\"WebSite\",\"@id\":\"https:\\\/\\\/cvinoticias.com\\\/v3\\\/#website\",\"url\":\"https:\\\/\\\/cvinoticias.com\\\/v3\\\/\",\"name\":\"CVI NOTICIAS\",\"description\":\"\",\"publisher\":{\"@id\":\"https:\\\/\\\/cvinoticias.com\\\/v3\\\/#organization\"},\"alternateName\":\"CVI\",\"potentialAction\":[{\"@type\":\"SearchAction\",\"target\":{\"@type\":\"EntryPoint\",\"urlTemplate\":\"https:\\\/\\\/cvinoticias.com\\\/v3\\\/?s={search_term_string}\"},\"query-input\":{\"@type\":\"PropertyValueSpecification\",\"valueRequired\":true,\"valueName\":\"search_term_string\"}}],\"inLanguage\":\"es\"},{\"@type\":\"Organization\",\"@id\":\"https:\\\/\\\/cvinoticias.com\\\/v3\\\/#organization\",\"name\":\"CVI NOTICIAS\",\"url\":\"https:\\\/\\\/cvinoticias.com\\\/v3\\\/\",\"logo\":{\"@type\":\"ImageObject\",\"inLanguage\":\"es\",\"@id\":\"https:\\\/\\\/cvinoticias.com\\\/v3\\\/#\\\/schema\\\/logo\\\/image\\\/\",\"url\":\"https:\\\/\\\/cvinoticias.com\\\/wp-content\\\/uploads\\\/2023\\\/04\\\/cropped-cropped-cropped-cropped-cropped-3-1.png\",\"contentUrl\":\"https:\\\/\\\/cvinoticias.com\\\/wp-content\\\/uploads\\\/2023\\\/04\\\/cropped-cropped-cropped-cropped-cropped-3-1.png\",\"width\":95,\"height\":122,\"caption\":\"CVI NOTICIAS\"},\"image\":{\"@id\":\"https:\\\/\\\/cvinoticias.com\\\/v3\\\/#\\\/schema\\\/logo\\\/image\\\/\"},\"sameAs\":[\"https:\\\/\\\/www.facebook.com\\\/cvinoticias\",\"https:\\\/\\\/www.instagram.com\\\/cvinoticias\\\/\",\"https:\\\/\\\/www.youtube.com\\\/@CVINOTICIAS\"]},{\"@type\":\"Person\",\"@id\":\"https:\\\/\\\/cvinoticias.com\\\/v3\\\/#\\\/schema\\\/person\\\/2db77e3c6bc03c538495d7b2b8be9b66\",\"name\":\"f1000024\",\"image\":{\"@type\":\"ImageObject\",\"inLanguage\":\"es\",\"@id\":\"https:\\\/\\\/secure.gravatar.com\\\/avatar\\\/d4fe7459cfc51ff5129ce1a732bbef5928568b8092d412ef95611616376bbeed?s=96&d=mm&r=g\",\"url\":\"https:\\\/\\\/secure.gravatar.com\\\/avatar\\\/d4fe7459cfc51ff5129ce1a732bbef5928568b8092d412ef95611616376bbeed?s=96&d=mm&r=g\",\"contentUrl\":\"https:\\\/\\\/secure.gravatar.com\\\/avatar\\\/d4fe7459cfc51ff5129ce1a732bbef5928568b8092d412ef95611616376bbeed?s=96&d=mm&r=g\",\"caption\":\"f1000024\"},\"url\":\"https:\\\/\\\/cvinoticias.com\\\/v3\\\/author\\\/f1000024\\\/\"}]}<\/script>\n<!-- \/ Yoast SEO plugin. -->","yoast_head_json":{"title":"Trata de personas: intentaron sacar del pa\u00eds a menor de forma ilegal | CVI NOTICIAS","robots":{"index":"index","follow":"follow","max-snippet":"max-snippet:-1","max-image-preview":"max-image-preview:large","max-video-preview":"max-video-preview:-1"},"canonical":"https:\/\/cvinoticias.com\/v3\/trata-de-personas-intentaron-sacar-del-pais-a-menor-de-forma-ilegal\/","og_locale":"es_ES","og_type":"article","og_title":"Trata de personas: intentaron sacar del pa\u00eds a menor de forma ilegal | CVI NOTICIAS","og_description":"Los sujetos no contaban con la documentaci\u00f3n migratoria que los habilite para sacar a la ni\u00f1a del territorio nacional. Los mismos ingresaron por el paso fronterizo de Puerto Libertad, en la provincia de Misiones y se movilizaron hasta Ap\u00f3stoles. En medio de un operativo de Gendarmer\u00eda Nacional, realizado sobre la Ruta Provincial N\u00b0 1, kil\u00f3metro [&hellip;]","og_url":"https:\/\/cvinoticias.com\/v3\/trata-de-personas-intentaron-sacar-del-pais-a-menor-de-forma-ilegal\/","og_site_name":"CVI NOTICIAS","article_publisher":"https:\/\/www.facebook.com\/cvinoticias","article_published_time":"2023-06-03T13:03:38+00:00","og_image":[{"width":700,"height":525,"url":"https:\/\/cvinoticias.com\/wp-content\/uploads\/2023\/06\/347939.jpg_nota.jpg","type":"image\/jpeg"}],"author":"f1000024","twitter_card":"summary_large_image","twitter_misc":{"Escrito por":"f1000024","Tiempo de lectura":"1 minuto"},"schema":{"@context":"https:\/\/schema.org","@graph":[{"@type":"Article","@id":"https:\/\/cvinoticias.com\/v3\/trata-de-personas-intentaron-sacar-del-pais-a-menor-de-forma-ilegal\/#article","isPartOf":{"@id":"https:\/\/cvinoticias.com\/v3\/trata-de-personas-intentaron-sacar-del-pais-a-menor-de-forma-ilegal\/"},"author":{"name":"f1000024","@id":"https:\/\/cvinoticias.com\/v3\/#\/schema\/person\/2db77e3c6bc03c538495d7b2b8be9b66"},"headline":"Trata de personas: intentaron sacar del pa\u00eds a menor de forma ilegal","datePublished":"2023-06-03T13:03:38+00:00","mainEntityOfPage":{"@id":"https:\/\/cvinoticias.com\/v3\/trata-de-personas-intentaron-sacar-del-pais-a-menor-de-forma-ilegal\/"},"wordCount":198,"commentCount":0,"publisher":{"@id":"https:\/\/cvinoticias.com\/v3\/#organization"},"image":{"@id":"https:\/\/cvinoticias.com\/v3\/trata-de-personas-intentaron-sacar-del-pais-a-menor-de-forma-ilegal\/#primaryimage"},"thumbnailUrl":"https:\/\/cvinoticias.com\/wp-content\/uploads\/2023\/06\/347939.jpg_nota.jpg","articleSection":["Policiales"],"inLanguage":"es","potentialAction":[{"@type":"CommentAction","name":"Comment","target":["https:\/\/cvinoticias.com\/v3\/trata-de-personas-intentaron-sacar-del-pais-a-menor-de-forma-ilegal\/#respond"]}]},{"@type":"WebPage","@id":"https:\/\/cvinoticias.com\/v3\/trata-de-personas-intentaron-sacar-del-pais-a-menor-de-forma-ilegal\/","url":"https:\/\/cvinoticias.com\/v3\/trata-de-personas-intentaron-sacar-del-pais-a-menor-de-forma-ilegal\/","name":"Trata de personas: intentaron sacar del pa\u00eds a menor de forma ilegal | CVI NOTICIAS","isPartOf":{"@id":"https:\/\/cvinoticias.com\/v3\/#website"},"primaryImageOfPage":{"@id":"https:\/\/cvinoticias.com\/v3\/trata-de-personas-intentaron-sacar-del-pais-a-menor-de-forma-ilegal\/#primaryimage"},"image":{"@id":"https:\/\/cvinoticias.com\/v3\/trata-de-personas-intentaron-sacar-del-pais-a-menor-de-forma-ilegal\/#primaryimage"},"thumbnailUrl":"https:\/\/cvinoticias.com\/wp-content\/uploads\/2023\/06\/347939.jpg_nota.jpg","datePublished":"2023-06-03T13:03:38+00:00","breadcrumb":{"@id":"https:\/\/cvinoticias.com\/v3\/trata-de-personas-intentaron-sacar-del-pais-a-menor-de-forma-ilegal\/#breadcrumb"},"inLanguage":"es","potentialAction":[{"@type":"ReadAction","target":["https:\/\/cvinoticias.com\/v3\/trata-de-personas-intentaron-sacar-del-pais-a-menor-de-forma-ilegal\/"]}]},{"@type":"ImageObject","inLanguage":"es","@id":"https:\/\/cvinoticias.com\/v3\/trata-de-personas-intentaron-sacar-del-pais-a-menor-de-forma-ilegal\/#primaryimage","url":"https:\/\/cvinoticias.com\/wp-content\/uploads\/2023\/06\/347939.jpg_nota.jpg","contentUrl":"https:\/\/cvinoticias.com\/wp-content\/uploads\/2023\/06\/347939.jpg_nota.jpg","width":700,"height":525},{"@type":"BreadcrumbList","@id":"https:\/\/cvinoticias.com\/v3\/trata-de-personas-intentaron-sacar-del-pais-a-menor-de-forma-ilegal\/#breadcrumb","itemListElement":[{"@type":"ListItem","position":1,"name":"Portada","item":"https:\/\/cvinoticias.com\/v3\/"},{"@type":"ListItem","position":2,"name":"Trata de personas: intentaron sacar del pa\u00eds a menor de forma ilegal"}]},{"@type":"WebSite","@id":"https:\/\/cvinoticias.com\/v3\/#website","url":"https:\/\/cvinoticias.com\/v3\/","name":"CVI NOTICIAS","description":"","publisher":{"@id":"https:\/\/cvinoticias.com\/v3\/#organization"},"alternateName":"CVI","potentialAction":[{"@type":"SearchAction","target":{"@type":"EntryPoint","urlTemplate":"https:\/\/cvinoticias.com\/v3\/?s={search_term_string}"},"query-input":{"@type":"PropertyValueSpecification","valueRequired":true,"valueName":"search_term_string"}}],"inLanguage":"es"},{"@type":"Organization","@id":"https:\/\/cvinoticias.com\/v3\/#organization","name":"CVI NOTICIAS","url":"https:\/\/cvinoticias.com\/v3\/","logo":{"@type":"ImageObject","inLanguage":"es","@id":"https:\/\/cvinoticias.com\/v3\/#\/schema\/logo\/image\/","url":"https:\/\/cvinoticias.com\/wp-content\/uploads\/2023\/04\/cropped-cropped-cropped-cropped-cropped-3-1.png","contentUrl":"https:\/\/cvinoticias.com\/wp-content\/uploads\/2023\/04\/cropped-cropped-cropped-cropped-cropped-3-1.png","width":95,"height":122,"caption":"CVI NOTICIAS"},"image":{"@id":"https:\/\/cvinoticias.com\/v3\/#\/schema\/logo\/image\/"},"sameAs":["https:\/\/www.facebook.com\/cvinoticias","https:\/\/www.instagram.com\/cvinoticias\/","https:\/\/www.youtube.com\/@CVINOTICIAS"]},{"@type":"Person","@id":"https:\/\/cvinoticias.com\/v3\/#\/schema\/person\/2db77e3c6bc03c538495d7b2b8be9b66","name":"f1000024","image":{"@type":"ImageObject","inLanguage":"es","@id":"https:\/\/secure.gravatar.com\/avatar\/d4fe7459cfc51ff5129ce1a732bbef5928568b8092d412ef95611616376bbeed?s=96&d=mm&r=g","url":"https:\/\/secure.gravatar.com\/avatar\/d4fe7459cfc51ff5129ce1a732bbef5928568b8092d412ef95611616376bbeed?s=96&d=mm&r=g","contentUrl":"https:\/\/secure.gravatar.com\/avatar\/d4fe7459cfc51ff5129ce1a732bbef5928568b8092d412ef95611616376bbeed?s=96&d=mm&r=g","caption":"f1000024"},"url":"https:\/\/cvinoticias.com\/v3\/author\/f1000024\/"}]}},"_links":{"self":[{"href":"https:\/\/cvinoticias.com\/v3\/wp-json\/wp\/v2\/posts\/25205","targetHints":{"allow":["GET"]}}],"collection":[{"href":"https:\/\/cvinoticias.com\/v3\/wp-json\/wp\/v2\/posts"}],"about":[{"href":"https:\/\/cvinoticias.com\/v3\/wp-json\/wp\/v2\/types\/post"}],"author":[{"embeddable":true,"href":"https:\/\/cvinoticias.com\/v3\/wp-json\/wp\/v2\/users\/2"}],"replies":[{"embeddable":true,"href":"https:\/\/cvinoticias.com\/v3\/wp-json\/wp\/v2\/comments?post=25205"}],"version-history":[{"count":1,"href":"https:\/\/cvinoticias.com\/v3\/wp-json\/wp\/v2\/posts\/25205\/revisions"}],"predecessor-version":[{"id":25207,"href":"https:\/\/cvinoticias.com\/v3\/wp-json\/wp\/v2\/posts\/25205\/revisions\/25207"}],"wp:featuredmedia":[{"embeddable":true,"href":"https:\/\/cvinoticias.com\/v3\/wp-json\/wp\/v2\/media\/25206"}],"wp:attachment":[{"href":"https:\/\/cvinoticias.com\/v3\/wp-json\/wp\/v2\/media?parent=25205"}],"wp:term":[{"taxonomy":"category","embeddable":true,"href":"https:\/\/cvinoticias.com\/v3\/wp-json\/wp\/v2\/categories?post=25205"},{"taxonomy":"post_tag","embeddable":true,"href":"https:\/\/cvinoticias.com\/v3\/wp-json\/wp\/v2\/tags?post=25205"}],"curies":[{"name":"wp","href":"https:\/\/api.w.org\/{rel}","templated":true}]}}