{"id":25189,"date":"2023-06-02T01:01:46","date_gmt":"2023-06-02T01:01:46","guid":{"rendered":"https:\/\/cvinoticias.com\/v3\/?p=25189"},"modified":"2023-06-02T01:01:46","modified_gmt":"2023-06-02T01:01:46","slug":"alimentacion-saludable-en-escuelas-y-la-importancia-del-sueno-para-la-salud-los-temas-de-una-nueva-sesion-legislativa","status":"publish","type":"post","link":"https:\/\/cvinoticias.com\/v3\/alimentacion-saludable-en-escuelas-y-la-importancia-del-sueno-para-la-salud-los-temas-de-una-nueva-sesion-legislativa\/","title":{"rendered":"Alimentaci\u00f3n saludable en escuelas y la importancia del sue\u00f1o para la salud, los temas de una nueva sesi\u00f3n legislativa"},"content":{"rendered":"\n<p><strong><em>Adem\u00e1s, el Parlamento Misionero declar\u00f3 \u00c1rea Natural Protegida a la Cuenca Baja del Arroyo Garup\u00e1 e instituy\u00f3 al 8 de agosto como D\u00eda Provincial de la Mujer Chamamecera, en honor a Mar\u00eda Ofelia Cemborain.<\/em><\/strong><\/p>\n\n\n\n<p>Este jueves por la tarde se llev\u00f3 a cabo la segunda sesi\u00f3n ordinaria del ciclo legislativo 2023. En ella, los diputados misioneros sancionaron una bater\u00eda de leyes concernientes a tem\u00e1ticas tales como la Salud (un \u00e1rea siempre presente en el Parlamento local), el cuidado del ambiente, la evocaci\u00f3n de una figura clave de la cultura de la tierra colorada, as\u00ed como la designaci\u00f3n de cargos judiciales.<\/p>\n\n\n\n<p>Luego de dichos acuerdos legislativos, los legisladores crearon el Programa Educativo Integral de Promoci\u00f3n de Alimentaci\u00f3n y H\u00e1bitos de Vida Saludable a trav\u00e9s de la implementaci\u00f3n de entornos escolares saludables en todos los niveles y modalidades del sistema educativo p\u00fablico, de gesti\u00f3n estatal y privada. El objetivo principal de este Programa es contribuir a la disminuci\u00f3n de la malnutrici\u00f3n y la obesidad infantil.<\/p>\n\n\n\n<p>La escuela se destaca como un \u00e1mbito de gran relevancia para implementar acciones de promoci\u00f3n de la salud, ya que es un espacio privilegiado de socializaci\u00f3n y aprendizaje, en el que d\u00eda a d\u00eda se construyen y aprenden pr\u00e1cticas que forman y formar\u00e1n parte de la vida cotidiana de los ni\u00f1os, ni\u00f1as y adolescentes. Es por ello que se busca involucrar a madres, padres y tutores para que conozcan sobre alimentaci\u00f3n y nutrici\u00f3n.<br>Adem\u00e1s, las Autoridades de Aplicaci\u00f3n (Ministerio de Educaci\u00f3n y de Salud) elaborar\u00e1n una gu\u00eda de alimentos y bebidas saludables con el objeto de transformar los puntos de venta de alimentos dentro de los establecimientos educativos en saludables teniendo en consideraci\u00f3n al alumnado con celiaqu\u00eda, hipertensi\u00f3n, diabetes e intolerantes a la lactosa.<\/p>\n\n\n\n<p><strong>El sue\u00f1o es salud<\/strong><\/p>\n\n\n\n<p>El segundo punto del Plan de Labor parlamentaria fue el tratamiento y aprobaci\u00f3n del proyecto que materializ\u00f3 el Programa \u201cEl sue\u00f1o es Salud\u201d, autor\u00eda del diputado y presidente de la C\u00e1mara, Ing. Carlos Rovira, cuyo prop\u00f3sito central es concientizar a la sociedad sobre la importancia del sue\u00f1o para la salud f\u00edsica y mental, a fines de difundir conocimientos y contribuir a establecer h\u00e1bitos saludables.<\/p>\n\n\n\n<p>\u201cEs sabido que el ser humano no puede vivir sin dormir, por lo que resulta imprescindible. El sue\u00f1o repara nuestro cuerpo todos los d\u00edas, es decir tiene una funci\u00f3n reparadora, y adem\u00e1s tiene una funci\u00f3n complementaria y fundamental para que podamos estar despiertos al otro d\u00eda y realizar nuestras actividades cotidianas, pero adem\u00e1s el sue\u00f1o es fisiol\u00f3gicamente necesario, para secretar la hormona del crecimiento y la integraci\u00f3n de la nueva informaci\u00f3n adquirida durante el d\u00eda, es decir, consolidar el aprendizaje\u201d, detalla el texto de la flamante Ley. Y agrega: \u201cEs sumamente importante informar que la ausencia de sue\u00f1o puede provocar falta de memoria y puede derivar en muchos problemas de salud. La privaci\u00f3n del sue\u00f1o acarrea cansancio e irritabilidad. Pero tambi\u00e9n hay que saber que los distintos trastornos del sue\u00f1o se pueden prevenir y tratar en la mayor\u00eda de los casos\u201d.<\/p>\n\n\n\n<p>En suma, el Programa \u201cEl sue\u00f1o es Salud\u201d se propone difundir, informar y educar acerca de la importancia de tener buenos h\u00e1bitos para conciliar el sue\u00f1o. Siendo algunos de ellos: horario habitual para dormir, no consumir al atardecer estimulantes como el caf\u00e9, t\u00e9 o refrescos con cola, antes de acostarse bajar la intensidad de las tareas, dejar para el final lo m\u00e1s mon\u00f3tono, no ver programas de televisi\u00f3n que sean estimulantes, tener en la habitaci\u00f3n una buena temperatura, no llevar a la cama trabajo ni dispositivos tecnol\u00f3gicos. En el mismo sentido se ubica la importancia del tiempo de duraci\u00f3n del mismo seg\u00fan las edades; beb\u00e9s y ni\u00f1os requieren de m\u00e1s horas de sue\u00f1o que los adultos, pero en todos los casos para que el sue\u00f1o sea saludable requiere de las horas necesarias, continuidad sin interrupciones y profundidad.<\/p>\n\n\n\n<p>Esta tarea ser\u00e1 emprendida a trav\u00e9s de jornadas de capacitaci\u00f3n y concientizaci\u00f3n para p\u00fablico general y profesionales de la salud, as\u00ed como mediante la distribuci\u00f3n de folleter\u00eda y material did\u00e1ctico.<\/p>\n\n\n\n<p><strong>En memoria de Mar\u00eda Ofelia Cemborain<\/strong><\/p>\n\n\n\n<p>M\u00e1s adelante en la sesi\u00f3n de este jueves 1 de junio, los parlamentarios provinciales abordaron e hicieron Ley el proyecto que instituye como D\u00eda Provincial de la Mujer Chamamecera el 8 de agosto de cada a\u00f1o, en conmemoraci\u00f3n al natalicio de la cantante y compositora misionera Mar\u00eda Ofelia Cemborain.<\/p>\n\n\n\n<p>Mar\u00eda Ofelia comenz\u00f3 su carrera art\u00edstica en 1971, cuando gan\u00f3 el primer premio como \u00absolista vocal femenina\u00bb en el Festival Nacional de Folclore Cosqu\u00edn representando a Misiones. En ese mismo a\u00f1o graba su primer disco \u201cLa nueva voz del Litoral\u201d, proyect\u00e1ndose en pa\u00edses como Brasil, Chile, Paraguay y Uruguay.<\/p>\n\n\n\n<p>A lo largo de toda su carrera, Cemborain ha ganado innumerables premios y distinciones, por lo que la fecha de su natalicio es emblem\u00e1tica para las mujeres de la cultura y del chamam\u00e9.<br>La normativa aprobada crea el rubro espec\u00edfico de \u00abMujeres Chamameceras\u00bb en el Registro de Trabajadores de la Cultura de Misiones, dependiente de la Secretar\u00eda de Estado de Cultura. Adem\u00e1s, durante el d\u00eda en cuesti\u00f3n se realizar\u00e1n jornadas de actividades art\u00edsticas, donde participar\u00e1n todas aquellas mujeres que realizan su aporte a la cultura regional.<\/p>\n\n\n\n<p><strong>Protecci\u00f3n ambiental<\/strong><\/p>\n\n\n\n<p>Finalmente, la C\u00e1mara de Representantes dio luz verde a otro proyecto de su titular: el que declara \u00c1rea Natural Protegida con categor\u00eda de Reserva de Usos M\u00faltiples a los inmuebles lindantes, bosques protectores y afluentes que conforman el \u00e1rea de influencia de la Cuenca Baja del Arroyo Garup\u00e1, sin que esto implique subdivisi\u00f3n.<\/p>\n\n\n\n<p>En sus fundamentos, el proyecto destaca que \u201clos r\u00edos aparecen como cursos de agua con l\u00edmites netos respecto a su entorno. Ello podr\u00eda causar la err\u00f3nea impresi\u00f3n de que entre agua y tierra no existe v\u00ednculo alguno. Nada m\u00e1s lejos de la realidad. Los sistemas acu\u00e1ticos tienen estrechas relaciones con el medio terrestre que les rodea, pero tambi\u00e9n con el aire. El agua que circula est\u00e1 en tr\u00e1nsito, proviene del lavado superficial de los suelos o de la alimentaci\u00f3n desde el acu\u00edfero subterr\u00e1neo\u201d, para luego se\u00f1alar que tambi\u00e9n en dichos lugares est\u00e1 en tr\u00e1nsito, puesto que el agua se mueve de un lugar a otro y de un estado a otro a trav\u00e9s del ciclo hidrol\u00f3gico.<\/p>\n\n\n\n<p>El arroyo Garup\u00e1 es un importante afluente del Rio Paran\u00e1, es el sexto de la Provincia por la superficie de su cuenca con 1.416 Km2 de extensi\u00f3n que se distribuye en parte de los departamentos Capital, Candelaria, Ap\u00f3stoles, Leandro N. Alem y una peque\u00f1a porci\u00f3n del \u00e1ngulo N.O. del departamento de Concepci\u00f3n de la Sierra, de 2,50 km2. Su ampl\u00eda cuenca de dise\u00f1o dendr\u00edtico, con importantes afluentes y subafluentes descriptos separadamente, drena la tercera parte de la zona de campo del sur misionero, y una angosta faja del territorio correntino.<\/p>\n\n\n\n<p>Por lo tanto, dada la importancia de la biodiversidad misionera y los servicios ecosist\u00e9micos que nos brinda, es fundamental la protecci\u00f3n de arroyos, r\u00edos y bosques protectores, puesto que estos \u00faltimos son componentes integrales de los r\u00edos. Adem\u00e1s, proporcionan sombra, ayudando a regular la temperatura del agua y a mantenerla bien oxigenada. Asimismo, gran parte de las entradas de materia org\u00e1nica particulada al cauce (hojas, frutos, flores, ramas), que se cuentan entre los recursos alimenticios m\u00e1s importantes para los organismos l\u00f3ticos, provienen directamente del bosque de ribera.<\/p>\n","protected":false},"excerpt":{"rendered":"<p>Adem\u00e1s, el Parlamento Misionero declar\u00f3 \u00c1rea Natural Protegida a la Cuenca Baja del Arroyo Garup\u00e1 e instituy\u00f3 al 8 de agosto como D\u00eda Provincial de la Mujer Chamamecera, en honor a Mar\u00eda Ofelia Cemborain. Este jueves por la tarde se llev\u00f3 a cabo la segunda sesi\u00f3n ordinaria del ciclo legislativo 2023. En ella, los diputados [&hellip;]<\/p>\n","protected":false},"author":2,"featured_media":25190,"comment_status":"open","ping_status":"open","sticky":false,"template":"","format":"standard","meta":{"footnotes":""},"categories":[43],"tags":[],"class_list":["post-25189","post","type-post","status-publish","format-standard","has-post-thumbnail","hentry","category-provinciales"],"yoast_head":"<!-- This site is optimized with the Yoast SEO plugin v27.5 - https:\/\/yoast.com\/product\/yoast-seo-wordpress\/ -->\n<title>Alimentaci\u00f3n saludable en escuelas y la importancia del sue\u00f1o para la salud, los temas de una nueva sesi\u00f3n legislativa | CVI NOTICIAS<\/title>\n<meta name=\"robots\" content=\"index, follow, max-snippet:-1, max-image-preview:large, max-video-preview:-1\" \/>\n<link rel=\"canonical\" href=\"https:\/\/cvinoticias.com\/v3\/alimentacion-saludable-en-escuelas-y-la-importancia-del-sueno-para-la-salud-los-temas-de-una-nueva-sesion-legislativa\/\" \/>\n<meta property=\"og:locale\" content=\"es_ES\" \/>\n<meta property=\"og:type\" content=\"article\" \/>\n<meta property=\"og:title\" content=\"Alimentaci\u00f3n saludable en escuelas y la importancia del sue\u00f1o para la salud, los temas de una nueva sesi\u00f3n legislativa | CVI NOTICIAS\" \/>\n<meta property=\"og:description\" content=\"Adem\u00e1s, el Parlamento Misionero declar\u00f3 \u00c1rea Natural Protegida a la Cuenca Baja del Arroyo Garup\u00e1 e instituy\u00f3 al 8 de agosto como D\u00eda Provincial de la Mujer Chamamecera, en honor a Mar\u00eda Ofelia Cemborain. Este jueves por la tarde se llev\u00f3 a cabo la segunda sesi\u00f3n ordinaria del ciclo legislativo 2023. En ella, los diputados [&hellip;]\" \/>\n<meta property=\"og:url\" content=\"https:\/\/cvinoticias.com\/v3\/alimentacion-saludable-en-escuelas-y-la-importancia-del-sueno-para-la-salud-los-temas-de-una-nueva-sesion-legislativa\/\" \/>\n<meta property=\"og:site_name\" content=\"CVI NOTICIAS\" \/>\n<meta property=\"article:publisher\" content=\"https:\/\/www.facebook.com\/cvinoticias\" \/>\n<meta property=\"article:published_time\" content=\"2023-06-02T01:01:46+00:00\" \/>\n<meta property=\"og:image\" content=\"https:\/\/cvinoticias.com\/wp-content\/uploads\/2023\/06\/IMG-20230601-WA0415.jpg\" \/>\n\t<meta property=\"og:image:width\" content=\"1600\" \/>\n\t<meta property=\"og:image:height\" content=\"1200\" \/>\n\t<meta property=\"og:image:type\" content=\"image\/jpeg\" \/>\n<meta name=\"author\" content=\"f1000024\" \/>\n<meta name=\"twitter:card\" content=\"summary_large_image\" \/>\n<meta name=\"twitter:label1\" content=\"Escrito por\" \/>\n\t<meta name=\"twitter:data1\" content=\"f1000024\" \/>\n\t<meta name=\"twitter:label2\" content=\"Tiempo de lectura\" \/>\n\t<meta name=\"twitter:data2\" content=\"7 minutos\" \/>\n<script type=\"application\/ld+json\" class=\"yoast-schema-graph\">{\"@context\":\"https:\\\/\\\/schema.org\",\"@graph\":[{\"@type\":\"Article\",\"@id\":\"https:\\\/\\\/cvinoticias.com\\\/v3\\\/alimentacion-saludable-en-escuelas-y-la-importancia-del-sueno-para-la-salud-los-temas-de-una-nueva-sesion-legislativa\\\/#article\",\"isPartOf\":{\"@id\":\"https:\\\/\\\/cvinoticias.com\\\/v3\\\/alimentacion-saludable-en-escuelas-y-la-importancia-del-sueno-para-la-salud-los-temas-de-una-nueva-sesion-legislativa\\\/\"},\"author\":{\"name\":\"f1000024\",\"@id\":\"https:\\\/\\\/cvinoticias.com\\\/v3\\\/#\\\/schema\\\/person\\\/2db77e3c6bc03c538495d7b2b8be9b66\"},\"headline\":\"Alimentaci\u00f3n saludable en escuelas y la importancia del sue\u00f1o para la salud, los temas de una nueva sesi\u00f3n legislativa\",\"datePublished\":\"2023-06-02T01:01:46+00:00\",\"mainEntityOfPage\":{\"@id\":\"https:\\\/\\\/cvinoticias.com\\\/v3\\\/alimentacion-saludable-en-escuelas-y-la-importancia-del-sueno-para-la-salud-los-temas-de-una-nueva-sesion-legislativa\\\/\"},\"wordCount\":1362,\"commentCount\":0,\"publisher\":{\"@id\":\"https:\\\/\\\/cvinoticias.com\\\/v3\\\/#organization\"},\"image\":{\"@id\":\"https:\\\/\\\/cvinoticias.com\\\/v3\\\/alimentacion-saludable-en-escuelas-y-la-importancia-del-sueno-para-la-salud-los-temas-de-una-nueva-sesion-legislativa\\\/#primaryimage\"},\"thumbnailUrl\":\"https:\\\/\\\/cvinoticias.com\\\/wp-content\\\/uploads\\\/2023\\\/06\\\/IMG-20230601-WA0415.jpg\",\"articleSection\":[\"Provinciales\"],\"inLanguage\":\"es\",\"potentialAction\":[{\"@type\":\"CommentAction\",\"name\":\"Comment\",\"target\":[\"https:\\\/\\\/cvinoticias.com\\\/v3\\\/alimentacion-saludable-en-escuelas-y-la-importancia-del-sueno-para-la-salud-los-temas-de-una-nueva-sesion-legislativa\\\/#respond\"]}]},{\"@type\":\"WebPage\",\"@id\":\"https:\\\/\\\/cvinoticias.com\\\/v3\\\/alimentacion-saludable-en-escuelas-y-la-importancia-del-sueno-para-la-salud-los-temas-de-una-nueva-sesion-legislativa\\\/\",\"url\":\"https:\\\/\\\/cvinoticias.com\\\/v3\\\/alimentacion-saludable-en-escuelas-y-la-importancia-del-sueno-para-la-salud-los-temas-de-una-nueva-sesion-legislativa\\\/\",\"name\":\"Alimentaci\u00f3n saludable en escuelas y la importancia del sue\u00f1o para la salud, los temas de una nueva sesi\u00f3n legislativa | CVI NOTICIAS\",\"isPartOf\":{\"@id\":\"https:\\\/\\\/cvinoticias.com\\\/v3\\\/#website\"},\"primaryImageOfPage\":{\"@id\":\"https:\\\/\\\/cvinoticias.com\\\/v3\\\/alimentacion-saludable-en-escuelas-y-la-importancia-del-sueno-para-la-salud-los-temas-de-una-nueva-sesion-legislativa\\\/#primaryimage\"},\"image\":{\"@id\":\"https:\\\/\\\/cvinoticias.com\\\/v3\\\/alimentacion-saludable-en-escuelas-y-la-importancia-del-sueno-para-la-salud-los-temas-de-una-nueva-sesion-legislativa\\\/#primaryimage\"},\"thumbnailUrl\":\"https:\\\/\\\/cvinoticias.com\\\/wp-content\\\/uploads\\\/2023\\\/06\\\/IMG-20230601-WA0415.jpg\",\"datePublished\":\"2023-06-02T01:01:46+00:00\",\"breadcrumb\":{\"@id\":\"https:\\\/\\\/cvinoticias.com\\\/v3\\\/alimentacion-saludable-en-escuelas-y-la-importancia-del-sueno-para-la-salud-los-temas-de-una-nueva-sesion-legislativa\\\/#breadcrumb\"},\"inLanguage\":\"es\",\"potentialAction\":[{\"@type\":\"ReadAction\",\"target\":[\"https:\\\/\\\/cvinoticias.com\\\/v3\\\/alimentacion-saludable-en-escuelas-y-la-importancia-del-sueno-para-la-salud-los-temas-de-una-nueva-sesion-legislativa\\\/\"]}]},{\"@type\":\"ImageObject\",\"inLanguage\":\"es\",\"@id\":\"https:\\\/\\\/cvinoticias.com\\\/v3\\\/alimentacion-saludable-en-escuelas-y-la-importancia-del-sueno-para-la-salud-los-temas-de-una-nueva-sesion-legislativa\\\/#primaryimage\",\"url\":\"https:\\\/\\\/cvinoticias.com\\\/wp-content\\\/uploads\\\/2023\\\/06\\\/IMG-20230601-WA0415.jpg\",\"contentUrl\":\"https:\\\/\\\/cvinoticias.com\\\/wp-content\\\/uploads\\\/2023\\\/06\\\/IMG-20230601-WA0415.jpg\",\"width\":1600,\"height\":1200},{\"@type\":\"BreadcrumbList\",\"@id\":\"https:\\\/\\\/cvinoticias.com\\\/v3\\\/alimentacion-saludable-en-escuelas-y-la-importancia-del-sueno-para-la-salud-los-temas-de-una-nueva-sesion-legislativa\\\/#breadcrumb\",\"itemListElement\":[{\"@type\":\"ListItem\",\"position\":1,\"name\":\"Portada\",\"item\":\"https:\\\/\\\/cvinoticias.com\\\/v3\\\/\"},{\"@type\":\"ListItem\",\"position\":2,\"name\":\"Alimentaci\u00f3n saludable en escuelas y la importancia del sue\u00f1o para la salud, los temas de una nueva sesi\u00f3n legislativa\"}]},{\"@type\":\"WebSite\",\"@id\":\"https:\\\/\\\/cvinoticias.com\\\/v3\\\/#website\",\"url\":\"https:\\\/\\\/cvinoticias.com\\\/v3\\\/\",\"name\":\"CVI NOTICIAS\",\"description\":\"\",\"publisher\":{\"@id\":\"https:\\\/\\\/cvinoticias.com\\\/v3\\\/#organization\"},\"alternateName\":\"CVI\",\"potentialAction\":[{\"@type\":\"SearchAction\",\"target\":{\"@type\":\"EntryPoint\",\"urlTemplate\":\"https:\\\/\\\/cvinoticias.com\\\/v3\\\/?s={search_term_string}\"},\"query-input\":{\"@type\":\"PropertyValueSpecification\",\"valueRequired\":true,\"valueName\":\"search_term_string\"}}],\"inLanguage\":\"es\"},{\"@type\":\"Organization\",\"@id\":\"https:\\\/\\\/cvinoticias.com\\\/v3\\\/#organization\",\"name\":\"CVI NOTICIAS\",\"url\":\"https:\\\/\\\/cvinoticias.com\\\/v3\\\/\",\"logo\":{\"@type\":\"ImageObject\",\"inLanguage\":\"es\",\"@id\":\"https:\\\/\\\/cvinoticias.com\\\/v3\\\/#\\\/schema\\\/logo\\\/image\\\/\",\"url\":\"https:\\\/\\\/cvinoticias.com\\\/wp-content\\\/uploads\\\/2023\\\/04\\\/cropped-cropped-cropped-cropped-cropped-3-1.png\",\"contentUrl\":\"https:\\\/\\\/cvinoticias.com\\\/wp-content\\\/uploads\\\/2023\\\/04\\\/cropped-cropped-cropped-cropped-cropped-3-1.png\",\"width\":95,\"height\":122,\"caption\":\"CVI NOTICIAS\"},\"image\":{\"@id\":\"https:\\\/\\\/cvinoticias.com\\\/v3\\\/#\\\/schema\\\/logo\\\/image\\\/\"},\"sameAs\":[\"https:\\\/\\\/www.facebook.com\\\/cvinoticias\",\"https:\\\/\\\/www.instagram.com\\\/cvinoticias\\\/\",\"https:\\\/\\\/www.youtube.com\\\/@CVINOTICIAS\"]},{\"@type\":\"Person\",\"@id\":\"https:\\\/\\\/cvinoticias.com\\\/v3\\\/#\\\/schema\\\/person\\\/2db77e3c6bc03c538495d7b2b8be9b66\",\"name\":\"f1000024\",\"image\":{\"@type\":\"ImageObject\",\"inLanguage\":\"es\",\"@id\":\"https:\\\/\\\/secure.gravatar.com\\\/avatar\\\/d4fe7459cfc51ff5129ce1a732bbef5928568b8092d412ef95611616376bbeed?s=96&d=mm&r=g\",\"url\":\"https:\\\/\\\/secure.gravatar.com\\\/avatar\\\/d4fe7459cfc51ff5129ce1a732bbef5928568b8092d412ef95611616376bbeed?s=96&d=mm&r=g\",\"contentUrl\":\"https:\\\/\\\/secure.gravatar.com\\\/avatar\\\/d4fe7459cfc51ff5129ce1a732bbef5928568b8092d412ef95611616376bbeed?s=96&d=mm&r=g\",\"caption\":\"f1000024\"},\"url\":\"https:\\\/\\\/cvinoticias.com\\\/v3\\\/author\\\/f1000024\\\/\"}]}<\/script>\n<!-- \/ Yoast SEO plugin. -->","yoast_head_json":{"title":"Alimentaci\u00f3n saludable en escuelas y la importancia del sue\u00f1o para la salud, los temas de una nueva sesi\u00f3n legislativa | CVI NOTICIAS","robots":{"index":"index","follow":"follow","max-snippet":"max-snippet:-1","max-image-preview":"max-image-preview:large","max-video-preview":"max-video-preview:-1"},"canonical":"https:\/\/cvinoticias.com\/v3\/alimentacion-saludable-en-escuelas-y-la-importancia-del-sueno-para-la-salud-los-temas-de-una-nueva-sesion-legislativa\/","og_locale":"es_ES","og_type":"article","og_title":"Alimentaci\u00f3n saludable en escuelas y la importancia del sue\u00f1o para la salud, los temas de una nueva sesi\u00f3n legislativa | CVI NOTICIAS","og_description":"Adem\u00e1s, el Parlamento Misionero declar\u00f3 \u00c1rea Natural Protegida a la Cuenca Baja del Arroyo Garup\u00e1 e instituy\u00f3 al 8 de agosto como D\u00eda Provincial de la Mujer Chamamecera, en honor a Mar\u00eda Ofelia Cemborain. Este jueves por la tarde se llev\u00f3 a cabo la segunda sesi\u00f3n ordinaria del ciclo legislativo 2023. En ella, los diputados [&hellip;]","og_url":"https:\/\/cvinoticias.com\/v3\/alimentacion-saludable-en-escuelas-y-la-importancia-del-sueno-para-la-salud-los-temas-de-una-nueva-sesion-legislativa\/","og_site_name":"CVI NOTICIAS","article_publisher":"https:\/\/www.facebook.com\/cvinoticias","article_published_time":"2023-06-02T01:01:46+00:00","og_image":[{"width":1600,"height":1200,"url":"https:\/\/cvinoticias.com\/wp-content\/uploads\/2023\/06\/IMG-20230601-WA0415.jpg","type":"image\/jpeg"}],"author":"f1000024","twitter_card":"summary_large_image","twitter_misc":{"Escrito por":"f1000024","Tiempo de lectura":"7 minutos"},"schema":{"@context":"https:\/\/schema.org","@graph":[{"@type":"Article","@id":"https:\/\/cvinoticias.com\/v3\/alimentacion-saludable-en-escuelas-y-la-importancia-del-sueno-para-la-salud-los-temas-de-una-nueva-sesion-legislativa\/#article","isPartOf":{"@id":"https:\/\/cvinoticias.com\/v3\/alimentacion-saludable-en-escuelas-y-la-importancia-del-sueno-para-la-salud-los-temas-de-una-nueva-sesion-legislativa\/"},"author":{"name":"f1000024","@id":"https:\/\/cvinoticias.com\/v3\/#\/schema\/person\/2db77e3c6bc03c538495d7b2b8be9b66"},"headline":"Alimentaci\u00f3n saludable en escuelas y la importancia del sue\u00f1o para la salud, los temas de una nueva sesi\u00f3n legislativa","datePublished":"2023-06-02T01:01:46+00:00","mainEntityOfPage":{"@id":"https:\/\/cvinoticias.com\/v3\/alimentacion-saludable-en-escuelas-y-la-importancia-del-sueno-para-la-salud-los-temas-de-una-nueva-sesion-legislativa\/"},"wordCount":1362,"commentCount":0,"publisher":{"@id":"https:\/\/cvinoticias.com\/v3\/#organization"},"image":{"@id":"https:\/\/cvinoticias.com\/v3\/alimentacion-saludable-en-escuelas-y-la-importancia-del-sueno-para-la-salud-los-temas-de-una-nueva-sesion-legislativa\/#primaryimage"},"thumbnailUrl":"https:\/\/cvinoticias.com\/wp-content\/uploads\/2023\/06\/IMG-20230601-WA0415.jpg","articleSection":["Provinciales"],"inLanguage":"es","potentialAction":[{"@type":"CommentAction","name":"Comment","target":["https:\/\/cvinoticias.com\/v3\/alimentacion-saludable-en-escuelas-y-la-importancia-del-sueno-para-la-salud-los-temas-de-una-nueva-sesion-legislativa\/#respond"]}]},{"@type":"WebPage","@id":"https:\/\/cvinoticias.com\/v3\/alimentacion-saludable-en-escuelas-y-la-importancia-del-sueno-para-la-salud-los-temas-de-una-nueva-sesion-legislativa\/","url":"https:\/\/cvinoticias.com\/v3\/alimentacion-saludable-en-escuelas-y-la-importancia-del-sueno-para-la-salud-los-temas-de-una-nueva-sesion-legislativa\/","name":"Alimentaci\u00f3n saludable en escuelas y la importancia del sue\u00f1o para la salud, los temas de una nueva sesi\u00f3n legislativa | CVI NOTICIAS","isPartOf":{"@id":"https:\/\/cvinoticias.com\/v3\/#website"},"primaryImageOfPage":{"@id":"https:\/\/cvinoticias.com\/v3\/alimentacion-saludable-en-escuelas-y-la-importancia-del-sueno-para-la-salud-los-temas-de-una-nueva-sesion-legislativa\/#primaryimage"},"image":{"@id":"https:\/\/cvinoticias.com\/v3\/alimentacion-saludable-en-escuelas-y-la-importancia-del-sueno-para-la-salud-los-temas-de-una-nueva-sesion-legislativa\/#primaryimage"},"thumbnailUrl":"https:\/\/cvinoticias.com\/wp-content\/uploads\/2023\/06\/IMG-20230601-WA0415.jpg","datePublished":"2023-06-02T01:01:46+00:00","breadcrumb":{"@id":"https:\/\/cvinoticias.com\/v3\/alimentacion-saludable-en-escuelas-y-la-importancia-del-sueno-para-la-salud-los-temas-de-una-nueva-sesion-legislativa\/#breadcrumb"},"inLanguage":"es","potentialAction":[{"@type":"ReadAction","target":["https:\/\/cvinoticias.com\/v3\/alimentacion-saludable-en-escuelas-y-la-importancia-del-sueno-para-la-salud-los-temas-de-una-nueva-sesion-legislativa\/"]}]},{"@type":"ImageObject","inLanguage":"es","@id":"https:\/\/cvinoticias.com\/v3\/alimentacion-saludable-en-escuelas-y-la-importancia-del-sueno-para-la-salud-los-temas-de-una-nueva-sesion-legislativa\/#primaryimage","url":"https:\/\/cvinoticias.com\/wp-content\/uploads\/2023\/06\/IMG-20230601-WA0415.jpg","contentUrl":"https:\/\/cvinoticias.com\/wp-content\/uploads\/2023\/06\/IMG-20230601-WA0415.jpg","width":1600,"height":1200},{"@type":"BreadcrumbList","@id":"https:\/\/cvinoticias.com\/v3\/alimentacion-saludable-en-escuelas-y-la-importancia-del-sueno-para-la-salud-los-temas-de-una-nueva-sesion-legislativa\/#breadcrumb","itemListElement":[{"@type":"ListItem","position":1,"name":"Portada","item":"https:\/\/cvinoticias.com\/v3\/"},{"@type":"ListItem","position":2,"name":"Alimentaci\u00f3n saludable en escuelas y la importancia del sue\u00f1o para la salud, los temas de una nueva sesi\u00f3n legislativa"}]},{"@type":"WebSite","@id":"https:\/\/cvinoticias.com\/v3\/#website","url":"https:\/\/cvinoticias.com\/v3\/","name":"CVI NOTICIAS","description":"","publisher":{"@id":"https:\/\/cvinoticias.com\/v3\/#organization"},"alternateName":"CVI","potentialAction":[{"@type":"SearchAction","target":{"@type":"EntryPoint","urlTemplate":"https:\/\/cvinoticias.com\/v3\/?s={search_term_string}"},"query-input":{"@type":"PropertyValueSpecification","valueRequired":true,"valueName":"search_term_string"}}],"inLanguage":"es"},{"@type":"Organization","@id":"https:\/\/cvinoticias.com\/v3\/#organization","name":"CVI NOTICIAS","url":"https:\/\/cvinoticias.com\/v3\/","logo":{"@type":"ImageObject","inLanguage":"es","@id":"https:\/\/cvinoticias.com\/v3\/#\/schema\/logo\/image\/","url":"https:\/\/cvinoticias.com\/wp-content\/uploads\/2023\/04\/cropped-cropped-cropped-cropped-cropped-3-1.png","contentUrl":"https:\/\/cvinoticias.com\/wp-content\/uploads\/2023\/04\/cropped-cropped-cropped-cropped-cropped-3-1.png","width":95,"height":122,"caption":"CVI NOTICIAS"},"image":{"@id":"https:\/\/cvinoticias.com\/v3\/#\/schema\/logo\/image\/"},"sameAs":["https:\/\/www.facebook.com\/cvinoticias","https:\/\/www.instagram.com\/cvinoticias\/","https:\/\/www.youtube.com\/@CVINOTICIAS"]},{"@type":"Person","@id":"https:\/\/cvinoticias.com\/v3\/#\/schema\/person\/2db77e3c6bc03c538495d7b2b8be9b66","name":"f1000024","image":{"@type":"ImageObject","inLanguage":"es","@id":"https:\/\/secure.gravatar.com\/avatar\/d4fe7459cfc51ff5129ce1a732bbef5928568b8092d412ef95611616376bbeed?s=96&d=mm&r=g","url":"https:\/\/secure.gravatar.com\/avatar\/d4fe7459cfc51ff5129ce1a732bbef5928568b8092d412ef95611616376bbeed?s=96&d=mm&r=g","contentUrl":"https:\/\/secure.gravatar.com\/avatar\/d4fe7459cfc51ff5129ce1a732bbef5928568b8092d412ef95611616376bbeed?s=96&d=mm&r=g","caption":"f1000024"},"url":"https:\/\/cvinoticias.com\/v3\/author\/f1000024\/"}]}},"_links":{"self":[{"href":"https:\/\/cvinoticias.com\/v3\/wp-json\/wp\/v2\/posts\/25189","targetHints":{"allow":["GET"]}}],"collection":[{"href":"https:\/\/cvinoticias.com\/v3\/wp-json\/wp\/v2\/posts"}],"about":[{"href":"https:\/\/cvinoticias.com\/v3\/wp-json\/wp\/v2\/types\/post"}],"author":[{"embeddable":true,"href":"https:\/\/cvinoticias.com\/v3\/wp-json\/wp\/v2\/users\/2"}],"replies":[{"embeddable":true,"href":"https:\/\/cvinoticias.com\/v3\/wp-json\/wp\/v2\/comments?post=25189"}],"version-history":[{"count":1,"href":"https:\/\/cvinoticias.com\/v3\/wp-json\/wp\/v2\/posts\/25189\/revisions"}],"predecessor-version":[{"id":25191,"href":"https:\/\/cvinoticias.com\/v3\/wp-json\/wp\/v2\/posts\/25189\/revisions\/25191"}],"wp:featuredmedia":[{"embeddable":true,"href":"https:\/\/cvinoticias.com\/v3\/wp-json\/wp\/v2\/media\/25190"}],"wp:attachment":[{"href":"https:\/\/cvinoticias.com\/v3\/wp-json\/wp\/v2\/media?parent=25189"}],"wp:term":[{"taxonomy":"category","embeddable":true,"href":"https:\/\/cvinoticias.com\/v3\/wp-json\/wp\/v2\/categories?post=25189"},{"taxonomy":"post_tag","embeddable":true,"href":"https:\/\/cvinoticias.com\/v3\/wp-json\/wp\/v2\/tags?post=25189"}],"curies":[{"name":"wp","href":"https:\/\/api.w.org\/{rel}","templated":true}]}}