{"id":25157,"date":"2023-05-31T16:54:14","date_gmt":"2023-05-31T16:54:14","guid":{"rendered":"https:\/\/cvinoticias.com\/v3\/?p=25157"},"modified":"2023-05-31T16:54:14","modified_gmt":"2023-05-31T16:54:14","slug":"habilitaron-la-venta-libre-de-la-pastilla-del-dia-despues-en-farmacias","status":"publish","type":"post","link":"https:\/\/cvinoticias.com\/v3\/habilitaron-la-venta-libre-de-la-pastilla-del-dia-despues-en-farmacias\/","title":{"rendered":"Habilitaron la venta libre de la \u00abpastilla del d\u00eda despu\u00e9s\u00bb en farmacias"},"content":{"rendered":"\n<p><strong><em>La medida se oficializ\u00f3 este mi\u00e9rcoles en el Bolet\u00edn Oficial y bajo la firma de la ministra de Salud, Carla Vizzotti.<\/em><\/strong><\/p>\n\n\n\n<p>El Gobierno habilit\u00f3 a partir de este mi\u00e9rcoles la venta sin receta en farmacias de todo el pa\u00eds de la \u00abpastilla o p\u00edldora del d\u00eda despu\u00e9s\u00bb, un m\u00e9todo para evitar embarazos no deseados en una situaci\u00f3n de emergencia.<\/p>\n\n\n\n<p>La nueva reglamentaci\u00f3n qued\u00f3 oficializada a trav\u00e9s de la Resoluci\u00f3n 1062\/2023, que fue publicada en la \u00faltima edici\u00f3n del Bolet\u00edn Oficial y llev\u00f3 la firma de Carla Vizzotti, titular del Ministerio de Salud de la Naci\u00f3n, quien hab\u00eda anunciado la medida durante la tarde del martes.<\/p>\n\n\n\n<p>En el documento se destaca que \u00abel acceso a la anticoncepci\u00f3n en todas sus formas se enmarca en los derechos sexuales y reproductivos, reconocidos como derechos humanos b\u00e1sicos\u00bb, al tiempo que se advierte respecto de la \u00abdificultad de acceso a los servicios de salud, a los insumos anticonceptivos y a la educaci\u00f3n que tienen algunos sectores de la poblaci\u00f3n\u00bb.<\/p>\n\n\n\n<p>En ese contexto, \u00abse considera prioritaria la accesibilidad a la prevenci\u00f3n de un embarazo no intencional, por lo que toda persona en edad f\u00e9rtil debe tener acceso oportuno y sin restricciones normativas a la anticoncepci\u00f3n hormonal de emergencia\u00bb.<\/p>\n\n\n\n<p>Debido a su mecanismo de acci\u00f3n, que inhibe la ovulaci\u00f3n, \u00absu eficacia es extremadamente sensible al tiempo y constituye un respaldo de urgencia, efectivo y seguro, luego de una relaci\u00f3n sexual sin protecci\u00f3n o en la que el anticonceptivo fall\u00f3 o se us\u00f3 de modo inadecuado o luego de una relaci\u00f3n sexual forzada\u00bb.<\/p>\n\n\n\n<p>\u00abEstabl\u00e9cese la condici\u00f3n de expendio \u00abVENTA LIBRE\u00bb para todas las especialidades medicinales registradas en la Administraci\u00f3n Nacional de Medicamentos, Alimentos y Tecnolog\u00eda M\u00e9dica (ANMAT) que contengan Levonorgestrel 1.5 mg\u00bb, estableci\u00f3 el documento en su Art\u00edculo 1\u00b0.<\/p>\n\n\n\n<p>Por su parte, a trav\u00e9s de la Resoluci\u00f3n 1063\/2023 el Ministerio de Salud confirm\u00f3 la actualizaci\u00f3n del \u00abProtocolo para la Atenci\u00f3n Integral de las Personas con Derecho a la interrupci\u00f3n Voluntaria y Legal del Embarazo\u00bb, mientras que a trav\u00e9s de la Resoluci\u00f3n 1093\/2023 aprob\u00f3 el Manual Cl\u00ednico de \u00abAtenci\u00f3n integral de la salud ante situaciones de violencia por motivos de g\u00e9nero. Herramientas para equipos de salud\u00bb y los \u00abLineamientos para la detecci\u00f3n y atenci\u00f3n de lesiones vinculadas a las violencias por motivos de g\u00e9nero en la consulta odontol\u00f3gica\u00bb.<\/p>\n\n\n\n<p><strong>\u00bfC\u00f3mo funciona la \u00abpastilla del d\u00eda despu\u00e9s\u00bb?<\/strong><\/p>\n\n\n\n<p>Las p\u00edldoras anticonceptivas de emergencia previenen el embarazo por diferentes mecanismos de acci\u00f3n.<\/p>\n\n\n\n<ol class=\"wp-block-list\">\n<li>Modifican el moco cervical. El canal endocervical, por medio de las gl\u00e1ndulas que lo revisten, produce moco cervical. \u00c9ste protege a los espermatozoides del medio \u00e1cido de la vagina. La pastilla del d\u00eda despu\u00e9s, gracias a la hormona que la compone, modifica las caracter\u00edsticas de dicho moco cervical, haci\u00e9ndolo m\u00e1s hostil para la supervivencia de los espermatozoides.<\/li>\n\n\n\n<li>Retrasan o inhiben la ovulaci\u00f3n. Esto significa que evitan o retrasan la salida del \u00f3vulo del ovario e impiden que entre en contacto con los espermatozoides.<\/li>\n\n\n\n<li>Evita la implantaci\u00f3n. Es decir, evitan que un \u00f3vulo ya fecundado se adhiera a las paredes del \u00fatero, modificando las caracter\u00edsticas del tejido en donde se implanta el embarazo, el endometrio.<\/li>\n<\/ol>\n\n\n\n<p><strong>Efectos de la pastilla del d\u00eda despu\u00e9s<\/strong><\/p>\n\n\n\n<p>Luego de ser ingerida, se espera el sangrado vaginal desde 2 d\u00edas hasta un m\u00e1ximo de 14 d\u00edas. Si en ese lapso no ocurre, se debe realizar un test de embarazo. Luego de ocurrido el sangrado vaginal, el ciclo se normaliza, por lo general, al mes del sangrado posterior a la toma de la pastilla, a veces retras\u00e1ndose no m\u00e1s de 14 d\u00edas.<\/p>\n\n\n\n<p>\u00abUnos puntos a tener en cuenta es que no es efectiva si se toma antes de la relaci\u00f3n sexual o si se ingiere alcohol. No es una p\u00edldora abortiva, por lo que no funciona despu\u00e9s de que ya haya un embarazo. Se acepta tomarla hasta 3 veces al a\u00f1o (no m\u00e1s), debido a que la toma frecuente trae alteraciones en el normal funcionamiento de los ovarios, es decir, ciclos irregulares y fallas en la ovulaci\u00f3n\u00bb, aclara el Dr. Bensad\u00f3n.<\/p>\n\n\n\n<p><strong>Los efectos secundarios de las p\u00edldoras de emergencia pueden incluir:<\/strong><\/p>\n\n\n\n<ul class=\"wp-block-list\">\n<li>N\u00e1useas<\/li>\n\n\n\n<li>V\u00f3mitos<\/li>\n\n\n\n<li>Dolor abdominal<\/li>\n\n\n\n<li>Sensibilidad en las mamas<\/li>\n\n\n\n<li>Dolor de cabeza<\/li>\n\n\n\n<li>Mareos<\/li>\n\n\n\n<li>Fatiga<\/li>\n<\/ul>\n\n\n\n<p>Estos efectos no suelen durar m\u00e1s de dos d\u00edas.<\/p>\n","protected":false},"excerpt":{"rendered":"<p>La medida se oficializ\u00f3 este mi\u00e9rcoles en el Bolet\u00edn Oficial y bajo la firma de la ministra de Salud, Carla Vizzotti. El Gobierno habilit\u00f3 a partir de este mi\u00e9rcoles la venta sin receta en farmacias de todo el pa\u00eds de la \u00abpastilla o p\u00edldora del d\u00eda despu\u00e9s\u00bb, un m\u00e9todo para evitar embarazos no deseados en [&hellip;]<\/p>\n","protected":false},"author":2,"featured_media":25158,"comment_status":"open","ping_status":"open","sticky":false,"template":"","format":"standard","meta":{"footnotes":""},"categories":[35],"tags":[],"class_list":["post-25157","post","type-post","status-publish","format-standard","has-post-thumbnail","hentry","category-informacion-general"],"yoast_head":"<!-- This site is optimized with the Yoast SEO plugin v27.5 - https:\/\/yoast.com\/product\/yoast-seo-wordpress\/ -->\n<title>Habilitaron la venta libre de la &quot;pastilla del d\u00eda despu\u00e9s&quot; en farmacias | CVI NOTICIAS<\/title>\n<meta name=\"robots\" content=\"index, follow, max-snippet:-1, max-image-preview:large, max-video-preview:-1\" \/>\n<link rel=\"canonical\" href=\"https:\/\/cvinoticias.com\/v3\/habilitaron-la-venta-libre-de-la-pastilla-del-dia-despues-en-farmacias\/\" \/>\n<meta property=\"og:locale\" content=\"es_ES\" \/>\n<meta property=\"og:type\" content=\"article\" \/>\n<meta property=\"og:title\" content=\"Habilitaron la venta libre de la &quot;pastilla del d\u00eda despu\u00e9s&quot; en farmacias | CVI NOTICIAS\" \/>\n<meta property=\"og:description\" content=\"La medida se oficializ\u00f3 este mi\u00e9rcoles en el Bolet\u00edn Oficial y bajo la firma de la ministra de Salud, Carla Vizzotti. El Gobierno habilit\u00f3 a partir de este mi\u00e9rcoles la venta sin receta en farmacias de todo el pa\u00eds de la \u00abpastilla o p\u00edldora del d\u00eda despu\u00e9s\u00bb, un m\u00e9todo para evitar embarazos no deseados en [&hellip;]\" \/>\n<meta property=\"og:url\" content=\"https:\/\/cvinoticias.com\/v3\/habilitaron-la-venta-libre-de-la-pastilla-del-dia-despues-en-farmacias\/\" \/>\n<meta property=\"og:site_name\" content=\"CVI NOTICIAS\" \/>\n<meta property=\"article:publisher\" content=\"https:\/\/www.facebook.com\/cvinoticias\" \/>\n<meta property=\"article:published_time\" content=\"2023-05-31T16:54:14+00:00\" \/>\n<meta property=\"og:image\" content=\"https:\/\/cvinoticias.com\/wp-content\/uploads\/2023\/05\/Screenshot_20230531_135356_Facebook.jpg\" \/>\n\t<meta property=\"og:image:width\" content=\"1078\" \/>\n\t<meta property=\"og:image:height\" content=\"656\" \/>\n\t<meta property=\"og:image:type\" content=\"image\/jpeg\" \/>\n<meta name=\"author\" content=\"f1000024\" \/>\n<meta name=\"twitter:card\" content=\"summary_large_image\" \/>\n<meta name=\"twitter:label1\" content=\"Escrito por\" \/>\n\t<meta name=\"twitter:data1\" content=\"f1000024\" \/>\n\t<meta name=\"twitter:label2\" content=\"Tiempo de lectura\" \/>\n\t<meta name=\"twitter:data2\" content=\"4 minutos\" \/>\n<script type=\"application\/ld+json\" class=\"yoast-schema-graph\">{\"@context\":\"https:\\\/\\\/schema.org\",\"@graph\":[{\"@type\":\"Article\",\"@id\":\"https:\\\/\\\/cvinoticias.com\\\/v3\\\/habilitaron-la-venta-libre-de-la-pastilla-del-dia-despues-en-farmacias\\\/#article\",\"isPartOf\":{\"@id\":\"https:\\\/\\\/cvinoticias.com\\\/v3\\\/habilitaron-la-venta-libre-de-la-pastilla-del-dia-despues-en-farmacias\\\/\"},\"author\":{\"name\":\"f1000024\",\"@id\":\"https:\\\/\\\/cvinoticias.com\\\/v3\\\/#\\\/schema\\\/person\\\/2db77e3c6bc03c538495d7b2b8be9b66\"},\"headline\":\"Habilitaron la venta libre de la \u00abpastilla del d\u00eda despu\u00e9s\u00bb en farmacias\",\"datePublished\":\"2023-05-31T16:54:14+00:00\",\"mainEntityOfPage\":{\"@id\":\"https:\\\/\\\/cvinoticias.com\\\/v3\\\/habilitaron-la-venta-libre-de-la-pastilla-del-dia-despues-en-farmacias\\\/\"},\"wordCount\":781,\"commentCount\":0,\"publisher\":{\"@id\":\"https:\\\/\\\/cvinoticias.com\\\/v3\\\/#organization\"},\"image\":{\"@id\":\"https:\\\/\\\/cvinoticias.com\\\/v3\\\/habilitaron-la-venta-libre-de-la-pastilla-del-dia-despues-en-farmacias\\\/#primaryimage\"},\"thumbnailUrl\":\"https:\\\/\\\/cvinoticias.com\\\/wp-content\\\/uploads\\\/2023\\\/05\\\/Screenshot_20230531_135356_Facebook.jpg\",\"articleSection\":[\"Informaci\u00f3n General\"],\"inLanguage\":\"es\",\"potentialAction\":[{\"@type\":\"CommentAction\",\"name\":\"Comment\",\"target\":[\"https:\\\/\\\/cvinoticias.com\\\/v3\\\/habilitaron-la-venta-libre-de-la-pastilla-del-dia-despues-en-farmacias\\\/#respond\"]}]},{\"@type\":\"WebPage\",\"@id\":\"https:\\\/\\\/cvinoticias.com\\\/v3\\\/habilitaron-la-venta-libre-de-la-pastilla-del-dia-despues-en-farmacias\\\/\",\"url\":\"https:\\\/\\\/cvinoticias.com\\\/v3\\\/habilitaron-la-venta-libre-de-la-pastilla-del-dia-despues-en-farmacias\\\/\",\"name\":\"Habilitaron la venta libre de la \\\"pastilla del d\u00eda despu\u00e9s\\\" en farmacias | CVI NOTICIAS\",\"isPartOf\":{\"@id\":\"https:\\\/\\\/cvinoticias.com\\\/v3\\\/#website\"},\"primaryImageOfPage\":{\"@id\":\"https:\\\/\\\/cvinoticias.com\\\/v3\\\/habilitaron-la-venta-libre-de-la-pastilla-del-dia-despues-en-farmacias\\\/#primaryimage\"},\"image\":{\"@id\":\"https:\\\/\\\/cvinoticias.com\\\/v3\\\/habilitaron-la-venta-libre-de-la-pastilla-del-dia-despues-en-farmacias\\\/#primaryimage\"},\"thumbnailUrl\":\"https:\\\/\\\/cvinoticias.com\\\/wp-content\\\/uploads\\\/2023\\\/05\\\/Screenshot_20230531_135356_Facebook.jpg\",\"datePublished\":\"2023-05-31T16:54:14+00:00\",\"breadcrumb\":{\"@id\":\"https:\\\/\\\/cvinoticias.com\\\/v3\\\/habilitaron-la-venta-libre-de-la-pastilla-del-dia-despues-en-farmacias\\\/#breadcrumb\"},\"inLanguage\":\"es\",\"potentialAction\":[{\"@type\":\"ReadAction\",\"target\":[\"https:\\\/\\\/cvinoticias.com\\\/v3\\\/habilitaron-la-venta-libre-de-la-pastilla-del-dia-despues-en-farmacias\\\/\"]}]},{\"@type\":\"ImageObject\",\"inLanguage\":\"es\",\"@id\":\"https:\\\/\\\/cvinoticias.com\\\/v3\\\/habilitaron-la-venta-libre-de-la-pastilla-del-dia-despues-en-farmacias\\\/#primaryimage\",\"url\":\"https:\\\/\\\/cvinoticias.com\\\/wp-content\\\/uploads\\\/2023\\\/05\\\/Screenshot_20230531_135356_Facebook.jpg\",\"contentUrl\":\"https:\\\/\\\/cvinoticias.com\\\/wp-content\\\/uploads\\\/2023\\\/05\\\/Screenshot_20230531_135356_Facebook.jpg\",\"width\":1078,\"height\":656},{\"@type\":\"BreadcrumbList\",\"@id\":\"https:\\\/\\\/cvinoticias.com\\\/v3\\\/habilitaron-la-venta-libre-de-la-pastilla-del-dia-despues-en-farmacias\\\/#breadcrumb\",\"itemListElement\":[{\"@type\":\"ListItem\",\"position\":1,\"name\":\"Portada\",\"item\":\"https:\\\/\\\/cvinoticias.com\\\/v3\\\/\"},{\"@type\":\"ListItem\",\"position\":2,\"name\":\"Habilitaron la venta libre de la \u00abpastilla del d\u00eda despu\u00e9s\u00bb en farmacias\"}]},{\"@type\":\"WebSite\",\"@id\":\"https:\\\/\\\/cvinoticias.com\\\/v3\\\/#website\",\"url\":\"https:\\\/\\\/cvinoticias.com\\\/v3\\\/\",\"name\":\"CVI NOTICIAS\",\"description\":\"\",\"publisher\":{\"@id\":\"https:\\\/\\\/cvinoticias.com\\\/v3\\\/#organization\"},\"alternateName\":\"CVI\",\"potentialAction\":[{\"@type\":\"SearchAction\",\"target\":{\"@type\":\"EntryPoint\",\"urlTemplate\":\"https:\\\/\\\/cvinoticias.com\\\/v3\\\/?s={search_term_string}\"},\"query-input\":{\"@type\":\"PropertyValueSpecification\",\"valueRequired\":true,\"valueName\":\"search_term_string\"}}],\"inLanguage\":\"es\"},{\"@type\":\"Organization\",\"@id\":\"https:\\\/\\\/cvinoticias.com\\\/v3\\\/#organization\",\"name\":\"CVI NOTICIAS\",\"url\":\"https:\\\/\\\/cvinoticias.com\\\/v3\\\/\",\"logo\":{\"@type\":\"ImageObject\",\"inLanguage\":\"es\",\"@id\":\"https:\\\/\\\/cvinoticias.com\\\/v3\\\/#\\\/schema\\\/logo\\\/image\\\/\",\"url\":\"https:\\\/\\\/cvinoticias.com\\\/wp-content\\\/uploads\\\/2023\\\/04\\\/cropped-cropped-cropped-cropped-cropped-3-1.png\",\"contentUrl\":\"https:\\\/\\\/cvinoticias.com\\\/wp-content\\\/uploads\\\/2023\\\/04\\\/cropped-cropped-cropped-cropped-cropped-3-1.png\",\"width\":95,\"height\":122,\"caption\":\"CVI NOTICIAS\"},\"image\":{\"@id\":\"https:\\\/\\\/cvinoticias.com\\\/v3\\\/#\\\/schema\\\/logo\\\/image\\\/\"},\"sameAs\":[\"https:\\\/\\\/www.facebook.com\\\/cvinoticias\",\"https:\\\/\\\/www.instagram.com\\\/cvinoticias\\\/\",\"https:\\\/\\\/www.youtube.com\\\/@CVINOTICIAS\"]},{\"@type\":\"Person\",\"@id\":\"https:\\\/\\\/cvinoticias.com\\\/v3\\\/#\\\/schema\\\/person\\\/2db77e3c6bc03c538495d7b2b8be9b66\",\"name\":\"f1000024\",\"image\":{\"@type\":\"ImageObject\",\"inLanguage\":\"es\",\"@id\":\"https:\\\/\\\/secure.gravatar.com\\\/avatar\\\/d4fe7459cfc51ff5129ce1a732bbef5928568b8092d412ef95611616376bbeed?s=96&d=mm&r=g\",\"url\":\"https:\\\/\\\/secure.gravatar.com\\\/avatar\\\/d4fe7459cfc51ff5129ce1a732bbef5928568b8092d412ef95611616376bbeed?s=96&d=mm&r=g\",\"contentUrl\":\"https:\\\/\\\/secure.gravatar.com\\\/avatar\\\/d4fe7459cfc51ff5129ce1a732bbef5928568b8092d412ef95611616376bbeed?s=96&d=mm&r=g\",\"caption\":\"f1000024\"},\"url\":\"https:\\\/\\\/cvinoticias.com\\\/v3\\\/author\\\/f1000024\\\/\"}]}<\/script>\n<!-- \/ Yoast SEO plugin. -->","yoast_head_json":{"title":"Habilitaron la venta libre de la \"pastilla del d\u00eda despu\u00e9s\" en farmacias | CVI NOTICIAS","robots":{"index":"index","follow":"follow","max-snippet":"max-snippet:-1","max-image-preview":"max-image-preview:large","max-video-preview":"max-video-preview:-1"},"canonical":"https:\/\/cvinoticias.com\/v3\/habilitaron-la-venta-libre-de-la-pastilla-del-dia-despues-en-farmacias\/","og_locale":"es_ES","og_type":"article","og_title":"Habilitaron la venta libre de la \"pastilla del d\u00eda despu\u00e9s\" en farmacias | CVI NOTICIAS","og_description":"La medida se oficializ\u00f3 este mi\u00e9rcoles en el Bolet\u00edn Oficial y bajo la firma de la ministra de Salud, Carla Vizzotti. El Gobierno habilit\u00f3 a partir de este mi\u00e9rcoles la venta sin receta en farmacias de todo el pa\u00eds de la \u00abpastilla o p\u00edldora del d\u00eda despu\u00e9s\u00bb, un m\u00e9todo para evitar embarazos no deseados en [&hellip;]","og_url":"https:\/\/cvinoticias.com\/v3\/habilitaron-la-venta-libre-de-la-pastilla-del-dia-despues-en-farmacias\/","og_site_name":"CVI NOTICIAS","article_publisher":"https:\/\/www.facebook.com\/cvinoticias","article_published_time":"2023-05-31T16:54:14+00:00","og_image":[{"width":1078,"height":656,"url":"https:\/\/cvinoticias.com\/wp-content\/uploads\/2023\/05\/Screenshot_20230531_135356_Facebook.jpg","type":"image\/jpeg"}],"author":"f1000024","twitter_card":"summary_large_image","twitter_misc":{"Escrito por":"f1000024","Tiempo de lectura":"4 minutos"},"schema":{"@context":"https:\/\/schema.org","@graph":[{"@type":"Article","@id":"https:\/\/cvinoticias.com\/v3\/habilitaron-la-venta-libre-de-la-pastilla-del-dia-despues-en-farmacias\/#article","isPartOf":{"@id":"https:\/\/cvinoticias.com\/v3\/habilitaron-la-venta-libre-de-la-pastilla-del-dia-despues-en-farmacias\/"},"author":{"name":"f1000024","@id":"https:\/\/cvinoticias.com\/v3\/#\/schema\/person\/2db77e3c6bc03c538495d7b2b8be9b66"},"headline":"Habilitaron la venta libre de la \u00abpastilla del d\u00eda despu\u00e9s\u00bb en farmacias","datePublished":"2023-05-31T16:54:14+00:00","mainEntityOfPage":{"@id":"https:\/\/cvinoticias.com\/v3\/habilitaron-la-venta-libre-de-la-pastilla-del-dia-despues-en-farmacias\/"},"wordCount":781,"commentCount":0,"publisher":{"@id":"https:\/\/cvinoticias.com\/v3\/#organization"},"image":{"@id":"https:\/\/cvinoticias.com\/v3\/habilitaron-la-venta-libre-de-la-pastilla-del-dia-despues-en-farmacias\/#primaryimage"},"thumbnailUrl":"https:\/\/cvinoticias.com\/wp-content\/uploads\/2023\/05\/Screenshot_20230531_135356_Facebook.jpg","articleSection":["Informaci\u00f3n General"],"inLanguage":"es","potentialAction":[{"@type":"CommentAction","name":"Comment","target":["https:\/\/cvinoticias.com\/v3\/habilitaron-la-venta-libre-de-la-pastilla-del-dia-despues-en-farmacias\/#respond"]}]},{"@type":"WebPage","@id":"https:\/\/cvinoticias.com\/v3\/habilitaron-la-venta-libre-de-la-pastilla-del-dia-despues-en-farmacias\/","url":"https:\/\/cvinoticias.com\/v3\/habilitaron-la-venta-libre-de-la-pastilla-del-dia-despues-en-farmacias\/","name":"Habilitaron la venta libre de la \"pastilla del d\u00eda despu\u00e9s\" en farmacias | CVI NOTICIAS","isPartOf":{"@id":"https:\/\/cvinoticias.com\/v3\/#website"},"primaryImageOfPage":{"@id":"https:\/\/cvinoticias.com\/v3\/habilitaron-la-venta-libre-de-la-pastilla-del-dia-despues-en-farmacias\/#primaryimage"},"image":{"@id":"https:\/\/cvinoticias.com\/v3\/habilitaron-la-venta-libre-de-la-pastilla-del-dia-despues-en-farmacias\/#primaryimage"},"thumbnailUrl":"https:\/\/cvinoticias.com\/wp-content\/uploads\/2023\/05\/Screenshot_20230531_135356_Facebook.jpg","datePublished":"2023-05-31T16:54:14+00:00","breadcrumb":{"@id":"https:\/\/cvinoticias.com\/v3\/habilitaron-la-venta-libre-de-la-pastilla-del-dia-despues-en-farmacias\/#breadcrumb"},"inLanguage":"es","potentialAction":[{"@type":"ReadAction","target":["https:\/\/cvinoticias.com\/v3\/habilitaron-la-venta-libre-de-la-pastilla-del-dia-despues-en-farmacias\/"]}]},{"@type":"ImageObject","inLanguage":"es","@id":"https:\/\/cvinoticias.com\/v3\/habilitaron-la-venta-libre-de-la-pastilla-del-dia-despues-en-farmacias\/#primaryimage","url":"https:\/\/cvinoticias.com\/wp-content\/uploads\/2023\/05\/Screenshot_20230531_135356_Facebook.jpg","contentUrl":"https:\/\/cvinoticias.com\/wp-content\/uploads\/2023\/05\/Screenshot_20230531_135356_Facebook.jpg","width":1078,"height":656},{"@type":"BreadcrumbList","@id":"https:\/\/cvinoticias.com\/v3\/habilitaron-la-venta-libre-de-la-pastilla-del-dia-despues-en-farmacias\/#breadcrumb","itemListElement":[{"@type":"ListItem","position":1,"name":"Portada","item":"https:\/\/cvinoticias.com\/v3\/"},{"@type":"ListItem","position":2,"name":"Habilitaron la venta libre de la \u00abpastilla del d\u00eda despu\u00e9s\u00bb en farmacias"}]},{"@type":"WebSite","@id":"https:\/\/cvinoticias.com\/v3\/#website","url":"https:\/\/cvinoticias.com\/v3\/","name":"CVI NOTICIAS","description":"","publisher":{"@id":"https:\/\/cvinoticias.com\/v3\/#organization"},"alternateName":"CVI","potentialAction":[{"@type":"SearchAction","target":{"@type":"EntryPoint","urlTemplate":"https:\/\/cvinoticias.com\/v3\/?s={search_term_string}"},"query-input":{"@type":"PropertyValueSpecification","valueRequired":true,"valueName":"search_term_string"}}],"inLanguage":"es"},{"@type":"Organization","@id":"https:\/\/cvinoticias.com\/v3\/#organization","name":"CVI NOTICIAS","url":"https:\/\/cvinoticias.com\/v3\/","logo":{"@type":"ImageObject","inLanguage":"es","@id":"https:\/\/cvinoticias.com\/v3\/#\/schema\/logo\/image\/","url":"https:\/\/cvinoticias.com\/wp-content\/uploads\/2023\/04\/cropped-cropped-cropped-cropped-cropped-3-1.png","contentUrl":"https:\/\/cvinoticias.com\/wp-content\/uploads\/2023\/04\/cropped-cropped-cropped-cropped-cropped-3-1.png","width":95,"height":122,"caption":"CVI NOTICIAS"},"image":{"@id":"https:\/\/cvinoticias.com\/v3\/#\/schema\/logo\/image\/"},"sameAs":["https:\/\/www.facebook.com\/cvinoticias","https:\/\/www.instagram.com\/cvinoticias\/","https:\/\/www.youtube.com\/@CVINOTICIAS"]},{"@type":"Person","@id":"https:\/\/cvinoticias.com\/v3\/#\/schema\/person\/2db77e3c6bc03c538495d7b2b8be9b66","name":"f1000024","image":{"@type":"ImageObject","inLanguage":"es","@id":"https:\/\/secure.gravatar.com\/avatar\/d4fe7459cfc51ff5129ce1a732bbef5928568b8092d412ef95611616376bbeed?s=96&d=mm&r=g","url":"https:\/\/secure.gravatar.com\/avatar\/d4fe7459cfc51ff5129ce1a732bbef5928568b8092d412ef95611616376bbeed?s=96&d=mm&r=g","contentUrl":"https:\/\/secure.gravatar.com\/avatar\/d4fe7459cfc51ff5129ce1a732bbef5928568b8092d412ef95611616376bbeed?s=96&d=mm&r=g","caption":"f1000024"},"url":"https:\/\/cvinoticias.com\/v3\/author\/f1000024\/"}]}},"_links":{"self":[{"href":"https:\/\/cvinoticias.com\/v3\/wp-json\/wp\/v2\/posts\/25157","targetHints":{"allow":["GET"]}}],"collection":[{"href":"https:\/\/cvinoticias.com\/v3\/wp-json\/wp\/v2\/posts"}],"about":[{"href":"https:\/\/cvinoticias.com\/v3\/wp-json\/wp\/v2\/types\/post"}],"author":[{"embeddable":true,"href":"https:\/\/cvinoticias.com\/v3\/wp-json\/wp\/v2\/users\/2"}],"replies":[{"embeddable":true,"href":"https:\/\/cvinoticias.com\/v3\/wp-json\/wp\/v2\/comments?post=25157"}],"version-history":[{"count":1,"href":"https:\/\/cvinoticias.com\/v3\/wp-json\/wp\/v2\/posts\/25157\/revisions"}],"predecessor-version":[{"id":25159,"href":"https:\/\/cvinoticias.com\/v3\/wp-json\/wp\/v2\/posts\/25157\/revisions\/25159"}],"wp:featuredmedia":[{"embeddable":true,"href":"https:\/\/cvinoticias.com\/v3\/wp-json\/wp\/v2\/media\/25158"}],"wp:attachment":[{"href":"https:\/\/cvinoticias.com\/v3\/wp-json\/wp\/v2\/media?parent=25157"}],"wp:term":[{"taxonomy":"category","embeddable":true,"href":"https:\/\/cvinoticias.com\/v3\/wp-json\/wp\/v2\/categories?post=25157"},{"taxonomy":"post_tag","embeddable":true,"href":"https:\/\/cvinoticias.com\/v3\/wp-json\/wp\/v2\/tags?post=25157"}],"curies":[{"name":"wp","href":"https:\/\/api.w.org\/{rel}","templated":true}]}}