{"id":25149,"date":"2023-05-31T16:26:36","date_gmt":"2023-05-31T16:26:36","guid":{"rendered":"https:\/\/cvinoticias.com\/v3\/?p=25149"},"modified":"2023-05-31T16:26:36","modified_gmt":"2023-05-31T16:26:36","slug":"herrera-ahuad-entrego-los-primeros-autos-del-programa-ahora-taxi","status":"publish","type":"post","link":"https:\/\/cvinoticias.com\/v3\/herrera-ahuad-entrego-los-primeros-autos-del-programa-ahora-taxi\/","title":{"rendered":"Herrera Ahuad entreg\u00f3 los primeros autos del Programa Ahora Taxi"},"content":{"rendered":"\n<p><strong><em>El Gobernador entreg\u00f3 los primeros veh\u00edculos que fueron adquiridos mediante el Ahora Taxi en la Cascada de la Costanera. Un programa provincial mediante el cual el Gobierno de Misiones subsidio a los trabajadores hasta el 50% del valor del veh\u00edculo 0km. En la misma ocasi\u00f3n, Herrera Ahuad dio su valoraci\u00f3n del positivo impacto tur\u00edstico y econ\u00f3mico del \u00faltimo fin de semana largo.<\/em><\/strong><\/p>\n\n\n\n<p>En la Cascada de la Costanera, se entregaron los primeros autom\u00f3viles 0km que fueron adquiridos por los trabajadores del volante en el marco del programa provincial Ahora Taxi. Al evento asistieron los choferes inscriptos que renovaron sus unidades con el acompa\u00f1amiento del Gobierno provincial, quien subsidi\u00f3 hasta el 50% del valor del veh\u00edculo. El gobernador Oscar Herrera Ahuad encabez\u00f3 esta entrega que marca una iniciativa de la provincia para que a trav\u00e9s de pol\u00edticas p\u00fablicas se garanticen los puestos de trabajo en un rubro golpeado fuertemente en el periodo de post pandemia.<\/p>\n\n\n\n<p>Al respecto el intendente de Posadas, Leonardo Stelatto, se\u00f1al\u00f3 que es \u00abun gran momento para el municipio de Posadas, donde acompa\u00f1ado por la provincia, a trav\u00e9s del programa Ahora Taxi, se puede concretar la entrega de estas unidades que van a venir a fortalecer la calidad del servicio de transporte. En el caso particular de los taxis, donde es importante seguir trabajando con este programa para seguir dando mayor calidad de servicio a todos los que usan este tipo de transporte\u201d.<\/p>\n\n\n\n<figure class=\"wp-block-image size-full\"><a href=\"https:\/\/cvinoticias.com\/wp-content\/uploads\/2023\/05\/FB_IMG_1685527971370.jpg\"><img decoding=\"async\" width=\"1024\" height=\"683\" data-src=\"https:\/\/cvinoticias.com\/wp-content\/uploads\/2023\/05\/FB_IMG_1685527971370.jpg\" alt=\"\" class=\"wp-image-25150 lazyload\" data-srcset=\"https:\/\/cvinoticias.com\/wp-content\/uploads\/2023\/05\/FB_IMG_1685527971370.jpg 1024w, https:\/\/cvinoticias.com\/wp-content\/uploads\/2023\/05\/FB_IMG_1685527971370-300x200.jpg 300w, https:\/\/cvinoticias.com\/wp-content\/uploads\/2023\/05\/FB_IMG_1685527971370-768x512.jpg 768w\" data-sizes=\"(max-width: 1024px) 100vw, 1024px\" src=\"data:image\/svg+xml;base64,PHN2ZyB3aWR0aD0iMSIgaGVpZ2h0PSIxIiB4bWxucz0iaHR0cDovL3d3dy53My5vcmcvMjAwMC9zdmciPjwvc3ZnPg==\" style=\"--smush-placeholder-width: 1024px; --smush-placeholder-aspect-ratio: 1024\/683;\" \/><\/a><\/figure>\n\n\n\n<p>En tanto, el gerente comercial de Auto Misi\u00f3n -concesionaria de Fiat-, Diego Wendel, adelant\u00f3 la entrega de m\u00e1s unidades y coment\u00f3 que es un programa in\u00e9dito que ayuda a renovar las unidades en uno de los sectores m\u00e1s vulnerables de la sociedad post pandemia. Adem\u00e1s, anticip\u00f3 que esperan llegar a duplicar la cifra en beneficio de las familias de la provincia de Misiones.<\/p>\n\n\n\n<p>Entre los asistentes al evento estuvieron el vicegobernador Carlos Arce y el ministro de Hacienda, Adolfo Safr\u00e1n.<\/p>\n\n\n\n<p><strong>UNA APUESTA A LA RENOVACI\u00d3N DE MODELOS DEL RUBRO<\/strong><\/p>\n\n\n\n<p>Hoy, se realiz\u00f3 la entrega de las llaves de los veh\u00edculos modelo Fiat Cronos a sus nuevos propietarios, quienes son los primeros beneficiarios del programa. Esta entrega incluye la instalaci\u00f3n de equipos de GNC y la correspondiente pintura identificatoria. Gracias a un convenio entre el fabricante (Fiat) y el Gobierno de Misiones, los trabajadores del volante han podido renovar sus veh\u00edculos, ya que el gobierno subsidia hasta el 50% del valor de estos autom\u00f3viles nuevos. En muchos casos, las concesionarias han aceptado veh\u00edculos usados como parte de pago, y el resto del pago puede ser financiado a trav\u00e9s de un cr\u00e9dito del Banco Macro, con la posibilidad de pagarlo en hasta 36 cuotas y una tasa subsidiada del 25% nominal anual.<\/p>\n\n\n\n<figure class=\"wp-block-image size-full\"><a href=\"https:\/\/cvinoticias.com\/wp-content\/uploads\/2023\/05\/FB_IMG_1685527976056.jpg\"><img decoding=\"async\" width=\"1024\" height=\"683\" data-src=\"https:\/\/cvinoticias.com\/wp-content\/uploads\/2023\/05\/FB_IMG_1685527976056.jpg\" alt=\"\" class=\"wp-image-25151 lazyload\" data-srcset=\"https:\/\/cvinoticias.com\/wp-content\/uploads\/2023\/05\/FB_IMG_1685527976056.jpg 1024w, https:\/\/cvinoticias.com\/wp-content\/uploads\/2023\/05\/FB_IMG_1685527976056-300x200.jpg 300w, https:\/\/cvinoticias.com\/wp-content\/uploads\/2023\/05\/FB_IMG_1685527976056-768x512.jpg 768w\" data-sizes=\"(max-width: 1024px) 100vw, 1024px\" src=\"data:image\/svg+xml;base64,PHN2ZyB3aWR0aD0iMSIgaGVpZ2h0PSIxIiB4bWxucz0iaHR0cDovL3d3dy53My5vcmcvMjAwMC9zdmciPjwvc3ZnPg==\" style=\"--smush-placeholder-width: 1024px; --smush-placeholder-aspect-ratio: 1024\/683;\" \/><\/a><\/figure>\n\n\n\n<p>Es importante destacar que, debido a la pandemia y la consiguiente paralizaci\u00f3n de actividades, la renovaci\u00f3n oportuna de los veh\u00edculos utilizados para el servicio de taxis se ha visto obstaculizada. Algunos de estos veh\u00edculos estaban pr\u00f3ximos a vencer su plazo de vigencia para estar habilitados como taxis. El objetivo del programa es facilitar la renovaci\u00f3n de estas unidades, y no est\u00e1 destinado a la incorporaci\u00f3n de m\u00e1s veh\u00edculos. Los municipios que participan en el programa son: Posadas, Puerto Iguaz\u00fa, Eldorado y Ober\u00e1.<\/p>\n\n\n\n<p><strong>IMPACTO DEL \u00daLTIMO FIN DE SEMANA LARGO EN MISIONES<\/strong><\/p>\n\n\n\n<p>En la misma ocasi\u00f3n, Herrera Ahuad destac\u00f3 la diversidad tur\u00edstica y la sustentabilidad de la provincia como factores clave para atraer visitantes en el \u00faltimo fin de semana largo. Resalt\u00f3 la asociaci\u00f3n con el programa Previaje, el cual brinda confianza a los turistas al ofrecer incentivos para disfrutar de un fin de semana en Misiones. Adem\u00e1s, mencion\u00f3 las inversiones realizadas en distintos puntos de la provincia, como el Predio Jesu\u00edtico de San Ignacio y los atractivos de Puerto Iguaz\u00fa. Agreg\u00f3 que hay otras ferias, fiestas y actividades que tambi\u00e9n contribuyen al desarrollo tur\u00edstico de la regi\u00f3n.<\/p>\n\n\n\n<p>\u201cTambi\u00e9n tenemos el acompa\u00f1amiento del Consejo Federal de Inversiones para uno de los eventos m\u00e1s importantes del mes de julio como es la llegada del Turismo Carretera a la ciudad de Posadas y otros tantos m\u00e1s. Creo que, de esa manera, con una oferta variada y con mucha responsabilidad vamos a potenciar nuestro destino trabajando con todos los actores que hacen a la cadena tur\u00edstica de la provincia, como la hoteler\u00eda, los taxis, remises, gastronom\u00eda\u201d, expres\u00f3.<\/p>\n\n\n\n<p>Igualmente, destac\u00f3 que la provincia logr\u00f3 gran afluencia \u201cno solamente de paraguayos y brasile\u00f1os que siempre vienen, sino tambi\u00e9n hemos logrado la afluencia de turistas de la mayor\u00eda de las provincias argentinas. Eso nos pone muy felices porque sabemos que estamos en un camino donde en este tiempo, cuando la recaudaci\u00f3n baja producto de la sequ\u00eda, la coparticipaci\u00f3n baja producto de la falta de recaudaci\u00f3n, uno debe tomar esos caminos que generan movimiento econ\u00f3mico y permiten generar un movimiento como para poder superar este tiempo dif\u00edcil y complejo\u201d.<\/p>\n","protected":false},"excerpt":{"rendered":"<p>El Gobernador entreg\u00f3 los primeros veh\u00edculos que fueron adquiridos mediante el Ahora Taxi en la Cascada de la Costanera. Un programa provincial mediante el cual el Gobierno de Misiones subsidio a los trabajadores hasta el 50% del valor del veh\u00edculo 0km. En la misma ocasi\u00f3n, Herrera Ahuad dio su valoraci\u00f3n del positivo impacto tur\u00edstico y [&hellip;]<\/p>\n","protected":false},"author":2,"featured_media":25152,"comment_status":"open","ping_status":"open","sticky":false,"template":"","format":"standard","meta":{"footnotes":""},"categories":[43],"tags":[],"class_list":["post-25149","post","type-post","status-publish","format-standard","has-post-thumbnail","hentry","category-provinciales"],"yoast_head":"<!-- This site is optimized with the Yoast SEO plugin v27.5 - https:\/\/yoast.com\/product\/yoast-seo-wordpress\/ -->\n<title>Herrera Ahuad entreg\u00f3 los primeros autos del Programa Ahora Taxi | CVI NOTICIAS<\/title>\n<meta name=\"robots\" content=\"index, follow, max-snippet:-1, max-image-preview:large, max-video-preview:-1\" \/>\n<link rel=\"canonical\" href=\"https:\/\/cvinoticias.com\/v3\/herrera-ahuad-entrego-los-primeros-autos-del-programa-ahora-taxi\/\" \/>\n<meta property=\"og:locale\" content=\"es_ES\" \/>\n<meta property=\"og:type\" content=\"article\" \/>\n<meta property=\"og:title\" content=\"Herrera Ahuad entreg\u00f3 los primeros autos del Programa Ahora Taxi | CVI NOTICIAS\" \/>\n<meta property=\"og:description\" content=\"El Gobernador entreg\u00f3 los primeros veh\u00edculos que fueron adquiridos mediante el Ahora Taxi en la Cascada de la Costanera. Un programa provincial mediante el cual el Gobierno de Misiones subsidio a los trabajadores hasta el 50% del valor del veh\u00edculo 0km. En la misma ocasi\u00f3n, Herrera Ahuad dio su valoraci\u00f3n del positivo impacto tur\u00edstico y [&hellip;]\" \/>\n<meta property=\"og:url\" content=\"https:\/\/cvinoticias.com\/v3\/herrera-ahuad-entrego-los-primeros-autos-del-programa-ahora-taxi\/\" \/>\n<meta property=\"og:site_name\" content=\"CVI NOTICIAS\" \/>\n<meta property=\"article:publisher\" content=\"https:\/\/www.facebook.com\/cvinoticias\" \/>\n<meta property=\"article:published_time\" content=\"2023-05-31T16:26:36+00:00\" \/>\n<meta property=\"og:image\" content=\"https:\/\/cvinoticias.com\/wp-content\/uploads\/2023\/05\/FB_IMG_1685527983701.jpg\" \/>\n\t<meta property=\"og:image:width\" content=\"1024\" \/>\n\t<meta property=\"og:image:height\" content=\"683\" \/>\n\t<meta property=\"og:image:type\" content=\"image\/jpeg\" \/>\n<meta name=\"author\" content=\"f1000024\" \/>\n<meta name=\"twitter:card\" content=\"summary_large_image\" \/>\n<meta name=\"twitter:label1\" content=\"Escrito por\" \/>\n\t<meta name=\"twitter:data1\" content=\"f1000024\" \/>\n\t<meta name=\"twitter:label2\" content=\"Tiempo de lectura\" \/>\n\t<meta name=\"twitter:data2\" content=\"4 minutos\" \/>\n<script type=\"application\/ld+json\" class=\"yoast-schema-graph\">{\"@context\":\"https:\\\/\\\/schema.org\",\"@graph\":[{\"@type\":\"Article\",\"@id\":\"https:\\\/\\\/cvinoticias.com\\\/v3\\\/herrera-ahuad-entrego-los-primeros-autos-del-programa-ahora-taxi\\\/#article\",\"isPartOf\":{\"@id\":\"https:\\\/\\\/cvinoticias.com\\\/v3\\\/herrera-ahuad-entrego-los-primeros-autos-del-programa-ahora-taxi\\\/\"},\"author\":{\"name\":\"f1000024\",\"@id\":\"https:\\\/\\\/cvinoticias.com\\\/v3\\\/#\\\/schema\\\/person\\\/2db77e3c6bc03c538495d7b2b8be9b66\"},\"headline\":\"Herrera Ahuad entreg\u00f3 los primeros autos del Programa Ahora Taxi\",\"datePublished\":\"2023-05-31T16:26:36+00:00\",\"mainEntityOfPage\":{\"@id\":\"https:\\\/\\\/cvinoticias.com\\\/v3\\\/herrera-ahuad-entrego-los-primeros-autos-del-programa-ahora-taxi\\\/\"},\"wordCount\":863,\"commentCount\":0,\"publisher\":{\"@id\":\"https:\\\/\\\/cvinoticias.com\\\/v3\\\/#organization\"},\"image\":{\"@id\":\"https:\\\/\\\/cvinoticias.com\\\/v3\\\/herrera-ahuad-entrego-los-primeros-autos-del-programa-ahora-taxi\\\/#primaryimage\"},\"thumbnailUrl\":\"https:\\\/\\\/cvinoticias.com\\\/wp-content\\\/uploads\\\/2023\\\/05\\\/FB_IMG_1685527983701.jpg\",\"articleSection\":[\"Provinciales\"],\"inLanguage\":\"es\",\"potentialAction\":[{\"@type\":\"CommentAction\",\"name\":\"Comment\",\"target\":[\"https:\\\/\\\/cvinoticias.com\\\/v3\\\/herrera-ahuad-entrego-los-primeros-autos-del-programa-ahora-taxi\\\/#respond\"]}]},{\"@type\":\"WebPage\",\"@id\":\"https:\\\/\\\/cvinoticias.com\\\/v3\\\/herrera-ahuad-entrego-los-primeros-autos-del-programa-ahora-taxi\\\/\",\"url\":\"https:\\\/\\\/cvinoticias.com\\\/v3\\\/herrera-ahuad-entrego-los-primeros-autos-del-programa-ahora-taxi\\\/\",\"name\":\"Herrera Ahuad entreg\u00f3 los primeros autos del Programa Ahora Taxi | CVI NOTICIAS\",\"isPartOf\":{\"@id\":\"https:\\\/\\\/cvinoticias.com\\\/v3\\\/#website\"},\"primaryImageOfPage\":{\"@id\":\"https:\\\/\\\/cvinoticias.com\\\/v3\\\/herrera-ahuad-entrego-los-primeros-autos-del-programa-ahora-taxi\\\/#primaryimage\"},\"image\":{\"@id\":\"https:\\\/\\\/cvinoticias.com\\\/v3\\\/herrera-ahuad-entrego-los-primeros-autos-del-programa-ahora-taxi\\\/#primaryimage\"},\"thumbnailUrl\":\"https:\\\/\\\/cvinoticias.com\\\/wp-content\\\/uploads\\\/2023\\\/05\\\/FB_IMG_1685527983701.jpg\",\"datePublished\":\"2023-05-31T16:26:36+00:00\",\"breadcrumb\":{\"@id\":\"https:\\\/\\\/cvinoticias.com\\\/v3\\\/herrera-ahuad-entrego-los-primeros-autos-del-programa-ahora-taxi\\\/#breadcrumb\"},\"inLanguage\":\"es\",\"potentialAction\":[{\"@type\":\"ReadAction\",\"target\":[\"https:\\\/\\\/cvinoticias.com\\\/v3\\\/herrera-ahuad-entrego-los-primeros-autos-del-programa-ahora-taxi\\\/\"]}]},{\"@type\":\"ImageObject\",\"inLanguage\":\"es\",\"@id\":\"https:\\\/\\\/cvinoticias.com\\\/v3\\\/herrera-ahuad-entrego-los-primeros-autos-del-programa-ahora-taxi\\\/#primaryimage\",\"url\":\"https:\\\/\\\/cvinoticias.com\\\/wp-content\\\/uploads\\\/2023\\\/05\\\/FB_IMG_1685527983701.jpg\",\"contentUrl\":\"https:\\\/\\\/cvinoticias.com\\\/wp-content\\\/uploads\\\/2023\\\/05\\\/FB_IMG_1685527983701.jpg\",\"width\":1024,\"height\":683},{\"@type\":\"BreadcrumbList\",\"@id\":\"https:\\\/\\\/cvinoticias.com\\\/v3\\\/herrera-ahuad-entrego-los-primeros-autos-del-programa-ahora-taxi\\\/#breadcrumb\",\"itemListElement\":[{\"@type\":\"ListItem\",\"position\":1,\"name\":\"Portada\",\"item\":\"https:\\\/\\\/cvinoticias.com\\\/v3\\\/\"},{\"@type\":\"ListItem\",\"position\":2,\"name\":\"Herrera Ahuad entreg\u00f3 los primeros autos del Programa Ahora Taxi\"}]},{\"@type\":\"WebSite\",\"@id\":\"https:\\\/\\\/cvinoticias.com\\\/v3\\\/#website\",\"url\":\"https:\\\/\\\/cvinoticias.com\\\/v3\\\/\",\"name\":\"CVI NOTICIAS\",\"description\":\"\",\"publisher\":{\"@id\":\"https:\\\/\\\/cvinoticias.com\\\/v3\\\/#organization\"},\"alternateName\":\"CVI\",\"potentialAction\":[{\"@type\":\"SearchAction\",\"target\":{\"@type\":\"EntryPoint\",\"urlTemplate\":\"https:\\\/\\\/cvinoticias.com\\\/v3\\\/?s={search_term_string}\"},\"query-input\":{\"@type\":\"PropertyValueSpecification\",\"valueRequired\":true,\"valueName\":\"search_term_string\"}}],\"inLanguage\":\"es\"},{\"@type\":\"Organization\",\"@id\":\"https:\\\/\\\/cvinoticias.com\\\/v3\\\/#organization\",\"name\":\"CVI NOTICIAS\",\"url\":\"https:\\\/\\\/cvinoticias.com\\\/v3\\\/\",\"logo\":{\"@type\":\"ImageObject\",\"inLanguage\":\"es\",\"@id\":\"https:\\\/\\\/cvinoticias.com\\\/v3\\\/#\\\/schema\\\/logo\\\/image\\\/\",\"url\":\"https:\\\/\\\/cvinoticias.com\\\/wp-content\\\/uploads\\\/2023\\\/04\\\/cropped-cropped-cropped-cropped-cropped-3-1.png\",\"contentUrl\":\"https:\\\/\\\/cvinoticias.com\\\/wp-content\\\/uploads\\\/2023\\\/04\\\/cropped-cropped-cropped-cropped-cropped-3-1.png\",\"width\":95,\"height\":122,\"caption\":\"CVI NOTICIAS\"},\"image\":{\"@id\":\"https:\\\/\\\/cvinoticias.com\\\/v3\\\/#\\\/schema\\\/logo\\\/image\\\/\"},\"sameAs\":[\"https:\\\/\\\/www.facebook.com\\\/cvinoticias\",\"https:\\\/\\\/www.instagram.com\\\/cvinoticias\\\/\",\"https:\\\/\\\/www.youtube.com\\\/@CVINOTICIAS\"]},{\"@type\":\"Person\",\"@id\":\"https:\\\/\\\/cvinoticias.com\\\/v3\\\/#\\\/schema\\\/person\\\/2db77e3c6bc03c538495d7b2b8be9b66\",\"name\":\"f1000024\",\"image\":{\"@type\":\"ImageObject\",\"inLanguage\":\"es\",\"@id\":\"https:\\\/\\\/secure.gravatar.com\\\/avatar\\\/d4fe7459cfc51ff5129ce1a732bbef5928568b8092d412ef95611616376bbeed?s=96&d=mm&r=g\",\"url\":\"https:\\\/\\\/secure.gravatar.com\\\/avatar\\\/d4fe7459cfc51ff5129ce1a732bbef5928568b8092d412ef95611616376bbeed?s=96&d=mm&r=g\",\"contentUrl\":\"https:\\\/\\\/secure.gravatar.com\\\/avatar\\\/d4fe7459cfc51ff5129ce1a732bbef5928568b8092d412ef95611616376bbeed?s=96&d=mm&r=g\",\"caption\":\"f1000024\"},\"url\":\"https:\\\/\\\/cvinoticias.com\\\/v3\\\/author\\\/f1000024\\\/\"}]}<\/script>\n<!-- \/ Yoast SEO plugin. -->","yoast_head_json":{"title":"Herrera Ahuad entreg\u00f3 los primeros autos del Programa Ahora Taxi | CVI NOTICIAS","robots":{"index":"index","follow":"follow","max-snippet":"max-snippet:-1","max-image-preview":"max-image-preview:large","max-video-preview":"max-video-preview:-1"},"canonical":"https:\/\/cvinoticias.com\/v3\/herrera-ahuad-entrego-los-primeros-autos-del-programa-ahora-taxi\/","og_locale":"es_ES","og_type":"article","og_title":"Herrera Ahuad entreg\u00f3 los primeros autos del Programa Ahora Taxi | CVI NOTICIAS","og_description":"El Gobernador entreg\u00f3 los primeros veh\u00edculos que fueron adquiridos mediante el Ahora Taxi en la Cascada de la Costanera. Un programa provincial mediante el cual el Gobierno de Misiones subsidio a los trabajadores hasta el 50% del valor del veh\u00edculo 0km. En la misma ocasi\u00f3n, Herrera Ahuad dio su valoraci\u00f3n del positivo impacto tur\u00edstico y [&hellip;]","og_url":"https:\/\/cvinoticias.com\/v3\/herrera-ahuad-entrego-los-primeros-autos-del-programa-ahora-taxi\/","og_site_name":"CVI NOTICIAS","article_publisher":"https:\/\/www.facebook.com\/cvinoticias","article_published_time":"2023-05-31T16:26:36+00:00","og_image":[{"width":1024,"height":683,"url":"https:\/\/cvinoticias.com\/wp-content\/uploads\/2023\/05\/FB_IMG_1685527983701.jpg","type":"image\/jpeg"}],"author":"f1000024","twitter_card":"summary_large_image","twitter_misc":{"Escrito por":"f1000024","Tiempo de lectura":"4 minutos"},"schema":{"@context":"https:\/\/schema.org","@graph":[{"@type":"Article","@id":"https:\/\/cvinoticias.com\/v3\/herrera-ahuad-entrego-los-primeros-autos-del-programa-ahora-taxi\/#article","isPartOf":{"@id":"https:\/\/cvinoticias.com\/v3\/herrera-ahuad-entrego-los-primeros-autos-del-programa-ahora-taxi\/"},"author":{"name":"f1000024","@id":"https:\/\/cvinoticias.com\/v3\/#\/schema\/person\/2db77e3c6bc03c538495d7b2b8be9b66"},"headline":"Herrera Ahuad entreg\u00f3 los primeros autos del Programa Ahora Taxi","datePublished":"2023-05-31T16:26:36+00:00","mainEntityOfPage":{"@id":"https:\/\/cvinoticias.com\/v3\/herrera-ahuad-entrego-los-primeros-autos-del-programa-ahora-taxi\/"},"wordCount":863,"commentCount":0,"publisher":{"@id":"https:\/\/cvinoticias.com\/v3\/#organization"},"image":{"@id":"https:\/\/cvinoticias.com\/v3\/herrera-ahuad-entrego-los-primeros-autos-del-programa-ahora-taxi\/#primaryimage"},"thumbnailUrl":"https:\/\/cvinoticias.com\/wp-content\/uploads\/2023\/05\/FB_IMG_1685527983701.jpg","articleSection":["Provinciales"],"inLanguage":"es","potentialAction":[{"@type":"CommentAction","name":"Comment","target":["https:\/\/cvinoticias.com\/v3\/herrera-ahuad-entrego-los-primeros-autos-del-programa-ahora-taxi\/#respond"]}]},{"@type":"WebPage","@id":"https:\/\/cvinoticias.com\/v3\/herrera-ahuad-entrego-los-primeros-autos-del-programa-ahora-taxi\/","url":"https:\/\/cvinoticias.com\/v3\/herrera-ahuad-entrego-los-primeros-autos-del-programa-ahora-taxi\/","name":"Herrera Ahuad entreg\u00f3 los primeros autos del Programa Ahora Taxi | CVI NOTICIAS","isPartOf":{"@id":"https:\/\/cvinoticias.com\/v3\/#website"},"primaryImageOfPage":{"@id":"https:\/\/cvinoticias.com\/v3\/herrera-ahuad-entrego-los-primeros-autos-del-programa-ahora-taxi\/#primaryimage"},"image":{"@id":"https:\/\/cvinoticias.com\/v3\/herrera-ahuad-entrego-los-primeros-autos-del-programa-ahora-taxi\/#primaryimage"},"thumbnailUrl":"https:\/\/cvinoticias.com\/wp-content\/uploads\/2023\/05\/FB_IMG_1685527983701.jpg","datePublished":"2023-05-31T16:26:36+00:00","breadcrumb":{"@id":"https:\/\/cvinoticias.com\/v3\/herrera-ahuad-entrego-los-primeros-autos-del-programa-ahora-taxi\/#breadcrumb"},"inLanguage":"es","potentialAction":[{"@type":"ReadAction","target":["https:\/\/cvinoticias.com\/v3\/herrera-ahuad-entrego-los-primeros-autos-del-programa-ahora-taxi\/"]}]},{"@type":"ImageObject","inLanguage":"es","@id":"https:\/\/cvinoticias.com\/v3\/herrera-ahuad-entrego-los-primeros-autos-del-programa-ahora-taxi\/#primaryimage","url":"https:\/\/cvinoticias.com\/wp-content\/uploads\/2023\/05\/FB_IMG_1685527983701.jpg","contentUrl":"https:\/\/cvinoticias.com\/wp-content\/uploads\/2023\/05\/FB_IMG_1685527983701.jpg","width":1024,"height":683},{"@type":"BreadcrumbList","@id":"https:\/\/cvinoticias.com\/v3\/herrera-ahuad-entrego-los-primeros-autos-del-programa-ahora-taxi\/#breadcrumb","itemListElement":[{"@type":"ListItem","position":1,"name":"Portada","item":"https:\/\/cvinoticias.com\/v3\/"},{"@type":"ListItem","position":2,"name":"Herrera Ahuad entreg\u00f3 los primeros autos del Programa Ahora Taxi"}]},{"@type":"WebSite","@id":"https:\/\/cvinoticias.com\/v3\/#website","url":"https:\/\/cvinoticias.com\/v3\/","name":"CVI NOTICIAS","description":"","publisher":{"@id":"https:\/\/cvinoticias.com\/v3\/#organization"},"alternateName":"CVI","potentialAction":[{"@type":"SearchAction","target":{"@type":"EntryPoint","urlTemplate":"https:\/\/cvinoticias.com\/v3\/?s={search_term_string}"},"query-input":{"@type":"PropertyValueSpecification","valueRequired":true,"valueName":"search_term_string"}}],"inLanguage":"es"},{"@type":"Organization","@id":"https:\/\/cvinoticias.com\/v3\/#organization","name":"CVI NOTICIAS","url":"https:\/\/cvinoticias.com\/v3\/","logo":{"@type":"ImageObject","inLanguage":"es","@id":"https:\/\/cvinoticias.com\/v3\/#\/schema\/logo\/image\/","url":"https:\/\/cvinoticias.com\/wp-content\/uploads\/2023\/04\/cropped-cropped-cropped-cropped-cropped-3-1.png","contentUrl":"https:\/\/cvinoticias.com\/wp-content\/uploads\/2023\/04\/cropped-cropped-cropped-cropped-cropped-3-1.png","width":95,"height":122,"caption":"CVI NOTICIAS"},"image":{"@id":"https:\/\/cvinoticias.com\/v3\/#\/schema\/logo\/image\/"},"sameAs":["https:\/\/www.facebook.com\/cvinoticias","https:\/\/www.instagram.com\/cvinoticias\/","https:\/\/www.youtube.com\/@CVINOTICIAS"]},{"@type":"Person","@id":"https:\/\/cvinoticias.com\/v3\/#\/schema\/person\/2db77e3c6bc03c538495d7b2b8be9b66","name":"f1000024","image":{"@type":"ImageObject","inLanguage":"es","@id":"https:\/\/secure.gravatar.com\/avatar\/d4fe7459cfc51ff5129ce1a732bbef5928568b8092d412ef95611616376bbeed?s=96&d=mm&r=g","url":"https:\/\/secure.gravatar.com\/avatar\/d4fe7459cfc51ff5129ce1a732bbef5928568b8092d412ef95611616376bbeed?s=96&d=mm&r=g","contentUrl":"https:\/\/secure.gravatar.com\/avatar\/d4fe7459cfc51ff5129ce1a732bbef5928568b8092d412ef95611616376bbeed?s=96&d=mm&r=g","caption":"f1000024"},"url":"https:\/\/cvinoticias.com\/v3\/author\/f1000024\/"}]}},"_links":{"self":[{"href":"https:\/\/cvinoticias.com\/v3\/wp-json\/wp\/v2\/posts\/25149","targetHints":{"allow":["GET"]}}],"collection":[{"href":"https:\/\/cvinoticias.com\/v3\/wp-json\/wp\/v2\/posts"}],"about":[{"href":"https:\/\/cvinoticias.com\/v3\/wp-json\/wp\/v2\/types\/post"}],"author":[{"embeddable":true,"href":"https:\/\/cvinoticias.com\/v3\/wp-json\/wp\/v2\/users\/2"}],"replies":[{"embeddable":true,"href":"https:\/\/cvinoticias.com\/v3\/wp-json\/wp\/v2\/comments?post=25149"}],"version-history":[{"count":1,"href":"https:\/\/cvinoticias.com\/v3\/wp-json\/wp\/v2\/posts\/25149\/revisions"}],"predecessor-version":[{"id":25153,"href":"https:\/\/cvinoticias.com\/v3\/wp-json\/wp\/v2\/posts\/25149\/revisions\/25153"}],"wp:featuredmedia":[{"embeddable":true,"href":"https:\/\/cvinoticias.com\/v3\/wp-json\/wp\/v2\/media\/25152"}],"wp:attachment":[{"href":"https:\/\/cvinoticias.com\/v3\/wp-json\/wp\/v2\/media?parent=25149"}],"wp:term":[{"taxonomy":"category","embeddable":true,"href":"https:\/\/cvinoticias.com\/v3\/wp-json\/wp\/v2\/categories?post=25149"},{"taxonomy":"post_tag","embeddable":true,"href":"https:\/\/cvinoticias.com\/v3\/wp-json\/wp\/v2\/tags?post=25149"}],"curies":[{"name":"wp","href":"https:\/\/api.w.org\/{rel}","templated":true}]}}