{"id":25112,"date":"2023-05-30T11:41:32","date_gmt":"2023-05-30T11:41:32","guid":{"rendered":"https:\/\/cvinoticias.com\/v3\/?p=25112"},"modified":"2023-05-30T11:41:32","modified_gmt":"2023-05-30T11:41:32","slug":"oscar-herrera-ahuad-anuncio-la-fecha-de-pago-de-haberes-de-los-jubilados-pensionados-retirados-provinciales-y-de-los-empleados-publicos","status":"publish","type":"post","link":"https:\/\/cvinoticias.com\/v3\/oscar-herrera-ahuad-anuncio-la-fecha-de-pago-de-haberes-de-los-jubilados-pensionados-retirados-provinciales-y-de-los-empleados-publicos\/","title":{"rendered":"Oscar Herrera Ahuad anunci\u00f3 la fecha de pago de haberes de los jubilados pensionados, retirados provinciales y de los empleados p\u00fablicos"},"content":{"rendered":"\n<p><strong><em>El gobernador de la provincia, Oscar Herrera Ahuad, confirm\u00f3 a trav\u00e9s de su cuenta oficial de Twitter, que, desde este mi\u00e9rcoles 31 de mayo, estar\u00e1n acreditados los haberes de jubilados, pensionados, retirados.<\/em><\/strong><\/p>\n\n\n\n<p>\u201cAnuncio que el mi\u00e9rcoles 31 de mayo estar\u00e1n acreditados los haberes de los jubilados, pensionados y retirados provinciales y los de los empleados activos del Estado provincial\u201d.<\/p>\n\n\n\n<p>De esta manera, ese d\u00eda los trabajadores podr\u00e1n utilizar los fondos que estar\u00e1n depositados en sus cuentas bancarias.<\/p>\n","protected":false},"excerpt":{"rendered":"<p>El gobernador de la provincia, Oscar Herrera Ahuad, confirm\u00f3 a trav\u00e9s de su cuenta oficial de Twitter, que, desde este mi\u00e9rcoles 31 de mayo, estar\u00e1n acreditados los haberes de jubilados, pensionados, retirados. \u201cAnuncio que el mi\u00e9rcoles 31 de mayo estar\u00e1n acreditados los haberes de los jubilados, pensionados y retirados provinciales y los de los empleados [&hellip;]<\/p>\n","protected":false},"author":2,"featured_media":25113,"comment_status":"open","ping_status":"open","sticky":false,"template":"","format":"standard","meta":{"footnotes":""},"categories":[43],"tags":[],"class_list":["post-25112","post","type-post","status-publish","format-standard","has-post-thumbnail","hentry","category-provinciales"],"yoast_head":"<!-- This site is optimized with the Yoast SEO plugin v27.5 - https:\/\/yoast.com\/product\/yoast-seo-wordpress\/ -->\n<title>Oscar Herrera Ahuad anunci\u00f3 la fecha de pago de haberes de los jubilados pensionados, retirados provinciales y de los empleados p\u00fablicos | CVI NOTICIAS<\/title>\n<meta name=\"robots\" content=\"index, follow, max-snippet:-1, max-image-preview:large, max-video-preview:-1\" \/>\n<link rel=\"canonical\" href=\"https:\/\/cvinoticias.com\/v3\/oscar-herrera-ahuad-anuncio-la-fecha-de-pago-de-haberes-de-los-jubilados-pensionados-retirados-provinciales-y-de-los-empleados-publicos\/\" \/>\n<meta property=\"og:locale\" content=\"es_ES\" \/>\n<meta property=\"og:type\" content=\"article\" \/>\n<meta property=\"og:title\" content=\"Oscar Herrera Ahuad anunci\u00f3 la fecha de pago de haberes de los jubilados pensionados, retirados provinciales y de los empleados p\u00fablicos | CVI NOTICIAS\" \/>\n<meta property=\"og:description\" content=\"El gobernador de la provincia, Oscar Herrera Ahuad, confirm\u00f3 a trav\u00e9s de su cuenta oficial de Twitter, que, desde este mi\u00e9rcoles 31 de mayo, estar\u00e1n acreditados los haberes de jubilados, pensionados, retirados. \u201cAnuncio que el mi\u00e9rcoles 31 de mayo estar\u00e1n acreditados los haberes de los jubilados, pensionados y retirados provinciales y los de los empleados [&hellip;]\" \/>\n<meta property=\"og:url\" content=\"https:\/\/cvinoticias.com\/v3\/oscar-herrera-ahuad-anuncio-la-fecha-de-pago-de-haberes-de-los-jubilados-pensionados-retirados-provinciales-y-de-los-empleados-publicos\/\" \/>\n<meta property=\"og:site_name\" content=\"CVI NOTICIAS\" \/>\n<meta property=\"article:publisher\" content=\"https:\/\/www.facebook.com\/cvinoticias\" \/>\n<meta property=\"article:published_time\" content=\"2023-05-30T11:41:32+00:00\" \/>\n<meta property=\"og:image\" content=\"https:\/\/cvinoticias.com\/wp-content\/uploads\/2023\/05\/Screenshot_20230530_083928_Chrome.jpg\" \/>\n\t<meta property=\"og:image:width\" content=\"981\" \/>\n\t<meta property=\"og:image:height\" content=\"1676\" \/>\n\t<meta property=\"og:image:type\" content=\"image\/jpeg\" \/>\n<meta name=\"author\" content=\"f1000024\" \/>\n<meta name=\"twitter:card\" content=\"summary_large_image\" \/>\n<meta name=\"twitter:label1\" content=\"Escrito por\" \/>\n\t<meta name=\"twitter:data1\" content=\"f1000024\" \/>\n<script type=\"application\/ld+json\" class=\"yoast-schema-graph\">{\"@context\":\"https:\\\/\\\/schema.org\",\"@graph\":[{\"@type\":\"Article\",\"@id\":\"https:\\\/\\\/cvinoticias.com\\\/v3\\\/oscar-herrera-ahuad-anuncio-la-fecha-de-pago-de-haberes-de-los-jubilados-pensionados-retirados-provinciales-y-de-los-empleados-publicos\\\/#article\",\"isPartOf\":{\"@id\":\"https:\\\/\\\/cvinoticias.com\\\/v3\\\/oscar-herrera-ahuad-anuncio-la-fecha-de-pago-de-haberes-de-los-jubilados-pensionados-retirados-provinciales-y-de-los-empleados-publicos\\\/\"},\"author\":{\"name\":\"f1000024\",\"@id\":\"https:\\\/\\\/cvinoticias.com\\\/v3\\\/#\\\/schema\\\/person\\\/2db77e3c6bc03c538495d7b2b8be9b66\"},\"headline\":\"Oscar Herrera Ahuad anunci\u00f3 la fecha de pago de haberes de los jubilados pensionados, retirados provinciales y de los empleados p\u00fablicos\",\"datePublished\":\"2023-05-30T11:41:32+00:00\",\"mainEntityOfPage\":{\"@id\":\"https:\\\/\\\/cvinoticias.com\\\/v3\\\/oscar-herrera-ahuad-anuncio-la-fecha-de-pago-de-haberes-de-los-jubilados-pensionados-retirados-provinciales-y-de-los-empleados-publicos\\\/\"},\"wordCount\":105,\"commentCount\":0,\"publisher\":{\"@id\":\"https:\\\/\\\/cvinoticias.com\\\/v3\\\/#organization\"},\"image\":{\"@id\":\"https:\\\/\\\/cvinoticias.com\\\/v3\\\/oscar-herrera-ahuad-anuncio-la-fecha-de-pago-de-haberes-de-los-jubilados-pensionados-retirados-provinciales-y-de-los-empleados-publicos\\\/#primaryimage\"},\"thumbnailUrl\":\"https:\\\/\\\/cvinoticias.com\\\/wp-content\\\/uploads\\\/2023\\\/05\\\/Screenshot_20230530_083928_Chrome.jpg\",\"articleSection\":[\"Provinciales\"],\"inLanguage\":\"es\",\"potentialAction\":[{\"@type\":\"CommentAction\",\"name\":\"Comment\",\"target\":[\"https:\\\/\\\/cvinoticias.com\\\/v3\\\/oscar-herrera-ahuad-anuncio-la-fecha-de-pago-de-haberes-de-los-jubilados-pensionados-retirados-provinciales-y-de-los-empleados-publicos\\\/#respond\"]}]},{\"@type\":\"WebPage\",\"@id\":\"https:\\\/\\\/cvinoticias.com\\\/v3\\\/oscar-herrera-ahuad-anuncio-la-fecha-de-pago-de-haberes-de-los-jubilados-pensionados-retirados-provinciales-y-de-los-empleados-publicos\\\/\",\"url\":\"https:\\\/\\\/cvinoticias.com\\\/v3\\\/oscar-herrera-ahuad-anuncio-la-fecha-de-pago-de-haberes-de-los-jubilados-pensionados-retirados-provinciales-y-de-los-empleados-publicos\\\/\",\"name\":\"Oscar Herrera Ahuad anunci\u00f3 la fecha de pago de haberes de los jubilados pensionados, retirados provinciales y de los empleados p\u00fablicos | CVI NOTICIAS\",\"isPartOf\":{\"@id\":\"https:\\\/\\\/cvinoticias.com\\\/v3\\\/#website\"},\"primaryImageOfPage\":{\"@id\":\"https:\\\/\\\/cvinoticias.com\\\/v3\\\/oscar-herrera-ahuad-anuncio-la-fecha-de-pago-de-haberes-de-los-jubilados-pensionados-retirados-provinciales-y-de-los-empleados-publicos\\\/#primaryimage\"},\"image\":{\"@id\":\"https:\\\/\\\/cvinoticias.com\\\/v3\\\/oscar-herrera-ahuad-anuncio-la-fecha-de-pago-de-haberes-de-los-jubilados-pensionados-retirados-provinciales-y-de-los-empleados-publicos\\\/#primaryimage\"},\"thumbnailUrl\":\"https:\\\/\\\/cvinoticias.com\\\/wp-content\\\/uploads\\\/2023\\\/05\\\/Screenshot_20230530_083928_Chrome.jpg\",\"datePublished\":\"2023-05-30T11:41:32+00:00\",\"breadcrumb\":{\"@id\":\"https:\\\/\\\/cvinoticias.com\\\/v3\\\/oscar-herrera-ahuad-anuncio-la-fecha-de-pago-de-haberes-de-los-jubilados-pensionados-retirados-provinciales-y-de-los-empleados-publicos\\\/#breadcrumb\"},\"inLanguage\":\"es\",\"potentialAction\":[{\"@type\":\"ReadAction\",\"target\":[\"https:\\\/\\\/cvinoticias.com\\\/v3\\\/oscar-herrera-ahuad-anuncio-la-fecha-de-pago-de-haberes-de-los-jubilados-pensionados-retirados-provinciales-y-de-los-empleados-publicos\\\/\"]}]},{\"@type\":\"ImageObject\",\"inLanguage\":\"es\",\"@id\":\"https:\\\/\\\/cvinoticias.com\\\/v3\\\/oscar-herrera-ahuad-anuncio-la-fecha-de-pago-de-haberes-de-los-jubilados-pensionados-retirados-provinciales-y-de-los-empleados-publicos\\\/#primaryimage\",\"url\":\"https:\\\/\\\/cvinoticias.com\\\/wp-content\\\/uploads\\\/2023\\\/05\\\/Screenshot_20230530_083928_Chrome.jpg\",\"contentUrl\":\"https:\\\/\\\/cvinoticias.com\\\/wp-content\\\/uploads\\\/2023\\\/05\\\/Screenshot_20230530_083928_Chrome.jpg\",\"width\":981,\"height\":1676},{\"@type\":\"BreadcrumbList\",\"@id\":\"https:\\\/\\\/cvinoticias.com\\\/v3\\\/oscar-herrera-ahuad-anuncio-la-fecha-de-pago-de-haberes-de-los-jubilados-pensionados-retirados-provinciales-y-de-los-empleados-publicos\\\/#breadcrumb\",\"itemListElement\":[{\"@type\":\"ListItem\",\"position\":1,\"name\":\"Portada\",\"item\":\"https:\\\/\\\/cvinoticias.com\\\/v3\\\/\"},{\"@type\":\"ListItem\",\"position\":2,\"name\":\"Oscar Herrera Ahuad anunci\u00f3 la fecha de pago de haberes de los jubilados pensionados, retirados provinciales y de los empleados p\u00fablicos\"}]},{\"@type\":\"WebSite\",\"@id\":\"https:\\\/\\\/cvinoticias.com\\\/v3\\\/#website\",\"url\":\"https:\\\/\\\/cvinoticias.com\\\/v3\\\/\",\"name\":\"CVI NOTICIAS\",\"description\":\"\",\"publisher\":{\"@id\":\"https:\\\/\\\/cvinoticias.com\\\/v3\\\/#organization\"},\"alternateName\":\"CVI\",\"potentialAction\":[{\"@type\":\"SearchAction\",\"target\":{\"@type\":\"EntryPoint\",\"urlTemplate\":\"https:\\\/\\\/cvinoticias.com\\\/v3\\\/?s={search_term_string}\"},\"query-input\":{\"@type\":\"PropertyValueSpecification\",\"valueRequired\":true,\"valueName\":\"search_term_string\"}}],\"inLanguage\":\"es\"},{\"@type\":\"Organization\",\"@id\":\"https:\\\/\\\/cvinoticias.com\\\/v3\\\/#organization\",\"name\":\"CVI NOTICIAS\",\"url\":\"https:\\\/\\\/cvinoticias.com\\\/v3\\\/\",\"logo\":{\"@type\":\"ImageObject\",\"inLanguage\":\"es\",\"@id\":\"https:\\\/\\\/cvinoticias.com\\\/v3\\\/#\\\/schema\\\/logo\\\/image\\\/\",\"url\":\"https:\\\/\\\/cvinoticias.com\\\/wp-content\\\/uploads\\\/2023\\\/04\\\/cropped-cropped-cropped-cropped-cropped-3-1.png\",\"contentUrl\":\"https:\\\/\\\/cvinoticias.com\\\/wp-content\\\/uploads\\\/2023\\\/04\\\/cropped-cropped-cropped-cropped-cropped-3-1.png\",\"width\":95,\"height\":122,\"caption\":\"CVI NOTICIAS\"},\"image\":{\"@id\":\"https:\\\/\\\/cvinoticias.com\\\/v3\\\/#\\\/schema\\\/logo\\\/image\\\/\"},\"sameAs\":[\"https:\\\/\\\/www.facebook.com\\\/cvinoticias\",\"https:\\\/\\\/www.instagram.com\\\/cvinoticias\\\/\",\"https:\\\/\\\/www.youtube.com\\\/@CVINOTICIAS\"]},{\"@type\":\"Person\",\"@id\":\"https:\\\/\\\/cvinoticias.com\\\/v3\\\/#\\\/schema\\\/person\\\/2db77e3c6bc03c538495d7b2b8be9b66\",\"name\":\"f1000024\",\"image\":{\"@type\":\"ImageObject\",\"inLanguage\":\"es\",\"@id\":\"https:\\\/\\\/secure.gravatar.com\\\/avatar\\\/d4fe7459cfc51ff5129ce1a732bbef5928568b8092d412ef95611616376bbeed?s=96&d=mm&r=g\",\"url\":\"https:\\\/\\\/secure.gravatar.com\\\/avatar\\\/d4fe7459cfc51ff5129ce1a732bbef5928568b8092d412ef95611616376bbeed?s=96&d=mm&r=g\",\"contentUrl\":\"https:\\\/\\\/secure.gravatar.com\\\/avatar\\\/d4fe7459cfc51ff5129ce1a732bbef5928568b8092d412ef95611616376bbeed?s=96&d=mm&r=g\",\"caption\":\"f1000024\"},\"url\":\"https:\\\/\\\/cvinoticias.com\\\/v3\\\/author\\\/f1000024\\\/\"}]}<\/script>\n<!-- \/ Yoast SEO plugin. -->","yoast_head_json":{"title":"Oscar Herrera Ahuad anunci\u00f3 la fecha de pago de haberes de los jubilados pensionados, retirados provinciales y de los empleados p\u00fablicos | CVI NOTICIAS","robots":{"index":"index","follow":"follow","max-snippet":"max-snippet:-1","max-image-preview":"max-image-preview:large","max-video-preview":"max-video-preview:-1"},"canonical":"https:\/\/cvinoticias.com\/v3\/oscar-herrera-ahuad-anuncio-la-fecha-de-pago-de-haberes-de-los-jubilados-pensionados-retirados-provinciales-y-de-los-empleados-publicos\/","og_locale":"es_ES","og_type":"article","og_title":"Oscar Herrera Ahuad anunci\u00f3 la fecha de pago de haberes de los jubilados pensionados, retirados provinciales y de los empleados p\u00fablicos | CVI NOTICIAS","og_description":"El gobernador de la provincia, Oscar Herrera Ahuad, confirm\u00f3 a trav\u00e9s de su cuenta oficial de Twitter, que, desde este mi\u00e9rcoles 31 de mayo, estar\u00e1n acreditados los haberes de jubilados, pensionados, retirados. \u201cAnuncio que el mi\u00e9rcoles 31 de mayo estar\u00e1n acreditados los haberes de los jubilados, pensionados y retirados provinciales y los de los empleados [&hellip;]","og_url":"https:\/\/cvinoticias.com\/v3\/oscar-herrera-ahuad-anuncio-la-fecha-de-pago-de-haberes-de-los-jubilados-pensionados-retirados-provinciales-y-de-los-empleados-publicos\/","og_site_name":"CVI NOTICIAS","article_publisher":"https:\/\/www.facebook.com\/cvinoticias","article_published_time":"2023-05-30T11:41:32+00:00","og_image":[{"width":981,"height":1676,"url":"https:\/\/cvinoticias.com\/wp-content\/uploads\/2023\/05\/Screenshot_20230530_083928_Chrome.jpg","type":"image\/jpeg"}],"author":"f1000024","twitter_card":"summary_large_image","twitter_misc":{"Escrito por":"f1000024"},"schema":{"@context":"https:\/\/schema.org","@graph":[{"@type":"Article","@id":"https:\/\/cvinoticias.com\/v3\/oscar-herrera-ahuad-anuncio-la-fecha-de-pago-de-haberes-de-los-jubilados-pensionados-retirados-provinciales-y-de-los-empleados-publicos\/#article","isPartOf":{"@id":"https:\/\/cvinoticias.com\/v3\/oscar-herrera-ahuad-anuncio-la-fecha-de-pago-de-haberes-de-los-jubilados-pensionados-retirados-provinciales-y-de-los-empleados-publicos\/"},"author":{"name":"f1000024","@id":"https:\/\/cvinoticias.com\/v3\/#\/schema\/person\/2db77e3c6bc03c538495d7b2b8be9b66"},"headline":"Oscar Herrera Ahuad anunci\u00f3 la fecha de pago de haberes de los jubilados pensionados, retirados provinciales y de los empleados p\u00fablicos","datePublished":"2023-05-30T11:41:32+00:00","mainEntityOfPage":{"@id":"https:\/\/cvinoticias.com\/v3\/oscar-herrera-ahuad-anuncio-la-fecha-de-pago-de-haberes-de-los-jubilados-pensionados-retirados-provinciales-y-de-los-empleados-publicos\/"},"wordCount":105,"commentCount":0,"publisher":{"@id":"https:\/\/cvinoticias.com\/v3\/#organization"},"image":{"@id":"https:\/\/cvinoticias.com\/v3\/oscar-herrera-ahuad-anuncio-la-fecha-de-pago-de-haberes-de-los-jubilados-pensionados-retirados-provinciales-y-de-los-empleados-publicos\/#primaryimage"},"thumbnailUrl":"https:\/\/cvinoticias.com\/wp-content\/uploads\/2023\/05\/Screenshot_20230530_083928_Chrome.jpg","articleSection":["Provinciales"],"inLanguage":"es","potentialAction":[{"@type":"CommentAction","name":"Comment","target":["https:\/\/cvinoticias.com\/v3\/oscar-herrera-ahuad-anuncio-la-fecha-de-pago-de-haberes-de-los-jubilados-pensionados-retirados-provinciales-y-de-los-empleados-publicos\/#respond"]}]},{"@type":"WebPage","@id":"https:\/\/cvinoticias.com\/v3\/oscar-herrera-ahuad-anuncio-la-fecha-de-pago-de-haberes-de-los-jubilados-pensionados-retirados-provinciales-y-de-los-empleados-publicos\/","url":"https:\/\/cvinoticias.com\/v3\/oscar-herrera-ahuad-anuncio-la-fecha-de-pago-de-haberes-de-los-jubilados-pensionados-retirados-provinciales-y-de-los-empleados-publicos\/","name":"Oscar Herrera Ahuad anunci\u00f3 la fecha de pago de haberes de los jubilados pensionados, retirados provinciales y de los empleados p\u00fablicos | CVI NOTICIAS","isPartOf":{"@id":"https:\/\/cvinoticias.com\/v3\/#website"},"primaryImageOfPage":{"@id":"https:\/\/cvinoticias.com\/v3\/oscar-herrera-ahuad-anuncio-la-fecha-de-pago-de-haberes-de-los-jubilados-pensionados-retirados-provinciales-y-de-los-empleados-publicos\/#primaryimage"},"image":{"@id":"https:\/\/cvinoticias.com\/v3\/oscar-herrera-ahuad-anuncio-la-fecha-de-pago-de-haberes-de-los-jubilados-pensionados-retirados-provinciales-y-de-los-empleados-publicos\/#primaryimage"},"thumbnailUrl":"https:\/\/cvinoticias.com\/wp-content\/uploads\/2023\/05\/Screenshot_20230530_083928_Chrome.jpg","datePublished":"2023-05-30T11:41:32+00:00","breadcrumb":{"@id":"https:\/\/cvinoticias.com\/v3\/oscar-herrera-ahuad-anuncio-la-fecha-de-pago-de-haberes-de-los-jubilados-pensionados-retirados-provinciales-y-de-los-empleados-publicos\/#breadcrumb"},"inLanguage":"es","potentialAction":[{"@type":"ReadAction","target":["https:\/\/cvinoticias.com\/v3\/oscar-herrera-ahuad-anuncio-la-fecha-de-pago-de-haberes-de-los-jubilados-pensionados-retirados-provinciales-y-de-los-empleados-publicos\/"]}]},{"@type":"ImageObject","inLanguage":"es","@id":"https:\/\/cvinoticias.com\/v3\/oscar-herrera-ahuad-anuncio-la-fecha-de-pago-de-haberes-de-los-jubilados-pensionados-retirados-provinciales-y-de-los-empleados-publicos\/#primaryimage","url":"https:\/\/cvinoticias.com\/wp-content\/uploads\/2023\/05\/Screenshot_20230530_083928_Chrome.jpg","contentUrl":"https:\/\/cvinoticias.com\/wp-content\/uploads\/2023\/05\/Screenshot_20230530_083928_Chrome.jpg","width":981,"height":1676},{"@type":"BreadcrumbList","@id":"https:\/\/cvinoticias.com\/v3\/oscar-herrera-ahuad-anuncio-la-fecha-de-pago-de-haberes-de-los-jubilados-pensionados-retirados-provinciales-y-de-los-empleados-publicos\/#breadcrumb","itemListElement":[{"@type":"ListItem","position":1,"name":"Portada","item":"https:\/\/cvinoticias.com\/v3\/"},{"@type":"ListItem","position":2,"name":"Oscar Herrera Ahuad anunci\u00f3 la fecha de pago de haberes de los jubilados pensionados, retirados provinciales y de los empleados p\u00fablicos"}]},{"@type":"WebSite","@id":"https:\/\/cvinoticias.com\/v3\/#website","url":"https:\/\/cvinoticias.com\/v3\/","name":"CVI NOTICIAS","description":"","publisher":{"@id":"https:\/\/cvinoticias.com\/v3\/#organization"},"alternateName":"CVI","potentialAction":[{"@type":"SearchAction","target":{"@type":"EntryPoint","urlTemplate":"https:\/\/cvinoticias.com\/v3\/?s={search_term_string}"},"query-input":{"@type":"PropertyValueSpecification","valueRequired":true,"valueName":"search_term_string"}}],"inLanguage":"es"},{"@type":"Organization","@id":"https:\/\/cvinoticias.com\/v3\/#organization","name":"CVI NOTICIAS","url":"https:\/\/cvinoticias.com\/v3\/","logo":{"@type":"ImageObject","inLanguage":"es","@id":"https:\/\/cvinoticias.com\/v3\/#\/schema\/logo\/image\/","url":"https:\/\/cvinoticias.com\/wp-content\/uploads\/2023\/04\/cropped-cropped-cropped-cropped-cropped-3-1.png","contentUrl":"https:\/\/cvinoticias.com\/wp-content\/uploads\/2023\/04\/cropped-cropped-cropped-cropped-cropped-3-1.png","width":95,"height":122,"caption":"CVI NOTICIAS"},"image":{"@id":"https:\/\/cvinoticias.com\/v3\/#\/schema\/logo\/image\/"},"sameAs":["https:\/\/www.facebook.com\/cvinoticias","https:\/\/www.instagram.com\/cvinoticias\/","https:\/\/www.youtube.com\/@CVINOTICIAS"]},{"@type":"Person","@id":"https:\/\/cvinoticias.com\/v3\/#\/schema\/person\/2db77e3c6bc03c538495d7b2b8be9b66","name":"f1000024","image":{"@type":"ImageObject","inLanguage":"es","@id":"https:\/\/secure.gravatar.com\/avatar\/d4fe7459cfc51ff5129ce1a732bbef5928568b8092d412ef95611616376bbeed?s=96&d=mm&r=g","url":"https:\/\/secure.gravatar.com\/avatar\/d4fe7459cfc51ff5129ce1a732bbef5928568b8092d412ef95611616376bbeed?s=96&d=mm&r=g","contentUrl":"https:\/\/secure.gravatar.com\/avatar\/d4fe7459cfc51ff5129ce1a732bbef5928568b8092d412ef95611616376bbeed?s=96&d=mm&r=g","caption":"f1000024"},"url":"https:\/\/cvinoticias.com\/v3\/author\/f1000024\/"}]}},"_links":{"self":[{"href":"https:\/\/cvinoticias.com\/v3\/wp-json\/wp\/v2\/posts\/25112","targetHints":{"allow":["GET"]}}],"collection":[{"href":"https:\/\/cvinoticias.com\/v3\/wp-json\/wp\/v2\/posts"}],"about":[{"href":"https:\/\/cvinoticias.com\/v3\/wp-json\/wp\/v2\/types\/post"}],"author":[{"embeddable":true,"href":"https:\/\/cvinoticias.com\/v3\/wp-json\/wp\/v2\/users\/2"}],"replies":[{"embeddable":true,"href":"https:\/\/cvinoticias.com\/v3\/wp-json\/wp\/v2\/comments?post=25112"}],"version-history":[{"count":1,"href":"https:\/\/cvinoticias.com\/v3\/wp-json\/wp\/v2\/posts\/25112\/revisions"}],"predecessor-version":[{"id":25114,"href":"https:\/\/cvinoticias.com\/v3\/wp-json\/wp\/v2\/posts\/25112\/revisions\/25114"}],"wp:featuredmedia":[{"embeddable":true,"href":"https:\/\/cvinoticias.com\/v3\/wp-json\/wp\/v2\/media\/25113"}],"wp:attachment":[{"href":"https:\/\/cvinoticias.com\/v3\/wp-json\/wp\/v2\/media?parent=25112"}],"wp:term":[{"taxonomy":"category","embeddable":true,"href":"https:\/\/cvinoticias.com\/v3\/wp-json\/wp\/v2\/categories?post=25112"},{"taxonomy":"post_tag","embeddable":true,"href":"https:\/\/cvinoticias.com\/v3\/wp-json\/wp\/v2\/tags?post=25112"}],"curies":[{"name":"wp","href":"https:\/\/api.w.org\/{rel}","templated":true}]}}