{"id":25090,"date":"2023-05-29T12:27:32","date_gmt":"2023-05-29T12:27:32","guid":{"rendered":"https:\/\/cvinoticias.com\/v3\/?p=25090"},"modified":"2023-05-29T12:27:32","modified_gmt":"2023-05-29T12:27:32","slug":"hoy-se-celebra-213-aniversario-de-la-creacion-del-ejercito-argentino","status":"publish","type":"post","link":"https:\/\/cvinoticias.com\/v3\/hoy-se-celebra-213-aniversario-de-la-creacion-del-ejercito-argentino\/","title":{"rendered":"Hoy se celebra 213 aniversario de la creaci\u00f3n del Ej\u00e9rcito Argentino"},"content":{"rendered":"\n<p><strong><em>El 29 de mayo de 1810, la Primera Junta de Gobierno dio nacimiento formal al Ej\u00e9rcito Argentino al reconocer el trabajo de las tropas militares durante el proceso revolucionario, elev\u00f3 a Regimientos a los batallones existentes y reorganiz\u00f3 las unidades dispuestas en todo el territorio.<\/em><\/strong><\/p>\n\n\n\n<p>En dicha proclama, la Primera Junta exalt\u00f3 la actuaci\u00f3n que las tropas militares hab\u00edan tenido en esa semana de mayo tan trascendental para la historia argentina. Fueron pasos fundamentales para la futura independencia y la formaci\u00f3n del Ej\u00e9rcito.<\/p>\n\n\n\n<p>28 de mayo de 1810, se hab\u00eda gestado el Departamento de Gobierno y Guerra, cuyo secretario fue Mariano Moreno. De inmediato, se expidi\u00f3 un Bando de la Junta que orden\u00f3 la entrega de armas de cualquier tipo en poder de los particulares, con el prop\u00f3sito de asegurar el armamento de una fuerza org\u00e1nica.<\/p>\n\n\n\n<p>Con estas medidas, que institucionalizaron las fuerzas existentes, se dieron los primeros pasos hacia la formaci\u00f3n del Ej\u00e9rcito Patriota que luego comenzar\u00eda el camino hacia la Independencia, declarada seis a\u00f1os despu\u00e9s.<\/p>\n\n\n\n<p>En la actualidad, la rama terrestre de las Fuerzas Armadas se ocupa de contribuir a la defensa nacional para proteger nuestra independencia y soberan\u00eda. Adem\u00e1s, quienes lo integran est\u00e1n a cargo de la protecci\u00f3n de los recursos naturales, el medio ambiente y la integridad territorial, as\u00ed como de contribuir con el desarrollo cient\u00edfico, tecnol\u00f3gico, econ\u00f3mico y social, cooperar para el logro del bienestar general de las comunidades, participar en misiones de paz y asistencia humanitaria, y prestar apoyo en la lucha contra el narcoterrorismo. En el contexto de emergencia por el COVID-19, el Ej\u00e9rcito particip\u00f3 de la activaci\u00f3n de 14 comandos conjuntos de zonas de emergencia y 10 Fuerzas de Tarea en todo el pa\u00eds, desarrollando acciones de protecci\u00f3n civil en ayuda humanitaria.<\/p>\n\n\n\n<p>En este d\u00eda, y bajo estas circunstancias, recordamos las palabras del Gral. Manuel Belgrano, que siempre servir\u00e1n de gu\u00eda a nuestro ej\u00e9rcito: \u201cTrabaj\u00e9 siempre para mi patria poniendo voluntad, no incertidumbre; m\u00e9todo, no desorden; disciplina, no caos; constancia, no improvisaci\u00f3n; firmeza, no blandura; magnanimidad, no condescendencia\u00bb.<\/p>\n","protected":false},"excerpt":{"rendered":"<p>El 29 de mayo de 1810, la Primera Junta de Gobierno dio nacimiento formal al Ej\u00e9rcito Argentino al reconocer el trabajo de las tropas militares durante el proceso revolucionario, elev\u00f3 a Regimientos a los batallones existentes y reorganiz\u00f3 las unidades dispuestas en todo el territorio. En dicha proclama, la Primera Junta exalt\u00f3 la actuaci\u00f3n que [&hellip;]<\/p>\n","protected":false},"author":2,"featured_media":25091,"comment_status":"open","ping_status":"open","sticky":false,"template":"","format":"standard","meta":{"footnotes":""},"categories":[35],"tags":[],"class_list":["post-25090","post","type-post","status-publish","format-standard","has-post-thumbnail","hentry","category-informacion-general"],"yoast_head":"<!-- This site is optimized with the Yoast SEO plugin v27.5 - https:\/\/yoast.com\/product\/yoast-seo-wordpress\/ -->\n<title>Hoy se celebra 213 aniversario de la creaci\u00f3n del Ej\u00e9rcito Argentino | CVI NOTICIAS<\/title>\n<meta name=\"robots\" content=\"index, follow, max-snippet:-1, max-image-preview:large, max-video-preview:-1\" \/>\n<link rel=\"canonical\" href=\"https:\/\/cvinoticias.com\/v3\/hoy-se-celebra-213-aniversario-de-la-creacion-del-ejercito-argentino\/\" \/>\n<meta property=\"og:locale\" content=\"es_ES\" \/>\n<meta property=\"og:type\" content=\"article\" \/>\n<meta property=\"og:title\" content=\"Hoy se celebra 213 aniversario de la creaci\u00f3n del Ej\u00e9rcito Argentino | CVI NOTICIAS\" \/>\n<meta property=\"og:description\" content=\"El 29 de mayo de 1810, la Primera Junta de Gobierno dio nacimiento formal al Ej\u00e9rcito Argentino al reconocer el trabajo de las tropas militares durante el proceso revolucionario, elev\u00f3 a Regimientos a los batallones existentes y reorganiz\u00f3 las unidades dispuestas en todo el territorio. En dicha proclama, la Primera Junta exalt\u00f3 la actuaci\u00f3n que [&hellip;]\" \/>\n<meta property=\"og:url\" content=\"https:\/\/cvinoticias.com\/v3\/hoy-se-celebra-213-aniversario-de-la-creacion-del-ejercito-argentino\/\" \/>\n<meta property=\"og:site_name\" content=\"CVI NOTICIAS\" \/>\n<meta property=\"article:publisher\" content=\"https:\/\/www.facebook.com\/cvinoticias\" \/>\n<meta property=\"article:published_time\" content=\"2023-05-29T12:27:32+00:00\" \/>\n<meta property=\"og:image\" content=\"https:\/\/cvinoticias.com\/wp-content\/uploads\/2023\/05\/123456789.jpg\" \/>\n\t<meta property=\"og:image:width\" content=\"934\" \/>\n\t<meta property=\"og:image:height\" content=\"940\" \/>\n\t<meta property=\"og:image:type\" content=\"image\/jpeg\" \/>\n<meta name=\"author\" content=\"f1000024\" \/>\n<meta name=\"twitter:card\" content=\"summary_large_image\" \/>\n<meta name=\"twitter:label1\" content=\"Escrito por\" \/>\n\t<meta name=\"twitter:data1\" content=\"f1000024\" \/>\n\t<meta name=\"twitter:label2\" content=\"Tiempo de lectura\" \/>\n\t<meta name=\"twitter:data2\" content=\"2 minutos\" \/>\n<script type=\"application\/ld+json\" class=\"yoast-schema-graph\">{\"@context\":\"https:\\\/\\\/schema.org\",\"@graph\":[{\"@type\":\"Article\",\"@id\":\"https:\\\/\\\/cvinoticias.com\\\/v3\\\/hoy-se-celebra-213-aniversario-de-la-creacion-del-ejercito-argentino\\\/#article\",\"isPartOf\":{\"@id\":\"https:\\\/\\\/cvinoticias.com\\\/v3\\\/hoy-se-celebra-213-aniversario-de-la-creacion-del-ejercito-argentino\\\/\"},\"author\":{\"name\":\"f1000024\",\"@id\":\"https:\\\/\\\/cvinoticias.com\\\/v3\\\/#\\\/schema\\\/person\\\/2db77e3c6bc03c538495d7b2b8be9b66\"},\"headline\":\"Hoy se celebra 213 aniversario de la creaci\u00f3n del Ej\u00e9rcito Argentino\",\"datePublished\":\"2023-05-29T12:27:32+00:00\",\"mainEntityOfPage\":{\"@id\":\"https:\\\/\\\/cvinoticias.com\\\/v3\\\/hoy-se-celebra-213-aniversario-de-la-creacion-del-ejercito-argentino\\\/\"},\"wordCount\":372,\"commentCount\":0,\"publisher\":{\"@id\":\"https:\\\/\\\/cvinoticias.com\\\/v3\\\/#organization\"},\"image\":{\"@id\":\"https:\\\/\\\/cvinoticias.com\\\/v3\\\/hoy-se-celebra-213-aniversario-de-la-creacion-del-ejercito-argentino\\\/#primaryimage\"},\"thumbnailUrl\":\"https:\\\/\\\/cvinoticias.com\\\/wp-content\\\/uploads\\\/2023\\\/05\\\/123456789.jpg\",\"articleSection\":[\"Informaci\u00f3n General\"],\"inLanguage\":\"es\",\"potentialAction\":[{\"@type\":\"CommentAction\",\"name\":\"Comment\",\"target\":[\"https:\\\/\\\/cvinoticias.com\\\/v3\\\/hoy-se-celebra-213-aniversario-de-la-creacion-del-ejercito-argentino\\\/#respond\"]}]},{\"@type\":\"WebPage\",\"@id\":\"https:\\\/\\\/cvinoticias.com\\\/v3\\\/hoy-se-celebra-213-aniversario-de-la-creacion-del-ejercito-argentino\\\/\",\"url\":\"https:\\\/\\\/cvinoticias.com\\\/v3\\\/hoy-se-celebra-213-aniversario-de-la-creacion-del-ejercito-argentino\\\/\",\"name\":\"Hoy se celebra 213 aniversario de la creaci\u00f3n del Ej\u00e9rcito Argentino | CVI NOTICIAS\",\"isPartOf\":{\"@id\":\"https:\\\/\\\/cvinoticias.com\\\/v3\\\/#website\"},\"primaryImageOfPage\":{\"@id\":\"https:\\\/\\\/cvinoticias.com\\\/v3\\\/hoy-se-celebra-213-aniversario-de-la-creacion-del-ejercito-argentino\\\/#primaryimage\"},\"image\":{\"@id\":\"https:\\\/\\\/cvinoticias.com\\\/v3\\\/hoy-se-celebra-213-aniversario-de-la-creacion-del-ejercito-argentino\\\/#primaryimage\"},\"thumbnailUrl\":\"https:\\\/\\\/cvinoticias.com\\\/wp-content\\\/uploads\\\/2023\\\/05\\\/123456789.jpg\",\"datePublished\":\"2023-05-29T12:27:32+00:00\",\"breadcrumb\":{\"@id\":\"https:\\\/\\\/cvinoticias.com\\\/v3\\\/hoy-se-celebra-213-aniversario-de-la-creacion-del-ejercito-argentino\\\/#breadcrumb\"},\"inLanguage\":\"es\",\"potentialAction\":[{\"@type\":\"ReadAction\",\"target\":[\"https:\\\/\\\/cvinoticias.com\\\/v3\\\/hoy-se-celebra-213-aniversario-de-la-creacion-del-ejercito-argentino\\\/\"]}]},{\"@type\":\"ImageObject\",\"inLanguage\":\"es\",\"@id\":\"https:\\\/\\\/cvinoticias.com\\\/v3\\\/hoy-se-celebra-213-aniversario-de-la-creacion-del-ejercito-argentino\\\/#primaryimage\",\"url\":\"https:\\\/\\\/cvinoticias.com\\\/wp-content\\\/uploads\\\/2023\\\/05\\\/123456789.jpg\",\"contentUrl\":\"https:\\\/\\\/cvinoticias.com\\\/wp-content\\\/uploads\\\/2023\\\/05\\\/123456789.jpg\",\"width\":934,\"height\":940},{\"@type\":\"BreadcrumbList\",\"@id\":\"https:\\\/\\\/cvinoticias.com\\\/v3\\\/hoy-se-celebra-213-aniversario-de-la-creacion-del-ejercito-argentino\\\/#breadcrumb\",\"itemListElement\":[{\"@type\":\"ListItem\",\"position\":1,\"name\":\"Portada\",\"item\":\"https:\\\/\\\/cvinoticias.com\\\/v3\\\/\"},{\"@type\":\"ListItem\",\"position\":2,\"name\":\"Hoy se celebra 213 aniversario de la creaci\u00f3n del Ej\u00e9rcito Argentino\"}]},{\"@type\":\"WebSite\",\"@id\":\"https:\\\/\\\/cvinoticias.com\\\/v3\\\/#website\",\"url\":\"https:\\\/\\\/cvinoticias.com\\\/v3\\\/\",\"name\":\"CVI NOTICIAS\",\"description\":\"\",\"publisher\":{\"@id\":\"https:\\\/\\\/cvinoticias.com\\\/v3\\\/#organization\"},\"alternateName\":\"CVI\",\"potentialAction\":[{\"@type\":\"SearchAction\",\"target\":{\"@type\":\"EntryPoint\",\"urlTemplate\":\"https:\\\/\\\/cvinoticias.com\\\/v3\\\/?s={search_term_string}\"},\"query-input\":{\"@type\":\"PropertyValueSpecification\",\"valueRequired\":true,\"valueName\":\"search_term_string\"}}],\"inLanguage\":\"es\"},{\"@type\":\"Organization\",\"@id\":\"https:\\\/\\\/cvinoticias.com\\\/v3\\\/#organization\",\"name\":\"CVI NOTICIAS\",\"url\":\"https:\\\/\\\/cvinoticias.com\\\/v3\\\/\",\"logo\":{\"@type\":\"ImageObject\",\"inLanguage\":\"es\",\"@id\":\"https:\\\/\\\/cvinoticias.com\\\/v3\\\/#\\\/schema\\\/logo\\\/image\\\/\",\"url\":\"https:\\\/\\\/cvinoticias.com\\\/wp-content\\\/uploads\\\/2023\\\/04\\\/cropped-cropped-cropped-cropped-cropped-3-1.png\",\"contentUrl\":\"https:\\\/\\\/cvinoticias.com\\\/wp-content\\\/uploads\\\/2023\\\/04\\\/cropped-cropped-cropped-cropped-cropped-3-1.png\",\"width\":95,\"height\":122,\"caption\":\"CVI NOTICIAS\"},\"image\":{\"@id\":\"https:\\\/\\\/cvinoticias.com\\\/v3\\\/#\\\/schema\\\/logo\\\/image\\\/\"},\"sameAs\":[\"https:\\\/\\\/www.facebook.com\\\/cvinoticias\",\"https:\\\/\\\/www.instagram.com\\\/cvinoticias\\\/\",\"https:\\\/\\\/www.youtube.com\\\/@CVINOTICIAS\"]},{\"@type\":\"Person\",\"@id\":\"https:\\\/\\\/cvinoticias.com\\\/v3\\\/#\\\/schema\\\/person\\\/2db77e3c6bc03c538495d7b2b8be9b66\",\"name\":\"f1000024\",\"image\":{\"@type\":\"ImageObject\",\"inLanguage\":\"es\",\"@id\":\"https:\\\/\\\/secure.gravatar.com\\\/avatar\\\/d4fe7459cfc51ff5129ce1a732bbef5928568b8092d412ef95611616376bbeed?s=96&d=mm&r=g\",\"url\":\"https:\\\/\\\/secure.gravatar.com\\\/avatar\\\/d4fe7459cfc51ff5129ce1a732bbef5928568b8092d412ef95611616376bbeed?s=96&d=mm&r=g\",\"contentUrl\":\"https:\\\/\\\/secure.gravatar.com\\\/avatar\\\/d4fe7459cfc51ff5129ce1a732bbef5928568b8092d412ef95611616376bbeed?s=96&d=mm&r=g\",\"caption\":\"f1000024\"},\"url\":\"https:\\\/\\\/cvinoticias.com\\\/v3\\\/author\\\/f1000024\\\/\"}]}<\/script>\n<!-- \/ Yoast SEO plugin. -->","yoast_head_json":{"title":"Hoy se celebra 213 aniversario de la creaci\u00f3n del Ej\u00e9rcito Argentino | CVI NOTICIAS","robots":{"index":"index","follow":"follow","max-snippet":"max-snippet:-1","max-image-preview":"max-image-preview:large","max-video-preview":"max-video-preview:-1"},"canonical":"https:\/\/cvinoticias.com\/v3\/hoy-se-celebra-213-aniversario-de-la-creacion-del-ejercito-argentino\/","og_locale":"es_ES","og_type":"article","og_title":"Hoy se celebra 213 aniversario de la creaci\u00f3n del Ej\u00e9rcito Argentino | CVI NOTICIAS","og_description":"El 29 de mayo de 1810, la Primera Junta de Gobierno dio nacimiento formal al Ej\u00e9rcito Argentino al reconocer el trabajo de las tropas militares durante el proceso revolucionario, elev\u00f3 a Regimientos a los batallones existentes y reorganiz\u00f3 las unidades dispuestas en todo el territorio. En dicha proclama, la Primera Junta exalt\u00f3 la actuaci\u00f3n que [&hellip;]","og_url":"https:\/\/cvinoticias.com\/v3\/hoy-se-celebra-213-aniversario-de-la-creacion-del-ejercito-argentino\/","og_site_name":"CVI NOTICIAS","article_publisher":"https:\/\/www.facebook.com\/cvinoticias","article_published_time":"2023-05-29T12:27:32+00:00","og_image":[{"width":934,"height":940,"url":"https:\/\/cvinoticias.com\/wp-content\/uploads\/2023\/05\/123456789.jpg","type":"image\/jpeg"}],"author":"f1000024","twitter_card":"summary_large_image","twitter_misc":{"Escrito por":"f1000024","Tiempo de lectura":"2 minutos"},"schema":{"@context":"https:\/\/schema.org","@graph":[{"@type":"Article","@id":"https:\/\/cvinoticias.com\/v3\/hoy-se-celebra-213-aniversario-de-la-creacion-del-ejercito-argentino\/#article","isPartOf":{"@id":"https:\/\/cvinoticias.com\/v3\/hoy-se-celebra-213-aniversario-de-la-creacion-del-ejercito-argentino\/"},"author":{"name":"f1000024","@id":"https:\/\/cvinoticias.com\/v3\/#\/schema\/person\/2db77e3c6bc03c538495d7b2b8be9b66"},"headline":"Hoy se celebra 213 aniversario de la creaci\u00f3n del Ej\u00e9rcito Argentino","datePublished":"2023-05-29T12:27:32+00:00","mainEntityOfPage":{"@id":"https:\/\/cvinoticias.com\/v3\/hoy-se-celebra-213-aniversario-de-la-creacion-del-ejercito-argentino\/"},"wordCount":372,"commentCount":0,"publisher":{"@id":"https:\/\/cvinoticias.com\/v3\/#organization"},"image":{"@id":"https:\/\/cvinoticias.com\/v3\/hoy-se-celebra-213-aniversario-de-la-creacion-del-ejercito-argentino\/#primaryimage"},"thumbnailUrl":"https:\/\/cvinoticias.com\/wp-content\/uploads\/2023\/05\/123456789.jpg","articleSection":["Informaci\u00f3n General"],"inLanguage":"es","potentialAction":[{"@type":"CommentAction","name":"Comment","target":["https:\/\/cvinoticias.com\/v3\/hoy-se-celebra-213-aniversario-de-la-creacion-del-ejercito-argentino\/#respond"]}]},{"@type":"WebPage","@id":"https:\/\/cvinoticias.com\/v3\/hoy-se-celebra-213-aniversario-de-la-creacion-del-ejercito-argentino\/","url":"https:\/\/cvinoticias.com\/v3\/hoy-se-celebra-213-aniversario-de-la-creacion-del-ejercito-argentino\/","name":"Hoy se celebra 213 aniversario de la creaci\u00f3n del Ej\u00e9rcito Argentino | CVI NOTICIAS","isPartOf":{"@id":"https:\/\/cvinoticias.com\/v3\/#website"},"primaryImageOfPage":{"@id":"https:\/\/cvinoticias.com\/v3\/hoy-se-celebra-213-aniversario-de-la-creacion-del-ejercito-argentino\/#primaryimage"},"image":{"@id":"https:\/\/cvinoticias.com\/v3\/hoy-se-celebra-213-aniversario-de-la-creacion-del-ejercito-argentino\/#primaryimage"},"thumbnailUrl":"https:\/\/cvinoticias.com\/wp-content\/uploads\/2023\/05\/123456789.jpg","datePublished":"2023-05-29T12:27:32+00:00","breadcrumb":{"@id":"https:\/\/cvinoticias.com\/v3\/hoy-se-celebra-213-aniversario-de-la-creacion-del-ejercito-argentino\/#breadcrumb"},"inLanguage":"es","potentialAction":[{"@type":"ReadAction","target":["https:\/\/cvinoticias.com\/v3\/hoy-se-celebra-213-aniversario-de-la-creacion-del-ejercito-argentino\/"]}]},{"@type":"ImageObject","inLanguage":"es","@id":"https:\/\/cvinoticias.com\/v3\/hoy-se-celebra-213-aniversario-de-la-creacion-del-ejercito-argentino\/#primaryimage","url":"https:\/\/cvinoticias.com\/wp-content\/uploads\/2023\/05\/123456789.jpg","contentUrl":"https:\/\/cvinoticias.com\/wp-content\/uploads\/2023\/05\/123456789.jpg","width":934,"height":940},{"@type":"BreadcrumbList","@id":"https:\/\/cvinoticias.com\/v3\/hoy-se-celebra-213-aniversario-de-la-creacion-del-ejercito-argentino\/#breadcrumb","itemListElement":[{"@type":"ListItem","position":1,"name":"Portada","item":"https:\/\/cvinoticias.com\/v3\/"},{"@type":"ListItem","position":2,"name":"Hoy se celebra 213 aniversario de la creaci\u00f3n del Ej\u00e9rcito Argentino"}]},{"@type":"WebSite","@id":"https:\/\/cvinoticias.com\/v3\/#website","url":"https:\/\/cvinoticias.com\/v3\/","name":"CVI NOTICIAS","description":"","publisher":{"@id":"https:\/\/cvinoticias.com\/v3\/#organization"},"alternateName":"CVI","potentialAction":[{"@type":"SearchAction","target":{"@type":"EntryPoint","urlTemplate":"https:\/\/cvinoticias.com\/v3\/?s={search_term_string}"},"query-input":{"@type":"PropertyValueSpecification","valueRequired":true,"valueName":"search_term_string"}}],"inLanguage":"es"},{"@type":"Organization","@id":"https:\/\/cvinoticias.com\/v3\/#organization","name":"CVI NOTICIAS","url":"https:\/\/cvinoticias.com\/v3\/","logo":{"@type":"ImageObject","inLanguage":"es","@id":"https:\/\/cvinoticias.com\/v3\/#\/schema\/logo\/image\/","url":"https:\/\/cvinoticias.com\/wp-content\/uploads\/2023\/04\/cropped-cropped-cropped-cropped-cropped-3-1.png","contentUrl":"https:\/\/cvinoticias.com\/wp-content\/uploads\/2023\/04\/cropped-cropped-cropped-cropped-cropped-3-1.png","width":95,"height":122,"caption":"CVI NOTICIAS"},"image":{"@id":"https:\/\/cvinoticias.com\/v3\/#\/schema\/logo\/image\/"},"sameAs":["https:\/\/www.facebook.com\/cvinoticias","https:\/\/www.instagram.com\/cvinoticias\/","https:\/\/www.youtube.com\/@CVINOTICIAS"]},{"@type":"Person","@id":"https:\/\/cvinoticias.com\/v3\/#\/schema\/person\/2db77e3c6bc03c538495d7b2b8be9b66","name":"f1000024","image":{"@type":"ImageObject","inLanguage":"es","@id":"https:\/\/secure.gravatar.com\/avatar\/d4fe7459cfc51ff5129ce1a732bbef5928568b8092d412ef95611616376bbeed?s=96&d=mm&r=g","url":"https:\/\/secure.gravatar.com\/avatar\/d4fe7459cfc51ff5129ce1a732bbef5928568b8092d412ef95611616376bbeed?s=96&d=mm&r=g","contentUrl":"https:\/\/secure.gravatar.com\/avatar\/d4fe7459cfc51ff5129ce1a732bbef5928568b8092d412ef95611616376bbeed?s=96&d=mm&r=g","caption":"f1000024"},"url":"https:\/\/cvinoticias.com\/v3\/author\/f1000024\/"}]}},"_links":{"self":[{"href":"https:\/\/cvinoticias.com\/v3\/wp-json\/wp\/v2\/posts\/25090","targetHints":{"allow":["GET"]}}],"collection":[{"href":"https:\/\/cvinoticias.com\/v3\/wp-json\/wp\/v2\/posts"}],"about":[{"href":"https:\/\/cvinoticias.com\/v3\/wp-json\/wp\/v2\/types\/post"}],"author":[{"embeddable":true,"href":"https:\/\/cvinoticias.com\/v3\/wp-json\/wp\/v2\/users\/2"}],"replies":[{"embeddable":true,"href":"https:\/\/cvinoticias.com\/v3\/wp-json\/wp\/v2\/comments?post=25090"}],"version-history":[{"count":1,"href":"https:\/\/cvinoticias.com\/v3\/wp-json\/wp\/v2\/posts\/25090\/revisions"}],"predecessor-version":[{"id":25092,"href":"https:\/\/cvinoticias.com\/v3\/wp-json\/wp\/v2\/posts\/25090\/revisions\/25092"}],"wp:featuredmedia":[{"embeddable":true,"href":"https:\/\/cvinoticias.com\/v3\/wp-json\/wp\/v2\/media\/25091"}],"wp:attachment":[{"href":"https:\/\/cvinoticias.com\/v3\/wp-json\/wp\/v2\/media?parent=25090"}],"wp:term":[{"taxonomy":"category","embeddable":true,"href":"https:\/\/cvinoticias.com\/v3\/wp-json\/wp\/v2\/categories?post=25090"},{"taxonomy":"post_tag","embeddable":true,"href":"https:\/\/cvinoticias.com\/v3\/wp-json\/wp\/v2\/tags?post=25090"}],"curies":[{"name":"wp","href":"https:\/\/api.w.org\/{rel}","templated":true}]}}