{"id":25081,"date":"2023-05-28T14:04:32","date_gmt":"2023-05-28T14:04:32","guid":{"rendered":"https:\/\/cvinoticias.com\/v3\/?p=25081"},"modified":"2023-05-28T14:04:32","modified_gmt":"2023-05-28T14:04:32","slug":"ituzaingo-una-pareja-y-su-hija-de-12-anos-murieron-en-un-feroz-incendio","status":"publish","type":"post","link":"https:\/\/cvinoticias.com\/v3\/ituzaingo-una-pareja-y-su-hija-de-12-anos-murieron-en-un-feroz-incendio\/","title":{"rendered":"Ituzaing\u00f3: una pareja y su hija de 12 a\u00f1os murieron en un feroz incendio"},"content":{"rendered":"\n<p><strong><em>El fuego se inici\u00f3 en medio de la tormenta en una vivienda de Ituzaing\u00f3. Una adolescente de 15 a\u00f1os sobrevivi\u00f3 al desastre por una decisi\u00f3n que cambi\u00f3 su destino.<\/em><\/strong><\/p>\n\n\n\n<p>Una tragedia golpe\u00f3 a una familia de Ituzaing\u00f3. Durante la tormenta de este viernes, una vivienda se incendi\u00f3 y muri\u00f3 un matrimonio y su hija de 12 a\u00f1os.<\/p>\n\n\n\n<p>El dram\u00e1tico episodio ocurri\u00f3 en una casa ubicada en la localidad de Villa Udaondo y fue un vecino quien alert\u00f3 a los bomberos sobre el fuego en el domicilio.<\/p>\n\n\n\n<p>Cuando los brigadistas ingresaron se encontraron con tres personas en el interior. De acuerdo a lo informado por el medio local Primer Plano Online, se trataba de Mar\u00eda Jos\u00e9 M\u00f3naco, de 45 a\u00f1os, Edgardo Logario, de 46, y Rafaela, de 12 a\u00f1os, hija de la pareja.<\/p>\n\n\n\n<p>La nena y su padre fueron hallados sin vida cuando lograron controlar las llamas. La mujer, por su parte, fue encontrada con signos vitales aunque ten\u00eda quemaduras de gravedad.<\/p>\n\n\n\n<p>Por ello fue r\u00e1pidamente trasladada de urgencia al Hospital del Bicentenario de Ituzaing\u00f3 donde la asistieron pero falleci\u00f3 a las horas producto de las lesiones.<\/p>\n\n\n\n<p>Seg\u00fan relataron los vecinos de la zona, el matrimonio ten\u00eda otra hija, de 15 a\u00f1os, que se salv\u00f3 del incendio porque la noche anterior se hab\u00eda quedado a dormir en la casa de una amiga.<\/p>\n\n\n\n<p>Tambi\u00e9n indicaron que la vivienda sufri\u00f3 desperfectos el\u00e9ctricos en el \u00faltimo tiempo y que esto pudo haber sido el causante del incendio. Sin embargo, hasta el momento se desconocen los motivos.<\/p>\n\n\n\n<p>Las llamas comenzaron mientras diluviaba sobre el \u00c1rea Metropolitana de Buenos Aires (AMBA) y producto de las fuertes tormentas varias zonas del conurbano bonaerense amanecieron inundadas y con dificultades para ser transitadas. Adem\u00e1s de que hubo ca\u00edda de \u00e1rboles y postes de luz en la v\u00eda p\u00fablica.<\/p>\n","protected":false},"excerpt":{"rendered":"<p>El fuego se inici\u00f3 en medio de la tormenta en una vivienda de Ituzaing\u00f3. Una adolescente de 15 a\u00f1os sobrevivi\u00f3 al desastre por una decisi\u00f3n que cambi\u00f3 su destino. Una tragedia golpe\u00f3 a una familia de Ituzaing\u00f3. Durante la tormenta de este viernes, una vivienda se incendi\u00f3 y muri\u00f3 un matrimonio y su hija de [&hellip;]<\/p>\n","protected":false},"author":2,"featured_media":25082,"comment_status":"open","ping_status":"open","sticky":false,"template":"","format":"standard","meta":{"footnotes":""},"categories":[35],"tags":[],"class_list":["post-25081","post","type-post","status-publish","format-standard","has-post-thumbnail","hentry","category-informacion-general"],"yoast_head":"<!-- This site is optimized with the Yoast SEO plugin v27.5 - https:\/\/yoast.com\/product\/yoast-seo-wordpress\/ -->\n<title>Ituzaing\u00f3: una pareja y su hija de 12 a\u00f1os murieron en un feroz incendio | CVI NOTICIAS<\/title>\n<meta name=\"robots\" content=\"index, follow, max-snippet:-1, max-image-preview:large, max-video-preview:-1\" \/>\n<link rel=\"canonical\" href=\"https:\/\/cvinoticias.com\/v3\/ituzaingo-una-pareja-y-su-hija-de-12-anos-murieron-en-un-feroz-incendio\/\" \/>\n<meta property=\"og:locale\" content=\"es_ES\" \/>\n<meta property=\"og:type\" content=\"article\" \/>\n<meta property=\"og:title\" content=\"Ituzaing\u00f3: una pareja y su hija de 12 a\u00f1os murieron en un feroz incendio | CVI NOTICIAS\" \/>\n<meta property=\"og:description\" content=\"El fuego se inici\u00f3 en medio de la tormenta en una vivienda de Ituzaing\u00f3. Una adolescente de 15 a\u00f1os sobrevivi\u00f3 al desastre por una decisi\u00f3n que cambi\u00f3 su destino. Una tragedia golpe\u00f3 a una familia de Ituzaing\u00f3. Durante la tormenta de este viernes, una vivienda se incendi\u00f3 y muri\u00f3 un matrimonio y su hija de [&hellip;]\" \/>\n<meta property=\"og:url\" content=\"https:\/\/cvinoticias.com\/v3\/ituzaingo-una-pareja-y-su-hija-de-12-anos-murieron-en-un-feroz-incendio\/\" \/>\n<meta property=\"og:site_name\" content=\"CVI NOTICIAS\" \/>\n<meta property=\"article:publisher\" content=\"https:\/\/www.facebook.com\/cvinoticias\" \/>\n<meta property=\"article:published_time\" content=\"2023-05-28T14:04:32+00:00\" \/>\n<meta property=\"og:image\" content=\"https:\/\/cvinoticias.com\/wp-content\/uploads\/2023\/05\/f608x342-469526_499249_0.jpg\" \/>\n\t<meta property=\"og:image:width\" content=\"608\" \/>\n\t<meta property=\"og:image:height\" content=\"342\" \/>\n\t<meta property=\"og:image:type\" content=\"image\/jpeg\" \/>\n<meta name=\"author\" content=\"f1000024\" \/>\n<meta name=\"twitter:card\" content=\"summary_large_image\" \/>\n<meta name=\"twitter:label1\" content=\"Escrito por\" \/>\n\t<meta name=\"twitter:data1\" content=\"f1000024\" \/>\n\t<meta name=\"twitter:label2\" content=\"Tiempo de lectura\" \/>\n\t<meta name=\"twitter:data2\" content=\"2 minutos\" \/>\n<script type=\"application\/ld+json\" class=\"yoast-schema-graph\">{\"@context\":\"https:\\\/\\\/schema.org\",\"@graph\":[{\"@type\":\"Article\",\"@id\":\"https:\\\/\\\/cvinoticias.com\\\/v3\\\/ituzaingo-una-pareja-y-su-hija-de-12-anos-murieron-en-un-feroz-incendio\\\/#article\",\"isPartOf\":{\"@id\":\"https:\\\/\\\/cvinoticias.com\\\/v3\\\/ituzaingo-una-pareja-y-su-hija-de-12-anos-murieron-en-un-feroz-incendio\\\/\"},\"author\":{\"name\":\"f1000024\",\"@id\":\"https:\\\/\\\/cvinoticias.com\\\/v3\\\/#\\\/schema\\\/person\\\/2db77e3c6bc03c538495d7b2b8be9b66\"},\"headline\":\"Ituzaing\u00f3: una pareja y su hija de 12 a\u00f1os murieron en un feroz incendio\",\"datePublished\":\"2023-05-28T14:04:32+00:00\",\"mainEntityOfPage\":{\"@id\":\"https:\\\/\\\/cvinoticias.com\\\/v3\\\/ituzaingo-una-pareja-y-su-hija-de-12-anos-murieron-en-un-feroz-incendio\\\/\"},\"wordCount\":327,\"commentCount\":0,\"publisher\":{\"@id\":\"https:\\\/\\\/cvinoticias.com\\\/v3\\\/#organization\"},\"image\":{\"@id\":\"https:\\\/\\\/cvinoticias.com\\\/v3\\\/ituzaingo-una-pareja-y-su-hija-de-12-anos-murieron-en-un-feroz-incendio\\\/#primaryimage\"},\"thumbnailUrl\":\"https:\\\/\\\/cvinoticias.com\\\/wp-content\\\/uploads\\\/2023\\\/05\\\/f608x342-469526_499249_0.jpg\",\"articleSection\":[\"Informaci\u00f3n General\"],\"inLanguage\":\"es\",\"potentialAction\":[{\"@type\":\"CommentAction\",\"name\":\"Comment\",\"target\":[\"https:\\\/\\\/cvinoticias.com\\\/v3\\\/ituzaingo-una-pareja-y-su-hija-de-12-anos-murieron-en-un-feroz-incendio\\\/#respond\"]}]},{\"@type\":\"WebPage\",\"@id\":\"https:\\\/\\\/cvinoticias.com\\\/v3\\\/ituzaingo-una-pareja-y-su-hija-de-12-anos-murieron-en-un-feroz-incendio\\\/\",\"url\":\"https:\\\/\\\/cvinoticias.com\\\/v3\\\/ituzaingo-una-pareja-y-su-hija-de-12-anos-murieron-en-un-feroz-incendio\\\/\",\"name\":\"Ituzaing\u00f3: una pareja y su hija de 12 a\u00f1os murieron en un feroz incendio | CVI NOTICIAS\",\"isPartOf\":{\"@id\":\"https:\\\/\\\/cvinoticias.com\\\/v3\\\/#website\"},\"primaryImageOfPage\":{\"@id\":\"https:\\\/\\\/cvinoticias.com\\\/v3\\\/ituzaingo-una-pareja-y-su-hija-de-12-anos-murieron-en-un-feroz-incendio\\\/#primaryimage\"},\"image\":{\"@id\":\"https:\\\/\\\/cvinoticias.com\\\/v3\\\/ituzaingo-una-pareja-y-su-hija-de-12-anos-murieron-en-un-feroz-incendio\\\/#primaryimage\"},\"thumbnailUrl\":\"https:\\\/\\\/cvinoticias.com\\\/wp-content\\\/uploads\\\/2023\\\/05\\\/f608x342-469526_499249_0.jpg\",\"datePublished\":\"2023-05-28T14:04:32+00:00\",\"breadcrumb\":{\"@id\":\"https:\\\/\\\/cvinoticias.com\\\/v3\\\/ituzaingo-una-pareja-y-su-hija-de-12-anos-murieron-en-un-feroz-incendio\\\/#breadcrumb\"},\"inLanguage\":\"es\",\"potentialAction\":[{\"@type\":\"ReadAction\",\"target\":[\"https:\\\/\\\/cvinoticias.com\\\/v3\\\/ituzaingo-una-pareja-y-su-hija-de-12-anos-murieron-en-un-feroz-incendio\\\/\"]}]},{\"@type\":\"ImageObject\",\"inLanguage\":\"es\",\"@id\":\"https:\\\/\\\/cvinoticias.com\\\/v3\\\/ituzaingo-una-pareja-y-su-hija-de-12-anos-murieron-en-un-feroz-incendio\\\/#primaryimage\",\"url\":\"https:\\\/\\\/cvinoticias.com\\\/wp-content\\\/uploads\\\/2023\\\/05\\\/f608x342-469526_499249_0.jpg\",\"contentUrl\":\"https:\\\/\\\/cvinoticias.com\\\/wp-content\\\/uploads\\\/2023\\\/05\\\/f608x342-469526_499249_0.jpg\",\"width\":608,\"height\":342},{\"@type\":\"BreadcrumbList\",\"@id\":\"https:\\\/\\\/cvinoticias.com\\\/v3\\\/ituzaingo-una-pareja-y-su-hija-de-12-anos-murieron-en-un-feroz-incendio\\\/#breadcrumb\",\"itemListElement\":[{\"@type\":\"ListItem\",\"position\":1,\"name\":\"Portada\",\"item\":\"https:\\\/\\\/cvinoticias.com\\\/v3\\\/\"},{\"@type\":\"ListItem\",\"position\":2,\"name\":\"Ituzaing\u00f3: una pareja y su hija de 12 a\u00f1os murieron en un feroz incendio\"}]},{\"@type\":\"WebSite\",\"@id\":\"https:\\\/\\\/cvinoticias.com\\\/v3\\\/#website\",\"url\":\"https:\\\/\\\/cvinoticias.com\\\/v3\\\/\",\"name\":\"CVI NOTICIAS\",\"description\":\"\",\"publisher\":{\"@id\":\"https:\\\/\\\/cvinoticias.com\\\/v3\\\/#organization\"},\"alternateName\":\"CVI\",\"potentialAction\":[{\"@type\":\"SearchAction\",\"target\":{\"@type\":\"EntryPoint\",\"urlTemplate\":\"https:\\\/\\\/cvinoticias.com\\\/v3\\\/?s={search_term_string}\"},\"query-input\":{\"@type\":\"PropertyValueSpecification\",\"valueRequired\":true,\"valueName\":\"search_term_string\"}}],\"inLanguage\":\"es\"},{\"@type\":\"Organization\",\"@id\":\"https:\\\/\\\/cvinoticias.com\\\/v3\\\/#organization\",\"name\":\"CVI NOTICIAS\",\"url\":\"https:\\\/\\\/cvinoticias.com\\\/v3\\\/\",\"logo\":{\"@type\":\"ImageObject\",\"inLanguage\":\"es\",\"@id\":\"https:\\\/\\\/cvinoticias.com\\\/v3\\\/#\\\/schema\\\/logo\\\/image\\\/\",\"url\":\"https:\\\/\\\/cvinoticias.com\\\/wp-content\\\/uploads\\\/2023\\\/04\\\/cropped-cropped-cropped-cropped-cropped-3-1.png\",\"contentUrl\":\"https:\\\/\\\/cvinoticias.com\\\/wp-content\\\/uploads\\\/2023\\\/04\\\/cropped-cropped-cropped-cropped-cropped-3-1.png\",\"width\":95,\"height\":122,\"caption\":\"CVI NOTICIAS\"},\"image\":{\"@id\":\"https:\\\/\\\/cvinoticias.com\\\/v3\\\/#\\\/schema\\\/logo\\\/image\\\/\"},\"sameAs\":[\"https:\\\/\\\/www.facebook.com\\\/cvinoticias\",\"https:\\\/\\\/www.instagram.com\\\/cvinoticias\\\/\",\"https:\\\/\\\/www.youtube.com\\\/@CVINOTICIAS\"]},{\"@type\":\"Person\",\"@id\":\"https:\\\/\\\/cvinoticias.com\\\/v3\\\/#\\\/schema\\\/person\\\/2db77e3c6bc03c538495d7b2b8be9b66\",\"name\":\"f1000024\",\"image\":{\"@type\":\"ImageObject\",\"inLanguage\":\"es\",\"@id\":\"https:\\\/\\\/secure.gravatar.com\\\/avatar\\\/d4fe7459cfc51ff5129ce1a732bbef5928568b8092d412ef95611616376bbeed?s=96&d=mm&r=g\",\"url\":\"https:\\\/\\\/secure.gravatar.com\\\/avatar\\\/d4fe7459cfc51ff5129ce1a732bbef5928568b8092d412ef95611616376bbeed?s=96&d=mm&r=g\",\"contentUrl\":\"https:\\\/\\\/secure.gravatar.com\\\/avatar\\\/d4fe7459cfc51ff5129ce1a732bbef5928568b8092d412ef95611616376bbeed?s=96&d=mm&r=g\",\"caption\":\"f1000024\"},\"url\":\"https:\\\/\\\/cvinoticias.com\\\/v3\\\/author\\\/f1000024\\\/\"}]}<\/script>\n<!-- \/ Yoast SEO plugin. -->","yoast_head_json":{"title":"Ituzaing\u00f3: una pareja y su hija de 12 a\u00f1os murieron en un feroz incendio | CVI NOTICIAS","robots":{"index":"index","follow":"follow","max-snippet":"max-snippet:-1","max-image-preview":"max-image-preview:large","max-video-preview":"max-video-preview:-1"},"canonical":"https:\/\/cvinoticias.com\/v3\/ituzaingo-una-pareja-y-su-hija-de-12-anos-murieron-en-un-feroz-incendio\/","og_locale":"es_ES","og_type":"article","og_title":"Ituzaing\u00f3: una pareja y su hija de 12 a\u00f1os murieron en un feroz incendio | CVI NOTICIAS","og_description":"El fuego se inici\u00f3 en medio de la tormenta en una vivienda de Ituzaing\u00f3. Una adolescente de 15 a\u00f1os sobrevivi\u00f3 al desastre por una decisi\u00f3n que cambi\u00f3 su destino. Una tragedia golpe\u00f3 a una familia de Ituzaing\u00f3. Durante la tormenta de este viernes, una vivienda se incendi\u00f3 y muri\u00f3 un matrimonio y su hija de [&hellip;]","og_url":"https:\/\/cvinoticias.com\/v3\/ituzaingo-una-pareja-y-su-hija-de-12-anos-murieron-en-un-feroz-incendio\/","og_site_name":"CVI NOTICIAS","article_publisher":"https:\/\/www.facebook.com\/cvinoticias","article_published_time":"2023-05-28T14:04:32+00:00","og_image":[{"width":608,"height":342,"url":"https:\/\/cvinoticias.com\/wp-content\/uploads\/2023\/05\/f608x342-469526_499249_0.jpg","type":"image\/jpeg"}],"author":"f1000024","twitter_card":"summary_large_image","twitter_misc":{"Escrito por":"f1000024","Tiempo de lectura":"2 minutos"},"schema":{"@context":"https:\/\/schema.org","@graph":[{"@type":"Article","@id":"https:\/\/cvinoticias.com\/v3\/ituzaingo-una-pareja-y-su-hija-de-12-anos-murieron-en-un-feroz-incendio\/#article","isPartOf":{"@id":"https:\/\/cvinoticias.com\/v3\/ituzaingo-una-pareja-y-su-hija-de-12-anos-murieron-en-un-feroz-incendio\/"},"author":{"name":"f1000024","@id":"https:\/\/cvinoticias.com\/v3\/#\/schema\/person\/2db77e3c6bc03c538495d7b2b8be9b66"},"headline":"Ituzaing\u00f3: una pareja y su hija de 12 a\u00f1os murieron en un feroz incendio","datePublished":"2023-05-28T14:04:32+00:00","mainEntityOfPage":{"@id":"https:\/\/cvinoticias.com\/v3\/ituzaingo-una-pareja-y-su-hija-de-12-anos-murieron-en-un-feroz-incendio\/"},"wordCount":327,"commentCount":0,"publisher":{"@id":"https:\/\/cvinoticias.com\/v3\/#organization"},"image":{"@id":"https:\/\/cvinoticias.com\/v3\/ituzaingo-una-pareja-y-su-hija-de-12-anos-murieron-en-un-feroz-incendio\/#primaryimage"},"thumbnailUrl":"https:\/\/cvinoticias.com\/wp-content\/uploads\/2023\/05\/f608x342-469526_499249_0.jpg","articleSection":["Informaci\u00f3n General"],"inLanguage":"es","potentialAction":[{"@type":"CommentAction","name":"Comment","target":["https:\/\/cvinoticias.com\/v3\/ituzaingo-una-pareja-y-su-hija-de-12-anos-murieron-en-un-feroz-incendio\/#respond"]}]},{"@type":"WebPage","@id":"https:\/\/cvinoticias.com\/v3\/ituzaingo-una-pareja-y-su-hija-de-12-anos-murieron-en-un-feroz-incendio\/","url":"https:\/\/cvinoticias.com\/v3\/ituzaingo-una-pareja-y-su-hija-de-12-anos-murieron-en-un-feroz-incendio\/","name":"Ituzaing\u00f3: una pareja y su hija de 12 a\u00f1os murieron en un feroz incendio | CVI NOTICIAS","isPartOf":{"@id":"https:\/\/cvinoticias.com\/v3\/#website"},"primaryImageOfPage":{"@id":"https:\/\/cvinoticias.com\/v3\/ituzaingo-una-pareja-y-su-hija-de-12-anos-murieron-en-un-feroz-incendio\/#primaryimage"},"image":{"@id":"https:\/\/cvinoticias.com\/v3\/ituzaingo-una-pareja-y-su-hija-de-12-anos-murieron-en-un-feroz-incendio\/#primaryimage"},"thumbnailUrl":"https:\/\/cvinoticias.com\/wp-content\/uploads\/2023\/05\/f608x342-469526_499249_0.jpg","datePublished":"2023-05-28T14:04:32+00:00","breadcrumb":{"@id":"https:\/\/cvinoticias.com\/v3\/ituzaingo-una-pareja-y-su-hija-de-12-anos-murieron-en-un-feroz-incendio\/#breadcrumb"},"inLanguage":"es","potentialAction":[{"@type":"ReadAction","target":["https:\/\/cvinoticias.com\/v3\/ituzaingo-una-pareja-y-su-hija-de-12-anos-murieron-en-un-feroz-incendio\/"]}]},{"@type":"ImageObject","inLanguage":"es","@id":"https:\/\/cvinoticias.com\/v3\/ituzaingo-una-pareja-y-su-hija-de-12-anos-murieron-en-un-feroz-incendio\/#primaryimage","url":"https:\/\/cvinoticias.com\/wp-content\/uploads\/2023\/05\/f608x342-469526_499249_0.jpg","contentUrl":"https:\/\/cvinoticias.com\/wp-content\/uploads\/2023\/05\/f608x342-469526_499249_0.jpg","width":608,"height":342},{"@type":"BreadcrumbList","@id":"https:\/\/cvinoticias.com\/v3\/ituzaingo-una-pareja-y-su-hija-de-12-anos-murieron-en-un-feroz-incendio\/#breadcrumb","itemListElement":[{"@type":"ListItem","position":1,"name":"Portada","item":"https:\/\/cvinoticias.com\/v3\/"},{"@type":"ListItem","position":2,"name":"Ituzaing\u00f3: una pareja y su hija de 12 a\u00f1os murieron en un feroz incendio"}]},{"@type":"WebSite","@id":"https:\/\/cvinoticias.com\/v3\/#website","url":"https:\/\/cvinoticias.com\/v3\/","name":"CVI NOTICIAS","description":"","publisher":{"@id":"https:\/\/cvinoticias.com\/v3\/#organization"},"alternateName":"CVI","potentialAction":[{"@type":"SearchAction","target":{"@type":"EntryPoint","urlTemplate":"https:\/\/cvinoticias.com\/v3\/?s={search_term_string}"},"query-input":{"@type":"PropertyValueSpecification","valueRequired":true,"valueName":"search_term_string"}}],"inLanguage":"es"},{"@type":"Organization","@id":"https:\/\/cvinoticias.com\/v3\/#organization","name":"CVI NOTICIAS","url":"https:\/\/cvinoticias.com\/v3\/","logo":{"@type":"ImageObject","inLanguage":"es","@id":"https:\/\/cvinoticias.com\/v3\/#\/schema\/logo\/image\/","url":"https:\/\/cvinoticias.com\/wp-content\/uploads\/2023\/04\/cropped-cropped-cropped-cropped-cropped-3-1.png","contentUrl":"https:\/\/cvinoticias.com\/wp-content\/uploads\/2023\/04\/cropped-cropped-cropped-cropped-cropped-3-1.png","width":95,"height":122,"caption":"CVI NOTICIAS"},"image":{"@id":"https:\/\/cvinoticias.com\/v3\/#\/schema\/logo\/image\/"},"sameAs":["https:\/\/www.facebook.com\/cvinoticias","https:\/\/www.instagram.com\/cvinoticias\/","https:\/\/www.youtube.com\/@CVINOTICIAS"]},{"@type":"Person","@id":"https:\/\/cvinoticias.com\/v3\/#\/schema\/person\/2db77e3c6bc03c538495d7b2b8be9b66","name":"f1000024","image":{"@type":"ImageObject","inLanguage":"es","@id":"https:\/\/secure.gravatar.com\/avatar\/d4fe7459cfc51ff5129ce1a732bbef5928568b8092d412ef95611616376bbeed?s=96&d=mm&r=g","url":"https:\/\/secure.gravatar.com\/avatar\/d4fe7459cfc51ff5129ce1a732bbef5928568b8092d412ef95611616376bbeed?s=96&d=mm&r=g","contentUrl":"https:\/\/secure.gravatar.com\/avatar\/d4fe7459cfc51ff5129ce1a732bbef5928568b8092d412ef95611616376bbeed?s=96&d=mm&r=g","caption":"f1000024"},"url":"https:\/\/cvinoticias.com\/v3\/author\/f1000024\/"}]}},"_links":{"self":[{"href":"https:\/\/cvinoticias.com\/v3\/wp-json\/wp\/v2\/posts\/25081","targetHints":{"allow":["GET"]}}],"collection":[{"href":"https:\/\/cvinoticias.com\/v3\/wp-json\/wp\/v2\/posts"}],"about":[{"href":"https:\/\/cvinoticias.com\/v3\/wp-json\/wp\/v2\/types\/post"}],"author":[{"embeddable":true,"href":"https:\/\/cvinoticias.com\/v3\/wp-json\/wp\/v2\/users\/2"}],"replies":[{"embeddable":true,"href":"https:\/\/cvinoticias.com\/v3\/wp-json\/wp\/v2\/comments?post=25081"}],"version-history":[{"count":1,"href":"https:\/\/cvinoticias.com\/v3\/wp-json\/wp\/v2\/posts\/25081\/revisions"}],"predecessor-version":[{"id":25083,"href":"https:\/\/cvinoticias.com\/v3\/wp-json\/wp\/v2\/posts\/25081\/revisions\/25083"}],"wp:featuredmedia":[{"embeddable":true,"href":"https:\/\/cvinoticias.com\/v3\/wp-json\/wp\/v2\/media\/25082"}],"wp:attachment":[{"href":"https:\/\/cvinoticias.com\/v3\/wp-json\/wp\/v2\/media?parent=25081"}],"wp:term":[{"taxonomy":"category","embeddable":true,"href":"https:\/\/cvinoticias.com\/v3\/wp-json\/wp\/v2\/categories?post=25081"},{"taxonomy":"post_tag","embeddable":true,"href":"https:\/\/cvinoticias.com\/v3\/wp-json\/wp\/v2\/tags?post=25081"}],"curies":[{"name":"wp","href":"https:\/\/api.w.org\/{rel}","templated":true}]}}