{"id":25073,"date":"2023-05-28T13:24:57","date_gmt":"2023-05-28T13:24:57","guid":{"rendered":"https:\/\/cvinoticias.com\/v3\/?p=25073"},"modified":"2023-05-28T13:47:41","modified_gmt":"2023-05-28T13:47:41","slug":"maria-laura-cuna-es-la-nueva-reina-de-las-3-fronteras-de-turismo","status":"publish","type":"post","link":"https:\/\/cvinoticias.com\/v3\/maria-laura-cuna-es-la-nueva-reina-de-las-3-fronteras-de-turismo\/","title":{"rendered":"Mar\u00eda Laura Cu\u00f1a es la nueva Reina de las 3 Fronteras de Turismo"},"content":{"rendered":"\n<p><strong><em>Este s\u00e1bado en ciudad del Este, Paraguay, se realiz\u00f3 la elecci\u00f3n de Reina de las Tres Fronteras donde la representante argentina, una iguazuense fue coronada como la nueva soberana.<\/em><\/strong><\/p>\n\n\n\n<p>Mar\u00eda Laura Cu\u00f1a quien se considera as\u00ed misma como una persona responsable y carism\u00e1tica, es oriunda de Puerto Iguaz\u00fa, en el a\u00f1o 2021 fue elegida reina del Instituto San Lucas, tiene 18 a\u00f1os y actualmente se encuentra cursando la licenciatura en administraci\u00f3n de empresa en la ciudad de Posadas.<\/p>\n\n\n\n<p>As\u00ed tambi\u00e9n maneja las redes sociales para promocionar emprendimientos.<\/p>\n\n\n\n<p>Cabe destacar que este certamen de belleza de las Tres Fronteras se viene realizando hace ocho a\u00f1os y esta es la primera vez que una representante de Argentina, misionera e iguazuense llega a consagrarse como la nueva Reina del Turismo de las Tres Fronteras.<\/p>\n","protected":false},"excerpt":{"rendered":"<p>Este s\u00e1bado en ciudad del Este, Paraguay, se realiz\u00f3 la elecci\u00f3n de Reina de las Tres Fronteras donde la representante argentina, una iguazuense fue coronada como la nueva soberana. Mar\u00eda Laura Cu\u00f1a quien se considera as\u00ed misma como una persona responsable y carism\u00e1tica, es oriunda de Puerto Iguaz\u00fa, en el a\u00f1o 2021 fue elegida reina [&hellip;]<\/p>\n","protected":false},"author":2,"featured_media":25074,"comment_status":"open","ping_status":"open","sticky":false,"template":"","format":"standard","meta":{"footnotes":""},"categories":[47],"tags":[],"class_list":["post-25073","post","type-post","status-publish","format-standard","has-post-thumbnail","hentry","category-sociedad"],"yoast_head":"<!-- This site is optimized with the Yoast SEO plugin v27.5 - https:\/\/yoast.com\/product\/yoast-seo-wordpress\/ -->\n<title>Mar\u00eda Laura Cu\u00f1a es la nueva Reina de las 3 Fronteras de Turismo | CVI NOTICIAS<\/title>\n<meta name=\"robots\" content=\"index, follow, max-snippet:-1, max-image-preview:large, max-video-preview:-1\" \/>\n<link rel=\"canonical\" href=\"https:\/\/cvinoticias.com\/v3\/maria-laura-cuna-es-la-nueva-reina-de-las-3-fronteras-de-turismo\/\" \/>\n<meta property=\"og:locale\" content=\"es_ES\" \/>\n<meta property=\"og:type\" content=\"article\" \/>\n<meta property=\"og:title\" content=\"Mar\u00eda Laura Cu\u00f1a es la nueva Reina de las 3 Fronteras de Turismo | CVI NOTICIAS\" \/>\n<meta property=\"og:description\" content=\"Este s\u00e1bado en ciudad del Este, Paraguay, se realiz\u00f3 la elecci\u00f3n de Reina de las Tres Fronteras donde la representante argentina, una iguazuense fue coronada como la nueva soberana. Mar\u00eda Laura Cu\u00f1a quien se considera as\u00ed misma como una persona responsable y carism\u00e1tica, es oriunda de Puerto Iguaz\u00fa, en el a\u00f1o 2021 fue elegida reina [&hellip;]\" \/>\n<meta property=\"og:url\" content=\"https:\/\/cvinoticias.com\/v3\/maria-laura-cuna-es-la-nueva-reina-de-las-3-fronteras-de-turismo\/\" \/>\n<meta property=\"og:site_name\" content=\"CVI NOTICIAS\" \/>\n<meta property=\"article:publisher\" content=\"https:\/\/www.facebook.com\/cvinoticias\" \/>\n<meta property=\"article:published_time\" content=\"2023-05-28T13:24:57+00:00\" \/>\n<meta property=\"article:modified_time\" content=\"2023-05-28T13:47:41+00:00\" \/>\n<meta property=\"og:image\" content=\"https:\/\/cvinoticias.com\/wp-content\/uploads\/2023\/05\/IMG-20230528-WA0007.jpg\" \/>\n\t<meta property=\"og:image:width\" content=\"1080\" \/>\n\t<meta property=\"og:image:height\" content=\"1350\" \/>\n\t<meta property=\"og:image:type\" content=\"image\/jpeg\" \/>\n<meta name=\"author\" content=\"f1000024\" \/>\n<meta name=\"twitter:card\" content=\"summary_large_image\" \/>\n<meta name=\"twitter:label1\" content=\"Escrito por\" \/>\n\t<meta name=\"twitter:data1\" content=\"f1000024\" \/>\n\t<meta name=\"twitter:label2\" content=\"Tiempo de lectura\" \/>\n\t<meta name=\"twitter:data2\" content=\"1 minuto\" \/>\n<script type=\"application\/ld+json\" class=\"yoast-schema-graph\">{\"@context\":\"https:\\\/\\\/schema.org\",\"@graph\":[{\"@type\":\"Article\",\"@id\":\"https:\\\/\\\/cvinoticias.com\\\/v3\\\/maria-laura-cuna-es-la-nueva-reina-de-las-3-fronteras-de-turismo\\\/#article\",\"isPartOf\":{\"@id\":\"https:\\\/\\\/cvinoticias.com\\\/v3\\\/maria-laura-cuna-es-la-nueva-reina-de-las-3-fronteras-de-turismo\\\/\"},\"author\":{\"name\":\"f1000024\",\"@id\":\"https:\\\/\\\/cvinoticias.com\\\/v3\\\/#\\\/schema\\\/person\\\/2db77e3c6bc03c538495d7b2b8be9b66\"},\"headline\":\"Mar\u00eda Laura Cu\u00f1a es la nueva Reina de las 3 Fronteras de Turismo\",\"datePublished\":\"2023-05-28T13:24:57+00:00\",\"dateModified\":\"2023-05-28T13:47:41+00:00\",\"mainEntityOfPage\":{\"@id\":\"https:\\\/\\\/cvinoticias.com\\\/v3\\\/maria-laura-cuna-es-la-nueva-reina-de-las-3-fronteras-de-turismo\\\/\"},\"wordCount\":153,\"commentCount\":0,\"publisher\":{\"@id\":\"https:\\\/\\\/cvinoticias.com\\\/v3\\\/#organization\"},\"image\":{\"@id\":\"https:\\\/\\\/cvinoticias.com\\\/v3\\\/maria-laura-cuna-es-la-nueva-reina-de-las-3-fronteras-de-turismo\\\/#primaryimage\"},\"thumbnailUrl\":\"https:\\\/\\\/cvinoticias.com\\\/wp-content\\\/uploads\\\/2023\\\/05\\\/IMG-20230528-WA0007.jpg\",\"articleSection\":[\"Sociedad\"],\"inLanguage\":\"es\",\"potentialAction\":[{\"@type\":\"CommentAction\",\"name\":\"Comment\",\"target\":[\"https:\\\/\\\/cvinoticias.com\\\/v3\\\/maria-laura-cuna-es-la-nueva-reina-de-las-3-fronteras-de-turismo\\\/#respond\"]}]},{\"@type\":\"WebPage\",\"@id\":\"https:\\\/\\\/cvinoticias.com\\\/v3\\\/maria-laura-cuna-es-la-nueva-reina-de-las-3-fronteras-de-turismo\\\/\",\"url\":\"https:\\\/\\\/cvinoticias.com\\\/v3\\\/maria-laura-cuna-es-la-nueva-reina-de-las-3-fronteras-de-turismo\\\/\",\"name\":\"Mar\u00eda Laura Cu\u00f1a es la nueva Reina de las 3 Fronteras de Turismo | CVI NOTICIAS\",\"isPartOf\":{\"@id\":\"https:\\\/\\\/cvinoticias.com\\\/v3\\\/#website\"},\"primaryImageOfPage\":{\"@id\":\"https:\\\/\\\/cvinoticias.com\\\/v3\\\/maria-laura-cuna-es-la-nueva-reina-de-las-3-fronteras-de-turismo\\\/#primaryimage\"},\"image\":{\"@id\":\"https:\\\/\\\/cvinoticias.com\\\/v3\\\/maria-laura-cuna-es-la-nueva-reina-de-las-3-fronteras-de-turismo\\\/#primaryimage\"},\"thumbnailUrl\":\"https:\\\/\\\/cvinoticias.com\\\/wp-content\\\/uploads\\\/2023\\\/05\\\/IMG-20230528-WA0007.jpg\",\"datePublished\":\"2023-05-28T13:24:57+00:00\",\"dateModified\":\"2023-05-28T13:47:41+00:00\",\"breadcrumb\":{\"@id\":\"https:\\\/\\\/cvinoticias.com\\\/v3\\\/maria-laura-cuna-es-la-nueva-reina-de-las-3-fronteras-de-turismo\\\/#breadcrumb\"},\"inLanguage\":\"es\",\"potentialAction\":[{\"@type\":\"ReadAction\",\"target\":[\"https:\\\/\\\/cvinoticias.com\\\/v3\\\/maria-laura-cuna-es-la-nueva-reina-de-las-3-fronteras-de-turismo\\\/\"]}]},{\"@type\":\"ImageObject\",\"inLanguage\":\"es\",\"@id\":\"https:\\\/\\\/cvinoticias.com\\\/v3\\\/maria-laura-cuna-es-la-nueva-reina-de-las-3-fronteras-de-turismo\\\/#primaryimage\",\"url\":\"https:\\\/\\\/cvinoticias.com\\\/wp-content\\\/uploads\\\/2023\\\/05\\\/IMG-20230528-WA0007.jpg\",\"contentUrl\":\"https:\\\/\\\/cvinoticias.com\\\/wp-content\\\/uploads\\\/2023\\\/05\\\/IMG-20230528-WA0007.jpg\",\"width\":1080,\"height\":1350},{\"@type\":\"BreadcrumbList\",\"@id\":\"https:\\\/\\\/cvinoticias.com\\\/v3\\\/maria-laura-cuna-es-la-nueva-reina-de-las-3-fronteras-de-turismo\\\/#breadcrumb\",\"itemListElement\":[{\"@type\":\"ListItem\",\"position\":1,\"name\":\"Portada\",\"item\":\"https:\\\/\\\/cvinoticias.com\\\/v3\\\/\"},{\"@type\":\"ListItem\",\"position\":2,\"name\":\"Mar\u00eda Laura Cu\u00f1a es la nueva Reina de las 3 Fronteras de Turismo\"}]},{\"@type\":\"WebSite\",\"@id\":\"https:\\\/\\\/cvinoticias.com\\\/v3\\\/#website\",\"url\":\"https:\\\/\\\/cvinoticias.com\\\/v3\\\/\",\"name\":\"CVI NOTICIAS\",\"description\":\"\",\"publisher\":{\"@id\":\"https:\\\/\\\/cvinoticias.com\\\/v3\\\/#organization\"},\"alternateName\":\"CVI\",\"potentialAction\":[{\"@type\":\"SearchAction\",\"target\":{\"@type\":\"EntryPoint\",\"urlTemplate\":\"https:\\\/\\\/cvinoticias.com\\\/v3\\\/?s={search_term_string}\"},\"query-input\":{\"@type\":\"PropertyValueSpecification\",\"valueRequired\":true,\"valueName\":\"search_term_string\"}}],\"inLanguage\":\"es\"},{\"@type\":\"Organization\",\"@id\":\"https:\\\/\\\/cvinoticias.com\\\/v3\\\/#organization\",\"name\":\"CVI NOTICIAS\",\"url\":\"https:\\\/\\\/cvinoticias.com\\\/v3\\\/\",\"logo\":{\"@type\":\"ImageObject\",\"inLanguage\":\"es\",\"@id\":\"https:\\\/\\\/cvinoticias.com\\\/v3\\\/#\\\/schema\\\/logo\\\/image\\\/\",\"url\":\"https:\\\/\\\/cvinoticias.com\\\/wp-content\\\/uploads\\\/2023\\\/04\\\/cropped-cropped-cropped-cropped-cropped-3-1.png\",\"contentUrl\":\"https:\\\/\\\/cvinoticias.com\\\/wp-content\\\/uploads\\\/2023\\\/04\\\/cropped-cropped-cropped-cropped-cropped-3-1.png\",\"width\":95,\"height\":122,\"caption\":\"CVI NOTICIAS\"},\"image\":{\"@id\":\"https:\\\/\\\/cvinoticias.com\\\/v3\\\/#\\\/schema\\\/logo\\\/image\\\/\"},\"sameAs\":[\"https:\\\/\\\/www.facebook.com\\\/cvinoticias\",\"https:\\\/\\\/www.instagram.com\\\/cvinoticias\\\/\",\"https:\\\/\\\/www.youtube.com\\\/@CVINOTICIAS\"]},{\"@type\":\"Person\",\"@id\":\"https:\\\/\\\/cvinoticias.com\\\/v3\\\/#\\\/schema\\\/person\\\/2db77e3c6bc03c538495d7b2b8be9b66\",\"name\":\"f1000024\",\"image\":{\"@type\":\"ImageObject\",\"inLanguage\":\"es\",\"@id\":\"https:\\\/\\\/secure.gravatar.com\\\/avatar\\\/d4fe7459cfc51ff5129ce1a732bbef5928568b8092d412ef95611616376bbeed?s=96&d=mm&r=g\",\"url\":\"https:\\\/\\\/secure.gravatar.com\\\/avatar\\\/d4fe7459cfc51ff5129ce1a732bbef5928568b8092d412ef95611616376bbeed?s=96&d=mm&r=g\",\"contentUrl\":\"https:\\\/\\\/secure.gravatar.com\\\/avatar\\\/d4fe7459cfc51ff5129ce1a732bbef5928568b8092d412ef95611616376bbeed?s=96&d=mm&r=g\",\"caption\":\"f1000024\"},\"url\":\"https:\\\/\\\/cvinoticias.com\\\/v3\\\/author\\\/f1000024\\\/\"}]}<\/script>\n<!-- \/ Yoast SEO plugin. -->","yoast_head_json":{"title":"Mar\u00eda Laura Cu\u00f1a es la nueva Reina de las 3 Fronteras de Turismo | CVI NOTICIAS","robots":{"index":"index","follow":"follow","max-snippet":"max-snippet:-1","max-image-preview":"max-image-preview:large","max-video-preview":"max-video-preview:-1"},"canonical":"https:\/\/cvinoticias.com\/v3\/maria-laura-cuna-es-la-nueva-reina-de-las-3-fronteras-de-turismo\/","og_locale":"es_ES","og_type":"article","og_title":"Mar\u00eda Laura Cu\u00f1a es la nueva Reina de las 3 Fronteras de Turismo | CVI NOTICIAS","og_description":"Este s\u00e1bado en ciudad del Este, Paraguay, se realiz\u00f3 la elecci\u00f3n de Reina de las Tres Fronteras donde la representante argentina, una iguazuense fue coronada como la nueva soberana. Mar\u00eda Laura Cu\u00f1a quien se considera as\u00ed misma como una persona responsable y carism\u00e1tica, es oriunda de Puerto Iguaz\u00fa, en el a\u00f1o 2021 fue elegida reina [&hellip;]","og_url":"https:\/\/cvinoticias.com\/v3\/maria-laura-cuna-es-la-nueva-reina-de-las-3-fronteras-de-turismo\/","og_site_name":"CVI NOTICIAS","article_publisher":"https:\/\/www.facebook.com\/cvinoticias","article_published_time":"2023-05-28T13:24:57+00:00","article_modified_time":"2023-05-28T13:47:41+00:00","og_image":[{"width":1080,"height":1350,"url":"https:\/\/cvinoticias.com\/wp-content\/uploads\/2023\/05\/IMG-20230528-WA0007.jpg","type":"image\/jpeg"}],"author":"f1000024","twitter_card":"summary_large_image","twitter_misc":{"Escrito por":"f1000024","Tiempo de lectura":"1 minuto"},"schema":{"@context":"https:\/\/schema.org","@graph":[{"@type":"Article","@id":"https:\/\/cvinoticias.com\/v3\/maria-laura-cuna-es-la-nueva-reina-de-las-3-fronteras-de-turismo\/#article","isPartOf":{"@id":"https:\/\/cvinoticias.com\/v3\/maria-laura-cuna-es-la-nueva-reina-de-las-3-fronteras-de-turismo\/"},"author":{"name":"f1000024","@id":"https:\/\/cvinoticias.com\/v3\/#\/schema\/person\/2db77e3c6bc03c538495d7b2b8be9b66"},"headline":"Mar\u00eda Laura Cu\u00f1a es la nueva Reina de las 3 Fronteras de Turismo","datePublished":"2023-05-28T13:24:57+00:00","dateModified":"2023-05-28T13:47:41+00:00","mainEntityOfPage":{"@id":"https:\/\/cvinoticias.com\/v3\/maria-laura-cuna-es-la-nueva-reina-de-las-3-fronteras-de-turismo\/"},"wordCount":153,"commentCount":0,"publisher":{"@id":"https:\/\/cvinoticias.com\/v3\/#organization"},"image":{"@id":"https:\/\/cvinoticias.com\/v3\/maria-laura-cuna-es-la-nueva-reina-de-las-3-fronteras-de-turismo\/#primaryimage"},"thumbnailUrl":"https:\/\/cvinoticias.com\/wp-content\/uploads\/2023\/05\/IMG-20230528-WA0007.jpg","articleSection":["Sociedad"],"inLanguage":"es","potentialAction":[{"@type":"CommentAction","name":"Comment","target":["https:\/\/cvinoticias.com\/v3\/maria-laura-cuna-es-la-nueva-reina-de-las-3-fronteras-de-turismo\/#respond"]}]},{"@type":"WebPage","@id":"https:\/\/cvinoticias.com\/v3\/maria-laura-cuna-es-la-nueva-reina-de-las-3-fronteras-de-turismo\/","url":"https:\/\/cvinoticias.com\/v3\/maria-laura-cuna-es-la-nueva-reina-de-las-3-fronteras-de-turismo\/","name":"Mar\u00eda Laura Cu\u00f1a es la nueva Reina de las 3 Fronteras de Turismo | CVI NOTICIAS","isPartOf":{"@id":"https:\/\/cvinoticias.com\/v3\/#website"},"primaryImageOfPage":{"@id":"https:\/\/cvinoticias.com\/v3\/maria-laura-cuna-es-la-nueva-reina-de-las-3-fronteras-de-turismo\/#primaryimage"},"image":{"@id":"https:\/\/cvinoticias.com\/v3\/maria-laura-cuna-es-la-nueva-reina-de-las-3-fronteras-de-turismo\/#primaryimage"},"thumbnailUrl":"https:\/\/cvinoticias.com\/wp-content\/uploads\/2023\/05\/IMG-20230528-WA0007.jpg","datePublished":"2023-05-28T13:24:57+00:00","dateModified":"2023-05-28T13:47:41+00:00","breadcrumb":{"@id":"https:\/\/cvinoticias.com\/v3\/maria-laura-cuna-es-la-nueva-reina-de-las-3-fronteras-de-turismo\/#breadcrumb"},"inLanguage":"es","potentialAction":[{"@type":"ReadAction","target":["https:\/\/cvinoticias.com\/v3\/maria-laura-cuna-es-la-nueva-reina-de-las-3-fronteras-de-turismo\/"]}]},{"@type":"ImageObject","inLanguage":"es","@id":"https:\/\/cvinoticias.com\/v3\/maria-laura-cuna-es-la-nueva-reina-de-las-3-fronteras-de-turismo\/#primaryimage","url":"https:\/\/cvinoticias.com\/wp-content\/uploads\/2023\/05\/IMG-20230528-WA0007.jpg","contentUrl":"https:\/\/cvinoticias.com\/wp-content\/uploads\/2023\/05\/IMG-20230528-WA0007.jpg","width":1080,"height":1350},{"@type":"BreadcrumbList","@id":"https:\/\/cvinoticias.com\/v3\/maria-laura-cuna-es-la-nueva-reina-de-las-3-fronteras-de-turismo\/#breadcrumb","itemListElement":[{"@type":"ListItem","position":1,"name":"Portada","item":"https:\/\/cvinoticias.com\/v3\/"},{"@type":"ListItem","position":2,"name":"Mar\u00eda Laura Cu\u00f1a es la nueva Reina de las 3 Fronteras de Turismo"}]},{"@type":"WebSite","@id":"https:\/\/cvinoticias.com\/v3\/#website","url":"https:\/\/cvinoticias.com\/v3\/","name":"CVI NOTICIAS","description":"","publisher":{"@id":"https:\/\/cvinoticias.com\/v3\/#organization"},"alternateName":"CVI","potentialAction":[{"@type":"SearchAction","target":{"@type":"EntryPoint","urlTemplate":"https:\/\/cvinoticias.com\/v3\/?s={search_term_string}"},"query-input":{"@type":"PropertyValueSpecification","valueRequired":true,"valueName":"search_term_string"}}],"inLanguage":"es"},{"@type":"Organization","@id":"https:\/\/cvinoticias.com\/v3\/#organization","name":"CVI NOTICIAS","url":"https:\/\/cvinoticias.com\/v3\/","logo":{"@type":"ImageObject","inLanguage":"es","@id":"https:\/\/cvinoticias.com\/v3\/#\/schema\/logo\/image\/","url":"https:\/\/cvinoticias.com\/wp-content\/uploads\/2023\/04\/cropped-cropped-cropped-cropped-cropped-3-1.png","contentUrl":"https:\/\/cvinoticias.com\/wp-content\/uploads\/2023\/04\/cropped-cropped-cropped-cropped-cropped-3-1.png","width":95,"height":122,"caption":"CVI NOTICIAS"},"image":{"@id":"https:\/\/cvinoticias.com\/v3\/#\/schema\/logo\/image\/"},"sameAs":["https:\/\/www.facebook.com\/cvinoticias","https:\/\/www.instagram.com\/cvinoticias\/","https:\/\/www.youtube.com\/@CVINOTICIAS"]},{"@type":"Person","@id":"https:\/\/cvinoticias.com\/v3\/#\/schema\/person\/2db77e3c6bc03c538495d7b2b8be9b66","name":"f1000024","image":{"@type":"ImageObject","inLanguage":"es","@id":"https:\/\/secure.gravatar.com\/avatar\/d4fe7459cfc51ff5129ce1a732bbef5928568b8092d412ef95611616376bbeed?s=96&d=mm&r=g","url":"https:\/\/secure.gravatar.com\/avatar\/d4fe7459cfc51ff5129ce1a732bbef5928568b8092d412ef95611616376bbeed?s=96&d=mm&r=g","contentUrl":"https:\/\/secure.gravatar.com\/avatar\/d4fe7459cfc51ff5129ce1a732bbef5928568b8092d412ef95611616376bbeed?s=96&d=mm&r=g","caption":"f1000024"},"url":"https:\/\/cvinoticias.com\/v3\/author\/f1000024\/"}]}},"_links":{"self":[{"href":"https:\/\/cvinoticias.com\/v3\/wp-json\/wp\/v2\/posts\/25073","targetHints":{"allow":["GET"]}}],"collection":[{"href":"https:\/\/cvinoticias.com\/v3\/wp-json\/wp\/v2\/posts"}],"about":[{"href":"https:\/\/cvinoticias.com\/v3\/wp-json\/wp\/v2\/types\/post"}],"author":[{"embeddable":true,"href":"https:\/\/cvinoticias.com\/v3\/wp-json\/wp\/v2\/users\/2"}],"replies":[{"embeddable":true,"href":"https:\/\/cvinoticias.com\/v3\/wp-json\/wp\/v2\/comments?post=25073"}],"version-history":[{"count":3,"href":"https:\/\/cvinoticias.com\/v3\/wp-json\/wp\/v2\/posts\/25073\/revisions"}],"predecessor-version":[{"id":25080,"href":"https:\/\/cvinoticias.com\/v3\/wp-json\/wp\/v2\/posts\/25073\/revisions\/25080"}],"wp:featuredmedia":[{"embeddable":true,"href":"https:\/\/cvinoticias.com\/v3\/wp-json\/wp\/v2\/media\/25074"}],"wp:attachment":[{"href":"https:\/\/cvinoticias.com\/v3\/wp-json\/wp\/v2\/media?parent=25073"}],"wp:term":[{"taxonomy":"category","embeddable":true,"href":"https:\/\/cvinoticias.com\/v3\/wp-json\/wp\/v2\/categories?post=25073"},{"taxonomy":"post_tag","embeddable":true,"href":"https:\/\/cvinoticias.com\/v3\/wp-json\/wp\/v2\/tags?post=25073"}],"curies":[{"name":"wp","href":"https:\/\/api.w.org\/{rel}","templated":true}]}}