{"id":25065,"date":"2023-05-26T16:35:30","date_gmt":"2023-05-26T16:35:30","guid":{"rendered":"https:\/\/cvinoticias.com\/v3\/?p=25065"},"modified":"2023-05-26T16:35:30","modified_gmt":"2023-05-26T16:35:30","slug":"iguazu-dos-hombres-fueron-detenidos-luego-de-que-protagonizaran-un-desorden-en-un-bar-pool-en-su-poder-se-secuestro-un-arma-de-fuego-cuchillos-y-un-machete","status":"publish","type":"post","link":"https:\/\/cvinoticias.com\/v3\/iguazu-dos-hombres-fueron-detenidos-luego-de-que-protagonizaran-un-desorden-en-un-bar-pool-en-su-poder-se-secuestro-un-arma-de-fuego-cuchillos-y-un-machete\/","title":{"rendered":"Iguaz\u00fa: Dos hombres fueron detenidos luego de que protagonizar\u00e1n un desorden en un bar pool, en su poder se secuestr\u00f3 un arma de fuego, cuchillos y un machete"},"content":{"rendered":"\n<p><strong><em>El hecho qued\u00f3 registrado por las c\u00e1maras de seguridad, cuando uno de los involucrados apuntaba a los concurrentes con un arma de fuego<\/em><\/strong><\/p>\n\n\n\n<p>La detenci\u00f3n de Carlos M. de 48 a\u00f1os y Luis D. de 38 a\u00f1os ocurri\u00f3 ayer en la noche momentos despu\u00e9s de que el primero de ellos protagonizara un desorden adem\u00e1s de amenazar a los concurrentes con un arma de fuego, en un bar pool sobre la avenida Rep\u00fablica Argentina de esta ciudad.<\/p>\n\n\n\n<figure class=\"wp-block-image size-full\"><a href=\"https:\/\/cvinoticias.com\/wp-content\/uploads\/2023\/05\/FB_IMG_1685118699665.jpg\"><img decoding=\"async\" width=\"945\" height=\"528\" data-src=\"https:\/\/cvinoticias.com\/wp-content\/uploads\/2023\/05\/FB_IMG_1685118699665.jpg\" alt=\"\" class=\"wp-image-25067 lazyload\" data-srcset=\"https:\/\/cvinoticias.com\/wp-content\/uploads\/2023\/05\/FB_IMG_1685118699665.jpg 945w, https:\/\/cvinoticias.com\/wp-content\/uploads\/2023\/05\/FB_IMG_1685118699665-300x168.jpg 300w, https:\/\/cvinoticias.com\/wp-content\/uploads\/2023\/05\/FB_IMG_1685118699665-768x429.jpg 768w\" data-sizes=\"(max-width: 945px) 100vw, 945px\" src=\"data:image\/svg+xml;base64,PHN2ZyB3aWR0aD0iMSIgaGVpZ2h0PSIxIiB4bWxucz0iaHR0cDovL3d3dy53My5vcmcvMjAwMC9zdmciPjwvc3ZnPg==\" style=\"--smush-placeholder-width: 945px; --smush-placeholder-aspect-ratio: 945\/528;\" \/><\/a><\/figure>\n\n\n\n<p>Efectivos de la Divisi\u00f3n Comando Radioel\u00e9ctrico URV fueron alertados de la situaci\u00f3n por parte del encargado del local, en raz\u00f3n que momentos antes un hombre y su acompa\u00f1ante tuvieron un altercado con otros concurrentes tras salir del local Carlos M. regres\u00f3 esgrimiendo un arma de fuego amenazando a todos los clientes; ante la peligrosidad solicitaron la presencia policial ya que estos estaban causando un gran desorden.<\/p>\n\n\n\n<p>Inmediatamente, los uniformados arribaron al lugar y los dos hombres fueron reducidos y desarmados; en poder de Carlos M se secuestr\u00f3 un arma de fuego calibre 32, un cargador y seis proyectiles, un cuchillo tipo carnicero, en su acompa\u00f1ante tambi\u00e9n se secuestr\u00f3 un cuchillo, adem\u00e1s de procederse a la retenci\u00f3n del veh\u00edculo propiedad de Carlos M.<\/p>\n\n\n\n<figure class=\"wp-block-image size-full\"><a href=\"https:\/\/cvinoticias.com\/wp-content\/uploads\/2023\/05\/FB_IMG_1685118703604.jpg\"><img decoding=\"async\" width=\"818\" height=\"633\" data-src=\"https:\/\/cvinoticias.com\/wp-content\/uploads\/2023\/05\/FB_IMG_1685118703604.jpg\" alt=\"\" class=\"wp-image-25068 lazyload\" data-srcset=\"https:\/\/cvinoticias.com\/wp-content\/uploads\/2023\/05\/FB_IMG_1685118703604.jpg 818w, https:\/\/cvinoticias.com\/wp-content\/uploads\/2023\/05\/FB_IMG_1685118703604-300x232.jpg 300w, https:\/\/cvinoticias.com\/wp-content\/uploads\/2023\/05\/FB_IMG_1685118703604-768x594.jpg 768w\" data-sizes=\"(max-width: 818px) 100vw, 818px\" src=\"data:image\/svg+xml;base64,PHN2ZyB3aWR0aD0iMSIgaGVpZ2h0PSIxIiB4bWxucz0iaHR0cDovL3d3dy53My5vcmcvMjAwMC9zdmciPjwvc3ZnPg==\" style=\"--smush-placeholder-width: 818px; --smush-placeholder-aspect-ratio: 818\/633;\" \/><\/a><\/figure>\n\n\n\n<p>Posteriormente ambos detenidos fueron trasladados a sede Policial donde permanecen alojados a disposici\u00f3n de la justicia.<\/p>\n","protected":false},"excerpt":{"rendered":"<p>El hecho qued\u00f3 registrado por las c\u00e1maras de seguridad, cuando uno de los involucrados apuntaba a los concurrentes con un arma de fuego La detenci\u00f3n de Carlos M. de 48 a\u00f1os y Luis D. de 38 a\u00f1os ocurri\u00f3 ayer en la noche momentos despu\u00e9s de que el primero de ellos protagonizara un desorden adem\u00e1s de [&hellip;]<\/p>\n","protected":false},"author":2,"featured_media":25066,"comment_status":"open","ping_status":"open","sticky":false,"template":"","format":"standard","meta":{"footnotes":""},"categories":[41],"tags":[],"class_list":["post-25065","post","type-post","status-publish","format-standard","has-post-thumbnail","hentry","category-policiales"],"yoast_head":"<!-- This site is optimized with the Yoast SEO plugin v27.5 - https:\/\/yoast.com\/product\/yoast-seo-wordpress\/ -->\n<title>Iguaz\u00fa: Dos hombres fueron detenidos luego de que protagonizar\u00e1n un desorden en un bar pool, en su poder se secuestr\u00f3 un arma de fuego, cuchillos y un machete | CVI NOTICIAS<\/title>\n<meta name=\"robots\" content=\"index, follow, max-snippet:-1, max-image-preview:large, max-video-preview:-1\" \/>\n<link rel=\"canonical\" href=\"https:\/\/cvinoticias.com\/v3\/iguazu-dos-hombres-fueron-detenidos-luego-de-que-protagonizaran-un-desorden-en-un-bar-pool-en-su-poder-se-secuestro-un-arma-de-fuego-cuchillos-y-un-machete\/\" \/>\n<meta property=\"og:locale\" content=\"es_ES\" \/>\n<meta property=\"og:type\" content=\"article\" \/>\n<meta property=\"og:title\" content=\"Iguaz\u00fa: Dos hombres fueron detenidos luego de que protagonizar\u00e1n un desorden en un bar pool, en su poder se secuestr\u00f3 un arma de fuego, cuchillos y un machete | CVI NOTICIAS\" \/>\n<meta property=\"og:description\" content=\"El hecho qued\u00f3 registrado por las c\u00e1maras de seguridad, cuando uno de los involucrados apuntaba a los concurrentes con un arma de fuego La detenci\u00f3n de Carlos M. de 48 a\u00f1os y Luis D. de 38 a\u00f1os ocurri\u00f3 ayer en la noche momentos despu\u00e9s de que el primero de ellos protagonizara un desorden adem\u00e1s de [&hellip;]\" \/>\n<meta property=\"og:url\" content=\"https:\/\/cvinoticias.com\/v3\/iguazu-dos-hombres-fueron-detenidos-luego-de-que-protagonizaran-un-desorden-en-un-bar-pool-en-su-poder-se-secuestro-un-arma-de-fuego-cuchillos-y-un-machete\/\" \/>\n<meta property=\"og:site_name\" content=\"CVI NOTICIAS\" \/>\n<meta property=\"article:publisher\" content=\"https:\/\/www.facebook.com\/cvinoticias\" \/>\n<meta property=\"article:published_time\" content=\"2023-05-26T16:35:30+00:00\" \/>\n<meta property=\"og:image\" content=\"https:\/\/cvinoticias.com\/wp-content\/uploads\/2023\/05\/FB_IMG_1685118696320.jpg\" \/>\n\t<meta property=\"og:image:width\" content=\"945\" \/>\n\t<meta property=\"og:image:height\" content=\"550\" \/>\n\t<meta property=\"og:image:type\" content=\"image\/jpeg\" \/>\n<meta name=\"author\" content=\"f1000024\" \/>\n<meta name=\"twitter:card\" content=\"summary_large_image\" \/>\n<meta name=\"twitter:label1\" content=\"Escrito por\" \/>\n\t<meta name=\"twitter:data1\" content=\"f1000024\" \/>\n\t<meta name=\"twitter:label2\" content=\"Tiempo de lectura\" \/>\n\t<meta name=\"twitter:data2\" content=\"1 minuto\" \/>\n<script type=\"application\/ld+json\" class=\"yoast-schema-graph\">{\"@context\":\"https:\\\/\\\/schema.org\",\"@graph\":[{\"@type\":\"Article\",\"@id\":\"https:\\\/\\\/cvinoticias.com\\\/v3\\\/iguazu-dos-hombres-fueron-detenidos-luego-de-que-protagonizaran-un-desorden-en-un-bar-pool-en-su-poder-se-secuestro-un-arma-de-fuego-cuchillos-y-un-machete\\\/#article\",\"isPartOf\":{\"@id\":\"https:\\\/\\\/cvinoticias.com\\\/v3\\\/iguazu-dos-hombres-fueron-detenidos-luego-de-que-protagonizaran-un-desorden-en-un-bar-pool-en-su-poder-se-secuestro-un-arma-de-fuego-cuchillos-y-un-machete\\\/\"},\"author\":{\"name\":\"f1000024\",\"@id\":\"https:\\\/\\\/cvinoticias.com\\\/v3\\\/#\\\/schema\\\/person\\\/2db77e3c6bc03c538495d7b2b8be9b66\"},\"headline\":\"Iguaz\u00fa: Dos hombres fueron detenidos luego de que protagonizar\u00e1n un desorden en un bar pool, en su poder se secuestr\u00f3 un arma de fuego, cuchillos y un machete\",\"datePublished\":\"2023-05-26T16:35:30+00:00\",\"mainEntityOfPage\":{\"@id\":\"https:\\\/\\\/cvinoticias.com\\\/v3\\\/iguazu-dos-hombres-fueron-detenidos-luego-de-que-protagonizaran-un-desorden-en-un-bar-pool-en-su-poder-se-secuestro-un-arma-de-fuego-cuchillos-y-un-machete\\\/\"},\"wordCount\":258,\"commentCount\":0,\"publisher\":{\"@id\":\"https:\\\/\\\/cvinoticias.com\\\/v3\\\/#organization\"},\"image\":{\"@id\":\"https:\\\/\\\/cvinoticias.com\\\/v3\\\/iguazu-dos-hombres-fueron-detenidos-luego-de-que-protagonizaran-un-desorden-en-un-bar-pool-en-su-poder-se-secuestro-un-arma-de-fuego-cuchillos-y-un-machete\\\/#primaryimage\"},\"thumbnailUrl\":\"https:\\\/\\\/cvinoticias.com\\\/wp-content\\\/uploads\\\/2023\\\/05\\\/FB_IMG_1685118696320.jpg\",\"articleSection\":[\"Policiales\"],\"inLanguage\":\"es\",\"potentialAction\":[{\"@type\":\"CommentAction\",\"name\":\"Comment\",\"target\":[\"https:\\\/\\\/cvinoticias.com\\\/v3\\\/iguazu-dos-hombres-fueron-detenidos-luego-de-que-protagonizaran-un-desorden-en-un-bar-pool-en-su-poder-se-secuestro-un-arma-de-fuego-cuchillos-y-un-machete\\\/#respond\"]}]},{\"@type\":\"WebPage\",\"@id\":\"https:\\\/\\\/cvinoticias.com\\\/v3\\\/iguazu-dos-hombres-fueron-detenidos-luego-de-que-protagonizaran-un-desorden-en-un-bar-pool-en-su-poder-se-secuestro-un-arma-de-fuego-cuchillos-y-un-machete\\\/\",\"url\":\"https:\\\/\\\/cvinoticias.com\\\/v3\\\/iguazu-dos-hombres-fueron-detenidos-luego-de-que-protagonizaran-un-desorden-en-un-bar-pool-en-su-poder-se-secuestro-un-arma-de-fuego-cuchillos-y-un-machete\\\/\",\"name\":\"Iguaz\u00fa: Dos hombres fueron detenidos luego de que protagonizar\u00e1n un desorden en un bar pool, en su poder se secuestr\u00f3 un arma de fuego, cuchillos y un machete | CVI NOTICIAS\",\"isPartOf\":{\"@id\":\"https:\\\/\\\/cvinoticias.com\\\/v3\\\/#website\"},\"primaryImageOfPage\":{\"@id\":\"https:\\\/\\\/cvinoticias.com\\\/v3\\\/iguazu-dos-hombres-fueron-detenidos-luego-de-que-protagonizaran-un-desorden-en-un-bar-pool-en-su-poder-se-secuestro-un-arma-de-fuego-cuchillos-y-un-machete\\\/#primaryimage\"},\"image\":{\"@id\":\"https:\\\/\\\/cvinoticias.com\\\/v3\\\/iguazu-dos-hombres-fueron-detenidos-luego-de-que-protagonizaran-un-desorden-en-un-bar-pool-en-su-poder-se-secuestro-un-arma-de-fuego-cuchillos-y-un-machete\\\/#primaryimage\"},\"thumbnailUrl\":\"https:\\\/\\\/cvinoticias.com\\\/wp-content\\\/uploads\\\/2023\\\/05\\\/FB_IMG_1685118696320.jpg\",\"datePublished\":\"2023-05-26T16:35:30+00:00\",\"breadcrumb\":{\"@id\":\"https:\\\/\\\/cvinoticias.com\\\/v3\\\/iguazu-dos-hombres-fueron-detenidos-luego-de-que-protagonizaran-un-desorden-en-un-bar-pool-en-su-poder-se-secuestro-un-arma-de-fuego-cuchillos-y-un-machete\\\/#breadcrumb\"},\"inLanguage\":\"es\",\"potentialAction\":[{\"@type\":\"ReadAction\",\"target\":[\"https:\\\/\\\/cvinoticias.com\\\/v3\\\/iguazu-dos-hombres-fueron-detenidos-luego-de-que-protagonizaran-un-desorden-en-un-bar-pool-en-su-poder-se-secuestro-un-arma-de-fuego-cuchillos-y-un-machete\\\/\"]}]},{\"@type\":\"ImageObject\",\"inLanguage\":\"es\",\"@id\":\"https:\\\/\\\/cvinoticias.com\\\/v3\\\/iguazu-dos-hombres-fueron-detenidos-luego-de-que-protagonizaran-un-desorden-en-un-bar-pool-en-su-poder-se-secuestro-un-arma-de-fuego-cuchillos-y-un-machete\\\/#primaryimage\",\"url\":\"https:\\\/\\\/cvinoticias.com\\\/wp-content\\\/uploads\\\/2023\\\/05\\\/FB_IMG_1685118696320.jpg\",\"contentUrl\":\"https:\\\/\\\/cvinoticias.com\\\/wp-content\\\/uploads\\\/2023\\\/05\\\/FB_IMG_1685118696320.jpg\",\"width\":945,\"height\":550},{\"@type\":\"BreadcrumbList\",\"@id\":\"https:\\\/\\\/cvinoticias.com\\\/v3\\\/iguazu-dos-hombres-fueron-detenidos-luego-de-que-protagonizaran-un-desorden-en-un-bar-pool-en-su-poder-se-secuestro-un-arma-de-fuego-cuchillos-y-un-machete\\\/#breadcrumb\",\"itemListElement\":[{\"@type\":\"ListItem\",\"position\":1,\"name\":\"Portada\",\"item\":\"https:\\\/\\\/cvinoticias.com\\\/v3\\\/\"},{\"@type\":\"ListItem\",\"position\":2,\"name\":\"Iguaz\u00fa: Dos hombres fueron detenidos luego de que protagonizar\u00e1n un desorden en un bar pool, en su poder se secuestr\u00f3 un arma de fuego, cuchillos y un machete\"}]},{\"@type\":\"WebSite\",\"@id\":\"https:\\\/\\\/cvinoticias.com\\\/v3\\\/#website\",\"url\":\"https:\\\/\\\/cvinoticias.com\\\/v3\\\/\",\"name\":\"CVI NOTICIAS\",\"description\":\"\",\"publisher\":{\"@id\":\"https:\\\/\\\/cvinoticias.com\\\/v3\\\/#organization\"},\"alternateName\":\"CVI\",\"potentialAction\":[{\"@type\":\"SearchAction\",\"target\":{\"@type\":\"EntryPoint\",\"urlTemplate\":\"https:\\\/\\\/cvinoticias.com\\\/v3\\\/?s={search_term_string}\"},\"query-input\":{\"@type\":\"PropertyValueSpecification\",\"valueRequired\":true,\"valueName\":\"search_term_string\"}}],\"inLanguage\":\"es\"},{\"@type\":\"Organization\",\"@id\":\"https:\\\/\\\/cvinoticias.com\\\/v3\\\/#organization\",\"name\":\"CVI NOTICIAS\",\"url\":\"https:\\\/\\\/cvinoticias.com\\\/v3\\\/\",\"logo\":{\"@type\":\"ImageObject\",\"inLanguage\":\"es\",\"@id\":\"https:\\\/\\\/cvinoticias.com\\\/v3\\\/#\\\/schema\\\/logo\\\/image\\\/\",\"url\":\"https:\\\/\\\/cvinoticias.com\\\/wp-content\\\/uploads\\\/2023\\\/04\\\/cropped-cropped-cropped-cropped-cropped-3-1.png\",\"contentUrl\":\"https:\\\/\\\/cvinoticias.com\\\/wp-content\\\/uploads\\\/2023\\\/04\\\/cropped-cropped-cropped-cropped-cropped-3-1.png\",\"width\":95,\"height\":122,\"caption\":\"CVI NOTICIAS\"},\"image\":{\"@id\":\"https:\\\/\\\/cvinoticias.com\\\/v3\\\/#\\\/schema\\\/logo\\\/image\\\/\"},\"sameAs\":[\"https:\\\/\\\/www.facebook.com\\\/cvinoticias\",\"https:\\\/\\\/www.instagram.com\\\/cvinoticias\\\/\",\"https:\\\/\\\/www.youtube.com\\\/@CVINOTICIAS\"]},{\"@type\":\"Person\",\"@id\":\"https:\\\/\\\/cvinoticias.com\\\/v3\\\/#\\\/schema\\\/person\\\/2db77e3c6bc03c538495d7b2b8be9b66\",\"name\":\"f1000024\",\"image\":{\"@type\":\"ImageObject\",\"inLanguage\":\"es\",\"@id\":\"https:\\\/\\\/secure.gravatar.com\\\/avatar\\\/d4fe7459cfc51ff5129ce1a732bbef5928568b8092d412ef95611616376bbeed?s=96&d=mm&r=g\",\"url\":\"https:\\\/\\\/secure.gravatar.com\\\/avatar\\\/d4fe7459cfc51ff5129ce1a732bbef5928568b8092d412ef95611616376bbeed?s=96&d=mm&r=g\",\"contentUrl\":\"https:\\\/\\\/secure.gravatar.com\\\/avatar\\\/d4fe7459cfc51ff5129ce1a732bbef5928568b8092d412ef95611616376bbeed?s=96&d=mm&r=g\",\"caption\":\"f1000024\"},\"url\":\"https:\\\/\\\/cvinoticias.com\\\/v3\\\/author\\\/f1000024\\\/\"}]}<\/script>\n<!-- \/ Yoast SEO plugin. -->","yoast_head_json":{"title":"Iguaz\u00fa: Dos hombres fueron detenidos luego de que protagonizar\u00e1n un desorden en un bar pool, en su poder se secuestr\u00f3 un arma de fuego, cuchillos y un machete | CVI NOTICIAS","robots":{"index":"index","follow":"follow","max-snippet":"max-snippet:-1","max-image-preview":"max-image-preview:large","max-video-preview":"max-video-preview:-1"},"canonical":"https:\/\/cvinoticias.com\/v3\/iguazu-dos-hombres-fueron-detenidos-luego-de-que-protagonizaran-un-desorden-en-un-bar-pool-en-su-poder-se-secuestro-un-arma-de-fuego-cuchillos-y-un-machete\/","og_locale":"es_ES","og_type":"article","og_title":"Iguaz\u00fa: Dos hombres fueron detenidos luego de que protagonizar\u00e1n un desorden en un bar pool, en su poder se secuestr\u00f3 un arma de fuego, cuchillos y un machete | CVI NOTICIAS","og_description":"El hecho qued\u00f3 registrado por las c\u00e1maras de seguridad, cuando uno de los involucrados apuntaba a los concurrentes con un arma de fuego La detenci\u00f3n de Carlos M. de 48 a\u00f1os y Luis D. de 38 a\u00f1os ocurri\u00f3 ayer en la noche momentos despu\u00e9s de que el primero de ellos protagonizara un desorden adem\u00e1s de [&hellip;]","og_url":"https:\/\/cvinoticias.com\/v3\/iguazu-dos-hombres-fueron-detenidos-luego-de-que-protagonizaran-un-desorden-en-un-bar-pool-en-su-poder-se-secuestro-un-arma-de-fuego-cuchillos-y-un-machete\/","og_site_name":"CVI NOTICIAS","article_publisher":"https:\/\/www.facebook.com\/cvinoticias","article_published_time":"2023-05-26T16:35:30+00:00","og_image":[{"width":945,"height":550,"url":"https:\/\/cvinoticias.com\/wp-content\/uploads\/2023\/05\/FB_IMG_1685118696320.jpg","type":"image\/jpeg"}],"author":"f1000024","twitter_card":"summary_large_image","twitter_misc":{"Escrito por":"f1000024","Tiempo de lectura":"1 minuto"},"schema":{"@context":"https:\/\/schema.org","@graph":[{"@type":"Article","@id":"https:\/\/cvinoticias.com\/v3\/iguazu-dos-hombres-fueron-detenidos-luego-de-que-protagonizaran-un-desorden-en-un-bar-pool-en-su-poder-se-secuestro-un-arma-de-fuego-cuchillos-y-un-machete\/#article","isPartOf":{"@id":"https:\/\/cvinoticias.com\/v3\/iguazu-dos-hombres-fueron-detenidos-luego-de-que-protagonizaran-un-desorden-en-un-bar-pool-en-su-poder-se-secuestro-un-arma-de-fuego-cuchillos-y-un-machete\/"},"author":{"name":"f1000024","@id":"https:\/\/cvinoticias.com\/v3\/#\/schema\/person\/2db77e3c6bc03c538495d7b2b8be9b66"},"headline":"Iguaz\u00fa: Dos hombres fueron detenidos luego de que protagonizar\u00e1n un desorden en un bar pool, en su poder se secuestr\u00f3 un arma de fuego, cuchillos y un machete","datePublished":"2023-05-26T16:35:30+00:00","mainEntityOfPage":{"@id":"https:\/\/cvinoticias.com\/v3\/iguazu-dos-hombres-fueron-detenidos-luego-de-que-protagonizaran-un-desorden-en-un-bar-pool-en-su-poder-se-secuestro-un-arma-de-fuego-cuchillos-y-un-machete\/"},"wordCount":258,"commentCount":0,"publisher":{"@id":"https:\/\/cvinoticias.com\/v3\/#organization"},"image":{"@id":"https:\/\/cvinoticias.com\/v3\/iguazu-dos-hombres-fueron-detenidos-luego-de-que-protagonizaran-un-desorden-en-un-bar-pool-en-su-poder-se-secuestro-un-arma-de-fuego-cuchillos-y-un-machete\/#primaryimage"},"thumbnailUrl":"https:\/\/cvinoticias.com\/wp-content\/uploads\/2023\/05\/FB_IMG_1685118696320.jpg","articleSection":["Policiales"],"inLanguage":"es","potentialAction":[{"@type":"CommentAction","name":"Comment","target":["https:\/\/cvinoticias.com\/v3\/iguazu-dos-hombres-fueron-detenidos-luego-de-que-protagonizaran-un-desorden-en-un-bar-pool-en-su-poder-se-secuestro-un-arma-de-fuego-cuchillos-y-un-machete\/#respond"]}]},{"@type":"WebPage","@id":"https:\/\/cvinoticias.com\/v3\/iguazu-dos-hombres-fueron-detenidos-luego-de-que-protagonizaran-un-desorden-en-un-bar-pool-en-su-poder-se-secuestro-un-arma-de-fuego-cuchillos-y-un-machete\/","url":"https:\/\/cvinoticias.com\/v3\/iguazu-dos-hombres-fueron-detenidos-luego-de-que-protagonizaran-un-desorden-en-un-bar-pool-en-su-poder-se-secuestro-un-arma-de-fuego-cuchillos-y-un-machete\/","name":"Iguaz\u00fa: Dos hombres fueron detenidos luego de que protagonizar\u00e1n un desorden en un bar pool, en su poder se secuestr\u00f3 un arma de fuego, cuchillos y un machete | CVI NOTICIAS","isPartOf":{"@id":"https:\/\/cvinoticias.com\/v3\/#website"},"primaryImageOfPage":{"@id":"https:\/\/cvinoticias.com\/v3\/iguazu-dos-hombres-fueron-detenidos-luego-de-que-protagonizaran-un-desorden-en-un-bar-pool-en-su-poder-se-secuestro-un-arma-de-fuego-cuchillos-y-un-machete\/#primaryimage"},"image":{"@id":"https:\/\/cvinoticias.com\/v3\/iguazu-dos-hombres-fueron-detenidos-luego-de-que-protagonizaran-un-desorden-en-un-bar-pool-en-su-poder-se-secuestro-un-arma-de-fuego-cuchillos-y-un-machete\/#primaryimage"},"thumbnailUrl":"https:\/\/cvinoticias.com\/wp-content\/uploads\/2023\/05\/FB_IMG_1685118696320.jpg","datePublished":"2023-05-26T16:35:30+00:00","breadcrumb":{"@id":"https:\/\/cvinoticias.com\/v3\/iguazu-dos-hombres-fueron-detenidos-luego-de-que-protagonizaran-un-desorden-en-un-bar-pool-en-su-poder-se-secuestro-un-arma-de-fuego-cuchillos-y-un-machete\/#breadcrumb"},"inLanguage":"es","potentialAction":[{"@type":"ReadAction","target":["https:\/\/cvinoticias.com\/v3\/iguazu-dos-hombres-fueron-detenidos-luego-de-que-protagonizaran-un-desorden-en-un-bar-pool-en-su-poder-se-secuestro-un-arma-de-fuego-cuchillos-y-un-machete\/"]}]},{"@type":"ImageObject","inLanguage":"es","@id":"https:\/\/cvinoticias.com\/v3\/iguazu-dos-hombres-fueron-detenidos-luego-de-que-protagonizaran-un-desorden-en-un-bar-pool-en-su-poder-se-secuestro-un-arma-de-fuego-cuchillos-y-un-machete\/#primaryimage","url":"https:\/\/cvinoticias.com\/wp-content\/uploads\/2023\/05\/FB_IMG_1685118696320.jpg","contentUrl":"https:\/\/cvinoticias.com\/wp-content\/uploads\/2023\/05\/FB_IMG_1685118696320.jpg","width":945,"height":550},{"@type":"BreadcrumbList","@id":"https:\/\/cvinoticias.com\/v3\/iguazu-dos-hombres-fueron-detenidos-luego-de-que-protagonizaran-un-desorden-en-un-bar-pool-en-su-poder-se-secuestro-un-arma-de-fuego-cuchillos-y-un-machete\/#breadcrumb","itemListElement":[{"@type":"ListItem","position":1,"name":"Portada","item":"https:\/\/cvinoticias.com\/v3\/"},{"@type":"ListItem","position":2,"name":"Iguaz\u00fa: Dos hombres fueron detenidos luego de que protagonizar\u00e1n un desorden en un bar pool, en su poder se secuestr\u00f3 un arma de fuego, cuchillos y un machete"}]},{"@type":"WebSite","@id":"https:\/\/cvinoticias.com\/v3\/#website","url":"https:\/\/cvinoticias.com\/v3\/","name":"CVI NOTICIAS","description":"","publisher":{"@id":"https:\/\/cvinoticias.com\/v3\/#organization"},"alternateName":"CVI","potentialAction":[{"@type":"SearchAction","target":{"@type":"EntryPoint","urlTemplate":"https:\/\/cvinoticias.com\/v3\/?s={search_term_string}"},"query-input":{"@type":"PropertyValueSpecification","valueRequired":true,"valueName":"search_term_string"}}],"inLanguage":"es"},{"@type":"Organization","@id":"https:\/\/cvinoticias.com\/v3\/#organization","name":"CVI NOTICIAS","url":"https:\/\/cvinoticias.com\/v3\/","logo":{"@type":"ImageObject","inLanguage":"es","@id":"https:\/\/cvinoticias.com\/v3\/#\/schema\/logo\/image\/","url":"https:\/\/cvinoticias.com\/wp-content\/uploads\/2023\/04\/cropped-cropped-cropped-cropped-cropped-3-1.png","contentUrl":"https:\/\/cvinoticias.com\/wp-content\/uploads\/2023\/04\/cropped-cropped-cropped-cropped-cropped-3-1.png","width":95,"height":122,"caption":"CVI NOTICIAS"},"image":{"@id":"https:\/\/cvinoticias.com\/v3\/#\/schema\/logo\/image\/"},"sameAs":["https:\/\/www.facebook.com\/cvinoticias","https:\/\/www.instagram.com\/cvinoticias\/","https:\/\/www.youtube.com\/@CVINOTICIAS"]},{"@type":"Person","@id":"https:\/\/cvinoticias.com\/v3\/#\/schema\/person\/2db77e3c6bc03c538495d7b2b8be9b66","name":"f1000024","image":{"@type":"ImageObject","inLanguage":"es","@id":"https:\/\/secure.gravatar.com\/avatar\/d4fe7459cfc51ff5129ce1a732bbef5928568b8092d412ef95611616376bbeed?s=96&d=mm&r=g","url":"https:\/\/secure.gravatar.com\/avatar\/d4fe7459cfc51ff5129ce1a732bbef5928568b8092d412ef95611616376bbeed?s=96&d=mm&r=g","contentUrl":"https:\/\/secure.gravatar.com\/avatar\/d4fe7459cfc51ff5129ce1a732bbef5928568b8092d412ef95611616376bbeed?s=96&d=mm&r=g","caption":"f1000024"},"url":"https:\/\/cvinoticias.com\/v3\/author\/f1000024\/"}]}},"_links":{"self":[{"href":"https:\/\/cvinoticias.com\/v3\/wp-json\/wp\/v2\/posts\/25065","targetHints":{"allow":["GET"]}}],"collection":[{"href":"https:\/\/cvinoticias.com\/v3\/wp-json\/wp\/v2\/posts"}],"about":[{"href":"https:\/\/cvinoticias.com\/v3\/wp-json\/wp\/v2\/types\/post"}],"author":[{"embeddable":true,"href":"https:\/\/cvinoticias.com\/v3\/wp-json\/wp\/v2\/users\/2"}],"replies":[{"embeddable":true,"href":"https:\/\/cvinoticias.com\/v3\/wp-json\/wp\/v2\/comments?post=25065"}],"version-history":[{"count":1,"href":"https:\/\/cvinoticias.com\/v3\/wp-json\/wp\/v2\/posts\/25065\/revisions"}],"predecessor-version":[{"id":25069,"href":"https:\/\/cvinoticias.com\/v3\/wp-json\/wp\/v2\/posts\/25065\/revisions\/25069"}],"wp:featuredmedia":[{"embeddable":true,"href":"https:\/\/cvinoticias.com\/v3\/wp-json\/wp\/v2\/media\/25066"}],"wp:attachment":[{"href":"https:\/\/cvinoticias.com\/v3\/wp-json\/wp\/v2\/media?parent=25065"}],"wp:term":[{"taxonomy":"category","embeddable":true,"href":"https:\/\/cvinoticias.com\/v3\/wp-json\/wp\/v2\/categories?post=25065"},{"taxonomy":"post_tag","embeddable":true,"href":"https:\/\/cvinoticias.com\/v3\/wp-json\/wp\/v2\/tags?post=25065"}],"curies":[{"name":"wp","href":"https:\/\/api.w.org\/{rel}","templated":true}]}}