{"id":25061,"date":"2023-05-26T16:12:51","date_gmt":"2023-05-26T16:12:51","guid":{"rendered":"https:\/\/cvinoticias.com\/v3\/?p=25061"},"modified":"2023-05-26T16:14:26","modified_gmt":"2023-05-26T16:14:26","slug":"fuerte-reivindicacion-de-los-intereses-misioneros-por-parte-de-la-iglesia","status":"publish","type":"post","link":"https:\/\/cvinoticias.com\/v3\/fuerte-reivindicacion-de-los-intereses-misioneros-por-parte-de-la-iglesia\/","title":{"rendered":"Fuerte reivindicaci\u00f3n de los intereses misioneros por parte de la Iglesia"},"content":{"rendered":"\n<p><strong><em>En el marco del Te Deum por la celebraci\u00f3n del 25 de mayo, Nicol\u00e1s Baisi (Obispo de la Di\u00f3cesis de Iguaz\u00fa) realiz\u00f3 una encendida defensa del federalismo al cuestionar la relaci\u00f3n de Naci\u00f3n con las provincias y particularmente el destrato hist\u00f3rico que ha tenido para con Misiones.<\/em><\/strong><\/p>\n\n\n\n<p>Este jueves 25 de mayo el Obispo de la Archidi\u00f3cesis de Iguaz\u00fa, Nicol\u00e1s Baisi, cuestion\u00f3 el modo en que el gobierno nacional hist\u00f3ricamente se ha relacionado con Misiones: \u201c\u00bfFue un buen negocio cambiar un tirano a 9.000 kil\u00f3metros por uno mucho m\u00e1s cercano, a unos 1.000?\u201d, se pregunt\u00f3, en lo que fue la frase saliente de una alocuci\u00f3n en la que traz\u00f3 un recorrido hist\u00f3rico que reivindic\u00f3 a las personas an\u00f3nimas y sencillas, a los olvidados de la Historia, es decir, al pueblo.<\/p>\n\n\n\n<p>Luego de reflexionar que la patria no nace el 25 de mayo de 1810 \u201cporque ya hab\u00eda nacido 300 a\u00f1os atr\u00e1s\u201d, el religioso desarm\u00f3 dicho relato al afirmar que esa versi\u00f3n de los hechos olvida \u201c300 a\u00f1os de historia guaran\u00ed y de gesta heroica del espa\u00f1ol en las tierras coloradas\u201d.<\/p>\n\n\n\n<p>Al se\u00f1alar que aquella fecha de hace m\u00e1s de 200 a\u00f1os marc\u00f3 \u201cel fin de una forma de gestionar y administrar los intereses de los americanos, que no se hac\u00eda en su beneficio sino en el beneficio de una Espa\u00f1a lejana y decadente envuelta en guerras y penurias\u201d, fue que el Obispo de Iguaz\u00fa plante\u00f3 si fue un buen negocio para las provincias cambiar un tirano por otro. Y agreg\u00f3 que solo \u201ca trav\u00e9s del prisma del 9 de julio [de 1816] se vislumbra la grandeza del 25 de mayo\u201d.<\/p>\n\n\n\n<p>En la ceremonia realizada en la Iglesia San Pedro Ap\u00f3stol de la localidad de San Pedro, de la que participaron entre otros funcionarios provinciales el gobernador Oscar Herrera Ahuad y el vencedor de las pasadas elecciones Hugo Passalacqua, Baisi incluy\u00f3 en su alegato una hist\u00f3rica bandera que sostiene el Frente Renovador hace 20 a\u00f1os: la Naci\u00f3n argentina tiene una deuda hist\u00f3rica con Misiones y debe saldarla.<\/p>\n\n\n\n<p>El reclamo ejercido de manera constante hace dos d\u00e9cadas por el oficialismo misionero a trav\u00e9s de todas las v\u00edas democr\u00e1ticas es reivindicado en todas las apariciones p\u00fablicas por su conductor, el Ing. Carlos Rovira, presidente de la C\u00e1mara de Representantes, quien se ha dedicado a explicar y hacer conocer la discriminaci\u00f3n que sufre el pueblo misionero desde las distintas administraciones nacionales: en cuanto a los recursos percibidos en materia de Coparticipaci\u00f3n o en el plano impositivo debido a las asimetr\u00edas econ\u00f3micas con dos pa\u00edses vecinos, as\u00ed como el costo de la energ\u00eda o la falta de la misma en referencia al gas natural, entre otras.<\/p>\n\n\n\n<p>Lo sucedido en el Te Deum el 25 de mayo es una muestra m\u00e1s de que el reclamo de un verdadero federalismo es mayoritario en el pueblo misionero.<\/p>\n","protected":false},"excerpt":{"rendered":"<p>En el marco del Te Deum por la celebraci\u00f3n del 25 de mayo, Nicol\u00e1s Baisi (Obispo de la Di\u00f3cesis de Iguaz\u00fa) realiz\u00f3 una encendida defensa del federalismo al cuestionar la relaci\u00f3n de Naci\u00f3n con las provincias y particularmente el destrato hist\u00f3rico que ha tenido para con Misiones. Este jueves 25 de mayo el Obispo de [&hellip;]<\/p>\n","protected":false},"author":2,"featured_media":25062,"comment_status":"open","ping_status":"open","sticky":false,"template":"","format":"standard","meta":{"footnotes":""},"categories":[43],"tags":[],"class_list":["post-25061","post","type-post","status-publish","format-standard","has-post-thumbnail","hentry","category-provinciales"],"yoast_head":"<!-- This site is optimized with the Yoast SEO plugin v27.5 - https:\/\/yoast.com\/product\/yoast-seo-wordpress\/ -->\n<title>Fuerte reivindicaci\u00f3n de los intereses misioneros por parte de la Iglesia | CVI NOTICIAS<\/title>\n<meta name=\"robots\" content=\"index, follow, max-snippet:-1, max-image-preview:large, max-video-preview:-1\" \/>\n<link rel=\"canonical\" href=\"https:\/\/cvinoticias.com\/v3\/fuerte-reivindicacion-de-los-intereses-misioneros-por-parte-de-la-iglesia\/\" \/>\n<meta property=\"og:locale\" content=\"es_ES\" \/>\n<meta property=\"og:type\" content=\"article\" \/>\n<meta property=\"og:title\" content=\"Fuerte reivindicaci\u00f3n de los intereses misioneros por parte de la Iglesia | CVI NOTICIAS\" \/>\n<meta property=\"og:description\" content=\"En el marco del Te Deum por la celebraci\u00f3n del 25 de mayo, Nicol\u00e1s Baisi (Obispo de la Di\u00f3cesis de Iguaz\u00fa) realiz\u00f3 una encendida defensa del federalismo al cuestionar la relaci\u00f3n de Naci\u00f3n con las provincias y particularmente el destrato hist\u00f3rico que ha tenido para con Misiones. Este jueves 25 de mayo el Obispo de [&hellip;]\" \/>\n<meta property=\"og:url\" content=\"https:\/\/cvinoticias.com\/v3\/fuerte-reivindicacion-de-los-intereses-misioneros-por-parte-de-la-iglesia\/\" \/>\n<meta property=\"og:site_name\" content=\"CVI NOTICIAS\" \/>\n<meta property=\"article:publisher\" content=\"https:\/\/www.facebook.com\/cvinoticias\" \/>\n<meta property=\"article:published_time\" content=\"2023-05-26T16:12:51+00:00\" \/>\n<meta property=\"article:modified_time\" content=\"2023-05-26T16:14:26+00:00\" \/>\n<meta property=\"og:image\" content=\"https:\/\/cvinoticias.com\/wp-content\/uploads\/2023\/05\/IMG-20230526-WA0080.jpg\" \/>\n\t<meta property=\"og:image:width\" content=\"1024\" \/>\n\t<meta property=\"og:image:height\" content=\"683\" \/>\n\t<meta property=\"og:image:type\" content=\"image\/jpeg\" \/>\n<meta name=\"author\" content=\"f1000024\" \/>\n<meta name=\"twitter:card\" content=\"summary_large_image\" \/>\n<meta name=\"twitter:label1\" content=\"Escrito por\" \/>\n\t<meta name=\"twitter:data1\" content=\"f1000024\" \/>\n\t<meta name=\"twitter:label2\" content=\"Tiempo de lectura\" \/>\n\t<meta name=\"twitter:data2\" content=\"2 minutos\" \/>\n<script type=\"application\/ld+json\" class=\"yoast-schema-graph\">{\"@context\":\"https:\\\/\\\/schema.org\",\"@graph\":[{\"@type\":\"Article\",\"@id\":\"https:\\\/\\\/cvinoticias.com\\\/v3\\\/fuerte-reivindicacion-de-los-intereses-misioneros-por-parte-de-la-iglesia\\\/#article\",\"isPartOf\":{\"@id\":\"https:\\\/\\\/cvinoticias.com\\\/v3\\\/fuerte-reivindicacion-de-los-intereses-misioneros-por-parte-de-la-iglesia\\\/\"},\"author\":{\"name\":\"f1000024\",\"@id\":\"https:\\\/\\\/cvinoticias.com\\\/v3\\\/#\\\/schema\\\/person\\\/2db77e3c6bc03c538495d7b2b8be9b66\"},\"headline\":\"Fuerte reivindicaci\u00f3n de los intereses misioneros por parte de la Iglesia\",\"datePublished\":\"2023-05-26T16:12:51+00:00\",\"dateModified\":\"2023-05-26T16:14:26+00:00\",\"mainEntityOfPage\":{\"@id\":\"https:\\\/\\\/cvinoticias.com\\\/v3\\\/fuerte-reivindicacion-de-los-intereses-misioneros-por-parte-de-la-iglesia\\\/\"},\"wordCount\":511,\"commentCount\":0,\"publisher\":{\"@id\":\"https:\\\/\\\/cvinoticias.com\\\/v3\\\/#organization\"},\"image\":{\"@id\":\"https:\\\/\\\/cvinoticias.com\\\/v3\\\/fuerte-reivindicacion-de-los-intereses-misioneros-por-parte-de-la-iglesia\\\/#primaryimage\"},\"thumbnailUrl\":\"https:\\\/\\\/cvinoticias.com\\\/wp-content\\\/uploads\\\/2023\\\/05\\\/IMG-20230526-WA0080.jpg\",\"articleSection\":[\"Provinciales\"],\"inLanguage\":\"es\",\"potentialAction\":[{\"@type\":\"CommentAction\",\"name\":\"Comment\",\"target\":[\"https:\\\/\\\/cvinoticias.com\\\/v3\\\/fuerte-reivindicacion-de-los-intereses-misioneros-por-parte-de-la-iglesia\\\/#respond\"]}]},{\"@type\":\"WebPage\",\"@id\":\"https:\\\/\\\/cvinoticias.com\\\/v3\\\/fuerte-reivindicacion-de-los-intereses-misioneros-por-parte-de-la-iglesia\\\/\",\"url\":\"https:\\\/\\\/cvinoticias.com\\\/v3\\\/fuerte-reivindicacion-de-los-intereses-misioneros-por-parte-de-la-iglesia\\\/\",\"name\":\"Fuerte reivindicaci\u00f3n de los intereses misioneros por parte de la Iglesia | CVI NOTICIAS\",\"isPartOf\":{\"@id\":\"https:\\\/\\\/cvinoticias.com\\\/v3\\\/#website\"},\"primaryImageOfPage\":{\"@id\":\"https:\\\/\\\/cvinoticias.com\\\/v3\\\/fuerte-reivindicacion-de-los-intereses-misioneros-por-parte-de-la-iglesia\\\/#primaryimage\"},\"image\":{\"@id\":\"https:\\\/\\\/cvinoticias.com\\\/v3\\\/fuerte-reivindicacion-de-los-intereses-misioneros-por-parte-de-la-iglesia\\\/#primaryimage\"},\"thumbnailUrl\":\"https:\\\/\\\/cvinoticias.com\\\/wp-content\\\/uploads\\\/2023\\\/05\\\/IMG-20230526-WA0080.jpg\",\"datePublished\":\"2023-05-26T16:12:51+00:00\",\"dateModified\":\"2023-05-26T16:14:26+00:00\",\"breadcrumb\":{\"@id\":\"https:\\\/\\\/cvinoticias.com\\\/v3\\\/fuerte-reivindicacion-de-los-intereses-misioneros-por-parte-de-la-iglesia\\\/#breadcrumb\"},\"inLanguage\":\"es\",\"potentialAction\":[{\"@type\":\"ReadAction\",\"target\":[\"https:\\\/\\\/cvinoticias.com\\\/v3\\\/fuerte-reivindicacion-de-los-intereses-misioneros-por-parte-de-la-iglesia\\\/\"]}]},{\"@type\":\"ImageObject\",\"inLanguage\":\"es\",\"@id\":\"https:\\\/\\\/cvinoticias.com\\\/v3\\\/fuerte-reivindicacion-de-los-intereses-misioneros-por-parte-de-la-iglesia\\\/#primaryimage\",\"url\":\"https:\\\/\\\/cvinoticias.com\\\/wp-content\\\/uploads\\\/2023\\\/05\\\/IMG-20230526-WA0080.jpg\",\"contentUrl\":\"https:\\\/\\\/cvinoticias.com\\\/wp-content\\\/uploads\\\/2023\\\/05\\\/IMG-20230526-WA0080.jpg\",\"width\":1024,\"height\":683},{\"@type\":\"BreadcrumbList\",\"@id\":\"https:\\\/\\\/cvinoticias.com\\\/v3\\\/fuerte-reivindicacion-de-los-intereses-misioneros-por-parte-de-la-iglesia\\\/#breadcrumb\",\"itemListElement\":[{\"@type\":\"ListItem\",\"position\":1,\"name\":\"Portada\",\"item\":\"https:\\\/\\\/cvinoticias.com\\\/v3\\\/\"},{\"@type\":\"ListItem\",\"position\":2,\"name\":\"Fuerte reivindicaci\u00f3n de los intereses misioneros por parte de la Iglesia\"}]},{\"@type\":\"WebSite\",\"@id\":\"https:\\\/\\\/cvinoticias.com\\\/v3\\\/#website\",\"url\":\"https:\\\/\\\/cvinoticias.com\\\/v3\\\/\",\"name\":\"CVI NOTICIAS\",\"description\":\"\",\"publisher\":{\"@id\":\"https:\\\/\\\/cvinoticias.com\\\/v3\\\/#organization\"},\"alternateName\":\"CVI\",\"potentialAction\":[{\"@type\":\"SearchAction\",\"target\":{\"@type\":\"EntryPoint\",\"urlTemplate\":\"https:\\\/\\\/cvinoticias.com\\\/v3\\\/?s={search_term_string}\"},\"query-input\":{\"@type\":\"PropertyValueSpecification\",\"valueRequired\":true,\"valueName\":\"search_term_string\"}}],\"inLanguage\":\"es\"},{\"@type\":\"Organization\",\"@id\":\"https:\\\/\\\/cvinoticias.com\\\/v3\\\/#organization\",\"name\":\"CVI NOTICIAS\",\"url\":\"https:\\\/\\\/cvinoticias.com\\\/v3\\\/\",\"logo\":{\"@type\":\"ImageObject\",\"inLanguage\":\"es\",\"@id\":\"https:\\\/\\\/cvinoticias.com\\\/v3\\\/#\\\/schema\\\/logo\\\/image\\\/\",\"url\":\"https:\\\/\\\/cvinoticias.com\\\/wp-content\\\/uploads\\\/2023\\\/04\\\/cropped-cropped-cropped-cropped-cropped-3-1.png\",\"contentUrl\":\"https:\\\/\\\/cvinoticias.com\\\/wp-content\\\/uploads\\\/2023\\\/04\\\/cropped-cropped-cropped-cropped-cropped-3-1.png\",\"width\":95,\"height\":122,\"caption\":\"CVI NOTICIAS\"},\"image\":{\"@id\":\"https:\\\/\\\/cvinoticias.com\\\/v3\\\/#\\\/schema\\\/logo\\\/image\\\/\"},\"sameAs\":[\"https:\\\/\\\/www.facebook.com\\\/cvinoticias\",\"https:\\\/\\\/www.instagram.com\\\/cvinoticias\\\/\",\"https:\\\/\\\/www.youtube.com\\\/@CVINOTICIAS\"]},{\"@type\":\"Person\",\"@id\":\"https:\\\/\\\/cvinoticias.com\\\/v3\\\/#\\\/schema\\\/person\\\/2db77e3c6bc03c538495d7b2b8be9b66\",\"name\":\"f1000024\",\"image\":{\"@type\":\"ImageObject\",\"inLanguage\":\"es\",\"@id\":\"https:\\\/\\\/secure.gravatar.com\\\/avatar\\\/d4fe7459cfc51ff5129ce1a732bbef5928568b8092d412ef95611616376bbeed?s=96&d=mm&r=g\",\"url\":\"https:\\\/\\\/secure.gravatar.com\\\/avatar\\\/d4fe7459cfc51ff5129ce1a732bbef5928568b8092d412ef95611616376bbeed?s=96&d=mm&r=g\",\"contentUrl\":\"https:\\\/\\\/secure.gravatar.com\\\/avatar\\\/d4fe7459cfc51ff5129ce1a732bbef5928568b8092d412ef95611616376bbeed?s=96&d=mm&r=g\",\"caption\":\"f1000024\"},\"url\":\"https:\\\/\\\/cvinoticias.com\\\/v3\\\/author\\\/f1000024\\\/\"}]}<\/script>\n<!-- \/ Yoast SEO plugin. -->","yoast_head_json":{"title":"Fuerte reivindicaci\u00f3n de los intereses misioneros por parte de la Iglesia | CVI NOTICIAS","robots":{"index":"index","follow":"follow","max-snippet":"max-snippet:-1","max-image-preview":"max-image-preview:large","max-video-preview":"max-video-preview:-1"},"canonical":"https:\/\/cvinoticias.com\/v3\/fuerte-reivindicacion-de-los-intereses-misioneros-por-parte-de-la-iglesia\/","og_locale":"es_ES","og_type":"article","og_title":"Fuerte reivindicaci\u00f3n de los intereses misioneros por parte de la Iglesia | CVI NOTICIAS","og_description":"En el marco del Te Deum por la celebraci\u00f3n del 25 de mayo, Nicol\u00e1s Baisi (Obispo de la Di\u00f3cesis de Iguaz\u00fa) realiz\u00f3 una encendida defensa del federalismo al cuestionar la relaci\u00f3n de Naci\u00f3n con las provincias y particularmente el destrato hist\u00f3rico que ha tenido para con Misiones. Este jueves 25 de mayo el Obispo de [&hellip;]","og_url":"https:\/\/cvinoticias.com\/v3\/fuerte-reivindicacion-de-los-intereses-misioneros-por-parte-de-la-iglesia\/","og_site_name":"CVI NOTICIAS","article_publisher":"https:\/\/www.facebook.com\/cvinoticias","article_published_time":"2023-05-26T16:12:51+00:00","article_modified_time":"2023-05-26T16:14:26+00:00","og_image":[{"width":1024,"height":683,"url":"https:\/\/cvinoticias.com\/wp-content\/uploads\/2023\/05\/IMG-20230526-WA0080.jpg","type":"image\/jpeg"}],"author":"f1000024","twitter_card":"summary_large_image","twitter_misc":{"Escrito por":"f1000024","Tiempo de lectura":"2 minutos"},"schema":{"@context":"https:\/\/schema.org","@graph":[{"@type":"Article","@id":"https:\/\/cvinoticias.com\/v3\/fuerte-reivindicacion-de-los-intereses-misioneros-por-parte-de-la-iglesia\/#article","isPartOf":{"@id":"https:\/\/cvinoticias.com\/v3\/fuerte-reivindicacion-de-los-intereses-misioneros-por-parte-de-la-iglesia\/"},"author":{"name":"f1000024","@id":"https:\/\/cvinoticias.com\/v3\/#\/schema\/person\/2db77e3c6bc03c538495d7b2b8be9b66"},"headline":"Fuerte reivindicaci\u00f3n de los intereses misioneros por parte de la Iglesia","datePublished":"2023-05-26T16:12:51+00:00","dateModified":"2023-05-26T16:14:26+00:00","mainEntityOfPage":{"@id":"https:\/\/cvinoticias.com\/v3\/fuerte-reivindicacion-de-los-intereses-misioneros-por-parte-de-la-iglesia\/"},"wordCount":511,"commentCount":0,"publisher":{"@id":"https:\/\/cvinoticias.com\/v3\/#organization"},"image":{"@id":"https:\/\/cvinoticias.com\/v3\/fuerte-reivindicacion-de-los-intereses-misioneros-por-parte-de-la-iglesia\/#primaryimage"},"thumbnailUrl":"https:\/\/cvinoticias.com\/wp-content\/uploads\/2023\/05\/IMG-20230526-WA0080.jpg","articleSection":["Provinciales"],"inLanguage":"es","potentialAction":[{"@type":"CommentAction","name":"Comment","target":["https:\/\/cvinoticias.com\/v3\/fuerte-reivindicacion-de-los-intereses-misioneros-por-parte-de-la-iglesia\/#respond"]}]},{"@type":"WebPage","@id":"https:\/\/cvinoticias.com\/v3\/fuerte-reivindicacion-de-los-intereses-misioneros-por-parte-de-la-iglesia\/","url":"https:\/\/cvinoticias.com\/v3\/fuerte-reivindicacion-de-los-intereses-misioneros-por-parte-de-la-iglesia\/","name":"Fuerte reivindicaci\u00f3n de los intereses misioneros por parte de la Iglesia | CVI NOTICIAS","isPartOf":{"@id":"https:\/\/cvinoticias.com\/v3\/#website"},"primaryImageOfPage":{"@id":"https:\/\/cvinoticias.com\/v3\/fuerte-reivindicacion-de-los-intereses-misioneros-por-parte-de-la-iglesia\/#primaryimage"},"image":{"@id":"https:\/\/cvinoticias.com\/v3\/fuerte-reivindicacion-de-los-intereses-misioneros-por-parte-de-la-iglesia\/#primaryimage"},"thumbnailUrl":"https:\/\/cvinoticias.com\/wp-content\/uploads\/2023\/05\/IMG-20230526-WA0080.jpg","datePublished":"2023-05-26T16:12:51+00:00","dateModified":"2023-05-26T16:14:26+00:00","breadcrumb":{"@id":"https:\/\/cvinoticias.com\/v3\/fuerte-reivindicacion-de-los-intereses-misioneros-por-parte-de-la-iglesia\/#breadcrumb"},"inLanguage":"es","potentialAction":[{"@type":"ReadAction","target":["https:\/\/cvinoticias.com\/v3\/fuerte-reivindicacion-de-los-intereses-misioneros-por-parte-de-la-iglesia\/"]}]},{"@type":"ImageObject","inLanguage":"es","@id":"https:\/\/cvinoticias.com\/v3\/fuerte-reivindicacion-de-los-intereses-misioneros-por-parte-de-la-iglesia\/#primaryimage","url":"https:\/\/cvinoticias.com\/wp-content\/uploads\/2023\/05\/IMG-20230526-WA0080.jpg","contentUrl":"https:\/\/cvinoticias.com\/wp-content\/uploads\/2023\/05\/IMG-20230526-WA0080.jpg","width":1024,"height":683},{"@type":"BreadcrumbList","@id":"https:\/\/cvinoticias.com\/v3\/fuerte-reivindicacion-de-los-intereses-misioneros-por-parte-de-la-iglesia\/#breadcrumb","itemListElement":[{"@type":"ListItem","position":1,"name":"Portada","item":"https:\/\/cvinoticias.com\/v3\/"},{"@type":"ListItem","position":2,"name":"Fuerte reivindicaci\u00f3n de los intereses misioneros por parte de la Iglesia"}]},{"@type":"WebSite","@id":"https:\/\/cvinoticias.com\/v3\/#website","url":"https:\/\/cvinoticias.com\/v3\/","name":"CVI NOTICIAS","description":"","publisher":{"@id":"https:\/\/cvinoticias.com\/v3\/#organization"},"alternateName":"CVI","potentialAction":[{"@type":"SearchAction","target":{"@type":"EntryPoint","urlTemplate":"https:\/\/cvinoticias.com\/v3\/?s={search_term_string}"},"query-input":{"@type":"PropertyValueSpecification","valueRequired":true,"valueName":"search_term_string"}}],"inLanguage":"es"},{"@type":"Organization","@id":"https:\/\/cvinoticias.com\/v3\/#organization","name":"CVI NOTICIAS","url":"https:\/\/cvinoticias.com\/v3\/","logo":{"@type":"ImageObject","inLanguage":"es","@id":"https:\/\/cvinoticias.com\/v3\/#\/schema\/logo\/image\/","url":"https:\/\/cvinoticias.com\/wp-content\/uploads\/2023\/04\/cropped-cropped-cropped-cropped-cropped-3-1.png","contentUrl":"https:\/\/cvinoticias.com\/wp-content\/uploads\/2023\/04\/cropped-cropped-cropped-cropped-cropped-3-1.png","width":95,"height":122,"caption":"CVI NOTICIAS"},"image":{"@id":"https:\/\/cvinoticias.com\/v3\/#\/schema\/logo\/image\/"},"sameAs":["https:\/\/www.facebook.com\/cvinoticias","https:\/\/www.instagram.com\/cvinoticias\/","https:\/\/www.youtube.com\/@CVINOTICIAS"]},{"@type":"Person","@id":"https:\/\/cvinoticias.com\/v3\/#\/schema\/person\/2db77e3c6bc03c538495d7b2b8be9b66","name":"f1000024","image":{"@type":"ImageObject","inLanguage":"es","@id":"https:\/\/secure.gravatar.com\/avatar\/d4fe7459cfc51ff5129ce1a732bbef5928568b8092d412ef95611616376bbeed?s=96&d=mm&r=g","url":"https:\/\/secure.gravatar.com\/avatar\/d4fe7459cfc51ff5129ce1a732bbef5928568b8092d412ef95611616376bbeed?s=96&d=mm&r=g","contentUrl":"https:\/\/secure.gravatar.com\/avatar\/d4fe7459cfc51ff5129ce1a732bbef5928568b8092d412ef95611616376bbeed?s=96&d=mm&r=g","caption":"f1000024"},"url":"https:\/\/cvinoticias.com\/v3\/author\/f1000024\/"}]}},"_links":{"self":[{"href":"https:\/\/cvinoticias.com\/v3\/wp-json\/wp\/v2\/posts\/25061","targetHints":{"allow":["GET"]}}],"collection":[{"href":"https:\/\/cvinoticias.com\/v3\/wp-json\/wp\/v2\/posts"}],"about":[{"href":"https:\/\/cvinoticias.com\/v3\/wp-json\/wp\/v2\/types\/post"}],"author":[{"embeddable":true,"href":"https:\/\/cvinoticias.com\/v3\/wp-json\/wp\/v2\/users\/2"}],"replies":[{"embeddable":true,"href":"https:\/\/cvinoticias.com\/v3\/wp-json\/wp\/v2\/comments?post=25061"}],"version-history":[{"count":2,"href":"https:\/\/cvinoticias.com\/v3\/wp-json\/wp\/v2\/posts\/25061\/revisions"}],"predecessor-version":[{"id":25064,"href":"https:\/\/cvinoticias.com\/v3\/wp-json\/wp\/v2\/posts\/25061\/revisions\/25064"}],"wp:featuredmedia":[{"embeddable":true,"href":"https:\/\/cvinoticias.com\/v3\/wp-json\/wp\/v2\/media\/25062"}],"wp:attachment":[{"href":"https:\/\/cvinoticias.com\/v3\/wp-json\/wp\/v2\/media?parent=25061"}],"wp:term":[{"taxonomy":"category","embeddable":true,"href":"https:\/\/cvinoticias.com\/v3\/wp-json\/wp\/v2\/categories?post=25061"},{"taxonomy":"post_tag","embeddable":true,"href":"https:\/\/cvinoticias.com\/v3\/wp-json\/wp\/v2\/tags?post=25061"}],"curies":[{"name":"wp","href":"https:\/\/api.w.org\/{rel}","templated":true}]}}