{"id":25058,"date":"2023-05-26T13:22:58","date_gmt":"2023-05-26T13:22:58","guid":{"rendered":"https:\/\/cvinoticias.com\/v3\/?p=25058"},"modified":"2023-05-26T13:22:58","modified_gmt":"2023-05-26T13:22:58","slug":"sin-definiciones-politicas-hablo-cristina-en-plaza-de-mayo","status":"publish","type":"post","link":"https:\/\/cvinoticias.com\/v3\/sin-definiciones-politicas-hablo-cristina-en-plaza-de-mayo\/","title":{"rendered":"Sin definiciones pol\u00edticas, habl\u00f3 Cristina en Plaza de Mayo"},"content":{"rendered":"\n<p><strong><em>\u00abYo soy del pueblo y de ah\u00ed no me muevo\u00bb.<\/em><\/strong><\/p>\n\n\n\n<p>Cristina Kirchner, presente en Plaza de Mayo este jueves 25 en un acto conmemorativo por los 20 a\u00f1os del d\u00eda en que N\u00e9stor Kirchner asumi\u00f3 como Presidente de la Naci\u00f3n, reivindic\u00f3 su gesti\u00f3n ante miles y miles de militantes. Adem\u00e1s, habl\u00f3 nuevamente del FMI y critic\u00f3 a Mauricio Macri, una vez m\u00e1s. Sin la presencia del presidente, Alberto Fern\u00e1ndez, estuvo acompa\u00f1ada por M\u00e1ximo y Alicia Kirchner, Axel Kicillof, Wado De Pedro y Sergio Massa.<\/p>\n\n\n\n<p>El acto en Plaza de Mayo se adelant\u00f3 aproximadamente media hora, por la lluvia en la Ciudad de Buenos Aires. Frente a gran cantidad de militantes y en medio de cantos, Cristina Kirchner hizo hincapi\u00e9 en la actual gesti\u00f3n y expres\u00f3: \u00abTodos saben las diferencias que he tenido y que tengo y que no es necesario explicitarlas. Lo dije un 20 de diciembre en La Plata, despu\u00e9s de la pandemia hubo crecimiento. Pero ojo, les dije &#8216;cuiden los precios de la econom\u00eda porque el crecimiento se lo van a llevar cuatro vivos&#8217; y pas\u00f3 que se lo est\u00e1n llevando cuatro vivos porque la Argentina volvi\u00f3 a crecer\u00bb. Sin embargo, sostuvo: \u00abA pesar de los errores, este Gobierno es infinitamente mejor que un segundo gobierno de Macri, no tengo dudas\u00bb.<\/p>\n\n\n\n<p>\u00abTenes en tus manos el voto, cada dos a\u00f1os se ejerce. Tenemos que repensar el dise\u00f1o institucional argentino. No podemos designar a personas de por vida y que nunca m\u00e1s declaran rindan cuentas. No se saben sus declaraciones juradas, no se sabe donde viven ni que tienen. Eso no es de rep\u00fablica ni de democracia\u00bb, enfatiz\u00f3. Y, en relaci\u00f3n al poder judicial, dijo: \u00abEs necesario volver a darle al pa\u00eds un poder judicial que se ha evaporado entre tramoyas de una camarilla indigna para la historia de la Argentina\u00bb, \u00abAquella Corte a la que N\u00e9stor pidi\u00f3 formalmente se le hiciera juicio pol\u00edtico, al lado de este mamarracho que tenemos hoy e indigno, nunca se escucharon y vieron las cosas que se saben y que nos enter\u00e1mos todos los d\u00edas. Por favor, los argentinos se merecen tener una Corte Suprema de Justicia que sea llamada como tal sin ponerse colorado\u00bb, insisti\u00f3.<\/p>\n\n\n\n<p>\u00abHay que volver a renovar ese pacto. Cuando escucho que hay que acabar con el kirchnerismo, con ganarnos alcanza, \u00bfpor qu\u00e9 llegar al exterminio del otro?. Se los digo como parte de una generaci\u00f3n que fue devorada por la violencia. No puede haber un argentino de bien que no se oponga a esas pr\u00e1cticas horribles\u00bb, remarc\u00f3. \u00abMuchas veces hay que ponerle carita fea a los que tienen mucho y no se trata de confrontar.\u00bfPor qu\u00e9 se creen que me odian, me prosciben y me persiguen? Por eso, porque no fui de ellos ni lo voy a hacer. Hagan lo que hagan, me quieran matar, meter preso. Nunca voy a ser de ellos, yo soy del pueblo y de ah\u00ed no me muevo\u00bb, afirm\u00f3 la vicepresidenta.<\/p>\n","protected":false},"excerpt":{"rendered":"<p>\u00abYo soy del pueblo y de ah\u00ed no me muevo\u00bb. Cristina Kirchner, presente en Plaza de Mayo este jueves 25 en un acto conmemorativo por los 20 a\u00f1os del d\u00eda en que N\u00e9stor Kirchner asumi\u00f3 como Presidente de la Naci\u00f3n, reivindic\u00f3 su gesti\u00f3n ante miles y miles de militantes. Adem\u00e1s, habl\u00f3 nuevamente del FMI y [&hellip;]<\/p>\n","protected":false},"author":2,"featured_media":25059,"comment_status":"open","ping_status":"open","sticky":false,"template":"","format":"standard","meta":{"footnotes":""},"categories":[42],"tags":[],"class_list":["post-25058","post","type-post","status-publish","format-standard","has-post-thumbnail","hentry","category-politica"],"yoast_head":"<!-- This site is optimized with the Yoast SEO plugin v27.5 - https:\/\/yoast.com\/product\/yoast-seo-wordpress\/ -->\n<title>Sin definiciones pol\u00edticas, habl\u00f3 Cristina en Plaza de Mayo | CVI NOTICIAS<\/title>\n<meta name=\"robots\" content=\"index, follow, max-snippet:-1, max-image-preview:large, max-video-preview:-1\" \/>\n<link rel=\"canonical\" href=\"https:\/\/cvinoticias.com\/v3\/sin-definiciones-politicas-hablo-cristina-en-plaza-de-mayo\/\" \/>\n<meta property=\"og:locale\" content=\"es_ES\" \/>\n<meta property=\"og:type\" content=\"article\" \/>\n<meta property=\"og:title\" content=\"Sin definiciones pol\u00edticas, habl\u00f3 Cristina en Plaza de Mayo | CVI NOTICIAS\" \/>\n<meta property=\"og:description\" content=\"\u00abYo soy del pueblo y de ah\u00ed no me muevo\u00bb. Cristina Kirchner, presente en Plaza de Mayo este jueves 25 en un acto conmemorativo por los 20 a\u00f1os del d\u00eda en que N\u00e9stor Kirchner asumi\u00f3 como Presidente de la Naci\u00f3n, reivindic\u00f3 su gesti\u00f3n ante miles y miles de militantes. Adem\u00e1s, habl\u00f3 nuevamente del FMI y [&hellip;]\" \/>\n<meta property=\"og:url\" content=\"https:\/\/cvinoticias.com\/v3\/sin-definiciones-politicas-hablo-cristina-en-plaza-de-mayo\/\" \/>\n<meta property=\"og:site_name\" content=\"CVI NOTICIAS\" \/>\n<meta property=\"article:publisher\" content=\"https:\/\/www.facebook.com\/cvinoticias\" \/>\n<meta property=\"article:published_time\" content=\"2023-05-26T13:22:58+00:00\" \/>\n<meta property=\"og:image\" content=\"https:\/\/cvinoticias.com\/wp-content\/uploads\/2023\/05\/f608x342-138953_168676_0.jpg\" \/>\n\t<meta property=\"og:image:width\" content=\"608\" \/>\n\t<meta property=\"og:image:height\" content=\"342\" \/>\n\t<meta property=\"og:image:type\" content=\"image\/jpeg\" \/>\n<meta name=\"author\" content=\"f1000024\" \/>\n<meta name=\"twitter:card\" content=\"summary_large_image\" \/>\n<meta name=\"twitter:label1\" content=\"Escrito por\" \/>\n\t<meta name=\"twitter:data1\" content=\"f1000024\" \/>\n\t<meta name=\"twitter:label2\" content=\"Tiempo de lectura\" \/>\n\t<meta name=\"twitter:data2\" content=\"3 minutos\" \/>\n<script type=\"application\/ld+json\" class=\"yoast-schema-graph\">{\"@context\":\"https:\\\/\\\/schema.org\",\"@graph\":[{\"@type\":\"Article\",\"@id\":\"https:\\\/\\\/cvinoticias.com\\\/v3\\\/sin-definiciones-politicas-hablo-cristina-en-plaza-de-mayo\\\/#article\",\"isPartOf\":{\"@id\":\"https:\\\/\\\/cvinoticias.com\\\/v3\\\/sin-definiciones-politicas-hablo-cristina-en-plaza-de-mayo\\\/\"},\"author\":{\"name\":\"f1000024\",\"@id\":\"https:\\\/\\\/cvinoticias.com\\\/v3\\\/#\\\/schema\\\/person\\\/2db77e3c6bc03c538495d7b2b8be9b66\"},\"headline\":\"Sin definiciones pol\u00edticas, habl\u00f3 Cristina en Plaza de Mayo\",\"datePublished\":\"2023-05-26T13:22:58+00:00\",\"mainEntityOfPage\":{\"@id\":\"https:\\\/\\\/cvinoticias.com\\\/v3\\\/sin-definiciones-politicas-hablo-cristina-en-plaza-de-mayo\\\/\"},\"wordCount\":522,\"commentCount\":0,\"publisher\":{\"@id\":\"https:\\\/\\\/cvinoticias.com\\\/v3\\\/#organization\"},\"image\":{\"@id\":\"https:\\\/\\\/cvinoticias.com\\\/v3\\\/sin-definiciones-politicas-hablo-cristina-en-plaza-de-mayo\\\/#primaryimage\"},\"thumbnailUrl\":\"https:\\\/\\\/cvinoticias.com\\\/wp-content\\\/uploads\\\/2023\\\/05\\\/f608x342-138953_168676_0.jpg\",\"articleSection\":[\"Politica\"],\"inLanguage\":\"es\",\"potentialAction\":[{\"@type\":\"CommentAction\",\"name\":\"Comment\",\"target\":[\"https:\\\/\\\/cvinoticias.com\\\/v3\\\/sin-definiciones-politicas-hablo-cristina-en-plaza-de-mayo\\\/#respond\"]}]},{\"@type\":\"WebPage\",\"@id\":\"https:\\\/\\\/cvinoticias.com\\\/v3\\\/sin-definiciones-politicas-hablo-cristina-en-plaza-de-mayo\\\/\",\"url\":\"https:\\\/\\\/cvinoticias.com\\\/v3\\\/sin-definiciones-politicas-hablo-cristina-en-plaza-de-mayo\\\/\",\"name\":\"Sin definiciones pol\u00edticas, habl\u00f3 Cristina en Plaza de Mayo | CVI NOTICIAS\",\"isPartOf\":{\"@id\":\"https:\\\/\\\/cvinoticias.com\\\/v3\\\/#website\"},\"primaryImageOfPage\":{\"@id\":\"https:\\\/\\\/cvinoticias.com\\\/v3\\\/sin-definiciones-politicas-hablo-cristina-en-plaza-de-mayo\\\/#primaryimage\"},\"image\":{\"@id\":\"https:\\\/\\\/cvinoticias.com\\\/v3\\\/sin-definiciones-politicas-hablo-cristina-en-plaza-de-mayo\\\/#primaryimage\"},\"thumbnailUrl\":\"https:\\\/\\\/cvinoticias.com\\\/wp-content\\\/uploads\\\/2023\\\/05\\\/f608x342-138953_168676_0.jpg\",\"datePublished\":\"2023-05-26T13:22:58+00:00\",\"breadcrumb\":{\"@id\":\"https:\\\/\\\/cvinoticias.com\\\/v3\\\/sin-definiciones-politicas-hablo-cristina-en-plaza-de-mayo\\\/#breadcrumb\"},\"inLanguage\":\"es\",\"potentialAction\":[{\"@type\":\"ReadAction\",\"target\":[\"https:\\\/\\\/cvinoticias.com\\\/v3\\\/sin-definiciones-politicas-hablo-cristina-en-plaza-de-mayo\\\/\"]}]},{\"@type\":\"ImageObject\",\"inLanguage\":\"es\",\"@id\":\"https:\\\/\\\/cvinoticias.com\\\/v3\\\/sin-definiciones-politicas-hablo-cristina-en-plaza-de-mayo\\\/#primaryimage\",\"url\":\"https:\\\/\\\/cvinoticias.com\\\/wp-content\\\/uploads\\\/2023\\\/05\\\/f608x342-138953_168676_0.jpg\",\"contentUrl\":\"https:\\\/\\\/cvinoticias.com\\\/wp-content\\\/uploads\\\/2023\\\/05\\\/f608x342-138953_168676_0.jpg\",\"width\":608,\"height\":342},{\"@type\":\"BreadcrumbList\",\"@id\":\"https:\\\/\\\/cvinoticias.com\\\/v3\\\/sin-definiciones-politicas-hablo-cristina-en-plaza-de-mayo\\\/#breadcrumb\",\"itemListElement\":[{\"@type\":\"ListItem\",\"position\":1,\"name\":\"Portada\",\"item\":\"https:\\\/\\\/cvinoticias.com\\\/v3\\\/\"},{\"@type\":\"ListItem\",\"position\":2,\"name\":\"Sin definiciones pol\u00edticas, habl\u00f3 Cristina en Plaza de Mayo\"}]},{\"@type\":\"WebSite\",\"@id\":\"https:\\\/\\\/cvinoticias.com\\\/v3\\\/#website\",\"url\":\"https:\\\/\\\/cvinoticias.com\\\/v3\\\/\",\"name\":\"CVI NOTICIAS\",\"description\":\"\",\"publisher\":{\"@id\":\"https:\\\/\\\/cvinoticias.com\\\/v3\\\/#organization\"},\"alternateName\":\"CVI\",\"potentialAction\":[{\"@type\":\"SearchAction\",\"target\":{\"@type\":\"EntryPoint\",\"urlTemplate\":\"https:\\\/\\\/cvinoticias.com\\\/v3\\\/?s={search_term_string}\"},\"query-input\":{\"@type\":\"PropertyValueSpecification\",\"valueRequired\":true,\"valueName\":\"search_term_string\"}}],\"inLanguage\":\"es\"},{\"@type\":\"Organization\",\"@id\":\"https:\\\/\\\/cvinoticias.com\\\/v3\\\/#organization\",\"name\":\"CVI NOTICIAS\",\"url\":\"https:\\\/\\\/cvinoticias.com\\\/v3\\\/\",\"logo\":{\"@type\":\"ImageObject\",\"inLanguage\":\"es\",\"@id\":\"https:\\\/\\\/cvinoticias.com\\\/v3\\\/#\\\/schema\\\/logo\\\/image\\\/\",\"url\":\"https:\\\/\\\/cvinoticias.com\\\/wp-content\\\/uploads\\\/2023\\\/04\\\/cropped-cropped-cropped-cropped-cropped-3-1.png\",\"contentUrl\":\"https:\\\/\\\/cvinoticias.com\\\/wp-content\\\/uploads\\\/2023\\\/04\\\/cropped-cropped-cropped-cropped-cropped-3-1.png\",\"width\":95,\"height\":122,\"caption\":\"CVI NOTICIAS\"},\"image\":{\"@id\":\"https:\\\/\\\/cvinoticias.com\\\/v3\\\/#\\\/schema\\\/logo\\\/image\\\/\"},\"sameAs\":[\"https:\\\/\\\/www.facebook.com\\\/cvinoticias\",\"https:\\\/\\\/www.instagram.com\\\/cvinoticias\\\/\",\"https:\\\/\\\/www.youtube.com\\\/@CVINOTICIAS\"]},{\"@type\":\"Person\",\"@id\":\"https:\\\/\\\/cvinoticias.com\\\/v3\\\/#\\\/schema\\\/person\\\/2db77e3c6bc03c538495d7b2b8be9b66\",\"name\":\"f1000024\",\"image\":{\"@type\":\"ImageObject\",\"inLanguage\":\"es\",\"@id\":\"https:\\\/\\\/secure.gravatar.com\\\/avatar\\\/d4fe7459cfc51ff5129ce1a732bbef5928568b8092d412ef95611616376bbeed?s=96&d=mm&r=g\",\"url\":\"https:\\\/\\\/secure.gravatar.com\\\/avatar\\\/d4fe7459cfc51ff5129ce1a732bbef5928568b8092d412ef95611616376bbeed?s=96&d=mm&r=g\",\"contentUrl\":\"https:\\\/\\\/secure.gravatar.com\\\/avatar\\\/d4fe7459cfc51ff5129ce1a732bbef5928568b8092d412ef95611616376bbeed?s=96&d=mm&r=g\",\"caption\":\"f1000024\"},\"url\":\"https:\\\/\\\/cvinoticias.com\\\/v3\\\/author\\\/f1000024\\\/\"}]}<\/script>\n<!-- \/ Yoast SEO plugin. -->","yoast_head_json":{"title":"Sin definiciones pol\u00edticas, habl\u00f3 Cristina en Plaza de Mayo | CVI NOTICIAS","robots":{"index":"index","follow":"follow","max-snippet":"max-snippet:-1","max-image-preview":"max-image-preview:large","max-video-preview":"max-video-preview:-1"},"canonical":"https:\/\/cvinoticias.com\/v3\/sin-definiciones-politicas-hablo-cristina-en-plaza-de-mayo\/","og_locale":"es_ES","og_type":"article","og_title":"Sin definiciones pol\u00edticas, habl\u00f3 Cristina en Plaza de Mayo | CVI NOTICIAS","og_description":"\u00abYo soy del pueblo y de ah\u00ed no me muevo\u00bb. Cristina Kirchner, presente en Plaza de Mayo este jueves 25 en un acto conmemorativo por los 20 a\u00f1os del d\u00eda en que N\u00e9stor Kirchner asumi\u00f3 como Presidente de la Naci\u00f3n, reivindic\u00f3 su gesti\u00f3n ante miles y miles de militantes. Adem\u00e1s, habl\u00f3 nuevamente del FMI y [&hellip;]","og_url":"https:\/\/cvinoticias.com\/v3\/sin-definiciones-politicas-hablo-cristina-en-plaza-de-mayo\/","og_site_name":"CVI NOTICIAS","article_publisher":"https:\/\/www.facebook.com\/cvinoticias","article_published_time":"2023-05-26T13:22:58+00:00","og_image":[{"width":608,"height":342,"url":"https:\/\/cvinoticias.com\/wp-content\/uploads\/2023\/05\/f608x342-138953_168676_0.jpg","type":"image\/jpeg"}],"author":"f1000024","twitter_card":"summary_large_image","twitter_misc":{"Escrito por":"f1000024","Tiempo de lectura":"3 minutos"},"schema":{"@context":"https:\/\/schema.org","@graph":[{"@type":"Article","@id":"https:\/\/cvinoticias.com\/v3\/sin-definiciones-politicas-hablo-cristina-en-plaza-de-mayo\/#article","isPartOf":{"@id":"https:\/\/cvinoticias.com\/v3\/sin-definiciones-politicas-hablo-cristina-en-plaza-de-mayo\/"},"author":{"name":"f1000024","@id":"https:\/\/cvinoticias.com\/v3\/#\/schema\/person\/2db77e3c6bc03c538495d7b2b8be9b66"},"headline":"Sin definiciones pol\u00edticas, habl\u00f3 Cristina en Plaza de Mayo","datePublished":"2023-05-26T13:22:58+00:00","mainEntityOfPage":{"@id":"https:\/\/cvinoticias.com\/v3\/sin-definiciones-politicas-hablo-cristina-en-plaza-de-mayo\/"},"wordCount":522,"commentCount":0,"publisher":{"@id":"https:\/\/cvinoticias.com\/v3\/#organization"},"image":{"@id":"https:\/\/cvinoticias.com\/v3\/sin-definiciones-politicas-hablo-cristina-en-plaza-de-mayo\/#primaryimage"},"thumbnailUrl":"https:\/\/cvinoticias.com\/wp-content\/uploads\/2023\/05\/f608x342-138953_168676_0.jpg","articleSection":["Politica"],"inLanguage":"es","potentialAction":[{"@type":"CommentAction","name":"Comment","target":["https:\/\/cvinoticias.com\/v3\/sin-definiciones-politicas-hablo-cristina-en-plaza-de-mayo\/#respond"]}]},{"@type":"WebPage","@id":"https:\/\/cvinoticias.com\/v3\/sin-definiciones-politicas-hablo-cristina-en-plaza-de-mayo\/","url":"https:\/\/cvinoticias.com\/v3\/sin-definiciones-politicas-hablo-cristina-en-plaza-de-mayo\/","name":"Sin definiciones pol\u00edticas, habl\u00f3 Cristina en Plaza de Mayo | CVI NOTICIAS","isPartOf":{"@id":"https:\/\/cvinoticias.com\/v3\/#website"},"primaryImageOfPage":{"@id":"https:\/\/cvinoticias.com\/v3\/sin-definiciones-politicas-hablo-cristina-en-plaza-de-mayo\/#primaryimage"},"image":{"@id":"https:\/\/cvinoticias.com\/v3\/sin-definiciones-politicas-hablo-cristina-en-plaza-de-mayo\/#primaryimage"},"thumbnailUrl":"https:\/\/cvinoticias.com\/wp-content\/uploads\/2023\/05\/f608x342-138953_168676_0.jpg","datePublished":"2023-05-26T13:22:58+00:00","breadcrumb":{"@id":"https:\/\/cvinoticias.com\/v3\/sin-definiciones-politicas-hablo-cristina-en-plaza-de-mayo\/#breadcrumb"},"inLanguage":"es","potentialAction":[{"@type":"ReadAction","target":["https:\/\/cvinoticias.com\/v3\/sin-definiciones-politicas-hablo-cristina-en-plaza-de-mayo\/"]}]},{"@type":"ImageObject","inLanguage":"es","@id":"https:\/\/cvinoticias.com\/v3\/sin-definiciones-politicas-hablo-cristina-en-plaza-de-mayo\/#primaryimage","url":"https:\/\/cvinoticias.com\/wp-content\/uploads\/2023\/05\/f608x342-138953_168676_0.jpg","contentUrl":"https:\/\/cvinoticias.com\/wp-content\/uploads\/2023\/05\/f608x342-138953_168676_0.jpg","width":608,"height":342},{"@type":"BreadcrumbList","@id":"https:\/\/cvinoticias.com\/v3\/sin-definiciones-politicas-hablo-cristina-en-plaza-de-mayo\/#breadcrumb","itemListElement":[{"@type":"ListItem","position":1,"name":"Portada","item":"https:\/\/cvinoticias.com\/v3\/"},{"@type":"ListItem","position":2,"name":"Sin definiciones pol\u00edticas, habl\u00f3 Cristina en Plaza de Mayo"}]},{"@type":"WebSite","@id":"https:\/\/cvinoticias.com\/v3\/#website","url":"https:\/\/cvinoticias.com\/v3\/","name":"CVI NOTICIAS","description":"","publisher":{"@id":"https:\/\/cvinoticias.com\/v3\/#organization"},"alternateName":"CVI","potentialAction":[{"@type":"SearchAction","target":{"@type":"EntryPoint","urlTemplate":"https:\/\/cvinoticias.com\/v3\/?s={search_term_string}"},"query-input":{"@type":"PropertyValueSpecification","valueRequired":true,"valueName":"search_term_string"}}],"inLanguage":"es"},{"@type":"Organization","@id":"https:\/\/cvinoticias.com\/v3\/#organization","name":"CVI NOTICIAS","url":"https:\/\/cvinoticias.com\/v3\/","logo":{"@type":"ImageObject","inLanguage":"es","@id":"https:\/\/cvinoticias.com\/v3\/#\/schema\/logo\/image\/","url":"https:\/\/cvinoticias.com\/wp-content\/uploads\/2023\/04\/cropped-cropped-cropped-cropped-cropped-3-1.png","contentUrl":"https:\/\/cvinoticias.com\/wp-content\/uploads\/2023\/04\/cropped-cropped-cropped-cropped-cropped-3-1.png","width":95,"height":122,"caption":"CVI NOTICIAS"},"image":{"@id":"https:\/\/cvinoticias.com\/v3\/#\/schema\/logo\/image\/"},"sameAs":["https:\/\/www.facebook.com\/cvinoticias","https:\/\/www.instagram.com\/cvinoticias\/","https:\/\/www.youtube.com\/@CVINOTICIAS"]},{"@type":"Person","@id":"https:\/\/cvinoticias.com\/v3\/#\/schema\/person\/2db77e3c6bc03c538495d7b2b8be9b66","name":"f1000024","image":{"@type":"ImageObject","inLanguage":"es","@id":"https:\/\/secure.gravatar.com\/avatar\/d4fe7459cfc51ff5129ce1a732bbef5928568b8092d412ef95611616376bbeed?s=96&d=mm&r=g","url":"https:\/\/secure.gravatar.com\/avatar\/d4fe7459cfc51ff5129ce1a732bbef5928568b8092d412ef95611616376bbeed?s=96&d=mm&r=g","contentUrl":"https:\/\/secure.gravatar.com\/avatar\/d4fe7459cfc51ff5129ce1a732bbef5928568b8092d412ef95611616376bbeed?s=96&d=mm&r=g","caption":"f1000024"},"url":"https:\/\/cvinoticias.com\/v3\/author\/f1000024\/"}]}},"_links":{"self":[{"href":"https:\/\/cvinoticias.com\/v3\/wp-json\/wp\/v2\/posts\/25058","targetHints":{"allow":["GET"]}}],"collection":[{"href":"https:\/\/cvinoticias.com\/v3\/wp-json\/wp\/v2\/posts"}],"about":[{"href":"https:\/\/cvinoticias.com\/v3\/wp-json\/wp\/v2\/types\/post"}],"author":[{"embeddable":true,"href":"https:\/\/cvinoticias.com\/v3\/wp-json\/wp\/v2\/users\/2"}],"replies":[{"embeddable":true,"href":"https:\/\/cvinoticias.com\/v3\/wp-json\/wp\/v2\/comments?post=25058"}],"version-history":[{"count":1,"href":"https:\/\/cvinoticias.com\/v3\/wp-json\/wp\/v2\/posts\/25058\/revisions"}],"predecessor-version":[{"id":25060,"href":"https:\/\/cvinoticias.com\/v3\/wp-json\/wp\/v2\/posts\/25058\/revisions\/25060"}],"wp:featuredmedia":[{"embeddable":true,"href":"https:\/\/cvinoticias.com\/v3\/wp-json\/wp\/v2\/media\/25059"}],"wp:attachment":[{"href":"https:\/\/cvinoticias.com\/v3\/wp-json\/wp\/v2\/media?parent=25058"}],"wp:term":[{"taxonomy":"category","embeddable":true,"href":"https:\/\/cvinoticias.com\/v3\/wp-json\/wp\/v2\/categories?post=25058"},{"taxonomy":"post_tag","embeddable":true,"href":"https:\/\/cvinoticias.com\/v3\/wp-json\/wp\/v2\/tags?post=25058"}],"curies":[{"name":"wp","href":"https:\/\/api.w.org\/{rel}","templated":true}]}}